{"id":1001,"date":"2013-01-08T14:23:47","date_gmt":"2013-01-08T13:23:47","guid":{"rendered":"http:\/\/arteeluoghi.it\/index.php\/2013\/01\/08\/senso-plurimo-4\/"},"modified":"2013-01-08T14:23:47","modified_gmt":"2013-01-08T13:23:47","slug":"senso-plurimo-4","status":"publish","type":"post","link":"https:\/\/arteeluoghi.it\/index.php\/2013\/01\/08\/senso-plurimo-4\/","title":{"rendered":"SENSO PLURIMO 4"},"content":{"rendered":"<p><img src=\"\/images\/stories\/duenuovi.png\" border=\"0\" width=\"300\" style=\"margin: 21px; float: left;\" \/>Continua la rassegna di arti visive nel box di Koreja. Nuovo appuntamento <em>site specific<\/em> dall&#8217;11 gennaio al 4 febbraio 2013<em><span style=\"font-size: small;\"><strong><br \/><\/strong><\/span><\/em><\/p>\n<p><span style=\"font-size: small;\"><strong>Novellae Realities<\/strong><\/span><strong>di <span style=\"font-size: small;\">Aldo Pezzarossa <span style=\"font-size: x-small;\">e<\/span> Cosimo Pesare<\/span><\/strong><\/p>\n<p style=\"text-align: left;\"><strong>il popolo dei cieli fra istinto e scelta <\/strong><\/p>\n<p style=\"text-align: left;\"><strong>\u00a0<\/strong><\/p>\n<p style=\"text-align: left;\">\u00a0<\/p>\n<p align=\"center\">\u00a0<\/p>\n<p>Secondo appuntamento della stagione con <strong>SENSO PLURIMO 4, <\/strong>la rassegna di arti visive, curata da Marinilde Giannandrea, giornalista, critica. La rassegna \u00e8 un cantiere attivo di arti visive ed espressivit\u00e0 contemporanea che si rinnova nello spazio espositivo progettato da Rune Ricciardelli.<\/p>\n<p>\u00a0<\/p>\n<p>Nel foyer dei Cantieri Teatrali Koreja di Lecce, vernissage <strong>venerd\u00ec <\/strong><strong>11 gennaio ore 18.30<\/strong>per<em> <strong>Novellae Realities<\/strong><\/em> (ingresso libero) il lavoro <em>site specific<\/em> realizzato dai <strong>Duenuovi(<em>Two&amp;New)<\/em><\/strong>, un felice connubio nato nel 2005 dall\u2019incontro di <strong>Aldo Pezzarossa<\/strong> (ex professore di lingue, critico e curatore)\u00a0 e <strong>Cosimo Pesare<\/strong> (graphic designer) .<\/p>\n<p>Esiste una forte probabilit\u00e0 che gli uccelli vogliano diventare umani questo il punto di partenza nella costruzione di un mondo parallelo, quello dei \u201cvolatili pennuti\u201d (come loro stessi amano definirli) che hanno preso piena consapevolezza della decadenza della razza umana e stanno creando, a nostra insaputa, un universo aereo alternativo.<\/p>\n<p>In occasione dell\u2019inaugurazione della mostra, sar\u00e0 possibile assistere alla performance <strong>A passo d&#8217;istinto<\/strong> con gli allievi del laboratorio teatrale di Koreja PRATICA IN CERCA DI TEORIA a cura di Carlo Durante.<\/p>\n<p>  <!--more-->  <\/p>\n<p>[\u2026] Nelle <em>Novellae <\/em>in esposizione, sostiene Marinilde Giannandrea, gli uccelli hanno preso una decisione definitiva, vogliono sostituirsi a noi e, visto che il nostro sistema di segni umani sembra essersi svuotato da qualsiasi contenuto, sono convinti di poterlo sostituire definitivamente. Questa utopia\/certezza si struttura intorno ad un complesso racconto, zeppo di riferimenti artistici e letterari\u00a0 che costruisce il paradosso di una realt\u00e0 altra. E come nel paradosso di Achille e la Tartaruga si finisce con il dubitare di ci\u00f2 che \u00e8 vero e di ci\u00f2 che non lo \u00e8, dunque \u00e8 dentro il linguag<span style=\"font-size: small;\"><strong><img src=\"\/images\/stories\/sedia.jpg\" border=\"0\" width=\"300\" style=\"margin: 21px; float: right;\" \/><\/strong><\/span>gio e nel sistema semantico che si colloca l\u2019operazione del duo di Manduria, in una dimensione in cui i segni alludono in maniera indiziaria ad altri significati.<\/p>\n<p>I segni sono quelli creati dai volatili e si riferiscono, con una buona dose di erudita ironia, alla cultura e alla vita degli umani.\u00a0 In questo senso mai come in questo caso \u201cplurimo\u201d si costruisce una comunicazione paradossale con un continuo ribaltamento di prospettive e punti di vista.\u00a0 Gli uccelli hanno una lingua, un giornale \u201cSperanzino e Persuadone\u201d (la Gazzetta di Nuvollallocchia), pubblicano libri con una loro casa editrice la \u201cNefolot\u00e8 University Press\u201d (omaggio ad Aristofane), scrivono guide su citt\u00e0 ospitali, disquisiscono di gastronomia, organizzano campagne pubblicitarie sui loro prodotti, si muovono in geografie aeree nella piena conoscenza di rotte e correnti.<\/p>\n<p>La produzione artistica \u00e8 articolata e babelica e va oltre le singole classificazioni:\u00a0 \u00e8 fatta di poesia visiva, di ready made, di giochi linguistici, e di libere associazioni, di\u00a0 grafica e\u00a0 di terracotta in omaggio alla vicina Grottaglie. Costruisce un mondo aperto alla comunicazione, luminoso nelle visioni che ci restituisce il sogno leonardesco del volo ma il problema che in questa nuova fase si pone per il popolo dei cieli \u00e8 quello di essere in bilico tra istinto e scelta, in una riflessione\u00a0 che \u00e8 una riflessione sulla identit\u00e0 e sulla diversit\u00e0 in cui prevale ancora una volta, come \u00e8 nelle due corde dei Duenuovi, il paradosso e il nonsense [\u2026]<\/p>\n<p>La mostra sar\u00e0 visitabile fino al\u00a04 febbraio 2013.<\/p>\n<p>(fonte: comunicato stampa)<\/p>\n<hr \/>\n<p style=\"text-align: left;\">11 gennaio 2013 &#8211; 4 febbraio 2013<\/p>\n<p style=\"text-align: right;\"><em>Lecce &#8211; Cantieri Teatrali Koreja<\/em><\/p>\n<p>Ingresso libero<\/p>\n<p>Cantieri Teatrali Koreja, via Guido Dorso, 70<\/p>\n<p>tel. 0832-242000 \/ 240752<\/p>\n<p>e-mail: <a href=\"mailto:info@teatrokoreja.it\">info@teatrokoreja.it<\/a>;\u00a0 <a href=\"http:\/\/www.teatrokoreja.it\/\">www.teatrokoreja.it<\/a>;<\/p>\n","protected":false},"excerpt":{"rendered":"<p>Continua la rassegna di arti visive nel box di Koreja. Nuovo appuntamento site specific dall&#8217;11 gennaio al 4 febbraio 2013<\/p>\n","protected":false},"author":1,"featured_media":0,"comment_status":"open","ping_status":"open","sticky":false,"template":"","format":"standard","meta":[],"categories":[3],"tags":[],"yoast_head":"<!-- This site is optimized with the Yoast SEO plugin v18.0 - https:\/\/yoast.com\/wordpress\/plugins\/seo\/ -->\n<title>SENSO PLURIMO 4 | Arte e Luoghi<\/title>\n<meta name=\"robots\" content=\"index, follow, max-snippet:-1, max-image-preview:large, max-video-preview:-1\" \/>\n<link rel=\"canonical\" href=\"https:\/\/arteeluoghi.it\/index.php\/2013\/01\/08\/senso-plurimo-4\/\" \/>\n<meta property=\"og:locale\" content=\"it_IT\" \/>\n<meta property=\"og:type\" content=\"article\" \/>\n<meta property=\"og:title\" content=\"SENSO PLURIMO 4 | Arte e Luoghi\" \/>\n<meta property=\"og:description\" content=\"Continua la rassegna di arti visive nel box di Koreja. Nuovo appuntamento site specific dall&#8217;11 gennaio al 4 febbraio 2013\" \/>\n<meta property=\"og:url\" content=\"https:\/\/arteeluoghi.it\/index.php\/2013\/01\/08\/senso-plurimo-4\/\" \/>\n<meta property=\"og:site_name\" content=\"Arte e Luoghi\" \/>\n<meta property=\"article:publisher\" content=\"https:\/\/www.facebook.com\/ArteELuoghi\/\" \/>\n<meta property=\"article:published_time\" content=\"2013-01-08T13:23:47+00:00\" \/>\n<meta property=\"og:image\" content=\"https:\/\/arteeluoghi.it\/images\/stories\/duenuovi.png\" \/>\n<meta name=\"twitter:card\" content=\"summary\" \/>\n<meta name=\"twitter:creator\" content=\"@arteeluoghi\" \/>\n<meta name=\"twitter:site\" content=\"@arteeluoghi\" \/>\n<meta name=\"twitter:label1\" content=\"Scritto da\" \/>\n\t<meta name=\"twitter:data1\" content=\"Staff\" \/>\n\t<meta name=\"twitter:label2\" content=\"Tempo di lettura stimato\" \/>\n\t<meta name=\"twitter:data2\" content=\"3 minuti\" \/>\n<script type=\"application\/ld+json\" class=\"yoast-schema-graph\">{\"@context\":\"https:\/\/schema.org\",\"@graph\":[{\"@type\":\"Organization\",\"@id\":\"https:\/\/arteeluoghi.it\/#organization\",\"name\":\"Arte e Luoghi\",\"url\":\"https:\/\/arteeluoghi.it\/\",\"sameAs\":[\"https:\/\/www.facebook.com\/ArteELuoghi\/\",\"https:\/\/www.instagram.com\/arteeluoghi\/?hl=it\",\"https:\/\/www.youtube.com\/channel\/UCuRVc4JW4-C5sg9rQB-srkw?view_as=subscriber\",\"https:\/\/twitter.com\/arteeluoghi\"],\"logo\":{\"@type\":\"ImageObject\",\"@id\":\"https:\/\/arteeluoghi.it\/#logo\",\"inLanguage\":\"it-IT\",\"url\":\"https:\/\/arteeluoghi.it\/wp-content\/uploads\/2018\/08\/logoinstagramarte.jpg\",\"contentUrl\":\"https:\/\/arteeluoghi.it\/wp-content\/uploads\/2018\/08\/logoinstagramarte.jpg\",\"width\":150,\"height\":150,\"caption\":\"Arte e Luoghi\"},\"image\":{\"@id\":\"https:\/\/arteeluoghi.it\/#logo\"}},{\"@type\":\"WebSite\",\"@id\":\"https:\/\/arteeluoghi.it\/#website\",\"url\":\"https:\/\/arteeluoghi.it\/\",\"name\":\"Arte e Luoghi\",\"description\":\"Mensile di arte, cultura, turismo e curiosit\u00e0\",\"publisher\":{\"@id\":\"https:\/\/arteeluoghi.it\/#organization\"},\"potentialAction\":[{\"@type\":\"SearchAction\",\"target\":{\"@type\":\"EntryPoint\",\"urlTemplate\":\"https:\/\/arteeluoghi.it\/?s={search_term_string}\"},\"query-input\":\"required name=search_term_string\"}],\"inLanguage\":\"it-IT\"},{\"@type\":\"ImageObject\",\"@id\":\"https:\/\/arteeluoghi.it\/index.php\/2013\/01\/08\/senso-plurimo-4\/#primaryimage\",\"inLanguage\":\"it-IT\",\"url\":\"\/images\/stories\/duenuovi.png\",\"contentUrl\":\"\/images\/stories\/duenuovi.png\"},{\"@type\":\"WebPage\",\"@id\":\"https:\/\/arteeluoghi.it\/index.php\/2013\/01\/08\/senso-plurimo-4\/#webpage\",\"url\":\"https:\/\/arteeluoghi.it\/index.php\/2013\/01\/08\/senso-plurimo-4\/\",\"name\":\"SENSO PLURIMO 4 | Arte e Luoghi\",\"isPartOf\":{\"@id\":\"https:\/\/arteeluoghi.it\/#website\"},\"primaryImageOfPage\":{\"@id\":\"https:\/\/arteeluoghi.it\/index.php\/2013\/01\/08\/senso-plurimo-4\/#primaryimage\"},\"datePublished\":\"2013-01-08T13:23:47+00:00\",\"dateModified\":\"2013-01-08T13:23:47+00:00\",\"breadcrumb\":{\"@id\":\"https:\/\/arteeluoghi.it\/index.php\/2013\/01\/08\/senso-plurimo-4\/#breadcrumb\"},\"inLanguage\":\"it-IT\",\"potentialAction\":[{\"@type\":\"ReadAction\",\"target\":[\"https:\/\/arteeluoghi.it\/index.php\/2013\/01\/08\/senso-plurimo-4\/\"]}]},{\"@type\":\"BreadcrumbList\",\"@id\":\"https:\/\/arteeluoghi.it\/index.php\/2013\/01\/08\/senso-plurimo-4\/#breadcrumb\",\"itemListElement\":[{\"@type\":\"ListItem\",\"position\":1,\"name\":\"Home\",\"item\":\"https:\/\/arteeluoghi.it\/\"},{\"@type\":\"ListItem\",\"position\":2,\"name\":\"SENSO PLURIMO 4\"}]},{\"@type\":\"Article\",\"@id\":\"https:\/\/arteeluoghi.it\/index.php\/2013\/01\/08\/senso-plurimo-4\/#article\",\"isPartOf\":{\"@id\":\"https:\/\/arteeluoghi.it\/index.php\/2013\/01\/08\/senso-plurimo-4\/#webpage\"},\"author\":{\"@id\":\"https:\/\/arteeluoghi.it\/#\/schema\/person\/f84e814e36e91e01448ee07eaadd41d4\"},\"headline\":\"SENSO PLURIMO 4\",\"datePublished\":\"2013-01-08T13:23:47+00:00\",\"dateModified\":\"2013-01-08T13:23:47+00:00\",\"mainEntityOfPage\":{\"@id\":\"https:\/\/arteeluoghi.it\/index.php\/2013\/01\/08\/senso-plurimo-4\/#webpage\"},\"wordCount\":565,\"commentCount\":0,\"publisher\":{\"@id\":\"https:\/\/arteeluoghi.it\/#organization\"},\"image\":{\"@id\":\"https:\/\/arteeluoghi.it\/index.php\/2013\/01\/08\/senso-plurimo-4\/#primaryimage\"},\"thumbnailUrl\":\"\/images\/stories\/duenuovi.png\",\"articleSection\":[\"Arti visive\"],\"inLanguage\":\"it-IT\",\"potentialAction\":[{\"@type\":\"CommentAction\",\"name\":\"Comment\",\"target\":[\"https:\/\/arteeluoghi.it\/index.php\/2013\/01\/08\/senso-plurimo-4\/#respond\"]}]},{\"@type\":\"Person\",\"@id\":\"https:\/\/arteeluoghi.it\/#\/schema\/person\/f84e814e36e91e01448ee07eaadd41d4\",\"name\":\"Staff\",\"image\":{\"@type\":\"ImageObject\",\"@id\":\"https:\/\/arteeluoghi.it\/#personlogo\",\"inLanguage\":\"it-IT\",\"url\":\"https:\/\/secure.gravatar.com\/avatar\/49d2f9e46271bb04e19cebfaf141313a?s=96&d=blank&r=g\",\"contentUrl\":\"https:\/\/secure.gravatar.com\/avatar\/49d2f9e46271bb04e19cebfaf141313a?s=96&d=blank&r=g\",\"caption\":\"Staff\"}}]}<\/script>\n<!-- \/ Yoast SEO plugin. -->","yoast_head_json":{"title":"SENSO PLURIMO 4 | Arte e Luoghi","robots":{"index":"index","follow":"follow","max-snippet":"max-snippet:-1","max-image-preview":"max-image-preview:large","max-video-preview":"max-video-preview:-1"},"canonical":"https:\/\/arteeluoghi.it\/index.php\/2013\/01\/08\/senso-plurimo-4\/","og_locale":"it_IT","og_type":"article","og_title":"SENSO PLURIMO 4 | Arte e Luoghi","og_description":"Continua la rassegna di arti visive nel box di Koreja. Nuovo appuntamento site specific dall&#8217;11 gennaio al 4 febbraio 2013","og_url":"https:\/\/arteeluoghi.it\/index.php\/2013\/01\/08\/senso-plurimo-4\/","og_site_name":"Arte e Luoghi","article_publisher":"https:\/\/www.facebook.com\/ArteELuoghi\/","article_published_time":"2013-01-08T13:23:47+00:00","og_image":[{"url":"https:\/\/arteeluoghi.it\/images\/stories\/duenuovi.png"}],"twitter_card":"summary","twitter_creator":"@arteeluoghi","twitter_site":"@arteeluoghi","twitter_misc":{"Scritto da":"Staff","Tempo di lettura stimato":"3 minuti"},"schema":{"@context":"https:\/\/schema.org","@graph":[{"@type":"Organization","@id":"https:\/\/arteeluoghi.it\/#organization","name":"Arte e Luoghi","url":"https:\/\/arteeluoghi.it\/","sameAs":["https:\/\/www.facebook.com\/ArteELuoghi\/","https:\/\/www.instagram.com\/arteeluoghi\/?hl=it","https:\/\/www.youtube.com\/channel\/UCuRVc4JW4-C5sg9rQB-srkw?view_as=subscriber","https:\/\/twitter.com\/arteeluoghi"],"logo":{"@type":"ImageObject","@id":"https:\/\/arteeluoghi.it\/#logo","inLanguage":"it-IT","url":"https:\/\/arteeluoghi.it\/wp-content\/uploads\/2018\/08\/logoinstagramarte.jpg","contentUrl":"https:\/\/arteeluoghi.it\/wp-content\/uploads\/2018\/08\/logoinstagramarte.jpg","width":150,"height":150,"caption":"Arte e Luoghi"},"image":{"@id":"https:\/\/arteeluoghi.it\/#logo"}},{"@type":"WebSite","@id":"https:\/\/arteeluoghi.it\/#website","url":"https:\/\/arteeluoghi.it\/","name":"Arte e Luoghi","description":"Mensile di arte, cultura, turismo e curiosit\u00e0","publisher":{"@id":"https:\/\/arteeluoghi.it\/#organization"},"potentialAction":[{"@type":"SearchAction","target":{"@type":"EntryPoint","urlTemplate":"https:\/\/arteeluoghi.it\/?s={search_term_string}"},"query-input":"required name=search_term_string"}],"inLanguage":"it-IT"},{"@type":"ImageObject","@id":"https:\/\/arteeluoghi.it\/index.php\/2013\/01\/08\/senso-plurimo-4\/#primaryimage","inLanguage":"it-IT","url":"\/images\/stories\/duenuovi.png","contentUrl":"\/images\/stories\/duenuovi.png"},{"@type":"WebPage","@id":"https:\/\/arteeluoghi.it\/index.php\/2013\/01\/08\/senso-plurimo-4\/#webpage","url":"https:\/\/arteeluoghi.it\/index.php\/2013\/01\/08\/senso-plurimo-4\/","name":"SENSO PLURIMO 4 | Arte e Luoghi","isPartOf":{"@id":"https:\/\/arteeluoghi.it\/#website"},"primaryImageOfPage":{"@id":"https:\/\/arteeluoghi.it\/index.php\/2013\/01\/08\/senso-plurimo-4\/#primaryimage"},"datePublished":"2013-01-08T13:23:47+00:00","dateModified":"2013-01-08T13:23:47+00:00","breadcrumb":{"@id":"https:\/\/arteeluoghi.it\/index.php\/2013\/01\/08\/senso-plurimo-4\/#breadcrumb"},"inLanguage":"it-IT","potentialAction":[{"@type":"ReadAction","target":["https:\/\/arteeluoghi.it\/index.php\/2013\/01\/08\/senso-plurimo-4\/"]}]},{"@type":"BreadcrumbList","@id":"https:\/\/arteeluoghi.it\/index.php\/2013\/01\/08\/senso-plurimo-4\/#breadcrumb","itemListElement":[{"@type":"ListItem","position":1,"name":"Home","item":"https:\/\/arteeluoghi.it\/"},{"@type":"ListItem","position":2,"name":"SENSO PLURIMO 4"}]},{"@type":"Article","@id":"https:\/\/arteeluoghi.it\/index.php\/2013\/01\/08\/senso-plurimo-4\/#article","isPartOf":{"@id":"https:\/\/arteeluoghi.it\/index.php\/2013\/01\/08\/senso-plurimo-4\/#webpage"},"author":{"@id":"https:\/\/arteeluoghi.it\/#\/schema\/person\/f84e814e36e91e01448ee07eaadd41d4"},"headline":"SENSO PLURIMO 4","datePublished":"2013-01-08T13:23:47+00:00","dateModified":"2013-01-08T13:23:47+00:00","mainEntityOfPage":{"@id":"https:\/\/arteeluoghi.it\/index.php\/2013\/01\/08\/senso-plurimo-4\/#webpage"},"wordCount":565,"commentCount":0,"publisher":{"@id":"https:\/\/arteeluoghi.it\/#organization"},"image":{"@id":"https:\/\/arteeluoghi.it\/index.php\/2013\/01\/08\/senso-plurimo-4\/#primaryimage"},"thumbnailUrl":"\/images\/stories\/duenuovi.png","articleSection":["Arti visive"],"inLanguage":"it-IT","potentialAction":[{"@type":"CommentAction","name":"Comment","target":["https:\/\/arteeluoghi.it\/index.php\/2013\/01\/08\/senso-plurimo-4\/#respond"]}]},{"@type":"Person","@id":"https:\/\/arteeluoghi.it\/#\/schema\/person\/f84e814e36e91e01448ee07eaadd41d4","name":"Staff","image":{"@type":"ImageObject","@id":"https:\/\/arteeluoghi.it\/#personlogo","inLanguage":"it-IT","url":"https:\/\/secure.gravatar.com\/avatar\/49d2f9e46271bb04e19cebfaf141313a?s=96&d=blank&r=g","contentUrl":"https:\/\/secure.gravatar.com\/avatar\/49d2f9e46271bb04e19cebfaf141313a?s=96&d=blank&r=g","caption":"Staff"}}]}},"_links":{"self":[{"href":"https:\/\/arteeluoghi.it\/index.php\/wp-json\/wp\/v2\/posts\/1001"}],"collection":[{"href":"https:\/\/arteeluoghi.it\/index.php\/wp-json\/wp\/v2\/posts"}],"about":[{"href":"https:\/\/arteeluoghi.it\/index.php\/wp-json\/wp\/v2\/types\/post"}],"author":[{"embeddable":true,"href":"https:\/\/arteeluoghi.it\/index.php\/wp-json\/wp\/v2\/users\/1"}],"replies":[{"embeddable":true,"href":"https:\/\/arteeluoghi.it\/index.php\/wp-json\/wp\/v2\/comments?post=1001"}],"version-history":[{"count":0,"href":"https:\/\/arteeluoghi.it\/index.php\/wp-json\/wp\/v2\/posts\/1001\/revisions"}],"wp:attachment":[{"href":"https:\/\/arteeluoghi.it\/index.php\/wp-json\/wp\/v2\/media?parent=1001"}],"wp:term":[{"taxonomy":"category","embeddable":true,"href":"https:\/\/arteeluoghi.it\/index.php\/wp-json\/wp\/v2\/categories?post=1001"},{"taxonomy":"post_tag","embeddable":true,"href":"https:\/\/arteeluoghi.it\/index.php\/wp-json\/wp\/v2\/tags?post=1001"}],"curies":[{"name":"wp","href":"https:\/\/api.w.org\/{rel}","templated":true}]}}