{"id":10036,"date":"2021-06-01T23:02:11","date_gmt":"2021-06-01T21:02:11","guid":{"rendered":"https:\/\/arteeluoghi.it\/?p=10036"},"modified":"2021-06-01T23:22:21","modified_gmt":"2021-06-01T21:22:21","slug":"ritornoallaprimavera-appuntamento-in-giardino","status":"publish","type":"post","link":"https:\/\/arteeluoghi.it\/index.php\/2021\/06\/01\/ritornoallaprimavera-appuntamento-in-giardino\/","title":{"rendered":"#ritornoallaprimavera Appuntamento in giardino"},"content":{"rendered":"\n<p>Al via la quarta edizione dal 5 al 6 giugno della manifestazione promossa da Apgi Associazione Parchi e e Giardini d&#8217;Italia<\/p>\n\n\n\n<p><strong>\u201cAppuntamento in Giardino\u201d<\/strong>  torna nella sua quarta edizione <strong>sabato 5 e domenica 6 giugno<\/strong>.  In tutta Italia\u00a0<strong>oltre<\/strong>\u00a0<strong>150 giardini,\u00a0<\/strong>alcuni aperti in via eccezionale, potranno essere visitati nell\u2019ambito dell\u2019iniziativa\u00a0promossa da\u00a0<strong>APGI-Associazione Parchi e Giardini d\u2019Italia<\/strong>,<strong>\u00a0<\/strong>con il sostegno di\u00a0<strong>Ales e il patrocinio del Ministero della Cultura<\/strong>. <\/p>\n\n\n\n<!--more-->\n\n\n\n<p>Una <strong>\u201cfesta del giardino\u201d<\/strong>\u00a0 per far \u201criscoprire\u201d la sorprendente ricchezza storica, artistica, botanica e paesaggistica dei giardini italiani<strong>:\u00a0<\/strong>dai grandi siti storici ai piccoli giardini privati. Una serie di incontri, eventi, letture e attivit\u00e0 speciali come offerta culturale rivolta a tutta la famiglia.  E tra le novit\u00e0 \u00a0l\u2019iniziativa<strong>\u00a0fotografica\u00a0<\/strong>lanciata su Instagram, dal titolo: Ritorno alla Primavera che ha l\u2019obiettivo di costruire un racconto per immagini delle due giornate. Saranno protagonisti la bellezza della natura che si riapre alla vita e i giardini che tornano ad essere un luogo di cultura e socialit\u00e0. Per poter partecipare \u00e8 necessario utilizzare l\u2019hashtag\u00a0<strong>#ritornoallaprimavera<\/strong>\u00a0taggando i giardini che hanno aderito all\u2019iniziativa.<\/p>\n\n\n\n<p>\u201cLa cultura sta guidando la ripartenza del Paese\u201d, ha dichiarato il ministro Dario Franceschini sottolineando come \u201cil Recovery plan introduce risorse fondamentali per valorizzare il patrimonio culturale italiano e le sue eccellenze come i parchi e i giardini storici italiani\u201d.<\/p>\n\n\n\n<p>L\u2019evento offrir\u00e0 anche l\u2019opportunit\u00e0 di informare il grande pubblico sulle attivit\u00e0 necessarie a curare, restaurare e proteggere i giardini, in vista di un grande piano di valorizzazione nazionale. Un auspicio che trova finalmente riscontro nel&nbsp;<strong>Piano nazionale di ripresa e resilienza,<\/strong>&nbsp;che contiene misure in favore del patrimonio dei parchi e giardini italiani.<\/p>\n\n\n\n<figure class=\"wp-block-embed-youtube wp-block-embed is-type-video is-provider-youtube wp-embed-aspect-16-9 wp-has-aspect-ratio\"><div class=\"wp-block-embed__wrapper\">\n<iframe loading=\"lazy\" title=\"ALES MIBACT Orto Botanico\" width=\"800\" height=\"450\" src=\"https:\/\/www.youtube.com\/embed\/RP6Vl1F_ESo?feature=oembed\" frameborder=\"0\" allow=\"accelerometer; autoplay; clipboard-write; encrypted-media; gyroscope; picture-in-picture\" allowfullscreen><\/iframe>\n<\/div><\/figure>\n\n\n\n<p> <\/p>\n\n\n\n<p>\u201cUna scelta che riconosce lo statuto e la dignit\u00e0 storica e artistica dei giardini italiani, oltre al loro straordinario valore ambientale e paesaggistico\u201d ha sottolineato l\u2019Ambasciatore&nbsp;<strong>Ludovico Ortona, Presidente APGI.<\/strong><\/p>\n\n\n\n<p><strong>\u201c<\/strong>Ales<strong>,&nbsp;<\/strong>quale socio fondatore di APGI, &#8211; dichiara&nbsp;<strong>Mario De Simoni Presidente e Ad Ales Spa<\/strong>&#8211;&nbsp;ne sostiene con forza l\u2019azione, a sottolineare la piena appartenenza di parchi e giardini al nostro patrimonio culturale\u201d.<\/p>\n\n\n\n<p>La manifestazione, che conta sulla partecipazione pressoch\u00e9 di tutte le regioni d\u2019Italia, si svolger\u00e0&nbsp;in contemporanea in numerosi Paesi europei&nbsp;in collaborazione&nbsp;con l\u2019iniziativa&nbsp;<strong><em>Rendez-vous aux jardins<\/em><\/strong>, a testimonianza dell\u2019attenzione sempre maggiore riservata, anche a livello internazionale, al patrimonio verde.<\/p>\n\n\n\n<p><strong>Nel 40 % dei casi si tratta di aperture straordinarie<\/strong>: un\u2019occasione per ammirare giardini normalmente non aperti al pubblico o aperti solo in occasioni particolari, come a&nbsp;<strong>Buggiano Castello<\/strong>, dove saranno aperti eccezionalmente gli orti di Agrumi e i giardini segreti del Borgo. Parteciperanno all\u2019iniziativa anche&nbsp;<strong>alcuni importanti siti Unesco<\/strong>, come&nbsp;<strong>Villa Adriana e Villa D\u2019Este, le Regge di Caserta e della Venaria Reale o il Giardino di Boboli.<\/strong><s><\/s><\/p>\n\n\n\n<p>Ampia, inoltre, la partecipazione di&nbsp;<strong>Dimore storiche private<\/strong>, che apriranno i propri prestigiosi giardini, come ad esempio&nbsp;<strong>le Ville Torrigiani in Lucchesia<\/strong>,&nbsp;<strong>Tiepolo Passi in Veneto o la Rocca Meli Lupi di Soragna.<\/strong>&nbsp;In molti casi saranno gli stessi proprietari, direttori o responsabili dei giardini ad accogliere i visitatori, per raccontare la storia del giardino e l\u2019impegno quotidiano necessario a garantirne la sopravvivenza: sar\u00e0 cos\u00ec, ad esempio, nel parco ottocentesco del&nbsp;<strong>Castello Roero di Monticello d\u2019Alba, o in Villa della Porta Bozzolo \u2013 FAI<\/strong>. In altri casi, invece, come nel&nbsp;<strong>Castello ducale di Agli\u00e8<\/strong>, sar\u00e0 il giardiniere del complesso museale a far scoprire ai visitatori gli alberi monumentali. Numerosi&nbsp;<strong>anche gli Orti Botanici, come quelli di Roma, Napoli, Bologna, Torino e alcuni orti botanici alpini.<\/strong><\/p>\n\n\n\n<p>L\u2019apertura dei giardini \u2013 per loro stessa natura piccoli ecosistemi, nonch\u00e9 precisi \u2018sensori\u2019 dei cambiamenti ambientali \u2013 sar\u00e0, inoltre, una&nbsp;<strong>preziosa occasione per sensibilizzare i visitatori sui temi dell\u2019ambiente e della sostenibilit\u00e0 come nel<\/strong><strong>Parco sostenibile di Villa Trecci<\/strong>, dove i visitatori saranno accolti dai proprietari.<\/p>\n\n\n\n<p>Moltissime le attivit\u00e0 speciali proposte per questo evento:&nbsp;<strong>alle tradizionali visite guidate si aggiungono laboratori, lezioni di yoga, corsi di pittura botanica, degustazioni, e momenti musicali<\/strong>, come ad esempio presso&nbsp;<strong>la Villa medicea di Cerreto Guidi, dove&nbsp;l&#8217;Accademia degli Archi di San Miniato Basso allieter\u00e0 la visita con magiche note sotto il glicine secolare<\/strong>.&nbsp;Numerosi anche i percorsi sensoriali.<\/p>\n\n\n\n<p>Appuntamento in giardino sar\u00e0 anche l\u2019occasione per presentare al pubblico\u00a0<strong>importanti restauri<\/strong>, come quello del patrimonio vegetale degli Horti Farnesiani o della Fontana Margherita nella Reggia di Caserta.<\/p>\n\n\n\n<p>La dimensione produttiva -e con essa i temi della biodiversit\u00e0 e sostenibilit\u00e0 &#8211; \u00e8 quest\u2019anno protagonista in alcuni giardini del Meridione, come nel&nbsp;<strong>Conservatorio Botanico Pomona in Salento<\/strong>, dove si potranno ammirare collezioni di fruttifere arboree, o a&nbsp;<strong>Favara Maredolce<\/strong>&nbsp;<strong>a Palermo<\/strong>, dove si parler\u00e0 di tecniche e biodiversit\u00e0 dell&#8217;antica agrumicoltura siciliana. Un tema che ritorna anche nell\u2019<strong>Orto sul Colle dell\u2019Infinito \u2013 FAI&nbsp;<\/strong>di Recanati, dove&nbsp;si ripercorrer\u00e0 la vicenda storica degli orti urbani.<\/p>\n\n\n\n<p>Ad Appuntamento in Giardino ha aderito anche \u201c<strong>Interno Verde Parma\u201d<\/strong>, la manifestazione che permette di esplorare i pi\u00f9 suggestivi e curiosi giardini privati del centro storico parmigiano, attraverso i quali \u00e8 possibile leggere la storia, i cambiamenti e i vissuti della citt\u00e0, Capitale italiana della Cultura 2020-21<\/p>\n\n\n\n<p>Tutte le informazioni e i giardini aderenti sul sito&nbsp;<a href=\"https:\/\/www.apgi.it\/appuntamento-in-giardino\/\">https:\/\/www.apgi.it\/appuntamento-in-giardino\/<\/a><\/p>\n\n\n\n<p>e sui canali social APGI (FB, IG, TW).<\/p>\n\n\n\n<p><\/p>\n","protected":false},"excerpt":{"rendered":"<p>Al via la quarta edizione dal 5 al 6 giugno della manifestazione promossa da Apgi Associazione Parchi e e Giardini<\/p>\n","protected":false},"author":1,"featured_media":10037,"comment_status":"open","ping_status":"open","sticky":true,"template":"","format":"standard","meta":[],"categories":[598,8,28,30],"tags":[3389,3380,3378,3391,3383,3382,2001,3379,3388,3386,3387,3385,3392,3384],"yoast_head":"<!-- This site is optimized with the Yoast SEO plugin v18.0 - https:\/\/yoast.com\/wordpress\/plugins\/seo\/ -->\n<title>#ritornoallaprimavera Appuntamento in giardino | Arte e Luoghi<\/title>\n<meta name=\"description\" content=\"In tutta Italia oltre 150 giardini, alcuni aperti in via eccezionale, potranno essere visitati nell\u2019ambito dell\u2019iniziativa\" \/>\n<meta name=\"robots\" content=\"index, follow, max-snippet:-1, max-image-preview:large, max-video-preview:-1\" \/>\n<link rel=\"canonical\" href=\"https:\/\/arteeluoghi.it\/index.php\/2021\/06\/01\/ritornoallaprimavera-appuntamento-in-giardino\/\" \/>\n<meta property=\"og:locale\" content=\"it_IT\" \/>\n<meta property=\"og:type\" content=\"article\" \/>\n<meta property=\"og:title\" content=\"#ritornoallaprimavera Appuntamento in giardino | Arte e Luoghi\" \/>\n<meta property=\"og:description\" content=\"In tutta Italia oltre 150 giardini, alcuni aperti in via eccezionale, potranno essere visitati nell\u2019ambito dell\u2019iniziativa\" \/>\n<meta property=\"og:url\" content=\"https:\/\/arteeluoghi.it\/index.php\/2021\/06\/01\/ritornoallaprimavera-appuntamento-in-giardino\/\" \/>\n<meta property=\"og:site_name\" content=\"Arte e Luoghi\" \/>\n<meta property=\"article:publisher\" content=\"https:\/\/www.facebook.com\/ArteELuoghi\/\" \/>\n<meta property=\"article:published_time\" content=\"2021-06-01T21:02:11+00:00\" \/>\n<meta property=\"article:modified_time\" content=\"2021-06-01T21:22:21+00:00\" \/>\n<meta property=\"og:image\" content=\"https:\/\/arteeluoghi.it\/wp-content\/uploads\/2021\/06\/image004.png\" \/>\n\t<meta property=\"og:image:width\" content=\"422\" \/>\n\t<meta property=\"og:image:height\" content=\"192\" \/>\n\t<meta property=\"og:image:type\" content=\"image\/png\" \/>\n<meta name=\"twitter:card\" content=\"summary\" \/>\n<meta name=\"twitter:creator\" content=\"@arteeluoghi\" \/>\n<meta name=\"twitter:site\" content=\"@arteeluoghi\" \/>\n<meta name=\"twitter:label1\" content=\"Scritto da\" \/>\n\t<meta name=\"twitter:data1\" content=\"Staff\" \/>\n\t<meta name=\"twitter:label2\" content=\"Tempo di lettura stimato\" \/>\n\t<meta name=\"twitter:data2\" content=\"4 minuti\" \/>\n<script type=\"application\/ld+json\" class=\"yoast-schema-graph\">{\"@context\":\"https:\/\/schema.org\",\"@graph\":[{\"@type\":\"Organization\",\"@id\":\"https:\/\/arteeluoghi.it\/#organization\",\"name\":\"Arte e Luoghi\",\"url\":\"https:\/\/arteeluoghi.it\/\",\"sameAs\":[\"https:\/\/www.facebook.com\/ArteELuoghi\/\",\"https:\/\/www.instagram.com\/arteeluoghi\/?hl=it\",\"https:\/\/www.youtube.com\/channel\/UCuRVc4JW4-C5sg9rQB-srkw?view_as=subscriber\",\"https:\/\/twitter.com\/arteeluoghi\"],\"logo\":{\"@type\":\"ImageObject\",\"@id\":\"https:\/\/arteeluoghi.it\/#logo\",\"inLanguage\":\"it-IT\",\"url\":\"https:\/\/arteeluoghi.it\/wp-content\/uploads\/2018\/08\/logoinstagramarte.jpg\",\"contentUrl\":\"https:\/\/arteeluoghi.it\/wp-content\/uploads\/2018\/08\/logoinstagramarte.jpg\",\"width\":150,\"height\":150,\"caption\":\"Arte e Luoghi\"},\"image\":{\"@id\":\"https:\/\/arteeluoghi.it\/#logo\"}},{\"@type\":\"WebSite\",\"@id\":\"https:\/\/arteeluoghi.it\/#website\",\"url\":\"https:\/\/arteeluoghi.it\/\",\"name\":\"Arte e Luoghi\",\"description\":\"Mensile di arte, cultura, turismo e curiosit\u00e0\",\"publisher\":{\"@id\":\"https:\/\/arteeluoghi.it\/#organization\"},\"potentialAction\":[{\"@type\":\"SearchAction\",\"target\":{\"@type\":\"EntryPoint\",\"urlTemplate\":\"https:\/\/arteeluoghi.it\/?s={search_term_string}\"},\"query-input\":\"required name=search_term_string\"}],\"inLanguage\":\"it-IT\"},{\"@type\":\"ImageObject\",\"@id\":\"https:\/\/arteeluoghi.it\/index.php\/2021\/06\/01\/ritornoallaprimavera-appuntamento-in-giardino\/#primaryimage\",\"inLanguage\":\"it-IT\",\"url\":\"https:\/\/arteeluoghi.it\/wp-content\/uploads\/2021\/06\/image004.png\",\"contentUrl\":\"https:\/\/arteeluoghi.it\/wp-content\/uploads\/2021\/06\/image004.png\",\"width\":422,\"height\":192},{\"@type\":\"WebPage\",\"@id\":\"https:\/\/arteeluoghi.it\/index.php\/2021\/06\/01\/ritornoallaprimavera-appuntamento-in-giardino\/#webpage\",\"url\":\"https:\/\/arteeluoghi.it\/index.php\/2021\/06\/01\/ritornoallaprimavera-appuntamento-in-giardino\/\",\"name\":\"#ritornoallaprimavera Appuntamento in giardino | Arte e Luoghi\",\"isPartOf\":{\"@id\":\"https:\/\/arteeluoghi.it\/#website\"},\"primaryImageOfPage\":{\"@id\":\"https:\/\/arteeluoghi.it\/index.php\/2021\/06\/01\/ritornoallaprimavera-appuntamento-in-giardino\/#primaryimage\"},\"datePublished\":\"2021-06-01T21:02:11+00:00\",\"dateModified\":\"2021-06-01T21:22:21+00:00\",\"description\":\"In tutta Italia oltre 150 giardini, alcuni aperti in via eccezionale, potranno essere visitati nell\u2019ambito dell\u2019iniziativa\",\"breadcrumb\":{\"@id\":\"https:\/\/arteeluoghi.it\/index.php\/2021\/06\/01\/ritornoallaprimavera-appuntamento-in-giardino\/#breadcrumb\"},\"inLanguage\":\"it-IT\",\"potentialAction\":[{\"@type\":\"ReadAction\",\"target\":[\"https:\/\/arteeluoghi.it\/index.php\/2021\/06\/01\/ritornoallaprimavera-appuntamento-in-giardino\/\"]}]},{\"@type\":\"BreadcrumbList\",\"@id\":\"https:\/\/arteeluoghi.it\/index.php\/2021\/06\/01\/ritornoallaprimavera-appuntamento-in-giardino\/#breadcrumb\",\"itemListElement\":[{\"@type\":\"ListItem\",\"position\":1,\"name\":\"Home\",\"item\":\"https:\/\/arteeluoghi.it\/\"},{\"@type\":\"ListItem\",\"position\":2,\"name\":\"#ritornoallaprimavera Appuntamento in giardino\"}]},{\"@type\":\"Article\",\"@id\":\"https:\/\/arteeluoghi.it\/index.php\/2021\/06\/01\/ritornoallaprimavera-appuntamento-in-giardino\/#article\",\"isPartOf\":{\"@id\":\"https:\/\/arteeluoghi.it\/index.php\/2021\/06\/01\/ritornoallaprimavera-appuntamento-in-giardino\/#webpage\"},\"author\":{\"@id\":\"https:\/\/arteeluoghi.it\/#\/schema\/person\/f84e814e36e91e01448ee07eaadd41d4\"},\"headline\":\"#ritornoallaprimavera Appuntamento in giardino\",\"datePublished\":\"2021-06-01T21:02:11+00:00\",\"dateModified\":\"2021-06-01T21:22:21+00:00\",\"mainEntityOfPage\":{\"@id\":\"https:\/\/arteeluoghi.it\/index.php\/2021\/06\/01\/ritornoallaprimavera-appuntamento-in-giardino\/#webpage\"},\"wordCount\":897,\"commentCount\":0,\"publisher\":{\"@id\":\"https:\/\/arteeluoghi.it\/#organization\"},\"image\":{\"@id\":\"https:\/\/arteeluoghi.it\/index.php\/2021\/06\/01\/ritornoallaprimavera-appuntamento-in-giardino\/#primaryimage\"},\"thumbnailUrl\":\"https:\/\/arteeluoghi.it\/wp-content\/uploads\/2021\/06\/image004.png\",\"keywords\":[\"Buggiano Castello\",\"Conservatorio Botanico Pomona in Salento\",\"giardini\",\"Giardino di Boboli\",\"Horti Farnesiani\",\"Interno verde Parma\",\"Italia\",\"Mibac\",\"orto botanico di Bologna\",\"Orto botanico di Napoli\",\"orto botanico di Roma\",\"Torino\",\"Venaria Reale\",\"Villa medicea di Cerreto Guidi\"],\"articleSection\":[\"girovagando\",\"LUOGHI\",\"Notizie\",\"Turismo | geografica-mente\"],\"inLanguage\":\"it-IT\",\"potentialAction\":[{\"@type\":\"CommentAction\",\"name\":\"Comment\",\"target\":[\"https:\/\/arteeluoghi.it\/index.php\/2021\/06\/01\/ritornoallaprimavera-appuntamento-in-giardino\/#respond\"]}]},{\"@type\":\"Person\",\"@id\":\"https:\/\/arteeluoghi.it\/#\/schema\/person\/f84e814e36e91e01448ee07eaadd41d4\",\"name\":\"Staff\",\"image\":{\"@type\":\"ImageObject\",\"@id\":\"https:\/\/arteeluoghi.it\/#personlogo\",\"inLanguage\":\"it-IT\",\"url\":\"https:\/\/secure.gravatar.com\/avatar\/49d2f9e46271bb04e19cebfaf141313a?s=96&d=blank&r=g\",\"contentUrl\":\"https:\/\/secure.gravatar.com\/avatar\/49d2f9e46271bb04e19cebfaf141313a?s=96&d=blank&r=g\",\"caption\":\"Staff\"}}]}<\/script>\n<!-- \/ Yoast SEO plugin. -->","yoast_head_json":{"title":"#ritornoallaprimavera Appuntamento in giardino | Arte e Luoghi","description":"In tutta Italia oltre 150 giardini, alcuni aperti in via eccezionale, potranno essere visitati nell\u2019ambito dell\u2019iniziativa","robots":{"index":"index","follow":"follow","max-snippet":"max-snippet:-1","max-image-preview":"max-image-preview:large","max-video-preview":"max-video-preview:-1"},"canonical":"https:\/\/arteeluoghi.it\/index.php\/2021\/06\/01\/ritornoallaprimavera-appuntamento-in-giardino\/","og_locale":"it_IT","og_type":"article","og_title":"#ritornoallaprimavera Appuntamento in giardino | Arte e Luoghi","og_description":"In tutta Italia oltre 150 giardini, alcuni aperti in via eccezionale, potranno essere visitati nell\u2019ambito dell\u2019iniziativa","og_url":"https:\/\/arteeluoghi.it\/index.php\/2021\/06\/01\/ritornoallaprimavera-appuntamento-in-giardino\/","og_site_name":"Arte e Luoghi","article_publisher":"https:\/\/www.facebook.com\/ArteELuoghi\/","article_published_time":"2021-06-01T21:02:11+00:00","article_modified_time":"2021-06-01T21:22:21+00:00","og_image":[{"width":422,"height":192,"url":"https:\/\/arteeluoghi.it\/wp-content\/uploads\/2021\/06\/image004.png","type":"image\/png"}],"twitter_card":"summary","twitter_creator":"@arteeluoghi","twitter_site":"@arteeluoghi","twitter_misc":{"Scritto da":"Staff","Tempo di lettura stimato":"4 minuti"},"schema":{"@context":"https:\/\/schema.org","@graph":[{"@type":"Organization","@id":"https:\/\/arteeluoghi.it\/#organization","name":"Arte e Luoghi","url":"https:\/\/arteeluoghi.it\/","sameAs":["https:\/\/www.facebook.com\/ArteELuoghi\/","https:\/\/www.instagram.com\/arteeluoghi\/?hl=it","https:\/\/www.youtube.com\/channel\/UCuRVc4JW4-C5sg9rQB-srkw?view_as=subscriber","https:\/\/twitter.com\/arteeluoghi"],"logo":{"@type":"ImageObject","@id":"https:\/\/arteeluoghi.it\/#logo","inLanguage":"it-IT","url":"https:\/\/arteeluoghi.it\/wp-content\/uploads\/2018\/08\/logoinstagramarte.jpg","contentUrl":"https:\/\/arteeluoghi.it\/wp-content\/uploads\/2018\/08\/logoinstagramarte.jpg","width":150,"height":150,"caption":"Arte e Luoghi"},"image":{"@id":"https:\/\/arteeluoghi.it\/#logo"}},{"@type":"WebSite","@id":"https:\/\/arteeluoghi.it\/#website","url":"https:\/\/arteeluoghi.it\/","name":"Arte e Luoghi","description":"Mensile di arte, cultura, turismo e curiosit\u00e0","publisher":{"@id":"https:\/\/arteeluoghi.it\/#organization"},"potentialAction":[{"@type":"SearchAction","target":{"@type":"EntryPoint","urlTemplate":"https:\/\/arteeluoghi.it\/?s={search_term_string}"},"query-input":"required name=search_term_string"}],"inLanguage":"it-IT"},{"@type":"ImageObject","@id":"https:\/\/arteeluoghi.it\/index.php\/2021\/06\/01\/ritornoallaprimavera-appuntamento-in-giardino\/#primaryimage","inLanguage":"it-IT","url":"https:\/\/arteeluoghi.it\/wp-content\/uploads\/2021\/06\/image004.png","contentUrl":"https:\/\/arteeluoghi.it\/wp-content\/uploads\/2021\/06\/image004.png","width":422,"height":192},{"@type":"WebPage","@id":"https:\/\/arteeluoghi.it\/index.php\/2021\/06\/01\/ritornoallaprimavera-appuntamento-in-giardino\/#webpage","url":"https:\/\/arteeluoghi.it\/index.php\/2021\/06\/01\/ritornoallaprimavera-appuntamento-in-giardino\/","name":"#ritornoallaprimavera Appuntamento in giardino | Arte e Luoghi","isPartOf":{"@id":"https:\/\/arteeluoghi.it\/#website"},"primaryImageOfPage":{"@id":"https:\/\/arteeluoghi.it\/index.php\/2021\/06\/01\/ritornoallaprimavera-appuntamento-in-giardino\/#primaryimage"},"datePublished":"2021-06-01T21:02:11+00:00","dateModified":"2021-06-01T21:22:21+00:00","description":"In tutta Italia oltre 150 giardini, alcuni aperti in via eccezionale, potranno essere visitati nell\u2019ambito dell\u2019iniziativa","breadcrumb":{"@id":"https:\/\/arteeluoghi.it\/index.php\/2021\/06\/01\/ritornoallaprimavera-appuntamento-in-giardino\/#breadcrumb"},"inLanguage":"it-IT","potentialAction":[{"@type":"ReadAction","target":["https:\/\/arteeluoghi.it\/index.php\/2021\/06\/01\/ritornoallaprimavera-appuntamento-in-giardino\/"]}]},{"@type":"BreadcrumbList","@id":"https:\/\/arteeluoghi.it\/index.php\/2021\/06\/01\/ritornoallaprimavera-appuntamento-in-giardino\/#breadcrumb","itemListElement":[{"@type":"ListItem","position":1,"name":"Home","item":"https:\/\/arteeluoghi.it\/"},{"@type":"ListItem","position":2,"name":"#ritornoallaprimavera Appuntamento in giardino"}]},{"@type":"Article","@id":"https:\/\/arteeluoghi.it\/index.php\/2021\/06\/01\/ritornoallaprimavera-appuntamento-in-giardino\/#article","isPartOf":{"@id":"https:\/\/arteeluoghi.it\/index.php\/2021\/06\/01\/ritornoallaprimavera-appuntamento-in-giardino\/#webpage"},"author":{"@id":"https:\/\/arteeluoghi.it\/#\/schema\/person\/f84e814e36e91e01448ee07eaadd41d4"},"headline":"#ritornoallaprimavera Appuntamento in giardino","datePublished":"2021-06-01T21:02:11+00:00","dateModified":"2021-06-01T21:22:21+00:00","mainEntityOfPage":{"@id":"https:\/\/arteeluoghi.it\/index.php\/2021\/06\/01\/ritornoallaprimavera-appuntamento-in-giardino\/#webpage"},"wordCount":897,"commentCount":0,"publisher":{"@id":"https:\/\/arteeluoghi.it\/#organization"},"image":{"@id":"https:\/\/arteeluoghi.it\/index.php\/2021\/06\/01\/ritornoallaprimavera-appuntamento-in-giardino\/#primaryimage"},"thumbnailUrl":"https:\/\/arteeluoghi.it\/wp-content\/uploads\/2021\/06\/image004.png","keywords":["Buggiano Castello","Conservatorio Botanico Pomona in Salento","giardini","Giardino di Boboli","Horti Farnesiani","Interno verde Parma","Italia","Mibac","orto botanico di Bologna","Orto botanico di Napoli","orto botanico di Roma","Torino","Venaria Reale","Villa medicea di Cerreto Guidi"],"articleSection":["girovagando","LUOGHI","Notizie","Turismo | geografica-mente"],"inLanguage":"it-IT","potentialAction":[{"@type":"CommentAction","name":"Comment","target":["https:\/\/arteeluoghi.it\/index.php\/2021\/06\/01\/ritornoallaprimavera-appuntamento-in-giardino\/#respond"]}]},{"@type":"Person","@id":"https:\/\/arteeluoghi.it\/#\/schema\/person\/f84e814e36e91e01448ee07eaadd41d4","name":"Staff","image":{"@type":"ImageObject","@id":"https:\/\/arteeluoghi.it\/#personlogo","inLanguage":"it-IT","url":"https:\/\/secure.gravatar.com\/avatar\/49d2f9e46271bb04e19cebfaf141313a?s=96&d=blank&r=g","contentUrl":"https:\/\/secure.gravatar.com\/avatar\/49d2f9e46271bb04e19cebfaf141313a?s=96&d=blank&r=g","caption":"Staff"}}]}},"_links":{"self":[{"href":"https:\/\/arteeluoghi.it\/index.php\/wp-json\/wp\/v2\/posts\/10036"}],"collection":[{"href":"https:\/\/arteeluoghi.it\/index.php\/wp-json\/wp\/v2\/posts"}],"about":[{"href":"https:\/\/arteeluoghi.it\/index.php\/wp-json\/wp\/v2\/types\/post"}],"author":[{"embeddable":true,"href":"https:\/\/arteeluoghi.it\/index.php\/wp-json\/wp\/v2\/users\/1"}],"replies":[{"embeddable":true,"href":"https:\/\/arteeluoghi.it\/index.php\/wp-json\/wp\/v2\/comments?post=10036"}],"version-history":[{"count":1,"href":"https:\/\/arteeluoghi.it\/index.php\/wp-json\/wp\/v2\/posts\/10036\/revisions"}],"predecessor-version":[{"id":10038,"href":"https:\/\/arteeluoghi.it\/index.php\/wp-json\/wp\/v2\/posts\/10036\/revisions\/10038"}],"wp:featuredmedia":[{"embeddable":true,"href":"https:\/\/arteeluoghi.it\/index.php\/wp-json\/wp\/v2\/media\/10037"}],"wp:attachment":[{"href":"https:\/\/arteeluoghi.it\/index.php\/wp-json\/wp\/v2\/media?parent=10036"}],"wp:term":[{"taxonomy":"category","embeddable":true,"href":"https:\/\/arteeluoghi.it\/index.php\/wp-json\/wp\/v2\/categories?post=10036"},{"taxonomy":"post_tag","embeddable":true,"href":"https:\/\/arteeluoghi.it\/index.php\/wp-json\/wp\/v2\/tags?post=10036"}],"curies":[{"name":"wp","href":"https:\/\/api.w.org\/{rel}","templated":true}]}}