{"id":10045,"date":"2021-03-21T00:07:44","date_gmt":"2021-03-20T23:07:44","guid":{"rendered":"https:\/\/arteeluoghi.it\/?p=10045"},"modified":"2021-06-02T00:10:44","modified_gmt":"2021-06-01T22:10:44","slug":"valerie-di-maria-cristina-impagnatiello","status":"publish","type":"post","link":"https:\/\/arteeluoghi.it\/index.php\/2021\/03\/21\/valerie-di-maria-cristina-impagnatiello\/","title":{"rendered":"\u201cVal\u00e9rie\u201d di Maria Cristina Impagnatiello"},"content":{"rendered":"\n<blockquote class=\"wp-block-quote\"><p>ladevotalettrice  | Le recensioni di Lucia Zccoto<\/p><\/blockquote>\n\n\n\n<p>C\u2019\u00e8 chi per andare avanti respira forza dall\u2019energia degli altri senza scomodarsi di cercarla nelle proprie viscere. Forse la loro vita \u00e8 talmente piatta che spegne anche il desiderio di trovare altro, che porti al cambiamento, a prospettive nuove, diverse, interessanti. Tutto resta come prima, immutato e spento. <\/p>\n\n\n\n<!--more-->\n\n\n\n<p>Chi si accontenta, chi non ha ambizioni, chi non si assume mai la responsabilit\u00e0 di niente, sceglie il grigio perdendosi l\u2019arcobaleno. Persone cos\u00ec sanno di avere meno eppure sono convinte di possedere qualcosa che ai pi\u00f9 manca: la leggerezza. Quando non sei sovrastato dai tormenti di decisioni da prendere, vivi alla buona. Sei immune dalla gravosit\u00e0 dei pensieri che si affacciano prima di ogni scelta che poi spesso diventano problemi. Ecco, scappare dalle responsabilit\u00e0 e vivere a cuor leggero, come viene viene, \u00e8 il karma da seguire per coloro che non fanno mai scelte. L\u2019apatia \u00e8 di casa in esistenze simili, perch\u00e9 essere curiosi arricchisce l\u2019esperienza e l\u2019animo ne giova pi\u00f9 di ogni altra cosa. Pu\u00f2 andar bene o male, l\u2019importante \u00e8 lo slancio che si ha verso la vita. Ma non basta, alcuni pur restando incantati dalla bellezza dell\u2019alba che si staglia sul mare, mai uguale al giorno prima, vogliono le certezze a portata di mano per non affaticarsi a cercare il sogno.  <br> Nel romanzo Val\u00e9rie di Maria Cristina Impagnatiello sei l\u2019anima di un uomo che si lascia trascinare dagli eventi, ma che non \u00e8 onda egli stesso. \u00c8 sempre mare calmo anche quando c\u2019\u00e8 tempesta. Sembra un quadro, la trasposizione di se stesso in una visione distaccata dell\u2019esistenza. Vive pi\u00f9 che altro seguendo un solo istinto lasciando da parte tutto il resto. Si adegua alle situazioni come un peso morto. Non ha fame di scoperta. Assorbe tutto e assimila ogni cosa, nota le trasformazioni, di suo per\u00f2 non lascia l\u2019impronta di un percorso voluto, desiderato, cercato. Lascia parole su carta per recuperare un pezzo di s\u00e9 e della sua Val\u00e9rie. La teatralit\u00e0 della vita passa anche dal respiro che si fa fumo, rabbia, consenso, accettazione, sopportazione e bramosia per cercare quell\u2019essenza che le ore apatiche non possono dare.<br> Intimistica la prosa. Lo stile narrativo \u00e8 compatto, pieno, denso di emozioni che diventano pioggia, rugiada, brina. Tutto \u00e8 palpabile ed evanescente allo stesso tempo. Sembra di stare in una galleria d\u2019arte dove ogni quadro ti riporta ad una dimensione diversa. Sei ogni cosa ed il suo esatto contrario. Storia e scrittura ti entrano nella pelle, si appropriano di te e di quello che sei. Alla fine ti chiederai moltissime cose e vorresti essere una delle tante impressioni che gli occhi acchiappano osservando la vita.    <\/p>\n","protected":false},"excerpt":{"rendered":"<p>ladevotalettrice | Le recensioni di Lucia Zccoto C\u2019\u00e8 chi per andare avanti respira forza dall\u2019energia degli altri senza scomodarsi di<\/p>\n","protected":false},"author":1,"featured_media":10046,"comment_status":"open","ping_status":"open","sticky":true,"template":"","format":"standard","meta":[],"categories":[1817,17],"tags":[1784,3399,1785],"yoast_head":"<!-- This site is optimized with the Yoast SEO plugin v18.0 - https:\/\/yoast.com\/wordpress\/plugins\/seo\/ -->\n<title>\u201cVal\u00e9rie\u201d di Maria Cristina Impagnatiello | Arte e Luoghi<\/title>\n<meta name=\"description\" content=\"Nel romanzo Val\u00e9rie di Maria Cristina Impagnatiello sei l\u2019anima di un uomo che si lascia trascinare dagli eventi, ma che non \u00e8 onda egli stesso.\" \/>\n<meta name=\"robots\" content=\"index, follow, max-snippet:-1, max-image-preview:large, max-video-preview:-1\" \/>\n<link rel=\"canonical\" href=\"https:\/\/arteeluoghi.it\/index.php\/2021\/03\/21\/valerie-di-maria-cristina-impagnatiello\/\" \/>\n<meta property=\"og:locale\" content=\"it_IT\" \/>\n<meta property=\"og:type\" content=\"article\" \/>\n<meta property=\"og:title\" content=\"\u201cVal\u00e9rie\u201d di Maria Cristina Impagnatiello | Arte e Luoghi\" \/>\n<meta property=\"og:description\" content=\"Nel romanzo Val\u00e9rie di Maria Cristina Impagnatiello sei l\u2019anima di un uomo che si lascia trascinare dagli eventi, ma che non \u00e8 onda egli stesso.\" \/>\n<meta property=\"og:url\" content=\"https:\/\/arteeluoghi.it\/index.php\/2021\/03\/21\/valerie-di-maria-cristina-impagnatiello\/\" \/>\n<meta property=\"og:site_name\" content=\"Arte e Luoghi\" \/>\n<meta property=\"article:publisher\" content=\"https:\/\/www.facebook.com\/ArteELuoghi\/\" \/>\n<meta property=\"article:published_time\" content=\"2021-03-20T23:07:44+00:00\" \/>\n<meta property=\"article:modified_time\" content=\"2021-06-01T22:10:44+00:00\" \/>\n<meta property=\"og:image\" content=\"https:\/\/arteeluoghi.it\/wp-content\/uploads\/2021\/06\/20210209_134442.jpg\" \/>\n\t<meta property=\"og:image:width\" content=\"1440\" \/>\n\t<meta property=\"og:image:height\" content=\"1406\" \/>\n\t<meta property=\"og:image:type\" content=\"image\/jpeg\" \/>\n<meta name=\"twitter:card\" content=\"summary\" \/>\n<meta name=\"twitter:creator\" content=\"@arteeluoghi\" \/>\n<meta name=\"twitter:site\" content=\"@arteeluoghi\" \/>\n<meta name=\"twitter:label1\" content=\"Scritto da\" \/>\n\t<meta name=\"twitter:data1\" content=\"Staff\" \/>\n\t<meta name=\"twitter:label2\" content=\"Tempo di lettura stimato\" \/>\n\t<meta name=\"twitter:data2\" content=\"2 minuti\" \/>\n<script type=\"application\/ld+json\" class=\"yoast-schema-graph\">{\"@context\":\"https:\/\/schema.org\",\"@graph\":[{\"@type\":\"Organization\",\"@id\":\"https:\/\/arteeluoghi.it\/#organization\",\"name\":\"Arte e Luoghi\",\"url\":\"https:\/\/arteeluoghi.it\/\",\"sameAs\":[\"https:\/\/www.facebook.com\/ArteELuoghi\/\",\"https:\/\/www.instagram.com\/arteeluoghi\/?hl=it\",\"https:\/\/www.youtube.com\/channel\/UCuRVc4JW4-C5sg9rQB-srkw?view_as=subscriber\",\"https:\/\/twitter.com\/arteeluoghi\"],\"logo\":{\"@type\":\"ImageObject\",\"@id\":\"https:\/\/arteeluoghi.it\/#logo\",\"inLanguage\":\"it-IT\",\"url\":\"https:\/\/arteeluoghi.it\/wp-content\/uploads\/2018\/08\/logoinstagramarte.jpg\",\"contentUrl\":\"https:\/\/arteeluoghi.it\/wp-content\/uploads\/2018\/08\/logoinstagramarte.jpg\",\"width\":150,\"height\":150,\"caption\":\"Arte e Luoghi\"},\"image\":{\"@id\":\"https:\/\/arteeluoghi.it\/#logo\"}},{\"@type\":\"WebSite\",\"@id\":\"https:\/\/arteeluoghi.it\/#website\",\"url\":\"https:\/\/arteeluoghi.it\/\",\"name\":\"Arte e Luoghi\",\"description\":\"Mensile di arte, cultura, turismo e curiosit\u00e0\",\"publisher\":{\"@id\":\"https:\/\/arteeluoghi.it\/#organization\"},\"potentialAction\":[{\"@type\":\"SearchAction\",\"target\":{\"@type\":\"EntryPoint\",\"urlTemplate\":\"https:\/\/arteeluoghi.it\/?s={search_term_string}\"},\"query-input\":\"required name=search_term_string\"}],\"inLanguage\":\"it-IT\"},{\"@type\":\"ImageObject\",\"@id\":\"https:\/\/arteeluoghi.it\/index.php\/2021\/03\/21\/valerie-di-maria-cristina-impagnatiello\/#primaryimage\",\"inLanguage\":\"it-IT\",\"url\":\"https:\/\/arteeluoghi.it\/wp-content\/uploads\/2021\/06\/20210209_134442.jpg\",\"contentUrl\":\"https:\/\/arteeluoghi.it\/wp-content\/uploads\/2021\/06\/20210209_134442.jpg\",\"width\":1440,\"height\":1406},{\"@type\":\"WebPage\",\"@id\":\"https:\/\/arteeluoghi.it\/index.php\/2021\/03\/21\/valerie-di-maria-cristina-impagnatiello\/#webpage\",\"url\":\"https:\/\/arteeluoghi.it\/index.php\/2021\/03\/21\/valerie-di-maria-cristina-impagnatiello\/\",\"name\":\"\u201cVal\u00e9rie\u201d di Maria Cristina Impagnatiello | Arte e Luoghi\",\"isPartOf\":{\"@id\":\"https:\/\/arteeluoghi.it\/#website\"},\"primaryImageOfPage\":{\"@id\":\"https:\/\/arteeluoghi.it\/index.php\/2021\/03\/21\/valerie-di-maria-cristina-impagnatiello\/#primaryimage\"},\"datePublished\":\"2021-03-20T23:07:44+00:00\",\"dateModified\":\"2021-06-01T22:10:44+00:00\",\"description\":\"Nel romanzo Val\u00e9rie di Maria Cristina Impagnatiello sei l\u2019anima di un uomo che si lascia trascinare dagli eventi, ma che non \u00e8 onda egli stesso.\",\"breadcrumb\":{\"@id\":\"https:\/\/arteeluoghi.it\/index.php\/2021\/03\/21\/valerie-di-maria-cristina-impagnatiello\/#breadcrumb\"},\"inLanguage\":\"it-IT\",\"potentialAction\":[{\"@type\":\"ReadAction\",\"target\":[\"https:\/\/arteeluoghi.it\/index.php\/2021\/03\/21\/valerie-di-maria-cristina-impagnatiello\/\"]}]},{\"@type\":\"BreadcrumbList\",\"@id\":\"https:\/\/arteeluoghi.it\/index.php\/2021\/03\/21\/valerie-di-maria-cristina-impagnatiello\/#breadcrumb\",\"itemListElement\":[{\"@type\":\"ListItem\",\"position\":1,\"name\":\"Home\",\"item\":\"https:\/\/arteeluoghi.it\/\"},{\"@type\":\"ListItem\",\"position\":2,\"name\":\"\u201cVal\u00e9rie\u201d di Maria Cristina Impagnatiello\"}]},{\"@type\":\"Article\",\"@id\":\"https:\/\/arteeluoghi.it\/index.php\/2021\/03\/21\/valerie-di-maria-cristina-impagnatiello\/#article\",\"isPartOf\":{\"@id\":\"https:\/\/arteeluoghi.it\/index.php\/2021\/03\/21\/valerie-di-maria-cristina-impagnatiello\/#webpage\"},\"author\":{\"@id\":\"https:\/\/arteeluoghi.it\/#\/schema\/person\/f84e814e36e91e01448ee07eaadd41d4\"},\"headline\":\"\u201cVal\u00e9rie\u201d di Maria Cristina Impagnatiello\",\"datePublished\":\"2021-03-20T23:07:44+00:00\",\"dateModified\":\"2021-06-01T22:10:44+00:00\",\"mainEntityOfPage\":{\"@id\":\"https:\/\/arteeluoghi.it\/index.php\/2021\/03\/21\/valerie-di-maria-cristina-impagnatiello\/#webpage\"},\"wordCount\":451,\"commentCount\":0,\"publisher\":{\"@id\":\"https:\/\/arteeluoghi.it\/#organization\"},\"image\":{\"@id\":\"https:\/\/arteeluoghi.it\/index.php\/2021\/03\/21\/valerie-di-maria-cristina-impagnatiello\/#primaryimage\"},\"thumbnailUrl\":\"https:\/\/arteeluoghi.it\/wp-content\/uploads\/2021\/06\/20210209_134442.jpg\",\"keywords\":[\"#ladevotalettrice\",\"Cristina Impagnatiello\",\"Lucia Accoto\"],\"articleSection\":[\"#ladevotalettrice\",\"LIBRI\"],\"inLanguage\":\"it-IT\",\"potentialAction\":[{\"@type\":\"CommentAction\",\"name\":\"Comment\",\"target\":[\"https:\/\/arteeluoghi.it\/index.php\/2021\/03\/21\/valerie-di-maria-cristina-impagnatiello\/#respond\"]}]},{\"@type\":\"Person\",\"@id\":\"https:\/\/arteeluoghi.it\/#\/schema\/person\/f84e814e36e91e01448ee07eaadd41d4\",\"name\":\"Staff\",\"image\":{\"@type\":\"ImageObject\",\"@id\":\"https:\/\/arteeluoghi.it\/#personlogo\",\"inLanguage\":\"it-IT\",\"url\":\"https:\/\/secure.gravatar.com\/avatar\/49d2f9e46271bb04e19cebfaf141313a?s=96&d=blank&r=g\",\"contentUrl\":\"https:\/\/secure.gravatar.com\/avatar\/49d2f9e46271bb04e19cebfaf141313a?s=96&d=blank&r=g\",\"caption\":\"Staff\"}}]}<\/script>\n<!-- \/ Yoast SEO plugin. -->","yoast_head_json":{"title":"\u201cVal\u00e9rie\u201d di Maria Cristina Impagnatiello | Arte e Luoghi","description":"Nel romanzo Val\u00e9rie di Maria Cristina Impagnatiello sei l\u2019anima di un uomo che si lascia trascinare dagli eventi, ma che non \u00e8 onda egli stesso.","robots":{"index":"index","follow":"follow","max-snippet":"max-snippet:-1","max-image-preview":"max-image-preview:large","max-video-preview":"max-video-preview:-1"},"canonical":"https:\/\/arteeluoghi.it\/index.php\/2021\/03\/21\/valerie-di-maria-cristina-impagnatiello\/","og_locale":"it_IT","og_type":"article","og_title":"\u201cVal\u00e9rie\u201d di Maria Cristina Impagnatiello | Arte e Luoghi","og_description":"Nel romanzo Val\u00e9rie di Maria Cristina Impagnatiello sei l\u2019anima di un uomo che si lascia trascinare dagli eventi, ma che non \u00e8 onda egli stesso.","og_url":"https:\/\/arteeluoghi.it\/index.php\/2021\/03\/21\/valerie-di-maria-cristina-impagnatiello\/","og_site_name":"Arte e Luoghi","article_publisher":"https:\/\/www.facebook.com\/ArteELuoghi\/","article_published_time":"2021-03-20T23:07:44+00:00","article_modified_time":"2021-06-01T22:10:44+00:00","og_image":[{"width":1440,"height":1406,"url":"https:\/\/arteeluoghi.it\/wp-content\/uploads\/2021\/06\/20210209_134442.jpg","type":"image\/jpeg"}],"twitter_card":"summary","twitter_creator":"@arteeluoghi","twitter_site":"@arteeluoghi","twitter_misc":{"Scritto da":"Staff","Tempo di lettura stimato":"2 minuti"},"schema":{"@context":"https:\/\/schema.org","@graph":[{"@type":"Organization","@id":"https:\/\/arteeluoghi.it\/#organization","name":"Arte e Luoghi","url":"https:\/\/arteeluoghi.it\/","sameAs":["https:\/\/www.facebook.com\/ArteELuoghi\/","https:\/\/www.instagram.com\/arteeluoghi\/?hl=it","https:\/\/www.youtube.com\/channel\/UCuRVc4JW4-C5sg9rQB-srkw?view_as=subscriber","https:\/\/twitter.com\/arteeluoghi"],"logo":{"@type":"ImageObject","@id":"https:\/\/arteeluoghi.it\/#logo","inLanguage":"it-IT","url":"https:\/\/arteeluoghi.it\/wp-content\/uploads\/2018\/08\/logoinstagramarte.jpg","contentUrl":"https:\/\/arteeluoghi.it\/wp-content\/uploads\/2018\/08\/logoinstagramarte.jpg","width":150,"height":150,"caption":"Arte e Luoghi"},"image":{"@id":"https:\/\/arteeluoghi.it\/#logo"}},{"@type":"WebSite","@id":"https:\/\/arteeluoghi.it\/#website","url":"https:\/\/arteeluoghi.it\/","name":"Arte e Luoghi","description":"Mensile di arte, cultura, turismo e curiosit\u00e0","publisher":{"@id":"https:\/\/arteeluoghi.it\/#organization"},"potentialAction":[{"@type":"SearchAction","target":{"@type":"EntryPoint","urlTemplate":"https:\/\/arteeluoghi.it\/?s={search_term_string}"},"query-input":"required name=search_term_string"}],"inLanguage":"it-IT"},{"@type":"ImageObject","@id":"https:\/\/arteeluoghi.it\/index.php\/2021\/03\/21\/valerie-di-maria-cristina-impagnatiello\/#primaryimage","inLanguage":"it-IT","url":"https:\/\/arteeluoghi.it\/wp-content\/uploads\/2021\/06\/20210209_134442.jpg","contentUrl":"https:\/\/arteeluoghi.it\/wp-content\/uploads\/2021\/06\/20210209_134442.jpg","width":1440,"height":1406},{"@type":"WebPage","@id":"https:\/\/arteeluoghi.it\/index.php\/2021\/03\/21\/valerie-di-maria-cristina-impagnatiello\/#webpage","url":"https:\/\/arteeluoghi.it\/index.php\/2021\/03\/21\/valerie-di-maria-cristina-impagnatiello\/","name":"\u201cVal\u00e9rie\u201d di Maria Cristina Impagnatiello | Arte e Luoghi","isPartOf":{"@id":"https:\/\/arteeluoghi.it\/#website"},"primaryImageOfPage":{"@id":"https:\/\/arteeluoghi.it\/index.php\/2021\/03\/21\/valerie-di-maria-cristina-impagnatiello\/#primaryimage"},"datePublished":"2021-03-20T23:07:44+00:00","dateModified":"2021-06-01T22:10:44+00:00","description":"Nel romanzo Val\u00e9rie di Maria Cristina Impagnatiello sei l\u2019anima di un uomo che si lascia trascinare dagli eventi, ma che non \u00e8 onda egli stesso.","breadcrumb":{"@id":"https:\/\/arteeluoghi.it\/index.php\/2021\/03\/21\/valerie-di-maria-cristina-impagnatiello\/#breadcrumb"},"inLanguage":"it-IT","potentialAction":[{"@type":"ReadAction","target":["https:\/\/arteeluoghi.it\/index.php\/2021\/03\/21\/valerie-di-maria-cristina-impagnatiello\/"]}]},{"@type":"BreadcrumbList","@id":"https:\/\/arteeluoghi.it\/index.php\/2021\/03\/21\/valerie-di-maria-cristina-impagnatiello\/#breadcrumb","itemListElement":[{"@type":"ListItem","position":1,"name":"Home","item":"https:\/\/arteeluoghi.it\/"},{"@type":"ListItem","position":2,"name":"\u201cVal\u00e9rie\u201d di Maria Cristina Impagnatiello"}]},{"@type":"Article","@id":"https:\/\/arteeluoghi.it\/index.php\/2021\/03\/21\/valerie-di-maria-cristina-impagnatiello\/#article","isPartOf":{"@id":"https:\/\/arteeluoghi.it\/index.php\/2021\/03\/21\/valerie-di-maria-cristina-impagnatiello\/#webpage"},"author":{"@id":"https:\/\/arteeluoghi.it\/#\/schema\/person\/f84e814e36e91e01448ee07eaadd41d4"},"headline":"\u201cVal\u00e9rie\u201d di Maria Cristina Impagnatiello","datePublished":"2021-03-20T23:07:44+00:00","dateModified":"2021-06-01T22:10:44+00:00","mainEntityOfPage":{"@id":"https:\/\/arteeluoghi.it\/index.php\/2021\/03\/21\/valerie-di-maria-cristina-impagnatiello\/#webpage"},"wordCount":451,"commentCount":0,"publisher":{"@id":"https:\/\/arteeluoghi.it\/#organization"},"image":{"@id":"https:\/\/arteeluoghi.it\/index.php\/2021\/03\/21\/valerie-di-maria-cristina-impagnatiello\/#primaryimage"},"thumbnailUrl":"https:\/\/arteeluoghi.it\/wp-content\/uploads\/2021\/06\/20210209_134442.jpg","keywords":["#ladevotalettrice","Cristina Impagnatiello","Lucia Accoto"],"articleSection":["#ladevotalettrice","LIBRI"],"inLanguage":"it-IT","potentialAction":[{"@type":"CommentAction","name":"Comment","target":["https:\/\/arteeluoghi.it\/index.php\/2021\/03\/21\/valerie-di-maria-cristina-impagnatiello\/#respond"]}]},{"@type":"Person","@id":"https:\/\/arteeluoghi.it\/#\/schema\/person\/f84e814e36e91e01448ee07eaadd41d4","name":"Staff","image":{"@type":"ImageObject","@id":"https:\/\/arteeluoghi.it\/#personlogo","inLanguage":"it-IT","url":"https:\/\/secure.gravatar.com\/avatar\/49d2f9e46271bb04e19cebfaf141313a?s=96&d=blank&r=g","contentUrl":"https:\/\/secure.gravatar.com\/avatar\/49d2f9e46271bb04e19cebfaf141313a?s=96&d=blank&r=g","caption":"Staff"}}]}},"_links":{"self":[{"href":"https:\/\/arteeluoghi.it\/index.php\/wp-json\/wp\/v2\/posts\/10045"}],"collection":[{"href":"https:\/\/arteeluoghi.it\/index.php\/wp-json\/wp\/v2\/posts"}],"about":[{"href":"https:\/\/arteeluoghi.it\/index.php\/wp-json\/wp\/v2\/types\/post"}],"author":[{"embeddable":true,"href":"https:\/\/arteeluoghi.it\/index.php\/wp-json\/wp\/v2\/users\/1"}],"replies":[{"embeddable":true,"href":"https:\/\/arteeluoghi.it\/index.php\/wp-json\/wp\/v2\/comments?post=10045"}],"version-history":[{"count":1,"href":"https:\/\/arteeluoghi.it\/index.php\/wp-json\/wp\/v2\/posts\/10045\/revisions"}],"predecessor-version":[{"id":10047,"href":"https:\/\/arteeluoghi.it\/index.php\/wp-json\/wp\/v2\/posts\/10045\/revisions\/10047"}],"wp:featuredmedia":[{"embeddable":true,"href":"https:\/\/arteeluoghi.it\/index.php\/wp-json\/wp\/v2\/media\/10046"}],"wp:attachment":[{"href":"https:\/\/arteeluoghi.it\/index.php\/wp-json\/wp\/v2\/media?parent=10045"}],"wp:term":[{"taxonomy":"category","embeddable":true,"href":"https:\/\/arteeluoghi.it\/index.php\/wp-json\/wp\/v2\/categories?post=10045"},{"taxonomy":"post_tag","embeddable":true,"href":"https:\/\/arteeluoghi.it\/index.php\/wp-json\/wp\/v2\/tags?post=10045"}],"curies":[{"name":"wp","href":"https:\/\/api.w.org\/{rel}","templated":true}]}}