{"id":1014,"date":"2013-02-04T13:16:41","date_gmt":"2013-02-04T12:16:41","guid":{"rendered":"http:\/\/arteeluoghi.it\/index.php\/2013\/02\/04\/verri\/"},"modified":"2017-08-06T23:59:17","modified_gmt":"2017-08-06T21:59:17","slug":"verri","status":"publish","type":"post","link":"https:\/\/arteeluoghi.it\/index.php\/2013\/02\/04\/verri\/","title":{"rendered":"per Antonio L.Verri"},"content":{"rendered":"<p><span class=\"userContent\"><span style=\"font-size: xx-large;\">dal Salento<\/span><br \/><\/span><\/p>\n<p><span class=\"userContent\">ad Antonio L. Verri<br \/><\/span><\/p>\n<p><span class=\"userContent\">Per febbraio \u00e8 il n.22 di Diversalit\u00e0 Poetiche, interamente dedicato ad Antonio L. Verri.<br \/> Il Foglio Poetico sar\u00e0 distribuito la serata del 22 febbraio al <em>Mocambo<\/em> di Sternatia (Lecce). <\/span><\/p>\n<p><img loading=\"lazy\" src=\"\/images\/stories\/ventidue.jpg\" border=\"0\" width=\"335\" height=\"233\" style=\"float: right; border: 3px solid black;\" \/><\/p>\n<p style=\"text-align: justify;\"><span class=\"userContent\"> Venerd\u00ec 22 febbraio 2013, Antonio L. Verri avrebbe compiuto 63 anni. Purtroppo l&#8217;angelo<span class=\"text_exposed_show\"> nero dalle ali di falce se l&#8217;\u00e8 portato via prima, quando aveva appena compiuto 44 anni. Era il 9 maggio 1993, veniva la domenica che era la Festa della mamma. <br \/> Allora, nel giorno del suo compleanno, vecchi e nuovi amici e compagni di ventura si ritroveranno al Mocambo di Sternatia, da Vito Maniglio, ci sar\u00e0 chi vorr\u00e0 mangiare, chi vorr\u00e0 leggere qualche poesia, chi vorr\u00e0 cantare, chi suonare&#8230;<\/span><\/span><\/p>\n<p style=\"text-align: justify;\"><span class=\"userContent\"><span class=\"text_exposed_show\"> La porta \u00e8 aperta e un buon bicchiere di rosso non sar\u00e0 negato a nessuno &#8230;<\/p>\n<p> In questo numero:<br \/> \u2022 Antonio L. Verri diario 18 -3 &#8211; 1984<br \/> \u2022 Francesco Pasca &#8211; la Pietra di Carta <br \/> \u2022 Maurizio Nocera \u2013 i Luoghi di Antonio &#8211;<br \/> \u2022 Luciano Pagano \u2013 caro Antonio<br \/> \u2022 Antonio Errico &#8211; il sogno di un Declaro <br \/> \u2022 Ada Donno &#8211; On Board <br \/> \u2022 Francesco Aprile &#8211; Atlante verriano<br \/> \u2022 Elio Coriano &#8211; haiku per Verri<br \/> \u2022 Mauro Marino \u2013 E se (ad A.L.Verri) <br \/> \u2022 Pippi Greco &#8211; Parole te cumete<\/span><\/span><\/p>\n","protected":false},"excerpt":{"rendered":"<p>dal Salento ad Antonio L. Verri Per febbraio \u00e8 il n.22 di Diversalit\u00e0 Poetiche, interamente dedicato ad Antonio L. Verri.<\/p>\n","protected":false},"author":1,"featured_media":0,"comment_status":"open","ping_status":"open","sticky":false,"template":"","format":"standard","meta":[],"categories":[28],"tags":[],"yoast_head":"<!-- This site is optimized with the Yoast SEO plugin v18.0 - https:\/\/yoast.com\/wordpress\/plugins\/seo\/ -->\n<title>per Antonio L.Verri | Arte e Luoghi<\/title>\n<meta name=\"robots\" content=\"index, follow, max-snippet:-1, max-image-preview:large, max-video-preview:-1\" \/>\n<link rel=\"canonical\" href=\"https:\/\/arteeluoghi.it\/index.php\/2013\/02\/04\/verri\/\" \/>\n<meta property=\"og:locale\" content=\"it_IT\" \/>\n<meta property=\"og:type\" content=\"article\" \/>\n<meta property=\"og:title\" content=\"per Antonio L.Verri | Arte e Luoghi\" \/>\n<meta property=\"og:description\" content=\"dal Salento ad Antonio L. Verri Per febbraio \u00e8 il n.22 di Diversalit\u00e0 Poetiche, interamente dedicato ad Antonio L. Verri.\" \/>\n<meta property=\"og:url\" content=\"https:\/\/arteeluoghi.it\/index.php\/2013\/02\/04\/verri\/\" \/>\n<meta property=\"og:site_name\" content=\"Arte e Luoghi\" \/>\n<meta property=\"article:publisher\" content=\"https:\/\/www.facebook.com\/ArteELuoghi\/\" \/>\n<meta property=\"article:published_time\" content=\"2013-02-04T12:16:41+00:00\" \/>\n<meta property=\"article:modified_time\" content=\"2017-08-06T21:59:17+00:00\" \/>\n<meta property=\"og:image\" content=\"https:\/\/arteeluoghi.it\/images\/stories\/ventidue.jpg\" \/>\n<meta name=\"twitter:card\" content=\"summary\" \/>\n<meta name=\"twitter:creator\" content=\"@arteeluoghi\" \/>\n<meta name=\"twitter:site\" content=\"@arteeluoghi\" \/>\n<meta name=\"twitter:label1\" content=\"Scritto da\" \/>\n\t<meta name=\"twitter:data1\" content=\"Staff\" \/>\n\t<meta name=\"twitter:label2\" content=\"Tempo di lettura stimato\" \/>\n\t<meta name=\"twitter:data2\" content=\"1 minuto\" \/>\n<script type=\"application\/ld+json\" class=\"yoast-schema-graph\">{\"@context\":\"https:\/\/schema.org\",\"@graph\":[{\"@type\":\"Organization\",\"@id\":\"https:\/\/arteeluoghi.it\/#organization\",\"name\":\"Arte e Luoghi\",\"url\":\"https:\/\/arteeluoghi.it\/\",\"sameAs\":[\"https:\/\/www.facebook.com\/ArteELuoghi\/\",\"https:\/\/www.instagram.com\/arteeluoghi\/?hl=it\",\"https:\/\/www.youtube.com\/channel\/UCuRVc4JW4-C5sg9rQB-srkw?view_as=subscriber\",\"https:\/\/twitter.com\/arteeluoghi\"],\"logo\":{\"@type\":\"ImageObject\",\"@id\":\"https:\/\/arteeluoghi.it\/#logo\",\"inLanguage\":\"it-IT\",\"url\":\"https:\/\/arteeluoghi.it\/wp-content\/uploads\/2018\/08\/logoinstagramarte.jpg\",\"contentUrl\":\"https:\/\/arteeluoghi.it\/wp-content\/uploads\/2018\/08\/logoinstagramarte.jpg\",\"width\":150,\"height\":150,\"caption\":\"Arte e Luoghi\"},\"image\":{\"@id\":\"https:\/\/arteeluoghi.it\/#logo\"}},{\"@type\":\"WebSite\",\"@id\":\"https:\/\/arteeluoghi.it\/#website\",\"url\":\"https:\/\/arteeluoghi.it\/\",\"name\":\"Arte e Luoghi\",\"description\":\"Mensile di arte, cultura, turismo e curiosit\u00e0\",\"publisher\":{\"@id\":\"https:\/\/arteeluoghi.it\/#organization\"},\"potentialAction\":[{\"@type\":\"SearchAction\",\"target\":{\"@type\":\"EntryPoint\",\"urlTemplate\":\"https:\/\/arteeluoghi.it\/?s={search_term_string}\"},\"query-input\":\"required name=search_term_string\"}],\"inLanguage\":\"it-IT\"},{\"@type\":\"ImageObject\",\"@id\":\"https:\/\/arteeluoghi.it\/index.php\/2013\/02\/04\/verri\/#primaryimage\",\"inLanguage\":\"it-IT\",\"url\":\"\/images\/stories\/ventidue.jpg\",\"contentUrl\":\"\/images\/stories\/ventidue.jpg\"},{\"@type\":\"WebPage\",\"@id\":\"https:\/\/arteeluoghi.it\/index.php\/2013\/02\/04\/verri\/#webpage\",\"url\":\"https:\/\/arteeluoghi.it\/index.php\/2013\/02\/04\/verri\/\",\"name\":\"per Antonio L.Verri | Arte e Luoghi\",\"isPartOf\":{\"@id\":\"https:\/\/arteeluoghi.it\/#website\"},\"primaryImageOfPage\":{\"@id\":\"https:\/\/arteeluoghi.it\/index.php\/2013\/02\/04\/verri\/#primaryimage\"},\"datePublished\":\"2013-02-04T12:16:41+00:00\",\"dateModified\":\"2017-08-06T21:59:17+00:00\",\"breadcrumb\":{\"@id\":\"https:\/\/arteeluoghi.it\/index.php\/2013\/02\/04\/verri\/#breadcrumb\"},\"inLanguage\":\"it-IT\",\"potentialAction\":[{\"@type\":\"ReadAction\",\"target\":[\"https:\/\/arteeluoghi.it\/index.php\/2013\/02\/04\/verri\/\"]}]},{\"@type\":\"BreadcrumbList\",\"@id\":\"https:\/\/arteeluoghi.it\/index.php\/2013\/02\/04\/verri\/#breadcrumb\",\"itemListElement\":[{\"@type\":\"ListItem\",\"position\":1,\"name\":\"Home\",\"item\":\"https:\/\/arteeluoghi.it\/\"},{\"@type\":\"ListItem\",\"position\":2,\"name\":\"per Antonio L.Verri\"}]},{\"@type\":\"Article\",\"@id\":\"https:\/\/arteeluoghi.it\/index.php\/2013\/02\/04\/verri\/#article\",\"isPartOf\":{\"@id\":\"https:\/\/arteeluoghi.it\/index.php\/2013\/02\/04\/verri\/#webpage\"},\"author\":{\"@id\":\"https:\/\/arteeluoghi.it\/#\/schema\/person\/f84e814e36e91e01448ee07eaadd41d4\"},\"headline\":\"per Antonio L.Verri\",\"datePublished\":\"2013-02-04T12:16:41+00:00\",\"dateModified\":\"2017-08-06T21:59:17+00:00\",\"mainEntityOfPage\":{\"@id\":\"https:\/\/arteeluoghi.it\/index.php\/2013\/02\/04\/verri\/#webpage\"},\"wordCount\":191,\"commentCount\":0,\"publisher\":{\"@id\":\"https:\/\/arteeluoghi.it\/#organization\"},\"image\":{\"@id\":\"https:\/\/arteeluoghi.it\/index.php\/2013\/02\/04\/verri\/#primaryimage\"},\"thumbnailUrl\":\"\/images\/stories\/ventidue.jpg\",\"articleSection\":[\"Notizie\"],\"inLanguage\":\"it-IT\",\"potentialAction\":[{\"@type\":\"CommentAction\",\"name\":\"Comment\",\"target\":[\"https:\/\/arteeluoghi.it\/index.php\/2013\/02\/04\/verri\/#respond\"]}]},{\"@type\":\"Person\",\"@id\":\"https:\/\/arteeluoghi.it\/#\/schema\/person\/f84e814e36e91e01448ee07eaadd41d4\",\"name\":\"Staff\",\"image\":{\"@type\":\"ImageObject\",\"@id\":\"https:\/\/arteeluoghi.it\/#personlogo\",\"inLanguage\":\"it-IT\",\"url\":\"https:\/\/secure.gravatar.com\/avatar\/49d2f9e46271bb04e19cebfaf141313a?s=96&d=blank&r=g\",\"contentUrl\":\"https:\/\/secure.gravatar.com\/avatar\/49d2f9e46271bb04e19cebfaf141313a?s=96&d=blank&r=g\",\"caption\":\"Staff\"}}]}<\/script>\n<!-- \/ Yoast SEO plugin. -->","yoast_head_json":{"title":"per Antonio L.Verri | Arte e Luoghi","robots":{"index":"index","follow":"follow","max-snippet":"max-snippet:-1","max-image-preview":"max-image-preview:large","max-video-preview":"max-video-preview:-1"},"canonical":"https:\/\/arteeluoghi.it\/index.php\/2013\/02\/04\/verri\/","og_locale":"it_IT","og_type":"article","og_title":"per Antonio L.Verri | Arte e Luoghi","og_description":"dal Salento ad Antonio L. Verri Per febbraio \u00e8 il n.22 di Diversalit\u00e0 Poetiche, interamente dedicato ad Antonio L. Verri.","og_url":"https:\/\/arteeluoghi.it\/index.php\/2013\/02\/04\/verri\/","og_site_name":"Arte e Luoghi","article_publisher":"https:\/\/www.facebook.com\/ArteELuoghi\/","article_published_time":"2013-02-04T12:16:41+00:00","article_modified_time":"2017-08-06T21:59:17+00:00","og_image":[{"url":"https:\/\/arteeluoghi.it\/images\/stories\/ventidue.jpg"}],"twitter_card":"summary","twitter_creator":"@arteeluoghi","twitter_site":"@arteeluoghi","twitter_misc":{"Scritto da":"Staff","Tempo di lettura stimato":"1 minuto"},"schema":{"@context":"https:\/\/schema.org","@graph":[{"@type":"Organization","@id":"https:\/\/arteeluoghi.it\/#organization","name":"Arte e Luoghi","url":"https:\/\/arteeluoghi.it\/","sameAs":["https:\/\/www.facebook.com\/ArteELuoghi\/","https:\/\/www.instagram.com\/arteeluoghi\/?hl=it","https:\/\/www.youtube.com\/channel\/UCuRVc4JW4-C5sg9rQB-srkw?view_as=subscriber","https:\/\/twitter.com\/arteeluoghi"],"logo":{"@type":"ImageObject","@id":"https:\/\/arteeluoghi.it\/#logo","inLanguage":"it-IT","url":"https:\/\/arteeluoghi.it\/wp-content\/uploads\/2018\/08\/logoinstagramarte.jpg","contentUrl":"https:\/\/arteeluoghi.it\/wp-content\/uploads\/2018\/08\/logoinstagramarte.jpg","width":150,"height":150,"caption":"Arte e Luoghi"},"image":{"@id":"https:\/\/arteeluoghi.it\/#logo"}},{"@type":"WebSite","@id":"https:\/\/arteeluoghi.it\/#website","url":"https:\/\/arteeluoghi.it\/","name":"Arte e Luoghi","description":"Mensile di arte, cultura, turismo e curiosit\u00e0","publisher":{"@id":"https:\/\/arteeluoghi.it\/#organization"},"potentialAction":[{"@type":"SearchAction","target":{"@type":"EntryPoint","urlTemplate":"https:\/\/arteeluoghi.it\/?s={search_term_string}"},"query-input":"required name=search_term_string"}],"inLanguage":"it-IT"},{"@type":"ImageObject","@id":"https:\/\/arteeluoghi.it\/index.php\/2013\/02\/04\/verri\/#primaryimage","inLanguage":"it-IT","url":"\/images\/stories\/ventidue.jpg","contentUrl":"\/images\/stories\/ventidue.jpg"},{"@type":"WebPage","@id":"https:\/\/arteeluoghi.it\/index.php\/2013\/02\/04\/verri\/#webpage","url":"https:\/\/arteeluoghi.it\/index.php\/2013\/02\/04\/verri\/","name":"per Antonio L.Verri | Arte e Luoghi","isPartOf":{"@id":"https:\/\/arteeluoghi.it\/#website"},"primaryImageOfPage":{"@id":"https:\/\/arteeluoghi.it\/index.php\/2013\/02\/04\/verri\/#primaryimage"},"datePublished":"2013-02-04T12:16:41+00:00","dateModified":"2017-08-06T21:59:17+00:00","breadcrumb":{"@id":"https:\/\/arteeluoghi.it\/index.php\/2013\/02\/04\/verri\/#breadcrumb"},"inLanguage":"it-IT","potentialAction":[{"@type":"ReadAction","target":["https:\/\/arteeluoghi.it\/index.php\/2013\/02\/04\/verri\/"]}]},{"@type":"BreadcrumbList","@id":"https:\/\/arteeluoghi.it\/index.php\/2013\/02\/04\/verri\/#breadcrumb","itemListElement":[{"@type":"ListItem","position":1,"name":"Home","item":"https:\/\/arteeluoghi.it\/"},{"@type":"ListItem","position":2,"name":"per Antonio L.Verri"}]},{"@type":"Article","@id":"https:\/\/arteeluoghi.it\/index.php\/2013\/02\/04\/verri\/#article","isPartOf":{"@id":"https:\/\/arteeluoghi.it\/index.php\/2013\/02\/04\/verri\/#webpage"},"author":{"@id":"https:\/\/arteeluoghi.it\/#\/schema\/person\/f84e814e36e91e01448ee07eaadd41d4"},"headline":"per Antonio L.Verri","datePublished":"2013-02-04T12:16:41+00:00","dateModified":"2017-08-06T21:59:17+00:00","mainEntityOfPage":{"@id":"https:\/\/arteeluoghi.it\/index.php\/2013\/02\/04\/verri\/#webpage"},"wordCount":191,"commentCount":0,"publisher":{"@id":"https:\/\/arteeluoghi.it\/#organization"},"image":{"@id":"https:\/\/arteeluoghi.it\/index.php\/2013\/02\/04\/verri\/#primaryimage"},"thumbnailUrl":"\/images\/stories\/ventidue.jpg","articleSection":["Notizie"],"inLanguage":"it-IT","potentialAction":[{"@type":"CommentAction","name":"Comment","target":["https:\/\/arteeluoghi.it\/index.php\/2013\/02\/04\/verri\/#respond"]}]},{"@type":"Person","@id":"https:\/\/arteeluoghi.it\/#\/schema\/person\/f84e814e36e91e01448ee07eaadd41d4","name":"Staff","image":{"@type":"ImageObject","@id":"https:\/\/arteeluoghi.it\/#personlogo","inLanguage":"it-IT","url":"https:\/\/secure.gravatar.com\/avatar\/49d2f9e46271bb04e19cebfaf141313a?s=96&d=blank&r=g","contentUrl":"https:\/\/secure.gravatar.com\/avatar\/49d2f9e46271bb04e19cebfaf141313a?s=96&d=blank&r=g","caption":"Staff"}}]}},"_links":{"self":[{"href":"https:\/\/arteeluoghi.it\/index.php\/wp-json\/wp\/v2\/posts\/1014"}],"collection":[{"href":"https:\/\/arteeluoghi.it\/index.php\/wp-json\/wp\/v2\/posts"}],"about":[{"href":"https:\/\/arteeluoghi.it\/index.php\/wp-json\/wp\/v2\/types\/post"}],"author":[{"embeddable":true,"href":"https:\/\/arteeluoghi.it\/index.php\/wp-json\/wp\/v2\/users\/1"}],"replies":[{"embeddable":true,"href":"https:\/\/arteeluoghi.it\/index.php\/wp-json\/wp\/v2\/comments?post=1014"}],"version-history":[{"count":1,"href":"https:\/\/arteeluoghi.it\/index.php\/wp-json\/wp\/v2\/posts\/1014\/revisions"}],"predecessor-version":[{"id":3108,"href":"https:\/\/arteeluoghi.it\/index.php\/wp-json\/wp\/v2\/posts\/1014\/revisions\/3108"}],"wp:attachment":[{"href":"https:\/\/arteeluoghi.it\/index.php\/wp-json\/wp\/v2\/media?parent=1014"}],"wp:term":[{"taxonomy":"category","embeddable":true,"href":"https:\/\/arteeluoghi.it\/index.php\/wp-json\/wp\/v2\/categories?post=1014"},{"taxonomy":"post_tag","embeddable":true,"href":"https:\/\/arteeluoghi.it\/index.php\/wp-json\/wp\/v2\/tags?post=1014"}],"curies":[{"name":"wp","href":"https:\/\/api.w.org\/{rel}","templated":true}]}}