{"id":1018,"date":"2013-02-05T17:44:11","date_gmt":"2013-02-05T16:44:11","guid":{"rendered":"http:\/\/arteeluoghi.it\/index.php\/2013\/02\/05\/de-nittis-a-padova\/"},"modified":"2013-02-05T17:44:11","modified_gmt":"2013-02-05T16:44:11","slug":"de-nittis-a-padova","status":"publish","type":"post","link":"https:\/\/arteeluoghi.it\/index.php\/2013\/02\/05\/de-nittis-a-padova\/","title":{"rendered":"De Nittis a Padova"},"content":{"rendered":"<p><img src=\"\/images\/20.Figura%20di%20donna.jpg\" border=\"0\" title=\"Giuseppe De Nittis, Figura di donna, 1880 Olio su tela, cm. 79x38 Barletta, Pinacoteca Giuseppe De Nittis (foto Pierluigi Siena, Roma)\" width=\"300\" style=\"margin: 21px; float: left;\" \/><\/p>\n<p><strong>\u00a0<\/strong><\/p>\n<p>A Padova, Palazzo Zabarella, fino al 26 maggio 2013<strong><br \/><\/strong><\/p>\n<p><span style=\"font-size: small;\"><strong>DE NITTIS<\/strong><\/span><\/p>\n<p><span style=\"font-size: small;\"><strong>\u00a0L&#8217;Arte, l&#8217;Amore, la Vita<\/strong><\/span><\/p>\n<p><span style=\"font-size: small;\">di Antonietta Fulvio<strong><br \/><\/strong><\/span><\/p>\n<p>\u00a0<\/p>\n<p>\u00a0<\/p>\n<p>\u201c<em>A volte, felice, restavo sotto gli improvvisi acquazzoni. Perch\u00e9, credetemi, l\u2019atmosfera io la conosco bene; e l\u2019ho dipinta tante volte. Conosco tutti i colori, tutti i segreti dell\u2019aria e del cielo nella loro intima natura. Oh, il cielo!<\/em><\/p>\n<p><em>La natura, io le sono cos\u00ec vicino! L\u2019amo! Quante gioie mi ha dato! Mi ha insegnato tutto: amore e generosit\u00e0. Mi ha svelato la verit\u00e0 che si cela nel mito\u2026 Anteo che riprendeva vigore ogni volta che toccava la Terra, la grande Terra!<\/em><\/p>\n<p><em>E con loro il cielo che io mi raffiguro i paesi ove sono vissuto: Napoli, Parigi, Londra.<\/em><\/p>\n<p><em>Li ho amati tutti. Amo la vita, amo la natura.<\/em><\/p>\n<p><em>Amo tutto ci\u00f2 che ho dipinto<\/em>\u201d.<\/p>\n<p>\u00a0<\/p>\n<p>In queste parole di Giuseppe De Nittis, annotate nel suo <em>Taccuino<\/em> (1870 \u2013 1884),\u00a0 \u00e8 racchiusa la sua poetica, il suo incontenibile amore per la pittura, per l\u2019Arte. Un amore scoperto giovanissimo quando dalla natia Barletta si era trasferito a Napoli. Una scelta non ben vista dal fratello Vincenzo divenuto il responsabile della famiglia: la madre se ne era andata, quando Giuseppe aveva solo tre anni, annientata dal dolore perch\u00e9 suo marito, ricco proprietario terriero, era stato imprigionato a causa delle sue idee sovversive. Ma Napoli con le sue strade, tra i vicoli e il mare, fu la citt\u00e0 di formazione: entrato all\u2019Istituto di Belle Arti la sua insofferenza verso la dittatura accademica gli valse l\u2019autorizzazione a fare studi dal vero in campagna. \u00ab<em>Abbandonai la scuola e diventai mio unico maestro<\/em>\u00bb. Le sperimentazioni dal vero con De Gregorio e Rossano, l\u2019amicizia con Cecioni, riempiono gli anni fra il \u201964 e il \u201967, quelli della \u201cScuola di Resina\u201d raccontata tra l\u2019altro in questi giorni in una bella mostra in corso a Napoli negli spazi della Quadreria del Pio Monte della Misericordia.<\/p>\n<p>  <!--more-->  <\/p>\n<p><img src=\"\/images\/12.Lungo%20la%20Senna.jpg\" border=\"0\" title=\"Giuseppe De Nittis, Lungo la Senna, 1876 circa Pastello su tela, cm. 52x71,5 Collezione privata (foto Fotodarte.it)\" width=\"400\" style=\"margin: 21px; float: right;\" \/><\/p>\n<p>Tra il 1864 e il \u201966 dipinge capolavori come \u201c<em>Appuntamento nel bosco di Portici<\/em>\u201d, il \u201c<em>Casale nei dintorni di Napoli<\/em>\u201d, \u201c<em>L\u2019Ofantino<\/em>\u201d. Sono \u201cAnni di libert\u00e0, di felicit\u00e0 all\u2019aria aperta vissuta in una sorta di vagabondaggio a Resina, in campagna, sul mare, di nuovo lungo le rive dell\u2019Ofanto, nelle distese del Tavoliere, scenari sui quali il giovanissimo Giuseppe esercita una ipersensibilit\u00e0 ottico-emotiva dallo sguardo \u201cintelligente\u201d, capace di registrare le variazioni della natura, della luce e dei cieli nella loro essenzialit\u00e0, liberate da ogni sovrastruttura letteraria o retorica.\u201d &#8211; scrive nel saggio in catalogo Emanuela Angiuli, curatrice insieme a Fernando Mazzocca della mostra promossa dalla Fondazione Bano di Padova e dalla Fondazione Antonveneta nel solco di un progetto decennale sulla pittura dell\u2019Ottocento italiano.<\/p>\n<p><img src=\"\/images\/26.Il%20salotto%20della%20Principessa%20Matilde.jpg\" border=\"0\" title=\"Giuseppe De Nittis, Il salotto della principessa Matilde, 1883 Pastello su tela, cm. 80x71 Mus\u00e9e Joseph Denais Beaufort-en-Vall\u00e9 (Clich\u00e9 conservation d\u00e9partementale des Mus\u00e9es de Maine-et-Loire, B. Rousseau)\" width=\"350\" style=\"margin: 21px; float: left;\" \/>\u201cPrendendo avvio da quanto emerso dalla rassegna che, tra la fine del 2010 e l\u2019inizio del 2011, il Petit Palais di Parigi ha riservato all\u2019artista, l\u2019iniziativa &#8211; spiega il presidente Federico Bano &#8211; segna una svolta negli studi e nella valorizzazione internazionale del pittore pugliese, grazie anche al recupero di lavori non presenti in quella occasione, alcuni dei quali ignoti alla critica, altri assenti dall\u2019Italia da molto tempo, come quelli che appartengono al ciclo delle vedute londinesi\u201d.<\/p>\n<p>Inaugurata lo scorso 19 gennaio la mostra allestita nelle sale di Palazzo Zabarella sar\u00e0 visitabile fino al 26 maggio 2013. Centoventi le opere in rassegna provenienti dalle maggiori istituzioni francesi, tra cui il Petit Palais di Parigi, il Mus\u00e9e Carnavalet di Parigi, il Mus\u00e9e des Beaux-Arts di Reims, e dai pi\u00f9 importanti musei e gallerie pubbliche italiane: oltre alla Pinacoteca De Nittis di Barletta, che possiede la straordinaria raccolta di dipinti rimasti nell\u2019atelier dell\u2019artista dopo la sua morte precoce, l\u2019elenco dei prestatori pu\u00f2 contare sull\u2019apporto della Pinacoteca Provinciale &#8220;C. Giaquinto&#8221; di Bari, della Galleria d&#8217;Arte Moderna di Palazzo Pitti di Firenze, delle Raccolte Frugone di Genova, della Galleria d\u2019Arte Moderna di Milano, del Museo di Capodimonte di Napoli, della Galleria d\u2019Arte Moderna Ricci Oddi di Piacenza, del Civico Museo Revoltella &#8211; Galleria d&#8217;Arte Moderna di Trieste, della Galleria Internazionale d&#8217;Arte Moderna di Ca\u2019 Pesaro di Venezia. A questi si aggiunge il contributo di prestigiose raccolte private, di storici collezionisti di De Nittis, il pi\u00f9 autorevole insieme a Boldini degli <em>Italiens de Paris. <\/em>Parigi fu il paese che \u201cuno sposa per amore e al quale da tutto se stesso\u201d . Nel 1868 De Nittis vi si trasfer\u00ec definitivamente, qui conobbe L\u00e9ontine Gruvelle, divenuta poi sua moglie, e partecip\u00f2 con successo quasi ogni anno ai Salon e alle Esposizioni universali conquistando il pubblico parigino e i pi\u00f9 importanti mercanti europei come Goupil e Reitingler e il banchiere londinese Kaye Knowles.<\/p>\n<p>Se De Nittis fu tanto amato in Francia \u00e8 perch\u00e9 seppe cogliere lo spirito parigino meglio di un parigino lo spiega nel suo saggio lo stesso Mazzocca \u201cDe Nittis aveva la predisposizione a diventare un insuperato interprete, nelle sue magnifiche vedute del lungo Senna, delle piazze, delle passeggiate nei parchi, come quelle allo sconfinato Bois de Boulogne, ma anche nei magnifici ritratti a pastello e nelle vedute dei salotti, della vita parigina\u201d. Dai paesaggi ai ritratti, De Nittis cattur\u00f2 sfumature, emozioni, attimi di vita effimera e struggente al tempo stesso come la visione di una bella donna: \u201c la donna \u00e8 senza dubbio una luce, uno sguardo, un invito alla felicit\u00e0, e talvolta il suono di una parola; ma soprattutto \u00e8 un\u2019armonia generale, non solo nel gesto e nell\u2019armonia delle membra, ma anche nelle mussole, nei veli, negli ampi e cangianti nembi di stoffe in cui si avvolge [\u2026]<\/p>\n<p>Ritrasse la natura <em>en plein air<\/em> riuscendo a catturare la luce nelle sue infinite declinazioni partendo dalle abbacinanti campagne pugliesi, percorrendo le strade polverose tra Barletta e Napoli, ritraendo il Vesuvio, dalla cima alle pendici, e poi Capri, Ischia, Portici, le rive dell\u2019Ofanto, della Senna e del Tamigi. Con la stessa sensibilit\u00e0 riusc\u00ec a catturare la vita che scorreva frenetica lungo i boulevard, negli ippodromi o nei salotti come quello celebre della principessa Matilde. Lui stesso con l\u2019amatissima Titine fu promotore dei \u201c<em>samedi de l\u2019amiti\u00e9<\/em>\u201d e rese la loro casa un punto d\u2019incontro per intellettuali e artisti tra i quali Zola, Oscar Wilde, Daudet, Dumas figlio, i Goncourt, Manet, Degas.<\/p>\n<p><img src=\"\/images\/30.Colazione%20in%20giardino.jpg\" border=\"0\" title=\"Giuseppe De Nittis, Colazione in giardino, 1883 - 1884 Olio su tela, cm. 81x117 Barletta, Pinacoteca Giuseppe De Nittis (foto Pierluigi Siena, Roma)\" width=\"300\" style=\"margin: 21px; float: left;\" \/>All\u2019Esposizione Universale del 1878 gli venne assegnata una medaglia d\u2019oro e la pi\u00f9 alta onorificenza nazionale, la L\u00e9gion d\u2019honneur.\u201d Nel 1874 \u00e8 alla prima esposizione degli Impressionisti con Degas nello studio fotografico di Nadar. L\u2019anno seguente espone al Salon\u00a0 \u00a0\u00a0\u201cL\u2019arco di trionfo\u201d, \u201cPiazza della Concordia sotto la pioggia\u201d il \u201cRitorno dalle corse\u201d, \u201cLe corse a Longchamps, scorci urbani e momenti frenetici di una citt\u00e0 che lo incuriosiva e lo affascinava \u00a0\u00a0diventando soggetto di una lunga narrazione pittorica. Nel 1884 si spense nella sua casa in campagna a Saint-Germain-en-Laye colpito da un ictus celebrale: aveva solo 38 anni e tantissimi progetti per l\u2019avvenire. \u201c<em>Saranno dei giorni magnifici e avremo tanti fiori, di ogni specie. Un vero paradiso. Alleveremo una quantit\u00e0 di animali bianchi, trampolieri rosa e ibis. \u00c8 un vecchio sogno!\u201d.<\/em><\/p>\n<p><em>\u00a0\u00a0\u00a0\u00a0\u00a0\u00a0\u00a0\u00a0\u00a0\u00a0\u00a0\u00a0\u00a0\u00a0\u00a0\u00a0\u00a0\u00a0\u00a0\u00a0\u00a0\u00a0\u00a0\u00a0\u00a0\u00a0\u00a0\u00a0\u00a0\u00a0\u00a0\u00a0\u00a0\u00a0\u00a0\u00a0\u00a0\u00a0\u00a0\u00a0\u00a0\u00a0\u00a0\u00a0\u00a0\u00a0 <\/em><\/p>\n<p><em>\u00a0<\/em><\/p>\n<p><img src=\"\/images\/5.Paesaggio%20vesuviano%20con%20la%20neve.jpg\" border=\"0\" title=\"Giuseppe De Nittis, Paesaggio vesuviano con la neve, 1872 Olio su tavola, cm. 8,8x18,2 Collezione privata, Vicenza (foto Giovanni Amoretti, Parma) \" width=\"300\" style=\"margin: 21px;\" \/>DE NITTIS<\/p>\n<p>Palazzo Zabarella<\/p>\n<p>Via San Francesco, 27<\/p>\n<p>35121 Padova<\/p>\n<p>\u00a0<\/p>\n<p><strong>informazioni e prenotazioni<\/strong><em>\u00a0\u00a0 <\/em><\/p>\n<p><strong>tel. 049.8753100<\/strong><\/p>\n<p><em><a href=\"mailto:info@palazzozabarella.it\">info@palazzozabarella.it<\/a> <\/em><\/p>\n<p><em><a href=\"mailto:prenotazioni@palazzozabarella.it\">prenotazioni@palazzozabarella.it<\/a><\/em><\/p>\n<p><em><a href=\"http:\/\/www.palazzozabarella.it\/\">www.palazzozabarella.it<\/a> <\/em><\/p>\n<p>\u00a0<\/p>\n<p><strong>orario mostra\u00a0\u00a0\u00a0\u00a0\u00a0\u00a0\u00a0\u00a0\u00a0\u00a0\u00a0\u00a0\u00a0\u00a0\u00a0\u00a0\u00a0\u00a0\u00a0\u00a0\u00a0\u00a0\u00a0 <\/strong><\/p>\n<p>Tutti i giorni 9.30 \u2013 19.00<\/p>\n<p>\u00a0(la biglietteria ch<strong>i<\/strong>ude 45 minuti prima)<\/p>\n<p>Chiuso il luned\u00ec non festivo<\/p>\n<p>\u00a0<\/p>\n<p>\u00a0<img src=\"\/images\/13.Ora%20tranquilla.jpg\" border=\"0\" title=\"Giuseppe De Nittis, Ora tranquilla, 1874 Olio su tela, cm. 57x92 Collezione privata, Vicenza (foto Giovanni Amoretti, Parma)\" width=\"300\" style=\"margin: 21px; float: right;\" \/><\/p>\n<p><strong>biglietti\u00a0\u00a0\u00a0\u00a0\u00a0\u00a0\u00a0\u00a0\u00a0\u00a0\u00a0\u00a0\u00a0\u00a0\u00a0\u00a0\u00a0\u00a0\u00a0\u00a0\u00a0\u00a0\u00a0\u00a0\u00a0\u00a0\u00a0\u00a0\u00a0\u00a0\u00a0\u00a0\u00a0 <\/strong><\/p>\n<p><strong>Intero: \u20ac 12.00<\/strong>\u00a0\u00a0\u00a0\u00a0\u00a0\u00a0\u00a0\u00a0\u00a0\u00a0\u00a0\u00a0\u00a0\u00a0\u00a0\u00a0\u00a0\u00a0\u00a0\u00a0\u00a0\u00a0<\/p>\n<p><strong>ridotto: \u20ac 9.00<\/strong> (over 65, soci FAI, soci Touring Club, insegnanti in attivit\u00e0, forze dell\u2019ordine e militari con tessera di riconoscimento, clienti Gruppo Montepaschi, viaggiatori Trenitalia in possesso di biglietto Alta velocit\u00e0 Frecciargento, ES City Frecciabianca, IC ed Exp con destinazione Padova e titolari di Cartafreccia); <strong>ridotto speciale: \u20ac 6.00 <\/strong>(ragazzi dai 6 ai 18 anni, studenti fino ai 25 anni, titolari Padova Card, titolari \u2018Carta giovani &#8211; Studiare a Padova card\u2019);<\/p>\n<p><strong>gratuito<\/strong>: bambini fino ai 5 anni compiuti (non in gruppo scolastico), guide autorizzate di Padova, giornalisti con tesserino, accompagnatore di visitatore diversamente abile.<\/p>\n<p>\u00a0<\/p>\n<p><strong>prenotazione\u00a0\u00a0\u00a0\u00a0\u00a0\u00a0\u00a0\u00a0\u00a0\u00a0\u00a0\u00a0\u00a0\u00a0\u00a0\u00a0\u00a0\u00a0\u00a0\u00a0\u00a0\u00a0\u00a0\u00a0\u00a0 <\/strong><\/p>\n<p>\u20ac 1.00 a persona (obbligatoria per gruppi e scolaresche)<\/p>\n<p>\u00a0<\/p>\n<p><strong>visite guidate<\/strong><\/p>\n<p><strong>Gruppi<\/strong>: da 15 a 25 persone max: \u20ac 110.00 Euro + \u20ac 9.00 per ogni singolo partecipante + \u20ac 1.00 di<\/p>\n<p>prevendita; 1 gratuit\u00e0 per capogruppo. <strong>Scuole<\/strong>: fino a 25 alunni: visita \u20ac \u00a050.00 + \u20ac 6.00 per ogni singolo<\/p>\n<p>partecipante + \u20ac 1.00 di prevendita; 2 gratuit\u00e0 per gli insegnanti.<\/p>\n<p>La tariffa non \u00e8 applicata a scuole di specializzazione e scuole di adulti; per visite effettuate il sabato e la domenica viene applicata la tariffa dei gruppi.<\/p>\n<p>\u00a0<\/p>\n<p>\u00a0<\/p>\n<p>\u00a0<\/p>\n<p>\u00a0<\/p>\n<p>\u00a0<\/p>\n<p>\u00a0<\/p>\n<p>\u00a0<\/p>\n<p>\u00a0<\/p>\n<p>\u00a0\u00a0<\/p>\n","protected":false},"excerpt":{"rendered":"<p>\u00a0 A Padova, Palazzo Zabarella, fino al 26 maggio 2013 DE NITTIS \u00a0L&#8217;Arte, l&#8217;Amore, la Vita di Antonietta Fulvio \u00a0<\/p>\n","protected":false},"author":1,"featured_media":0,"comment_status":"open","ping_status":"open","sticky":false,"template":"","format":"standard","meta":[],"categories":[40],"tags":[],"yoast_head":"<!-- This site is optimized with the Yoast SEO plugin v18.0 - https:\/\/yoast.com\/wordpress\/plugins\/seo\/ -->\n<title>De Nittis a Padova | Arte e Luoghi<\/title>\n<meta name=\"robots\" content=\"index, follow, max-snippet:-1, max-image-preview:large, max-video-preview:-1\" \/>\n<link rel=\"canonical\" href=\"https:\/\/arteeluoghi.it\/index.php\/2013\/02\/05\/de-nittis-a-padova\/\" \/>\n<meta property=\"og:locale\" content=\"it_IT\" \/>\n<meta property=\"og:type\" content=\"article\" \/>\n<meta property=\"og:title\" content=\"De Nittis a Padova | Arte e Luoghi\" \/>\n<meta property=\"og:description\" content=\"\u00a0 A Padova, Palazzo Zabarella, fino al 26 maggio 2013 DE NITTIS \u00a0L&#8217;Arte, l&#8217;Amore, la Vita di Antonietta Fulvio \u00a0\" \/>\n<meta property=\"og:url\" content=\"https:\/\/arteeluoghi.it\/index.php\/2013\/02\/05\/de-nittis-a-padova\/\" \/>\n<meta property=\"og:site_name\" content=\"Arte e Luoghi\" \/>\n<meta property=\"article:publisher\" content=\"https:\/\/www.facebook.com\/ArteELuoghi\/\" \/>\n<meta property=\"article:published_time\" content=\"2013-02-05T16:44:11+00:00\" \/>\n<meta property=\"og:image\" content=\"https:\/\/arteeluoghi.it\/images\/20.Figura%20di%20donna.jpg\" \/>\n<meta name=\"twitter:card\" content=\"summary\" \/>\n<meta name=\"twitter:creator\" content=\"@arteeluoghi\" \/>\n<meta name=\"twitter:site\" content=\"@arteeluoghi\" \/>\n<meta name=\"twitter:label1\" content=\"Scritto da\" \/>\n\t<meta name=\"twitter:data1\" content=\"Staff\" \/>\n\t<meta name=\"twitter:label2\" content=\"Tempo di lettura stimato\" \/>\n\t<meta name=\"twitter:data2\" content=\"7 minuti\" \/>\n<script type=\"application\/ld+json\" class=\"yoast-schema-graph\">{\"@context\":\"https:\/\/schema.org\",\"@graph\":[{\"@type\":\"Organization\",\"@id\":\"https:\/\/arteeluoghi.it\/#organization\",\"name\":\"Arte e Luoghi\",\"url\":\"https:\/\/arteeluoghi.it\/\",\"sameAs\":[\"https:\/\/www.facebook.com\/ArteELuoghi\/\",\"https:\/\/www.instagram.com\/arteeluoghi\/?hl=it\",\"https:\/\/www.youtube.com\/channel\/UCuRVc4JW4-C5sg9rQB-srkw?view_as=subscriber\",\"https:\/\/twitter.com\/arteeluoghi\"],\"logo\":{\"@type\":\"ImageObject\",\"@id\":\"https:\/\/arteeluoghi.it\/#logo\",\"inLanguage\":\"it-IT\",\"url\":\"https:\/\/arteeluoghi.it\/wp-content\/uploads\/2018\/08\/logoinstagramarte.jpg\",\"contentUrl\":\"https:\/\/arteeluoghi.it\/wp-content\/uploads\/2018\/08\/logoinstagramarte.jpg\",\"width\":150,\"height\":150,\"caption\":\"Arte e Luoghi\"},\"image\":{\"@id\":\"https:\/\/arteeluoghi.it\/#logo\"}},{\"@type\":\"WebSite\",\"@id\":\"https:\/\/arteeluoghi.it\/#website\",\"url\":\"https:\/\/arteeluoghi.it\/\",\"name\":\"Arte e Luoghi\",\"description\":\"Mensile di arte, cultura, turismo e curiosit\u00e0\",\"publisher\":{\"@id\":\"https:\/\/arteeluoghi.it\/#organization\"},\"potentialAction\":[{\"@type\":\"SearchAction\",\"target\":{\"@type\":\"EntryPoint\",\"urlTemplate\":\"https:\/\/arteeluoghi.it\/?s={search_term_string}\"},\"query-input\":\"required name=search_term_string\"}],\"inLanguage\":\"it-IT\"},{\"@type\":\"ImageObject\",\"@id\":\"https:\/\/arteeluoghi.it\/index.php\/2013\/02\/05\/de-nittis-a-padova\/#primaryimage\",\"inLanguage\":\"it-IT\",\"url\":\"\/images\/20.Figura%20di%20donna.jpg\",\"contentUrl\":\"\/images\/20.Figura%20di%20donna.jpg\"},{\"@type\":\"WebPage\",\"@id\":\"https:\/\/arteeluoghi.it\/index.php\/2013\/02\/05\/de-nittis-a-padova\/#webpage\",\"url\":\"https:\/\/arteeluoghi.it\/index.php\/2013\/02\/05\/de-nittis-a-padova\/\",\"name\":\"De Nittis a Padova | Arte e Luoghi\",\"isPartOf\":{\"@id\":\"https:\/\/arteeluoghi.it\/#website\"},\"primaryImageOfPage\":{\"@id\":\"https:\/\/arteeluoghi.it\/index.php\/2013\/02\/05\/de-nittis-a-padova\/#primaryimage\"},\"datePublished\":\"2013-02-05T16:44:11+00:00\",\"dateModified\":\"2013-02-05T16:44:11+00:00\",\"breadcrumb\":{\"@id\":\"https:\/\/arteeluoghi.it\/index.php\/2013\/02\/05\/de-nittis-a-padova\/#breadcrumb\"},\"inLanguage\":\"it-IT\",\"potentialAction\":[{\"@type\":\"ReadAction\",\"target\":[\"https:\/\/arteeluoghi.it\/index.php\/2013\/02\/05\/de-nittis-a-padova\/\"]}]},{\"@type\":\"BreadcrumbList\",\"@id\":\"https:\/\/arteeluoghi.it\/index.php\/2013\/02\/05\/de-nittis-a-padova\/#breadcrumb\",\"itemListElement\":[{\"@type\":\"ListItem\",\"position\":1,\"name\":\"Home\",\"item\":\"https:\/\/arteeluoghi.it\/\"},{\"@type\":\"ListItem\",\"position\":2,\"name\":\"De Nittis a Padova\"}]},{\"@type\":\"Article\",\"@id\":\"https:\/\/arteeluoghi.it\/index.php\/2013\/02\/05\/de-nittis-a-padova\/#article\",\"isPartOf\":{\"@id\":\"https:\/\/arteeluoghi.it\/index.php\/2013\/02\/05\/de-nittis-a-padova\/#webpage\"},\"author\":{\"@id\":\"https:\/\/arteeluoghi.it\/#\/schema\/person\/f84e814e36e91e01448ee07eaadd41d4\"},\"headline\":\"De Nittis a Padova\",\"datePublished\":\"2013-02-05T16:44:11+00:00\",\"dateModified\":\"2013-02-05T16:44:11+00:00\",\"mainEntityOfPage\":{\"@id\":\"https:\/\/arteeluoghi.it\/index.php\/2013\/02\/05\/de-nittis-a-padova\/#webpage\"},\"wordCount\":1343,\"commentCount\":0,\"publisher\":{\"@id\":\"https:\/\/arteeluoghi.it\/#organization\"},\"image\":{\"@id\":\"https:\/\/arteeluoghi.it\/index.php\/2013\/02\/05\/de-nittis-a-padova\/#primaryimage\"},\"thumbnailUrl\":\"\/images\/20.Figura%20di%20donna.jpg\",\"articleSection\":[\"primapagina\"],\"inLanguage\":\"it-IT\",\"potentialAction\":[{\"@type\":\"CommentAction\",\"name\":\"Comment\",\"target\":[\"https:\/\/arteeluoghi.it\/index.php\/2013\/02\/05\/de-nittis-a-padova\/#respond\"]}]},{\"@type\":\"Person\",\"@id\":\"https:\/\/arteeluoghi.it\/#\/schema\/person\/f84e814e36e91e01448ee07eaadd41d4\",\"name\":\"Staff\",\"image\":{\"@type\":\"ImageObject\",\"@id\":\"https:\/\/arteeluoghi.it\/#personlogo\",\"inLanguage\":\"it-IT\",\"url\":\"https:\/\/secure.gravatar.com\/avatar\/49d2f9e46271bb04e19cebfaf141313a?s=96&d=blank&r=g\",\"contentUrl\":\"https:\/\/secure.gravatar.com\/avatar\/49d2f9e46271bb04e19cebfaf141313a?s=96&d=blank&r=g\",\"caption\":\"Staff\"}}]}<\/script>\n<!-- \/ Yoast SEO plugin. -->","yoast_head_json":{"title":"De Nittis a Padova | Arte e Luoghi","robots":{"index":"index","follow":"follow","max-snippet":"max-snippet:-1","max-image-preview":"max-image-preview:large","max-video-preview":"max-video-preview:-1"},"canonical":"https:\/\/arteeluoghi.it\/index.php\/2013\/02\/05\/de-nittis-a-padova\/","og_locale":"it_IT","og_type":"article","og_title":"De Nittis a Padova | Arte e Luoghi","og_description":"\u00a0 A Padova, Palazzo Zabarella, fino al 26 maggio 2013 DE NITTIS \u00a0L&#8217;Arte, l&#8217;Amore, la Vita di Antonietta Fulvio \u00a0","og_url":"https:\/\/arteeluoghi.it\/index.php\/2013\/02\/05\/de-nittis-a-padova\/","og_site_name":"Arte e Luoghi","article_publisher":"https:\/\/www.facebook.com\/ArteELuoghi\/","article_published_time":"2013-02-05T16:44:11+00:00","og_image":[{"url":"https:\/\/arteeluoghi.it\/images\/20.Figura%20di%20donna.jpg"}],"twitter_card":"summary","twitter_creator":"@arteeluoghi","twitter_site":"@arteeluoghi","twitter_misc":{"Scritto da":"Staff","Tempo di lettura stimato":"7 minuti"},"schema":{"@context":"https:\/\/schema.org","@graph":[{"@type":"Organization","@id":"https:\/\/arteeluoghi.it\/#organization","name":"Arte e Luoghi","url":"https:\/\/arteeluoghi.it\/","sameAs":["https:\/\/www.facebook.com\/ArteELuoghi\/","https:\/\/www.instagram.com\/arteeluoghi\/?hl=it","https:\/\/www.youtube.com\/channel\/UCuRVc4JW4-C5sg9rQB-srkw?view_as=subscriber","https:\/\/twitter.com\/arteeluoghi"],"logo":{"@type":"ImageObject","@id":"https:\/\/arteeluoghi.it\/#logo","inLanguage":"it-IT","url":"https:\/\/arteeluoghi.it\/wp-content\/uploads\/2018\/08\/logoinstagramarte.jpg","contentUrl":"https:\/\/arteeluoghi.it\/wp-content\/uploads\/2018\/08\/logoinstagramarte.jpg","width":150,"height":150,"caption":"Arte e Luoghi"},"image":{"@id":"https:\/\/arteeluoghi.it\/#logo"}},{"@type":"WebSite","@id":"https:\/\/arteeluoghi.it\/#website","url":"https:\/\/arteeluoghi.it\/","name":"Arte e Luoghi","description":"Mensile di arte, cultura, turismo e curiosit\u00e0","publisher":{"@id":"https:\/\/arteeluoghi.it\/#organization"},"potentialAction":[{"@type":"SearchAction","target":{"@type":"EntryPoint","urlTemplate":"https:\/\/arteeluoghi.it\/?s={search_term_string}"},"query-input":"required name=search_term_string"}],"inLanguage":"it-IT"},{"@type":"ImageObject","@id":"https:\/\/arteeluoghi.it\/index.php\/2013\/02\/05\/de-nittis-a-padova\/#primaryimage","inLanguage":"it-IT","url":"\/images\/20.Figura%20di%20donna.jpg","contentUrl":"\/images\/20.Figura%20di%20donna.jpg"},{"@type":"WebPage","@id":"https:\/\/arteeluoghi.it\/index.php\/2013\/02\/05\/de-nittis-a-padova\/#webpage","url":"https:\/\/arteeluoghi.it\/index.php\/2013\/02\/05\/de-nittis-a-padova\/","name":"De Nittis a Padova | Arte e Luoghi","isPartOf":{"@id":"https:\/\/arteeluoghi.it\/#website"},"primaryImageOfPage":{"@id":"https:\/\/arteeluoghi.it\/index.php\/2013\/02\/05\/de-nittis-a-padova\/#primaryimage"},"datePublished":"2013-02-05T16:44:11+00:00","dateModified":"2013-02-05T16:44:11+00:00","breadcrumb":{"@id":"https:\/\/arteeluoghi.it\/index.php\/2013\/02\/05\/de-nittis-a-padova\/#breadcrumb"},"inLanguage":"it-IT","potentialAction":[{"@type":"ReadAction","target":["https:\/\/arteeluoghi.it\/index.php\/2013\/02\/05\/de-nittis-a-padova\/"]}]},{"@type":"BreadcrumbList","@id":"https:\/\/arteeluoghi.it\/index.php\/2013\/02\/05\/de-nittis-a-padova\/#breadcrumb","itemListElement":[{"@type":"ListItem","position":1,"name":"Home","item":"https:\/\/arteeluoghi.it\/"},{"@type":"ListItem","position":2,"name":"De Nittis a Padova"}]},{"@type":"Article","@id":"https:\/\/arteeluoghi.it\/index.php\/2013\/02\/05\/de-nittis-a-padova\/#article","isPartOf":{"@id":"https:\/\/arteeluoghi.it\/index.php\/2013\/02\/05\/de-nittis-a-padova\/#webpage"},"author":{"@id":"https:\/\/arteeluoghi.it\/#\/schema\/person\/f84e814e36e91e01448ee07eaadd41d4"},"headline":"De Nittis a Padova","datePublished":"2013-02-05T16:44:11+00:00","dateModified":"2013-02-05T16:44:11+00:00","mainEntityOfPage":{"@id":"https:\/\/arteeluoghi.it\/index.php\/2013\/02\/05\/de-nittis-a-padova\/#webpage"},"wordCount":1343,"commentCount":0,"publisher":{"@id":"https:\/\/arteeluoghi.it\/#organization"},"image":{"@id":"https:\/\/arteeluoghi.it\/index.php\/2013\/02\/05\/de-nittis-a-padova\/#primaryimage"},"thumbnailUrl":"\/images\/20.Figura%20di%20donna.jpg","articleSection":["primapagina"],"inLanguage":"it-IT","potentialAction":[{"@type":"CommentAction","name":"Comment","target":["https:\/\/arteeluoghi.it\/index.php\/2013\/02\/05\/de-nittis-a-padova\/#respond"]}]},{"@type":"Person","@id":"https:\/\/arteeluoghi.it\/#\/schema\/person\/f84e814e36e91e01448ee07eaadd41d4","name":"Staff","image":{"@type":"ImageObject","@id":"https:\/\/arteeluoghi.it\/#personlogo","inLanguage":"it-IT","url":"https:\/\/secure.gravatar.com\/avatar\/49d2f9e46271bb04e19cebfaf141313a?s=96&d=blank&r=g","contentUrl":"https:\/\/secure.gravatar.com\/avatar\/49d2f9e46271bb04e19cebfaf141313a?s=96&d=blank&r=g","caption":"Staff"}}]}},"_links":{"self":[{"href":"https:\/\/arteeluoghi.it\/index.php\/wp-json\/wp\/v2\/posts\/1018"}],"collection":[{"href":"https:\/\/arteeluoghi.it\/index.php\/wp-json\/wp\/v2\/posts"}],"about":[{"href":"https:\/\/arteeluoghi.it\/index.php\/wp-json\/wp\/v2\/types\/post"}],"author":[{"embeddable":true,"href":"https:\/\/arteeluoghi.it\/index.php\/wp-json\/wp\/v2\/users\/1"}],"replies":[{"embeddable":true,"href":"https:\/\/arteeluoghi.it\/index.php\/wp-json\/wp\/v2\/comments?post=1018"}],"version-history":[{"count":0,"href":"https:\/\/arteeluoghi.it\/index.php\/wp-json\/wp\/v2\/posts\/1018\/revisions"}],"wp:attachment":[{"href":"https:\/\/arteeluoghi.it\/index.php\/wp-json\/wp\/v2\/media?parent=1018"}],"wp:term":[{"taxonomy":"category","embeddable":true,"href":"https:\/\/arteeluoghi.it\/index.php\/wp-json\/wp\/v2\/categories?post=1018"},{"taxonomy":"post_tag","embeddable":true,"href":"https:\/\/arteeluoghi.it\/index.php\/wp-json\/wp\/v2\/tags?post=1018"}],"curies":[{"name":"wp","href":"https:\/\/api.w.org\/{rel}","templated":true}]}}