{"id":10223,"date":"2021-08-17T15:40:39","date_gmt":"2021-08-17T13:40:39","guid":{"rendered":"https:\/\/arteeluoghi.it\/?p=10223"},"modified":"2021-08-17T15:50:10","modified_gmt":"2021-08-17T13:50:10","slug":"cinema-a-corte-a-palazzo-delle-arti-beltrani","status":"publish","type":"post","link":"https:\/\/arteeluoghi.it\/index.php\/2021\/08\/17\/cinema-a-corte-a-palazzo-delle-arti-beltrani\/","title":{"rendered":"Cinema a Corte a Palazzo delle Arti Beltrani"},"content":{"rendered":"\n<blockquote class=\"wp-block-quote\"><p>Dal 19 agosto al 16 settembre,  \u2018American Smile\u2019, la mini-retrospettiva di cinque film dedicata alla Commedia americana.\u00a0Si parte con Zelig di Woody Allen<\/p><\/blockquote>\n\n\n\n<p>Dopo le vere e proprie chicche\u00a0dell\u2019anno scorso per la retrospettiva \u201cI Quattro Colonnelli\u201d, celebrazione dei \u201cMostri\u201d della Commedia all\u2019italiana: Manfredi, Sordi, Gassman e Tognazzi,\u00a0<strong>ritorna a Corte Santorsola di Palazzo delle Arti Beltrani a Trani (BT) la rassegna \u201cCinema a Corte\u201d<\/strong>. Una mini-retrospettiva di film cult per veri cinefili e appassionati della settima arte dedicata ai pi\u00f9 importanti rappresentanti della Commedia americana\u00a0intitolata\u00a0<strong>\u201cAmerican Smile\u201d<\/strong>\u00a0<strong>a cura dell\u2019Associazione Delle Arti, in collaborazione con Circolo Dino Risi, e\u00a0il\u00a0patrocinio dell\u2019Assessorato alle culture del Comune di Trani<\/strong>\u00a0in partnership con Costa Sveva.<\/p>\n\n\n\n<!--more-->\n\n\n\n<p>Una cinquina di assoluto pregio per la piccola rassegna di cinema all&#8217;aperto che prender\u00e0 vita\u00a0<strong>gioved\u00ec 19 agosto alle ore 21,00<\/strong>\u00a0con\u00a0<strong>&#8220;Zelig&#8221; di Woody Allen<\/strong>\u00a0<strong>del 1983<\/strong>. Seguir\u00e0 il\u00a0<strong>26 agosto<\/strong>\u00a0il capolavoro di\u00a0<strong>Billy Wilder &#8220;L&#8217;appartamento&#8221;<\/strong>\u00a0<strong>(1960)<\/strong>\u00a0nell&#8217;edizione restaurata,\u00a0<strong>&#8220;S.O.B.&#8221; di Blake Edwards (1982)<\/strong>, graffiante ritratto di una Hollywood corrotta, interpretato da un&#8217;autoironica Julie Andrews. Concluderanno la retrospettiva il sempre attuale\u00a0<strong>&#8220;Mezzogiorno e mezzo di fuoco&#8221;<\/strong>, realizzato nel\u00a0<strong>1975<\/strong>\u00a0da\u00a0<strong>Mel Brooks e &#8220;Man on the moon&#8221; (1999) di Milos Forman<\/strong>, che ripercorre, grazie ad un meraviglioso Jim Carrey, la carriera sfortunata del comico statunitense Andy Kaufman (1949-1984).<\/p>\n\n\n\n<figure class=\"wp-block-gallery columns-3 is-cropped\"><ul class=\"blocks-gallery-grid\"><li class=\"blocks-gallery-item\"><figure><img loading=\"lazy\" width=\"725\" height=\"1024\" src=\"https:\/\/arteeluoghi.it\/wp-content\/uploads\/2021\/08\/Loc.-Cinema-a-Corte-con-American-Smile-dal-19-agosto-a-Palazzo-delle-Arti-Beltrani-a-Trani-BT-725x1024.jpg\" alt=\"\" data-id=\"10225\" data-full-url=\"https:\/\/arteeluoghi.it\/wp-content\/uploads\/2021\/08\/Loc.-Cinema-a-Corte-con-American-Smile-dal-19-agosto-a-Palazzo-delle-Arti-Beltrani-a-Trani-BT.jpg\" data-link=\"https:\/\/arteeluoghi.it\/?attachment_id=10225\" class=\"wp-image-10225\" srcset=\"https:\/\/arteeluoghi.it\/wp-content\/uploads\/2021\/08\/Loc.-Cinema-a-Corte-con-American-Smile-dal-19-agosto-a-Palazzo-delle-Arti-Beltrani-a-Trani-BT-725x1024.jpg 725w, https:\/\/arteeluoghi.it\/wp-content\/uploads\/2021\/08\/Loc.-Cinema-a-Corte-con-American-Smile-dal-19-agosto-a-Palazzo-delle-Arti-Beltrani-a-Trani-BT-212x300.jpg 212w, https:\/\/arteeluoghi.it\/wp-content\/uploads\/2021\/08\/Loc.-Cinema-a-Corte-con-American-Smile-dal-19-agosto-a-Palazzo-delle-Arti-Beltrani-a-Trani-BT-768x1085.jpg 768w, https:\/\/arteeluoghi.it\/wp-content\/uploads\/2021\/08\/Loc.-Cinema-a-Corte-con-American-Smile-dal-19-agosto-a-Palazzo-delle-Arti-Beltrani-a-Trani-BT-1088x1536.jpg 1088w, https:\/\/arteeluoghi.it\/wp-content\/uploads\/2021\/08\/Loc.-Cinema-a-Corte-con-American-Smile-dal-19-agosto-a-Palazzo-delle-Arti-Beltrani-a-Trani-BT.jpg 1133w\" sizes=\"(max-width: 725px) 100vw, 725px\" \/><\/figure><\/li><li class=\"blocks-gallery-item\"><figure><img loading=\"lazy\" width=\"960\" height=\"960\" src=\"https:\/\/arteeluoghi.it\/wp-content\/uploads\/2021\/08\/Palazzo-delle-Arti-Beltrani-2.jpg\" alt=\"\" data-id=\"10226\" data-full-url=\"https:\/\/arteeluoghi.it\/wp-content\/uploads\/2021\/08\/Palazzo-delle-Arti-Beltrani-2.jpg\" data-link=\"https:\/\/arteeluoghi.it\/?attachment_id=10226\" class=\"wp-image-10226\" srcset=\"https:\/\/arteeluoghi.it\/wp-content\/uploads\/2021\/08\/Palazzo-delle-Arti-Beltrani-2.jpg 960w, https:\/\/arteeluoghi.it\/wp-content\/uploads\/2021\/08\/Palazzo-delle-Arti-Beltrani-2-300x300.jpg 300w, https:\/\/arteeluoghi.it\/wp-content\/uploads\/2021\/08\/Palazzo-delle-Arti-Beltrani-2-150x150.jpg 150w, https:\/\/arteeluoghi.it\/wp-content\/uploads\/2021\/08\/Palazzo-delle-Arti-Beltrani-2-768x768.jpg 768w\" sizes=\"(max-width: 960px) 100vw, 960px\" \/><\/figure><\/li><li class=\"blocks-gallery-item\"><figure><img loading=\"lazy\" width=\"1000\" height=\"750\" src=\"https:\/\/arteeluoghi.it\/wp-content\/uploads\/2021\/08\/Corte-Davide-Santorsola-ph.-Davide-Ferrante.jpeg\" alt=\"\" data-id=\"10224\" data-full-url=\"https:\/\/arteeluoghi.it\/wp-content\/uploads\/2021\/08\/Corte-Davide-Santorsola-ph.-Davide-Ferrante.jpeg\" data-link=\"https:\/\/arteeluoghi.it\/?attachment_id=10224\" class=\"wp-image-10224\" srcset=\"https:\/\/arteeluoghi.it\/wp-content\/uploads\/2021\/08\/Corte-Davide-Santorsola-ph.-Davide-Ferrante.jpeg 1000w, https:\/\/arteeluoghi.it\/wp-content\/uploads\/2021\/08\/Corte-Davide-Santorsola-ph.-Davide-Ferrante-300x225.jpeg 300w, https:\/\/arteeluoghi.it\/wp-content\/uploads\/2021\/08\/Corte-Davide-Santorsola-ph.-Davide-Ferrante-768x576.jpeg 768w\" sizes=\"(max-width: 1000px) 100vw, 1000px\" \/><\/figure><\/li><\/ul><figcaption class=\"blocks-gallery-caption\">La locandina della rassegna, ingresso Palazzo delle Arti Beltrani, la corte Davide Santorsola fotografata da Davide Ferrante (credits: ufficio stampa Palazzo delle Arti Beltrani)<\/figcaption><\/figure>\n\n\n\n<p>Lorenzo Procacci Leone, direttore artistico delle attivit\u00e0 cinematografiche del circolo Dino Risi, ha sintetizzato con queste parole il senso della rassegna: \u00abil cinema americano, soprattutto quello legato alla commedia, ha importato spesso tendenze e stili dal nostro cinema ma con questa piccola rassegna abbiamo voluto ridare luce ad una serie di film pi\u00f9 o meno conosciuti, tutti legati a registi straordinari che hanno fatto la storia del cinema statunitense. Se penso a &#8220;Zelig&#8221; che ha fatto da modello a tantissimi film venuti fuori negli anni a venire, mi rendo conto di quanto ancora oggi Woody Allen continui a fare scuola. Per Billy Wilder e Blake Edwards, due massimi esponenti della commedia americana legata allo slapstick, abbiamo selezionato due pellicole che in modo esuberante, graffiante e liberatorio rimettono in discussione le cattive abitudini della borghesia dei loro tempi. Per Mel Brooks invece \u00e8 stato scelto un attualissimo film che, facendo una irresistibile parodia del cinema western, ribaltandone clich\u00e9 e temi portanti, finisce col trattare argomenti serissimi come la questione razziale. Concluderemo con &#8220;Man on the moon&#8221;, sfortunatissimo film del grande Milos Forman, che ripercorre con grande sensibilit\u00e0 la straziante vita vera di un comico realmente vissuto. Quello che conta, in fondo, \u00e8 sempre la cornice. Rivedere questi film all&#8217;aperto, oggi che abbiamo mille possibilit\u00e0, anche quella di portarci il cinema in tasca sul telefonino, \u00e8 sempre una sfida, una provocazione che speriamo venga accolta da chi \u00e8 animato dallo spirito della condivisione. L&#8217;essenza del nostro sodalizio \u00e8 questa. Da sempre\u00bb.<\/p>\n\n\n\n<p>Le proiezioni si terranno all\u2019aperto e le sedute saranno distanziate a un metro e tra loro inamovibili.&nbsp;L\u2019utilizzo della mascherina \u00e8 obbligatorio fino al raggiungimento del proprio posto a sedere e in ogni spostamento dallo stesso. Poich\u00e9 le proiezioni si svolgeranno all\u2019aperto,&nbsp;una volta preso posto si potr\u00e0 far a meno&nbsp;della mascherina.<\/p>\n\n\n\n<p><strong>I posti sono limitati. Per accedere alle proiezioni \u00e8 obbligatorio compilare con i propri dati il modulo di prenotazione on line:&nbsp;<\/strong><a href=\"https:\/\/docs.google.com\/forms\/d\/e\/1FAIpQLScbz-opXWXX_cnN68ck7sdICeJI0jyqcYbSm8CUHaxDsKJoPA\/viewform\" target=\"_blank\" rel=\"noreferrer noopener\">https:\/\/docs.google.com\/forms\/d\/e\/1FAIpQLScbz-opXWXX_cnN68ck7sdICeJI0jyqcYbSm8CUHaxDsKJoPA\/viewform<\/a><\/p>\n\n\n\n<p><strong>\u00c8<\/strong><strong>&nbsp;necessario inoltre&nbsp;<\/strong><strong>essere in possesso del Green pass come da attuale normativa anti-Covid in vigore.<\/strong><strong><\/strong><\/p>\n\n\n\n<p>\u00c8 possibile acquistare i biglietti (costo 5 euro) presso il botteghino del Palazzo delle Arti Beltrani a partire dalle 19:00 del giorno della proiezione del film.<\/p>\n\n\n\n<p><strong><em>19 agosto<\/em><\/strong><em>: ZELIG<\/em>&nbsp;di Woody Allen, 1983<\/p>\n\n\n\n<p><strong><em>26 agosto<\/em><\/strong><em>: L\u2019APPARTAMENTO di Billy Wilder<\/em>, 1960<\/p>\n\n\n\n<p><strong><em>2 settembre<\/em><\/strong><em>: S.O.B. di Blake Edwards<\/em>, 1982<\/p>\n\n\n\n<p><strong><em>9 settembre<\/em><\/strong><em>: MEZZOGIORNO E MEZZO DI FUOCO di Mel Brooks, 1975&nbsp;<\/em><\/p>\n\n\n\n<p><strong>16 settembre<\/strong>:\u00a0<em>MAN OF THE MOON<\/em>\u00a0di Milos Forman, 1999.<\/p>\n\n\n\n<p>(fonte: comunicato stampa)<\/p>\n\n\n\n<p><strong>Ingresso ore 20,30 \u2013 inizio proiezioni ore 21,00. Info &amp; prenotazioni: 0883500044<\/strong>. <strong>In caso di condizione meteo avverse, la proiezione sar\u00e0 rimandata.<\/strong><br><strong>Palazzo delle Arti Beltrani, Centro Culturale Polifunzionale, via Beltrani 51- Trani (BT)<\/strong><\/p>\n","protected":false},"excerpt":{"rendered":"<p>Dal 19 agosto al 16 settembre, \u2018American Smile\u2019, la mini-retrospettiva di cinque film dedicata alla Commedia americana.\u00a0Si parte con Zelig<\/p>\n","protected":false},"author":1,"featured_media":10227,"comment_status":"open","ping_status":"open","sticky":true,"template":"","format":"standard","meta":[],"categories":[29,28],"tags":[3475,3476],"yoast_head":"<!-- This site is optimized with the Yoast SEO plugin v18.0 - https:\/\/yoast.com\/wordpress\/plugins\/seo\/ -->\n<title>Cinema a Corte a Palazzo delle Arti Beltrani | Arte e Luoghi<\/title>\n<meta name=\"description\" content=\"Torna Cinema a Corte a Palazzo delle Arti Beltrani a Trani con \u2018American Smile\u2019, la mini-retrospettiva dedicata alla Commedia americana\" \/>\n<meta name=\"robots\" content=\"index, follow, max-snippet:-1, max-image-preview:large, max-video-preview:-1\" \/>\n<link rel=\"canonical\" href=\"https:\/\/arteeluoghi.it\/index.php\/2021\/08\/17\/cinema-a-corte-a-palazzo-delle-arti-beltrani\/\" \/>\n<meta property=\"og:locale\" content=\"it_IT\" \/>\n<meta property=\"og:type\" content=\"article\" \/>\n<meta property=\"og:title\" content=\"Cinema a Corte a Palazzo delle Arti Beltrani | Arte e Luoghi\" \/>\n<meta property=\"og:description\" content=\"Torna Cinema a Corte a Palazzo delle Arti Beltrani a Trani con \u2018American Smile\u2019, la mini-retrospettiva dedicata alla Commedia americana\" \/>\n<meta property=\"og:url\" content=\"https:\/\/arteeluoghi.it\/index.php\/2021\/08\/17\/cinema-a-corte-a-palazzo-delle-arti-beltrani\/\" \/>\n<meta property=\"og:site_name\" content=\"Arte e Luoghi\" \/>\n<meta property=\"article:publisher\" content=\"https:\/\/www.facebook.com\/ArteELuoghi\/\" \/>\n<meta property=\"article:published_time\" content=\"2021-08-17T13:40:39+00:00\" \/>\n<meta property=\"article:modified_time\" content=\"2021-08-17T13:50:10+00:00\" \/>\n<meta property=\"og:image\" content=\"https:\/\/arteeluoghi.it\/wp-content\/uploads\/2021\/08\/Palazzo-delle-Arti-Beltrani.jpg\" \/>\n\t<meta property=\"og:image:width\" content=\"1932\" \/>\n\t<meta property=\"og:image:height\" content=\"1449\" \/>\n\t<meta property=\"og:image:type\" content=\"image\/jpeg\" \/>\n<meta name=\"twitter:card\" content=\"summary\" \/>\n<meta name=\"twitter:creator\" content=\"@arteeluoghi\" \/>\n<meta name=\"twitter:site\" content=\"@arteeluoghi\" \/>\n<meta name=\"twitter:label1\" content=\"Scritto da\" \/>\n\t<meta name=\"twitter:data1\" content=\"Staff\" \/>\n\t<meta name=\"twitter:label2\" content=\"Tempo di lettura stimato\" \/>\n\t<meta name=\"twitter:data2\" content=\"4 minuti\" \/>\n<script type=\"application\/ld+json\" class=\"yoast-schema-graph\">{\"@context\":\"https:\/\/schema.org\",\"@graph\":[{\"@type\":\"Organization\",\"@id\":\"https:\/\/arteeluoghi.it\/#organization\",\"name\":\"Arte e Luoghi\",\"url\":\"https:\/\/arteeluoghi.it\/\",\"sameAs\":[\"https:\/\/www.facebook.com\/ArteELuoghi\/\",\"https:\/\/www.instagram.com\/arteeluoghi\/?hl=it\",\"https:\/\/www.youtube.com\/channel\/UCuRVc4JW4-C5sg9rQB-srkw?view_as=subscriber\",\"https:\/\/twitter.com\/arteeluoghi\"],\"logo\":{\"@type\":\"ImageObject\",\"@id\":\"https:\/\/arteeluoghi.it\/#logo\",\"inLanguage\":\"it-IT\",\"url\":\"https:\/\/arteeluoghi.it\/wp-content\/uploads\/2018\/08\/logoinstagramarte.jpg\",\"contentUrl\":\"https:\/\/arteeluoghi.it\/wp-content\/uploads\/2018\/08\/logoinstagramarte.jpg\",\"width\":150,\"height\":150,\"caption\":\"Arte e Luoghi\"},\"image\":{\"@id\":\"https:\/\/arteeluoghi.it\/#logo\"}},{\"@type\":\"WebSite\",\"@id\":\"https:\/\/arteeluoghi.it\/#website\",\"url\":\"https:\/\/arteeluoghi.it\/\",\"name\":\"Arte e Luoghi\",\"description\":\"Mensile di arte, cultura, turismo e curiosit\u00e0\",\"publisher\":{\"@id\":\"https:\/\/arteeluoghi.it\/#organization\"},\"potentialAction\":[{\"@type\":\"SearchAction\",\"target\":{\"@type\":\"EntryPoint\",\"urlTemplate\":\"https:\/\/arteeluoghi.it\/?s={search_term_string}\"},\"query-input\":\"required name=search_term_string\"}],\"inLanguage\":\"it-IT\"},{\"@type\":\"ImageObject\",\"@id\":\"https:\/\/arteeluoghi.it\/index.php\/2021\/08\/17\/cinema-a-corte-a-palazzo-delle-arti-beltrani\/#primaryimage\",\"inLanguage\":\"it-IT\",\"url\":\"https:\/\/arteeluoghi.it\/wp-content\/uploads\/2021\/08\/Palazzo-delle-Arti-Beltrani.jpg\",\"contentUrl\":\"https:\/\/arteeluoghi.it\/wp-content\/uploads\/2021\/08\/Palazzo-delle-Arti-Beltrani.jpg\",\"width\":1932,\"height\":1449},{\"@type\":\"WebPage\",\"@id\":\"https:\/\/arteeluoghi.it\/index.php\/2021\/08\/17\/cinema-a-corte-a-palazzo-delle-arti-beltrani\/#webpage\",\"url\":\"https:\/\/arteeluoghi.it\/index.php\/2021\/08\/17\/cinema-a-corte-a-palazzo-delle-arti-beltrani\/\",\"name\":\"Cinema a Corte a Palazzo delle Arti Beltrani | Arte e Luoghi\",\"isPartOf\":{\"@id\":\"https:\/\/arteeluoghi.it\/#website\"},\"primaryImageOfPage\":{\"@id\":\"https:\/\/arteeluoghi.it\/index.php\/2021\/08\/17\/cinema-a-corte-a-palazzo-delle-arti-beltrani\/#primaryimage\"},\"datePublished\":\"2021-08-17T13:40:39+00:00\",\"dateModified\":\"2021-08-17T13:50:10+00:00\",\"description\":\"Torna Cinema a Corte a Palazzo delle Arti Beltrani a Trani con \u2018American Smile\u2019, la mini-retrospettiva dedicata alla Commedia americana\",\"breadcrumb\":{\"@id\":\"https:\/\/arteeluoghi.it\/index.php\/2021\/08\/17\/cinema-a-corte-a-palazzo-delle-arti-beltrani\/#breadcrumb\"},\"inLanguage\":\"it-IT\",\"potentialAction\":[{\"@type\":\"ReadAction\",\"target\":[\"https:\/\/arteeluoghi.it\/index.php\/2021\/08\/17\/cinema-a-corte-a-palazzo-delle-arti-beltrani\/\"]}]},{\"@type\":\"BreadcrumbList\",\"@id\":\"https:\/\/arteeluoghi.it\/index.php\/2021\/08\/17\/cinema-a-corte-a-palazzo-delle-arti-beltrani\/#breadcrumb\",\"itemListElement\":[{\"@type\":\"ListItem\",\"position\":1,\"name\":\"Home\",\"item\":\"https:\/\/arteeluoghi.it\/\"},{\"@type\":\"ListItem\",\"position\":2,\"name\":\"Cinema a Corte a Palazzo delle Arti Beltrani\"}]},{\"@type\":\"Article\",\"@id\":\"https:\/\/arteeluoghi.it\/index.php\/2021\/08\/17\/cinema-a-corte-a-palazzo-delle-arti-beltrani\/#article\",\"isPartOf\":{\"@id\":\"https:\/\/arteeluoghi.it\/index.php\/2021\/08\/17\/cinema-a-corte-a-palazzo-delle-arti-beltrani\/#webpage\"},\"author\":{\"@id\":\"https:\/\/arteeluoghi.it\/#\/schema\/person\/f84e814e36e91e01448ee07eaadd41d4\"},\"headline\":\"Cinema a Corte a Palazzo delle Arti Beltrani\",\"datePublished\":\"2021-08-17T13:40:39+00:00\",\"dateModified\":\"2021-08-17T13:50:10+00:00\",\"mainEntityOfPage\":{\"@id\":\"https:\/\/arteeluoghi.it\/index.php\/2021\/08\/17\/cinema-a-corte-a-palazzo-delle-arti-beltrani\/#webpage\"},\"wordCount\":691,\"commentCount\":0,\"publisher\":{\"@id\":\"https:\/\/arteeluoghi.it\/#organization\"},\"image\":{\"@id\":\"https:\/\/arteeluoghi.it\/index.php\/2021\/08\/17\/cinema-a-corte-a-palazzo-delle-arti-beltrani\/#primaryimage\"},\"thumbnailUrl\":\"https:\/\/arteeluoghi.it\/wp-content\/uploads\/2021\/08\/Palazzo-delle-Arti-Beltrani.jpg\",\"keywords\":[\"cinema American Smile\",\"Palazzo delle Arti Beltrani\"],\"articleSection\":[\"Cinema\",\"Notizie\"],\"inLanguage\":\"it-IT\",\"potentialAction\":[{\"@type\":\"CommentAction\",\"name\":\"Comment\",\"target\":[\"https:\/\/arteeluoghi.it\/index.php\/2021\/08\/17\/cinema-a-corte-a-palazzo-delle-arti-beltrani\/#respond\"]}]},{\"@type\":\"Person\",\"@id\":\"https:\/\/arteeluoghi.it\/#\/schema\/person\/f84e814e36e91e01448ee07eaadd41d4\",\"name\":\"Staff\",\"image\":{\"@type\":\"ImageObject\",\"@id\":\"https:\/\/arteeluoghi.it\/#personlogo\",\"inLanguage\":\"it-IT\",\"url\":\"https:\/\/secure.gravatar.com\/avatar\/49d2f9e46271bb04e19cebfaf141313a?s=96&d=blank&r=g\",\"contentUrl\":\"https:\/\/secure.gravatar.com\/avatar\/49d2f9e46271bb04e19cebfaf141313a?s=96&d=blank&r=g\",\"caption\":\"Staff\"}}]}<\/script>\n<!-- \/ Yoast SEO plugin. -->","yoast_head_json":{"title":"Cinema a Corte a Palazzo delle Arti Beltrani | Arte e Luoghi","description":"Torna Cinema a Corte a Palazzo delle Arti Beltrani a Trani con \u2018American Smile\u2019, la mini-retrospettiva dedicata alla Commedia americana","robots":{"index":"index","follow":"follow","max-snippet":"max-snippet:-1","max-image-preview":"max-image-preview:large","max-video-preview":"max-video-preview:-1"},"canonical":"https:\/\/arteeluoghi.it\/index.php\/2021\/08\/17\/cinema-a-corte-a-palazzo-delle-arti-beltrani\/","og_locale":"it_IT","og_type":"article","og_title":"Cinema a Corte a Palazzo delle Arti Beltrani | Arte e Luoghi","og_description":"Torna Cinema a Corte a Palazzo delle Arti Beltrani a Trani con \u2018American Smile\u2019, la mini-retrospettiva dedicata alla Commedia americana","og_url":"https:\/\/arteeluoghi.it\/index.php\/2021\/08\/17\/cinema-a-corte-a-palazzo-delle-arti-beltrani\/","og_site_name":"Arte e Luoghi","article_publisher":"https:\/\/www.facebook.com\/ArteELuoghi\/","article_published_time":"2021-08-17T13:40:39+00:00","article_modified_time":"2021-08-17T13:50:10+00:00","og_image":[{"width":1932,"height":1449,"url":"https:\/\/arteeluoghi.it\/wp-content\/uploads\/2021\/08\/Palazzo-delle-Arti-Beltrani.jpg","type":"image\/jpeg"}],"twitter_card":"summary","twitter_creator":"@arteeluoghi","twitter_site":"@arteeluoghi","twitter_misc":{"Scritto da":"Staff","Tempo di lettura stimato":"4 minuti"},"schema":{"@context":"https:\/\/schema.org","@graph":[{"@type":"Organization","@id":"https:\/\/arteeluoghi.it\/#organization","name":"Arte e Luoghi","url":"https:\/\/arteeluoghi.it\/","sameAs":["https:\/\/www.facebook.com\/ArteELuoghi\/","https:\/\/www.instagram.com\/arteeluoghi\/?hl=it","https:\/\/www.youtube.com\/channel\/UCuRVc4JW4-C5sg9rQB-srkw?view_as=subscriber","https:\/\/twitter.com\/arteeluoghi"],"logo":{"@type":"ImageObject","@id":"https:\/\/arteeluoghi.it\/#logo","inLanguage":"it-IT","url":"https:\/\/arteeluoghi.it\/wp-content\/uploads\/2018\/08\/logoinstagramarte.jpg","contentUrl":"https:\/\/arteeluoghi.it\/wp-content\/uploads\/2018\/08\/logoinstagramarte.jpg","width":150,"height":150,"caption":"Arte e Luoghi"},"image":{"@id":"https:\/\/arteeluoghi.it\/#logo"}},{"@type":"WebSite","@id":"https:\/\/arteeluoghi.it\/#website","url":"https:\/\/arteeluoghi.it\/","name":"Arte e Luoghi","description":"Mensile di arte, cultura, turismo e curiosit\u00e0","publisher":{"@id":"https:\/\/arteeluoghi.it\/#organization"},"potentialAction":[{"@type":"SearchAction","target":{"@type":"EntryPoint","urlTemplate":"https:\/\/arteeluoghi.it\/?s={search_term_string}"},"query-input":"required name=search_term_string"}],"inLanguage":"it-IT"},{"@type":"ImageObject","@id":"https:\/\/arteeluoghi.it\/index.php\/2021\/08\/17\/cinema-a-corte-a-palazzo-delle-arti-beltrani\/#primaryimage","inLanguage":"it-IT","url":"https:\/\/arteeluoghi.it\/wp-content\/uploads\/2021\/08\/Palazzo-delle-Arti-Beltrani.jpg","contentUrl":"https:\/\/arteeluoghi.it\/wp-content\/uploads\/2021\/08\/Palazzo-delle-Arti-Beltrani.jpg","width":1932,"height":1449},{"@type":"WebPage","@id":"https:\/\/arteeluoghi.it\/index.php\/2021\/08\/17\/cinema-a-corte-a-palazzo-delle-arti-beltrani\/#webpage","url":"https:\/\/arteeluoghi.it\/index.php\/2021\/08\/17\/cinema-a-corte-a-palazzo-delle-arti-beltrani\/","name":"Cinema a Corte a Palazzo delle Arti Beltrani | Arte e Luoghi","isPartOf":{"@id":"https:\/\/arteeluoghi.it\/#website"},"primaryImageOfPage":{"@id":"https:\/\/arteeluoghi.it\/index.php\/2021\/08\/17\/cinema-a-corte-a-palazzo-delle-arti-beltrani\/#primaryimage"},"datePublished":"2021-08-17T13:40:39+00:00","dateModified":"2021-08-17T13:50:10+00:00","description":"Torna Cinema a Corte a Palazzo delle Arti Beltrani a Trani con \u2018American Smile\u2019, la mini-retrospettiva dedicata alla Commedia americana","breadcrumb":{"@id":"https:\/\/arteeluoghi.it\/index.php\/2021\/08\/17\/cinema-a-corte-a-palazzo-delle-arti-beltrani\/#breadcrumb"},"inLanguage":"it-IT","potentialAction":[{"@type":"ReadAction","target":["https:\/\/arteeluoghi.it\/index.php\/2021\/08\/17\/cinema-a-corte-a-palazzo-delle-arti-beltrani\/"]}]},{"@type":"BreadcrumbList","@id":"https:\/\/arteeluoghi.it\/index.php\/2021\/08\/17\/cinema-a-corte-a-palazzo-delle-arti-beltrani\/#breadcrumb","itemListElement":[{"@type":"ListItem","position":1,"name":"Home","item":"https:\/\/arteeluoghi.it\/"},{"@type":"ListItem","position":2,"name":"Cinema a Corte a Palazzo delle Arti Beltrani"}]},{"@type":"Article","@id":"https:\/\/arteeluoghi.it\/index.php\/2021\/08\/17\/cinema-a-corte-a-palazzo-delle-arti-beltrani\/#article","isPartOf":{"@id":"https:\/\/arteeluoghi.it\/index.php\/2021\/08\/17\/cinema-a-corte-a-palazzo-delle-arti-beltrani\/#webpage"},"author":{"@id":"https:\/\/arteeluoghi.it\/#\/schema\/person\/f84e814e36e91e01448ee07eaadd41d4"},"headline":"Cinema a Corte a Palazzo delle Arti Beltrani","datePublished":"2021-08-17T13:40:39+00:00","dateModified":"2021-08-17T13:50:10+00:00","mainEntityOfPage":{"@id":"https:\/\/arteeluoghi.it\/index.php\/2021\/08\/17\/cinema-a-corte-a-palazzo-delle-arti-beltrani\/#webpage"},"wordCount":691,"commentCount":0,"publisher":{"@id":"https:\/\/arteeluoghi.it\/#organization"},"image":{"@id":"https:\/\/arteeluoghi.it\/index.php\/2021\/08\/17\/cinema-a-corte-a-palazzo-delle-arti-beltrani\/#primaryimage"},"thumbnailUrl":"https:\/\/arteeluoghi.it\/wp-content\/uploads\/2021\/08\/Palazzo-delle-Arti-Beltrani.jpg","keywords":["cinema American Smile","Palazzo delle Arti Beltrani"],"articleSection":["Cinema","Notizie"],"inLanguage":"it-IT","potentialAction":[{"@type":"CommentAction","name":"Comment","target":["https:\/\/arteeluoghi.it\/index.php\/2021\/08\/17\/cinema-a-corte-a-palazzo-delle-arti-beltrani\/#respond"]}]},{"@type":"Person","@id":"https:\/\/arteeluoghi.it\/#\/schema\/person\/f84e814e36e91e01448ee07eaadd41d4","name":"Staff","image":{"@type":"ImageObject","@id":"https:\/\/arteeluoghi.it\/#personlogo","inLanguage":"it-IT","url":"https:\/\/secure.gravatar.com\/avatar\/49d2f9e46271bb04e19cebfaf141313a?s=96&d=blank&r=g","contentUrl":"https:\/\/secure.gravatar.com\/avatar\/49d2f9e46271bb04e19cebfaf141313a?s=96&d=blank&r=g","caption":"Staff"}}]}},"_links":{"self":[{"href":"https:\/\/arteeluoghi.it\/index.php\/wp-json\/wp\/v2\/posts\/10223"}],"collection":[{"href":"https:\/\/arteeluoghi.it\/index.php\/wp-json\/wp\/v2\/posts"}],"about":[{"href":"https:\/\/arteeluoghi.it\/index.php\/wp-json\/wp\/v2\/types\/post"}],"author":[{"embeddable":true,"href":"https:\/\/arteeluoghi.it\/index.php\/wp-json\/wp\/v2\/users\/1"}],"replies":[{"embeddable":true,"href":"https:\/\/arteeluoghi.it\/index.php\/wp-json\/wp\/v2\/comments?post=10223"}],"version-history":[{"count":1,"href":"https:\/\/arteeluoghi.it\/index.php\/wp-json\/wp\/v2\/posts\/10223\/revisions"}],"predecessor-version":[{"id":10228,"href":"https:\/\/arteeluoghi.it\/index.php\/wp-json\/wp\/v2\/posts\/10223\/revisions\/10228"}],"wp:featuredmedia":[{"embeddable":true,"href":"https:\/\/arteeluoghi.it\/index.php\/wp-json\/wp\/v2\/media\/10227"}],"wp:attachment":[{"href":"https:\/\/arteeluoghi.it\/index.php\/wp-json\/wp\/v2\/media?parent=10223"}],"wp:term":[{"taxonomy":"category","embeddable":true,"href":"https:\/\/arteeluoghi.it\/index.php\/wp-json\/wp\/v2\/categories?post=10223"},{"taxonomy":"post_tag","embeddable":true,"href":"https:\/\/arteeluoghi.it\/index.php\/wp-json\/wp\/v2\/tags?post=10223"}],"curies":[{"name":"wp","href":"https:\/\/api.w.org\/{rel}","templated":true}]}}