{"id":1027,"date":"2013-02-10T19:12:29","date_gmt":"2013-02-10T18:12:29","guid":{"rendered":"http:\/\/arteeluoghi.it\/index.php\/2013\/02\/10\/padiglione-italia-55-biennale-di-venezia\/"},"modified":"2013-02-10T19:12:29","modified_gmt":"2013-02-10T18:12:29","slug":"padiglione-italia-55-biennale-di-venezia","status":"publish","type":"post","link":"https:\/\/arteeluoghi.it\/index.php\/2013\/02\/10\/padiglione-italia-55-biennale-di-venezia\/","title":{"rendered":"Padiglione Italia. 55 Biennale di Venezia"},"content":{"rendered":"<p style=\"text-align: left;\" align=\"center\"><img src=\"\/images\/BartolomeoPietromarchi_Ph_AdolfoFRANZO.jpg\" border=\"0\" title=\"Bartolomeo Pietromarchi, Ph: AdolfoFRANZO\" width=\"300\" style=\"margin: 21px; float: right;\" \/>\u00a0A Venezia (Tese delle Vergini, Arsenale) dal 1\u00b0 giugno al 24 novembre 2013<\/p>\n<p style=\"text-align: left;\" align=\"center\"><span style=\"font-size: small;\"><strong><em>vice versa<\/em><\/strong><\/span><\/p>\n<p align=\"center\"><strong>\u00a0<\/strong><\/p>\n<p><strong><em>Vice versa<\/em><\/strong> \u00e8 il titolo scelto dal curatore <strong>Bartolomeo Pietromarchi<\/strong> per il progetto espositivo del <strong>Padiglione Italia<\/strong> alla 55. Esposizione Internazionale d\u2019Arte della Biennale di Venezia, promosso dal Ministero per i Beni e le Attivit\u00e0 Culturali attraverso la Direzione Generale per il Paesaggio, le Belle Arti, l\u2019Architettura e l\u2019Arte Contemporanee.<\/p>\n<p>  <!--more-->  <\/p>\n<p><strong><em>Vice versa<\/em><\/strong> riprende un concetto teorizzato da Giorgio Agamben nel volume <em>Categorie italiane. Studi di Poetica <\/em>(1996),in cui il filosofo sostiene che per interpretare la cultura italiana sia necessario individuare una \u201cserie di <strong>concetti polarmente coniugati<\/strong>\u201d capaci di descriverne le caratteristiche di fondo. Binomi quali <em>tragedia\/commedia<\/em>, <em>architettura\/vaghezza<\/em> o <em>velocit\u00e0\/leggerezza<\/em> divengono cos\u00ec originali chiavi di lettura di opere e autori fondanti della nostra storia culturale.<\/p>\n<p>\u00a0<\/p>\n<p>Questa attitudine <strong>speculare e dialettica<\/strong>,e in particolare la dimensione del <strong>doppio<\/strong>, \u00e8 uno degli aspetti che pi\u00f9 profondamente caratterizzano l\u2019arte contemporanea italiana<em>. <\/em>Basti citare la poetica di artisti come Alighiero Boetti, Giulio Paolini, Michelangelo Pistoletto, Luigi Ontani e Gino De Dominicis che basano la propria ricerca su <strong>polarit\u00e0 contrapposte<\/strong>: ordine e disordine, immagine e riflesso, visibile e invisibile, i confini tra realt\u00e0 e finzione, originale e copia, tragedia e commedia tendono a dissolversi. La natura antitetica della nostra cultura produce cos\u00ec opere che ribaltano la realt\u00e0 in finzione e la finzione in realt\u00e0, dove nel gioco del <em>vice versa<\/em> il paesaggio diviene palcoscenico, la storia <em>performance<\/em>, l\u2019opera teatro, l\u2019immaginario popolare storia personale.<\/p>\n<p>Ispirandosi a questa visione, <strong><em>vice versa<\/em><\/strong> propone un percorso espositivo composto da <strong>sette<\/strong> <strong>stanze<\/strong>, sette ambienti ognuno dei quali ospita <strong>due artisti in dialogo<\/strong> tra loro, dove il senso profondo di questa vocazione dialettica \u00e8 manifestato dalle opere esposte.<\/p>\n<p>La mostra diviene cos\u00ec <strong>un viaggio ideale nell\u2019arte italiana di oggi e di ieri<\/strong>, un itinerario che racconta identit\u00e0 e paesaggi \u2013 reali e immaginari \u2013 esplorando la complessit\u00e0 e le stratificazioni della vicenda artistica e antropologica del paese. Un ritratto dell\u2019arte recente non pi\u00f9 letta come contrapposizione tra movimenti e generazioni, ma come un <strong>atlante<\/strong> di temi e di attitudini, riconducibili alla storia e alla cultura nazionali, in un dialogo incrociato di corrispondenze, derivazioni e differenze, tra figure di <strong>maestri riconosciuti <\/strong>e<strong> artisti delle generazioni successive<\/strong>.<\/p>\n<p><strong><span style=\"text-decoration: underline;\">I quattordici artisti invitati sono<\/span><\/strong>:<\/p>\n<p><strong>Francesco Arena, Massimo Bartolini, Gianfranco Baruchello, Elisabetta Benassi, Flavio Favelli, Luigi Ghirri, Piero Golia, Francesca Grilli, Marcello Maloberti, Fabio Mauri, Giulio Paolini, Marco Tirelli, Luca Vitone, Sislej Xhafa. <\/strong><\/p>\n<p><strong><em>Vice versa<\/em><\/strong> si presenta cos\u00ec come un\u2019esplorazione dei caratteri fondanti della nostra identit\u00e0 culturale e artistica contemporanea articolata in un percorso tematico suddiviso in sette aree. Il doppio sguardo sul paesaggio, in cui il significato di luogo, sospeso tra visione e memoria, emerge dalle opere di Ghirri e di Vitone; il rapporto sofferto e contraddittorio con la storia declinato tra dimensione personale e collettiva si manifesta in Mauri e Arena che affrontano, attraverso il filtro del corpo e della dimensione performativa, i buchi irrisolti della storia. Ancora, il gioco dialettico e i continui slittamenti tra tragedia e commedia si ritrovano nei lavori di Golia e Xhafa sempre in bilico tra vita vissuta e vita immaginata; una dimensione presente anche nelle opere di Maloberti e Favelli che rendono sensibili gli sconfinamenti tra autobiografia e immaginario collettivo attraverso riferimenti alla cultura e alle tradizioni popolari. Una propensione dialettica \u00e8 da sempre propria del lavoro di Giulio Paolini, che dialoga in mostra con Marco Tirelli sul tema dell\u2019arte come illusione, come sguardo prospettico: un invito ad entrare in una dimensione ulteriore, costringendoci a restare in equilibrio sul confine tra realt\u00e0 e rappresentazione. Il percorso della mostra ritrova questo gioco anche nella contrapposizione tra suono e silenzio, tra libert\u00e0 di parola e censura, come nella ricerca di Massimo Bartolini e di Francesca Grilli, per terminare con le opere di Baruchello e Benassi in quella tensione tra frammento e sistema in cui l\u2019umana ambizione ad archiviare e a classificare si scontra con l\u2019impossibilit\u00e0 e il fallimento.<\/p>\n<p>Le mostra presenta opere per lo pi\u00f9 prodotte appositamente per l\u2019occasione: installazioni, sculture, dipinti, performance, interventi sonori e ambientali &#8211; all\u2019interno e all\u2019esterno del Padiglione &#8211; restituiscono alla nostra arte recente quella complessit\u00e0 vitale, fatta di intuizioni e contraddizioni, che, nel gioco del <em>vice versa<\/em>, trova uno dei suoi elementi fondanti, affermando il proprio statuto di originalit\u00e0 e il rilievo internazionale che le compete.<\/p>\n<p>\u00a0<\/p>\n<p><span style=\"text-decoration: underline;\">IL CATALOGO<\/span><\/p>\n<p>L\u2019immagine coordinata di <strong><em>vice versa<\/em><\/strong> \u2013 dal logo alla campagna di comunicazione, dagli inviti alla pannellistica fino al catalogo \u2013 sar\u00e0 sviluppata da <strong>Mousse Agency<\/strong>. La pubblicazione che accompagna la mostra sar\u00e0 edita in doppia lingua, italiano e inglese, e raccoglier\u00e0 un\u2019importante selezione di materiali inediti che documenteranno l\u2019ideazione e l\u2019elaborazione delle opere. Oltre alle sezioni dedicate ai singoli artisti, complete di schede tecniche e informazioni sulla loro ricerca, il catalogo rifletter\u00e0 la struttura del percorso espositivo, con sette saggi dedicati a ciascuno dei dialoghi tematici in cui \u00e8 suddiviso, a firma di importanti critici italiani e stranieri.<\/p>\n<p>\u00a0<\/p>\n<p><span style=\"text-decoration: underline;\">IL PROGETTO DI <em>CROWDFUNDING<\/em><\/span><\/p>\n<p>Al fine di sostenere la mostra <strong><em>vice versa<\/em><\/strong> al Padiglione Italia alla 55. Esposizione Internazionale d\u2019Arte della Biennale di Venezia, il curatore ha avviato un progetto di <em>crowdfunding<\/em> sulla scia di alcune recenti esperienze internazionali di successo come, ad esempio, nelle campagne <em>Tous M\u00e9c\u00e8nes <\/em>del Louvre e <em>Let\u2019s Build a Goddamn Tesla Museum<\/em> negli Stati Uniti. <strong><em>Vice versa<\/em><\/strong>sar\u00e0 cos\u00ec un\u2019occasione per sperimentare inediti percorsi di sostegno e modalit\u00e0 alternative di finanziamento e di partecipazione a un evento culturale.<\/p>\n<p>A partire dal 12 febbraio 2013 sar\u00e0 lanciato il progetto di <em>crowdfunding<\/em> che permetter\u00e0 a chiunque di partecipare attivamente e di sostenere in prima persona la manifestazione.<\/p>\n<p>Tale iniziativa sar\u00e0 finalizzata al sostegno delle produzioni degli artisti; della mediazione culturale della promozione e comunicazione; dell\u2019organizzazione di incontri con artisti e opinion leader; di un convegno finale sui temi del Padiglione.<\/p>\n<p>Lo spirito di partecipazione e il sostegno al progetto espositivo saranno riconosciuti con una serie di benefit corrispondenti ai target di supporto.<\/p>\n<p>La raccolta fondi, che avr\u00e0 la durata di 90 giorni, sar\u00e0 inaugurata con eventi a Roma, Milano, Londra e New York, per poi proseguire sul web (<a href=\"http:\/\/www.vicecersa2013.org\/\" target=\"_blank\">www.vicecersa2013.org<\/a>).<\/p>\n<p>\u00a0<\/p>\n<p>(fonte: comunicato stampa)<\/p>\n<hr \/>\n<p>\u00a0<\/p>\n<p><strong>INFORMAZIONI<\/strong><\/p>\n<p><span style=\"text-decoration: underline;\">Inaugurazione Padiglione Italia<\/span>: gioved\u00ec 30 maggio 2013, ore 11.30<\/p>\n<p><span style=\"text-decoration: underline;\">Apertura al pubblico<\/span>: dal 1 giugno al 24 novembre 2013<\/p>\n<p><span style=\"text-decoration: underline;\">Luogo<\/span>: Venezia, Tese delle Vergini all\u2019Arsenale<\/p>\n<p>\u00a0<\/p>\n","protected":false},"excerpt":{"rendered":"<p>\u00a0A Venezia (Tese delle Vergini, Arsenale) dal 1\u00b0 giugno al 24 novembre 2013 vice versa \u00a0 Vice versa \u00e8 il<\/p>\n","protected":false},"author":1,"featured_media":0,"comment_status":"open","ping_status":"open","sticky":false,"template":"","format":"standard","meta":[],"categories":[27],"tags":[],"yoast_head":"<!-- This site is optimized with the Yoast SEO plugin v18.0 - https:\/\/yoast.com\/wordpress\/plugins\/seo\/ -->\n<title>Padiglione Italia. 55 Biennale di Venezia | Arte e Luoghi<\/title>\n<meta name=\"robots\" content=\"index, follow, max-snippet:-1, max-image-preview:large, max-video-preview:-1\" \/>\n<link rel=\"canonical\" href=\"https:\/\/arteeluoghi.it\/index.php\/2013\/02\/10\/padiglione-italia-55-biennale-di-venezia\/\" \/>\n<meta property=\"og:locale\" content=\"it_IT\" \/>\n<meta property=\"og:type\" content=\"article\" \/>\n<meta property=\"og:title\" content=\"Padiglione Italia. 55 Biennale di Venezia | Arte e Luoghi\" \/>\n<meta property=\"og:description\" content=\"\u00a0A Venezia (Tese delle Vergini, Arsenale) dal 1\u00b0 giugno al 24 novembre 2013 vice versa \u00a0 Vice versa \u00e8 il\" \/>\n<meta property=\"og:url\" content=\"https:\/\/arteeluoghi.it\/index.php\/2013\/02\/10\/padiglione-italia-55-biennale-di-venezia\/\" \/>\n<meta property=\"og:site_name\" content=\"Arte e Luoghi\" \/>\n<meta property=\"article:publisher\" content=\"https:\/\/www.facebook.com\/ArteELuoghi\/\" \/>\n<meta property=\"article:published_time\" content=\"2013-02-10T18:12:29+00:00\" \/>\n<meta property=\"og:image\" content=\"https:\/\/arteeluoghi.it\/images\/BartolomeoPietromarchi_Ph_AdolfoFRANZO.jpg\" \/>\n<meta name=\"twitter:card\" content=\"summary\" \/>\n<meta name=\"twitter:creator\" content=\"@arteeluoghi\" \/>\n<meta name=\"twitter:site\" content=\"@arteeluoghi\" \/>\n<meta name=\"twitter:label1\" content=\"Scritto da\" \/>\n\t<meta name=\"twitter:data1\" content=\"Staff\" \/>\n\t<meta name=\"twitter:label2\" content=\"Tempo di lettura stimato\" \/>\n\t<meta name=\"twitter:data2\" content=\"5 minuti\" \/>\n<script type=\"application\/ld+json\" class=\"yoast-schema-graph\">{\"@context\":\"https:\/\/schema.org\",\"@graph\":[{\"@type\":\"Organization\",\"@id\":\"https:\/\/arteeluoghi.it\/#organization\",\"name\":\"Arte e Luoghi\",\"url\":\"https:\/\/arteeluoghi.it\/\",\"sameAs\":[\"https:\/\/www.facebook.com\/ArteELuoghi\/\",\"https:\/\/www.instagram.com\/arteeluoghi\/?hl=it\",\"https:\/\/www.youtube.com\/channel\/UCuRVc4JW4-C5sg9rQB-srkw?view_as=subscriber\",\"https:\/\/twitter.com\/arteeluoghi\"],\"logo\":{\"@type\":\"ImageObject\",\"@id\":\"https:\/\/arteeluoghi.it\/#logo\",\"inLanguage\":\"it-IT\",\"url\":\"https:\/\/arteeluoghi.it\/wp-content\/uploads\/2018\/08\/logoinstagramarte.jpg\",\"contentUrl\":\"https:\/\/arteeluoghi.it\/wp-content\/uploads\/2018\/08\/logoinstagramarte.jpg\",\"width\":150,\"height\":150,\"caption\":\"Arte e Luoghi\"},\"image\":{\"@id\":\"https:\/\/arteeluoghi.it\/#logo\"}},{\"@type\":\"WebSite\",\"@id\":\"https:\/\/arteeluoghi.it\/#website\",\"url\":\"https:\/\/arteeluoghi.it\/\",\"name\":\"Arte e Luoghi\",\"description\":\"Mensile di arte, cultura, turismo e curiosit\u00e0\",\"publisher\":{\"@id\":\"https:\/\/arteeluoghi.it\/#organization\"},\"potentialAction\":[{\"@type\":\"SearchAction\",\"target\":{\"@type\":\"EntryPoint\",\"urlTemplate\":\"https:\/\/arteeluoghi.it\/?s={search_term_string}\"},\"query-input\":\"required name=search_term_string\"}],\"inLanguage\":\"it-IT\"},{\"@type\":\"ImageObject\",\"@id\":\"https:\/\/arteeluoghi.it\/index.php\/2013\/02\/10\/padiglione-italia-55-biennale-di-venezia\/#primaryimage\",\"inLanguage\":\"it-IT\",\"url\":\"\/images\/BartolomeoPietromarchi_Ph_AdolfoFRANZO.jpg\",\"contentUrl\":\"\/images\/BartolomeoPietromarchi_Ph_AdolfoFRANZO.jpg\"},{\"@type\":\"WebPage\",\"@id\":\"https:\/\/arteeluoghi.it\/index.php\/2013\/02\/10\/padiglione-italia-55-biennale-di-venezia\/#webpage\",\"url\":\"https:\/\/arteeluoghi.it\/index.php\/2013\/02\/10\/padiglione-italia-55-biennale-di-venezia\/\",\"name\":\"Padiglione Italia. 55 Biennale di Venezia | Arte e Luoghi\",\"isPartOf\":{\"@id\":\"https:\/\/arteeluoghi.it\/#website\"},\"primaryImageOfPage\":{\"@id\":\"https:\/\/arteeluoghi.it\/index.php\/2013\/02\/10\/padiglione-italia-55-biennale-di-venezia\/#primaryimage\"},\"datePublished\":\"2013-02-10T18:12:29+00:00\",\"dateModified\":\"2013-02-10T18:12:29+00:00\",\"breadcrumb\":{\"@id\":\"https:\/\/arteeluoghi.it\/index.php\/2013\/02\/10\/padiglione-italia-55-biennale-di-venezia\/#breadcrumb\"},\"inLanguage\":\"it-IT\",\"potentialAction\":[{\"@type\":\"ReadAction\",\"target\":[\"https:\/\/arteeluoghi.it\/index.php\/2013\/02\/10\/padiglione-italia-55-biennale-di-venezia\/\"]}]},{\"@type\":\"BreadcrumbList\",\"@id\":\"https:\/\/arteeluoghi.it\/index.php\/2013\/02\/10\/padiglione-italia-55-biennale-di-venezia\/#breadcrumb\",\"itemListElement\":[{\"@type\":\"ListItem\",\"position\":1,\"name\":\"Home\",\"item\":\"https:\/\/arteeluoghi.it\/\"},{\"@type\":\"ListItem\",\"position\":2,\"name\":\"Padiglione Italia. 55 Biennale di Venezia\"}]},{\"@type\":\"Article\",\"@id\":\"https:\/\/arteeluoghi.it\/index.php\/2013\/02\/10\/padiglione-italia-55-biennale-di-venezia\/#article\",\"isPartOf\":{\"@id\":\"https:\/\/arteeluoghi.it\/index.php\/2013\/02\/10\/padiglione-italia-55-biennale-di-venezia\/#webpage\"},\"author\":{\"@id\":\"https:\/\/arteeluoghi.it\/#\/schema\/person\/f84e814e36e91e01448ee07eaadd41d4\"},\"headline\":\"Padiglione Italia. 55 Biennale di Venezia\",\"datePublished\":\"2013-02-10T18:12:29+00:00\",\"dateModified\":\"2013-02-10T18:12:29+00:00\",\"mainEntityOfPage\":{\"@id\":\"https:\/\/arteeluoghi.it\/index.php\/2013\/02\/10\/padiglione-italia-55-biennale-di-venezia\/#webpage\"},\"wordCount\":1049,\"commentCount\":0,\"publisher\":{\"@id\":\"https:\/\/arteeluoghi.it\/#organization\"},\"image\":{\"@id\":\"https:\/\/arteeluoghi.it\/index.php\/2013\/02\/10\/padiglione-italia-55-biennale-di-venezia\/#primaryimage\"},\"thumbnailUrl\":\"\/images\/BartolomeoPietromarchi_Ph_AdolfoFRANZO.jpg\",\"articleSection\":[\"Arte\"],\"inLanguage\":\"it-IT\",\"potentialAction\":[{\"@type\":\"CommentAction\",\"name\":\"Comment\",\"target\":[\"https:\/\/arteeluoghi.it\/index.php\/2013\/02\/10\/padiglione-italia-55-biennale-di-venezia\/#respond\"]}]},{\"@type\":\"Person\",\"@id\":\"https:\/\/arteeluoghi.it\/#\/schema\/person\/f84e814e36e91e01448ee07eaadd41d4\",\"name\":\"Staff\",\"image\":{\"@type\":\"ImageObject\",\"@id\":\"https:\/\/arteeluoghi.it\/#personlogo\",\"inLanguage\":\"it-IT\",\"url\":\"https:\/\/secure.gravatar.com\/avatar\/49d2f9e46271bb04e19cebfaf141313a?s=96&d=blank&r=g\",\"contentUrl\":\"https:\/\/secure.gravatar.com\/avatar\/49d2f9e46271bb04e19cebfaf141313a?s=96&d=blank&r=g\",\"caption\":\"Staff\"}}]}<\/script>\n<!-- \/ Yoast SEO plugin. -->","yoast_head_json":{"title":"Padiglione Italia. 55 Biennale di Venezia | Arte e Luoghi","robots":{"index":"index","follow":"follow","max-snippet":"max-snippet:-1","max-image-preview":"max-image-preview:large","max-video-preview":"max-video-preview:-1"},"canonical":"https:\/\/arteeluoghi.it\/index.php\/2013\/02\/10\/padiglione-italia-55-biennale-di-venezia\/","og_locale":"it_IT","og_type":"article","og_title":"Padiglione Italia. 55 Biennale di Venezia | Arte e Luoghi","og_description":"\u00a0A Venezia (Tese delle Vergini, Arsenale) dal 1\u00b0 giugno al 24 novembre 2013 vice versa \u00a0 Vice versa \u00e8 il","og_url":"https:\/\/arteeluoghi.it\/index.php\/2013\/02\/10\/padiglione-italia-55-biennale-di-venezia\/","og_site_name":"Arte e Luoghi","article_publisher":"https:\/\/www.facebook.com\/ArteELuoghi\/","article_published_time":"2013-02-10T18:12:29+00:00","og_image":[{"url":"https:\/\/arteeluoghi.it\/images\/BartolomeoPietromarchi_Ph_AdolfoFRANZO.jpg"}],"twitter_card":"summary","twitter_creator":"@arteeluoghi","twitter_site":"@arteeluoghi","twitter_misc":{"Scritto da":"Staff","Tempo di lettura stimato":"5 minuti"},"schema":{"@context":"https:\/\/schema.org","@graph":[{"@type":"Organization","@id":"https:\/\/arteeluoghi.it\/#organization","name":"Arte e Luoghi","url":"https:\/\/arteeluoghi.it\/","sameAs":["https:\/\/www.facebook.com\/ArteELuoghi\/","https:\/\/www.instagram.com\/arteeluoghi\/?hl=it","https:\/\/www.youtube.com\/channel\/UCuRVc4JW4-C5sg9rQB-srkw?view_as=subscriber","https:\/\/twitter.com\/arteeluoghi"],"logo":{"@type":"ImageObject","@id":"https:\/\/arteeluoghi.it\/#logo","inLanguage":"it-IT","url":"https:\/\/arteeluoghi.it\/wp-content\/uploads\/2018\/08\/logoinstagramarte.jpg","contentUrl":"https:\/\/arteeluoghi.it\/wp-content\/uploads\/2018\/08\/logoinstagramarte.jpg","width":150,"height":150,"caption":"Arte e Luoghi"},"image":{"@id":"https:\/\/arteeluoghi.it\/#logo"}},{"@type":"WebSite","@id":"https:\/\/arteeluoghi.it\/#website","url":"https:\/\/arteeluoghi.it\/","name":"Arte e Luoghi","description":"Mensile di arte, cultura, turismo e curiosit\u00e0","publisher":{"@id":"https:\/\/arteeluoghi.it\/#organization"},"potentialAction":[{"@type":"SearchAction","target":{"@type":"EntryPoint","urlTemplate":"https:\/\/arteeluoghi.it\/?s={search_term_string}"},"query-input":"required name=search_term_string"}],"inLanguage":"it-IT"},{"@type":"ImageObject","@id":"https:\/\/arteeluoghi.it\/index.php\/2013\/02\/10\/padiglione-italia-55-biennale-di-venezia\/#primaryimage","inLanguage":"it-IT","url":"\/images\/BartolomeoPietromarchi_Ph_AdolfoFRANZO.jpg","contentUrl":"\/images\/BartolomeoPietromarchi_Ph_AdolfoFRANZO.jpg"},{"@type":"WebPage","@id":"https:\/\/arteeluoghi.it\/index.php\/2013\/02\/10\/padiglione-italia-55-biennale-di-venezia\/#webpage","url":"https:\/\/arteeluoghi.it\/index.php\/2013\/02\/10\/padiglione-italia-55-biennale-di-venezia\/","name":"Padiglione Italia. 55 Biennale di Venezia | Arte e Luoghi","isPartOf":{"@id":"https:\/\/arteeluoghi.it\/#website"},"primaryImageOfPage":{"@id":"https:\/\/arteeluoghi.it\/index.php\/2013\/02\/10\/padiglione-italia-55-biennale-di-venezia\/#primaryimage"},"datePublished":"2013-02-10T18:12:29+00:00","dateModified":"2013-02-10T18:12:29+00:00","breadcrumb":{"@id":"https:\/\/arteeluoghi.it\/index.php\/2013\/02\/10\/padiglione-italia-55-biennale-di-venezia\/#breadcrumb"},"inLanguage":"it-IT","potentialAction":[{"@type":"ReadAction","target":["https:\/\/arteeluoghi.it\/index.php\/2013\/02\/10\/padiglione-italia-55-biennale-di-venezia\/"]}]},{"@type":"BreadcrumbList","@id":"https:\/\/arteeluoghi.it\/index.php\/2013\/02\/10\/padiglione-italia-55-biennale-di-venezia\/#breadcrumb","itemListElement":[{"@type":"ListItem","position":1,"name":"Home","item":"https:\/\/arteeluoghi.it\/"},{"@type":"ListItem","position":2,"name":"Padiglione Italia. 55 Biennale di Venezia"}]},{"@type":"Article","@id":"https:\/\/arteeluoghi.it\/index.php\/2013\/02\/10\/padiglione-italia-55-biennale-di-venezia\/#article","isPartOf":{"@id":"https:\/\/arteeluoghi.it\/index.php\/2013\/02\/10\/padiglione-italia-55-biennale-di-venezia\/#webpage"},"author":{"@id":"https:\/\/arteeluoghi.it\/#\/schema\/person\/f84e814e36e91e01448ee07eaadd41d4"},"headline":"Padiglione Italia. 55 Biennale di Venezia","datePublished":"2013-02-10T18:12:29+00:00","dateModified":"2013-02-10T18:12:29+00:00","mainEntityOfPage":{"@id":"https:\/\/arteeluoghi.it\/index.php\/2013\/02\/10\/padiglione-italia-55-biennale-di-venezia\/#webpage"},"wordCount":1049,"commentCount":0,"publisher":{"@id":"https:\/\/arteeluoghi.it\/#organization"},"image":{"@id":"https:\/\/arteeluoghi.it\/index.php\/2013\/02\/10\/padiglione-italia-55-biennale-di-venezia\/#primaryimage"},"thumbnailUrl":"\/images\/BartolomeoPietromarchi_Ph_AdolfoFRANZO.jpg","articleSection":["Arte"],"inLanguage":"it-IT","potentialAction":[{"@type":"CommentAction","name":"Comment","target":["https:\/\/arteeluoghi.it\/index.php\/2013\/02\/10\/padiglione-italia-55-biennale-di-venezia\/#respond"]}]},{"@type":"Person","@id":"https:\/\/arteeluoghi.it\/#\/schema\/person\/f84e814e36e91e01448ee07eaadd41d4","name":"Staff","image":{"@type":"ImageObject","@id":"https:\/\/arteeluoghi.it\/#personlogo","inLanguage":"it-IT","url":"https:\/\/secure.gravatar.com\/avatar\/49d2f9e46271bb04e19cebfaf141313a?s=96&d=blank&r=g","contentUrl":"https:\/\/secure.gravatar.com\/avatar\/49d2f9e46271bb04e19cebfaf141313a?s=96&d=blank&r=g","caption":"Staff"}}]}},"_links":{"self":[{"href":"https:\/\/arteeluoghi.it\/index.php\/wp-json\/wp\/v2\/posts\/1027"}],"collection":[{"href":"https:\/\/arteeluoghi.it\/index.php\/wp-json\/wp\/v2\/posts"}],"about":[{"href":"https:\/\/arteeluoghi.it\/index.php\/wp-json\/wp\/v2\/types\/post"}],"author":[{"embeddable":true,"href":"https:\/\/arteeluoghi.it\/index.php\/wp-json\/wp\/v2\/users\/1"}],"replies":[{"embeddable":true,"href":"https:\/\/arteeluoghi.it\/index.php\/wp-json\/wp\/v2\/comments?post=1027"}],"version-history":[{"count":0,"href":"https:\/\/arteeluoghi.it\/index.php\/wp-json\/wp\/v2\/posts\/1027\/revisions"}],"wp:attachment":[{"href":"https:\/\/arteeluoghi.it\/index.php\/wp-json\/wp\/v2\/media?parent=1027"}],"wp:term":[{"taxonomy":"category","embeddable":true,"href":"https:\/\/arteeluoghi.it\/index.php\/wp-json\/wp\/v2\/categories?post=1027"},{"taxonomy":"post_tag","embeddable":true,"href":"https:\/\/arteeluoghi.it\/index.php\/wp-json\/wp\/v2\/tags?post=1027"}],"curies":[{"name":"wp","href":"https:\/\/api.w.org\/{rel}","templated":true}]}}