{"id":1030,"date":"2013-02-10T22:49:21","date_gmt":"2013-02-10T21:49:21","guid":{"rendered":"http:\/\/arteeluoghi.it\/index.php\/2013\/02\/10\/la-giovane-orchestra-del-salento\/"},"modified":"2013-02-10T22:49:21","modified_gmt":"2013-02-10T21:49:21","slug":"la-giovane-orchestra-del-salento","status":"publish","type":"post","link":"https:\/\/arteeluoghi.it\/index.php\/2013\/02\/10\/la-giovane-orchestra-del-salento\/","title":{"rendered":"La Giovane Orchestra del Salento"},"content":{"rendered":"<p>\u00a0<img src=\"\/images\/Ogni-cosa-fiorisce_Icona_15-16-febbraio-con-loghi-1024x872.jpg\" border=\"0\" width=\"200\" style=\"margin: 21px; float: left;\" \/>Al Teatro Ducale di Cavallino (Lecce) il 15 e 16 febbraio 2013<\/p>\n<p>\u201c<strong>Ogni cosa fiorisce\u2026e per sempre sorride<\/strong><\/p>\n<p>Il 15 e il 16 Febbraio al Teatro Il Ducale di Cavallino si terr\u00e0 l\u2019evento \u201c<strong>Ogni cosa fiorisce\u2026e per sempre sorride<\/strong>\u201d con il concerto della\u00a0<strong>Giovane Orchestra del Salento\u00a0<\/strong>e la giornata della restituzione del\u00a0<strong>Treno della Memoria 2013<\/strong>.<\/p>\n<p>\u00a0<\/p>\n<p>  <!--more-->  <\/p>\n<p>\u00a0<\/p>\n<p>Questo spazio di condivisione \u00e8 sostenuto e promosso dall\u2019<strong>Accademia del Rinascimento Mediterraneo<\/strong>\u00a0e coinvolge due gruppi di giovani che, nelle loro rispettive esperienze d\u2019insieme, esprimono una poetica del fare che produce risultati straordinari. La musica e il viaggio alla riscoperta del proprio passato offrono a questi ragazzi l\u2019opportunit\u00e0 di scrivere insieme una nuova pagina della propria vita, che non ripercorre i solchi esistenti, ma che, sfidandosi, si rigenera.<\/p>\n<p>La\u00a0<strong><a href=\"http:\/\/www.giovaneorchestra.com\/\">Giovane Orchestra del Salento<\/a><\/strong>\u00a0ha coinvolto ad oggi pi\u00f9 di 150 ragazzi dai 15 ai 25 anni di et\u00e0 e ha dato la possibilit\u00e0 ai partecipanti di condividere un progetto di orchestra dedita all\u2019inclusione e all\u2019arte dell\u2019incontro. L\u2019orchestra accoglie musicisti di ogni provenienza musicale e con ogni grado di conoscenza dello strumento e d\u00e0 la possibilit\u00e0 ai ragazzi di intervenire nelle fasi creative e progettuali. Questa modalit\u00e0 operativa ha creato un gruppo coeso che esprime con un sound originale un repertorio inedito nei testi e nelle musiche e che rappresenta un modo nuovo e rivoluzionario di essere orchestra.\u00a0La direzione \u00e8 affidata a Claudio Prima mentre l\u2019orchestrazione e gli arrangiamenti sono di Emanuele Coluccia.<\/p>\n<p><strong><object width=\"425\" height=\"350\" data=\"http:\/\/www.youtube.com\/embed\/STFrVIdsULI#!\" type=\"audio\/x-pn-realaudio-plugin\"><param name=\"src\" value=\"http:\/\/www.youtube.com\/embed\/STFrVIdsULI#!\" \/><param name=\"frameborder\" value=\"0\" \/><\/object><span id=\"__caret\">_<\/span>Venerd\u00ec 15 e Sabato 16 Febbraio 2013, ore 21.00<\/strong><br \/> <strong><em>\u201cIn una sera di sole<\/em><\/strong>\u00a0\u201d<br \/> <em>(frase tratta da una poesia di un bambino di Terezin, anonimo, ucciso ad Auschwitz<\/em>)\u00a0<strong><br \/> Concerto della \u201cGiovane Orchestra del Salento\u201d<br \/> <\/strong>Direzione\u00a0<em>Claudio Prima;<br \/> <\/em>Orchestrazione e arrangiamenti<em>: Emanuele Coluccia<\/em><\/p>\n<p><em><span style=\"text-decoration: underline;\">Prezzo al botteghino: venerd\u00ec 12\u20ac \u2013 sabato 15\u20ac<\/span><\/em><br \/> <em><span style=\"text-decoration: underline;\">Prezzo in prevendita: venerd\u00ec 10\u20ac \u2013 sabato 12\u20ac<\/span><\/em><\/p>\n<p><strong>Sabato 16 Febbraio 2013, ore 10.00<\/strong><\/p>\n<p>Assemblea giovanile e testimonianze<br \/> <strong><em>\u201cCi andremo in tanti, verso questo sogno\u201d<\/em><\/strong><br \/> <em>(frase tratta da una poesia di Alena Synkov\u00e1 nata nel\u00a0<\/em>1926 sopravvissuta)<br \/> \u00b7\u00a0 Introduzione musicale della Giovane Orchestra del Salento.<br \/> \u00b7\u00a0 Assemblea: riservata alle scuole che hanno preso parte al Treno della Memoria 2013.<br \/> \u00b7\u00a0 Testimonianze e letture.<br \/> \u00b7\u00a0 Sviluppo di un confronto di democrazia profonda.<br \/> \u00b7\u00a0 Conclusione in musica<\/p>\n<hr \/>\n<p><a href=\"http:\/\/it.ulule.com\/ogni-cosa-fiorisce-e-senza-fine-sorride\/\" target=\"_blank\">IL TUO SOSTEGNO<\/a><\/p>\n<p>I ragazzi della Giovane Orchestra e i ragazzi del Treno della Memoria, che condividono delle esperienze straordinarie e che quest\u2019anno possono ritrovarsi insieme, sono una grande benedizione per la Puglia, sono la forza del nuovo rinascimento, la linfa di cui la comunit\u00e0 intera ha bisogno per rigenerarsi ed \u00e8 per questo che vogliamo ascoltarli e festeggiarli con un evento di gioia.\u00a0<strong>Per realizzare questo evento abbiamo bisogno del tuo sostegno per poter dimostrare insieme che, davvero, OGNI COSA FIORISCE!<\/strong>\u00a0Abbiamo attivato una campagna di\u00a0<strong><a href=\"http:\/\/it.ulule.com\/ogni-cosa-fiorisce-e-senza-fine-sorride\/\">crowdfunding su Ulule<\/a><\/strong>\u00a0che da la possibilit\u00e0 a tutti di contribuire, se vuoi farlo e sostenere il progetto clicca sul link<br \/> sottostante.<a href=\"http:\/\/it.ulule.com\/ogni-cosa-fiorisce-e-senza-fine-sorride\/\" target=\"_blank\">DAI IL TUO CONTRIBUTO!!!<\/a><br \/> <a href=\"http:\/\/it.ulule.com\/ogni-cosa-fiorisce-e-senza-fine-sorride\/\">http:\/\/it.ulule.com\/ogni-cosa-fiorisce-e-senza-fine-sorride\/<\/a><\/p>\n<p>(fonte: comunicato stampa)<\/p>\n","protected":false},"excerpt":{"rendered":"<p>\u00a0Al Teatro Ducale di Cavallino (Lecce) il 15 e 16 febbraio 2013 \u201cOgni cosa fiorisce\u2026e per sempre sorride Il 15<\/p>\n","protected":false},"author":1,"featured_media":0,"comment_status":"open","ping_status":"open","sticky":false,"template":"","format":"standard","meta":[],"categories":[12],"tags":[],"yoast_head":"<!-- This site is optimized with the Yoast SEO plugin v18.0 - https:\/\/yoast.com\/wordpress\/plugins\/seo\/ -->\n<title>La Giovane Orchestra del Salento | Arte e Luoghi<\/title>\n<meta name=\"robots\" content=\"index, follow, max-snippet:-1, max-image-preview:large, max-video-preview:-1\" \/>\n<link rel=\"canonical\" href=\"https:\/\/arteeluoghi.it\/index.php\/2013\/02\/10\/la-giovane-orchestra-del-salento\/\" \/>\n<meta property=\"og:locale\" content=\"it_IT\" \/>\n<meta property=\"og:type\" content=\"article\" \/>\n<meta property=\"og:title\" content=\"La Giovane Orchestra del Salento | Arte e Luoghi\" \/>\n<meta property=\"og:description\" content=\"\u00a0Al Teatro Ducale di Cavallino (Lecce) il 15 e 16 febbraio 2013 \u201cOgni cosa fiorisce\u2026e per sempre sorride Il 15\" \/>\n<meta property=\"og:url\" content=\"https:\/\/arteeluoghi.it\/index.php\/2013\/02\/10\/la-giovane-orchestra-del-salento\/\" \/>\n<meta property=\"og:site_name\" content=\"Arte e Luoghi\" \/>\n<meta property=\"article:publisher\" content=\"https:\/\/www.facebook.com\/ArteELuoghi\/\" \/>\n<meta property=\"article:published_time\" content=\"2013-02-10T21:49:21+00:00\" \/>\n<meta property=\"og:image\" content=\"https:\/\/arteeluoghi.it\/images\/Ogni-cosa-fiorisce_Icona_15-16-febbraio-con-loghi-1024x872.jpg\" \/>\n<meta name=\"twitter:card\" content=\"summary\" \/>\n<meta name=\"twitter:creator\" content=\"@arteeluoghi\" \/>\n<meta name=\"twitter:site\" content=\"@arteeluoghi\" \/>\n<meta name=\"twitter:label1\" content=\"Scritto da\" \/>\n\t<meta name=\"twitter:data1\" content=\"Staff\" \/>\n\t<meta name=\"twitter:label2\" content=\"Tempo di lettura stimato\" \/>\n\t<meta name=\"twitter:data2\" content=\"2 minuti\" \/>\n<script type=\"application\/ld+json\" class=\"yoast-schema-graph\">{\"@context\":\"https:\/\/schema.org\",\"@graph\":[{\"@type\":\"Organization\",\"@id\":\"https:\/\/arteeluoghi.it\/#organization\",\"name\":\"Arte e Luoghi\",\"url\":\"https:\/\/arteeluoghi.it\/\",\"sameAs\":[\"https:\/\/www.facebook.com\/ArteELuoghi\/\",\"https:\/\/www.instagram.com\/arteeluoghi\/?hl=it\",\"https:\/\/www.youtube.com\/channel\/UCuRVc4JW4-C5sg9rQB-srkw?view_as=subscriber\",\"https:\/\/twitter.com\/arteeluoghi\"],\"logo\":{\"@type\":\"ImageObject\",\"@id\":\"https:\/\/arteeluoghi.it\/#logo\",\"inLanguage\":\"it-IT\",\"url\":\"https:\/\/arteeluoghi.it\/wp-content\/uploads\/2018\/08\/logoinstagramarte.jpg\",\"contentUrl\":\"https:\/\/arteeluoghi.it\/wp-content\/uploads\/2018\/08\/logoinstagramarte.jpg\",\"width\":150,\"height\":150,\"caption\":\"Arte e Luoghi\"},\"image\":{\"@id\":\"https:\/\/arteeluoghi.it\/#logo\"}},{\"@type\":\"WebSite\",\"@id\":\"https:\/\/arteeluoghi.it\/#website\",\"url\":\"https:\/\/arteeluoghi.it\/\",\"name\":\"Arte e Luoghi\",\"description\":\"Mensile di arte, cultura, turismo e curiosit\u00e0\",\"publisher\":{\"@id\":\"https:\/\/arteeluoghi.it\/#organization\"},\"potentialAction\":[{\"@type\":\"SearchAction\",\"target\":{\"@type\":\"EntryPoint\",\"urlTemplate\":\"https:\/\/arteeluoghi.it\/?s={search_term_string}\"},\"query-input\":\"required name=search_term_string\"}],\"inLanguage\":\"it-IT\"},{\"@type\":\"ImageObject\",\"@id\":\"https:\/\/arteeluoghi.it\/index.php\/2013\/02\/10\/la-giovane-orchestra-del-salento\/#primaryimage\",\"inLanguage\":\"it-IT\",\"url\":\"\/images\/Ogni-cosa-fiorisce_Icona_15-16-febbraio-con-loghi-1024x872.jpg\",\"contentUrl\":\"\/images\/Ogni-cosa-fiorisce_Icona_15-16-febbraio-con-loghi-1024x872.jpg\"},{\"@type\":\"WebPage\",\"@id\":\"https:\/\/arteeluoghi.it\/index.php\/2013\/02\/10\/la-giovane-orchestra-del-salento\/#webpage\",\"url\":\"https:\/\/arteeluoghi.it\/index.php\/2013\/02\/10\/la-giovane-orchestra-del-salento\/\",\"name\":\"La Giovane Orchestra del Salento | Arte e Luoghi\",\"isPartOf\":{\"@id\":\"https:\/\/arteeluoghi.it\/#website\"},\"primaryImageOfPage\":{\"@id\":\"https:\/\/arteeluoghi.it\/index.php\/2013\/02\/10\/la-giovane-orchestra-del-salento\/#primaryimage\"},\"datePublished\":\"2013-02-10T21:49:21+00:00\",\"dateModified\":\"2013-02-10T21:49:21+00:00\",\"breadcrumb\":{\"@id\":\"https:\/\/arteeluoghi.it\/index.php\/2013\/02\/10\/la-giovane-orchestra-del-salento\/#breadcrumb\"},\"inLanguage\":\"it-IT\",\"potentialAction\":[{\"@type\":\"ReadAction\",\"target\":[\"https:\/\/arteeluoghi.it\/index.php\/2013\/02\/10\/la-giovane-orchestra-del-salento\/\"]}]},{\"@type\":\"BreadcrumbList\",\"@id\":\"https:\/\/arteeluoghi.it\/index.php\/2013\/02\/10\/la-giovane-orchestra-del-salento\/#breadcrumb\",\"itemListElement\":[{\"@type\":\"ListItem\",\"position\":1,\"name\":\"Home\",\"item\":\"https:\/\/arteeluoghi.it\/\"},{\"@type\":\"ListItem\",\"position\":2,\"name\":\"La Giovane Orchestra del Salento\"}]},{\"@type\":\"Article\",\"@id\":\"https:\/\/arteeluoghi.it\/index.php\/2013\/02\/10\/la-giovane-orchestra-del-salento\/#article\",\"isPartOf\":{\"@id\":\"https:\/\/arteeluoghi.it\/index.php\/2013\/02\/10\/la-giovane-orchestra-del-salento\/#webpage\"},\"author\":{\"@id\":\"https:\/\/arteeluoghi.it\/#\/schema\/person\/f84e814e36e91e01448ee07eaadd41d4\"},\"headline\":\"La Giovane Orchestra del Salento\",\"datePublished\":\"2013-02-10T21:49:21+00:00\",\"dateModified\":\"2013-02-10T21:49:21+00:00\",\"mainEntityOfPage\":{\"@id\":\"https:\/\/arteeluoghi.it\/index.php\/2013\/02\/10\/la-giovane-orchestra-del-salento\/#webpage\"},\"wordCount\":471,\"commentCount\":0,\"publisher\":{\"@id\":\"https:\/\/arteeluoghi.it\/#organization\"},\"image\":{\"@id\":\"https:\/\/arteeluoghi.it\/index.php\/2013\/02\/10\/la-giovane-orchestra-del-salento\/#primaryimage\"},\"thumbnailUrl\":\"\/images\/Ogni-cosa-fiorisce_Icona_15-16-febbraio-con-loghi-1024x872.jpg\",\"articleSection\":[\"MUSICA\"],\"inLanguage\":\"it-IT\",\"potentialAction\":[{\"@type\":\"CommentAction\",\"name\":\"Comment\",\"target\":[\"https:\/\/arteeluoghi.it\/index.php\/2013\/02\/10\/la-giovane-orchestra-del-salento\/#respond\"]}]},{\"@type\":\"Person\",\"@id\":\"https:\/\/arteeluoghi.it\/#\/schema\/person\/f84e814e36e91e01448ee07eaadd41d4\",\"name\":\"Staff\",\"image\":{\"@type\":\"ImageObject\",\"@id\":\"https:\/\/arteeluoghi.it\/#personlogo\",\"inLanguage\":\"it-IT\",\"url\":\"https:\/\/secure.gravatar.com\/avatar\/49d2f9e46271bb04e19cebfaf141313a?s=96&d=blank&r=g\",\"contentUrl\":\"https:\/\/secure.gravatar.com\/avatar\/49d2f9e46271bb04e19cebfaf141313a?s=96&d=blank&r=g\",\"caption\":\"Staff\"}}]}<\/script>\n<!-- \/ Yoast SEO plugin. -->","yoast_head_json":{"title":"La Giovane Orchestra del Salento | Arte e Luoghi","robots":{"index":"index","follow":"follow","max-snippet":"max-snippet:-1","max-image-preview":"max-image-preview:large","max-video-preview":"max-video-preview:-1"},"canonical":"https:\/\/arteeluoghi.it\/index.php\/2013\/02\/10\/la-giovane-orchestra-del-salento\/","og_locale":"it_IT","og_type":"article","og_title":"La Giovane Orchestra del Salento | Arte e Luoghi","og_description":"\u00a0Al Teatro Ducale di Cavallino (Lecce) il 15 e 16 febbraio 2013 \u201cOgni cosa fiorisce\u2026e per sempre sorride Il 15","og_url":"https:\/\/arteeluoghi.it\/index.php\/2013\/02\/10\/la-giovane-orchestra-del-salento\/","og_site_name":"Arte e Luoghi","article_publisher":"https:\/\/www.facebook.com\/ArteELuoghi\/","article_published_time":"2013-02-10T21:49:21+00:00","og_image":[{"url":"https:\/\/arteeluoghi.it\/images\/Ogni-cosa-fiorisce_Icona_15-16-febbraio-con-loghi-1024x872.jpg"}],"twitter_card":"summary","twitter_creator":"@arteeluoghi","twitter_site":"@arteeluoghi","twitter_misc":{"Scritto da":"Staff","Tempo di lettura stimato":"2 minuti"},"schema":{"@context":"https:\/\/schema.org","@graph":[{"@type":"Organization","@id":"https:\/\/arteeluoghi.it\/#organization","name":"Arte e Luoghi","url":"https:\/\/arteeluoghi.it\/","sameAs":["https:\/\/www.facebook.com\/ArteELuoghi\/","https:\/\/www.instagram.com\/arteeluoghi\/?hl=it","https:\/\/www.youtube.com\/channel\/UCuRVc4JW4-C5sg9rQB-srkw?view_as=subscriber","https:\/\/twitter.com\/arteeluoghi"],"logo":{"@type":"ImageObject","@id":"https:\/\/arteeluoghi.it\/#logo","inLanguage":"it-IT","url":"https:\/\/arteeluoghi.it\/wp-content\/uploads\/2018\/08\/logoinstagramarte.jpg","contentUrl":"https:\/\/arteeluoghi.it\/wp-content\/uploads\/2018\/08\/logoinstagramarte.jpg","width":150,"height":150,"caption":"Arte e Luoghi"},"image":{"@id":"https:\/\/arteeluoghi.it\/#logo"}},{"@type":"WebSite","@id":"https:\/\/arteeluoghi.it\/#website","url":"https:\/\/arteeluoghi.it\/","name":"Arte e Luoghi","description":"Mensile di arte, cultura, turismo e curiosit\u00e0","publisher":{"@id":"https:\/\/arteeluoghi.it\/#organization"},"potentialAction":[{"@type":"SearchAction","target":{"@type":"EntryPoint","urlTemplate":"https:\/\/arteeluoghi.it\/?s={search_term_string}"},"query-input":"required name=search_term_string"}],"inLanguage":"it-IT"},{"@type":"ImageObject","@id":"https:\/\/arteeluoghi.it\/index.php\/2013\/02\/10\/la-giovane-orchestra-del-salento\/#primaryimage","inLanguage":"it-IT","url":"\/images\/Ogni-cosa-fiorisce_Icona_15-16-febbraio-con-loghi-1024x872.jpg","contentUrl":"\/images\/Ogni-cosa-fiorisce_Icona_15-16-febbraio-con-loghi-1024x872.jpg"},{"@type":"WebPage","@id":"https:\/\/arteeluoghi.it\/index.php\/2013\/02\/10\/la-giovane-orchestra-del-salento\/#webpage","url":"https:\/\/arteeluoghi.it\/index.php\/2013\/02\/10\/la-giovane-orchestra-del-salento\/","name":"La Giovane Orchestra del Salento | Arte e Luoghi","isPartOf":{"@id":"https:\/\/arteeluoghi.it\/#website"},"primaryImageOfPage":{"@id":"https:\/\/arteeluoghi.it\/index.php\/2013\/02\/10\/la-giovane-orchestra-del-salento\/#primaryimage"},"datePublished":"2013-02-10T21:49:21+00:00","dateModified":"2013-02-10T21:49:21+00:00","breadcrumb":{"@id":"https:\/\/arteeluoghi.it\/index.php\/2013\/02\/10\/la-giovane-orchestra-del-salento\/#breadcrumb"},"inLanguage":"it-IT","potentialAction":[{"@type":"ReadAction","target":["https:\/\/arteeluoghi.it\/index.php\/2013\/02\/10\/la-giovane-orchestra-del-salento\/"]}]},{"@type":"BreadcrumbList","@id":"https:\/\/arteeluoghi.it\/index.php\/2013\/02\/10\/la-giovane-orchestra-del-salento\/#breadcrumb","itemListElement":[{"@type":"ListItem","position":1,"name":"Home","item":"https:\/\/arteeluoghi.it\/"},{"@type":"ListItem","position":2,"name":"La Giovane Orchestra del Salento"}]},{"@type":"Article","@id":"https:\/\/arteeluoghi.it\/index.php\/2013\/02\/10\/la-giovane-orchestra-del-salento\/#article","isPartOf":{"@id":"https:\/\/arteeluoghi.it\/index.php\/2013\/02\/10\/la-giovane-orchestra-del-salento\/#webpage"},"author":{"@id":"https:\/\/arteeluoghi.it\/#\/schema\/person\/f84e814e36e91e01448ee07eaadd41d4"},"headline":"La Giovane Orchestra del Salento","datePublished":"2013-02-10T21:49:21+00:00","dateModified":"2013-02-10T21:49:21+00:00","mainEntityOfPage":{"@id":"https:\/\/arteeluoghi.it\/index.php\/2013\/02\/10\/la-giovane-orchestra-del-salento\/#webpage"},"wordCount":471,"commentCount":0,"publisher":{"@id":"https:\/\/arteeluoghi.it\/#organization"},"image":{"@id":"https:\/\/arteeluoghi.it\/index.php\/2013\/02\/10\/la-giovane-orchestra-del-salento\/#primaryimage"},"thumbnailUrl":"\/images\/Ogni-cosa-fiorisce_Icona_15-16-febbraio-con-loghi-1024x872.jpg","articleSection":["MUSICA"],"inLanguage":"it-IT","potentialAction":[{"@type":"CommentAction","name":"Comment","target":["https:\/\/arteeluoghi.it\/index.php\/2013\/02\/10\/la-giovane-orchestra-del-salento\/#respond"]}]},{"@type":"Person","@id":"https:\/\/arteeluoghi.it\/#\/schema\/person\/f84e814e36e91e01448ee07eaadd41d4","name":"Staff","image":{"@type":"ImageObject","@id":"https:\/\/arteeluoghi.it\/#personlogo","inLanguage":"it-IT","url":"https:\/\/secure.gravatar.com\/avatar\/49d2f9e46271bb04e19cebfaf141313a?s=96&d=blank&r=g","contentUrl":"https:\/\/secure.gravatar.com\/avatar\/49d2f9e46271bb04e19cebfaf141313a?s=96&d=blank&r=g","caption":"Staff"}}]}},"_links":{"self":[{"href":"https:\/\/arteeluoghi.it\/index.php\/wp-json\/wp\/v2\/posts\/1030"}],"collection":[{"href":"https:\/\/arteeluoghi.it\/index.php\/wp-json\/wp\/v2\/posts"}],"about":[{"href":"https:\/\/arteeluoghi.it\/index.php\/wp-json\/wp\/v2\/types\/post"}],"author":[{"embeddable":true,"href":"https:\/\/arteeluoghi.it\/index.php\/wp-json\/wp\/v2\/users\/1"}],"replies":[{"embeddable":true,"href":"https:\/\/arteeluoghi.it\/index.php\/wp-json\/wp\/v2\/comments?post=1030"}],"version-history":[{"count":0,"href":"https:\/\/arteeluoghi.it\/index.php\/wp-json\/wp\/v2\/posts\/1030\/revisions"}],"wp:attachment":[{"href":"https:\/\/arteeluoghi.it\/index.php\/wp-json\/wp\/v2\/media?parent=1030"}],"wp:term":[{"taxonomy":"category","embeddable":true,"href":"https:\/\/arteeluoghi.it\/index.php\/wp-json\/wp\/v2\/categories?post=1030"},{"taxonomy":"post_tag","embeddable":true,"href":"https:\/\/arteeluoghi.it\/index.php\/wp-json\/wp\/v2\/tags?post=1030"}],"curies":[{"name":"wp","href":"https:\/\/api.w.org\/{rel}","templated":true}]}}