{"id":1034,"date":"2013-02-12T19:13:13","date_gmt":"2013-02-12T18:13:13","guid":{"rendered":"http:\/\/arteeluoghi.it\/index.php\/2013\/02\/12\/arte-rinascita-del-pensiero\/"},"modified":"2013-02-12T19:13:13","modified_gmt":"2013-02-12T18:13:13","slug":"arte-rinascita-del-pensiero","status":"publish","type":"post","link":"https:\/\/arteeluoghi.it\/index.php\/2013\/02\/12\/arte-rinascita-del-pensiero\/","title":{"rendered":"Arte, rinascita del pensiero"},"content":{"rendered":"<p style=\"text-align: left;\" align=\"center\"><img src=\"\/images\/astolfo%20funes%20gra.jpg\" border=\"0\" width=\"300\" style=\"margin: 21px; float: right;\" \/>Al Primo Piano LivinGallery dal 9 febbraio al 5 marzo 2013<strong> <br \/><\/strong><\/p>\n<p style=\"text-align: left;\" align=\"center\"><strong>RES EXTENSA<\/strong><\/p>\n<p style=\"text-align: left;\" align=\"center\">mostra a cura di<strong> Dores Sacquegna<\/strong><\/p>\n<p style=\"text-align: right;\"><em>L&#8217;accordo fra <\/em><em>res cogitans (pensiero) e res extensa (materia) &#8211; che \u00e8 negato alla limitata potenza di pensare e di agire dell&#8217;uomo &#8211; fa parte della natura divina perch\u00e9 le idee e le cose derivano dalla medesima potenza di Dio, che \u00e8 potenza di pensare e potenza di agire. <\/em><\/p>\n<p style=\"text-align: right;\"><em>SPINOZA<\/em><\/p>\n<p><em>\u00a0<\/em><\/p>\n<p>Sono stati invitati alla mostra diciannove artisti visionari per narrare attraverso le loro opere una tematica che esula da schemi convenzionali, siano essi classici che contemporanei, e si caratterizza per la sua natura fortemente visiva e narrativa, includendo nella sua espressione il segno, l\u2019amorfo, il s\u00e8, il mondo, l\u2019altro, il sacro, il profano, la poesia, il suono, la parola\u00a0 nell\u2019arte contemporanea.<\/p>\n<p>  <!--more-->  <\/p>\n<p>\u00a0<\/p>\n<p><img src=\"\/images\/invitation%20RES%20EXTENSA.jpg\" border=\"0\" width=\"300\" style=\"margin: 21px; border: 1px solid black; float: right;\" \/>Una mostra rivolta alla tematica della rinascita del pensiero e della materia,\u00a0 dell\u2019 azione culturale e sociale a cui \u00e8 dato il compito di incidere un divenire, tramite la presenza, la volont\u00e0 e lo studio delle singole opere proposte, per celebrare le potenze-energie di ricongiungersi ad un assoluto comune dell\u2019essere e dell\u2019esistere. Celebri teurghi del passato e autori si rifecero a questa visione e furono: Erodoto, Euripide, Pitagora, Orazio, Porfirio, Plinio il Vecchio, Virgilio, Apuleio, Giuliano il Teurgo, Alberto Magno, etc. In effetti la Teurgia divenne con il monoteismo, l\u2019azione dell\u2019unico Dio o dell\u2019Energia Unica e Suprema.<\/p>\n<p><em>Res extensa<\/em> \u00e8 il mondo materiale entro il quale i corpi e gli oggetti occupano un certo spazio e vivono una certa temporalit\u00e0, una sostanza oggettiva. Secondo il filosofo Merleau-Ponty, sia la superficie del nostro corpo che le textures degli oggetti che ci circondano fanno parte della stessa &#8216;carne&#8217;, dove tutti gli elementi si intrecciano e fanno eco gli uni agli altri.\u00a0 Nella carne dormono le ali e per volare e per muoversi, siamo costretti a tornare alle cose semplici, liberandoci dai fardelli e generando parole in libert\u00e0, capaci di decollare e spiccare il volo.<\/p>\n<p>\u201c<em>Dalle corde alla frutta\u201d,<\/em> \u00e8 una delle opere di scultura della nuova produzione artistica\u00a0 di <strong>Giorgio Carluccio <\/strong>(Brindisi), orientato ad una personale ricognizione poetica orientata al connubio tra rigore e visionariet\u00e0, norma e allucinazione. Una sorta di \u201cpaesaggio dalle convulsioni forti\u201d come diceva Artaud a proposito della pittura di Van Gogh. Nelle opere di Carluccio, ci troviamo di fronte a elementi familiari (la corda, la mela) ed estranei al tempo stesso. Tutti siamo d\u2019accordo che in questo nuovo secolo viviamo un\u2019emergenza dovuta a problemi di globalizzazione, criticit\u00e0, ricerca identitaria e ansiosa.<\/p>\n<p>Nel ricco brodo primordiale dei blog, possiamo osservare in diretta, le diverse fasi di nascita, crescita, stagnazione, morte ma soprattutto, riutilizzo, ri-assemblamento, e raffinamento continuo dei materiali. Internet ha rappresentato per molti l\u2019uscita dall\u2019isolamento geografico e l\u2019ingresso in un gioco molto pi\u00f9 ampio e ricco. \u201c<em>A beautiful demise<\/em>\u201d di <strong>Laura J. Victore<\/strong> (Usa), \u00e8 la dimostrazione di questo brodo memetico, proiettato su una numerosit\u00e0 quasi inconcepibile che istituisce dei confini tra interno ed esterno, tra modelli carismatici di interazione e informazioni scientifiche dell\u2019era della tecnica. Sul doppio registro tra immagine pubblica e backstage privato, prendono corpo le doppie verit\u00e0 di libert\u00e0 di pensiero\u00a0 e di lontananza nelle opere di <strong>Astolfo Funes<\/strong> (Venezuela), che richiamano il senso del tatto nell\u2019intero corpo, nel suo spessore e superficie. \u00a0Res Extensa \u00e8 una ricerca sospesa tra vista e tatto, tra pensiero e materia ed\u00a0 esplora la connessione tra il corpo e lo spazio attraverso tracce di riti o atti intimi o quotidiani. Il sensibile \u00e8 la qualit\u00e0 tattile delle cose, il contatto con gli altri,\u00a0 o con gli oggetti , la sensazione di avere sempre la terra sotto i piedi. Attraverso le sue innumerevoli pelli, il mondo ci fa conoscere gli elementi che lo costituiscono: il volume, la consistenza, i contorni, il peso.<\/p>\n<p>Quando osserviamo le opere di <strong>Fatma Almazrouie<\/strong> (Emirati Arabi), notiamo il ruolo che l\u2019artista svolge all\u2019interno del legame sociale, gli stimoli tra il dentro e il fuori, tra il piacere e il dolore. L\u2019invisibile che ci circonda \u00e8 rappresentato nelle opere di <strong>Magda Apostolou<\/strong> (Grecia), in cui si riflette \u201cla pelle della terra\u201d, coperta di fessure, di rotture, di spazio e tempo che perdono i loro connotati oggettivi per esprimersi in superfici aride e desolate, intese come paesaggi\u00a0 del corpo e della solitudine, aprendosi a evocazioni\u00a0 di temperatura prettamente mediterranea. \u00a0<\/p>\n<p>Nelle opere di <strong>Katelyne Ostyn<\/strong> (Francia) emerge un corpo mondo, l\u2019esplorazione dell\u2019assenza, la fisionomia sensoriale e sensuale della terra.\u00a0 Nei \u201ccorpi di energia\u201d di <strong>Donato Bruno Leo <\/strong>(Brindisi), l\u2019evocazione alimenta un sottile dialogo sulle molte realt\u00e0 delle cose, sulle modalit\u00e0 del frammento, sulla dimensione archetipica legata al femminile, alla sacralit\u00e0 di una nascita con rimandi simbolici e trascendenti.<\/p>\n<p>Il tempo, il rapporto con il passato, e i legami temporali e fisici sono presenti nelle opere di <strong>Tania Dimitrakopoulou<\/strong> (Grecia), e nel video \u201c<em>Hollow Null\u201d<\/em> di <strong>Rodrigo De Toledo<\/strong> (Brasile). \u00a0L\u2019irruzione esuberante dei media all\u2019interno della societ\u00e0 ha incominciato ad innescare meccanismi di dilatazione a tutte le masse del globo, togliendo la prerogativa dello spaesamento carnale allo slancio dell\u2019artista, trasferendolo in un contesto pi\u00f9 tecnologico. I computer sono entrati, come cavalli di Troia, con la loro potenza,\u00a0 offrendo possibilit\u00e0 di estensione, non solo dei sensi, ma anche del cervello e delle capacit\u00e0 psico-fisiche. La recente ricerca di <strong>Dario Manco<\/strong> (Lecce) \u00e8 quella di investigare su certe dilatazioni, di\u00a0 realizzare mondi sui quali egli proietta la sua storia o quella del mondo che lo circonda, manipolando simboli concreti con elementi immaginari.<\/p>\n<p>\u00a0<\/p>\n<p>Molti di noi si chiedono quale sia oggi la funzione dell\u2019artista nella ricerca artistica contemporanea. Se ha ancora oggi\u00a0 senso di parlare di arte o di ruolo dell\u2019artista, vista la proliferazione di varie forme espressive e il loro costante riuso in un\u2019ottica che \u00e8 ormai definita post-moderna dalla critica.<\/p>\n<p>\u00c8 anche vero che l\u2019arte \u00e8 capace di rinnovarsi e di trovare sempre nuovi spunti di riflessione che spingono, chi la osserva a interrogarsi costantemente. L\u2019arte, infatti, ha una funzione simbolica, \u00e8 un connubio perfetto di forma e materia, di visibile e invisibile, di sostanza e di pensiero, perch\u00e9 scaturisce da una intuizione sensibile dell\u2019artista che la traduce in forme comprensibili al pubblico di riferimento, adattando il suo pensiero e il suo sguardo, verso la realt\u00e0, nei confronti di una forma concreta e corporea come accade nelle opere di <strong>Motoko Huysveld<\/strong> (Francia), <strong>Nel Ten Wolde<\/strong> (Australia) e <strong>Thomas Kabelitz<\/strong> (Germania).\u00a0<\/p>\n<p>Questa concezione ha un suo referente nelle teorie di Kant, e mette in moto le facolt\u00e0 del Geist, il ponte simbolico tra arte e genio, tra idea estetica e rappresentazione.<\/p>\n<p>Per molti artisti come <strong>Giovanni Alfonsetti<\/strong> (Brindisi), <strong>Stuart Ross Snider<\/strong> (Usa) ed <strong>Helle Rask Crawford <\/strong>(Danimarca), il simbolo \u00e8 la rappresentazione sensibile del pensiero e tende ad una sorta di trascendenza.<\/p>\n<p>Questi artisti, e i loro colleghi visionari <strong>Matthew Giuffr\u00e8<\/strong> (Usa) e di <strong>Luke Grothe<\/strong> (Usa), <strong>Nadine Rolland<\/strong> (Francia), partono dalla forma e dal materiale (logos e tecne) per arrivare ad una dimensione profonda, mettendo in dialogo il Geist con il reale, stimolando la nostra mente con la bellezza di una forma illogica.<\/p>\n<p>\u00a0<\/p>\n<p>In mostra opere di pittura, scultura, installazione, fotografia, mix media, video arte.<\/p>\n<p>\u00a0<\/p>\n<p><strong>ARTISTI IN MOSTRA<\/strong><\/p>\n<p>GIOVANNI ALFONSETTI(Brindisi), FATMA ALMAZROUIE (Emirati Arabi), MAGDA APOSTOLOU (Grecia), GIORGIO CARLUCCIO(Brindisi), RODRIGO DE TOLEDO (Brasile), TANIA DIMITRAKOPOULOU(Grecia), ALFONSO FUNES(Venezuela), MATTHEW GIUFFRE\u2019(Usa), LUKE GROTHE (Usa), THOMAS KABELITZ (Germania), MOTOKO HUYSVELD (Francia), DONATO BRUNO LEO (Brindisi), DARIO MANCO(Lecce), KATELYNE OSTYN (Francia), \u00a0HELLE RASK CRAWFORD (Danimarca), NADINE ROLLAND (Francia), STUART ROSS SNIDER (Usa), LAURA VICTORE (Usa), NEL TEN WOLDE (Australia).<\/p>\n<p>(fonte: comunicato stampa)<\/p>\n<p>\u00a0<\/p>\n<p><strong><strong>Inaugurazione SABATO 9 FEBBRAIO ore 19:30<\/strong>\u00a0<\/strong><\/p>\n<p>Primo Piano LivinGallery<\/p>\n<p>Viale G. Marconi 4 Lecce, Italy 73100<\/p>\n<p>tel\/fax: 0832.30 40 14<\/p>\n<p>\u00a0<a href=\"http:\/\/www.primopianogallery.com\/\">www.primopianogallery.com<\/a>\u00a0\u00a0\u00a0<\/p>\n<p><a href=\"mailto:primopianogallery@libero.it\">primopianogallery@libero.it<\/a><\/p>\n<p><strong>\u00a0<\/strong><\/p>\n<p><strong>GIORNI E ORARI<\/strong><\/p>\n<p>dal luned\u00ec al venerd\u00ec\u00a0 dalle ore 11-13\/16-19:30<\/p>\n<p>Sabato: 17-20<\/p>\n<p>\u00a0<\/p>\n","protected":false},"excerpt":{"rendered":"<p>Al Primo Piano LivinGallery dal 9 febbraio al 5 marzo 2013 RES EXTENSA mostra a cura di Dores Sacquegna L&#8217;accordo<\/p>\n","protected":false},"author":1,"featured_media":0,"comment_status":"open","ping_status":"open","sticky":false,"template":"","format":"standard","meta":[],"categories":[27],"tags":[],"yoast_head":"<!-- This site is optimized with the Yoast SEO plugin v18.0 - https:\/\/yoast.com\/wordpress\/plugins\/seo\/ -->\n<title>Arte, rinascita del pensiero | Arte e Luoghi<\/title>\n<meta name=\"robots\" content=\"index, follow, max-snippet:-1, max-image-preview:large, max-video-preview:-1\" \/>\n<link rel=\"canonical\" href=\"https:\/\/arteeluoghi.it\/index.php\/2013\/02\/12\/arte-rinascita-del-pensiero\/\" \/>\n<meta property=\"og:locale\" content=\"it_IT\" \/>\n<meta property=\"og:type\" content=\"article\" \/>\n<meta property=\"og:title\" content=\"Arte, rinascita del pensiero | Arte e Luoghi\" \/>\n<meta property=\"og:description\" content=\"Al Primo Piano LivinGallery dal 9 febbraio al 5 marzo 2013 RES EXTENSA mostra a cura di Dores Sacquegna L&#8217;accordo\" \/>\n<meta property=\"og:url\" content=\"https:\/\/arteeluoghi.it\/index.php\/2013\/02\/12\/arte-rinascita-del-pensiero\/\" \/>\n<meta property=\"og:site_name\" content=\"Arte e Luoghi\" \/>\n<meta property=\"article:publisher\" content=\"https:\/\/www.facebook.com\/ArteELuoghi\/\" \/>\n<meta property=\"article:published_time\" content=\"2013-02-12T18:13:13+00:00\" \/>\n<meta property=\"og:image\" content=\"https:\/\/arteeluoghi.it\/images\/astolfo%20funes%20gra.jpg\" \/>\n<meta name=\"twitter:card\" content=\"summary\" \/>\n<meta name=\"twitter:creator\" content=\"@arteeluoghi\" \/>\n<meta name=\"twitter:site\" content=\"@arteeluoghi\" \/>\n<meta name=\"twitter:label1\" content=\"Scritto da\" \/>\n\t<meta name=\"twitter:data1\" content=\"Staff\" \/>\n\t<meta name=\"twitter:label2\" content=\"Tempo di lettura stimato\" \/>\n\t<meta name=\"twitter:data2\" content=\"6 minuti\" \/>\n<script type=\"application\/ld+json\" class=\"yoast-schema-graph\">{\"@context\":\"https:\/\/schema.org\",\"@graph\":[{\"@type\":\"Organization\",\"@id\":\"https:\/\/arteeluoghi.it\/#organization\",\"name\":\"Arte e Luoghi\",\"url\":\"https:\/\/arteeluoghi.it\/\",\"sameAs\":[\"https:\/\/www.facebook.com\/ArteELuoghi\/\",\"https:\/\/www.instagram.com\/arteeluoghi\/?hl=it\",\"https:\/\/www.youtube.com\/channel\/UCuRVc4JW4-C5sg9rQB-srkw?view_as=subscriber\",\"https:\/\/twitter.com\/arteeluoghi\"],\"logo\":{\"@type\":\"ImageObject\",\"@id\":\"https:\/\/arteeluoghi.it\/#logo\",\"inLanguage\":\"it-IT\",\"url\":\"https:\/\/arteeluoghi.it\/wp-content\/uploads\/2018\/08\/logoinstagramarte.jpg\",\"contentUrl\":\"https:\/\/arteeluoghi.it\/wp-content\/uploads\/2018\/08\/logoinstagramarte.jpg\",\"width\":150,\"height\":150,\"caption\":\"Arte e Luoghi\"},\"image\":{\"@id\":\"https:\/\/arteeluoghi.it\/#logo\"}},{\"@type\":\"WebSite\",\"@id\":\"https:\/\/arteeluoghi.it\/#website\",\"url\":\"https:\/\/arteeluoghi.it\/\",\"name\":\"Arte e Luoghi\",\"description\":\"Mensile di arte, cultura, turismo e curiosit\u00e0\",\"publisher\":{\"@id\":\"https:\/\/arteeluoghi.it\/#organization\"},\"potentialAction\":[{\"@type\":\"SearchAction\",\"target\":{\"@type\":\"EntryPoint\",\"urlTemplate\":\"https:\/\/arteeluoghi.it\/?s={search_term_string}\"},\"query-input\":\"required name=search_term_string\"}],\"inLanguage\":\"it-IT\"},{\"@type\":\"ImageObject\",\"@id\":\"https:\/\/arteeluoghi.it\/index.php\/2013\/02\/12\/arte-rinascita-del-pensiero\/#primaryimage\",\"inLanguage\":\"it-IT\",\"url\":\"\/images\/astolfo%20funes%20gra.jpg\",\"contentUrl\":\"\/images\/astolfo%20funes%20gra.jpg\"},{\"@type\":\"WebPage\",\"@id\":\"https:\/\/arteeluoghi.it\/index.php\/2013\/02\/12\/arte-rinascita-del-pensiero\/#webpage\",\"url\":\"https:\/\/arteeluoghi.it\/index.php\/2013\/02\/12\/arte-rinascita-del-pensiero\/\",\"name\":\"Arte, rinascita del pensiero | Arte e Luoghi\",\"isPartOf\":{\"@id\":\"https:\/\/arteeluoghi.it\/#website\"},\"primaryImageOfPage\":{\"@id\":\"https:\/\/arteeluoghi.it\/index.php\/2013\/02\/12\/arte-rinascita-del-pensiero\/#primaryimage\"},\"datePublished\":\"2013-02-12T18:13:13+00:00\",\"dateModified\":\"2013-02-12T18:13:13+00:00\",\"breadcrumb\":{\"@id\":\"https:\/\/arteeluoghi.it\/index.php\/2013\/02\/12\/arte-rinascita-del-pensiero\/#breadcrumb\"},\"inLanguage\":\"it-IT\",\"potentialAction\":[{\"@type\":\"ReadAction\",\"target\":[\"https:\/\/arteeluoghi.it\/index.php\/2013\/02\/12\/arte-rinascita-del-pensiero\/\"]}]},{\"@type\":\"BreadcrumbList\",\"@id\":\"https:\/\/arteeluoghi.it\/index.php\/2013\/02\/12\/arte-rinascita-del-pensiero\/#breadcrumb\",\"itemListElement\":[{\"@type\":\"ListItem\",\"position\":1,\"name\":\"Home\",\"item\":\"https:\/\/arteeluoghi.it\/\"},{\"@type\":\"ListItem\",\"position\":2,\"name\":\"Arte, rinascita del pensiero\"}]},{\"@type\":\"Article\",\"@id\":\"https:\/\/arteeluoghi.it\/index.php\/2013\/02\/12\/arte-rinascita-del-pensiero\/#article\",\"isPartOf\":{\"@id\":\"https:\/\/arteeluoghi.it\/index.php\/2013\/02\/12\/arte-rinascita-del-pensiero\/#webpage\"},\"author\":{\"@id\":\"https:\/\/arteeluoghi.it\/#\/schema\/person\/f84e814e36e91e01448ee07eaadd41d4\"},\"headline\":\"Arte, rinascita del pensiero\",\"datePublished\":\"2013-02-12T18:13:13+00:00\",\"dateModified\":\"2013-02-12T18:13:13+00:00\",\"mainEntityOfPage\":{\"@id\":\"https:\/\/arteeluoghi.it\/index.php\/2013\/02\/12\/arte-rinascita-del-pensiero\/#webpage\"},\"wordCount\":1292,\"commentCount\":0,\"publisher\":{\"@id\":\"https:\/\/arteeluoghi.it\/#organization\"},\"image\":{\"@id\":\"https:\/\/arteeluoghi.it\/index.php\/2013\/02\/12\/arte-rinascita-del-pensiero\/#primaryimage\"},\"thumbnailUrl\":\"\/images\/astolfo%20funes%20gra.jpg\",\"articleSection\":[\"Arte\"],\"inLanguage\":\"it-IT\",\"potentialAction\":[{\"@type\":\"CommentAction\",\"name\":\"Comment\",\"target\":[\"https:\/\/arteeluoghi.it\/index.php\/2013\/02\/12\/arte-rinascita-del-pensiero\/#respond\"]}]},{\"@type\":\"Person\",\"@id\":\"https:\/\/arteeluoghi.it\/#\/schema\/person\/f84e814e36e91e01448ee07eaadd41d4\",\"name\":\"Staff\",\"image\":{\"@type\":\"ImageObject\",\"@id\":\"https:\/\/arteeluoghi.it\/#personlogo\",\"inLanguage\":\"it-IT\",\"url\":\"https:\/\/secure.gravatar.com\/avatar\/49d2f9e46271bb04e19cebfaf141313a?s=96&d=blank&r=g\",\"contentUrl\":\"https:\/\/secure.gravatar.com\/avatar\/49d2f9e46271bb04e19cebfaf141313a?s=96&d=blank&r=g\",\"caption\":\"Staff\"}}]}<\/script>\n<!-- \/ Yoast SEO plugin. -->","yoast_head_json":{"title":"Arte, rinascita del pensiero | Arte e Luoghi","robots":{"index":"index","follow":"follow","max-snippet":"max-snippet:-1","max-image-preview":"max-image-preview:large","max-video-preview":"max-video-preview:-1"},"canonical":"https:\/\/arteeluoghi.it\/index.php\/2013\/02\/12\/arte-rinascita-del-pensiero\/","og_locale":"it_IT","og_type":"article","og_title":"Arte, rinascita del pensiero | Arte e Luoghi","og_description":"Al Primo Piano LivinGallery dal 9 febbraio al 5 marzo 2013 RES EXTENSA mostra a cura di Dores Sacquegna L&#8217;accordo","og_url":"https:\/\/arteeluoghi.it\/index.php\/2013\/02\/12\/arte-rinascita-del-pensiero\/","og_site_name":"Arte e Luoghi","article_publisher":"https:\/\/www.facebook.com\/ArteELuoghi\/","article_published_time":"2013-02-12T18:13:13+00:00","og_image":[{"url":"https:\/\/arteeluoghi.it\/images\/astolfo%20funes%20gra.jpg"}],"twitter_card":"summary","twitter_creator":"@arteeluoghi","twitter_site":"@arteeluoghi","twitter_misc":{"Scritto da":"Staff","Tempo di lettura stimato":"6 minuti"},"schema":{"@context":"https:\/\/schema.org","@graph":[{"@type":"Organization","@id":"https:\/\/arteeluoghi.it\/#organization","name":"Arte e Luoghi","url":"https:\/\/arteeluoghi.it\/","sameAs":["https:\/\/www.facebook.com\/ArteELuoghi\/","https:\/\/www.instagram.com\/arteeluoghi\/?hl=it","https:\/\/www.youtube.com\/channel\/UCuRVc4JW4-C5sg9rQB-srkw?view_as=subscriber","https:\/\/twitter.com\/arteeluoghi"],"logo":{"@type":"ImageObject","@id":"https:\/\/arteeluoghi.it\/#logo","inLanguage":"it-IT","url":"https:\/\/arteeluoghi.it\/wp-content\/uploads\/2018\/08\/logoinstagramarte.jpg","contentUrl":"https:\/\/arteeluoghi.it\/wp-content\/uploads\/2018\/08\/logoinstagramarte.jpg","width":150,"height":150,"caption":"Arte e Luoghi"},"image":{"@id":"https:\/\/arteeluoghi.it\/#logo"}},{"@type":"WebSite","@id":"https:\/\/arteeluoghi.it\/#website","url":"https:\/\/arteeluoghi.it\/","name":"Arte e Luoghi","description":"Mensile di arte, cultura, turismo e curiosit\u00e0","publisher":{"@id":"https:\/\/arteeluoghi.it\/#organization"},"potentialAction":[{"@type":"SearchAction","target":{"@type":"EntryPoint","urlTemplate":"https:\/\/arteeluoghi.it\/?s={search_term_string}"},"query-input":"required name=search_term_string"}],"inLanguage":"it-IT"},{"@type":"ImageObject","@id":"https:\/\/arteeluoghi.it\/index.php\/2013\/02\/12\/arte-rinascita-del-pensiero\/#primaryimage","inLanguage":"it-IT","url":"\/images\/astolfo%20funes%20gra.jpg","contentUrl":"\/images\/astolfo%20funes%20gra.jpg"},{"@type":"WebPage","@id":"https:\/\/arteeluoghi.it\/index.php\/2013\/02\/12\/arte-rinascita-del-pensiero\/#webpage","url":"https:\/\/arteeluoghi.it\/index.php\/2013\/02\/12\/arte-rinascita-del-pensiero\/","name":"Arte, rinascita del pensiero | Arte e Luoghi","isPartOf":{"@id":"https:\/\/arteeluoghi.it\/#website"},"primaryImageOfPage":{"@id":"https:\/\/arteeluoghi.it\/index.php\/2013\/02\/12\/arte-rinascita-del-pensiero\/#primaryimage"},"datePublished":"2013-02-12T18:13:13+00:00","dateModified":"2013-02-12T18:13:13+00:00","breadcrumb":{"@id":"https:\/\/arteeluoghi.it\/index.php\/2013\/02\/12\/arte-rinascita-del-pensiero\/#breadcrumb"},"inLanguage":"it-IT","potentialAction":[{"@type":"ReadAction","target":["https:\/\/arteeluoghi.it\/index.php\/2013\/02\/12\/arte-rinascita-del-pensiero\/"]}]},{"@type":"BreadcrumbList","@id":"https:\/\/arteeluoghi.it\/index.php\/2013\/02\/12\/arte-rinascita-del-pensiero\/#breadcrumb","itemListElement":[{"@type":"ListItem","position":1,"name":"Home","item":"https:\/\/arteeluoghi.it\/"},{"@type":"ListItem","position":2,"name":"Arte, rinascita del pensiero"}]},{"@type":"Article","@id":"https:\/\/arteeluoghi.it\/index.php\/2013\/02\/12\/arte-rinascita-del-pensiero\/#article","isPartOf":{"@id":"https:\/\/arteeluoghi.it\/index.php\/2013\/02\/12\/arte-rinascita-del-pensiero\/#webpage"},"author":{"@id":"https:\/\/arteeluoghi.it\/#\/schema\/person\/f84e814e36e91e01448ee07eaadd41d4"},"headline":"Arte, rinascita del pensiero","datePublished":"2013-02-12T18:13:13+00:00","dateModified":"2013-02-12T18:13:13+00:00","mainEntityOfPage":{"@id":"https:\/\/arteeluoghi.it\/index.php\/2013\/02\/12\/arte-rinascita-del-pensiero\/#webpage"},"wordCount":1292,"commentCount":0,"publisher":{"@id":"https:\/\/arteeluoghi.it\/#organization"},"image":{"@id":"https:\/\/arteeluoghi.it\/index.php\/2013\/02\/12\/arte-rinascita-del-pensiero\/#primaryimage"},"thumbnailUrl":"\/images\/astolfo%20funes%20gra.jpg","articleSection":["Arte"],"inLanguage":"it-IT","potentialAction":[{"@type":"CommentAction","name":"Comment","target":["https:\/\/arteeluoghi.it\/index.php\/2013\/02\/12\/arte-rinascita-del-pensiero\/#respond"]}]},{"@type":"Person","@id":"https:\/\/arteeluoghi.it\/#\/schema\/person\/f84e814e36e91e01448ee07eaadd41d4","name":"Staff","image":{"@type":"ImageObject","@id":"https:\/\/arteeluoghi.it\/#personlogo","inLanguage":"it-IT","url":"https:\/\/secure.gravatar.com\/avatar\/49d2f9e46271bb04e19cebfaf141313a?s=96&d=blank&r=g","contentUrl":"https:\/\/secure.gravatar.com\/avatar\/49d2f9e46271bb04e19cebfaf141313a?s=96&d=blank&r=g","caption":"Staff"}}]}},"_links":{"self":[{"href":"https:\/\/arteeluoghi.it\/index.php\/wp-json\/wp\/v2\/posts\/1034"}],"collection":[{"href":"https:\/\/arteeluoghi.it\/index.php\/wp-json\/wp\/v2\/posts"}],"about":[{"href":"https:\/\/arteeluoghi.it\/index.php\/wp-json\/wp\/v2\/types\/post"}],"author":[{"embeddable":true,"href":"https:\/\/arteeluoghi.it\/index.php\/wp-json\/wp\/v2\/users\/1"}],"replies":[{"embeddable":true,"href":"https:\/\/arteeluoghi.it\/index.php\/wp-json\/wp\/v2\/comments?post=1034"}],"version-history":[{"count":0,"href":"https:\/\/arteeluoghi.it\/index.php\/wp-json\/wp\/v2\/posts\/1034\/revisions"}],"wp:attachment":[{"href":"https:\/\/arteeluoghi.it\/index.php\/wp-json\/wp\/v2\/media?parent=1034"}],"wp:term":[{"taxonomy":"category","embeddable":true,"href":"https:\/\/arteeluoghi.it\/index.php\/wp-json\/wp\/v2\/categories?post=1034"},{"taxonomy":"post_tag","embeddable":true,"href":"https:\/\/arteeluoghi.it\/index.php\/wp-json\/wp\/v2\/tags?post=1034"}],"curies":[{"name":"wp","href":"https:\/\/api.w.org\/{rel}","templated":true}]}}