{"id":10342,"date":"2021-09-13T23:47:49","date_gmt":"2021-09-13T21:47:49","guid":{"rendered":"https:\/\/arteeluoghi.it\/?p=10342"},"modified":"2021-09-13T23:47:52","modified_gmt":"2021-09-13T21:47:52","slug":"ville-aperte-in-brianza-2","status":"publish","type":"post","link":"https:\/\/arteeluoghi.it\/index.php\/2021\/09\/13\/ville-aperte-in-brianza-2\/","title":{"rendered":"Ville Aperte in Brianza"},"content":{"rendered":"\n<blockquote class=\"wp-block-quote\"><p>Dal 18 al 26 settembre 2021 5 province, 84 Comuni, 77 eventi per promuovere la Bellezza, la Cultura e le Arti<\/p><\/blockquote>\n\n\n\n<p>Torna l\u2019appuntamento di fine estate con <strong>Ville aperte in Brianza<\/strong>, la manifestazione promossa dalla Provincia di Monza e della Brianza che propone visite guidate alla riscoperta del sorprendente patrimonio culturale delle Brianze.&nbsp;<\/p>\n\n\n\n<!--more-->\n\n\n\n<p>L\u2019edizione 2021 \u00e8 simbolicamente dedicata a <strong>Dante Alighieri<\/strong> con il tema <strong><em>\u201cE quindi uscimmo a rivedere le stelle\u201d<\/em><\/strong>: un omaggio al Sommo poeta, la cui Arte 700 anni dopo \u00e8 quanto mai attuale, come invito a guardare al futuro con speranza partendo dalla celebrazione delle cose belle che ci circondano.<\/p>\n\n\n\n<p>Ville Aperte in Brianza, la storica manifestazione promossa dalla Provincia MB, <strong>partendo dalle tradizionali visite guidate <\/strong>diventa, dunque, un contenitore per promuovere la <strong>Bellezza, la Cultura e le Arti.<\/strong><\/p>\n\n\n\n<figure class=\"wp-block-gallery columns-3 is-cropped\"><ul class=\"blocks-gallery-grid\"><li class=\"blocks-gallery-item\"><figure><img loading=\"lazy\" width=\"886\" height=\"590\" src=\"https:\/\/arteeluoghi.it\/wp-content\/uploads\/2021\/09\/Cernobbio-villa-bernasconi.jpg\" alt=\"\" data-id=\"10343\" data-link=\"https:\/\/arteeluoghi.it\/?attachment_id=10343\" class=\"wp-image-10343\" srcset=\"https:\/\/arteeluoghi.it\/wp-content\/uploads\/2021\/09\/Cernobbio-villa-bernasconi.jpg 886w, https:\/\/arteeluoghi.it\/wp-content\/uploads\/2021\/09\/Cernobbio-villa-bernasconi-300x200.jpg 300w, https:\/\/arteeluoghi.it\/wp-content\/uploads\/2021\/09\/Cernobbio-villa-bernasconi-768x511.jpg 768w\" sizes=\"(max-width: 886px) 100vw, 886px\" \/><\/figure><\/li><li class=\"blocks-gallery-item\"><figure><img loading=\"lazy\" width=\"886\" height=\"713\" src=\"https:\/\/arteeluoghi.it\/wp-content\/uploads\/2021\/09\/Merate-villa-subaglio.jpg\" alt=\"\" data-id=\"10345\" data-link=\"https:\/\/arteeluoghi.it\/?attachment_id=10345\" class=\"wp-image-10345\" srcset=\"https:\/\/arteeluoghi.it\/wp-content\/uploads\/2021\/09\/Merate-villa-subaglio.jpg 886w, https:\/\/arteeluoghi.it\/wp-content\/uploads\/2021\/09\/Merate-villa-subaglio-300x241.jpg 300w, https:\/\/arteeluoghi.it\/wp-content\/uploads\/2021\/09\/Merate-villa-subaglio-768x618.jpg 768w\" sizes=\"(max-width: 886px) 100vw, 886px\" \/><\/figure><\/li><li class=\"blocks-gallery-item\"><figure><img loading=\"lazy\" width=\"994\" height=\"1024\" src=\"https:\/\/arteeluoghi.it\/wp-content\/uploads\/2021\/09\/Origgio-chiesa-s-giorgio-994x1024.jpg\" alt=\"\" data-id=\"10346\" data-link=\"https:\/\/arteeluoghi.it\/?attachment_id=10346\" class=\"wp-image-10346\" srcset=\"https:\/\/arteeluoghi.it\/wp-content\/uploads\/2021\/09\/Origgio-chiesa-s-giorgio-994x1024.jpg 994w, https:\/\/arteeluoghi.it\/wp-content\/uploads\/2021\/09\/Origgio-chiesa-s-giorgio-291x300.jpg 291w, https:\/\/arteeluoghi.it\/wp-content\/uploads\/2021\/09\/Origgio-chiesa-s-giorgio-768x791.jpg 768w, https:\/\/arteeluoghi.it\/wp-content\/uploads\/2021\/09\/Origgio-chiesa-s-giorgio-1491x1536.jpg 1491w, https:\/\/arteeluoghi.it\/wp-content\/uploads\/2021\/09\/Origgio-chiesa-s-giorgio.jpg 1720w\" sizes=\"(max-width: 994px) 100vw, 994px\" \/><\/figure><\/li><li class=\"blocks-gallery-item\"><figure><img loading=\"lazy\" width=\"886\" height=\"590\" src=\"https:\/\/arteeluoghi.it\/wp-content\/uploads\/2021\/09\/ProvMB_VillaPusterlaCrivelli2.jpg\" alt=\"\" data-id=\"10347\" data-link=\"https:\/\/arteeluoghi.it\/?attachment_id=10347\" class=\"wp-image-10347\" srcset=\"https:\/\/arteeluoghi.it\/wp-content\/uploads\/2021\/09\/ProvMB_VillaPusterlaCrivelli2.jpg 886w, https:\/\/arteeluoghi.it\/wp-content\/uploads\/2021\/09\/ProvMB_VillaPusterlaCrivelli2-300x200.jpg 300w, https:\/\/arteeluoghi.it\/wp-content\/uploads\/2021\/09\/ProvMB_VillaPusterlaCrivelli2-768x511.jpg 768w\" sizes=\"(max-width: 886px) 100vw, 886px\" \/><\/figure><\/li><li class=\"blocks-gallery-item\"><figure><img loading=\"lazy\" width=\"886\" height=\"594\" src=\"https:\/\/arteeluoghi.it\/wp-content\/uploads\/2021\/09\/Cinisello-villa-casati-stampa-1.jpg\" alt=\"\" data-id=\"10350\" data-full-url=\"https:\/\/arteeluoghi.it\/wp-content\/uploads\/2021\/09\/Cinisello-villa-casati-stampa-1.jpg\" data-link=\"https:\/\/arteeluoghi.it\/?attachment_id=10350\" class=\"wp-image-10350\" srcset=\"https:\/\/arteeluoghi.it\/wp-content\/uploads\/2021\/09\/Cinisello-villa-casati-stampa-1.jpg 886w, https:\/\/arteeluoghi.it\/wp-content\/uploads\/2021\/09\/Cinisello-villa-casati-stampa-1-300x201.jpg 300w, https:\/\/arteeluoghi.it\/wp-content\/uploads\/2021\/09\/Cinisello-villa-casati-stampa-1-768x515.jpg 768w\" sizes=\"(max-width: 886px) 100vw, 886px\" \/><\/figure><\/li><\/ul><\/figure>\n\n\n\n<p>Nei fine settimana compresi dal <strong>18 al 26 settembre<\/strong>, con una estensione <strong>al 2\/3<\/strong> <strong>ottobre 2021 <\/strong>in <strong>84 Comuni di 5 province<\/strong> (<strong>36 per Monza e Brianza, 27 per Lecco, 13 per Como, 6 per la Citt\u00e0 Metropolitana di Milano, 2 per Varese<\/strong>) saranno proposte visite guidate a <strong>155 siti pubblici e privati<\/strong> &#8211; tra ville e palazzi, parchi e giardini, chiese e musei &#8211; <strong>72 eventi<\/strong> (<strong>31 eventi dedicati a Dante; 35 eventi promossi dai Partner; 6 performances per bambini<\/strong>) e <strong>27 itinerari<\/strong>.&nbsp; E per la prima volta l\u2019esposizione di due importanti opere d\u2019arte, il coinvolgimento del Liceo Musicale Zucchi di Monza con 4 concerti ed 1 spettacolo teatrale itinerante.<\/p>\n\n\n\n<p>Numerosi i nuovi beni che apriranno in questa edizione di Ville Aperte. Per la provincia di <strong>Monza e Brianza<\/strong> sar\u00e0 visitabile il <em>Teatrino di Corte<\/em> e la <em>Cappella Reale<\/em> della Reggia di Monza, situati entrambi sull\u2019ala laterale sinistra della Villa Reale, veri e proprio gioielli nascosti. <strong>&nbsp;<\/strong>Il <em>Parco di Monza<\/em> sar\u00e0 protagonista di alcune visite guidate delle sue Cascine (Cascina Costa Alta, Cascina Frutteto e Cascina Mulini Asciutti) a cura delle associazioni del territorio. Durante la visita guidata alla <em>Cascina Costa Alta<\/em> sar\u00e0 raccontata la storia della Cascina e del Parco e successivamente si svolgeranno i laboratori per bambini; la visita alla <em>Cascina Frutteto<\/em> sar\u00e0 introdotta, invece, da una performance musicale a cura del Liceo musicale Zucchi di Monza. Infine, la visita alla <em>Cascina Mulini Asciutti<\/em> prevedr\u00e0 un percorso intorno al fiume e al mulino ottocentesco recentemente restaurato con la descrizione della giornata tipo del mugnaio, il funzionamento del mulino ad acqua, il forno e i diversi ambienti della cascina.<strong><\/strong><\/p>\n\n\n\n<p>Nella campagna tra Brugherio e Cernusco sul Naviglio, vicino al parco pubblico di Increa, sorge invece il Complesso della <em>Chiesa di S. Maria Immacolata, Villa Tizzoni Ottolini e Cascina Increa<\/em>, un raro esempio superstite di edilizia rurale del Rinascimento, mentre al <em>Parco di Villa Fiorita<\/em> sar\u00e0 possibile assistere ad una divertente narrazione teatrale con l\u2019interazione del pubblico, per far riscoprire la ricchezza di un patrimonio naturale e culturale tutti i giorni sotto i nostri occhi.<\/p>\n\n\n\n<p>Tra i nuovi beni che apriranno al pubblico anche <em>Villa Zoja<\/em> a Concorezzo, che al suo interno ospiter\u00e0 una mostra costituita dalle fedeli riproduzioni dei mosaici presenti a Ravenna, e la <em>Biblioteca Capitolare \u201cPaolo Angelo Ballerini\u201d<\/em> a Seregno<strong>, <\/strong>che conserva pi\u00f9 di 11.000 volumi antichi (dal 1474) di ogni genere, oltre a collezioni di riviste e fondi archivistici, fra cui quelli degli architetti O. Cabiati e L. Brambilla.<\/p>\n\n\n\n<p>Tra gli itinerari di questa edizione da non perdere \u201c<em>Bike&amp;Streetart: in bicicletta alla scoperta dell\u2019arte urbana contemporanea<\/em>\u201d, un divertente itinerario in bicicletta, all\u2019insegna del colore: partendo dalla stazione di Monza si raggiungeranno alcuni murales realizzati in anni recenti da artisti contemporanei. Sempre in bici sar\u00e0 possibile scoprire le<em> Cascine del Parco di Monza<\/em>.<\/p>\n\n\n\n<p>A Triuggio, invece, l\u2019itinerario \u201c<em>La Brianza dimenticata: archeologia industriale lungo il Lambro\u201d <\/em>permetter\u00e0 di fare un salto nel passato allaricerca delle tracce di lavori dimenticati lungo il Lambro. Unapasseggiata tra bosco e fiume, immersi in luoghi un tempo ricchi di mugnai eoperai, campari e scalpellini, famiglie che hanno trasformato il territorio, cheguardavano al fiume come fonte di energia, risorse, materiali.<\/p>\n\n\n\n<p>Spostandosi verso la <strong>provincia di Lecco<\/strong>, tra le novit\u00e0 di Ville Aperte 2021 da non perdere, A Merate, la settecentesca Villa Subaglio, e la visita guidata del <em>Lago di Pusiano<\/em> a bordo del battello Vago Eupili. Durante il tour guidato si potr\u00e0 conoscere la storia del borgo di Bosisio Parini, che ha dato i natali al poeta Giuseppe Parini e al pittore neoclassico Andrea Appiani. Il battello circumnavigher\u00e0 l\u2019Isola dei Cipressi e si potranno fotografare gli animali esotici che abitano questo piccolo angolo di paradiso.<\/p>\n\n\n\n<p>A Imbersago, invece, in occasione di Ville Aperte in Brianza, il Comune in collaborazione con la pro loco e i volontari della Galleria del Premio Morlotti, si potr\u00e0 ammirare le opere esposte nella <em>Galleria del Premio Morlotti<\/em> all\u2019interno del Palazzo Comunale.<\/p>\n\n\n\n<p>Si segnala, inoltre, l\u2019iniziativa <em>\u201cImbersago paese della Divina Commedia \u2013 In viaggio con Dante\u201d<\/em>: un esclusivo percorso a cielo aperto, composto da 17 suggestive tappe caratterizzate da appositi pannelli turistici e altrettanti pannelli danteschi, che richiamano alcuni dei versi pi\u00f9 belli della Divina Commedia.<\/p>\n\n\n\n<p>Tra le novit\u00e0 di questa edizione l\u2019itinerario \u201c<em>Garlate, un paese dal cuore di Seta\u201d, <\/em>un viaggio tra filande, ricchi palazzi e corti medievali delle antiche vie di Garlate, sulla sponda dell&#8217;omonimo lago, alla scoperta di una comunit\u00e0 che viveva tra corti rurali di epoca medievale e settecentesche fabbriche di seta.<\/p>\n\n\n\n<p>Da non perdere la visita al <em>centro storico di Perego<\/em>, una suggestiva passeggiata che mostrer\u00e0 dall\u2019alto il centro abitato del paese per poi addentrarsi attraverso gli antichi tracciati verso la torre dell\u2019XI secolo e l\u2019antica chiesa di fondazione medievale che ancora custodisce dei lacerti del XVII secolo.<\/p>\n\n\n\n<p>Infine, si segnala l\u2019itinerario <em>\u201cTra le ville e le antiche chiesine di Santa Maria Ho\u00e8\u201d, <\/em>unpercorso itinerante che partir\u00e0 dal \u201cCastello\u201d di Ho\u00e8 Superiore, con la visita all\u2019antica chiesina in cui \u00e8 presente l\u2019antico affresco del 1280 che raffigura Veronica recante il Santo telo con il volto di Cristo, considerato uno delle prime iconografie superstiti e pi\u00f9 antiche a livello europeo che identificano la santa in atto di estendere il telo.<\/p>\n\n\n\n<p>Nella <strong>provincia di Como<\/strong> tra le novit\u00e0 di Ville Aperte 2021 la <em>Filanda Atelier di Salvatore Fiume <\/em>a Canzo, un edificio ottocentesco nato a vocazione industriale e progressivamente trasformato in studio dallo stesso Salvatore Fiume. A Turate, invece, due nuovi beni da visitare: <em>Palazzo Pollini<\/em> e il <em>Santuario di S. Maria in campagna.<\/em><\/p>\n\n\n\n<p>Tra gli itinerari da non perdere a Inverigo la <em>passeggiata alla scoperta della storica Tenuta Pomelasca<\/em>, antica propriet\u00e0 agricola della famiglia Sormani &#8220;e <em>Il paese delle Ville&#8221; &#8211; Dal cinquecentesco Santuario di S.M. della Noce fino a Villa Cagnola<\/em>, una camminata lungo i viali storici di Inverigo, alla scoperta del famoso \u201cpaese delle ville di delizia\u201d, tra sorprendenti dimore storiche, antichi luoghi di culto e meravigliosi scorci di Brianza. Infine, a Pusiano da scoprire l\u2019itinerario \u2013 percorso <em>\u201cSegantini in Brianza\u201d<\/em>, un\u2019esposizione permanente di 13 riproduzioni di opere del maestro del divisionismo italiano, allestita tra le vie di Pusiano.<\/p>\n\n\n\n<p>Per la <strong>provincia di Milano<\/strong> a Cinisello Balsamo due nuove ville aperte per questa edizione: Villa Di Breme Gualdoni Forno e Villa Casati Stampa.<\/p>\n\n\n\n<p>La <em>Villa Di Breme Gualdoni Forno<\/em> \u00e8 una villa nobiliare settecentesca inserita all&#8217;interno della porzione occidentale dell&#8217;abitato storico di Balsamo, mentre <em>Villa Ferrari Casnedi Casati Stampa<\/em> di Soncino \u00e8 una villa nobiliare seicentesca che sorge all&#8217;estremit\u00e0 settentrionale dell&#8217;antico abitato di Balsamo, in piazza Soncino.<\/p>\n\n\n\n<p>Merita una visita anche <em>Casa Bassi<\/em> a Trezzo, nobile dimora storica risalente al XVI secolo che da pi\u00f9 di quattro secoli \u00e8 rimasta nella stessa famiglia.<\/p>\n\n\n\n<p>Tra gli itinerari si segnala <em>\u201cArte e Cultura nel Parco del Ticino\u201d, <\/em>un percorso a piedi che si snoda attraverso il nucleo storico della frazione Castelletto di Cuggiono, localit\u00e0 rivierasca del Naviglio Grande. I partecipanti saranno guidati alla scoperta dei beni culturali e naturalistici del territorio facente parte del Parco del Ticino.<\/p>\n\n\n\n<p>Infine, tra le novit\u00e0 2021 nella <strong>provincia di Varese<\/strong>, <em>Villa Borletti<\/em> con il suo <em>Parco<\/em> e la <em>Chiesa di S. Giorgio, <\/em>in cui un profondo restauro statico e artistico, degli anni 2014-2015, ha riportato alla luce elementi nascosti, fra cui una crocifissione del XIV secolo.<\/p>\n\n\n\n<p>Oltre alle visite guidate, punto fermo della manifestazione, questa edizione di Ville Aperte propone un ricco calendario di eventi collaterali che riempiranno le ville con concerti, letture, laboratori, visite notturne e performances teatrali-<strong><\/strong><\/p>\n\n\n\n<p><strong><em><u>Ville Aperte e Dante Alighieri:<\/u><\/em><\/strong><strong> <\/strong>sono tre i filoni di eventi dedicati al Sommo Poeta raccolti in una sezione dicata \u201cSpeciale Dante\u201d all\u2019interno del sito www.villeaperte.info<strong> <\/strong>e scaricabile attraverso qrcode:<\/p>\n\n\n\n<ul><li><strong>Call for Artist: in collaborazione con BrianzAcque, <\/strong>lo scorso luglio ha promosso la call for artists \u201cDanteVille\u201d, per selezionare 4 associazioni a cui affidare la realizzazione di spettacoli e performance a tema dantesco. Tra gli spettacoli selezionati \u201c<em>DANTE\u2019S JUKEBOX<\/em>\u201d, a cura dell\u2019associazione Pontos-Teatro, che si terr\u00e0 a Villa Bonacina Gallesi Landriani (Bernareggio), <em>\u201cCARO DANTE \u2013 Omaggio al Sommo Poeta nel 700\u00b0 anniversario della scomparsa\u201d, <\/em>a cura dell\u2019Associazione Culturale Amici della Musica Monza, tre appuntamenti di musica e letteratura dantesca a Palazzo Rasini (Cavenago di Brianza), Palazzo Trotti (Vimercate) e a Villa Camperio (Villasanta) e <em>\u201cMi Ritrovai per un Parco Oscuro&#8230;\u201d<\/em>, a cura di Dramatr\u00e0 e Art-U Associazione, al Parco di Monza.<\/li><\/ul>\n\n\n\n<p>Tra le associazioni selezionate anche l\u2019associazione Guidarte con <em>\u201cMOSTRUOSO DANTE. Cronaca di un viaggio infernale\u201d<\/em>, a Villa Cusani Tittoni Travesi (Desio) e al Parco di Monza, e \u201c<em>CELESTE DANTE. Osservazione guidata del cielo autunnale<\/em>\u201d a Villa Cusani Tittoni Travesi.<\/p>\n\n\n\n<ul><li><strong>Spettacolo teatrale itinerante: <\/strong>la Provincia MB propone <em>\u201cIncontro con Dante nei Castelli e nelle Antiche Dimore\u201d, <\/em>uno spettacolo itinerante alla scoperta di Dante in una location d\u2019eccezione, il<strong> <\/strong>Giardino di Palazzo Arese Borromeo a Cesano Maderno<em>, <\/em>a cura dell\u2019Associazione Culturale Libertamente con Arch\u00e8oTheatron, propone un viaggio simbolico alla scoperta Divina Commedia<em>.<\/em><\/li><\/ul>\n\n\n\n<ul><li><strong>Dante DCC: <\/strong>sono proposti eventi organizzati e promossi dai partners nelle diverse location.<\/li><\/ul>\n\n\n\n<p><strong><em><u>Ville Aperte e la Musica<\/u><\/em><\/strong><strong>: <\/strong>concerti, spettacoli, laboratori musicali saranno parte integrante di questa edizione di Ville Aperte grazie anche alla partecipazione straordinaria del <strong>Liceo Musicale Zucchi di Monza<\/strong> che organizzer\u00e0 eventi pomeridiani e serali in alcune location selezionate.&nbsp; Il primo concerto, \u201c<em>Strumenti ad arco colorano l\u2019autunno\u201d<\/em>, si terr\u00e0 sabato 18 settembre, all\u2019Oratorio S. Stefano di Lentate Sul Seveso, mentre la splendida cornice di Villa Antona Traversi (Meda) far\u00e0 da cornice al secondo evento, domenica 19 settembre, \u201c<em>Le radici della musica. Le percussioni: dall\u2019albero al tamburo\u201d. <\/em>Seguir\u00e0 l\u2019appuntamento <em>\u201cVoci nel parco\u201d <\/em>al Biblio Parco di Caponago, mentre il 25 e 26 settembre sar\u00e0 <em>\u201cUna sera dai Crivelli\u201d<\/em> il concerto che si terr\u00e0 in Villa Pusterla Crivelli di Limbiate. Chiuder\u00e0 il calendario degli appuntamenti musicali, \u201c<em>Dal Rinascimento al Romanticismo: percorsi tra autori polifonici<\/em>\u201d,presso la Chiesa di S. Maria Maddalena a Bellusco.<\/p>\n\n\n\n<p><strong><em><u>Ville Aperte e l\u2019Arte:<\/u><\/em><\/strong><strong> <\/strong>per la prima volta durante la manifestazione sar\u00e0 possibile ammirare durante una visita guidata opere di pregio artistico. A Villa Marzorati Uva, a Missaglia, saranno esposti due dipinti del celebre Pittore Fiammingo <strong>Peter Paul Rubens<\/strong> e di Erasmus II Quellinus, allievo di Rubens.<strong><\/strong><\/p>\n\n\n\n<p><strong><em><u>Ville Aperte per i bambini e le famiglie<\/u><\/em><\/strong><strong><em><u>:<\/u><\/em><\/strong> sono in programma spettacoli, letture e animazioni a cura della performer Alice Bossi per coinvolgere, divertendosi, i bambini e le famiglie nella scoperta del patrimonio storico.<\/p>\n\n\n\n<p><strong><em><u>Ville Aperte per il sociale<\/u><\/em><\/strong>: Anche quest\u2019anno, Ville Aperte in Brianza collabora con l&#8217;associazione dEntrofUori ars, che ha come mission il reinserimento sociale di detenuti attraverso la valorizzazione del Patrimonio culturale e artistico italiano in tutte le sue forme. Per l\u2019edizione 2021, L&#8217;Associazione dEntrofUori ars, in collaborazione con la Casa di Reclusione di Bollate e l&#8217;Associazione Lab Artemisia, porter\u00e0 una serie di disegni tratti dalla Commedia dantesca all&#8217;interno dei beni culturali del territorio, realizzati e &#8220;reinterpretati&#8221; dai detenuti del carcere. Inoltre la Freedom Sounds Band della Casa di Reclusione di Bollate terr\u00e0 un concerto al Palazzo Arese Borromeo a Cesano Maderno.<\/p>\n\n\n\n<p><strong><em><u>Contributi<\/u><\/em><\/strong><strong><em><u>:<\/u><\/em><\/strong> Ville Aperte in Brianza cresce anche grazie al coinvolgimento di partner pubblici e privati con cui si stanno sperimentando formule di marketing culturale:<\/p>\n\n\n\n<p><em>Regione Lombardia<\/em>: Provincia MB ha partecipato al bando dedicato ai PIC \u2013 Piani Integrati della Cultura ottenendo un contributo pari a 23.100 euro per potenziare azioni di valorizzazione e fruizione del patrimonio storico ed artistico.<\/p>\n\n\n\n<p>Il progetto \u201cE-pic land\u201d &#8211; in collaborazione con partner pubblici e privati e capofila la Fondazione Augusto Rancilio \u2013 si propone di valorizzare e rendere fruibili al pubblico ville e palazzi storici, presenti su un territorio compreso tra il nord di Milano fino alla Brianza, tra il Seveso a est e l\u2019Olona a ovest, fino ai grandi laghi prealpini.<\/p>\n\n\n\n<p>Scopo principale del progetto \u00e8 portare il visitatore alla scoperta e conoscenza dei beni culturali, delle vie d\u2019acqua e dei parchi del territorio che fanno parte del nostro patrimonio ambientale e paesaggistico<\/p>\n\n\n\n<p><em>BrianzAcque: <\/em>per il secondo anno Ville Aperte in Brianza si avvale della presenza della societ\u00e0 <strong>Brianzacque <\/strong>in qualit\u00e0 di sponsor per la realizzazione degli eventi e di alcune attivit\u00e0 collaterali alle visite guidate. Provincia MB, grazie alla collaborazione con BrianzAcque, ha potuto confermare il sostegno all\u2019attivit\u00e0 di singoli artisti e associazioni culturali del territorio che devono ripartire dopo lo stop imposto dalla pandemia<strong>.<\/strong><\/p>\n\n\n\n<p><strong><em><u>Patrocini:<\/u><\/em><\/strong> Camera di Commercio di Milano Monza e Brianza e Lodi, ICOM Italia, il Touring Club Italiano, FAI \u2013 Delegazione di Monza, ADSI Associazione Dimore Storiche Italiane, AIM \u2013 Associazione Interessi Metropolitani, UNPLI \u2013 Unione Nazionale Pro Loco Italiane, Italia Nostra \u2013 Sezione di Monza, Regis &#8211; Rete dei giardini storici.<\/p>\n\n\n\n<p>Confermato anche per il 2021, il patrocinio istituzionale dal <strong>Ministero dei Beni e delle Attivit\u00e0 Culturali e del Turismo <\/strong>ela medaglia da parte del <strong>Presidente della Repubblica<\/strong>.&nbsp;<\/p>\n\n\n\n<p><strong><em><u>Partecipare a Ville Aperte 2021 \u00e8 facile<\/u><\/em><\/strong><strong><em>.<\/em><\/strong> \u00c8 possibile prenotare le visite guidate sul sito web <strong><a href=\"http:\/\/www.villeaperte.info\">www.villeaperte.info<\/a> <\/strong>e sulla app <strong>Ville Aperte in Brianza.<\/strong><\/p>\n\n\n\n<p>Il costo del biglietto \u00e8 di 5\u20ac a persona, con eccezioni e sconti in base ai singoli beni. L\u2019accompagnamento alla visita \u00e8 curato anche da guide abilitate, da associazioni culturali, pro loro e volontari. Sar\u00e0 attiva una infoline dedicata alla manifestazione: il personale dedicato risponder\u00e0 al numero <strong>039\/9752251.<\/strong><\/p>\n\n\n\n<p><strong><u>Attenzione: <\/u><\/strong><strong>Ville Aperte 2021 si svolger\u00e0 nel rispetto delle normative anticovid che prevedono il contingentamento dei posti, l\u2019utilizzo delle mascherine e la presentazione del <\/strong><strong>Green pass. <\/strong><strong><u>Ogni sito ha stabilito un numero massimo di visitatori in ottemperanza alle disposizioni anticovid19.<\/u><\/strong><\/p>\n\n\n\n<p><strong><em><u>Ville Aperte in Brianza \u201csocial<\/u><\/em><\/strong><strong>\u201d:<\/strong> anche quest\u2019anno grande attenzione \u00e8 dedicata all\u2019utilizzo dei social network per la fruizione del patrimonio culturale, considerati a tutti gli effetti canali di informazione e dialogo con i visitatori dei beni e tutte le persone interessate al patrimonio culturale locale: i siti aperti per l\u2019iniziativa sono raccontati sulla <strong>pagina Facebook <\/strong><em>Ville Aperte in Brianza<\/em> e sui profili <strong>Twitter <\/strong><em>@VilleAperteMB<\/em> e <strong>Instagram<\/strong> <em>@villeapertebrianza<\/em>, costantemente aggiornati con news in tempo reale, informazioni sull\u2019accessibilit\u00e0, i principali eventi nelle ville, musei, parchi.<\/p>\n\n\n\n<p><strong>Per maggiori informazioni:<\/strong><\/p>\n\n\n\n<p><a href=\"..\/..\/..\/..\/AppData\/Local\/Microsoft\/Windows\/INetCache\/Content.Outlook\/AppData\/Local\/AppData\/Local\/Microsoft\/Windows\/INetCache\/ipiro\/AppData\/Local\/AppData\/Local\/AppData\/Local\/Microsoft\/Windows\/Temporary%20Internet%20Files\/Content.Outlook\/AppData\/Local\/Microsoft\/Windows\/INetCache\/Content.Outlook\/Library\/Containers\/com.apple.mail\/Data\/Library\/Mail%20Downloads\/0DC3586C-006E-45C6-ABBF-FCC43769C48A\/www.villeaperte.info\">www.villeaperte.info<\/a>, dove sar\u00e0 possibile prenotare le visite guidate, scoprire percorsi e itinerari, consultare sezioni dedicate ai progetti speciali, conoscere i siti storico-artistici del territorio e le loro proposte.<\/p>\n\n\n\n<p><strong>Ingresso: 5 euro se non specificato diversamente.<\/strong><\/p>\n\n\n\n<p>(fonte: comunicato stampa)<\/p>\n","protected":false},"excerpt":{"rendered":"<p>Dal 18 al 26 settembre 2021 5 province, 84 Comuni, 77 eventi per promuovere la Bellezza, la Cultura e le<\/p>\n","protected":false},"author":1,"featured_media":10343,"comment_status":"open","ping_status":"open","sticky":true,"template":"","format":"standard","meta":[],"categories":[18,27,598,8],"tags":[234,3547,2989,627,3549,313,3546,2440,3548],"yoast_head":"<!-- This site is optimized with the Yoast SEO plugin v18.0 - https:\/\/yoast.com\/wordpress\/plugins\/seo\/ -->\n<title>Ville Aperte in Brianza | Arte e Luoghi<\/title>\n<meta name=\"description\" content=\"Dal 18 al 26 settembre 2021 5 province, 84 Comuni, 77 eventi per promuovere la Bellezza, la Cultura e le Arti\" \/>\n<meta name=\"robots\" content=\"index, follow, max-snippet:-1, max-image-preview:large, max-video-preview:-1\" \/>\n<link rel=\"canonical\" href=\"https:\/\/arteeluoghi.it\/index.php\/2021\/09\/13\/ville-aperte-in-brianza-2\/\" \/>\n<meta property=\"og:locale\" content=\"it_IT\" \/>\n<meta property=\"og:type\" content=\"article\" \/>\n<meta property=\"og:title\" content=\"Ville Aperte in Brianza | Arte e Luoghi\" \/>\n<meta property=\"og:description\" content=\"Dal 18 al 26 settembre 2021 5 province, 84 Comuni, 77 eventi per promuovere la Bellezza, la Cultura e le Arti\" \/>\n<meta property=\"og:url\" content=\"https:\/\/arteeluoghi.it\/index.php\/2021\/09\/13\/ville-aperte-in-brianza-2\/\" \/>\n<meta property=\"og:site_name\" content=\"Arte e Luoghi\" \/>\n<meta property=\"article:publisher\" content=\"https:\/\/www.facebook.com\/ArteELuoghi\/\" \/>\n<meta property=\"article:published_time\" content=\"2021-09-13T21:47:49+00:00\" \/>\n<meta property=\"article:modified_time\" content=\"2021-09-13T21:47:52+00:00\" \/>\n<meta property=\"og:image\" content=\"https:\/\/arteeluoghi.it\/wp-content\/uploads\/2021\/09\/Cernobbio-villa-bernasconi.jpg\" \/>\n\t<meta property=\"og:image:width\" content=\"886\" \/>\n\t<meta property=\"og:image:height\" content=\"590\" \/>\n\t<meta property=\"og:image:type\" content=\"image\/jpeg\" \/>\n<meta name=\"twitter:card\" content=\"summary\" \/>\n<meta name=\"twitter:creator\" content=\"@arteeluoghi\" \/>\n<meta name=\"twitter:site\" content=\"@arteeluoghi\" \/>\n<meta name=\"twitter:label1\" content=\"Scritto da\" \/>\n\t<meta name=\"twitter:data1\" content=\"Staff\" \/>\n\t<meta name=\"twitter:label2\" content=\"Tempo di lettura stimato\" \/>\n\t<meta name=\"twitter:data2\" content=\"12 minuti\" \/>\n<script type=\"application\/ld+json\" class=\"yoast-schema-graph\">{\"@context\":\"https:\/\/schema.org\",\"@graph\":[{\"@type\":\"Organization\",\"@id\":\"https:\/\/arteeluoghi.it\/#organization\",\"name\":\"Arte e Luoghi\",\"url\":\"https:\/\/arteeluoghi.it\/\",\"sameAs\":[\"https:\/\/www.facebook.com\/ArteELuoghi\/\",\"https:\/\/www.instagram.com\/arteeluoghi\/?hl=it\",\"https:\/\/www.youtube.com\/channel\/UCuRVc4JW4-C5sg9rQB-srkw?view_as=subscriber\",\"https:\/\/twitter.com\/arteeluoghi\"],\"logo\":{\"@type\":\"ImageObject\",\"@id\":\"https:\/\/arteeluoghi.it\/#logo\",\"inLanguage\":\"it-IT\",\"url\":\"https:\/\/arteeluoghi.it\/wp-content\/uploads\/2018\/08\/logoinstagramarte.jpg\",\"contentUrl\":\"https:\/\/arteeluoghi.it\/wp-content\/uploads\/2018\/08\/logoinstagramarte.jpg\",\"width\":150,\"height\":150,\"caption\":\"Arte e Luoghi\"},\"image\":{\"@id\":\"https:\/\/arteeluoghi.it\/#logo\"}},{\"@type\":\"WebSite\",\"@id\":\"https:\/\/arteeluoghi.it\/#website\",\"url\":\"https:\/\/arteeluoghi.it\/\",\"name\":\"Arte e Luoghi\",\"description\":\"Mensile di arte, cultura, turismo e curiosit\u00e0\",\"publisher\":{\"@id\":\"https:\/\/arteeluoghi.it\/#organization\"},\"potentialAction\":[{\"@type\":\"SearchAction\",\"target\":{\"@type\":\"EntryPoint\",\"urlTemplate\":\"https:\/\/arteeluoghi.it\/?s={search_term_string}\"},\"query-input\":\"required name=search_term_string\"}],\"inLanguage\":\"it-IT\"},{\"@type\":\"ImageObject\",\"@id\":\"https:\/\/arteeluoghi.it\/index.php\/2021\/09\/13\/ville-aperte-in-brianza-2\/#primaryimage\",\"inLanguage\":\"it-IT\",\"url\":\"https:\/\/arteeluoghi.it\/wp-content\/uploads\/2021\/09\/Cernobbio-villa-bernasconi.jpg\",\"contentUrl\":\"https:\/\/arteeluoghi.it\/wp-content\/uploads\/2021\/09\/Cernobbio-villa-bernasconi.jpg\",\"width\":886,\"height\":590},{\"@type\":\"WebPage\",\"@id\":\"https:\/\/arteeluoghi.it\/index.php\/2021\/09\/13\/ville-aperte-in-brianza-2\/#webpage\",\"url\":\"https:\/\/arteeluoghi.it\/index.php\/2021\/09\/13\/ville-aperte-in-brianza-2\/\",\"name\":\"Ville Aperte in Brianza | Arte e Luoghi\",\"isPartOf\":{\"@id\":\"https:\/\/arteeluoghi.it\/#website\"},\"primaryImageOfPage\":{\"@id\":\"https:\/\/arteeluoghi.it\/index.php\/2021\/09\/13\/ville-aperte-in-brianza-2\/#primaryimage\"},\"datePublished\":\"2021-09-13T21:47:49+00:00\",\"dateModified\":\"2021-09-13T21:47:52+00:00\",\"description\":\"Dal 18 al 26 settembre 2021 5 province, 84 Comuni, 77 eventi per promuovere la Bellezza, la Cultura e le Arti\",\"breadcrumb\":{\"@id\":\"https:\/\/arteeluoghi.it\/index.php\/2021\/09\/13\/ville-aperte-in-brianza-2\/#breadcrumb\"},\"inLanguage\":\"it-IT\",\"potentialAction\":[{\"@type\":\"ReadAction\",\"target\":[\"https:\/\/arteeluoghi.it\/index.php\/2021\/09\/13\/ville-aperte-in-brianza-2\/\"]}]},{\"@type\":\"BreadcrumbList\",\"@id\":\"https:\/\/arteeluoghi.it\/index.php\/2021\/09\/13\/ville-aperte-in-brianza-2\/#breadcrumb\",\"itemListElement\":[{\"@type\":\"ListItem\",\"position\":1,\"name\":\"Home\",\"item\":\"https:\/\/arteeluoghi.it\/\"},{\"@type\":\"ListItem\",\"position\":2,\"name\":\"Ville Aperte in Brianza\"}]},{\"@type\":\"Article\",\"@id\":\"https:\/\/arteeluoghi.it\/index.php\/2021\/09\/13\/ville-aperte-in-brianza-2\/#article\",\"isPartOf\":{\"@id\":\"https:\/\/arteeluoghi.it\/index.php\/2021\/09\/13\/ville-aperte-in-brianza-2\/#webpage\"},\"author\":{\"@id\":\"https:\/\/arteeluoghi.it\/#\/schema\/person\/f84e814e36e91e01448ee07eaadd41d4\"},\"headline\":\"Ville Aperte in Brianza\",\"datePublished\":\"2021-09-13T21:47:49+00:00\",\"dateModified\":\"2021-09-13T21:47:52+00:00\",\"mainEntityOfPage\":{\"@id\":\"https:\/\/arteeluoghi.it\/index.php\/2021\/09\/13\/ville-aperte-in-brianza-2\/#webpage\"},\"wordCount\":2459,\"commentCount\":0,\"publisher\":{\"@id\":\"https:\/\/arteeluoghi.it\/#organization\"},\"image\":{\"@id\":\"https:\/\/arteeluoghi.it\/index.php\/2021\/09\/13\/ville-aperte-in-brianza-2\/#primaryimage\"},\"thumbnailUrl\":\"https:\/\/arteeluoghi.it\/wp-content\/uploads\/2021\/09\/Cernobbio-villa-bernasconi.jpg\",\"keywords\":[\"arte\",\"Brianza\",\"Como\",\"cultura\",\"Lecco\",\"Milano\",\"Monza\",\"Varese\",\"Ville aperte\"],\"articleSection\":[\"architettura\",\"Arte\",\"girovagando\",\"LUOGHI\"],\"inLanguage\":\"it-IT\",\"potentialAction\":[{\"@type\":\"CommentAction\",\"name\":\"Comment\",\"target\":[\"https:\/\/arteeluoghi.it\/index.php\/2021\/09\/13\/ville-aperte-in-brianza-2\/#respond\"]}]},{\"@type\":\"Person\",\"@id\":\"https:\/\/arteeluoghi.it\/#\/schema\/person\/f84e814e36e91e01448ee07eaadd41d4\",\"name\":\"Staff\",\"image\":{\"@type\":\"ImageObject\",\"@id\":\"https:\/\/arteeluoghi.it\/#personlogo\",\"inLanguage\":\"it-IT\",\"url\":\"https:\/\/secure.gravatar.com\/avatar\/49d2f9e46271bb04e19cebfaf141313a?s=96&d=blank&r=g\",\"contentUrl\":\"https:\/\/secure.gravatar.com\/avatar\/49d2f9e46271bb04e19cebfaf141313a?s=96&d=blank&r=g\",\"caption\":\"Staff\"}}]}<\/script>\n<!-- \/ Yoast SEO plugin. -->","yoast_head_json":{"title":"Ville Aperte in Brianza | Arte e Luoghi","description":"Dal 18 al 26 settembre 2021 5 province, 84 Comuni, 77 eventi per promuovere la Bellezza, la Cultura e le Arti","robots":{"index":"index","follow":"follow","max-snippet":"max-snippet:-1","max-image-preview":"max-image-preview:large","max-video-preview":"max-video-preview:-1"},"canonical":"https:\/\/arteeluoghi.it\/index.php\/2021\/09\/13\/ville-aperte-in-brianza-2\/","og_locale":"it_IT","og_type":"article","og_title":"Ville Aperte in Brianza | Arte e Luoghi","og_description":"Dal 18 al 26 settembre 2021 5 province, 84 Comuni, 77 eventi per promuovere la Bellezza, la Cultura e le Arti","og_url":"https:\/\/arteeluoghi.it\/index.php\/2021\/09\/13\/ville-aperte-in-brianza-2\/","og_site_name":"Arte e Luoghi","article_publisher":"https:\/\/www.facebook.com\/ArteELuoghi\/","article_published_time":"2021-09-13T21:47:49+00:00","article_modified_time":"2021-09-13T21:47:52+00:00","og_image":[{"width":886,"height":590,"url":"https:\/\/arteeluoghi.it\/wp-content\/uploads\/2021\/09\/Cernobbio-villa-bernasconi.jpg","type":"image\/jpeg"}],"twitter_card":"summary","twitter_creator":"@arteeluoghi","twitter_site":"@arteeluoghi","twitter_misc":{"Scritto da":"Staff","Tempo di lettura stimato":"12 minuti"},"schema":{"@context":"https:\/\/schema.org","@graph":[{"@type":"Organization","@id":"https:\/\/arteeluoghi.it\/#organization","name":"Arte e Luoghi","url":"https:\/\/arteeluoghi.it\/","sameAs":["https:\/\/www.facebook.com\/ArteELuoghi\/","https:\/\/www.instagram.com\/arteeluoghi\/?hl=it","https:\/\/www.youtube.com\/channel\/UCuRVc4JW4-C5sg9rQB-srkw?view_as=subscriber","https:\/\/twitter.com\/arteeluoghi"],"logo":{"@type":"ImageObject","@id":"https:\/\/arteeluoghi.it\/#logo","inLanguage":"it-IT","url":"https:\/\/arteeluoghi.it\/wp-content\/uploads\/2018\/08\/logoinstagramarte.jpg","contentUrl":"https:\/\/arteeluoghi.it\/wp-content\/uploads\/2018\/08\/logoinstagramarte.jpg","width":150,"height":150,"caption":"Arte e Luoghi"},"image":{"@id":"https:\/\/arteeluoghi.it\/#logo"}},{"@type":"WebSite","@id":"https:\/\/arteeluoghi.it\/#website","url":"https:\/\/arteeluoghi.it\/","name":"Arte e Luoghi","description":"Mensile di arte, cultura, turismo e curiosit\u00e0","publisher":{"@id":"https:\/\/arteeluoghi.it\/#organization"},"potentialAction":[{"@type":"SearchAction","target":{"@type":"EntryPoint","urlTemplate":"https:\/\/arteeluoghi.it\/?s={search_term_string}"},"query-input":"required name=search_term_string"}],"inLanguage":"it-IT"},{"@type":"ImageObject","@id":"https:\/\/arteeluoghi.it\/index.php\/2021\/09\/13\/ville-aperte-in-brianza-2\/#primaryimage","inLanguage":"it-IT","url":"https:\/\/arteeluoghi.it\/wp-content\/uploads\/2021\/09\/Cernobbio-villa-bernasconi.jpg","contentUrl":"https:\/\/arteeluoghi.it\/wp-content\/uploads\/2021\/09\/Cernobbio-villa-bernasconi.jpg","width":886,"height":590},{"@type":"WebPage","@id":"https:\/\/arteeluoghi.it\/index.php\/2021\/09\/13\/ville-aperte-in-brianza-2\/#webpage","url":"https:\/\/arteeluoghi.it\/index.php\/2021\/09\/13\/ville-aperte-in-brianza-2\/","name":"Ville Aperte in Brianza | Arte e Luoghi","isPartOf":{"@id":"https:\/\/arteeluoghi.it\/#website"},"primaryImageOfPage":{"@id":"https:\/\/arteeluoghi.it\/index.php\/2021\/09\/13\/ville-aperte-in-brianza-2\/#primaryimage"},"datePublished":"2021-09-13T21:47:49+00:00","dateModified":"2021-09-13T21:47:52+00:00","description":"Dal 18 al 26 settembre 2021 5 province, 84 Comuni, 77 eventi per promuovere la Bellezza, la Cultura e le Arti","breadcrumb":{"@id":"https:\/\/arteeluoghi.it\/index.php\/2021\/09\/13\/ville-aperte-in-brianza-2\/#breadcrumb"},"inLanguage":"it-IT","potentialAction":[{"@type":"ReadAction","target":["https:\/\/arteeluoghi.it\/index.php\/2021\/09\/13\/ville-aperte-in-brianza-2\/"]}]},{"@type":"BreadcrumbList","@id":"https:\/\/arteeluoghi.it\/index.php\/2021\/09\/13\/ville-aperte-in-brianza-2\/#breadcrumb","itemListElement":[{"@type":"ListItem","position":1,"name":"Home","item":"https:\/\/arteeluoghi.it\/"},{"@type":"ListItem","position":2,"name":"Ville Aperte in Brianza"}]},{"@type":"Article","@id":"https:\/\/arteeluoghi.it\/index.php\/2021\/09\/13\/ville-aperte-in-brianza-2\/#article","isPartOf":{"@id":"https:\/\/arteeluoghi.it\/index.php\/2021\/09\/13\/ville-aperte-in-brianza-2\/#webpage"},"author":{"@id":"https:\/\/arteeluoghi.it\/#\/schema\/person\/f84e814e36e91e01448ee07eaadd41d4"},"headline":"Ville Aperte in Brianza","datePublished":"2021-09-13T21:47:49+00:00","dateModified":"2021-09-13T21:47:52+00:00","mainEntityOfPage":{"@id":"https:\/\/arteeluoghi.it\/index.php\/2021\/09\/13\/ville-aperte-in-brianza-2\/#webpage"},"wordCount":2459,"commentCount":0,"publisher":{"@id":"https:\/\/arteeluoghi.it\/#organization"},"image":{"@id":"https:\/\/arteeluoghi.it\/index.php\/2021\/09\/13\/ville-aperte-in-brianza-2\/#primaryimage"},"thumbnailUrl":"https:\/\/arteeluoghi.it\/wp-content\/uploads\/2021\/09\/Cernobbio-villa-bernasconi.jpg","keywords":["arte","Brianza","Como","cultura","Lecco","Milano","Monza","Varese","Ville aperte"],"articleSection":["architettura","Arte","girovagando","LUOGHI"],"inLanguage":"it-IT","potentialAction":[{"@type":"CommentAction","name":"Comment","target":["https:\/\/arteeluoghi.it\/index.php\/2021\/09\/13\/ville-aperte-in-brianza-2\/#respond"]}]},{"@type":"Person","@id":"https:\/\/arteeluoghi.it\/#\/schema\/person\/f84e814e36e91e01448ee07eaadd41d4","name":"Staff","image":{"@type":"ImageObject","@id":"https:\/\/arteeluoghi.it\/#personlogo","inLanguage":"it-IT","url":"https:\/\/secure.gravatar.com\/avatar\/49d2f9e46271bb04e19cebfaf141313a?s=96&d=blank&r=g","contentUrl":"https:\/\/secure.gravatar.com\/avatar\/49d2f9e46271bb04e19cebfaf141313a?s=96&d=blank&r=g","caption":"Staff"}}]}},"_links":{"self":[{"href":"https:\/\/arteeluoghi.it\/index.php\/wp-json\/wp\/v2\/posts\/10342"}],"collection":[{"href":"https:\/\/arteeluoghi.it\/index.php\/wp-json\/wp\/v2\/posts"}],"about":[{"href":"https:\/\/arteeluoghi.it\/index.php\/wp-json\/wp\/v2\/types\/post"}],"author":[{"embeddable":true,"href":"https:\/\/arteeluoghi.it\/index.php\/wp-json\/wp\/v2\/users\/1"}],"replies":[{"embeddable":true,"href":"https:\/\/arteeluoghi.it\/index.php\/wp-json\/wp\/v2\/comments?post=10342"}],"version-history":[{"count":1,"href":"https:\/\/arteeluoghi.it\/index.php\/wp-json\/wp\/v2\/posts\/10342\/revisions"}],"predecessor-version":[{"id":10351,"href":"https:\/\/arteeluoghi.it\/index.php\/wp-json\/wp\/v2\/posts\/10342\/revisions\/10351"}],"wp:featuredmedia":[{"embeddable":true,"href":"https:\/\/arteeluoghi.it\/index.php\/wp-json\/wp\/v2\/media\/10343"}],"wp:attachment":[{"href":"https:\/\/arteeluoghi.it\/index.php\/wp-json\/wp\/v2\/media?parent=10342"}],"wp:term":[{"taxonomy":"category","embeddable":true,"href":"https:\/\/arteeluoghi.it\/index.php\/wp-json\/wp\/v2\/categories?post=10342"},{"taxonomy":"post_tag","embeddable":true,"href":"https:\/\/arteeluoghi.it\/index.php\/wp-json\/wp\/v2\/tags?post=10342"}],"curies":[{"name":"wp","href":"https:\/\/api.w.org\/{rel}","templated":true}]}}