{"id":10352,"date":"2021-09-14T00:04:40","date_gmt":"2021-09-13T22:04:40","guid":{"rendered":"https:\/\/arteeluoghi.it\/?p=10352"},"modified":"2021-09-14T00:10:42","modified_gmt":"2021-09-13T22:10:42","slug":"letteratura-a-palazzo","status":"publish","type":"post","link":"https:\/\/arteeluoghi.it\/index.php\/2021\/09\/14\/letteratura-a-palazzo\/","title":{"rendered":"Letteratura a Palazzo"},"content":{"rendered":"\n<blockquote class=\"wp-block-quote\"><p>\u00abNon sono nato per essere nato: Carmelo Bene\u00bb<\/p><\/blockquote>\n\n\n\n<p>\u00abNon sono nato per essere nato: Carmelo Bene\u00bb \u00e8 il titolo dell&#8217;evento organizzato dalla <strong>Societ\u00e0 Dante Alighieri<\/strong> &#8211; Comitato del Salento &#8211; in collaborazione con l\u2019<strong>Universit\u00e0 Popolare Aldo Vallone <\/strong>e la partecipazione del <strong>Centro Studi Phon\u00e9<\/strong>. <\/p>\n\n\n\n<p>La manifestazione, curata da <strong>Gabriella Pappad\u00e0<\/strong> della Societ\u00e0 Dante Alighieri Comitato del Salento e da <strong>Rosa Anna Valletta<\/strong> dell\u2019Universit\u00e0 Popolare Aldo Vallone (che il prossimo 16 settembre terr\u00e0 un open day dalle ore 17:30 nell&#8217;Ex Monastero delle Clarisse a Galatina) \u00e8 inserita nell\u2019ambito della kermesse di Maggio Salentino che anche quest\u2019anno si terr\u00e0 a settembre nelle tre province della penisola. <\/p>\n\n\n\n<figure class=\"wp-block-image size-large\"><img loading=\"lazy\" width=\"706\" height=\"1024\" src=\"https:\/\/arteeluoghi.it\/wp-content\/uploads\/2021\/09\/Carmelo_bene-706x1024.jpeg\" alt=\"\" class=\"wp-image-10353\" srcset=\"https:\/\/arteeluoghi.it\/wp-content\/uploads\/2021\/09\/Carmelo_bene-706x1024.jpeg 706w, https:\/\/arteeluoghi.it\/wp-content\/uploads\/2021\/09\/Carmelo_bene-207x300.jpeg 207w, https:\/\/arteeluoghi.it\/wp-content\/uploads\/2021\/09\/Carmelo_bene-768x1114.jpeg 768w, https:\/\/arteeluoghi.it\/wp-content\/uploads\/2021\/09\/Carmelo_bene.jpeg 800w\" sizes=\"(max-width: 706px) 100vw, 706px\" \/><figcaption>L&#8217;attore regista drammaturgo Carmelo Bene 1\u00ba settembre 1937-  16 marzo 2002<\/figcaption><\/figure>\n\n\n\n<p>L&#8217;evento, dunque,  si svilupper\u00e0 con una modalit\u00e0 di lettura e dialoghi sulla figura e l\u2019opera dell\u2019artista tratti dalla biografia <em>Vita di Carmelo Bene<\/em>, scritta con il giornalista Giancarlo Dotto, in cui egli stesso racconta il Teatro e il Cinema, la Letteratura e la Voce.<\/p>\n\n\n\n<p>Una vita unica che partendo da un piccolo paese di provincia approda nella metropoli romana e via via si libera da ogni gabbia e da qualsiasi tentativo di schematizzazione.<\/p>\n\n\n\n<p>La serata sar\u00e0 animata dal dialogo con l\u2019attore <strong>Simone Franco<\/strong> del Centro Studi Phon\u00e9 che racconter\u00e0 la sua esperienza personale con Carmelo Bene sia come spettatore che come allievo dei seminari, a seguire una personale Lettura Scenica.&nbsp;Particolarmente suggestiva la location, il giardino di Dimora Muratore a Lecce, in via L. Scarambone 36. Info e prenotazioni  tel. 3471124679.<\/p>\n\n\n\n<p><\/p>\n\n\n\n<p><\/p>\n\n\n\n<p><\/p>\n","protected":false},"excerpt":{"rendered":"<p>\u00abNon sono nato per essere nato: Carmelo Bene\u00bb \u00abNon sono nato per essere nato: Carmelo Bene\u00bb \u00e8 il titolo dell&#8217;evento<\/p>\n","protected":false},"author":1,"featured_media":10354,"comment_status":"open","ping_status":"open","sticky":true,"template":"","format":"standard","meta":[],"categories":[17,13],"tags":[1857,3552,3550,3554,418,3553,3551,3555,3556],"yoast_head":"<!-- This site is optimized with the Yoast SEO plugin v18.0 - https:\/\/yoast.com\/wordpress\/plugins\/seo\/ -->\n<title>Letteratura a Palazzo | Arte e Luoghi<\/title>\n<meta name=\"description\" content=\"Lettura e dialoghi sulla figura e l\u2019opera dell\u2019artista tratti dalla biografia Vita di Carmelo Bene scritta con il giornalista Giancarlo Dotto\" \/>\n<meta name=\"robots\" content=\"index, follow, max-snippet:-1, max-image-preview:large, max-video-preview:-1\" \/>\n<link rel=\"canonical\" href=\"https:\/\/arteeluoghi.it\/index.php\/2021\/09\/14\/letteratura-a-palazzo\/\" \/>\n<meta property=\"og:locale\" content=\"it_IT\" \/>\n<meta property=\"og:type\" content=\"article\" \/>\n<meta property=\"og:title\" content=\"Letteratura a Palazzo | Arte e Luoghi\" \/>\n<meta property=\"og:description\" content=\"Lettura e dialoghi sulla figura e l\u2019opera dell\u2019artista tratti dalla biografia Vita di Carmelo Bene scritta con il giornalista Giancarlo Dotto\" \/>\n<meta property=\"og:url\" content=\"https:\/\/arteeluoghi.it\/index.php\/2021\/09\/14\/letteratura-a-palazzo\/\" \/>\n<meta property=\"og:site_name\" content=\"Arte e Luoghi\" \/>\n<meta property=\"article:publisher\" content=\"https:\/\/www.facebook.com\/ArteELuoghi\/\" \/>\n<meta property=\"article:published_time\" content=\"2021-09-13T22:04:40+00:00\" \/>\n<meta property=\"article:modified_time\" content=\"2021-09-13T22:10:42+00:00\" \/>\n<meta property=\"og:image\" content=\"https:\/\/arteeluoghi.it\/wp-content\/uploads\/2021\/09\/dimora-muratore.jpeg\" \/>\n\t<meta property=\"og:image:width\" content=\"1024\" \/>\n\t<meta property=\"og:image:height\" content=\"683\" \/>\n\t<meta property=\"og:image:type\" content=\"image\/jpeg\" \/>\n<meta name=\"twitter:card\" content=\"summary\" \/>\n<meta name=\"twitter:creator\" content=\"@arteeluoghi\" \/>\n<meta name=\"twitter:site\" content=\"@arteeluoghi\" \/>\n<meta name=\"twitter:label1\" content=\"Scritto da\" \/>\n\t<meta name=\"twitter:data1\" content=\"Staff\" \/>\n\t<meta name=\"twitter:label2\" content=\"Tempo di lettura stimato\" \/>\n\t<meta name=\"twitter:data2\" content=\"2 minuti\" \/>\n<script type=\"application\/ld+json\" class=\"yoast-schema-graph\">{\"@context\":\"https:\/\/schema.org\",\"@graph\":[{\"@type\":\"Organization\",\"@id\":\"https:\/\/arteeluoghi.it\/#organization\",\"name\":\"Arte e Luoghi\",\"url\":\"https:\/\/arteeluoghi.it\/\",\"sameAs\":[\"https:\/\/www.facebook.com\/ArteELuoghi\/\",\"https:\/\/www.instagram.com\/arteeluoghi\/?hl=it\",\"https:\/\/www.youtube.com\/channel\/UCuRVc4JW4-C5sg9rQB-srkw?view_as=subscriber\",\"https:\/\/twitter.com\/arteeluoghi\"],\"logo\":{\"@type\":\"ImageObject\",\"@id\":\"https:\/\/arteeluoghi.it\/#logo\",\"inLanguage\":\"it-IT\",\"url\":\"https:\/\/arteeluoghi.it\/wp-content\/uploads\/2018\/08\/logoinstagramarte.jpg\",\"contentUrl\":\"https:\/\/arteeluoghi.it\/wp-content\/uploads\/2018\/08\/logoinstagramarte.jpg\",\"width\":150,\"height\":150,\"caption\":\"Arte e Luoghi\"},\"image\":{\"@id\":\"https:\/\/arteeluoghi.it\/#logo\"}},{\"@type\":\"WebSite\",\"@id\":\"https:\/\/arteeluoghi.it\/#website\",\"url\":\"https:\/\/arteeluoghi.it\/\",\"name\":\"Arte e Luoghi\",\"description\":\"Mensile di arte, cultura, turismo e curiosit\u00e0\",\"publisher\":{\"@id\":\"https:\/\/arteeluoghi.it\/#organization\"},\"potentialAction\":[{\"@type\":\"SearchAction\",\"target\":{\"@type\":\"EntryPoint\",\"urlTemplate\":\"https:\/\/arteeluoghi.it\/?s={search_term_string}\"},\"query-input\":\"required name=search_term_string\"}],\"inLanguage\":\"it-IT\"},{\"@type\":\"ImageObject\",\"@id\":\"https:\/\/arteeluoghi.it\/index.php\/2021\/09\/14\/letteratura-a-palazzo\/#primaryimage\",\"inLanguage\":\"it-IT\",\"url\":\"https:\/\/arteeluoghi.it\/wp-content\/uploads\/2021\/09\/dimora-muratore.jpeg\",\"contentUrl\":\"https:\/\/arteeluoghi.it\/wp-content\/uploads\/2021\/09\/dimora-muratore.jpeg\",\"width\":1024,\"height\":683},{\"@type\":\"WebPage\",\"@id\":\"https:\/\/arteeluoghi.it\/index.php\/2021\/09\/14\/letteratura-a-palazzo\/#webpage\",\"url\":\"https:\/\/arteeluoghi.it\/index.php\/2021\/09\/14\/letteratura-a-palazzo\/\",\"name\":\"Letteratura a Palazzo | Arte e Luoghi\",\"isPartOf\":{\"@id\":\"https:\/\/arteeluoghi.it\/#website\"},\"primaryImageOfPage\":{\"@id\":\"https:\/\/arteeluoghi.it\/index.php\/2021\/09\/14\/letteratura-a-palazzo\/#primaryimage\"},\"datePublished\":\"2021-09-13T22:04:40+00:00\",\"dateModified\":\"2021-09-13T22:10:42+00:00\",\"description\":\"Lettura e dialoghi sulla figura e l\u2019opera dell\u2019artista tratti dalla biografia Vita di Carmelo Bene scritta con il giornalista Giancarlo Dotto\",\"breadcrumb\":{\"@id\":\"https:\/\/arteeluoghi.it\/index.php\/2021\/09\/14\/letteratura-a-palazzo\/#breadcrumb\"},\"inLanguage\":\"it-IT\",\"potentialAction\":[{\"@type\":\"ReadAction\",\"target\":[\"https:\/\/arteeluoghi.it\/index.php\/2021\/09\/14\/letteratura-a-palazzo\/\"]}]},{\"@type\":\"BreadcrumbList\",\"@id\":\"https:\/\/arteeluoghi.it\/index.php\/2021\/09\/14\/letteratura-a-palazzo\/#breadcrumb\",\"itemListElement\":[{\"@type\":\"ListItem\",\"position\":1,\"name\":\"Home\",\"item\":\"https:\/\/arteeluoghi.it\/\"},{\"@type\":\"ListItem\",\"position\":2,\"name\":\"Letteratura a Palazzo\"}]},{\"@type\":\"Article\",\"@id\":\"https:\/\/arteeluoghi.it\/index.php\/2021\/09\/14\/letteratura-a-palazzo\/#article\",\"isPartOf\":{\"@id\":\"https:\/\/arteeluoghi.it\/index.php\/2021\/09\/14\/letteratura-a-palazzo\/#webpage\"},\"author\":{\"@id\":\"https:\/\/arteeluoghi.it\/#\/schema\/person\/f84e814e36e91e01448ee07eaadd41d4\"},\"headline\":\"Letteratura a Palazzo\",\"datePublished\":\"2021-09-13T22:04:40+00:00\",\"dateModified\":\"2021-09-13T22:10:42+00:00\",\"mainEntityOfPage\":{\"@id\":\"https:\/\/arteeluoghi.it\/index.php\/2021\/09\/14\/letteratura-a-palazzo\/#webpage\"},\"wordCount\":248,\"commentCount\":0,\"publisher\":{\"@id\":\"https:\/\/arteeluoghi.it\/#organization\"},\"image\":{\"@id\":\"https:\/\/arteeluoghi.it\/index.php\/2021\/09\/14\/letteratura-a-palazzo\/#primaryimage\"},\"thumbnailUrl\":\"https:\/\/arteeluoghi.it\/wp-content\/uploads\/2021\/09\/dimora-muratore.jpeg\",\"keywords\":[\"Carmelo Bene\",\"Centro Studi Phon\u00e9\",\"Dimra Muratore\",\"Gabriella Pappad\u00e0\",\"letteratura\",\"Rosa Anna Valletta\",\"Simone Franco\",\"Societ\u00e0. Dante Alighieri\",\"Universit\u00e0 Popolare Aldo Vallone\"],\"articleSection\":[\"LIBRI\",\"teatro\"],\"inLanguage\":\"it-IT\",\"potentialAction\":[{\"@type\":\"CommentAction\",\"name\":\"Comment\",\"target\":[\"https:\/\/arteeluoghi.it\/index.php\/2021\/09\/14\/letteratura-a-palazzo\/#respond\"]}]},{\"@type\":\"Person\",\"@id\":\"https:\/\/arteeluoghi.it\/#\/schema\/person\/f84e814e36e91e01448ee07eaadd41d4\",\"name\":\"Staff\",\"image\":{\"@type\":\"ImageObject\",\"@id\":\"https:\/\/arteeluoghi.it\/#personlogo\",\"inLanguage\":\"it-IT\",\"url\":\"https:\/\/secure.gravatar.com\/avatar\/49d2f9e46271bb04e19cebfaf141313a?s=96&d=blank&r=g\",\"contentUrl\":\"https:\/\/secure.gravatar.com\/avatar\/49d2f9e46271bb04e19cebfaf141313a?s=96&d=blank&r=g\",\"caption\":\"Staff\"}}]}<\/script>\n<!-- \/ Yoast SEO plugin. -->","yoast_head_json":{"title":"Letteratura a Palazzo | Arte e Luoghi","description":"Lettura e dialoghi sulla figura e l\u2019opera dell\u2019artista tratti dalla biografia Vita di Carmelo Bene scritta con il giornalista Giancarlo Dotto","robots":{"index":"index","follow":"follow","max-snippet":"max-snippet:-1","max-image-preview":"max-image-preview:large","max-video-preview":"max-video-preview:-1"},"canonical":"https:\/\/arteeluoghi.it\/index.php\/2021\/09\/14\/letteratura-a-palazzo\/","og_locale":"it_IT","og_type":"article","og_title":"Letteratura a Palazzo | Arte e Luoghi","og_description":"Lettura e dialoghi sulla figura e l\u2019opera dell\u2019artista tratti dalla biografia Vita di Carmelo Bene scritta con il giornalista Giancarlo Dotto","og_url":"https:\/\/arteeluoghi.it\/index.php\/2021\/09\/14\/letteratura-a-palazzo\/","og_site_name":"Arte e Luoghi","article_publisher":"https:\/\/www.facebook.com\/ArteELuoghi\/","article_published_time":"2021-09-13T22:04:40+00:00","article_modified_time":"2021-09-13T22:10:42+00:00","og_image":[{"width":1024,"height":683,"url":"https:\/\/arteeluoghi.it\/wp-content\/uploads\/2021\/09\/dimora-muratore.jpeg","type":"image\/jpeg"}],"twitter_card":"summary","twitter_creator":"@arteeluoghi","twitter_site":"@arteeluoghi","twitter_misc":{"Scritto da":"Staff","Tempo di lettura stimato":"2 minuti"},"schema":{"@context":"https:\/\/schema.org","@graph":[{"@type":"Organization","@id":"https:\/\/arteeluoghi.it\/#organization","name":"Arte e Luoghi","url":"https:\/\/arteeluoghi.it\/","sameAs":["https:\/\/www.facebook.com\/ArteELuoghi\/","https:\/\/www.instagram.com\/arteeluoghi\/?hl=it","https:\/\/www.youtube.com\/channel\/UCuRVc4JW4-C5sg9rQB-srkw?view_as=subscriber","https:\/\/twitter.com\/arteeluoghi"],"logo":{"@type":"ImageObject","@id":"https:\/\/arteeluoghi.it\/#logo","inLanguage":"it-IT","url":"https:\/\/arteeluoghi.it\/wp-content\/uploads\/2018\/08\/logoinstagramarte.jpg","contentUrl":"https:\/\/arteeluoghi.it\/wp-content\/uploads\/2018\/08\/logoinstagramarte.jpg","width":150,"height":150,"caption":"Arte e Luoghi"},"image":{"@id":"https:\/\/arteeluoghi.it\/#logo"}},{"@type":"WebSite","@id":"https:\/\/arteeluoghi.it\/#website","url":"https:\/\/arteeluoghi.it\/","name":"Arte e Luoghi","description":"Mensile di arte, cultura, turismo e curiosit\u00e0","publisher":{"@id":"https:\/\/arteeluoghi.it\/#organization"},"potentialAction":[{"@type":"SearchAction","target":{"@type":"EntryPoint","urlTemplate":"https:\/\/arteeluoghi.it\/?s={search_term_string}"},"query-input":"required name=search_term_string"}],"inLanguage":"it-IT"},{"@type":"ImageObject","@id":"https:\/\/arteeluoghi.it\/index.php\/2021\/09\/14\/letteratura-a-palazzo\/#primaryimage","inLanguage":"it-IT","url":"https:\/\/arteeluoghi.it\/wp-content\/uploads\/2021\/09\/dimora-muratore.jpeg","contentUrl":"https:\/\/arteeluoghi.it\/wp-content\/uploads\/2021\/09\/dimora-muratore.jpeg","width":1024,"height":683},{"@type":"WebPage","@id":"https:\/\/arteeluoghi.it\/index.php\/2021\/09\/14\/letteratura-a-palazzo\/#webpage","url":"https:\/\/arteeluoghi.it\/index.php\/2021\/09\/14\/letteratura-a-palazzo\/","name":"Letteratura a Palazzo | Arte e Luoghi","isPartOf":{"@id":"https:\/\/arteeluoghi.it\/#website"},"primaryImageOfPage":{"@id":"https:\/\/arteeluoghi.it\/index.php\/2021\/09\/14\/letteratura-a-palazzo\/#primaryimage"},"datePublished":"2021-09-13T22:04:40+00:00","dateModified":"2021-09-13T22:10:42+00:00","description":"Lettura e dialoghi sulla figura e l\u2019opera dell\u2019artista tratti dalla biografia Vita di Carmelo Bene scritta con il giornalista Giancarlo Dotto","breadcrumb":{"@id":"https:\/\/arteeluoghi.it\/index.php\/2021\/09\/14\/letteratura-a-palazzo\/#breadcrumb"},"inLanguage":"it-IT","potentialAction":[{"@type":"ReadAction","target":["https:\/\/arteeluoghi.it\/index.php\/2021\/09\/14\/letteratura-a-palazzo\/"]}]},{"@type":"BreadcrumbList","@id":"https:\/\/arteeluoghi.it\/index.php\/2021\/09\/14\/letteratura-a-palazzo\/#breadcrumb","itemListElement":[{"@type":"ListItem","position":1,"name":"Home","item":"https:\/\/arteeluoghi.it\/"},{"@type":"ListItem","position":2,"name":"Letteratura a Palazzo"}]},{"@type":"Article","@id":"https:\/\/arteeluoghi.it\/index.php\/2021\/09\/14\/letteratura-a-palazzo\/#article","isPartOf":{"@id":"https:\/\/arteeluoghi.it\/index.php\/2021\/09\/14\/letteratura-a-palazzo\/#webpage"},"author":{"@id":"https:\/\/arteeluoghi.it\/#\/schema\/person\/f84e814e36e91e01448ee07eaadd41d4"},"headline":"Letteratura a Palazzo","datePublished":"2021-09-13T22:04:40+00:00","dateModified":"2021-09-13T22:10:42+00:00","mainEntityOfPage":{"@id":"https:\/\/arteeluoghi.it\/index.php\/2021\/09\/14\/letteratura-a-palazzo\/#webpage"},"wordCount":248,"commentCount":0,"publisher":{"@id":"https:\/\/arteeluoghi.it\/#organization"},"image":{"@id":"https:\/\/arteeluoghi.it\/index.php\/2021\/09\/14\/letteratura-a-palazzo\/#primaryimage"},"thumbnailUrl":"https:\/\/arteeluoghi.it\/wp-content\/uploads\/2021\/09\/dimora-muratore.jpeg","keywords":["Carmelo Bene","Centro Studi Phon\u00e9","Dimra Muratore","Gabriella Pappad\u00e0","letteratura","Rosa Anna Valletta","Simone Franco","Societ\u00e0. Dante Alighieri","Universit\u00e0 Popolare Aldo Vallone"],"articleSection":["LIBRI","teatro"],"inLanguage":"it-IT","potentialAction":[{"@type":"CommentAction","name":"Comment","target":["https:\/\/arteeluoghi.it\/index.php\/2021\/09\/14\/letteratura-a-palazzo\/#respond"]}]},{"@type":"Person","@id":"https:\/\/arteeluoghi.it\/#\/schema\/person\/f84e814e36e91e01448ee07eaadd41d4","name":"Staff","image":{"@type":"ImageObject","@id":"https:\/\/arteeluoghi.it\/#personlogo","inLanguage":"it-IT","url":"https:\/\/secure.gravatar.com\/avatar\/49d2f9e46271bb04e19cebfaf141313a?s=96&d=blank&r=g","contentUrl":"https:\/\/secure.gravatar.com\/avatar\/49d2f9e46271bb04e19cebfaf141313a?s=96&d=blank&r=g","caption":"Staff"}}]}},"_links":{"self":[{"href":"https:\/\/arteeluoghi.it\/index.php\/wp-json\/wp\/v2\/posts\/10352"}],"collection":[{"href":"https:\/\/arteeluoghi.it\/index.php\/wp-json\/wp\/v2\/posts"}],"about":[{"href":"https:\/\/arteeluoghi.it\/index.php\/wp-json\/wp\/v2\/types\/post"}],"author":[{"embeddable":true,"href":"https:\/\/arteeluoghi.it\/index.php\/wp-json\/wp\/v2\/users\/1"}],"replies":[{"embeddable":true,"href":"https:\/\/arteeluoghi.it\/index.php\/wp-json\/wp\/v2\/comments?post=10352"}],"version-history":[{"count":2,"href":"https:\/\/arteeluoghi.it\/index.php\/wp-json\/wp\/v2\/posts\/10352\/revisions"}],"predecessor-version":[{"id":10356,"href":"https:\/\/arteeluoghi.it\/index.php\/wp-json\/wp\/v2\/posts\/10352\/revisions\/10356"}],"wp:featuredmedia":[{"embeddable":true,"href":"https:\/\/arteeluoghi.it\/index.php\/wp-json\/wp\/v2\/media\/10354"}],"wp:attachment":[{"href":"https:\/\/arteeluoghi.it\/index.php\/wp-json\/wp\/v2\/media?parent=10352"}],"wp:term":[{"taxonomy":"category","embeddable":true,"href":"https:\/\/arteeluoghi.it\/index.php\/wp-json\/wp\/v2\/categories?post=10352"},{"taxonomy":"post_tag","embeddable":true,"href":"https:\/\/arteeluoghi.it\/index.php\/wp-json\/wp\/v2\/tags?post=10352"}],"curies":[{"name":"wp","href":"https:\/\/api.w.org\/{rel}","templated":true}]}}