{"id":10358,"date":"2021-09-12T00:24:00","date_gmt":"2021-09-11T22:24:00","guid":{"rendered":"https:\/\/arteeluoghi.it\/?p=10358"},"modified":"2021-09-14T00:31:01","modified_gmt":"2021-09-13T22:31:01","slug":"buon-compleanno-ezio","status":"publish","type":"post","link":"https:\/\/arteeluoghi.it\/index.php\/2021\/09\/12\/buon-compleanno-ezio\/","title":{"rendered":"Buon compleanno Ezio"},"content":{"rendered":"\n<blockquote class=\"wp-block-quote\"><p>\u201cLa musica magica\u201d di Oscar Giammarinaro\u00a0per festeggiare il compleanno Ezio Bosso<\/p><\/blockquote>\n\n\n\n<p>Luned\u00ec 13 settembre\u00a0Ezio Bosso avrebbe compiuto 50 anni, cos\u00ec\u00a0Oscar Giammarinaro, meglio conosciuto come\u00a0oSKAr gi\u00e0 leader della storica band mod torinese Statuto, pubblica un\u00a0inedito per festeggiare il suo compleanno.<\/p>\n\n\n\n<!--more-->\n\n\n\n<p>\u201c<strong>La musica magica<\/strong>\u201d \u00e8 il nuovo\u00a0<strong>singolo<\/strong>\u00a0e\u00a0<strong>videoclip<\/strong>\u00a0di Oscar Giammarinaro, da\u00a0luned\u00ec 13 settembre in tutte le piattaforme digitali distribuito da\u00a0<strong>Universal<\/strong>, proprio dedicato\u00a0<strong>all\u2019amico fraterno ed ex bassista degli Statuto Ezio Bosso prematuramente scomparso<\/strong>\u00a0lo scorso anno.<\/p>\n\n\n\n<p>La canzone composta nel 2019 e presentata all\u2019ultimo Festival di Sanremo, era stata apprezzata dallo stesso Bosso prima della sua morte: \u201c<em>Avevo scritto una canzone per \u201cXico\u201d&nbsp;<\/em>&#8211;<strong>commenta Oscar<\/strong>-,&nbsp;<em>(questo il soprannome affettuoso con il quale i mod di piazza Statuto hanno sempre chiamato Bosso), come regalo per il suo compleanno, a lui era piaciuta molto, al punto che avevo pensato di proporla al Festival di Sanremo. Ezio mi disse che se il brano fosse stato scelto, l\u2019avrebbe arrangiato lui stesso per l\u2019orchestra. A maggio per\u00f2, Xico ci ha lasciati e la canzone \u00e8 rimasta l\u00ec, come una nostra foto, bella e struggente nello stesso tempo<\/em>\u201d. Da qui la decisione di provare il Festival e ora di pubblicarla per rendere omaggio alla memoria del musicista, ma, anche all\u2019<strong>amico con il quale ha condiviso l\u2019amore per la cultura mod<\/strong>.<\/p>\n\n\n\n<p>Nel&nbsp;<strong>videoclip<\/strong>&nbsp;<strong>realizzato da Erika Grosso<\/strong>, le note e le parole di Oscar scorrono sullo sfondo di una&nbsp;<strong>Torino<\/strong>&nbsp;autunnale tra&nbsp;<strong>sonorit\u00e0 cool jazz e pop soul<\/strong>. I protagonisti della storia sono interpretati dai&nbsp;<strong>fratelli Julian e Zak Loggia<\/strong>&nbsp;(figli di Alex, storico chitarrista degli Statuto e componenti della band \u201cOmini\u201d&nbsp;che stanno per pubblicare il loro nuovo singolo), rispettivamente nei panni di giovanissimi Ezio e Oscar. Avanti e indietro per la citt\u00e0, che per un attimo ritorna a quegli&nbsp;<strong>Anni \u201980 che fecero da sfondo al loro sodalizio<\/strong>, i due ragazzi si divertono a suonare e cantare condividendo quella passione per la musica che \u00e8 stata alla base della loro amicizia e delle loro rispettive carriere. Tra pianoforti, spartiti e contrabbassi le scene si concludono al giardino di&nbsp;<strong>piazza Statuto<\/strong>, che da pochi mesi, porta proprio il nome di Ezio Bosso.&nbsp;<\/p>\n\n\n\n<p>Tutti i diritti d&#8217;autore del testo saranno devoluti in\u00a0<strong>beneficenza<\/strong>\u00a0a\u00a0<strong>Radio Parkies &#8211; Associazione Italiana Giovani Parkinsoniani<\/strong>, realt\u00e0 internazionale gi\u00e0 supportata da Bosso negli ultimi mesi di vita.\u00a0\u00a0<\/p>\n\n\n\n<figure class=\"wp-block-embed is-type-video is-provider-youtube wp-block-embed-youtube wp-embed-aspect-16-9 wp-has-aspect-ratio\"><div class=\"wp-block-embed__wrapper\">\n<iframe loading=\"lazy\" title=\"OSCAR GIAMMARINARO &quot;LA MUSICA MAGICA&quot;\" width=\"800\" height=\"450\" src=\"https:\/\/www.youtube.com\/embed\/dsi1HfvnOO0?feature=oembed\" frameborder=\"0\" allow=\"accelerometer; autoplay; clipboard-write; encrypted-media; gyroscope; picture-in-picture\" allowfullscreen><\/iframe>\n<\/div><\/figure>\n\n\n\n<p>Il nuovo singolo sar\u00e0 presentato dal vivo nei prossimi giorni in&nbsp;<strong>tre incontri dedicati<\/strong>:<\/p>\n\n\n\n<p><strong>marted\u00ec 14 settembre<\/strong>&nbsp;ore 21, presso Il Circolo dei Lettori&nbsp;<strong>Torino<\/strong><\/p>\n\n\n\n<p><strong>mercoled\u00ec 15 settembre<\/strong>&nbsp;ore 19.30, presso Gallery16&nbsp;<strong>Bologna<\/strong><\/p>\n\n\n\n<p><strong>domenica 3 ottobre<\/strong>\u00a0ore 21, presso Arci Bellezza\u00a0<strong>Milano<\/strong><\/p>\n\n\n\n<p>(fonte comunicato stampa)<\/p>\n","protected":false},"excerpt":{"rendered":"<p>\u201cLa musica magica\u201d di Oscar Giammarinaro\u00a0per festeggiare il compleanno Ezio Bosso Luned\u00ec 13 settembre\u00a0Ezio Bosso avrebbe compiuto 50 anni, cos\u00ec\u00a0Oscar<\/p>\n","protected":false},"author":1,"featured_media":10359,"comment_status":"open","ping_status":"open","sticky":true,"template":"","format":"standard","meta":[],"categories":[12],"tags":[],"yoast_head":"<!-- This site is optimized with the Yoast SEO plugin v18.0 - https:\/\/yoast.com\/wordpress\/plugins\/seo\/ -->\n<title>Buon compleanno Ezio | Arte e Luoghi<\/title>\n<meta name=\"description\" content=\"\u201cLa musica magica\u201d di Oscar Giammarinaro per festeggiare il compleanno Ezio Bosso\" \/>\n<meta name=\"robots\" content=\"index, follow, max-snippet:-1, max-image-preview:large, max-video-preview:-1\" \/>\n<link rel=\"canonical\" href=\"https:\/\/arteeluoghi.it\/index.php\/2021\/09\/12\/buon-compleanno-ezio\/\" \/>\n<meta property=\"og:locale\" content=\"it_IT\" \/>\n<meta property=\"og:type\" content=\"article\" \/>\n<meta property=\"og:title\" content=\"Buon compleanno Ezio | Arte e Luoghi\" \/>\n<meta property=\"og:description\" content=\"\u201cLa musica magica\u201d di Oscar Giammarinaro per festeggiare il compleanno Ezio Bosso\" \/>\n<meta property=\"og:url\" content=\"https:\/\/arteeluoghi.it\/index.php\/2021\/09\/12\/buon-compleanno-ezio\/\" \/>\n<meta property=\"og:site_name\" content=\"Arte e Luoghi\" \/>\n<meta property=\"article:publisher\" content=\"https:\/\/www.facebook.com\/ArteELuoghi\/\" \/>\n<meta property=\"article:published_time\" content=\"2021-09-11T22:24:00+00:00\" \/>\n<meta property=\"article:modified_time\" content=\"2021-09-13T22:31:01+00:00\" \/>\n<meta property=\"og:image\" content=\"https:\/\/arteeluoghi.it\/wp-content\/uploads\/2021\/09\/Ezio-Bosso-e-Oscar.jpg\" \/>\n\t<meta property=\"og:image:width\" content=\"1668\" \/>\n\t<meta property=\"og:image:height\" content=\"1128\" \/>\n\t<meta property=\"og:image:type\" content=\"image\/jpeg\" \/>\n<meta name=\"twitter:card\" content=\"summary\" \/>\n<meta name=\"twitter:creator\" content=\"@arteeluoghi\" \/>\n<meta name=\"twitter:site\" content=\"@arteeluoghi\" \/>\n<meta name=\"twitter:label1\" content=\"Scritto da\" \/>\n\t<meta name=\"twitter:data1\" content=\"Staff\" \/>\n\t<meta name=\"twitter:label2\" content=\"Tempo di lettura stimato\" \/>\n\t<meta name=\"twitter:data2\" content=\"2 minuti\" \/>\n<script type=\"application\/ld+json\" class=\"yoast-schema-graph\">{\"@context\":\"https:\/\/schema.org\",\"@graph\":[{\"@type\":\"Organization\",\"@id\":\"https:\/\/arteeluoghi.it\/#organization\",\"name\":\"Arte e Luoghi\",\"url\":\"https:\/\/arteeluoghi.it\/\",\"sameAs\":[\"https:\/\/www.facebook.com\/ArteELuoghi\/\",\"https:\/\/www.instagram.com\/arteeluoghi\/?hl=it\",\"https:\/\/www.youtube.com\/channel\/UCuRVc4JW4-C5sg9rQB-srkw?view_as=subscriber\",\"https:\/\/twitter.com\/arteeluoghi\"],\"logo\":{\"@type\":\"ImageObject\",\"@id\":\"https:\/\/arteeluoghi.it\/#logo\",\"inLanguage\":\"it-IT\",\"url\":\"https:\/\/arteeluoghi.it\/wp-content\/uploads\/2018\/08\/logoinstagramarte.jpg\",\"contentUrl\":\"https:\/\/arteeluoghi.it\/wp-content\/uploads\/2018\/08\/logoinstagramarte.jpg\",\"width\":150,\"height\":150,\"caption\":\"Arte e Luoghi\"},\"image\":{\"@id\":\"https:\/\/arteeluoghi.it\/#logo\"}},{\"@type\":\"WebSite\",\"@id\":\"https:\/\/arteeluoghi.it\/#website\",\"url\":\"https:\/\/arteeluoghi.it\/\",\"name\":\"Arte e Luoghi\",\"description\":\"Mensile di arte, cultura, turismo e curiosit\u00e0\",\"publisher\":{\"@id\":\"https:\/\/arteeluoghi.it\/#organization\"},\"potentialAction\":[{\"@type\":\"SearchAction\",\"target\":{\"@type\":\"EntryPoint\",\"urlTemplate\":\"https:\/\/arteeluoghi.it\/?s={search_term_string}\"},\"query-input\":\"required name=search_term_string\"}],\"inLanguage\":\"it-IT\"},{\"@type\":\"ImageObject\",\"@id\":\"https:\/\/arteeluoghi.it\/index.php\/2021\/09\/12\/buon-compleanno-ezio\/#primaryimage\",\"inLanguage\":\"it-IT\",\"url\":\"https:\/\/arteeluoghi.it\/wp-content\/uploads\/2021\/09\/Ezio-Bosso-e-Oscar.jpg\",\"contentUrl\":\"https:\/\/arteeluoghi.it\/wp-content\/uploads\/2021\/09\/Ezio-Bosso-e-Oscar.jpg\",\"width\":1668,\"height\":1128},{\"@type\":\"WebPage\",\"@id\":\"https:\/\/arteeluoghi.it\/index.php\/2021\/09\/12\/buon-compleanno-ezio\/#webpage\",\"url\":\"https:\/\/arteeluoghi.it\/index.php\/2021\/09\/12\/buon-compleanno-ezio\/\",\"name\":\"Buon compleanno Ezio | Arte e Luoghi\",\"isPartOf\":{\"@id\":\"https:\/\/arteeluoghi.it\/#website\"},\"primaryImageOfPage\":{\"@id\":\"https:\/\/arteeluoghi.it\/index.php\/2021\/09\/12\/buon-compleanno-ezio\/#primaryimage\"},\"datePublished\":\"2021-09-11T22:24:00+00:00\",\"dateModified\":\"2021-09-13T22:31:01+00:00\",\"description\":\"\u201cLa musica magica\u201d di Oscar Giammarinaro per festeggiare il compleanno Ezio Bosso\",\"breadcrumb\":{\"@id\":\"https:\/\/arteeluoghi.it\/index.php\/2021\/09\/12\/buon-compleanno-ezio\/#breadcrumb\"},\"inLanguage\":\"it-IT\",\"potentialAction\":[{\"@type\":\"ReadAction\",\"target\":[\"https:\/\/arteeluoghi.it\/index.php\/2021\/09\/12\/buon-compleanno-ezio\/\"]}]},{\"@type\":\"BreadcrumbList\",\"@id\":\"https:\/\/arteeluoghi.it\/index.php\/2021\/09\/12\/buon-compleanno-ezio\/#breadcrumb\",\"itemListElement\":[{\"@type\":\"ListItem\",\"position\":1,\"name\":\"Home\",\"item\":\"https:\/\/arteeluoghi.it\/\"},{\"@type\":\"ListItem\",\"position\":2,\"name\":\"Buon compleanno Ezio\"}]},{\"@type\":\"Article\",\"@id\":\"https:\/\/arteeluoghi.it\/index.php\/2021\/09\/12\/buon-compleanno-ezio\/#article\",\"isPartOf\":{\"@id\":\"https:\/\/arteeluoghi.it\/index.php\/2021\/09\/12\/buon-compleanno-ezio\/#webpage\"},\"author\":{\"@id\":\"https:\/\/arteeluoghi.it\/#\/schema\/person\/f84e814e36e91e01448ee07eaadd41d4\"},\"headline\":\"Buon compleanno Ezio\",\"datePublished\":\"2021-09-11T22:24:00+00:00\",\"dateModified\":\"2021-09-13T22:31:01+00:00\",\"mainEntityOfPage\":{\"@id\":\"https:\/\/arteeluoghi.it\/index.php\/2021\/09\/12\/buon-compleanno-ezio\/#webpage\"},\"wordCount\":459,\"commentCount\":0,\"publisher\":{\"@id\":\"https:\/\/arteeluoghi.it\/#organization\"},\"image\":{\"@id\":\"https:\/\/arteeluoghi.it\/index.php\/2021\/09\/12\/buon-compleanno-ezio\/#primaryimage\"},\"thumbnailUrl\":\"https:\/\/arteeluoghi.it\/wp-content\/uploads\/2021\/09\/Ezio-Bosso-e-Oscar.jpg\",\"articleSection\":[\"MUSICA\"],\"inLanguage\":\"it-IT\",\"potentialAction\":[{\"@type\":\"CommentAction\",\"name\":\"Comment\",\"target\":[\"https:\/\/arteeluoghi.it\/index.php\/2021\/09\/12\/buon-compleanno-ezio\/#respond\"]}]},{\"@type\":\"Person\",\"@id\":\"https:\/\/arteeluoghi.it\/#\/schema\/person\/f84e814e36e91e01448ee07eaadd41d4\",\"name\":\"Staff\",\"image\":{\"@type\":\"ImageObject\",\"@id\":\"https:\/\/arteeluoghi.it\/#personlogo\",\"inLanguage\":\"it-IT\",\"url\":\"https:\/\/secure.gravatar.com\/avatar\/49d2f9e46271bb04e19cebfaf141313a?s=96&d=blank&r=g\",\"contentUrl\":\"https:\/\/secure.gravatar.com\/avatar\/49d2f9e46271bb04e19cebfaf141313a?s=96&d=blank&r=g\",\"caption\":\"Staff\"}}]}<\/script>\n<!-- \/ Yoast SEO plugin. -->","yoast_head_json":{"title":"Buon compleanno Ezio | Arte e Luoghi","description":"\u201cLa musica magica\u201d di Oscar Giammarinaro per festeggiare il compleanno Ezio Bosso","robots":{"index":"index","follow":"follow","max-snippet":"max-snippet:-1","max-image-preview":"max-image-preview:large","max-video-preview":"max-video-preview:-1"},"canonical":"https:\/\/arteeluoghi.it\/index.php\/2021\/09\/12\/buon-compleanno-ezio\/","og_locale":"it_IT","og_type":"article","og_title":"Buon compleanno Ezio | Arte e Luoghi","og_description":"\u201cLa musica magica\u201d di Oscar Giammarinaro per festeggiare il compleanno Ezio Bosso","og_url":"https:\/\/arteeluoghi.it\/index.php\/2021\/09\/12\/buon-compleanno-ezio\/","og_site_name":"Arte e Luoghi","article_publisher":"https:\/\/www.facebook.com\/ArteELuoghi\/","article_published_time":"2021-09-11T22:24:00+00:00","article_modified_time":"2021-09-13T22:31:01+00:00","og_image":[{"width":1668,"height":1128,"url":"https:\/\/arteeluoghi.it\/wp-content\/uploads\/2021\/09\/Ezio-Bosso-e-Oscar.jpg","type":"image\/jpeg"}],"twitter_card":"summary","twitter_creator":"@arteeluoghi","twitter_site":"@arteeluoghi","twitter_misc":{"Scritto da":"Staff","Tempo di lettura stimato":"2 minuti"},"schema":{"@context":"https:\/\/schema.org","@graph":[{"@type":"Organization","@id":"https:\/\/arteeluoghi.it\/#organization","name":"Arte e Luoghi","url":"https:\/\/arteeluoghi.it\/","sameAs":["https:\/\/www.facebook.com\/ArteELuoghi\/","https:\/\/www.instagram.com\/arteeluoghi\/?hl=it","https:\/\/www.youtube.com\/channel\/UCuRVc4JW4-C5sg9rQB-srkw?view_as=subscriber","https:\/\/twitter.com\/arteeluoghi"],"logo":{"@type":"ImageObject","@id":"https:\/\/arteeluoghi.it\/#logo","inLanguage":"it-IT","url":"https:\/\/arteeluoghi.it\/wp-content\/uploads\/2018\/08\/logoinstagramarte.jpg","contentUrl":"https:\/\/arteeluoghi.it\/wp-content\/uploads\/2018\/08\/logoinstagramarte.jpg","width":150,"height":150,"caption":"Arte e Luoghi"},"image":{"@id":"https:\/\/arteeluoghi.it\/#logo"}},{"@type":"WebSite","@id":"https:\/\/arteeluoghi.it\/#website","url":"https:\/\/arteeluoghi.it\/","name":"Arte e Luoghi","description":"Mensile di arte, cultura, turismo e curiosit\u00e0","publisher":{"@id":"https:\/\/arteeluoghi.it\/#organization"},"potentialAction":[{"@type":"SearchAction","target":{"@type":"EntryPoint","urlTemplate":"https:\/\/arteeluoghi.it\/?s={search_term_string}"},"query-input":"required name=search_term_string"}],"inLanguage":"it-IT"},{"@type":"ImageObject","@id":"https:\/\/arteeluoghi.it\/index.php\/2021\/09\/12\/buon-compleanno-ezio\/#primaryimage","inLanguage":"it-IT","url":"https:\/\/arteeluoghi.it\/wp-content\/uploads\/2021\/09\/Ezio-Bosso-e-Oscar.jpg","contentUrl":"https:\/\/arteeluoghi.it\/wp-content\/uploads\/2021\/09\/Ezio-Bosso-e-Oscar.jpg","width":1668,"height":1128},{"@type":"WebPage","@id":"https:\/\/arteeluoghi.it\/index.php\/2021\/09\/12\/buon-compleanno-ezio\/#webpage","url":"https:\/\/arteeluoghi.it\/index.php\/2021\/09\/12\/buon-compleanno-ezio\/","name":"Buon compleanno Ezio | Arte e Luoghi","isPartOf":{"@id":"https:\/\/arteeluoghi.it\/#website"},"primaryImageOfPage":{"@id":"https:\/\/arteeluoghi.it\/index.php\/2021\/09\/12\/buon-compleanno-ezio\/#primaryimage"},"datePublished":"2021-09-11T22:24:00+00:00","dateModified":"2021-09-13T22:31:01+00:00","description":"\u201cLa musica magica\u201d di Oscar Giammarinaro per festeggiare il compleanno Ezio Bosso","breadcrumb":{"@id":"https:\/\/arteeluoghi.it\/index.php\/2021\/09\/12\/buon-compleanno-ezio\/#breadcrumb"},"inLanguage":"it-IT","potentialAction":[{"@type":"ReadAction","target":["https:\/\/arteeluoghi.it\/index.php\/2021\/09\/12\/buon-compleanno-ezio\/"]}]},{"@type":"BreadcrumbList","@id":"https:\/\/arteeluoghi.it\/index.php\/2021\/09\/12\/buon-compleanno-ezio\/#breadcrumb","itemListElement":[{"@type":"ListItem","position":1,"name":"Home","item":"https:\/\/arteeluoghi.it\/"},{"@type":"ListItem","position":2,"name":"Buon compleanno Ezio"}]},{"@type":"Article","@id":"https:\/\/arteeluoghi.it\/index.php\/2021\/09\/12\/buon-compleanno-ezio\/#article","isPartOf":{"@id":"https:\/\/arteeluoghi.it\/index.php\/2021\/09\/12\/buon-compleanno-ezio\/#webpage"},"author":{"@id":"https:\/\/arteeluoghi.it\/#\/schema\/person\/f84e814e36e91e01448ee07eaadd41d4"},"headline":"Buon compleanno Ezio","datePublished":"2021-09-11T22:24:00+00:00","dateModified":"2021-09-13T22:31:01+00:00","mainEntityOfPage":{"@id":"https:\/\/arteeluoghi.it\/index.php\/2021\/09\/12\/buon-compleanno-ezio\/#webpage"},"wordCount":459,"commentCount":0,"publisher":{"@id":"https:\/\/arteeluoghi.it\/#organization"},"image":{"@id":"https:\/\/arteeluoghi.it\/index.php\/2021\/09\/12\/buon-compleanno-ezio\/#primaryimage"},"thumbnailUrl":"https:\/\/arteeluoghi.it\/wp-content\/uploads\/2021\/09\/Ezio-Bosso-e-Oscar.jpg","articleSection":["MUSICA"],"inLanguage":"it-IT","potentialAction":[{"@type":"CommentAction","name":"Comment","target":["https:\/\/arteeluoghi.it\/index.php\/2021\/09\/12\/buon-compleanno-ezio\/#respond"]}]},{"@type":"Person","@id":"https:\/\/arteeluoghi.it\/#\/schema\/person\/f84e814e36e91e01448ee07eaadd41d4","name":"Staff","image":{"@type":"ImageObject","@id":"https:\/\/arteeluoghi.it\/#personlogo","inLanguage":"it-IT","url":"https:\/\/secure.gravatar.com\/avatar\/49d2f9e46271bb04e19cebfaf141313a?s=96&d=blank&r=g","contentUrl":"https:\/\/secure.gravatar.com\/avatar\/49d2f9e46271bb04e19cebfaf141313a?s=96&d=blank&r=g","caption":"Staff"}}]}},"_links":{"self":[{"href":"https:\/\/arteeluoghi.it\/index.php\/wp-json\/wp\/v2\/posts\/10358"}],"collection":[{"href":"https:\/\/arteeluoghi.it\/index.php\/wp-json\/wp\/v2\/posts"}],"about":[{"href":"https:\/\/arteeluoghi.it\/index.php\/wp-json\/wp\/v2\/types\/post"}],"author":[{"embeddable":true,"href":"https:\/\/arteeluoghi.it\/index.php\/wp-json\/wp\/v2\/users\/1"}],"replies":[{"embeddable":true,"href":"https:\/\/arteeluoghi.it\/index.php\/wp-json\/wp\/v2\/comments?post=10358"}],"version-history":[{"count":2,"href":"https:\/\/arteeluoghi.it\/index.php\/wp-json\/wp\/v2\/posts\/10358\/revisions"}],"predecessor-version":[{"id":10362,"href":"https:\/\/arteeluoghi.it\/index.php\/wp-json\/wp\/v2\/posts\/10358\/revisions\/10362"}],"wp:featuredmedia":[{"embeddable":true,"href":"https:\/\/arteeluoghi.it\/index.php\/wp-json\/wp\/v2\/media\/10359"}],"wp:attachment":[{"href":"https:\/\/arteeluoghi.it\/index.php\/wp-json\/wp\/v2\/media?parent=10358"}],"wp:term":[{"taxonomy":"category","embeddable":true,"href":"https:\/\/arteeluoghi.it\/index.php\/wp-json\/wp\/v2\/categories?post=10358"},{"taxonomy":"post_tag","embeddable":true,"href":"https:\/\/arteeluoghi.it\/index.php\/wp-json\/wp\/v2\/tags?post=10358"}],"curies":[{"name":"wp","href":"https:\/\/api.w.org\/{rel}","templated":true}]}}