{"id":1042,"date":"2013-02-19T18:29:08","date_gmt":"2013-02-19T17:29:08","guid":{"rendered":"http:\/\/arteeluoghi.it\/index.php\/2013\/02\/19\/al-nuovo-cinema-paradiso-di-melendugno\/"},"modified":"2013-02-19T18:29:08","modified_gmt":"2013-02-19T17:29:08","slug":"al-nuovo-cinema-paradiso-di-melendugno","status":"publish","type":"post","link":"https:\/\/arteeluoghi.it\/index.php\/2013\/02\/19\/al-nuovo-cinema-paradiso-di-melendugno\/","title":{"rendered":"Al Nuovo Cinema Paradiso di Melendugno"},"content":{"rendered":"<p style=\"text-align: left;\" align=\"center\"><img src=\"\/images\/stories\/rinadurante%204.jpg\" border=\"0\" title=\"La scrittrice Rina Durante\" width=\"300\" style=\"margin: 21px; float: right;\" \/>Al Nuovo Cinema Paradiso di Melendugno mercoled\u00ec 20 febbraio. Sipario alle 21<strong><strong><br \/><\/strong><\/strong><\/p>\n<p style=\"text-align: left;\" align=\"center\"><strong><span style=\"font-size: small;\">Ballata Salentina<\/span> <\/strong><\/p>\n<p style=\"text-align: left;\" align=\"center\"><strong>\u00a0<\/strong><\/p>\n<p style=\"text-align: left;\" align=\"center\"><strong>\u00a0<\/strong><\/p>\n<p style=\"text-align: left;\" align=\"center\">Uno spettacolo che tra parole e musica evoca storici ricordi e nuove suggestioni. E&#8217;\u00a0<strong>Ballata Salentina<\/strong>, l\u2019opera teatrale di <strong>Rina Durante<\/strong>,\u00a0 che la compagnia Scenastudio ha riportato sul palcoscenico.\u00a0Dopo Vernole e Strud\u00e0 non poteva mancare una replica al Nuovo Cinema Paradiso di Melendugno, citt\u00e0 natale di una delle voci pi\u00f9 importanti del panorama culturale salentino.<\/p>\n<p>  <!--more-->  <\/p>\n<p style=\"text-align: left;\" align=\"center\">\u00a0<\/p>\n<p>\u00c8 la storia tragicomica di quattro musici otrantini, travolti dall\u2019improvviso sbarco dei turchi e costretti a trasformarsi in soldati (contrabbandieri) leoni, e persino eroi, disposti a tutto pur di non essere fatti santi. Quanto mai attuale, in vista della santificazione dei martiri idruntini, la \u201cBallata Salentina\u201d, spettacolo scritto nei primi anni \u201980 da Rina Durante, rivive in tutta la sua popolarissima magia in scena, nella riduzione e adattamento di Antonio De Carlo e Fabio Chiriatti. Fa il suo esordio sul palcoscenico lo spettacolo di Scenastudio, che riprende in mano il testo, riascolta musiche e canzoni per riproporle ancora bellissime e intrise di vera poesia, adeguando tutto alla nuova sensibilit\u00e0 del pubblico e aggiornando l\u2019impianto narrativo con una nuova drammaturgia. La struttura musicale, vera e propria ballata polare, riporta alla lunga esperienza etnomusicale di Daniele Durante, rinnovata nel gusto contemporaneo con l\u2019aggiunta di nuovi musicisti, nuovi strumenti musicali e nuove atmosfere.<\/p>\n<p>E cos\u00ec le canzoni si riappropriano della loro capacit\u00e0 evocativa di storie vissute e ancora vive, di innamoramenti e stati d\u2019animo, di umani sguardi, scevri di retorica, al cielo. La musica in primo piano, non solo ascoltabile ma visibile, concreto strumento popolare per raccontare ci\u00f2 che l\u2019uomo spesso non riesce a raccontare con le sole parole.<\/p>\n<p><em>Ballata Salentina<\/em>\u00e8 un importante progetto voluto dall\u2019Amministrazione della citt\u00e0 di Vernole, dall\u2019Associazione Scenastudio e sostenuto dalla Regione Puglia.<\/p>\n<p><strong>Antonio De Carlo e Fabio Chiriatti<\/strong> hanno curato la riduzione e l\u2019 adattamento del testo, la regia \u00e8 l\u2019allestimento scenico\u00a0 \u00e8 di Antonio De Carlo, le musiche di <strong>Daniele Durante<\/strong>, i testi delle canzoni <strong>di Rina Durante, Daniele Durante e\u00a0 Anonimi .<\/strong><\/p>\n<p>Uno spettacolo con Daniele Durante (chitarra e voce), Francesca Della Monaca (voce), Luigi Bubbico (tastiere), Nico Berardi (fiati, plettri, fisarmonica), Marco Poeta (chitarra portoghese), Naike Anna Silipo e Maurizio D\u2019Anna (voci recitanti).<\/p>\n<p>(fonte: comunicato stampa)<\/p>\n<p><strong>\u00a0<\/strong><\/p>\n<p>\u00a0<\/p>\n<p><strong>Biglietti <\/strong>\u20ac 10,00 (\u20ac 8,00 per gli abbonati alla stagione teatrale).<\/p>\n<p><strong>Info:<\/strong> 0832\/834401 \u2013 338 3169702<\/p>\n","protected":false},"excerpt":{"rendered":"<p>Al Nuovo Cinema Paradiso di Melendugno mercoled\u00ec 20 febbraio. Sipario alle 21 Ballata Salentina \u00a0 \u00a0 Uno spettacolo che tra<\/p>\n","protected":false},"author":1,"featured_media":0,"comment_status":"open","ping_status":"open","sticky":false,"template":"","format":"standard","meta":[],"categories":[13],"tags":[],"yoast_head":"<!-- This site is optimized with the Yoast SEO plugin v18.0 - https:\/\/yoast.com\/wordpress\/plugins\/seo\/ -->\n<title>Al Nuovo Cinema Paradiso di Melendugno | Arte e Luoghi<\/title>\n<meta name=\"robots\" content=\"index, follow, max-snippet:-1, max-image-preview:large, max-video-preview:-1\" \/>\n<link rel=\"canonical\" href=\"https:\/\/arteeluoghi.it\/index.php\/2013\/02\/19\/al-nuovo-cinema-paradiso-di-melendugno\/\" \/>\n<meta property=\"og:locale\" content=\"it_IT\" \/>\n<meta property=\"og:type\" content=\"article\" \/>\n<meta property=\"og:title\" content=\"Al Nuovo Cinema Paradiso di Melendugno | Arte e Luoghi\" \/>\n<meta property=\"og:description\" content=\"Al Nuovo Cinema Paradiso di Melendugno mercoled\u00ec 20 febbraio. Sipario alle 21 Ballata Salentina \u00a0 \u00a0 Uno spettacolo che tra\" \/>\n<meta property=\"og:url\" content=\"https:\/\/arteeluoghi.it\/index.php\/2013\/02\/19\/al-nuovo-cinema-paradiso-di-melendugno\/\" \/>\n<meta property=\"og:site_name\" content=\"Arte e Luoghi\" \/>\n<meta property=\"article:publisher\" content=\"https:\/\/www.facebook.com\/ArteELuoghi\/\" \/>\n<meta property=\"article:published_time\" content=\"2013-02-19T17:29:08+00:00\" \/>\n<meta property=\"og:image\" content=\"https:\/\/arteeluoghi.it\/images\/stories\/rinadurante%204.jpg\" \/>\n<meta name=\"twitter:card\" content=\"summary\" \/>\n<meta name=\"twitter:creator\" content=\"@arteeluoghi\" \/>\n<meta name=\"twitter:site\" content=\"@arteeluoghi\" \/>\n<meta name=\"twitter:label1\" content=\"Scritto da\" \/>\n\t<meta name=\"twitter:data1\" content=\"Staff\" \/>\n\t<meta name=\"twitter:label2\" content=\"Tempo di lettura stimato\" \/>\n\t<meta name=\"twitter:data2\" content=\"2 minuti\" \/>\n<script type=\"application\/ld+json\" class=\"yoast-schema-graph\">{\"@context\":\"https:\/\/schema.org\",\"@graph\":[{\"@type\":\"Organization\",\"@id\":\"https:\/\/arteeluoghi.it\/#organization\",\"name\":\"Arte e Luoghi\",\"url\":\"https:\/\/arteeluoghi.it\/\",\"sameAs\":[\"https:\/\/www.facebook.com\/ArteELuoghi\/\",\"https:\/\/www.instagram.com\/arteeluoghi\/?hl=it\",\"https:\/\/www.youtube.com\/channel\/UCuRVc4JW4-C5sg9rQB-srkw?view_as=subscriber\",\"https:\/\/twitter.com\/arteeluoghi\"],\"logo\":{\"@type\":\"ImageObject\",\"@id\":\"https:\/\/arteeluoghi.it\/#logo\",\"inLanguage\":\"it-IT\",\"url\":\"https:\/\/arteeluoghi.it\/wp-content\/uploads\/2018\/08\/logoinstagramarte.jpg\",\"contentUrl\":\"https:\/\/arteeluoghi.it\/wp-content\/uploads\/2018\/08\/logoinstagramarte.jpg\",\"width\":150,\"height\":150,\"caption\":\"Arte e Luoghi\"},\"image\":{\"@id\":\"https:\/\/arteeluoghi.it\/#logo\"}},{\"@type\":\"WebSite\",\"@id\":\"https:\/\/arteeluoghi.it\/#website\",\"url\":\"https:\/\/arteeluoghi.it\/\",\"name\":\"Arte e Luoghi\",\"description\":\"Mensile di arte, cultura, turismo e curiosit\u00e0\",\"publisher\":{\"@id\":\"https:\/\/arteeluoghi.it\/#organization\"},\"potentialAction\":[{\"@type\":\"SearchAction\",\"target\":{\"@type\":\"EntryPoint\",\"urlTemplate\":\"https:\/\/arteeluoghi.it\/?s={search_term_string}\"},\"query-input\":\"required name=search_term_string\"}],\"inLanguage\":\"it-IT\"},{\"@type\":\"ImageObject\",\"@id\":\"https:\/\/arteeluoghi.it\/index.php\/2013\/02\/19\/al-nuovo-cinema-paradiso-di-melendugno\/#primaryimage\",\"inLanguage\":\"it-IT\",\"url\":\"\/images\/stories\/rinadurante%204.jpg\",\"contentUrl\":\"\/images\/stories\/rinadurante%204.jpg\"},{\"@type\":\"WebPage\",\"@id\":\"https:\/\/arteeluoghi.it\/index.php\/2013\/02\/19\/al-nuovo-cinema-paradiso-di-melendugno\/#webpage\",\"url\":\"https:\/\/arteeluoghi.it\/index.php\/2013\/02\/19\/al-nuovo-cinema-paradiso-di-melendugno\/\",\"name\":\"Al Nuovo Cinema Paradiso di Melendugno | Arte e Luoghi\",\"isPartOf\":{\"@id\":\"https:\/\/arteeluoghi.it\/#website\"},\"primaryImageOfPage\":{\"@id\":\"https:\/\/arteeluoghi.it\/index.php\/2013\/02\/19\/al-nuovo-cinema-paradiso-di-melendugno\/#primaryimage\"},\"datePublished\":\"2013-02-19T17:29:08+00:00\",\"dateModified\":\"2013-02-19T17:29:08+00:00\",\"breadcrumb\":{\"@id\":\"https:\/\/arteeluoghi.it\/index.php\/2013\/02\/19\/al-nuovo-cinema-paradiso-di-melendugno\/#breadcrumb\"},\"inLanguage\":\"it-IT\",\"potentialAction\":[{\"@type\":\"ReadAction\",\"target\":[\"https:\/\/arteeluoghi.it\/index.php\/2013\/02\/19\/al-nuovo-cinema-paradiso-di-melendugno\/\"]}]},{\"@type\":\"BreadcrumbList\",\"@id\":\"https:\/\/arteeluoghi.it\/index.php\/2013\/02\/19\/al-nuovo-cinema-paradiso-di-melendugno\/#breadcrumb\",\"itemListElement\":[{\"@type\":\"ListItem\",\"position\":1,\"name\":\"Home\",\"item\":\"https:\/\/arteeluoghi.it\/\"},{\"@type\":\"ListItem\",\"position\":2,\"name\":\"Al Nuovo Cinema Paradiso di Melendugno\"}]},{\"@type\":\"Article\",\"@id\":\"https:\/\/arteeluoghi.it\/index.php\/2013\/02\/19\/al-nuovo-cinema-paradiso-di-melendugno\/#article\",\"isPartOf\":{\"@id\":\"https:\/\/arteeluoghi.it\/index.php\/2013\/02\/19\/al-nuovo-cinema-paradiso-di-melendugno\/#webpage\"},\"author\":{\"@id\":\"https:\/\/arteeluoghi.it\/#\/schema\/person\/f84e814e36e91e01448ee07eaadd41d4\"},\"headline\":\"Al Nuovo Cinema Paradiso di Melendugno\",\"datePublished\":\"2013-02-19T17:29:08+00:00\",\"dateModified\":\"2013-02-19T17:29:08+00:00\",\"mainEntityOfPage\":{\"@id\":\"https:\/\/arteeluoghi.it\/index.php\/2013\/02\/19\/al-nuovo-cinema-paradiso-di-melendugno\/#webpage\"},\"wordCount\":388,\"commentCount\":0,\"publisher\":{\"@id\":\"https:\/\/arteeluoghi.it\/#organization\"},\"image\":{\"@id\":\"https:\/\/arteeluoghi.it\/index.php\/2013\/02\/19\/al-nuovo-cinema-paradiso-di-melendugno\/#primaryimage\"},\"thumbnailUrl\":\"\/images\/stories\/rinadurante%204.jpg\",\"articleSection\":[\"teatro\"],\"inLanguage\":\"it-IT\",\"potentialAction\":[{\"@type\":\"CommentAction\",\"name\":\"Comment\",\"target\":[\"https:\/\/arteeluoghi.it\/index.php\/2013\/02\/19\/al-nuovo-cinema-paradiso-di-melendugno\/#respond\"]}]},{\"@type\":\"Person\",\"@id\":\"https:\/\/arteeluoghi.it\/#\/schema\/person\/f84e814e36e91e01448ee07eaadd41d4\",\"name\":\"Staff\",\"image\":{\"@type\":\"ImageObject\",\"@id\":\"https:\/\/arteeluoghi.it\/#personlogo\",\"inLanguage\":\"it-IT\",\"url\":\"https:\/\/secure.gravatar.com\/avatar\/49d2f9e46271bb04e19cebfaf141313a?s=96&d=blank&r=g\",\"contentUrl\":\"https:\/\/secure.gravatar.com\/avatar\/49d2f9e46271bb04e19cebfaf141313a?s=96&d=blank&r=g\",\"caption\":\"Staff\"}}]}<\/script>\n<!-- \/ Yoast SEO plugin. -->","yoast_head_json":{"title":"Al Nuovo Cinema Paradiso di Melendugno | Arte e Luoghi","robots":{"index":"index","follow":"follow","max-snippet":"max-snippet:-1","max-image-preview":"max-image-preview:large","max-video-preview":"max-video-preview:-1"},"canonical":"https:\/\/arteeluoghi.it\/index.php\/2013\/02\/19\/al-nuovo-cinema-paradiso-di-melendugno\/","og_locale":"it_IT","og_type":"article","og_title":"Al Nuovo Cinema Paradiso di Melendugno | Arte e Luoghi","og_description":"Al Nuovo Cinema Paradiso di Melendugno mercoled\u00ec 20 febbraio. Sipario alle 21 Ballata Salentina \u00a0 \u00a0 Uno spettacolo che tra","og_url":"https:\/\/arteeluoghi.it\/index.php\/2013\/02\/19\/al-nuovo-cinema-paradiso-di-melendugno\/","og_site_name":"Arte e Luoghi","article_publisher":"https:\/\/www.facebook.com\/ArteELuoghi\/","article_published_time":"2013-02-19T17:29:08+00:00","og_image":[{"url":"https:\/\/arteeluoghi.it\/images\/stories\/rinadurante%204.jpg"}],"twitter_card":"summary","twitter_creator":"@arteeluoghi","twitter_site":"@arteeluoghi","twitter_misc":{"Scritto da":"Staff","Tempo di lettura stimato":"2 minuti"},"schema":{"@context":"https:\/\/schema.org","@graph":[{"@type":"Organization","@id":"https:\/\/arteeluoghi.it\/#organization","name":"Arte e Luoghi","url":"https:\/\/arteeluoghi.it\/","sameAs":["https:\/\/www.facebook.com\/ArteELuoghi\/","https:\/\/www.instagram.com\/arteeluoghi\/?hl=it","https:\/\/www.youtube.com\/channel\/UCuRVc4JW4-C5sg9rQB-srkw?view_as=subscriber","https:\/\/twitter.com\/arteeluoghi"],"logo":{"@type":"ImageObject","@id":"https:\/\/arteeluoghi.it\/#logo","inLanguage":"it-IT","url":"https:\/\/arteeluoghi.it\/wp-content\/uploads\/2018\/08\/logoinstagramarte.jpg","contentUrl":"https:\/\/arteeluoghi.it\/wp-content\/uploads\/2018\/08\/logoinstagramarte.jpg","width":150,"height":150,"caption":"Arte e Luoghi"},"image":{"@id":"https:\/\/arteeluoghi.it\/#logo"}},{"@type":"WebSite","@id":"https:\/\/arteeluoghi.it\/#website","url":"https:\/\/arteeluoghi.it\/","name":"Arte e Luoghi","description":"Mensile di arte, cultura, turismo e curiosit\u00e0","publisher":{"@id":"https:\/\/arteeluoghi.it\/#organization"},"potentialAction":[{"@type":"SearchAction","target":{"@type":"EntryPoint","urlTemplate":"https:\/\/arteeluoghi.it\/?s={search_term_string}"},"query-input":"required name=search_term_string"}],"inLanguage":"it-IT"},{"@type":"ImageObject","@id":"https:\/\/arteeluoghi.it\/index.php\/2013\/02\/19\/al-nuovo-cinema-paradiso-di-melendugno\/#primaryimage","inLanguage":"it-IT","url":"\/images\/stories\/rinadurante%204.jpg","contentUrl":"\/images\/stories\/rinadurante%204.jpg"},{"@type":"WebPage","@id":"https:\/\/arteeluoghi.it\/index.php\/2013\/02\/19\/al-nuovo-cinema-paradiso-di-melendugno\/#webpage","url":"https:\/\/arteeluoghi.it\/index.php\/2013\/02\/19\/al-nuovo-cinema-paradiso-di-melendugno\/","name":"Al Nuovo Cinema Paradiso di Melendugno | Arte e Luoghi","isPartOf":{"@id":"https:\/\/arteeluoghi.it\/#website"},"primaryImageOfPage":{"@id":"https:\/\/arteeluoghi.it\/index.php\/2013\/02\/19\/al-nuovo-cinema-paradiso-di-melendugno\/#primaryimage"},"datePublished":"2013-02-19T17:29:08+00:00","dateModified":"2013-02-19T17:29:08+00:00","breadcrumb":{"@id":"https:\/\/arteeluoghi.it\/index.php\/2013\/02\/19\/al-nuovo-cinema-paradiso-di-melendugno\/#breadcrumb"},"inLanguage":"it-IT","potentialAction":[{"@type":"ReadAction","target":["https:\/\/arteeluoghi.it\/index.php\/2013\/02\/19\/al-nuovo-cinema-paradiso-di-melendugno\/"]}]},{"@type":"BreadcrumbList","@id":"https:\/\/arteeluoghi.it\/index.php\/2013\/02\/19\/al-nuovo-cinema-paradiso-di-melendugno\/#breadcrumb","itemListElement":[{"@type":"ListItem","position":1,"name":"Home","item":"https:\/\/arteeluoghi.it\/"},{"@type":"ListItem","position":2,"name":"Al Nuovo Cinema Paradiso di Melendugno"}]},{"@type":"Article","@id":"https:\/\/arteeluoghi.it\/index.php\/2013\/02\/19\/al-nuovo-cinema-paradiso-di-melendugno\/#article","isPartOf":{"@id":"https:\/\/arteeluoghi.it\/index.php\/2013\/02\/19\/al-nuovo-cinema-paradiso-di-melendugno\/#webpage"},"author":{"@id":"https:\/\/arteeluoghi.it\/#\/schema\/person\/f84e814e36e91e01448ee07eaadd41d4"},"headline":"Al Nuovo Cinema Paradiso di Melendugno","datePublished":"2013-02-19T17:29:08+00:00","dateModified":"2013-02-19T17:29:08+00:00","mainEntityOfPage":{"@id":"https:\/\/arteeluoghi.it\/index.php\/2013\/02\/19\/al-nuovo-cinema-paradiso-di-melendugno\/#webpage"},"wordCount":388,"commentCount":0,"publisher":{"@id":"https:\/\/arteeluoghi.it\/#organization"},"image":{"@id":"https:\/\/arteeluoghi.it\/index.php\/2013\/02\/19\/al-nuovo-cinema-paradiso-di-melendugno\/#primaryimage"},"thumbnailUrl":"\/images\/stories\/rinadurante%204.jpg","articleSection":["teatro"],"inLanguage":"it-IT","potentialAction":[{"@type":"CommentAction","name":"Comment","target":["https:\/\/arteeluoghi.it\/index.php\/2013\/02\/19\/al-nuovo-cinema-paradiso-di-melendugno\/#respond"]}]},{"@type":"Person","@id":"https:\/\/arteeluoghi.it\/#\/schema\/person\/f84e814e36e91e01448ee07eaadd41d4","name":"Staff","image":{"@type":"ImageObject","@id":"https:\/\/arteeluoghi.it\/#personlogo","inLanguage":"it-IT","url":"https:\/\/secure.gravatar.com\/avatar\/49d2f9e46271bb04e19cebfaf141313a?s=96&d=blank&r=g","contentUrl":"https:\/\/secure.gravatar.com\/avatar\/49d2f9e46271bb04e19cebfaf141313a?s=96&d=blank&r=g","caption":"Staff"}}]}},"_links":{"self":[{"href":"https:\/\/arteeluoghi.it\/index.php\/wp-json\/wp\/v2\/posts\/1042"}],"collection":[{"href":"https:\/\/arteeluoghi.it\/index.php\/wp-json\/wp\/v2\/posts"}],"about":[{"href":"https:\/\/arteeluoghi.it\/index.php\/wp-json\/wp\/v2\/types\/post"}],"author":[{"embeddable":true,"href":"https:\/\/arteeluoghi.it\/index.php\/wp-json\/wp\/v2\/users\/1"}],"replies":[{"embeddable":true,"href":"https:\/\/arteeluoghi.it\/index.php\/wp-json\/wp\/v2\/comments?post=1042"}],"version-history":[{"count":0,"href":"https:\/\/arteeluoghi.it\/index.php\/wp-json\/wp\/v2\/posts\/1042\/revisions"}],"wp:attachment":[{"href":"https:\/\/arteeluoghi.it\/index.php\/wp-json\/wp\/v2\/media?parent=1042"}],"wp:term":[{"taxonomy":"category","embeddable":true,"href":"https:\/\/arteeluoghi.it\/index.php\/wp-json\/wp\/v2\/categories?post=1042"},{"taxonomy":"post_tag","embeddable":true,"href":"https:\/\/arteeluoghi.it\/index.php\/wp-json\/wp\/v2\/tags?post=1042"}],"curies":[{"name":"wp","href":"https:\/\/api.w.org\/{rel}","templated":true}]}}