{"id":1048,"date":"2013-02-22T13:22:21","date_gmt":"2013-02-22T12:22:21","guid":{"rendered":"http:\/\/arteeluoghi.it\/index.php\/2013\/02\/22\/ricordando-lucio\/"},"modified":"2013-02-22T13:22:21","modified_gmt":"2013-02-22T12:22:21","slug":"ricordando-lucio","status":"publish","type":"post","link":"https:\/\/arteeluoghi.it\/index.php\/2013\/02\/22\/ricordando-lucio\/","title":{"rendered":"Ricordando Lucio"},"content":{"rendered":"<p><img src=\"\/images\/locandinalucio.jpg\" border=\"0\" title=\"la locandina dell'evento\" width=\"300\" style=\"float: left; margin: 21px;\" \/><\/p>\n<p>A Manfredonia domenica 3 marzo la citt\u00e0 omaggia il concittadino onorario Lucio Dalla con musica, ricordi e danze. Sul palco del teatro comunale: Bobby Solo ed Her.<\/p>\n<p><span style=\"font-size: small;\"><strong>&#8220;Lucio e Bobby. Nati sotto il segno dei Pesci&#8221;<\/strong><\/span><\/p>\n<p>\u201cUniti nella musica e nell\u2019amore per le cose belle, sotto il segno dei pesci\u201d, non sono le parole tratte da una nota canzone ma la maniera poetica con cui Bobby Solo definisce il suo rapporto con il compianto Lucio Dalla. Entrambi, infatti, sono nati a marzo e quindi accomunati dallo stesso segno zodiacale: pesci. Sono tanti per\u00f2 i punti di contatto di un\u2019amicizia nata negli anni settanta e di cui sentiremo raccontare domenica 3 marzo prossimo, presso il Teatro Comunale intitolato proprio al nostro concittadino onorario (dal 1997) Lucio Dalla.<\/p>\n<p>La data di \u201cRicordando Lucio\u201d non \u00e8 da ritenersi casuale visto che si trova nell\u2019arco temporale che va dall\u20191 marzo (giorno della scomparsa) al 4 marzo (giorno della nascita) del cantautore bolognese. Una serata che \u00e8 stata organizzata dal Comune di Manfredonia con la collaborazione dell\u2019Associazone \u201cL\u2019Isola che non c\u2019\u00e8 by Lucio Dalla\u201d e durante la quale Bobby Solo canter\u00e0 brani suoi e di Lucio. Ci sar\u00e0 sicuramente anche il tempo di raccontare, intervistato da Tiziana Gagliardi, aneddoti ed episodi legati a \u201cun uomo straordinario che ha saputo fare dei suoi sogni un\u2019arte\u201d, cos\u00ec il Sindaco Riccardi dice di Lucio Dalla.<\/p>\n<p>  <!--more-->  <\/p>\n<p>\u201cUna persona umile, generosa come pochi, sempre pervasa dal desiderio di mescolarsi alla gente, di dialogare, ma ancor pi\u00f9 di ascoltare. Ha attraversato cinquant\u2019anni della musica italiana \u2013 aggiunge Angelo Riccardi &#8211; con canzoni struggenti ed ispirate dalla sua natura genuina. Lucio si sentiva uno di noi e non ne faceva certo mistero, lo \u00e8 sempre stato e si \u00e8 sempre sentito tale. Questo \u00e8 un omaggio della citt\u00e0, quella che ha saputo trovare posto nel suo capiente cuore. Sar\u00e0 bello ricordarlo insieme\u201d.<\/p>\n<p>Sul palco, oltre a Bobby Solo, si esibir\u00e0 l\u2019eclettica Her, splendida violinista sipontina, con un omaggio musicale a quel Lucio che lei stessa ha avuto modo di conoscere e da cui si \u00e8 saputa far apprezzare.<\/p>\n<p>Ci saranno anche delle proiezioni come quella con interviste realizzata da Franco Rinaldi o come il video che sar\u00e0 presentato per l\u2019occasione dall\u2019Associazione Angeli. Non mancheranno i momenti dedicati al ballo, grazie all\u2019insegnante Rita Vaccarella.<\/p>\n<p>\u201cRicordando Lucio\u201d sar\u00e0 ad ingresso gratuito ad invito, per consentire la partecipazione a tutti coloro che ne faranno richiesta.<\/p>\n<p>Per informazioni e\/o prenotazioni \u00e8 possibile contattare la dott.ssa Maria Teresa Valente, presso l\u2019Ufficio di Gabinetto del Sindaco, allo 0884.519204, oppure al seguente indirizzo di posta elettronica: ufficiodigabinetto@comune.manfredonia.fg.it .<\/p>\n<p>(fonte: comunicato stampa)<\/p>\n","protected":false},"excerpt":{"rendered":"<p>A Manfredonia domenica 3 marzo la citt\u00e0 omaggia il concittadino onorario Lucio Dalla con musica, ricordi e danze. Sul palco<\/p>\n","protected":false},"author":1,"featured_media":0,"comment_status":"open","ping_status":"open","sticky":false,"template":"","format":"standard","meta":[],"categories":[12],"tags":[],"yoast_head":"<!-- This site is optimized with the Yoast SEO plugin v18.0 - https:\/\/yoast.com\/wordpress\/plugins\/seo\/ -->\n<title>Ricordando Lucio | Arte e Luoghi<\/title>\n<meta name=\"robots\" content=\"index, follow, max-snippet:-1, max-image-preview:large, max-video-preview:-1\" \/>\n<link rel=\"canonical\" href=\"https:\/\/arteeluoghi.it\/index.php\/2013\/02\/22\/ricordando-lucio\/\" \/>\n<meta property=\"og:locale\" content=\"it_IT\" \/>\n<meta property=\"og:type\" content=\"article\" \/>\n<meta property=\"og:title\" content=\"Ricordando Lucio | Arte e Luoghi\" \/>\n<meta property=\"og:description\" content=\"A Manfredonia domenica 3 marzo la citt\u00e0 omaggia il concittadino onorario Lucio Dalla con musica, ricordi e danze. Sul palco\" \/>\n<meta property=\"og:url\" content=\"https:\/\/arteeluoghi.it\/index.php\/2013\/02\/22\/ricordando-lucio\/\" \/>\n<meta property=\"og:site_name\" content=\"Arte e Luoghi\" \/>\n<meta property=\"article:publisher\" content=\"https:\/\/www.facebook.com\/ArteELuoghi\/\" \/>\n<meta property=\"article:published_time\" content=\"2013-02-22T12:22:21+00:00\" \/>\n<meta property=\"og:image\" content=\"https:\/\/arteeluoghi.it\/images\/locandinalucio.jpg\" \/>\n<meta name=\"twitter:card\" content=\"summary\" \/>\n<meta name=\"twitter:creator\" content=\"@arteeluoghi\" \/>\n<meta name=\"twitter:site\" content=\"@arteeluoghi\" \/>\n<meta name=\"twitter:label1\" content=\"Scritto da\" \/>\n\t<meta name=\"twitter:data1\" content=\"Staff\" \/>\n\t<meta name=\"twitter:label2\" content=\"Tempo di lettura stimato\" \/>\n\t<meta name=\"twitter:data2\" content=\"2 minuti\" \/>\n<script type=\"application\/ld+json\" class=\"yoast-schema-graph\">{\"@context\":\"https:\/\/schema.org\",\"@graph\":[{\"@type\":\"Organization\",\"@id\":\"https:\/\/arteeluoghi.it\/#organization\",\"name\":\"Arte e Luoghi\",\"url\":\"https:\/\/arteeluoghi.it\/\",\"sameAs\":[\"https:\/\/www.facebook.com\/ArteELuoghi\/\",\"https:\/\/www.instagram.com\/arteeluoghi\/?hl=it\",\"https:\/\/www.youtube.com\/channel\/UCuRVc4JW4-C5sg9rQB-srkw?view_as=subscriber\",\"https:\/\/twitter.com\/arteeluoghi\"],\"logo\":{\"@type\":\"ImageObject\",\"@id\":\"https:\/\/arteeluoghi.it\/#logo\",\"inLanguage\":\"it-IT\",\"url\":\"https:\/\/arteeluoghi.it\/wp-content\/uploads\/2018\/08\/logoinstagramarte.jpg\",\"contentUrl\":\"https:\/\/arteeluoghi.it\/wp-content\/uploads\/2018\/08\/logoinstagramarte.jpg\",\"width\":150,\"height\":150,\"caption\":\"Arte e Luoghi\"},\"image\":{\"@id\":\"https:\/\/arteeluoghi.it\/#logo\"}},{\"@type\":\"WebSite\",\"@id\":\"https:\/\/arteeluoghi.it\/#website\",\"url\":\"https:\/\/arteeluoghi.it\/\",\"name\":\"Arte e Luoghi\",\"description\":\"Mensile di arte, cultura, turismo e curiosit\u00e0\",\"publisher\":{\"@id\":\"https:\/\/arteeluoghi.it\/#organization\"},\"potentialAction\":[{\"@type\":\"SearchAction\",\"target\":{\"@type\":\"EntryPoint\",\"urlTemplate\":\"https:\/\/arteeluoghi.it\/?s={search_term_string}\"},\"query-input\":\"required name=search_term_string\"}],\"inLanguage\":\"it-IT\"},{\"@type\":\"ImageObject\",\"@id\":\"https:\/\/arteeluoghi.it\/index.php\/2013\/02\/22\/ricordando-lucio\/#primaryimage\",\"inLanguage\":\"it-IT\",\"url\":\"\/images\/locandinalucio.jpg\",\"contentUrl\":\"\/images\/locandinalucio.jpg\"},{\"@type\":\"WebPage\",\"@id\":\"https:\/\/arteeluoghi.it\/index.php\/2013\/02\/22\/ricordando-lucio\/#webpage\",\"url\":\"https:\/\/arteeluoghi.it\/index.php\/2013\/02\/22\/ricordando-lucio\/\",\"name\":\"Ricordando Lucio | Arte e Luoghi\",\"isPartOf\":{\"@id\":\"https:\/\/arteeluoghi.it\/#website\"},\"primaryImageOfPage\":{\"@id\":\"https:\/\/arteeluoghi.it\/index.php\/2013\/02\/22\/ricordando-lucio\/#primaryimage\"},\"datePublished\":\"2013-02-22T12:22:21+00:00\",\"dateModified\":\"2013-02-22T12:22:21+00:00\",\"breadcrumb\":{\"@id\":\"https:\/\/arteeluoghi.it\/index.php\/2013\/02\/22\/ricordando-lucio\/#breadcrumb\"},\"inLanguage\":\"it-IT\",\"potentialAction\":[{\"@type\":\"ReadAction\",\"target\":[\"https:\/\/arteeluoghi.it\/index.php\/2013\/02\/22\/ricordando-lucio\/\"]}]},{\"@type\":\"BreadcrumbList\",\"@id\":\"https:\/\/arteeluoghi.it\/index.php\/2013\/02\/22\/ricordando-lucio\/#breadcrumb\",\"itemListElement\":[{\"@type\":\"ListItem\",\"position\":1,\"name\":\"Home\",\"item\":\"https:\/\/arteeluoghi.it\/\"},{\"@type\":\"ListItem\",\"position\":2,\"name\":\"Ricordando Lucio\"}]},{\"@type\":\"Article\",\"@id\":\"https:\/\/arteeluoghi.it\/index.php\/2013\/02\/22\/ricordando-lucio\/#article\",\"isPartOf\":{\"@id\":\"https:\/\/arteeluoghi.it\/index.php\/2013\/02\/22\/ricordando-lucio\/#webpage\"},\"author\":{\"@id\":\"https:\/\/arteeluoghi.it\/#\/schema\/person\/f84e814e36e91e01448ee07eaadd41d4\"},\"headline\":\"Ricordando Lucio\",\"datePublished\":\"2013-02-22T12:22:21+00:00\",\"dateModified\":\"2013-02-22T12:22:21+00:00\",\"mainEntityOfPage\":{\"@id\":\"https:\/\/arteeluoghi.it\/index.php\/2013\/02\/22\/ricordando-lucio\/#webpage\"},\"wordCount\":438,\"commentCount\":0,\"publisher\":{\"@id\":\"https:\/\/arteeluoghi.it\/#organization\"},\"image\":{\"@id\":\"https:\/\/arteeluoghi.it\/index.php\/2013\/02\/22\/ricordando-lucio\/#primaryimage\"},\"thumbnailUrl\":\"\/images\/locandinalucio.jpg\",\"articleSection\":[\"MUSICA\"],\"inLanguage\":\"it-IT\",\"potentialAction\":[{\"@type\":\"CommentAction\",\"name\":\"Comment\",\"target\":[\"https:\/\/arteeluoghi.it\/index.php\/2013\/02\/22\/ricordando-lucio\/#respond\"]}]},{\"@type\":\"Person\",\"@id\":\"https:\/\/arteeluoghi.it\/#\/schema\/person\/f84e814e36e91e01448ee07eaadd41d4\",\"name\":\"Staff\",\"image\":{\"@type\":\"ImageObject\",\"@id\":\"https:\/\/arteeluoghi.it\/#personlogo\",\"inLanguage\":\"it-IT\",\"url\":\"https:\/\/secure.gravatar.com\/avatar\/49d2f9e46271bb04e19cebfaf141313a?s=96&d=blank&r=g\",\"contentUrl\":\"https:\/\/secure.gravatar.com\/avatar\/49d2f9e46271bb04e19cebfaf141313a?s=96&d=blank&r=g\",\"caption\":\"Staff\"}}]}<\/script>\n<!-- \/ Yoast SEO plugin. -->","yoast_head_json":{"title":"Ricordando Lucio | Arte e Luoghi","robots":{"index":"index","follow":"follow","max-snippet":"max-snippet:-1","max-image-preview":"max-image-preview:large","max-video-preview":"max-video-preview:-1"},"canonical":"https:\/\/arteeluoghi.it\/index.php\/2013\/02\/22\/ricordando-lucio\/","og_locale":"it_IT","og_type":"article","og_title":"Ricordando Lucio | Arte e Luoghi","og_description":"A Manfredonia domenica 3 marzo la citt\u00e0 omaggia il concittadino onorario Lucio Dalla con musica, ricordi e danze. Sul palco","og_url":"https:\/\/arteeluoghi.it\/index.php\/2013\/02\/22\/ricordando-lucio\/","og_site_name":"Arte e Luoghi","article_publisher":"https:\/\/www.facebook.com\/ArteELuoghi\/","article_published_time":"2013-02-22T12:22:21+00:00","og_image":[{"url":"https:\/\/arteeluoghi.it\/images\/locandinalucio.jpg"}],"twitter_card":"summary","twitter_creator":"@arteeluoghi","twitter_site":"@arteeluoghi","twitter_misc":{"Scritto da":"Staff","Tempo di lettura stimato":"2 minuti"},"schema":{"@context":"https:\/\/schema.org","@graph":[{"@type":"Organization","@id":"https:\/\/arteeluoghi.it\/#organization","name":"Arte e Luoghi","url":"https:\/\/arteeluoghi.it\/","sameAs":["https:\/\/www.facebook.com\/ArteELuoghi\/","https:\/\/www.instagram.com\/arteeluoghi\/?hl=it","https:\/\/www.youtube.com\/channel\/UCuRVc4JW4-C5sg9rQB-srkw?view_as=subscriber","https:\/\/twitter.com\/arteeluoghi"],"logo":{"@type":"ImageObject","@id":"https:\/\/arteeluoghi.it\/#logo","inLanguage":"it-IT","url":"https:\/\/arteeluoghi.it\/wp-content\/uploads\/2018\/08\/logoinstagramarte.jpg","contentUrl":"https:\/\/arteeluoghi.it\/wp-content\/uploads\/2018\/08\/logoinstagramarte.jpg","width":150,"height":150,"caption":"Arte e Luoghi"},"image":{"@id":"https:\/\/arteeluoghi.it\/#logo"}},{"@type":"WebSite","@id":"https:\/\/arteeluoghi.it\/#website","url":"https:\/\/arteeluoghi.it\/","name":"Arte e Luoghi","description":"Mensile di arte, cultura, turismo e curiosit\u00e0","publisher":{"@id":"https:\/\/arteeluoghi.it\/#organization"},"potentialAction":[{"@type":"SearchAction","target":{"@type":"EntryPoint","urlTemplate":"https:\/\/arteeluoghi.it\/?s={search_term_string}"},"query-input":"required name=search_term_string"}],"inLanguage":"it-IT"},{"@type":"ImageObject","@id":"https:\/\/arteeluoghi.it\/index.php\/2013\/02\/22\/ricordando-lucio\/#primaryimage","inLanguage":"it-IT","url":"\/images\/locandinalucio.jpg","contentUrl":"\/images\/locandinalucio.jpg"},{"@type":"WebPage","@id":"https:\/\/arteeluoghi.it\/index.php\/2013\/02\/22\/ricordando-lucio\/#webpage","url":"https:\/\/arteeluoghi.it\/index.php\/2013\/02\/22\/ricordando-lucio\/","name":"Ricordando Lucio | Arte e Luoghi","isPartOf":{"@id":"https:\/\/arteeluoghi.it\/#website"},"primaryImageOfPage":{"@id":"https:\/\/arteeluoghi.it\/index.php\/2013\/02\/22\/ricordando-lucio\/#primaryimage"},"datePublished":"2013-02-22T12:22:21+00:00","dateModified":"2013-02-22T12:22:21+00:00","breadcrumb":{"@id":"https:\/\/arteeluoghi.it\/index.php\/2013\/02\/22\/ricordando-lucio\/#breadcrumb"},"inLanguage":"it-IT","potentialAction":[{"@type":"ReadAction","target":["https:\/\/arteeluoghi.it\/index.php\/2013\/02\/22\/ricordando-lucio\/"]}]},{"@type":"BreadcrumbList","@id":"https:\/\/arteeluoghi.it\/index.php\/2013\/02\/22\/ricordando-lucio\/#breadcrumb","itemListElement":[{"@type":"ListItem","position":1,"name":"Home","item":"https:\/\/arteeluoghi.it\/"},{"@type":"ListItem","position":2,"name":"Ricordando Lucio"}]},{"@type":"Article","@id":"https:\/\/arteeluoghi.it\/index.php\/2013\/02\/22\/ricordando-lucio\/#article","isPartOf":{"@id":"https:\/\/arteeluoghi.it\/index.php\/2013\/02\/22\/ricordando-lucio\/#webpage"},"author":{"@id":"https:\/\/arteeluoghi.it\/#\/schema\/person\/f84e814e36e91e01448ee07eaadd41d4"},"headline":"Ricordando Lucio","datePublished":"2013-02-22T12:22:21+00:00","dateModified":"2013-02-22T12:22:21+00:00","mainEntityOfPage":{"@id":"https:\/\/arteeluoghi.it\/index.php\/2013\/02\/22\/ricordando-lucio\/#webpage"},"wordCount":438,"commentCount":0,"publisher":{"@id":"https:\/\/arteeluoghi.it\/#organization"},"image":{"@id":"https:\/\/arteeluoghi.it\/index.php\/2013\/02\/22\/ricordando-lucio\/#primaryimage"},"thumbnailUrl":"\/images\/locandinalucio.jpg","articleSection":["MUSICA"],"inLanguage":"it-IT","potentialAction":[{"@type":"CommentAction","name":"Comment","target":["https:\/\/arteeluoghi.it\/index.php\/2013\/02\/22\/ricordando-lucio\/#respond"]}]},{"@type":"Person","@id":"https:\/\/arteeluoghi.it\/#\/schema\/person\/f84e814e36e91e01448ee07eaadd41d4","name":"Staff","image":{"@type":"ImageObject","@id":"https:\/\/arteeluoghi.it\/#personlogo","inLanguage":"it-IT","url":"https:\/\/secure.gravatar.com\/avatar\/49d2f9e46271bb04e19cebfaf141313a?s=96&d=blank&r=g","contentUrl":"https:\/\/secure.gravatar.com\/avatar\/49d2f9e46271bb04e19cebfaf141313a?s=96&d=blank&r=g","caption":"Staff"}}]}},"_links":{"self":[{"href":"https:\/\/arteeluoghi.it\/index.php\/wp-json\/wp\/v2\/posts\/1048"}],"collection":[{"href":"https:\/\/arteeluoghi.it\/index.php\/wp-json\/wp\/v2\/posts"}],"about":[{"href":"https:\/\/arteeluoghi.it\/index.php\/wp-json\/wp\/v2\/types\/post"}],"author":[{"embeddable":true,"href":"https:\/\/arteeluoghi.it\/index.php\/wp-json\/wp\/v2\/users\/1"}],"replies":[{"embeddable":true,"href":"https:\/\/arteeluoghi.it\/index.php\/wp-json\/wp\/v2\/comments?post=1048"}],"version-history":[{"count":0,"href":"https:\/\/arteeluoghi.it\/index.php\/wp-json\/wp\/v2\/posts\/1048\/revisions"}],"wp:attachment":[{"href":"https:\/\/arteeluoghi.it\/index.php\/wp-json\/wp\/v2\/media?parent=1048"}],"wp:term":[{"taxonomy":"category","embeddable":true,"href":"https:\/\/arteeluoghi.it\/index.php\/wp-json\/wp\/v2\/categories?post=1048"},{"taxonomy":"post_tag","embeddable":true,"href":"https:\/\/arteeluoghi.it\/index.php\/wp-json\/wp\/v2\/tags?post=1048"}],"curies":[{"name":"wp","href":"https:\/\/api.w.org\/{rel}","templated":true}]}}