{"id":10530,"date":"2021-11-05T10:58:00","date_gmt":"2021-11-05T09:58:00","guid":{"rendered":"https:\/\/arteeluoghi.it\/?p=10530"},"modified":"2021-11-07T12:01:26","modified_gmt":"2021-11-07T11:01:26","slug":"festival-del-cinema-europeo-2","status":"publish","type":"post","link":"https:\/\/arteeluoghi.it\/index.php\/2021\/11\/05\/festival-del-cinema-europeo-2\/","title":{"rendered":"Festival del Cinema Europeo"},"content":{"rendered":"\n<blockquote class=\"wp-block-quote\"><p>Lecce capitale del cinema con la  XXII edizione del Festival del Cinema Europeo dal 6 al 13 novembre al Multisala Massimo con proiezioni, anteprime e incontri con registi e attori  <\/p><cite>Antonietta Fulvio<\/cite><\/blockquote>\n\n\n\n<p>Finalmente in sala, \u00e8 il caso di dire, per una edizione, la dodicesima, del Festival del Cinema Europeo diretto da <strong>Alberto La Monica<\/strong> <strong>in programma a <u>Lecce da sabato 6 a sabato 13 novembre 2021<\/u><\/strong>. Apertura con la proiezione del film<strong> &#8220;Per tutta la vita&#8221;<\/strong> del regista <strong>Paolo Costella <\/strong>in anteprima nazionale presente al Multisala Massimo cuore delle proiezioni e degli incontri con i protagonisti del cinema. A cominciare da una star italiana a cui il Festival rende omaggio la straordinaria <strong>Giovanna Ralli<\/strong>, presente al festival, con una <strong>retrospettiva<\/strong> <strong>dei film pi\u00f9 rappresentativi della sua carriera<\/strong>, un <strong>incontro moderato da<\/strong> <strong>Gian Luca Farinelli<\/strong> sull\u2019importanza della figura di <strong>Giovanna Ralli<\/strong> a cui prenderanno parte diversi addetti ai lavori, la <strong>consegna dell\u2019Ulivo d\u2019Oro alla Carriera. <\/strong><\/p>\n\n\n\n<!--more-->\n\n\n\n<p>Tra i titoli da lei interpretati, a 60 anni dall\u2019uscita, sar\u00e0 presentato <strong>in anteprima nazionale al Festival il restauro del film <em>La famiglia Passaguai<\/em> (1951) di Aldo Fabrizi<\/strong>, portato a nuova luce grazie all\u2019operazione di restauro realizzata dalla Cineteca di Bologna e RTI &#8211; Mediaset presso il laboratorio L&#8217;Immagine Ritrovata. Gli altri film in rassegna: <strong><em>Villa Borghese<\/em><\/strong> (ep. <strong><em>Incidente a Villa Borghese<\/em><\/strong>) di Gianni Franciolini (1953), <strong><em>Era notte a Roma <\/em><\/strong>di Roberto Rossellini (1960), <strong><em>La fuga<\/em><\/strong> di Paolo Spinola (1964), <strong><em>La monaca di Monza<\/em><\/strong> di Carmine Gallone (1964), <strong><em>La vita agra<\/em><\/strong> di Carlo Lizzani (1964). <\/p>\n\n\n\n<div class=\"wp-block-image\"><figure class=\"alignleft size-large is-resized\"><img loading=\"lazy\" src=\"https:\/\/arteeluoghi.it\/wp-content\/uploads\/2021\/11\/XXII-FCE_Istva\u0301n-Szabo\u0301-I-Protagonisti-del-Cinema-Europeo-722x1024.jpg\" alt=\"\" class=\"wp-image-10532\" width=\"266\" height=\"377\" srcset=\"https:\/\/arteeluoghi.it\/wp-content\/uploads\/2021\/11\/XXII-FCE_Istva\u0301n-Szabo\u0301-I-Protagonisti-del-Cinema-Europeo-722x1024.jpg 722w, https:\/\/arteeluoghi.it\/wp-content\/uploads\/2021\/11\/XXII-FCE_Istva\u0301n-Szabo\u0301-I-Protagonisti-del-Cinema-Europeo-211x300.jpg 211w, https:\/\/arteeluoghi.it\/wp-content\/uploads\/2021\/11\/XXII-FCE_Istva\u0301n-Szabo\u0301-I-Protagonisti-del-Cinema-Europeo-768x1090.jpg 768w, https:\/\/arteeluoghi.it\/wp-content\/uploads\/2021\/11\/XXII-FCE_Istva\u0301n-Szabo\u0301-I-Protagonisti-del-Cinema-Europeo.jpg 800w\" sizes=\"(max-width: 266px) 100vw, 266px\" \/><figcaption>Il regista Istv\u00e1n Szab\u00f3<\/figcaption><\/figure><\/div>\n\n\n\n<p>Per la sezione dedicata invece ai protagonisti del cinema europeo, l&#8217;omaggio \u00e8 rivolto quest&#8217;anno al regista <strong>Istv\u00e1n Szab\u00f3<\/strong> con un ciclo di proiezioni a lui dedicate a partire dalla pellicola <strong><em>Mephisto<\/em><\/strong> con cui il regista ungherese vinse l\u2019Oscar nel 1981 e <strong><em>Final report <\/em><\/strong>il suo ultimo lungometraggio interpretato da Klaus Maria Brandauer che verr\u00e0 <strong>presentato a Lecce in anteprima nazionale<\/strong>. Da non perdere l&#8217;incontro con il pubblico moderato da <strong>Massimo Causo<\/strong> e la consegna dell\u2019<strong>Ulivo d\u2019Oro alla Carriera<\/strong>. Durante il festival sar\u00e0 possibile dunque esplorare il cinema del regista <strong>Istv\u00e1n Szab\u00f3<\/strong> attraverso la visione di 12 film in lingua originale con i sottotitoli in italiano: <strong><em>L&#8217;et\u00e0 delle illusioni<\/em><\/strong> (1964, 94\u2019), <strong><em>Padre<\/em><\/strong> (1966, 86\u2019), <strong><em>Film d&#8217;amore<\/em><\/strong> (1970, 118\u2019), <strong><em>Via dei pompieri n.25<\/em><\/strong> (1973, 97\u2019), <strong><em>Racconti di Budapest<\/em><\/strong> (1976, 89\u2019), <strong><em>La fiducia<\/em><\/strong> (1979, 102\u2019), <strong><em>Mephisto<\/em><\/strong> (1981, 140\u2019), <strong><em>Il colonnello Redl<\/em><\/strong> (1984, 144\u2019), <strong><em>La notte dei maghi<\/em><\/strong> (1988, 112\u2019), <strong><em>Dolce Emma, cara Bobe<\/em><\/strong> (1991, 78\u2019), <strong><em>A torto o a ragione<\/em><\/strong> (2001, 108\u2019), <strong><em>Final report <\/em><\/strong>(2020, 102\u2019) <strong>anteprima nazionale.<\/strong><\/p>\n\n\n\n<p><\/p>\n\n\n\n<p>Nel solco di una cifra stilistica del festival incentrato attorno ad una competizione ufficiale di lungometraggi europei e che oltre alle  sezioni , volte a delineare figure della cinematografia italiana ed europea, presenta una serie di rassegne tra cortometraggi e documentari, che rappresentano un percorso di ricerca di temi e di nuovi linguaggi audiovisivi. In particolare per la rassegna &#8220;Cinema e Realt\u00e0&#8221; due anteprime  &#8220;<strong><em>La legge del terremoto <\/em><\/strong>esordio alla regia di <strong>Alessandro Preziosi <\/strong>(uscir\u00e0 nelle sale il prossimo 16 novembre) e<strong> <em>Tamburredhu, Resistenza Sonora Salentina<\/em> <\/strong>di <strong>Claudio \u201cCavallo\u201d Giagnotti<\/strong> e <strong>Pierluigi de Donno<\/strong>.<\/p>\n\n\n\n<div class=\"wp-block-image\"><figure class=\"alignright size-large is-resized\"><img loading=\"lazy\" src=\"https:\/\/arteeluoghi.it\/wp-content\/uploads\/2021\/11\/La-legge-del-terremoto-di-Alessandro-Preziosi_Cinema-e-Realta\u0300-2-1024x575.jpg\" alt=\"\" class=\"wp-image-10525\" width=\"331\" height=\"186\" srcset=\"https:\/\/arteeluoghi.it\/wp-content\/uploads\/2021\/11\/La-legge-del-terremoto-di-Alessandro-Preziosi_Cinema-e-Realta\u0300-2-1024x575.jpg 1024w, https:\/\/arteeluoghi.it\/wp-content\/uploads\/2021\/11\/La-legge-del-terremoto-di-Alessandro-Preziosi_Cinema-e-Realta\u0300-2-300x169.jpg 300w, https:\/\/arteeluoghi.it\/wp-content\/uploads\/2021\/11\/La-legge-del-terremoto-di-Alessandro-Preziosi_Cinema-e-Realta\u0300-2-768x432.jpg 768w, https:\/\/arteeluoghi.it\/wp-content\/uploads\/2021\/11\/La-legge-del-terremoto-di-Alessandro-Preziosi_Cinema-e-Realta\u0300-2-1536x863.jpg 1536w, https:\/\/arteeluoghi.it\/wp-content\/uploads\/2021\/11\/La-legge-del-terremoto-di-Alessandro-Preziosi_Cinema-e-Realta\u0300-2.jpg 1778w\" sizes=\"(max-width: 331px) 100vw, 331px\" \/><figcaption>L&#8217;attore e regista Alessandro Preziosi<\/figcaption><\/figure><\/div>\n\n\n\n<p>Torna come sempre il Premio Mario Verdone, anch&#8217;esso giunto alla sua dodicesima edizione che sar\u00e0 consegnato dai fratelli Verdone chiamati a scegliere tra i dieci finalisti: <strong>Francesco Carnesecchi <\/strong>per <strong><em>La partita<\/em><\/strong>,<strong> Marco Castaldi <\/strong>per <strong><em>Nel bagno delle donne<\/em><\/strong>,<strong> Pietro Castellitto <\/strong>per <strong><em>I predatori<\/em><\/strong>,<strong> Francesco Dafano e Luca Della Grotta <\/strong>per <strong><em>Trash<\/em><\/strong><em>,<\/em><strong>Francesco Fanuele <\/strong>per <strong><em>Il regno<\/em><\/strong><em>,<\/em><strong>Alice Filippi<\/strong>per <strong><em>Sul pi\u00f9 bello<\/em><\/strong><em>,<\/em><strong>Francesco Lettieri <\/strong>per <strong><em>Ultras<\/em><\/strong><em>,<\/em><strong>Paolo Licata <\/strong>per <strong><em>Picciridda<\/em><\/strong>,<strong> Alessandra Mortelliti <\/strong>per <strong><em>Famosa<\/em><\/strong>,<strong> Mario Piredda <\/strong>per <strong><em>L&#8217;agnello<\/em><\/strong>.<\/p>\n\n\n\n<p>Cuore del festival il Concorso, con dieci proiettati in<strong> anteprima nazionale <\/strong> e selezionati da <strong>Alberto La Monica<\/strong> e <strong>Luigi La Monica<\/strong>, presentati dai registi o dagli attori protagonisti che incontrano il pubblico al termine della proiezione.<\/p>\n\n\n\n<p><strong>La Giuria del Concorso Lungometraggi \u201cUlivo d\u2019Oro\u201d<\/strong>, presieduta da <strong>Mira Staleva<\/strong> e composta da <strong>Bonifacio Angius, Marisella Rossetti, Teona Strugar Mitevska <\/strong>e<strong> Michele Venitucci<\/strong>, assegnaer\u00e0 <strong>l\u2019Ulivo d\u2019Oro \u201cPremio Cristina Soldano al Miglior Film\u201d<\/strong>, il <strong>Premio Speciale della Giuria<\/strong>, il Premio per la <strong>Migliore Fotografia<\/strong> e il Premio per <strong>la Migliore Sceneggiatura<\/strong>. Sempre tra i film del Concorso, saranno assegnati anche il <strong>Premio FIPRESCI<\/strong> (Federazione Internazionale della Stampa Cinematografica), attribuito dalla Giuria composta da <strong>Francesco Maggiore, C\u00e9dric Succivalli <\/strong>e<strong> Bartosz Zurawiecki<\/strong>; il <strong>Premio Cineuropa<\/strong> attribuito dalla Giuria composta dal direttore <strong>Valerio Caruso<\/strong>; il <strong>Premio del Sindacato Nazionale Giornalisti Cinematografici Italiani<\/strong> per il Miglior Attore Europeo attribuito dalla Giuria presieduta da <strong>Laura Delli Colli<\/strong>; il <strong>Premio del Pubblico<\/strong> attribuito tramite votazione dagli spettatori del Festival.<\/p>\n\n\n\n<p>Per approfondire i linguaggi del cinema europeo, la sezione, fuori concorso,  dedicata alla <strong>Commedia Europea<\/strong> vedr\u00e0 le  proiezioni di cinque lungometraggi in anteprima nazionale e gli incontri con i rispettivi registi: <strong><em>Beloved Neighbors<\/em><\/strong> di Micha\u0142 Grzybowski (Polonia, 2021);<strong><em>My Cousin<\/em><\/strong> di Jan Kounen (Francia, Belgio 2020), <strong><em>Tales of the Lockdown<\/em><\/strong> di Fernando Colomo, \u00c1lvaro Fern\u00e1ndez-Armero, David Marqu\u00e9s, Miguel Bardem, Juan Diego Botto (Spagna, 2020),  <strong><em>The Marriage Escape<\/em><\/strong> di Johan Nijenhuis (Olanda, Germania 2020), <strong><em>The Voiceless<\/em><\/strong> di Pascal Rabat\u00e9 (Francia, 2020) .<\/p>\n\n\n\n<div class=\"wp-block-image\"><figure class=\"alignleft size-large is-resized\"><img loading=\"lazy\" src=\"https:\/\/arteeluoghi.it\/wp-content\/uploads\/2021\/11\/XXII-FCE_Per-tutta-la-vita-di-Paolo-Costella_Eventi-Speciali-2-1024x681.jpg\" alt=\"\" class=\"wp-image-10533\" width=\"559\" height=\"371\" srcset=\"https:\/\/arteeluoghi.it\/wp-content\/uploads\/2021\/11\/XXII-FCE_Per-tutta-la-vita-di-Paolo-Costella_Eventi-Speciali-2-1024x681.jpg 1024w, https:\/\/arteeluoghi.it\/wp-content\/uploads\/2021\/11\/XXII-FCE_Per-tutta-la-vita-di-Paolo-Costella_Eventi-Speciali-2-300x200.jpg 300w, https:\/\/arteeluoghi.it\/wp-content\/uploads\/2021\/11\/XXII-FCE_Per-tutta-la-vita-di-Paolo-Costella_Eventi-Speciali-2-768x511.jpg 768w, https:\/\/arteeluoghi.it\/wp-content\/uploads\/2021\/11\/XXII-FCE_Per-tutta-la-vita-di-Paolo-Costella_Eventi-Speciali-2-1536x1022.jpg 1536w, https:\/\/arteeluoghi.it\/wp-content\/uploads\/2021\/11\/XXII-FCE_Per-tutta-la-vita-di-Paolo-Costella_Eventi-Speciali-2-2048x1363.jpg 2048w\" sizes=\"(max-width: 559px) 100vw, 559px\" \/><figcaption>XXII FCE_Per tutta la vita di Paolo Costella_Eventi Speciali <\/figcaption><\/figure><\/div>\n\n\n\n<p>Tra le anteprime, a parte quella di apertura con il regista <strong>Paolo Costella<\/strong>, dello sceneggiatore <strong>Paolo Genovese<\/strong>, e di <strong>Carolina Crecentini<\/strong> e <strong>Filippo Nigro<\/strong> tra gli attori protagonisti, il Festival propone inoltre la prima proiezione in una sala cinematografica del film <strong><em>Si vive una volta sola<\/em><\/strong> di <strong>Carlo Verdone<\/strong>, prodotto da <strong>Filmauro<\/strong> e distribuito da <strong>Amazon Prime Video<\/strong>. In questa sezione anche l\u2019anteprima nazionale del restauro a cura di <strong>Infinity+<\/strong> del film <strong><em>7 chili in 7 giorni<\/em><\/strong> alla presenza del regista <strong>Luca Verdone<\/strong>, la cui versione restaurata sar\u00e0 disponibile su Infinity+ dall&#8217;11 novembre, l\u2019anteprima nazionale di <strong><em>Tom Medina<\/em><\/strong> di <strong>Tony Gatlif<\/strong> in presenza dell\u2019attore protagonista <strong>David Murgia<\/strong>, l\u2019anteprima nazionale di <strong><em>Nicola &#8211; Cozze, kebab e Coca Col<\/em>a<\/strong> in presenza del regista e attore protagonista <strong>Antonio Palumbo<\/strong>, l\u2019anteprima regionale de <strong><em>I giganti<\/em><\/strong> in presenza del regista <strong>Bonifacio Angius<\/strong> e dell\u2019attore co-protagonista <strong>Stefano Deffenu<\/strong>. <\/p>\n\n\n\n<div class=\"wp-block-image\"><figure class=\"alignright size-large is-resized\"><img loading=\"lazy\" src=\"https:\/\/arteeluoghi.it\/wp-content\/uploads\/2021\/11\/XXII-FCE_Si-vive-una-volta-sola-di-Carlo-Verdone_Eventi-Speciali-1024x682.jpg\" alt=\"\" class=\"wp-image-10534\" width=\"555\" height=\"369\" srcset=\"https:\/\/arteeluoghi.it\/wp-content\/uploads\/2021\/11\/XXII-FCE_Si-vive-una-volta-sola-di-Carlo-Verdone_Eventi-Speciali-1024x682.jpg 1024w, https:\/\/arteeluoghi.it\/wp-content\/uploads\/2021\/11\/XXII-FCE_Si-vive-una-volta-sola-di-Carlo-Verdone_Eventi-Speciali-300x200.jpg 300w, https:\/\/arteeluoghi.it\/wp-content\/uploads\/2021\/11\/XXII-FCE_Si-vive-una-volta-sola-di-Carlo-Verdone_Eventi-Speciali-768x512.jpg 768w, https:\/\/arteeluoghi.it\/wp-content\/uploads\/2021\/11\/XXII-FCE_Si-vive-una-volta-sola-di-Carlo-Verdone_Eventi-Speciali-1536x1024.jpg 1536w, https:\/\/arteeluoghi.it\/wp-content\/uploads\/2021\/11\/XXII-FCE_Si-vive-una-volta-sola-di-Carlo-Verdone_Eventi-Speciali.jpg 2000w\" sizes=\"(max-width: 555px) 100vw, 555px\" \/><figcaption>XXII FCE_Si vive una volta sola di Carlo Verdone_Eventi Speciali<\/figcaption><\/figure><\/div>\n\n\n\n<p>Dulcis in fundo, l\u2019anteprima nazionale de <strong><em>La persona peggiore<\/em><\/strong> <strong><em>del mondo<\/em><\/strong> di <strong>Joachim Trier<\/strong>, che uscir\u00e0 nelle sale il 18 novembre, <strong>e che chiuder\u00e0 la dodicesima edizione del Festival<\/strong> che come sempre pone grande attenzione all&#8217;accrescimento della cultura cinematografica tra gli studenti delle scuole di ogni ordine e grado.<\/p>\n\n\n\n<p>Considerando le difficolt\u00e0 tuttora esistenti dovute alla situazione emergenziale che rendono complessa la partecipazione in sala degli studenti, il Festival propone la visione di una selezione di film sulla piattaforma ondemand.festivaldelcinemaeuropeo.com, sostenuta dai successivi momenti di incontro, in presenza presso le scuole o in streaming, con i registi dei film e altre personalit\u00e0 della cultura cinematografica presenti a Lecce.<\/p>\n\n\n\n<figure class=\"wp-block-image size-large\"><img loading=\"lazy\" width=\"1024\" height=\"554\" src=\"https:\/\/arteeluoghi.it\/wp-content\/uploads\/2021\/11\/XXII-FCE_La-persona-peggiore-del-mondo-di-Joachim-Trier_Eventi-Speciali-1024x554.jpg\" alt=\"\" class=\"wp-image-10535\" srcset=\"https:\/\/arteeluoghi.it\/wp-content\/uploads\/2021\/11\/XXII-FCE_La-persona-peggiore-del-mondo-di-Joachim-Trier_Eventi-Speciali-1024x554.jpg 1024w, https:\/\/arteeluoghi.it\/wp-content\/uploads\/2021\/11\/XXII-FCE_La-persona-peggiore-del-mondo-di-Joachim-Trier_Eventi-Speciali-300x162.jpg 300w, https:\/\/arteeluoghi.it\/wp-content\/uploads\/2021\/11\/XXII-FCE_La-persona-peggiore-del-mondo-di-Joachim-Trier_Eventi-Speciali-768x415.jpg 768w, https:\/\/arteeluoghi.it\/wp-content\/uploads\/2021\/11\/XXII-FCE_La-persona-peggiore-del-mondo-di-Joachim-Trier_Eventi-Speciali-1536x830.jpg 1536w, https:\/\/arteeluoghi.it\/wp-content\/uploads\/2021\/11\/XXII-FCE_La-persona-peggiore-del-mondo-di-Joachim-Trier_Eventi-Speciali-2048x1107.jpg 2048w\" sizes=\"(max-width: 1024px) 100vw, 1024px\" \/><figcaption>XXII-FCE_ La persona peggiore del mondo di- Joachim Trier Eventi Special<\/figcaption><\/figure>\n\n\n\n<p>Riconosciuto dal Ministero dei Beni e delle Attivit\u00e0 Culturali \u201cmanifestazione d\u2019interesse nazionale\u201d, il Festival del Cinema europeo \u00e8 membro dell\u2019Associazione Festival Italiani di Cinema, si pregia del Patrocinio del Parlamento Europeo e della collaborazione di Centro Sperimentale di Cinematografia, Cineteca di Bologna, S.N.C.C.I., S.N.G.C.I., FIPRESCI, AFIC, Centro Nazionale del Cortometraggio, Universit\u00e0 del Salento, ARCI Lecce, Rotary Club Lecce<\/p>\n\n\n\n<hr class=\"wp-block-separator\"\/>\n\n\n\n<p><strong>I 10 FILM<\/strong> in concorso<\/p>\n\n\n\n<p><strong><em>A Good Man<\/em><\/strong> di Marie-Castille Mention-Schaar (Francia, 2020) racconta la storia d\u2019amore di Benjamin e Aude e il loro desiderio di un bambino che sconvolge completamente gli equilibri e li costringe a provare a ridefinire il loro posto e il loro rapporto con il mondo&#8230;<\/p>\n\n\n\n<p><strong><em>Fox in a Hole<\/em><\/strong> di Arman T. Riahi (Austria, 2020) \u00e8 la storia di Hannes Fuchs, ambizioso insegnante alle prese con un nuovo lavoro in una scuola carceraria. Qui ritrover\u00e0 una creativit\u00e0 sepolta e l\u2019amore per la vita, ricordando anzitutto le ragioni per cui ha scelto di fare l\u2019insegnante.<\/p>\n\n\n\n<p><strong><em>Love Tasting<\/em><\/strong> di Dawid Nickel (Polonia, 2020) \u00e8 il ritratto di un gruppo di studenti di una scuola media polacca in cerca di identit\u00e0, senso di appartenenza e legami.<\/p>\n\n\n\n<p><strong><em>My Little Sister<\/em><\/strong> di St\u00e9phanie Chuat, V\u00e9ronique Reymond (Svizzera, 2020). Lisa, brillante drammaturga, ha smesso di scrivere e vive in Svizzera con la famiglia. Quando scopre che a suo fratello gemello \u00e8 stato diagnosticato un tipo aggressivo di leucemia, trascurer\u00e0 tutto il resto mettendo a repentaglio persino il proprio matrimonio.<\/p>\n\n\n\n<p><strong><em>Only Human<\/em><\/strong> di Igor Ivanov (Macedonia del Nord, Serbia, Bulgaria, Kossovo, Slovenia 2020) mette in scena sei episodi che hanno per protagonisti personaggi disperati alla ricerca della sopravvivenza e dell\u2019amore, o della redenzione.<\/p>\n\n\n\n<p><strong><em>Otto the Barbarian<\/em><\/strong> di Ruxandra Ghi\u021bescu (Romania, Belgio 2020) \u00e8 la storia di Otto, punk di 17 anni che si ritrova coinvolto nelle indagini dei servizi sociali sulla morte della sua ragazza. Intrappolato in un circolo vizioso generato dai suoi genitori, dovr\u00e0 assumersi la propria parte di responsabilit\u00e0 per ci\u00f2 che \u00e8 accaduto.<\/p>\n\n\n\n<p><strong><em>Persona non grata<\/em><\/strong> di Lisa Jespersen (Danimarca, 2021) \u00e8 un dramma ricco di humour. Laura sta per tornare nella casa natale per partecipare alle nozze del fratello, ma presto scopre che la futura sposa \u00e8 la sua peggior nemica di quando era bambina\u2026<\/p>\n\n\n\n<p><strong><em>Psychosis in Stockolm <\/em><\/strong>di Maria B\u00e4ck (Svezia, Danimarca 2020). Una madre e una figlia sono dirette a Stoccolma per festeggiare i quattordici anni della ragazza. Sul treno la madre comincia ad avere strani comportamenti e la figlia teme che stia per essere colta da un nuovo attacco psicotico.<\/p>\n\n\n\n<p><strong><em>Runner<\/em><\/strong> di Andrius Bla\u017eevi\u010dius (Lituania, Repubblica Ceca 2021). Dopo che il suo ragazzo ha avuto un episodio psicotico ed \u00e8 scomparso, Maria \u00e8 decisa a non lasciare che niente le impedisca di aiutarlo. Aggrappandosi ad ogni indizio su dove possa trovarsi, si imbarca in una frenetica odissea attraverso la citt\u00e0.<\/p>\n\n\n\n<p><strong><em>When I\u2019m Done Dying<\/em><\/strong> di Nisan Da\u011f (Turchia, Germania 2020). \u00e8 una girandola di emozioni che ci conduce nella vita di Fehmi, un aspirante rapper diciannovenne che proviene da un quartiere malfamato di Istanbul. Il ragazzo viene avvicinato da un importante produttore musicale e sa che questa potrebbe essere la sua grande occasione\u2026<\/p>\n","protected":false},"excerpt":{"rendered":"<p>Lecce capitale del cinema con la XXII edizione del Festival del Cinema Europeo dal 6 al 13 novembre al Multisala<\/p>\n","protected":false},"author":1,"featured_media":10531,"comment_status":"open","ping_status":"open","sticky":true,"template":"","format":"standard","meta":[],"categories":[29,28],"tags":[970,2153,3670,389,988,3674,3677,134,2923,3680,3678,3679,976,3676],"yoast_head":"<!-- This site is optimized with the Yoast SEO plugin v18.0 - https:\/\/yoast.com\/wordpress\/plugins\/seo\/ -->\n<title>Festival del Cinema Europeo | Arte e Luoghi<\/title>\n<meta name=\"description\" content=\"La XXII edizione del Festival del Cinema Europeo si svolger\u00e0 a Lecce da sabato 6 a sabato 13 novembre 2021, presso il Multisala Massimo.\" \/>\n<meta name=\"robots\" content=\"index, follow, max-snippet:-1, max-image-preview:large, max-video-preview:-1\" \/>\n<link rel=\"canonical\" href=\"https:\/\/arteeluoghi.it\/index.php\/2021\/11\/05\/festival-del-cinema-europeo-2\/\" \/>\n<meta property=\"og:locale\" content=\"it_IT\" \/>\n<meta property=\"og:type\" content=\"article\" \/>\n<meta property=\"og:title\" content=\"Festival del Cinema Europeo | Arte e Luoghi\" \/>\n<meta property=\"og:description\" content=\"La XXII edizione del Festival del Cinema Europeo si svolger\u00e0 a Lecce da sabato 6 a sabato 13 novembre 2021, presso il Multisala Massimo.\" \/>\n<meta property=\"og:url\" content=\"https:\/\/arteeluoghi.it\/index.php\/2021\/11\/05\/festival-del-cinema-europeo-2\/\" \/>\n<meta property=\"og:site_name\" content=\"Arte e Luoghi\" \/>\n<meta property=\"article:publisher\" content=\"https:\/\/www.facebook.com\/ArteELuoghi\/\" \/>\n<meta property=\"article:published_time\" content=\"2021-11-05T09:58:00+00:00\" \/>\n<meta property=\"article:modified_time\" content=\"2021-11-07T11:01:26+00:00\" \/>\n<meta property=\"og:image\" content=\"https:\/\/arteeluoghi.it\/wp-content\/uploads\/2021\/11\/XXII-FCE_Giovanna-Ralli_I-Protagonisti-del-Cinema-Italiano-scaled.jpg\" \/>\n\t<meta property=\"og:image:width\" content=\"1737\" \/>\n\t<meta property=\"og:image:height\" content=\"2560\" \/>\n\t<meta property=\"og:image:type\" content=\"image\/jpeg\" \/>\n<meta name=\"twitter:card\" content=\"summary\" \/>\n<meta name=\"twitter:creator\" content=\"@arteeluoghi\" \/>\n<meta name=\"twitter:site\" content=\"@arteeluoghi\" \/>\n<meta name=\"twitter:label1\" content=\"Scritto da\" \/>\n\t<meta name=\"twitter:data1\" content=\"Staff\" \/>\n\t<meta name=\"twitter:label2\" content=\"Tempo di lettura stimato\" \/>\n\t<meta name=\"twitter:data2\" content=\"9 minuti\" \/>\n<script type=\"application\/ld+json\" class=\"yoast-schema-graph\">{\"@context\":\"https:\/\/schema.org\",\"@graph\":[{\"@type\":\"Organization\",\"@id\":\"https:\/\/arteeluoghi.it\/#organization\",\"name\":\"Arte e Luoghi\",\"url\":\"https:\/\/arteeluoghi.it\/\",\"sameAs\":[\"https:\/\/www.facebook.com\/ArteELuoghi\/\",\"https:\/\/www.instagram.com\/arteeluoghi\/?hl=it\",\"https:\/\/www.youtube.com\/channel\/UCuRVc4JW4-C5sg9rQB-srkw?view_as=subscriber\",\"https:\/\/twitter.com\/arteeluoghi\"],\"logo\":{\"@type\":\"ImageObject\",\"@id\":\"https:\/\/arteeluoghi.it\/#logo\",\"inLanguage\":\"it-IT\",\"url\":\"https:\/\/arteeluoghi.it\/wp-content\/uploads\/2018\/08\/logoinstagramarte.jpg\",\"contentUrl\":\"https:\/\/arteeluoghi.it\/wp-content\/uploads\/2018\/08\/logoinstagramarte.jpg\",\"width\":150,\"height\":150,\"caption\":\"Arte e Luoghi\"},\"image\":{\"@id\":\"https:\/\/arteeluoghi.it\/#logo\"}},{\"@type\":\"WebSite\",\"@id\":\"https:\/\/arteeluoghi.it\/#website\",\"url\":\"https:\/\/arteeluoghi.it\/\",\"name\":\"Arte e Luoghi\",\"description\":\"Mensile di arte, cultura, turismo e curiosit\u00e0\",\"publisher\":{\"@id\":\"https:\/\/arteeluoghi.it\/#organization\"},\"potentialAction\":[{\"@type\":\"SearchAction\",\"target\":{\"@type\":\"EntryPoint\",\"urlTemplate\":\"https:\/\/arteeluoghi.it\/?s={search_term_string}\"},\"query-input\":\"required name=search_term_string\"}],\"inLanguage\":\"it-IT\"},{\"@type\":\"ImageObject\",\"@id\":\"https:\/\/arteeluoghi.it\/index.php\/2021\/11\/05\/festival-del-cinema-europeo-2\/#primaryimage\",\"inLanguage\":\"it-IT\",\"url\":\"https:\/\/arteeluoghi.it\/wp-content\/uploads\/2021\/11\/XXII-FCE_Giovanna-Ralli_I-Protagonisti-del-Cinema-Italiano-scaled.jpg\",\"contentUrl\":\"https:\/\/arteeluoghi.it\/wp-content\/uploads\/2021\/11\/XXII-FCE_Giovanna-Ralli_I-Protagonisti-del-Cinema-Italiano-scaled.jpg\",\"width\":1737,\"height\":2560},{\"@type\":\"WebPage\",\"@id\":\"https:\/\/arteeluoghi.it\/index.php\/2021\/11\/05\/festival-del-cinema-europeo-2\/#webpage\",\"url\":\"https:\/\/arteeluoghi.it\/index.php\/2021\/11\/05\/festival-del-cinema-europeo-2\/\",\"name\":\"Festival del Cinema Europeo | Arte e Luoghi\",\"isPartOf\":{\"@id\":\"https:\/\/arteeluoghi.it\/#website\"},\"primaryImageOfPage\":{\"@id\":\"https:\/\/arteeluoghi.it\/index.php\/2021\/11\/05\/festival-del-cinema-europeo-2\/#primaryimage\"},\"datePublished\":\"2021-11-05T09:58:00+00:00\",\"dateModified\":\"2021-11-07T11:01:26+00:00\",\"description\":\"La XXII edizione del Festival del Cinema Europeo si svolger\u00e0 a Lecce da sabato 6 a sabato 13 novembre 2021, presso il Multisala Massimo.\",\"breadcrumb\":{\"@id\":\"https:\/\/arteeluoghi.it\/index.php\/2021\/11\/05\/festival-del-cinema-europeo-2\/#breadcrumb\"},\"inLanguage\":\"it-IT\",\"potentialAction\":[{\"@type\":\"ReadAction\",\"target\":[\"https:\/\/arteeluoghi.it\/index.php\/2021\/11\/05\/festival-del-cinema-europeo-2\/\"]}]},{\"@type\":\"BreadcrumbList\",\"@id\":\"https:\/\/arteeluoghi.it\/index.php\/2021\/11\/05\/festival-del-cinema-europeo-2\/#breadcrumb\",\"itemListElement\":[{\"@type\":\"ListItem\",\"position\":1,\"name\":\"Home\",\"item\":\"https:\/\/arteeluoghi.it\/\"},{\"@type\":\"ListItem\",\"position\":2,\"name\":\"Festival del Cinema Europeo\"}]},{\"@type\":\"Article\",\"@id\":\"https:\/\/arteeluoghi.it\/index.php\/2021\/11\/05\/festival-del-cinema-europeo-2\/#article\",\"isPartOf\":{\"@id\":\"https:\/\/arteeluoghi.it\/index.php\/2021\/11\/05\/festival-del-cinema-europeo-2\/#webpage\"},\"author\":{\"@id\":\"https:\/\/arteeluoghi.it\/#\/schema\/person\/f84e814e36e91e01448ee07eaadd41d4\"},\"headline\":\"Festival del Cinema Europeo\",\"datePublished\":\"2021-11-05T09:58:00+00:00\",\"dateModified\":\"2021-11-07T11:01:26+00:00\",\"mainEntityOfPage\":{\"@id\":\"https:\/\/arteeluoghi.it\/index.php\/2021\/11\/05\/festival-del-cinema-europeo-2\/#webpage\"},\"wordCount\":1612,\"commentCount\":0,\"publisher\":{\"@id\":\"https:\/\/arteeluoghi.it\/#organization\"},\"image\":{\"@id\":\"https:\/\/arteeluoghi.it\/index.php\/2021\/11\/05\/festival-del-cinema-europeo-2\/#primaryimage\"},\"thumbnailUrl\":\"https:\/\/arteeluoghi.it\/wp-content\/uploads\/2021\/11\/XXII-FCE_Giovanna-Ralli_I-Protagonisti-del-Cinema-Italiano-scaled.jpg\",\"keywords\":[\"Alberto La Monica\",\"Aldo Fabrizi\",\"Alessandro Preziosi\",\"cinema\",\"Festival del Cinema Europeo\",\"Giovanna Ralli\",\"Istv\u00e1n Szab\u00f3\",\"Lecce\",\"Luca Verdone\",\"Nino Manfredi\",\"Paolo Costella\",\"Paolo Genovese\",\"Premio Mario Verdone\",\"Premio. Ulivo d&#039;oro\"],\"articleSection\":[\"Cinema\",\"Notizie\"],\"inLanguage\":\"it-IT\",\"potentialAction\":[{\"@type\":\"CommentAction\",\"name\":\"Comment\",\"target\":[\"https:\/\/arteeluoghi.it\/index.php\/2021\/11\/05\/festival-del-cinema-europeo-2\/#respond\"]}]},{\"@type\":\"Person\",\"@id\":\"https:\/\/arteeluoghi.it\/#\/schema\/person\/f84e814e36e91e01448ee07eaadd41d4\",\"name\":\"Staff\",\"image\":{\"@type\":\"ImageObject\",\"@id\":\"https:\/\/arteeluoghi.it\/#personlogo\",\"inLanguage\":\"it-IT\",\"url\":\"https:\/\/secure.gravatar.com\/avatar\/49d2f9e46271bb04e19cebfaf141313a?s=96&d=blank&r=g\",\"contentUrl\":\"https:\/\/secure.gravatar.com\/avatar\/49d2f9e46271bb04e19cebfaf141313a?s=96&d=blank&r=g\",\"caption\":\"Staff\"}}]}<\/script>\n<!-- \/ Yoast SEO plugin. -->","yoast_head_json":{"title":"Festival del Cinema Europeo | Arte e Luoghi","description":"La XXII edizione del Festival del Cinema Europeo si svolger\u00e0 a Lecce da sabato 6 a sabato 13 novembre 2021, presso il Multisala Massimo.","robots":{"index":"index","follow":"follow","max-snippet":"max-snippet:-1","max-image-preview":"max-image-preview:large","max-video-preview":"max-video-preview:-1"},"canonical":"https:\/\/arteeluoghi.it\/index.php\/2021\/11\/05\/festival-del-cinema-europeo-2\/","og_locale":"it_IT","og_type":"article","og_title":"Festival del Cinema Europeo | Arte e Luoghi","og_description":"La XXII edizione del Festival del Cinema Europeo si svolger\u00e0 a Lecce da sabato 6 a sabato 13 novembre 2021, presso il Multisala Massimo.","og_url":"https:\/\/arteeluoghi.it\/index.php\/2021\/11\/05\/festival-del-cinema-europeo-2\/","og_site_name":"Arte e Luoghi","article_publisher":"https:\/\/www.facebook.com\/ArteELuoghi\/","article_published_time":"2021-11-05T09:58:00+00:00","article_modified_time":"2021-11-07T11:01:26+00:00","og_image":[{"width":1737,"height":2560,"url":"https:\/\/arteeluoghi.it\/wp-content\/uploads\/2021\/11\/XXII-FCE_Giovanna-Ralli_I-Protagonisti-del-Cinema-Italiano-scaled.jpg","type":"image\/jpeg"}],"twitter_card":"summary","twitter_creator":"@arteeluoghi","twitter_site":"@arteeluoghi","twitter_misc":{"Scritto da":"Staff","Tempo di lettura stimato":"9 minuti"},"schema":{"@context":"https:\/\/schema.org","@graph":[{"@type":"Organization","@id":"https:\/\/arteeluoghi.it\/#organization","name":"Arte e Luoghi","url":"https:\/\/arteeluoghi.it\/","sameAs":["https:\/\/www.facebook.com\/ArteELuoghi\/","https:\/\/www.instagram.com\/arteeluoghi\/?hl=it","https:\/\/www.youtube.com\/channel\/UCuRVc4JW4-C5sg9rQB-srkw?view_as=subscriber","https:\/\/twitter.com\/arteeluoghi"],"logo":{"@type":"ImageObject","@id":"https:\/\/arteeluoghi.it\/#logo","inLanguage":"it-IT","url":"https:\/\/arteeluoghi.it\/wp-content\/uploads\/2018\/08\/logoinstagramarte.jpg","contentUrl":"https:\/\/arteeluoghi.it\/wp-content\/uploads\/2018\/08\/logoinstagramarte.jpg","width":150,"height":150,"caption":"Arte e Luoghi"},"image":{"@id":"https:\/\/arteeluoghi.it\/#logo"}},{"@type":"WebSite","@id":"https:\/\/arteeluoghi.it\/#website","url":"https:\/\/arteeluoghi.it\/","name":"Arte e Luoghi","description":"Mensile di arte, cultura, turismo e curiosit\u00e0","publisher":{"@id":"https:\/\/arteeluoghi.it\/#organization"},"potentialAction":[{"@type":"SearchAction","target":{"@type":"EntryPoint","urlTemplate":"https:\/\/arteeluoghi.it\/?s={search_term_string}"},"query-input":"required name=search_term_string"}],"inLanguage":"it-IT"},{"@type":"ImageObject","@id":"https:\/\/arteeluoghi.it\/index.php\/2021\/11\/05\/festival-del-cinema-europeo-2\/#primaryimage","inLanguage":"it-IT","url":"https:\/\/arteeluoghi.it\/wp-content\/uploads\/2021\/11\/XXII-FCE_Giovanna-Ralli_I-Protagonisti-del-Cinema-Italiano-scaled.jpg","contentUrl":"https:\/\/arteeluoghi.it\/wp-content\/uploads\/2021\/11\/XXII-FCE_Giovanna-Ralli_I-Protagonisti-del-Cinema-Italiano-scaled.jpg","width":1737,"height":2560},{"@type":"WebPage","@id":"https:\/\/arteeluoghi.it\/index.php\/2021\/11\/05\/festival-del-cinema-europeo-2\/#webpage","url":"https:\/\/arteeluoghi.it\/index.php\/2021\/11\/05\/festival-del-cinema-europeo-2\/","name":"Festival del Cinema Europeo | Arte e Luoghi","isPartOf":{"@id":"https:\/\/arteeluoghi.it\/#website"},"primaryImageOfPage":{"@id":"https:\/\/arteeluoghi.it\/index.php\/2021\/11\/05\/festival-del-cinema-europeo-2\/#primaryimage"},"datePublished":"2021-11-05T09:58:00+00:00","dateModified":"2021-11-07T11:01:26+00:00","description":"La XXII edizione del Festival del Cinema Europeo si svolger\u00e0 a Lecce da sabato 6 a sabato 13 novembre 2021, presso il Multisala Massimo.","breadcrumb":{"@id":"https:\/\/arteeluoghi.it\/index.php\/2021\/11\/05\/festival-del-cinema-europeo-2\/#breadcrumb"},"inLanguage":"it-IT","potentialAction":[{"@type":"ReadAction","target":["https:\/\/arteeluoghi.it\/index.php\/2021\/11\/05\/festival-del-cinema-europeo-2\/"]}]},{"@type":"BreadcrumbList","@id":"https:\/\/arteeluoghi.it\/index.php\/2021\/11\/05\/festival-del-cinema-europeo-2\/#breadcrumb","itemListElement":[{"@type":"ListItem","position":1,"name":"Home","item":"https:\/\/arteeluoghi.it\/"},{"@type":"ListItem","position":2,"name":"Festival del Cinema Europeo"}]},{"@type":"Article","@id":"https:\/\/arteeluoghi.it\/index.php\/2021\/11\/05\/festival-del-cinema-europeo-2\/#article","isPartOf":{"@id":"https:\/\/arteeluoghi.it\/index.php\/2021\/11\/05\/festival-del-cinema-europeo-2\/#webpage"},"author":{"@id":"https:\/\/arteeluoghi.it\/#\/schema\/person\/f84e814e36e91e01448ee07eaadd41d4"},"headline":"Festival del Cinema Europeo","datePublished":"2021-11-05T09:58:00+00:00","dateModified":"2021-11-07T11:01:26+00:00","mainEntityOfPage":{"@id":"https:\/\/arteeluoghi.it\/index.php\/2021\/11\/05\/festival-del-cinema-europeo-2\/#webpage"},"wordCount":1612,"commentCount":0,"publisher":{"@id":"https:\/\/arteeluoghi.it\/#organization"},"image":{"@id":"https:\/\/arteeluoghi.it\/index.php\/2021\/11\/05\/festival-del-cinema-europeo-2\/#primaryimage"},"thumbnailUrl":"https:\/\/arteeluoghi.it\/wp-content\/uploads\/2021\/11\/XXII-FCE_Giovanna-Ralli_I-Protagonisti-del-Cinema-Italiano-scaled.jpg","keywords":["Alberto La Monica","Aldo Fabrizi","Alessandro Preziosi","cinema","Festival del Cinema Europeo","Giovanna Ralli","Istv\u00e1n Szab\u00f3","Lecce","Luca Verdone","Nino Manfredi","Paolo Costella","Paolo Genovese","Premio Mario Verdone","Premio. Ulivo d&#039;oro"],"articleSection":["Cinema","Notizie"],"inLanguage":"it-IT","potentialAction":[{"@type":"CommentAction","name":"Comment","target":["https:\/\/arteeluoghi.it\/index.php\/2021\/11\/05\/festival-del-cinema-europeo-2\/#respond"]}]},{"@type":"Person","@id":"https:\/\/arteeluoghi.it\/#\/schema\/person\/f84e814e36e91e01448ee07eaadd41d4","name":"Staff","image":{"@type":"ImageObject","@id":"https:\/\/arteeluoghi.it\/#personlogo","inLanguage":"it-IT","url":"https:\/\/secure.gravatar.com\/avatar\/49d2f9e46271bb04e19cebfaf141313a?s=96&d=blank&r=g","contentUrl":"https:\/\/secure.gravatar.com\/avatar\/49d2f9e46271bb04e19cebfaf141313a?s=96&d=blank&r=g","caption":"Staff"}}]}},"_links":{"self":[{"href":"https:\/\/arteeluoghi.it\/index.php\/wp-json\/wp\/v2\/posts\/10530"}],"collection":[{"href":"https:\/\/arteeluoghi.it\/index.php\/wp-json\/wp\/v2\/posts"}],"about":[{"href":"https:\/\/arteeluoghi.it\/index.php\/wp-json\/wp\/v2\/types\/post"}],"author":[{"embeddable":true,"href":"https:\/\/arteeluoghi.it\/index.php\/wp-json\/wp\/v2\/users\/1"}],"replies":[{"embeddable":true,"href":"https:\/\/arteeluoghi.it\/index.php\/wp-json\/wp\/v2\/comments?post=10530"}],"version-history":[{"count":1,"href":"https:\/\/arteeluoghi.it\/index.php\/wp-json\/wp\/v2\/posts\/10530\/revisions"}],"predecessor-version":[{"id":10536,"href":"https:\/\/arteeluoghi.it\/index.php\/wp-json\/wp\/v2\/posts\/10530\/revisions\/10536"}],"wp:featuredmedia":[{"embeddable":true,"href":"https:\/\/arteeluoghi.it\/index.php\/wp-json\/wp\/v2\/media\/10531"}],"wp:attachment":[{"href":"https:\/\/arteeluoghi.it\/index.php\/wp-json\/wp\/v2\/media?parent=10530"}],"wp:term":[{"taxonomy":"category","embeddable":true,"href":"https:\/\/arteeluoghi.it\/index.php\/wp-json\/wp\/v2\/categories?post=10530"},{"taxonomy":"post_tag","embeddable":true,"href":"https:\/\/arteeluoghi.it\/index.php\/wp-json\/wp\/v2\/tags?post=10530"}],"curies":[{"name":"wp","href":"https:\/\/api.w.org\/{rel}","templated":true}]}}