{"id":10548,"date":"2021-11-13T20:15:40","date_gmt":"2021-11-13T19:15:40","guid":{"rendered":"https:\/\/arteeluoghi.it\/?p=10548"},"modified":"2021-11-13T20:40:49","modified_gmt":"2021-11-13T19:40:49","slug":"francesca-mele-in-mostra-a-rheine","status":"publish","type":"post","link":"https:\/\/arteeluoghi.it\/index.php\/2021\/11\/13\/francesca-mele-in-mostra-a-rheine\/","title":{"rendered":"Francesca Mele in mostra a Rheine"},"content":{"rendered":"\n<blockquote class=\"wp-block-quote\"><p>Si inaugura il 14 novembre la personale di pittura L&#8217;invisibile della natura nelle sale espositive del Gertrudenstift in Germania, il 7 dicembre invece &#8220;Visioni ed incantamenti&#8221; a M\u00fcnster con un nuovo nucleo di opere visitabili fino a febbraio 2022.  Le due mostre celebrano i quarant&#8217;anni di una brillante carriera artistica <\/p><cite>Antonietta Fulvio<\/cite><\/blockquote>\n\n\n\n<p>Non poteva scegliere modo migliore <strong>Francesca Mele<\/strong> che celebrare i suoi primi quanrant&#8217;anni di carriera artistica con una straordinaria mostra che la vede ritornare in Germania a  distanza di due anni. Un gradito ritorno a Rheine nelle sale del Gertrudenstif  &#8211; dove \u00e8 esposta nella collezione d\u2019arte permanente l\u2019opera \u201cLa morte non esiste pi\u00f9\u201d &#8211; con le opere che indagano &#8220;L&#8217;invisibile della Natura&#8221; . <\/p>\n\n\n\n<p>Il vernissage \u00e8 fissato domenica <strong>14 novembre<\/strong> e la mostra potr\u00e0 essere visitata fino al prossimo <strong>al 23 gennaio 2022<\/strong>. Ma \u00e8 solo un preludio, come nelle pi\u00f9 belle opere musicali. <\/p>\n\n\n\n<h2>A <strong>M\u00fcnster<\/strong><\/h2>\n\n\n\n<p>Una nuova personale, stavolta incentrata sul tema &#8220;Visioni ed incantamenti&#8221; si aprir\u00e0 a <strong>M\u00fcnster<\/strong> dal <strong>7 dicembre 2021 al 28 febbraio 2022<\/strong> in entrambe le occasioni sar\u00e0 presentato il catalogo, pubblicato per i tipi della casa editrice \u00a0<a href=\"https:\/\/www.aschendorff-buchverlag.de\/listview?ssearch=1&amp;search_stichwort=Francesca+Mele+Written+in+water\">Aschendorff Verlag di M\u00fcnster<\/a>, con i contributi critici del teologo e filosofo tedesco <strong>Elmar Salman<\/strong> e la prefazione di <strong>Christoph Hegge<\/strong> Vescovo ausiliare di M\u00fcnster che spiega il valore di questo progetto artistico: \u00ab\u2018Written in Water, Visioni e riflessi di solitudine.\u2019 \u2013 Il titolo di questo catalogo d\u2019arte mira a far risuonare le dimensioni profonde, i regni \u201cmetafisici\u201d della nostra percezione. Un dialogo tra uomo, architettura e natura che attraverso mezzi stilistici del Surrealismo e in parte del Cubismo mette in discussione l\u2019esistenza dell\u2019essere umano rispetto alla sua ragione significante e invita a partecipare visionariamente in solitudine alla formazione e alla conservazione del mondo e della creazione. Come membro della Commissione per la Scienza e la Cultura della Conferenza Episcopale Tedesca, \u00e8 anche mia grande preoccupazione promuovere questo dialogo di ricerca interiore e di garanzia dello sviluppo umano \u2013 uno sguardo attento alle meraviglie della creazione ed al potere creativo dell\u2019essere umano che \u00e8 orientato, per dirla con san Tommaso d\u2019Aquino, verso \u2018il pulchrum, il verum e il bonum\u2019.\u00bb<\/p>\n\n\n\n<!--more-->\n\n\n\n<p>Visioni oniriche che viaggiano oltre il tempo e lo spazio indagando pensieri, suscitando emozioni indimenticabili. Come ha gi\u00e0 avuto modo di scrivere delle sue opere il filosofo e teologo Elmar Salmann:&nbsp;\u00ab\u00c8 una pittura sul limitare di enigma e cifra, verso un segreto che soffia intorno a noi, ci assilla e ci lascia fuggire. Tuttavia non gli sfuggiamo.\u00bb Le tele di Francesca Mele catturano e incantano lo sguardo dell\u2019osservatore e restano scolpite per sempre negli occhi di chi le guarda. Le opere presentate nella mostra &#8220;L&#8217;invisibile nella natura, spiega lo stesso Salman, \u00abNon \u00e8 una natura reale, ma piuttosto sono nature morte che vogliono cogliere l\u2018essenza della natura, la sua indole o apparenza invisibile. L\u2019essenziale non si vede \u2013 e appunto questo viene qui raffigurato, messo davanti ad occhi che vedono e non vedono, che stravedono per qualcosa che non comprendono.\u00bb<\/p>\n\n\n\n<style id=\"bwg-style-0\">    #bwg_container1_0 #bwg_container2_0 .bwg-container-0.bwg-standard-thumbnails {      width: 1254px;              justify-content: center;        margin:0 auto !important;              background-color: rgba(255, 255, 255, 0.00);            padding-left: 4px;      padding-top: 4px;      max-width: 100%;            }        #bwg_container1_0 #bwg_container2_0 .bwg-container-0.bwg-standard-thumbnails .bwg-item {    justify-content: flex-start;      max-width: 250px;          }    #bwg_container1_0 #bwg_container2_0 .bwg-container-0.bwg-standard-thumbnails .bwg-item a {       margin-right: 4px;       margin-bottom: 4px;    }    #bwg_container1_0 #bwg_container2_0 .bwg-container-0.bwg-standard-thumbnails .bwg-item0 {      padding: 0px;            background-color:rgba(255,255,255, 0.30);      border: 0px none #CCCCCC;      opacity: 1.00;      border-radius: 0;      box-shadow: 0px 0px 0px #888888;    }    #bwg_container1_0 #bwg_container2_0 .bwg-container-0.bwg-standard-thumbnails .bwg-item1 img {      max-height: none;      max-width: none;      padding: 0 !important;    }        @media only screen and (min-width: 480px) {      #bwg_container1_0 #bwg_container2_0 .bwg-container-0.bwg-standard-thumbnails .bwg-item0 {        transition: all 0.3s ease 0s;-webkit-transition: all 0.3s ease 0s;      }      #bwg_container1_0 #bwg_container2_0 .bwg-container-0.bwg-standard-thumbnails .bwg-item0:hover {        -ms-transform: scale(1.1);        -webkit-transform: scale(1.1);        transform: scale(1.1);      }    }          #bwg_container1_0 #bwg_container2_0 .bwg-container-0.bwg-standard-thumbnails .bwg-item1 {      padding-top: 56%;    }        #bwg_container1_0 #bwg_container2_0 .bwg-container-0.bwg-standard-thumbnails .bwg-title1 {      position: absolute;      top: 0;      z-index: 100;      width: 100%;      height: 100%;      display: flex;      justify-content: center;      align-content: center;      flex-direction: column;      opacity: 0;    }\t      #bwg_container1_0 #bwg_container2_0 .bwg-container-0.bwg-standard-thumbnails .bwg-title2,    #bwg_container1_0 #bwg_container2_0 .bwg-container-0.bwg-standard-thumbnails .bwg-ecommerce2 {      color: #FFFFFF;      font-family: segoe ui;      font-size: 16px;      font-weight: bold;      padding: 2px;      text-shadow: 0px 0px 0px #888888;      max-height: 100%;    }    #bwg_container1_0 #bwg_container2_0 .bwg-container-0.bwg-standard-thumbnails .bwg-thumb-description span {    color: #323A45;    font-family: Ubuntu;    font-size: 12px;    max-height: 100%;    word-wrap: break-word;    }    #bwg_container1_0 #bwg_container2_0 .bwg-container-0.bwg-standard-thumbnails .bwg-play-icon2 {      font-size: 32px;    }    #bwg_container1_0 #bwg_container2_0 .bwg-container-0.bwg-standard-thumbnails .bwg-ecommerce2 {      font-size: 19.2px;      color: #CCCCCC;    }    <\/style>    <div id=\"bwg_container1_0\"         class=\"bwg_container bwg_thumbnail bwg_thumbnails \"         data-right-click-protection=\"0\"         data-bwg=\"0\"         data-scroll=\"0\"         data-gallery-type=\"thumbnails\"         data-gallery-view-type=\"thumbnails\"         data-current-url=\"\/index.php\/wp-json\/wp\/v2\/posts\/10548\"         data-lightbox-url=\"https:\/\/arteeluoghi.it\/wp-admin\/admin-ajax.php?action=GalleryBox&#038;current_view=0&#038;gallery_id=36&#038;tag=0&#038;theme_id=1&#038;shortcode_id=117&#038;sort_by=order&#038;order_by=asc&#038;current_url=%2Findex.php%2Fwp-json%2Fwp%2Fv2%2Fposts%2F10548\"         data-gallery-id=\"36\"         data-popup-width=\"800\"         data-popup-height=\"500\"         data-is-album=\"gallery\"         data-buttons-position=\"bottom\">      <div id=\"bwg_container2_0\">             <div id=\"ajax_loading_0\" class=\"bwg_loading_div_1\">      <div class=\"bwg_loading_div_2\">        <div class=\"bwg_loading_div_3\">          <div id=\"loading_div_0\" class=\"bwg_spider_ajax_loading\">          <\/div>        <\/div>      <\/div>    <\/div>            <form id=\"gal_front_form_0\"              class=\"bwg-hidden\"              method=\"post\"              action=\"#\"              data-current=\"0\"              data-shortcode-id=\"117\"              data-gallery-type=\"thumbnails\"              data-gallery-id=\"36\"              data-tag=\"0\"              data-album-id=\"0\"              data-theme-id=\"1\"              data-ajax-url=\"https:\/\/arteeluoghi.it\/wp-admin\/admin-ajax.php?action=bwg_frontend_data\">          <div id=\"bwg_container3_0\" class=\"bwg-background bwg-background-0\">                <div data-max-count=\"5\"         data-thumbnail-width=\"250\"         data-bwg=\"0\"         data-gallery-id=\"36\"         data-lightbox-url=\"https:\/\/arteeluoghi.it\/wp-admin\/admin-ajax.php?action=GalleryBox&amp;current_view=0&amp;gallery_id=36&amp;tag=0&amp;theme_id=1&amp;shortcode_id=117&amp;sort_by=order&amp;order_by=asc&amp;current_url=%2Findex.php%2Fwp-json%2Fwp%2Fv2%2Fposts%2F10548\"         id=\"bwg_thumbnails_0\"         class=\"bwg-container-0 bwg-thumbnails bwg-standard-thumbnails bwg-container bwg-border-box\">            <div class=\"bwg-item\">        <a class=\"bwg-a  bwg_lightbox\"  data-image-id=\"585\" href=\"https:\/\/arteeluoghi.it\/wp-content\/uploads\/photo-gallery\/Mele_in_Germania\/13.-Melagrane-.jpg?bwg=1636831434\" data-elementor-open-lightbox=\"no\">                <div class=\"bwg-item0 \">          <div class=\"bwg-item1 \">            <div class=\"bwg-item2\">              <img class=\"skip-lazy bwg_standart_thumb_img_0 \"                   data-id=\"585\"                   data-width=\"500\"                   data-height=\"495\"                   data-src=\"https:\/\/arteeluoghi.it\/wp-content\/uploads\/photo-gallery\/Mele_in_Germania\/thumb\/13.-Melagrane-.jpg?bwg=1636831434\"                   src=\"https:\/\/arteeluoghi.it\/wp-content\/uploads\/photo-gallery\/Mele_in_Germania\/thumb\/13.-Melagrane-.jpg?bwg=1636831434\"                   alt=\"Francesca Mele, Melagrane, 2019\"                   title=\"Francesca Mele, Melagrane, 2019\" \/>            <\/div>            <div class=\"\">              <div class=\"bwg-title1\"><div class=\"bwg-title2\">Francesca Mele, Melagrane, 2019<\/div><\/div>                                        <\/div>          <\/div>        <\/div>                        <\/a>              <\/div>            <div class=\"bwg-item\">        <a class=\"bwg-a  bwg_lightbox\"  data-image-id=\"583\" href=\"https:\/\/arteeluoghi.it\/wp-content\/uploads\/photo-gallery\/Mele_in_Germania\/Francesca_Mele__Rheine_Gertrudenstif3.jpeg?bwg=1636831099\" data-elementor-open-lightbox=\"no\">                <div class=\"bwg-item0 \">          <div class=\"bwg-item1 \">            <div class=\"bwg-item2\">              <img class=\"skip-lazy bwg_standart_thumb_img_0 \"                   data-id=\"583\"                   data-width=\"500\"                   data-height=\"375\"                   data-src=\"https:\/\/arteeluoghi.it\/wp-content\/uploads\/photo-gallery\/Mele_in_Germania\/thumb\/Francesca_Mele__Rheine_Gertrudenstif3.jpeg?bwg=1636831099\"                   src=\"https:\/\/arteeluoghi.it\/wp-content\/uploads\/photo-gallery\/Mele_in_Germania\/thumb\/Francesca_Mele__Rheine_Gertrudenstif3.jpeg?bwg=1636831099\"                   alt=\"Francesca Mele, Rheine Gertrudenstif , particolare allestimento, 13 novembre 2021\"                   title=\"Francesca Mele, Rheine Gertrudenstif , particolare allestimento, 13 novembre 2021\" \/>            <\/div>            <div class=\"\">              <div class=\"bwg-title1\"><div class=\"bwg-title2\">Francesca Mele, Rheine Gertrudenstif , particolare allestimento, 13 novembre 2021<\/div><\/div>                                        <\/div>          <\/div>        <\/div>                        <\/a>              <\/div>            <div class=\"bwg-item\">        <a class=\"bwg-a  bwg_lightbox\"  data-image-id=\"582\" href=\"https:\/\/arteeluoghi.it\/wp-content\/uploads\/photo-gallery\/Mele_in_Germania\/26.-Alchimie.-Di-Terra-di-Mare-di-Cieloweb.jpg?bwg=1636831092\" data-elementor-open-lightbox=\"no\">                <div class=\"bwg-item0 \">          <div class=\"bwg-item1 \">            <div class=\"bwg-item2\">              <img class=\"skip-lazy bwg_standart_thumb_img_0 \"                   data-id=\"582\"                   data-width=\"347\"                   data-height=\"500\"                   data-src=\"https:\/\/arteeluoghi.it\/wp-content\/uploads\/photo-gallery\/Mele_in_Germania\/thumb\/26.-Alchimie.-Di-Terra-di-Mare-di-Cieloweb.jpg?bwg=1636831092\"                   src=\"https:\/\/arteeluoghi.it\/wp-content\/uploads\/photo-gallery\/Mele_in_Germania\/thumb\/26.-Alchimie.-Di-Terra-di-Mare-di-Cieloweb.jpg?bwg=1636831092\"                   alt=\"Francesca Mele, Alchimie di Terra di Mare di Cielo, 2020\"                   title=\"Francesca Mele, Alchimie di Terra di Mare di Cielo, 2020\" \/>            <\/div>            <div class=\"\">              <div class=\"bwg-title1\"><div class=\"bwg-title2\">Francesca Mele, Alchimie di Terra di Mare di Cielo, 2020<\/div><\/div>                                        <\/div>          <\/div>        <\/div>                        <\/a>              <\/div>            <div class=\"bwg-item\">        <a class=\"bwg-a  bwg_lightbox\"  data-image-id=\"581\" href=\"https:\/\/arteeluoghi.it\/wp-content\/uploads\/photo-gallery\/Mele_in_Germania\/Francesca_Mele_Rheine_Gertrudenstif5.jpeg?bwg=1636831086\" data-elementor-open-lightbox=\"no\">                <div class=\"bwg-item0 \">          <div class=\"bwg-item1 \">            <div class=\"bwg-item2\">              <img class=\"skip-lazy bwg_standart_thumb_img_0 \"                   data-id=\"581\"                   data-width=\"500\"                   data-height=\"375\"                   data-src=\"https:\/\/arteeluoghi.it\/wp-content\/uploads\/photo-gallery\/Mele_in_Germania\/thumb\/Francesca_Mele_Rheine_Gertrudenstif5.jpeg?bwg=1636831086\"                   src=\"https:\/\/arteeluoghi.it\/wp-content\/uploads\/photo-gallery\/Mele_in_Germania\/thumb\/Francesca_Mele_Rheine_Gertrudenstif5.jpeg?bwg=1636831086\"                   alt=\"Francesca Mele, Rheine Gertrudenstif , particolare allestimento, 13 novembre 2021\"                   title=\"Francesca Mele, Rheine Gertrudenstif , particolare allestimento, 13 novembre 2021\" \/>            <\/div>            <div class=\"\">              <div class=\"bwg-title1\"><div class=\"bwg-title2\">Francesca Mele, Rheine Gertrudenstif , particolare allestimento, 13 novembre 2021<\/div><\/div>                                        <\/div>          <\/div>        <\/div>                        <\/a>              <\/div>            <div class=\"bwg-item\">        <a class=\"bwg-a  bwg_lightbox\"  data-image-id=\"580\" href=\"https:\/\/arteeluoghi.it\/wp-content\/uploads\/photo-gallery\/Mele_in_Germania\/25.-Percorsi-obbligatoriweb.jpg?bwg=1636831073\" data-elementor-open-lightbox=\"no\">                <div class=\"bwg-item0 \">          <div class=\"bwg-item1 \">            <div class=\"bwg-item2\">              <img class=\"skip-lazy bwg_standart_thumb_img_0 \"                   data-id=\"580\"                   data-width=\"499\"                   data-height=\"500\"                   data-src=\"https:\/\/arteeluoghi.it\/wp-content\/uploads\/photo-gallery\/Mele_in_Germania\/thumb\/25.-Percorsi-obbligatoriweb.jpg?bwg=1636831073\"                   src=\"https:\/\/arteeluoghi.it\/wp-content\/uploads\/photo-gallery\/Mele_in_Germania\/thumb\/25.-Percorsi-obbligatoriweb.jpg?bwg=1636831073\"                   alt=\"Francesca Mele, Percorsi obbligatori, 2021\"                   title=\"Francesca Mele, Percorsi obbligatori, 2021\" \/>            <\/div>            <div class=\"\">              <div class=\"bwg-title1\"><div class=\"bwg-title2\">Francesca Mele, Percorsi obbligatori, 2021<\/div><\/div>                                        <\/div>          <\/div>        <\/div>                        <\/a>              <\/div>            <div class=\"bwg-item\">        <a class=\"bwg-a  bwg_lightbox\"  data-image-id=\"579\" href=\"https:\/\/arteeluoghi.it\/wp-content\/uploads\/photo-gallery\/Mele_in_Germania\/rassegna_tedesca.jpeg?bwg=1636831068\" data-elementor-open-lightbox=\"no\">                <div class=\"bwg-item0 \">          <div class=\"bwg-item1 \">            <div class=\"bwg-item2\">              <img class=\"skip-lazy bwg_standart_thumb_img_0 \"                   data-id=\"579\"                   data-width=\"375\"                   data-height=\"500\"                   data-src=\"https:\/\/arteeluoghi.it\/wp-content\/uploads\/photo-gallery\/Mele_in_Germania\/thumb\/rassegna_tedesca.jpeg?bwg=1636831068\"                   src=\"https:\/\/arteeluoghi.it\/wp-content\/uploads\/photo-gallery\/Mele_in_Germania\/thumb\/rassegna_tedesca.jpeg?bwg=1636831068\"                   alt=\"rassegna stampa tedesca\"                   title=\"rassegna stampa tedesca\" \/>            <\/div>            <div class=\"\">              <div class=\"bwg-title1\"><div class=\"bwg-title2\">rassegna stampa tedesca<\/div><\/div>                                        <\/div>          <\/div>        <\/div>                        <\/a>              <\/div>            <div class=\"bwg-item\">        <a class=\"bwg-a  bwg_lightbox\"  data-image-id=\"578\" href=\"https:\/\/arteeluoghi.it\/wp-content\/uploads\/photo-gallery\/Mele_in_Germania\/Francesca_Mele_Rheine_Gertrudenstif.jpeg?bwg=1636831063\" data-elementor-open-lightbox=\"no\">                <div class=\"bwg-item0 \">          <div class=\"bwg-item1 \">            <div class=\"bwg-item2\">              <img class=\"skip-lazy bwg_standart_thumb_img_0 \"                   data-id=\"578\"                   data-width=\"500\"                   data-height=\"375\"                   data-src=\"https:\/\/arteeluoghi.it\/wp-content\/uploads\/photo-gallery\/Mele_in_Germania\/thumb\/Francesca_Mele_Rheine_Gertrudenstif.jpeg?bwg=1636831063\"                   src=\"https:\/\/arteeluoghi.it\/wp-content\/uploads\/photo-gallery\/Mele_in_Germania\/thumb\/Francesca_Mele_Rheine_Gertrudenstif.jpeg?bwg=1636831063\"                   alt=\" Rheine Gertrudenstif\"                   title=\" Rheine Gertrudenstif\" \/>            <\/div>            <div class=\"\">              <div class=\"bwg-title1\"><div class=\"bwg-title2\"> Rheine Gertrudenstif<\/div><\/div>                                        <\/div>          <\/div>        <\/div>                        <\/a>              <\/div>            <div class=\"bwg-item\">        <a class=\"bwg-a  bwg_lightbox\"  data-image-id=\"577\" href=\"https:\/\/arteeluoghi.it\/wp-content\/uploads\/photo-gallery\/Mele_in_Germania\/Francesca_Mele_Rheine_Gertrudenstif_(1).jpeg?bwg=1636831054\" data-elementor-open-lightbox=\"no\">                <div class=\"bwg-item0 \">          <div class=\"bwg-item1 \">            <div class=\"bwg-item2\">              <img class=\"skip-lazy bwg_standart_thumb_img_0 \"                   data-id=\"577\"                   data-width=\"500\"                   data-height=\"375\"                   data-src=\"https:\/\/arteeluoghi.it\/wp-content\/uploads\/photo-gallery\/Mele_in_Germania\/thumb\/Francesca_Mele_Rheine_Gertrudenstif_(1).jpeg?bwg=1636831054\"                   src=\"https:\/\/arteeluoghi.it\/wp-content\/uploads\/photo-gallery\/Mele_in_Germania\/thumb\/Francesca_Mele_Rheine_Gertrudenstif_(1).jpeg?bwg=1636831054\"                   alt=\"Francesca Mele, Rheine Gertrudenstif , particolare allestimento, 13 novembre 2021\"                   title=\"Francesca Mele, Rheine Gertrudenstif , particolare allestimento, 13 novembre 2021\" \/>            <\/div>            <div class=\"\">              <div class=\"bwg-title1\"><div class=\"bwg-title2\">Francesca Mele, Rheine Gertrudenstif , particolare allestimento, 13 novembre 2021<\/div><\/div>                                        <\/div>          <\/div>        <\/div>                        <\/a>              <\/div>          <\/div>    <style>      \/*pagination styles*\/      #bwg_container1_0 #bwg_container2_0 .tablenav-pages_0 {\t\t\t\ttext-align: center;\t\t\t\tfont-size: 12px;\t\t\t\tfont-family: segoe ui;\t\t\t\tfont-weight: bold;\t\t\t\tcolor: #666666;\t\t\t\tmargin: 6px 0 4px;\t\t\t\tdisplay: block;      }      @media only screen and (max-width : 320px) {      #bwg_container1_0 #bwg_container2_0 .displaying-num_0 {     \t display: none;      }      }      #bwg_container1_0 #bwg_container2_0 .displaying-num_0 {\t\t\t\tfont-size: 12px;\t\t\t\tfont-family: segoe ui;\t\t\t\tfont-weight: bold;\t\t\t\tcolor: #666666;\t\t\t\tmargin-right: 10px;\t\t\t\tvertical-align: middle;      }      #bwg_container1_0 #bwg_container2_0 .paging-input_0 {\t\t\t\tfont-size: 12px;\t\t\t\tfont-family: segoe ui;\t\t\t\tfont-weight: bold;\t\t\t\tcolor: #666666;\t\t\t\tvertical-align: middle;      }      #bwg_container1_0 #bwg_container2_0 .tablenav-pages_0 a.disabled,      #bwg_container1_0 #bwg_container2_0 .tablenav-pages_0 a.disabled:hover,      #bwg_container1_0 #bwg_container2_0 .tablenav-pages_0 a.disabled:focus,\t\t\t#bwg_container1_0 #bwg_container2_0 .tablenav-pages_0 input.bwg_current_page {\t\t\t\tcursor: default;\t\t\t\tcolor: rgba(102, 102, 102, 0.5);      }      #bwg_container1_0 #bwg_container2_0 .tablenav-pages_0 a,      #bwg_container1_0 #bwg_container2_0 .tablenav-pages_0 input.bwg_current_page {\t\t\t\tcursor: pointer;\t\t\t\ttext-align: center;\t\t\t\tfont-size: 12px;\t\t\t\tfont-family: segoe ui;\t\t\t\tfont-weight: bold;\t\t\t\tcolor: #666666;\t\t\t\ttext-decoration: none;\t\t\t\tpadding: 3px 6px;\t\t\t\tmargin: 0;\t\t\t\tborder-radius: 0;\t\t\t\tborder-style: solid;\t\t\t\tborder-width: 1px;\t\t\t\tborder-color: #E3E3E3;\t\t\t\t\t\t\t\tbackground-color: rgba(255, 255, 255, 1.00);\t\t\t\tbox-shadow: 0;\t\t\t\ttransition: all 0.3s ease 0s;-webkit-transition: all 0.3s ease 0s;      }      <\/style>      <span class=\"bwg_nav_cont_0\">              <div class=\"tablenav-pages_0\">                  <\/div>                <input type=\"hidden\" id=\"page_number_0\" name=\"page_number_0\" value=\"1\" \/>      <script type=\"text\/javascript\">        if( jQuery('.bwg_nav_cont_0').length > 1 ) {          jQuery('.bwg_nav_cont_0').first().remove()        }        function spider_page_0(cur, x, y, load_more) {          if (typeof load_more == \"undefined\") {            var load_more = false;          }          if (jQuery(cur).hasClass('disabled')) {            return false;          }          var items_county_0 = 1;          switch (y) {            case 1:              if (x >= items_county_0) {                document.getElementById('page_number_0').value = items_county_0;              }              else {                document.getElementById('page_number_0').value = x + 1;              }              break;            case 2:              document.getElementById('page_number_0').value = items_county_0;              break;            case -1:              if (x == 1) {                document.getElementById('page_number_0').value = 1;              }              else {                document.getElementById('page_number_0').value = x - 1;              }              break;            case -2:              document.getElementById('page_number_0').value = 1;              break;\t\t\t\t\t\tcase 0:              document.getElementById('page_number_0').value = x;              break;            default:              document.getElementById('page_number_0').value = 1;          }          bwg_ajax('gal_front_form_0', '0', 'bwg_thumbnails_0', '0', '', 'gallery', 0, '', '', load_more, '', 1);        }                    jQuery('.first-page-0').on('click', function () {              spider_page_0(this, 1, -2, 'numeric');              return false;            });            jQuery('.prev-page-0').on('click', function () {              spider_page_0(this, 1, -1, 'numeric');              return false;            });            jQuery('.next-page-0').on('click', function () {              spider_page_0(this, 1, 1, 'numeric');              return false;            });            jQuery('.last-page-0').on('click', function () {              spider_page_0(this, 1, 2, 'numeric');              return false;            });        \t\t\t\t\/* Change page on input enter. *\/        function bwg_change_page_0( e, that ) {          if (  e.key == 'Enter' ) {            var to_page = parseInt(jQuery(that).val());            var pages_count = jQuery(that).parents(\".pagination-links\").data(\"pages-count\");            var current_url_param = jQuery(that).attr('data-url-info');            if (to_page > pages_count) {              to_page = 1;            }\t \t\t\t\t\t\t\t\t\t\t\t\tspider_page_0(this, to_page, 0, 'numeric');\t\t\t\t\t\t\treturn false;\t\t\t\t\t\t          }          return true;        }        jQuery('.bwg_load_btn_0').on('click', function () {            spider_page_0(this, 1, 1, true);            return false;        });      <\/script>      <\/span>                <\/div>        <\/form>        <style>          #bwg_container1_0 #bwg_container2_0 #spider_popup_overlay_0 {          background-color: #000000;          opacity: 0.70;          }          <\/style>        <div id=\"bwg_spider_popup_loading_0\" class=\"bwg_spider_popup_loading\"><\/div>        <div id=\"spider_popup_overlay_0\" class=\"spider_popup_overlay\" onclick=\"spider_destroypopup(1000)\"><\/div>        <input type=\"hidden\" id=\"bwg_random_seed_0\" value=\"1730443691\">                <\/div>    <\/div>    <script>      if (document.readyState === 'complete') {        if( typeof bwg_main_ready == 'function' ) {          if ( jQuery(\"#bwg_container1_0\").height() ) {            bwg_main_ready(jQuery(\"#bwg_container1_0\"));          }        }      } else {        document.addEventListener('DOMContentLoaded', function() {          if( typeof bwg_main_ready == 'function' ) {            if ( jQuery(\"#bwg_container1_0\").height() ) {             bwg_main_ready(jQuery(\"#bwg_container1_0\"));            }          }        });      }    <\/script>    \n\n\n\n<p>Ancora pi\u00f9 complesso il secondo progetto espositivo che presenta al pubblico tedesco le opere di <strong>Visioni ed<em> incantamenti.<\/em><\/strong> La mostra, in programma dal <strong>7 dicembre 2021 fino a febbraio 2022<\/strong>, sar\u00e0 allestita nelle sale <a href=\"https:\/\/www.franz-hitze-haus.de\/info\/21-006\">dell\u2019Accademia Sociale Cattolica Franz Hitze Haus<\/a> a M\u00fcnster e sar\u00e0 presentata dal filosofo e teologo Elmar Salman che a proposito di questo nucleo di opere, intercettando la valenza simbolica delle stesse, scrive in catalogo: \u00abVisioni ed incantamenti. Tra Venezia e New York come citt\u00e0 apocalittiche. Come se l\u2019essenza della civilt\u00e0 fosse la citt\u00e0 inabitabile e l\u2019essenza della citt\u00e0 la sua decomposizione. Le strade sono vuote, bagnate o sommerse da una luce abbagliante \u2013 con qualche incontro inatteso, epifanico, angelico: \u201cTutto pu\u00f2 succedere\u201d. L\u2018America come inferno o come miracolo&#8230; Cosa sentiamo? Forse un fascino e un brivido, uno smarrimento. Tanta geometria, tanta architettura impressionante ed impressionistica, tanta inafferrabilit\u00e0, tanto vuoto che chiede una umanizzazione, forse vi prevale il terrore soave del sacro con alcune isole di conforto&#8230; Cosa pensiamo? Sembrano icone e segnature, riflessi e visioni di una grande solitudine, di un silenzio abissale, di una sfera del sacro che si sottrae e si impone nel medesimo momento. Le architetture sacre parlano, forse, di un Dio assente ed inquietante, eppure ci sono momenti di grande poeticit\u00e0 che ci dicono: \u201cSi pu\u00f2 sognare ovunque\u201d, un quadro nel quale si riassumono molti tratti caratteristici della pittura di Francesca Mele.\u00bb<\/p>\n\n\n\n<h2>Una vita per l&#8217;Arte<\/h2>\n\n\n\n<div class=\"wp-block-image\"><figure class=\"alignleft size-large\"><img loading=\"lazy\" width=\"584\" height=\"842\" src=\"https:\/\/arteeluoghi.it\/wp-content\/uploads\/2021\/11\/26.-Alchimie.-Di-Terra-di-Mare-di-Cieloweb.jpg\" alt=\"\" class=\"wp-image-10555\" srcset=\"https:\/\/arteeluoghi.it\/wp-content\/uploads\/2021\/11\/26.-Alchimie.-Di-Terra-di-Mare-di-Cieloweb.jpg 584w, https:\/\/arteeluoghi.it\/wp-content\/uploads\/2021\/11\/26.-Alchimie.-Di-Terra-di-Mare-di-Cieloweb-208x300.jpg 208w\" sizes=\"(max-width: 584px) 100vw, 584px\" \/><figcaption>Francesca Mele, Alchimie di Terra di Mare di Cielo, 2020<\/figcaption><\/figure><\/div>\n\n\n\n<p>Le oltre cento opere in mostra in Germania racchiudono la cifra stilistica di Francesca, la sua ricerca estetica ed etica perch\u00e9 le sue opere\u00a0non sono solo belle da vedere ma mettono in relazione l\u2019Uomo con se stesso, la Natura e il Mondo intendendo con esso anche le architetture, le costruzioni che dalle cattedrali ai grattacieli da sempre diventano slancio verso il Cielo, l\u2019Infinito. Le creazioni pittoriche di Francesca Mele hanno radici profonde nella storia della pittura italiana, in quel <em>Rinascimento<\/em> che rivive attraverso le figure femminili che lei riesce a riposizionare al centro della narrazione artistica intrisa di simboli e di figurazioni meravigliose. Meravigliosa come la sua abilit\u00e0 tecnica, la padronanza pittorica, l&#8217;utilizzo di materiali diversi a cominciare dal supporto pittorico che realizza cucendo tele di canapa che incornicia o trattando tavole di pioppo. La genesi dell&#8217;opera inizia dalla scelta del supporto pittorico dove con maestria stende oli e carta riso giapponese lasciando fluire il pensiero che diventa segno e colore. E per chi vuole approfondire ed entrare nel mondo pittorico di <a href=\"http:\/\/www.francescamele.art\/\">Francesca Mele<\/a> \u00e8 on line il sito ufficiale: impossibile ripercorrere le oltre 130 mostre tenute nelle pi\u00f9 belle citt\u00e0 del mondo\u2026ma tra le sue sezioni  c&#8217;\u00e8 il <em>racconto<\/em> della sua ricerca estetica ed etica perch\u00e9 le sue opere non sono solo belle da vedere ma hanno radici profonde nella storia della pittura italiana, in quel\u00a0<em>Rinascimento<\/em>\u00a0che rivive attraverso le figure femminili che <a href=\"http:\/\/www.francescamele.art\/\">Francesca Mele<\/a> riesce a riposizionare al centro della narrazione artistica intrisa di simboli e di figurazioni meravigliose\u2026 Reale o immaginario? Sostenendo Cartesio \u00abLa\u00a0ragione\u00a0non \u00e8 nulla senza l\u2019immaginazione.\u00bb<\/p>\n\n\n\n<p><\/p>\n\n\n\n<p><a href=\"http:\/\/www.francescamele.art\">www.francescamele.art<\/a><\/p>\n\n\n\n<p><a href=\"mailto:info@francescamele.art\">info@francescamele.art<\/a><\/p>\n\n\n\n<p>Social Network<\/p>\n\n\n\n<p><a href=\"https:\/\/www.facebook.com\/artistamelefrancesca\">https:\/\/www.facebook.com\/artistamelefrancesca<\/a><\/p>\n\n\n\n<p><a href=\"https:\/\/www.instagram.com\/melefrancesca__\/\">https:\/\/www.instagram.com\/melefrancesca__\/<\/a><\/p>\n\n\n\n<figure class=\"wp-block-embed is-type-rich is-provider-twitter wp-block-embed-twitter\"><div class=\"wp-block-embed__wrapper\">\n<a class=\"twitter-timeline\" data-width=\"800\" data-height=\"1000\" data-dnt=\"true\" href=\"https:\/\/twitter.com\/FrancescaMele13?ref_src=twsrc%5Etfw\">Tweets by FrancescaMele13<\/a><script async src=\"https:\/\/platform.twitter.com\/widgets.js\" charset=\"utf-8\"><\/script>\n<\/div><\/figure>\n","protected":false},"excerpt":{"rendered":"<p>Si inaugura il 14 novembre la personale di pittura L&#8217;invisibile della natura nelle sale espositive del Gertrudenstift in Germania, il<\/p>\n","protected":false},"author":1,"featured_media":10554,"comment_status":"open","ping_status":"open","sticky":true,"template":"","format":"standard","meta":[],"categories":[27,3],"tags":[234,1814,3688,408,3686,3685,1498,1984,3684,3687,413,133],"yoast_head":"<!-- This site is optimized with the Yoast SEO plugin v18.0 - https:\/\/yoast.com\/wordpress\/plugins\/seo\/ -->\n<title>Francesca Mele in mostra a Rheine | Arte e Luoghi<\/title>\n<meta name=\"description\" content=\"Doppia personale per Francesca Mele il 14 novembre L&#039;invisibile della natura a Rheine, il 7 dicembre invece &quot;Visioni ed incantamenti&quot;\" \/>\n<meta name=\"robots\" content=\"index, follow, max-snippet:-1, max-image-preview:large, max-video-preview:-1\" \/>\n<link rel=\"canonical\" href=\"https:\/\/arteeluoghi.it\/index.php\/2021\/11\/13\/francesca-mele-in-mostra-a-rheine\/\" \/>\n<meta property=\"og:locale\" content=\"it_IT\" \/>\n<meta property=\"og:type\" content=\"article\" \/>\n<meta property=\"og:title\" content=\"Francesca Mele in mostra a Rheine | Arte e Luoghi\" \/>\n<meta property=\"og:description\" content=\"Doppia personale per Francesca Mele il 14 novembre L&#039;invisibile della natura a Rheine, il 7 dicembre invece &quot;Visioni ed incantamenti&quot;\" \/>\n<meta property=\"og:url\" content=\"https:\/\/arteeluoghi.it\/index.php\/2021\/11\/13\/francesca-mele-in-mostra-a-rheine\/\" \/>\n<meta property=\"og:site_name\" content=\"Arte e Luoghi\" \/>\n<meta property=\"article:publisher\" content=\"https:\/\/www.facebook.com\/ArteELuoghi\/\" \/>\n<meta property=\"article:published_time\" content=\"2021-11-13T19:15:40+00:00\" \/>\n<meta property=\"article:modified_time\" content=\"2021-11-13T19:40:49+00:00\" \/>\n<meta property=\"og:image\" content=\"https:\/\/arteeluoghi.it\/wp-content\/uploads\/2021\/11\/Francesca-Mele-_Rheine_Gertrudenstif3.jpeg\" \/>\n\t<meta property=\"og:image:width\" content=\"1024\" \/>\n\t<meta property=\"og:image:height\" content=\"768\" \/>\n\t<meta property=\"og:image:type\" content=\"image\/jpeg\" \/>\n<meta name=\"twitter:card\" content=\"summary\" \/>\n<meta name=\"twitter:creator\" content=\"@arteeluoghi\" \/>\n<meta name=\"twitter:site\" content=\"@arteeluoghi\" \/>\n<meta name=\"twitter:label1\" content=\"Scritto da\" \/>\n\t<meta name=\"twitter:data1\" content=\"Staff\" \/>\n\t<meta name=\"twitter:label2\" content=\"Tempo di lettura stimato\" \/>\n\t<meta name=\"twitter:data2\" content=\"5 minuti\" \/>\n<script type=\"application\/ld+json\" class=\"yoast-schema-graph\">{\"@context\":\"https:\/\/schema.org\",\"@graph\":[{\"@type\":\"Organization\",\"@id\":\"https:\/\/arteeluoghi.it\/#organization\",\"name\":\"Arte e Luoghi\",\"url\":\"https:\/\/arteeluoghi.it\/\",\"sameAs\":[\"https:\/\/www.facebook.com\/ArteELuoghi\/\",\"https:\/\/www.instagram.com\/arteeluoghi\/?hl=it\",\"https:\/\/www.youtube.com\/channel\/UCuRVc4JW4-C5sg9rQB-srkw?view_as=subscriber\",\"https:\/\/twitter.com\/arteeluoghi\"],\"logo\":{\"@type\":\"ImageObject\",\"@id\":\"https:\/\/arteeluoghi.it\/#logo\",\"inLanguage\":\"it-IT\",\"url\":\"https:\/\/arteeluoghi.it\/wp-content\/uploads\/2018\/08\/logoinstagramarte.jpg\",\"contentUrl\":\"https:\/\/arteeluoghi.it\/wp-content\/uploads\/2018\/08\/logoinstagramarte.jpg\",\"width\":150,\"height\":150,\"caption\":\"Arte e Luoghi\"},\"image\":{\"@id\":\"https:\/\/arteeluoghi.it\/#logo\"}},{\"@type\":\"WebSite\",\"@id\":\"https:\/\/arteeluoghi.it\/#website\",\"url\":\"https:\/\/arteeluoghi.it\/\",\"name\":\"Arte e Luoghi\",\"description\":\"Mensile di arte, cultura, turismo e curiosit\u00e0\",\"publisher\":{\"@id\":\"https:\/\/arteeluoghi.it\/#organization\"},\"potentialAction\":[{\"@type\":\"SearchAction\",\"target\":{\"@type\":\"EntryPoint\",\"urlTemplate\":\"https:\/\/arteeluoghi.it\/?s={search_term_string}\"},\"query-input\":\"required name=search_term_string\"}],\"inLanguage\":\"it-IT\"},{\"@type\":\"ImageObject\",\"@id\":\"https:\/\/arteeluoghi.it\/index.php\/2021\/11\/13\/francesca-mele-in-mostra-a-rheine\/#primaryimage\",\"inLanguage\":\"it-IT\",\"url\":\"https:\/\/arteeluoghi.it\/wp-content\/uploads\/2021\/11\/Francesca-Mele-_Rheine_Gertrudenstif3.jpeg\",\"contentUrl\":\"https:\/\/arteeluoghi.it\/wp-content\/uploads\/2021\/11\/Francesca-Mele-_Rheine_Gertrudenstif3.jpeg\",\"width\":1024,\"height\":768},{\"@type\":\"WebPage\",\"@id\":\"https:\/\/arteeluoghi.it\/index.php\/2021\/11\/13\/francesca-mele-in-mostra-a-rheine\/#webpage\",\"url\":\"https:\/\/arteeluoghi.it\/index.php\/2021\/11\/13\/francesca-mele-in-mostra-a-rheine\/\",\"name\":\"Francesca Mele in mostra a Rheine | Arte e Luoghi\",\"isPartOf\":{\"@id\":\"https:\/\/arteeluoghi.it\/#website\"},\"primaryImageOfPage\":{\"@id\":\"https:\/\/arteeluoghi.it\/index.php\/2021\/11\/13\/francesca-mele-in-mostra-a-rheine\/#primaryimage\"},\"datePublished\":\"2021-11-13T19:15:40+00:00\",\"dateModified\":\"2021-11-13T19:40:49+00:00\",\"description\":\"Doppia personale per Francesca Mele il 14 novembre L'invisibile della natura a Rheine, il 7 dicembre invece \\\"Visioni ed incantamenti\\\"\",\"breadcrumb\":{\"@id\":\"https:\/\/arteeluoghi.it\/index.php\/2021\/11\/13\/francesca-mele-in-mostra-a-rheine\/#breadcrumb\"},\"inLanguage\":\"it-IT\",\"potentialAction\":[{\"@type\":\"ReadAction\",\"target\":[\"https:\/\/arteeluoghi.it\/index.php\/2021\/11\/13\/francesca-mele-in-mostra-a-rheine\/\"]}]},{\"@type\":\"BreadcrumbList\",\"@id\":\"https:\/\/arteeluoghi.it\/index.php\/2021\/11\/13\/francesca-mele-in-mostra-a-rheine\/#breadcrumb\",\"itemListElement\":[{\"@type\":\"ListItem\",\"position\":1,\"name\":\"Home\",\"item\":\"https:\/\/arteeluoghi.it\/\"},{\"@type\":\"ListItem\",\"position\":2,\"name\":\"Francesca Mele in mostra a Rheine\"}]},{\"@type\":\"Article\",\"@id\":\"https:\/\/arteeluoghi.it\/index.php\/2021\/11\/13\/francesca-mele-in-mostra-a-rheine\/#article\",\"isPartOf\":{\"@id\":\"https:\/\/arteeluoghi.it\/index.php\/2021\/11\/13\/francesca-mele-in-mostra-a-rheine\/#webpage\"},\"author\":{\"@id\":\"https:\/\/arteeluoghi.it\/#\/schema\/person\/f84e814e36e91e01448ee07eaadd41d4\"},\"headline\":\"Francesca Mele in mostra a Rheine\",\"datePublished\":\"2021-11-13T19:15:40+00:00\",\"dateModified\":\"2021-11-13T19:40:49+00:00\",\"mainEntityOfPage\":{\"@id\":\"https:\/\/arteeluoghi.it\/index.php\/2021\/11\/13\/francesca-mele-in-mostra-a-rheine\/#webpage\"},\"wordCount\":1038,\"commentCount\":0,\"publisher\":{\"@id\":\"https:\/\/arteeluoghi.it\/#organization\"},\"image\":{\"@id\":\"https:\/\/arteeluoghi.it\/index.php\/2021\/11\/13\/francesca-mele-in-mostra-a-rheine\/#primaryimage\"},\"thumbnailUrl\":\"https:\/\/arteeluoghi.it\/wp-content\/uploads\/2021\/11\/Francesca-Mele-_Rheine_Gertrudenstif3.jpeg\",\"keywords\":[\"arte\",\"arte contemporanea\",\"Aschendorff Verlag\",\"Bellezza\",\"Christoph Hegge\",\"Elmar Salman\",\"Francesca Mele\",\"Germania\",\"Gertrudenstif\",\"M\u00fcnster\",\"paesaggio\",\"pittura\"],\"articleSection\":[\"Arte\",\"Arti visive\"],\"inLanguage\":\"it-IT\",\"potentialAction\":[{\"@type\":\"CommentAction\",\"name\":\"Comment\",\"target\":[\"https:\/\/arteeluoghi.it\/index.php\/2021\/11\/13\/francesca-mele-in-mostra-a-rheine\/#respond\"]}]},{\"@type\":\"Person\",\"@id\":\"https:\/\/arteeluoghi.it\/#\/schema\/person\/f84e814e36e91e01448ee07eaadd41d4\",\"name\":\"Staff\",\"image\":{\"@type\":\"ImageObject\",\"@id\":\"https:\/\/arteeluoghi.it\/#personlogo\",\"inLanguage\":\"it-IT\",\"url\":\"https:\/\/secure.gravatar.com\/avatar\/49d2f9e46271bb04e19cebfaf141313a?s=96&d=blank&r=g\",\"contentUrl\":\"https:\/\/secure.gravatar.com\/avatar\/49d2f9e46271bb04e19cebfaf141313a?s=96&d=blank&r=g\",\"caption\":\"Staff\"}}]}<\/script>\n<!-- \/ Yoast SEO plugin. -->","yoast_head_json":{"title":"Francesca Mele in mostra a Rheine | Arte e Luoghi","description":"Doppia personale per Francesca Mele il 14 novembre L'invisibile della natura a Rheine, il 7 dicembre invece \"Visioni ed incantamenti\"","robots":{"index":"index","follow":"follow","max-snippet":"max-snippet:-1","max-image-preview":"max-image-preview:large","max-video-preview":"max-video-preview:-1"},"canonical":"https:\/\/arteeluoghi.it\/index.php\/2021\/11\/13\/francesca-mele-in-mostra-a-rheine\/","og_locale":"it_IT","og_type":"article","og_title":"Francesca Mele in mostra a Rheine | Arte e Luoghi","og_description":"Doppia personale per Francesca Mele il 14 novembre L'invisibile della natura a Rheine, il 7 dicembre invece \"Visioni ed incantamenti\"","og_url":"https:\/\/arteeluoghi.it\/index.php\/2021\/11\/13\/francesca-mele-in-mostra-a-rheine\/","og_site_name":"Arte e Luoghi","article_publisher":"https:\/\/www.facebook.com\/ArteELuoghi\/","article_published_time":"2021-11-13T19:15:40+00:00","article_modified_time":"2021-11-13T19:40:49+00:00","og_image":[{"width":1024,"height":768,"url":"https:\/\/arteeluoghi.it\/wp-content\/uploads\/2021\/11\/Francesca-Mele-_Rheine_Gertrudenstif3.jpeg","type":"image\/jpeg"}],"twitter_card":"summary","twitter_creator":"@arteeluoghi","twitter_site":"@arteeluoghi","twitter_misc":{"Scritto da":"Staff","Tempo di lettura stimato":"5 minuti"},"schema":{"@context":"https:\/\/schema.org","@graph":[{"@type":"Organization","@id":"https:\/\/arteeluoghi.it\/#organization","name":"Arte e Luoghi","url":"https:\/\/arteeluoghi.it\/","sameAs":["https:\/\/www.facebook.com\/ArteELuoghi\/","https:\/\/www.instagram.com\/arteeluoghi\/?hl=it","https:\/\/www.youtube.com\/channel\/UCuRVc4JW4-C5sg9rQB-srkw?view_as=subscriber","https:\/\/twitter.com\/arteeluoghi"],"logo":{"@type":"ImageObject","@id":"https:\/\/arteeluoghi.it\/#logo","inLanguage":"it-IT","url":"https:\/\/arteeluoghi.it\/wp-content\/uploads\/2018\/08\/logoinstagramarte.jpg","contentUrl":"https:\/\/arteeluoghi.it\/wp-content\/uploads\/2018\/08\/logoinstagramarte.jpg","width":150,"height":150,"caption":"Arte e Luoghi"},"image":{"@id":"https:\/\/arteeluoghi.it\/#logo"}},{"@type":"WebSite","@id":"https:\/\/arteeluoghi.it\/#website","url":"https:\/\/arteeluoghi.it\/","name":"Arte e Luoghi","description":"Mensile di arte, cultura, turismo e curiosit\u00e0","publisher":{"@id":"https:\/\/arteeluoghi.it\/#organization"},"potentialAction":[{"@type":"SearchAction","target":{"@type":"EntryPoint","urlTemplate":"https:\/\/arteeluoghi.it\/?s={search_term_string}"},"query-input":"required name=search_term_string"}],"inLanguage":"it-IT"},{"@type":"ImageObject","@id":"https:\/\/arteeluoghi.it\/index.php\/2021\/11\/13\/francesca-mele-in-mostra-a-rheine\/#primaryimage","inLanguage":"it-IT","url":"https:\/\/arteeluoghi.it\/wp-content\/uploads\/2021\/11\/Francesca-Mele-_Rheine_Gertrudenstif3.jpeg","contentUrl":"https:\/\/arteeluoghi.it\/wp-content\/uploads\/2021\/11\/Francesca-Mele-_Rheine_Gertrudenstif3.jpeg","width":1024,"height":768},{"@type":"WebPage","@id":"https:\/\/arteeluoghi.it\/index.php\/2021\/11\/13\/francesca-mele-in-mostra-a-rheine\/#webpage","url":"https:\/\/arteeluoghi.it\/index.php\/2021\/11\/13\/francesca-mele-in-mostra-a-rheine\/","name":"Francesca Mele in mostra a Rheine | Arte e Luoghi","isPartOf":{"@id":"https:\/\/arteeluoghi.it\/#website"},"primaryImageOfPage":{"@id":"https:\/\/arteeluoghi.it\/index.php\/2021\/11\/13\/francesca-mele-in-mostra-a-rheine\/#primaryimage"},"datePublished":"2021-11-13T19:15:40+00:00","dateModified":"2021-11-13T19:40:49+00:00","description":"Doppia personale per Francesca Mele il 14 novembre L'invisibile della natura a Rheine, il 7 dicembre invece \"Visioni ed incantamenti\"","breadcrumb":{"@id":"https:\/\/arteeluoghi.it\/index.php\/2021\/11\/13\/francesca-mele-in-mostra-a-rheine\/#breadcrumb"},"inLanguage":"it-IT","potentialAction":[{"@type":"ReadAction","target":["https:\/\/arteeluoghi.it\/index.php\/2021\/11\/13\/francesca-mele-in-mostra-a-rheine\/"]}]},{"@type":"BreadcrumbList","@id":"https:\/\/arteeluoghi.it\/index.php\/2021\/11\/13\/francesca-mele-in-mostra-a-rheine\/#breadcrumb","itemListElement":[{"@type":"ListItem","position":1,"name":"Home","item":"https:\/\/arteeluoghi.it\/"},{"@type":"ListItem","position":2,"name":"Francesca Mele in mostra a Rheine"}]},{"@type":"Article","@id":"https:\/\/arteeluoghi.it\/index.php\/2021\/11\/13\/francesca-mele-in-mostra-a-rheine\/#article","isPartOf":{"@id":"https:\/\/arteeluoghi.it\/index.php\/2021\/11\/13\/francesca-mele-in-mostra-a-rheine\/#webpage"},"author":{"@id":"https:\/\/arteeluoghi.it\/#\/schema\/person\/f84e814e36e91e01448ee07eaadd41d4"},"headline":"Francesca Mele in mostra a Rheine","datePublished":"2021-11-13T19:15:40+00:00","dateModified":"2021-11-13T19:40:49+00:00","mainEntityOfPage":{"@id":"https:\/\/arteeluoghi.it\/index.php\/2021\/11\/13\/francesca-mele-in-mostra-a-rheine\/#webpage"},"wordCount":1038,"commentCount":0,"publisher":{"@id":"https:\/\/arteeluoghi.it\/#organization"},"image":{"@id":"https:\/\/arteeluoghi.it\/index.php\/2021\/11\/13\/francesca-mele-in-mostra-a-rheine\/#primaryimage"},"thumbnailUrl":"https:\/\/arteeluoghi.it\/wp-content\/uploads\/2021\/11\/Francesca-Mele-_Rheine_Gertrudenstif3.jpeg","keywords":["arte","arte contemporanea","Aschendorff Verlag","Bellezza","Christoph Hegge","Elmar Salman","Francesca Mele","Germania","Gertrudenstif","M\u00fcnster","paesaggio","pittura"],"articleSection":["Arte","Arti visive"],"inLanguage":"it-IT","potentialAction":[{"@type":"CommentAction","name":"Comment","target":["https:\/\/arteeluoghi.it\/index.php\/2021\/11\/13\/francesca-mele-in-mostra-a-rheine\/#respond"]}]},{"@type":"Person","@id":"https:\/\/arteeluoghi.it\/#\/schema\/person\/f84e814e36e91e01448ee07eaadd41d4","name":"Staff","image":{"@type":"ImageObject","@id":"https:\/\/arteeluoghi.it\/#personlogo","inLanguage":"it-IT","url":"https:\/\/secure.gravatar.com\/avatar\/49d2f9e46271bb04e19cebfaf141313a?s=96&d=blank&r=g","contentUrl":"https:\/\/secure.gravatar.com\/avatar\/49d2f9e46271bb04e19cebfaf141313a?s=96&d=blank&r=g","caption":"Staff"}}]}},"_links":{"self":[{"href":"https:\/\/arteeluoghi.it\/index.php\/wp-json\/wp\/v2\/posts\/10548"}],"collection":[{"href":"https:\/\/arteeluoghi.it\/index.php\/wp-json\/wp\/v2\/posts"}],"about":[{"href":"https:\/\/arteeluoghi.it\/index.php\/wp-json\/wp\/v2\/types\/post"}],"author":[{"embeddable":true,"href":"https:\/\/arteeluoghi.it\/index.php\/wp-json\/wp\/v2\/users\/1"}],"replies":[{"embeddable":true,"href":"https:\/\/arteeluoghi.it\/index.php\/wp-json\/wp\/v2\/comments?post=10548"}],"version-history":[{"count":5,"href":"https:\/\/arteeluoghi.it\/index.php\/wp-json\/wp\/v2\/posts\/10548\/revisions"}],"predecessor-version":[{"id":10559,"href":"https:\/\/arteeluoghi.it\/index.php\/wp-json\/wp\/v2\/posts\/10548\/revisions\/10559"}],"wp:featuredmedia":[{"embeddable":true,"href":"https:\/\/arteeluoghi.it\/index.php\/wp-json\/wp\/v2\/media\/10554"}],"wp:attachment":[{"href":"https:\/\/arteeluoghi.it\/index.php\/wp-json\/wp\/v2\/media?parent=10548"}],"wp:term":[{"taxonomy":"category","embeddable":true,"href":"https:\/\/arteeluoghi.it\/index.php\/wp-json\/wp\/v2\/categories?post=10548"},{"taxonomy":"post_tag","embeddable":true,"href":"https:\/\/arteeluoghi.it\/index.php\/wp-json\/wp\/v2\/tags?post=10548"}],"curies":[{"name":"wp","href":"https:\/\/api.w.org\/{rel}","templated":true}]}}