{"id":1062,"date":"2013-02-23T18:54:10","date_gmt":"2013-02-23T17:54:10","guid":{"rendered":"http:\/\/arteeluoghi.it\/index.php\/2013\/02\/23\/co-co-co-artisti-in-gara\/"},"modified":"2017-08-06T23:58:59","modified_gmt":"2017-08-06T21:58:59","slug":"co-co-co-artisti-in-gara","status":"publish","type":"post","link":"https:\/\/arteeluoghi.it\/index.php\/2013\/02\/23\/co-co-co-artisti-in-gara\/","title":{"rendered":"Co co co. Artisti in gara"},"content":{"rendered":"<p style=\"text-align: left;\" align=\"center\"><strong><img src=\"\/images\/logo%20co%20co%20co%202013.jpg\" border=\"0\" width=\"300\" style=\"margin: 21px; border: 1px solid black; float: left;\" \/>CO CO CO COMO CONTEMPORARY CONTEST 2013<\/strong><\/p>\n<p style=\"text-align: left;\" align=\"center\"><strong>Concorso per giovani artisti<\/strong><\/p>\n<p style=\"text-align: left;\" align=\"center\"><strong>V edizione<\/strong><\/p>\n<p><strong>L\u2019Assessorato alla Cultura del Comune di Como<\/strong>, con il patrocinio del GAI &#8211; Associazione per il Circuito dei Giovani Artisti Italiani<strong>,<\/strong> promuove la <strong>V edizione del concorso co co co Como Contemporary Contest<\/strong>. Il concorso ha lo scopo di scoprire o favorire giovani artisti emergenti e promuovere il loro lavoro sulla scena artistica contemporanea nazionale e internazionale.<\/p>\n<p>  <!--more-->  <\/p>\n<p>Grazie alla partnership instaurata con <strong>JCE Jeune Cr\u00e9ation Europ\u00e9enne, co co co 2013<\/strong> diviene il concorso ufficiale per la selezione, su scala nazionale, di <strong>6 artisti italiani<\/strong> che entreranno nel <strong>network JCE<\/strong>.<\/p>\n<p>A loro verr\u00e0 concessa l\u2019opportunit\u00e0 di esporre una loro opera in una biennale itinerante che, dal 2013 al 2015, interesser\u00e0 le 10 citt\u00e0 partner del progetto:Montrouge (Francia), Maastricht (Olanda), Amburgo (Germania), Klaipeda (Lituania), Bratislava (Slovacchia), P\u00e9cs (Ungheria), Salisburgo (Austria), Como (Italia), Figueras (Spagna), Amarante (Portogallo).<\/p>\n<p><strong>Co co co<\/strong> \u00e8 aperto ad artisti residenti in Italia, di et\u00e0 compresa tra i <strong>18 e i 35 anni<\/strong>, che parteciperanno con un\u2019opera che rientri nell\u2019ambito delle <strong>arti visive, <\/strong>senza vincoli di genere o tecnica, spaziando dalla pittura alla scultura, dalla fotografia all\u2019installazione e alla video arte.<\/p>\n<p>La documentazione prevista dal bando (scaricabile dal sito <a href=\"http:\/\/www.comune.como.it\/uffici-comunali\/attivita-culturali-sportive-turistiche\/cultura-musei\/cultura\/servizi\/cococo.html\">www.comune.como.it<\/a>) dovr\u00e0 essere inviata, entro <strong>l\u201911 aprile 2013<\/strong> al Comune di Como &#8211; Protocollo del Comune &#8211; Assessorato alla Cultura, via Vittorio Emanuele 97, 22100 Como, specificando sulla busta concorso <em>co co co como contemporary contest<\/em>.<\/p>\n<p><strong>La partecipazione al concorso \u00e8 gratuita. <\/strong><\/p>\n<p>Un\u2019apposita commissione di professionisti del mondo dell\u2019arte contemporanea selezioner\u00e0 <strong>20 artisti finalisti<\/strong>; tra questi, i <strong>6 artisti<\/strong> che <strong>entreranno nel circuito JCE.<\/strong> Tra i 6 artisti sar\u00e0 nominato<strong> il vincitore di co co co como contemporary contest <\/strong>chericever\u00e0 un premio di 2.000 Euro e avr\u00e0 l\u2019opportunit\u00e0, oltre che esporre nel network JCE, di realizzare una<strong> mostra personale<\/strong> a Como, nell\u2019autunno 2013.<\/p>\n<p>I lavori dei <strong>20 finalisti<\/strong> saranno esposti in una <strong>mostra collettiva<\/strong> a Como, a settembre 2013.<\/p>\n<p>La commissione \u00e8 composta da <strong>Roberto Borghi<\/strong>, critico d\u2019arte e curatore, <strong>Daniele Palazzoli<\/strong>, responsabile arte moderna e contemporanea, Galleria Blu, Milano, <strong>Ivan Quaroni<\/strong>, critico d\u2019arte e curatore, <strong>Luigi Ratclif<\/strong>, segretario GAI, <strong>Emma Zanella<\/strong>, direttore MAGA Gallarate.<\/p>\n<p>\u00a0<\/p>\n<p><strong>Co co co<\/strong> \u00e8 ideato e organizzato dall\u2019<strong>Assessorato alla Cultura <\/strong>del Comune di Como che prosegue la sua <em>mission<\/em> di promozione e valorizzazione dell\u2019arte giovane.<\/p>\n<p><span style=\"text-decoration: underline;\">Concorso per giovani artisti<\/span><\/p>\n<p><strong>co co co como contemporary contest 2013 <\/strong><\/p>\n<p><strong><span style=\"text-decoration: underline;\">Informazioni:<\/span><\/strong><\/p>\n<p>Assessorato alla Cultura, Comune di Como<\/p>\n<p>Via Vittorio Emanuele 97 &#8211; 22100 COMO<\/p>\n<p>Tel. +39 031 252. 352<\/p>\n<p><a href=\"mailto:cultura@comune.como.it\">cultura@comune.como.it<\/a><\/p>\n<p>(fonte: comunicato stampa)<\/p>\n<p><a href=\"http:\/\/www.comune.como.it\/\">www.comune.como.it<\/a><\/p>\n","protected":false},"excerpt":{"rendered":"<p>CO CO CO COMO CONTEMPORARY CONTEST 2013 Concorso per giovani artisti V edizione L\u2019Assessorato alla Cultura del Comune di Como,<\/p>\n","protected":false},"author":1,"featured_media":0,"comment_status":"open","ping_status":"open","sticky":false,"template":"","format":"standard","meta":[],"categories":[28],"tags":[],"yoast_head":"<!-- This site is optimized with the Yoast SEO plugin v18.0 - https:\/\/yoast.com\/wordpress\/plugins\/seo\/ -->\n<title>Co co co. Artisti in gara | Arte e Luoghi<\/title>\n<meta name=\"robots\" content=\"index, follow, max-snippet:-1, max-image-preview:large, max-video-preview:-1\" \/>\n<link rel=\"canonical\" href=\"https:\/\/arteeluoghi.it\/index.php\/2013\/02\/23\/co-co-co-artisti-in-gara\/\" \/>\n<meta property=\"og:locale\" content=\"it_IT\" \/>\n<meta property=\"og:type\" content=\"article\" \/>\n<meta property=\"og:title\" content=\"Co co co. Artisti in gara | Arte e Luoghi\" \/>\n<meta property=\"og:description\" content=\"CO CO CO COMO CONTEMPORARY CONTEST 2013 Concorso per giovani artisti V edizione L\u2019Assessorato alla Cultura del Comune di Como,\" \/>\n<meta property=\"og:url\" content=\"https:\/\/arteeluoghi.it\/index.php\/2013\/02\/23\/co-co-co-artisti-in-gara\/\" \/>\n<meta property=\"og:site_name\" content=\"Arte e Luoghi\" \/>\n<meta property=\"article:publisher\" content=\"https:\/\/www.facebook.com\/ArteELuoghi\/\" \/>\n<meta property=\"article:published_time\" content=\"2013-02-23T17:54:10+00:00\" \/>\n<meta property=\"article:modified_time\" content=\"2017-08-06T21:58:59+00:00\" \/>\n<meta property=\"og:image\" content=\"https:\/\/arteeluoghi.it\/images\/logo%20co%20co%20co%202013.jpg\" \/>\n<meta name=\"twitter:card\" content=\"summary\" \/>\n<meta name=\"twitter:creator\" content=\"@arteeluoghi\" \/>\n<meta name=\"twitter:site\" content=\"@arteeluoghi\" \/>\n<meta name=\"twitter:label1\" content=\"Scritto da\" \/>\n\t<meta name=\"twitter:data1\" content=\"Staff\" \/>\n\t<meta name=\"twitter:label2\" content=\"Tempo di lettura stimato\" \/>\n\t<meta name=\"twitter:data2\" content=\"2 minuti\" \/>\n<script type=\"application\/ld+json\" class=\"yoast-schema-graph\">{\"@context\":\"https:\/\/schema.org\",\"@graph\":[{\"@type\":\"Organization\",\"@id\":\"https:\/\/arteeluoghi.it\/#organization\",\"name\":\"Arte e Luoghi\",\"url\":\"https:\/\/arteeluoghi.it\/\",\"sameAs\":[\"https:\/\/www.facebook.com\/ArteELuoghi\/\",\"https:\/\/www.instagram.com\/arteeluoghi\/?hl=it\",\"https:\/\/www.youtube.com\/channel\/UCuRVc4JW4-C5sg9rQB-srkw?view_as=subscriber\",\"https:\/\/twitter.com\/arteeluoghi\"],\"logo\":{\"@type\":\"ImageObject\",\"@id\":\"https:\/\/arteeluoghi.it\/#logo\",\"inLanguage\":\"it-IT\",\"url\":\"https:\/\/arteeluoghi.it\/wp-content\/uploads\/2018\/08\/logoinstagramarte.jpg\",\"contentUrl\":\"https:\/\/arteeluoghi.it\/wp-content\/uploads\/2018\/08\/logoinstagramarte.jpg\",\"width\":150,\"height\":150,\"caption\":\"Arte e Luoghi\"},\"image\":{\"@id\":\"https:\/\/arteeluoghi.it\/#logo\"}},{\"@type\":\"WebSite\",\"@id\":\"https:\/\/arteeluoghi.it\/#website\",\"url\":\"https:\/\/arteeluoghi.it\/\",\"name\":\"Arte e Luoghi\",\"description\":\"Mensile di arte, cultura, turismo e curiosit\u00e0\",\"publisher\":{\"@id\":\"https:\/\/arteeluoghi.it\/#organization\"},\"potentialAction\":[{\"@type\":\"SearchAction\",\"target\":{\"@type\":\"EntryPoint\",\"urlTemplate\":\"https:\/\/arteeluoghi.it\/?s={search_term_string}\"},\"query-input\":\"required name=search_term_string\"}],\"inLanguage\":\"it-IT\"},{\"@type\":\"ImageObject\",\"@id\":\"https:\/\/arteeluoghi.it\/index.php\/2013\/02\/23\/co-co-co-artisti-in-gara\/#primaryimage\",\"inLanguage\":\"it-IT\",\"url\":\"\/images\/logo%20co%20co%20co%202013.jpg\",\"contentUrl\":\"\/images\/logo%20co%20co%20co%202013.jpg\"},{\"@type\":\"WebPage\",\"@id\":\"https:\/\/arteeluoghi.it\/index.php\/2013\/02\/23\/co-co-co-artisti-in-gara\/#webpage\",\"url\":\"https:\/\/arteeluoghi.it\/index.php\/2013\/02\/23\/co-co-co-artisti-in-gara\/\",\"name\":\"Co co co. Artisti in gara | Arte e Luoghi\",\"isPartOf\":{\"@id\":\"https:\/\/arteeluoghi.it\/#website\"},\"primaryImageOfPage\":{\"@id\":\"https:\/\/arteeluoghi.it\/index.php\/2013\/02\/23\/co-co-co-artisti-in-gara\/#primaryimage\"},\"datePublished\":\"2013-02-23T17:54:10+00:00\",\"dateModified\":\"2017-08-06T21:58:59+00:00\",\"breadcrumb\":{\"@id\":\"https:\/\/arteeluoghi.it\/index.php\/2013\/02\/23\/co-co-co-artisti-in-gara\/#breadcrumb\"},\"inLanguage\":\"it-IT\",\"potentialAction\":[{\"@type\":\"ReadAction\",\"target\":[\"https:\/\/arteeluoghi.it\/index.php\/2013\/02\/23\/co-co-co-artisti-in-gara\/\"]}]},{\"@type\":\"BreadcrumbList\",\"@id\":\"https:\/\/arteeluoghi.it\/index.php\/2013\/02\/23\/co-co-co-artisti-in-gara\/#breadcrumb\",\"itemListElement\":[{\"@type\":\"ListItem\",\"position\":1,\"name\":\"Home\",\"item\":\"https:\/\/arteeluoghi.it\/\"},{\"@type\":\"ListItem\",\"position\":2,\"name\":\"Co co co. Artisti in gara\"}]},{\"@type\":\"Article\",\"@id\":\"https:\/\/arteeluoghi.it\/index.php\/2013\/02\/23\/co-co-co-artisti-in-gara\/#article\",\"isPartOf\":{\"@id\":\"https:\/\/arteeluoghi.it\/index.php\/2013\/02\/23\/co-co-co-artisti-in-gara\/#webpage\"},\"author\":{\"@id\":\"https:\/\/arteeluoghi.it\/#\/schema\/person\/f84e814e36e91e01448ee07eaadd41d4\"},\"headline\":\"Co co co. Artisti in gara\",\"datePublished\":\"2013-02-23T17:54:10+00:00\",\"dateModified\":\"2017-08-06T21:58:59+00:00\",\"mainEntityOfPage\":{\"@id\":\"https:\/\/arteeluoghi.it\/index.php\/2013\/02\/23\/co-co-co-artisti-in-gara\/#webpage\"},\"wordCount\":421,\"commentCount\":0,\"publisher\":{\"@id\":\"https:\/\/arteeluoghi.it\/#organization\"},\"image\":{\"@id\":\"https:\/\/arteeluoghi.it\/index.php\/2013\/02\/23\/co-co-co-artisti-in-gara\/#primaryimage\"},\"thumbnailUrl\":\"\/images\/logo%20co%20co%20co%202013.jpg\",\"articleSection\":[\"Notizie\"],\"inLanguage\":\"it-IT\",\"potentialAction\":[{\"@type\":\"CommentAction\",\"name\":\"Comment\",\"target\":[\"https:\/\/arteeluoghi.it\/index.php\/2013\/02\/23\/co-co-co-artisti-in-gara\/#respond\"]}]},{\"@type\":\"Person\",\"@id\":\"https:\/\/arteeluoghi.it\/#\/schema\/person\/f84e814e36e91e01448ee07eaadd41d4\",\"name\":\"Staff\",\"image\":{\"@type\":\"ImageObject\",\"@id\":\"https:\/\/arteeluoghi.it\/#personlogo\",\"inLanguage\":\"it-IT\",\"url\":\"https:\/\/secure.gravatar.com\/avatar\/49d2f9e46271bb04e19cebfaf141313a?s=96&d=blank&r=g\",\"contentUrl\":\"https:\/\/secure.gravatar.com\/avatar\/49d2f9e46271bb04e19cebfaf141313a?s=96&d=blank&r=g\",\"caption\":\"Staff\"}}]}<\/script>\n<!-- \/ Yoast SEO plugin. -->","yoast_head_json":{"title":"Co co co. Artisti in gara | Arte e Luoghi","robots":{"index":"index","follow":"follow","max-snippet":"max-snippet:-1","max-image-preview":"max-image-preview:large","max-video-preview":"max-video-preview:-1"},"canonical":"https:\/\/arteeluoghi.it\/index.php\/2013\/02\/23\/co-co-co-artisti-in-gara\/","og_locale":"it_IT","og_type":"article","og_title":"Co co co. Artisti in gara | Arte e Luoghi","og_description":"CO CO CO COMO CONTEMPORARY CONTEST 2013 Concorso per giovani artisti V edizione L\u2019Assessorato alla Cultura del Comune di Como,","og_url":"https:\/\/arteeluoghi.it\/index.php\/2013\/02\/23\/co-co-co-artisti-in-gara\/","og_site_name":"Arte e Luoghi","article_publisher":"https:\/\/www.facebook.com\/ArteELuoghi\/","article_published_time":"2013-02-23T17:54:10+00:00","article_modified_time":"2017-08-06T21:58:59+00:00","og_image":[{"url":"https:\/\/arteeluoghi.it\/images\/logo%20co%20co%20co%202013.jpg"}],"twitter_card":"summary","twitter_creator":"@arteeluoghi","twitter_site":"@arteeluoghi","twitter_misc":{"Scritto da":"Staff","Tempo di lettura stimato":"2 minuti"},"schema":{"@context":"https:\/\/schema.org","@graph":[{"@type":"Organization","@id":"https:\/\/arteeluoghi.it\/#organization","name":"Arte e Luoghi","url":"https:\/\/arteeluoghi.it\/","sameAs":["https:\/\/www.facebook.com\/ArteELuoghi\/","https:\/\/www.instagram.com\/arteeluoghi\/?hl=it","https:\/\/www.youtube.com\/channel\/UCuRVc4JW4-C5sg9rQB-srkw?view_as=subscriber","https:\/\/twitter.com\/arteeluoghi"],"logo":{"@type":"ImageObject","@id":"https:\/\/arteeluoghi.it\/#logo","inLanguage":"it-IT","url":"https:\/\/arteeluoghi.it\/wp-content\/uploads\/2018\/08\/logoinstagramarte.jpg","contentUrl":"https:\/\/arteeluoghi.it\/wp-content\/uploads\/2018\/08\/logoinstagramarte.jpg","width":150,"height":150,"caption":"Arte e Luoghi"},"image":{"@id":"https:\/\/arteeluoghi.it\/#logo"}},{"@type":"WebSite","@id":"https:\/\/arteeluoghi.it\/#website","url":"https:\/\/arteeluoghi.it\/","name":"Arte e Luoghi","description":"Mensile di arte, cultura, turismo e curiosit\u00e0","publisher":{"@id":"https:\/\/arteeluoghi.it\/#organization"},"potentialAction":[{"@type":"SearchAction","target":{"@type":"EntryPoint","urlTemplate":"https:\/\/arteeluoghi.it\/?s={search_term_string}"},"query-input":"required name=search_term_string"}],"inLanguage":"it-IT"},{"@type":"ImageObject","@id":"https:\/\/arteeluoghi.it\/index.php\/2013\/02\/23\/co-co-co-artisti-in-gara\/#primaryimage","inLanguage":"it-IT","url":"\/images\/logo%20co%20co%20co%202013.jpg","contentUrl":"\/images\/logo%20co%20co%20co%202013.jpg"},{"@type":"WebPage","@id":"https:\/\/arteeluoghi.it\/index.php\/2013\/02\/23\/co-co-co-artisti-in-gara\/#webpage","url":"https:\/\/arteeluoghi.it\/index.php\/2013\/02\/23\/co-co-co-artisti-in-gara\/","name":"Co co co. Artisti in gara | Arte e Luoghi","isPartOf":{"@id":"https:\/\/arteeluoghi.it\/#website"},"primaryImageOfPage":{"@id":"https:\/\/arteeluoghi.it\/index.php\/2013\/02\/23\/co-co-co-artisti-in-gara\/#primaryimage"},"datePublished":"2013-02-23T17:54:10+00:00","dateModified":"2017-08-06T21:58:59+00:00","breadcrumb":{"@id":"https:\/\/arteeluoghi.it\/index.php\/2013\/02\/23\/co-co-co-artisti-in-gara\/#breadcrumb"},"inLanguage":"it-IT","potentialAction":[{"@type":"ReadAction","target":["https:\/\/arteeluoghi.it\/index.php\/2013\/02\/23\/co-co-co-artisti-in-gara\/"]}]},{"@type":"BreadcrumbList","@id":"https:\/\/arteeluoghi.it\/index.php\/2013\/02\/23\/co-co-co-artisti-in-gara\/#breadcrumb","itemListElement":[{"@type":"ListItem","position":1,"name":"Home","item":"https:\/\/arteeluoghi.it\/"},{"@type":"ListItem","position":2,"name":"Co co co. Artisti in gara"}]},{"@type":"Article","@id":"https:\/\/arteeluoghi.it\/index.php\/2013\/02\/23\/co-co-co-artisti-in-gara\/#article","isPartOf":{"@id":"https:\/\/arteeluoghi.it\/index.php\/2013\/02\/23\/co-co-co-artisti-in-gara\/#webpage"},"author":{"@id":"https:\/\/arteeluoghi.it\/#\/schema\/person\/f84e814e36e91e01448ee07eaadd41d4"},"headline":"Co co co. Artisti in gara","datePublished":"2013-02-23T17:54:10+00:00","dateModified":"2017-08-06T21:58:59+00:00","mainEntityOfPage":{"@id":"https:\/\/arteeluoghi.it\/index.php\/2013\/02\/23\/co-co-co-artisti-in-gara\/#webpage"},"wordCount":421,"commentCount":0,"publisher":{"@id":"https:\/\/arteeluoghi.it\/#organization"},"image":{"@id":"https:\/\/arteeluoghi.it\/index.php\/2013\/02\/23\/co-co-co-artisti-in-gara\/#primaryimage"},"thumbnailUrl":"\/images\/logo%20co%20co%20co%202013.jpg","articleSection":["Notizie"],"inLanguage":"it-IT","potentialAction":[{"@type":"CommentAction","name":"Comment","target":["https:\/\/arteeluoghi.it\/index.php\/2013\/02\/23\/co-co-co-artisti-in-gara\/#respond"]}]},{"@type":"Person","@id":"https:\/\/arteeluoghi.it\/#\/schema\/person\/f84e814e36e91e01448ee07eaadd41d4","name":"Staff","image":{"@type":"ImageObject","@id":"https:\/\/arteeluoghi.it\/#personlogo","inLanguage":"it-IT","url":"https:\/\/secure.gravatar.com\/avatar\/49d2f9e46271bb04e19cebfaf141313a?s=96&d=blank&r=g","contentUrl":"https:\/\/secure.gravatar.com\/avatar\/49d2f9e46271bb04e19cebfaf141313a?s=96&d=blank&r=g","caption":"Staff"}}]}},"_links":{"self":[{"href":"https:\/\/arteeluoghi.it\/index.php\/wp-json\/wp\/v2\/posts\/1062"}],"collection":[{"href":"https:\/\/arteeluoghi.it\/index.php\/wp-json\/wp\/v2\/posts"}],"about":[{"href":"https:\/\/arteeluoghi.it\/index.php\/wp-json\/wp\/v2\/types\/post"}],"author":[{"embeddable":true,"href":"https:\/\/arteeluoghi.it\/index.php\/wp-json\/wp\/v2\/users\/1"}],"replies":[{"embeddable":true,"href":"https:\/\/arteeluoghi.it\/index.php\/wp-json\/wp\/v2\/comments?post=1062"}],"version-history":[{"count":1,"href":"https:\/\/arteeluoghi.it\/index.php\/wp-json\/wp\/v2\/posts\/1062\/revisions"}],"predecessor-version":[{"id":3106,"href":"https:\/\/arteeluoghi.it\/index.php\/wp-json\/wp\/v2\/posts\/1062\/revisions\/3106"}],"wp:attachment":[{"href":"https:\/\/arteeluoghi.it\/index.php\/wp-json\/wp\/v2\/media?parent=1062"}],"wp:term":[{"taxonomy":"category","embeddable":true,"href":"https:\/\/arteeluoghi.it\/index.php\/wp-json\/wp\/v2\/categories?post=1062"},{"taxonomy":"post_tag","embeddable":true,"href":"https:\/\/arteeluoghi.it\/index.php\/wp-json\/wp\/v2\/tags?post=1062"}],"curies":[{"name":"wp","href":"https:\/\/api.w.org\/{rel}","templated":true}]}}