{"id":10621,"date":"2021-10-14T01:04:00","date_gmt":"2021-10-13T23:04:00","guid":{"rendered":"https:\/\/arteeluoghi.it\/?p=10621"},"modified":"2021-11-14T01:08:53","modified_gmt":"2021-11-14T00:08:53","slug":"luca-bray-il-soffio-la-liberta-nel-colore","status":"publish","type":"post","link":"https:\/\/arteeluoghi.it\/index.php\/2021\/10\/14\/luca-bray-il-soffio-la-liberta-nel-colore\/","title":{"rendered":"Luca Bray. Il soffio. La libert\u00e0 nel colore"},"content":{"rendered":"\n<blockquote class=\"wp-block-quote\"><p>Si \u00e8 tenuta negli spazi dell\u2019ex Chiesa di San Francesco della Scarpa la personale di pittura dell\u2019artista bresciano trapiantato nel Salento. Le sue grandi tele, realizzate durante la pandemia, sono state in mostra dal 24 agosto al 10 settembre 2021<\/p><cite>Antonietta Fulvio<\/cite><\/blockquote>\n\n\n\n<p>\u00abNon mi piace l\u2019arte che si sovrappone all\u2019arte. Sono entrato nell\u2019ex Chiesa di San Francesco della Scarpa con il massimo pudore e rispetto, creando con l\u2019allestimento una sorta di stand per non essere invadente rispetto al barocco della Chiesa.\u00bb Parola di Luca Bray che lo scorso settembre ha abitato gli spazi dell\u2019ex complesso monumentale leccese, in piazzetta Carducci, con una sua personale che ha lasciato il segno.<br>\u201cIl soffio\u201d, questo il titolo della mostra, inserita nel progetto promosso dal Polo biblio-museale in collaborazione con AMA \u2013 Accademia mediterranea dell\u2019attore.<\/p>\n\n\n\n<!--more-->\n\n\n\n<p><br>Nato in provincia di Brescia, classe 1971, Luca Bray ha frequentato l&#8217;Accademia di Belle Arti di Brera a Milano, dove si \u00e8 laureato con lode e vanta una carriera espositiva semplicemente strabiliante che lo ha visto esporre in luoghi prestigiosi in particolare in Messico dove ha trascorso sedici anni entrando in perfetta sintonia con i luoghi, il mare.<br>Una terra caliente e vulcanica come le sue creazioni pittoriche: solchi di acrilici ma anche sabbia e gesso che disegnano percorsi come tracce magmatiche\u2026 Luca Bray predilige tele di grandi dimensioni, supporti pittorici anche inconsueti come materassi, barattoli, cancelli, ante di armadi su cui intervenire a mani nude e stendere i pigmenti in assoluta libert\u00e0 lasciando fluire libero insieme al pensiero le parole che traducono ricordi, emozioni, persone, incontri.<br>Non c\u2019\u00e8 da sorprendersi dunque se, di tanto in tanto, emergono dal fondo cromatico parole o frasi, per lo pi\u00f9 in italiano e spagnolo perch\u00e9 considerate linguaggi dell\u2019anima che forniscono ulteriori chiavi di lettura alla stessa opera.<br><\/p>\n\n\n\n<figure class=\"wp-block-gallery columns-3 is-cropped\"><ul class=\"blocks-gallery-grid\"><li class=\"blocks-gallery-item\"><figure><img loading=\"lazy\" width=\"1024\" height=\"683\" src=\"https:\/\/arteeluoghi.it\/wp-content\/uploads\/2021\/11\/luca-bray-1024x683.jpeg\" alt=\"\" data-id=\"10601\" data-full-url=\"https:\/\/arteeluoghi.it\/wp-content\/uploads\/2021\/11\/luca-bray.jpeg\" data-link=\"https:\/\/arteeluoghi.it\/index.php\/2021\/10\/14\/la-basilica-di-santagostino-in-campo-marzio\/luca-bray\/\" class=\"wp-image-10601\" srcset=\"https:\/\/arteeluoghi.it\/wp-content\/uploads\/2021\/11\/luca-bray-1024x683.jpeg 1024w, https:\/\/arteeluoghi.it\/wp-content\/uploads\/2021\/11\/luca-bray-300x200.jpeg 300w, https:\/\/arteeluoghi.it\/wp-content\/uploads\/2021\/11\/luca-bray-768x512.jpeg 768w, https:\/\/arteeluoghi.it\/wp-content\/uploads\/2021\/11\/luca-bray.jpeg 1440w\" sizes=\"(max-width: 1024px) 100vw, 1024px\" \/><\/figure><\/li><li class=\"blocks-gallery-item\"><figure><img loading=\"lazy\" width=\"682\" height=\"1024\" src=\"https:\/\/arteeluoghi.it\/wp-content\/uploads\/2021\/11\/luca-bray-7-682x1024.jpeg\" alt=\"\" data-id=\"10600\" data-full-url=\"https:\/\/arteeluoghi.it\/wp-content\/uploads\/2021\/11\/luca-bray-7.jpeg\" data-link=\"https:\/\/arteeluoghi.it\/index.php\/2021\/10\/14\/la-basilica-di-santagostino-in-campo-marzio\/luca-bray-7\/\" class=\"wp-image-10600\" srcset=\"https:\/\/arteeluoghi.it\/wp-content\/uploads\/2021\/11\/luca-bray-7-682x1024.jpeg 682w, https:\/\/arteeluoghi.it\/wp-content\/uploads\/2021\/11\/luca-bray-7-200x300.jpeg 200w, https:\/\/arteeluoghi.it\/wp-content\/uploads\/2021\/11\/luca-bray-7-768x1152.jpeg 768w, https:\/\/arteeluoghi.it\/wp-content\/uploads\/2021\/11\/luca-bray-7-1024x1536.jpeg 1024w, https:\/\/arteeluoghi.it\/wp-content\/uploads\/2021\/11\/luca-bray-7.jpeg 1343w\" sizes=\"(max-width: 682px) 100vw, 682px\" \/><\/figure><\/li><li class=\"blocks-gallery-item\"><figure><img loading=\"lazy\" width=\"682\" height=\"1024\" src=\"https:\/\/arteeluoghi.it\/wp-content\/uploads\/2021\/11\/luca-bray-6-682x1024.jpeg\" alt=\"\" data-id=\"10599\" data-full-url=\"https:\/\/arteeluoghi.it\/wp-content\/uploads\/2021\/11\/luca-bray-6.jpeg\" data-link=\"https:\/\/arteeluoghi.it\/index.php\/2021\/10\/14\/la-basilica-di-santagostino-in-campo-marzio\/luca-bray-6\/\" class=\"wp-image-10599\" srcset=\"https:\/\/arteeluoghi.it\/wp-content\/uploads\/2021\/11\/luca-bray-6-682x1024.jpeg 682w, https:\/\/arteeluoghi.it\/wp-content\/uploads\/2021\/11\/luca-bray-6-200x300.jpeg 200w, https:\/\/arteeluoghi.it\/wp-content\/uploads\/2021\/11\/luca-bray-6-768x1152.jpeg 768w, https:\/\/arteeluoghi.it\/wp-content\/uploads\/2021\/11\/luca-bray-6-1024x1536.jpeg 1024w, https:\/\/arteeluoghi.it\/wp-content\/uploads\/2021\/11\/luca-bray-6.jpeg 1343w\" sizes=\"(max-width: 682px) 100vw, 682px\" \/><\/figure><\/li><li class=\"blocks-gallery-item\"><figure><img loading=\"lazy\" width=\"682\" height=\"1024\" src=\"https:\/\/arteeluoghi.it\/wp-content\/uploads\/2021\/11\/luca-bray-5-682x1024.jpeg\" alt=\"\" data-id=\"10598\" data-full-url=\"https:\/\/arteeluoghi.it\/wp-content\/uploads\/2021\/11\/luca-bray-5.jpeg\" data-link=\"https:\/\/arteeluoghi.it\/index.php\/2021\/10\/14\/la-basilica-di-santagostino-in-campo-marzio\/luca-bray-5\/\" class=\"wp-image-10598\" srcset=\"https:\/\/arteeluoghi.it\/wp-content\/uploads\/2021\/11\/luca-bray-5-682x1024.jpeg 682w, https:\/\/arteeluoghi.it\/wp-content\/uploads\/2021\/11\/luca-bray-5-200x300.jpeg 200w, https:\/\/arteeluoghi.it\/wp-content\/uploads\/2021\/11\/luca-bray-5-768x1152.jpeg 768w, https:\/\/arteeluoghi.it\/wp-content\/uploads\/2021\/11\/luca-bray-5-1024x1536.jpeg 1024w, https:\/\/arteeluoghi.it\/wp-content\/uploads\/2021\/11\/luca-bray-5.jpeg 1343w\" sizes=\"(max-width: 682px) 100vw, 682px\" \/><\/figure><\/li><li class=\"blocks-gallery-item\"><figure><img loading=\"lazy\" width=\"1024\" height=\"683\" src=\"https:\/\/arteeluoghi.it\/wp-content\/uploads\/2021\/11\/luca-bray-2-1024x683.jpeg\" alt=\"\" data-id=\"10596\" data-full-url=\"https:\/\/arteeluoghi.it\/wp-content\/uploads\/2021\/11\/luca-bray-2.jpeg\" data-link=\"https:\/\/arteeluoghi.it\/index.php\/2021\/10\/14\/la-basilica-di-santagostino-in-campo-marzio\/luca-bray-2\/\" class=\"wp-image-10596\" srcset=\"https:\/\/arteeluoghi.it\/wp-content\/uploads\/2021\/11\/luca-bray-2-1024x683.jpeg 1024w, https:\/\/arteeluoghi.it\/wp-content\/uploads\/2021\/11\/luca-bray-2-300x200.jpeg 300w, https:\/\/arteeluoghi.it\/wp-content\/uploads\/2021\/11\/luca-bray-2-768x512.jpeg 768w, https:\/\/arteeluoghi.it\/wp-content\/uploads\/2021\/11\/luca-bray-2.jpeg 1440w\" sizes=\"(max-width: 1024px) 100vw, 1024px\" \/><\/figure><\/li><li class=\"blocks-gallery-item\"><figure><img loading=\"lazy\" width=\"682\" height=\"1024\" src=\"https:\/\/arteeluoghi.it\/wp-content\/uploads\/2021\/11\/luca-bray-4-682x1024.jpeg\" alt=\"\" data-id=\"10597\" data-full-url=\"https:\/\/arteeluoghi.it\/wp-content\/uploads\/2021\/11\/luca-bray-4.jpeg\" data-link=\"https:\/\/arteeluoghi.it\/index.php\/2021\/10\/14\/la-basilica-di-santagostino-in-campo-marzio\/luca-bray-4\/\" class=\"wp-image-10597\" srcset=\"https:\/\/arteeluoghi.it\/wp-content\/uploads\/2021\/11\/luca-bray-4-682x1024.jpeg 682w, https:\/\/arteeluoghi.it\/wp-content\/uploads\/2021\/11\/luca-bray-4-200x300.jpeg 200w, https:\/\/arteeluoghi.it\/wp-content\/uploads\/2021\/11\/luca-bray-4-768x1152.jpeg 768w, https:\/\/arteeluoghi.it\/wp-content\/uploads\/2021\/11\/luca-bray-4-1024x1536.jpeg 1024w, https:\/\/arteeluoghi.it\/wp-content\/uploads\/2021\/11\/luca-bray-4.jpeg 1343w\" sizes=\"(max-width: 682px) 100vw, 682px\" \/><\/figure><\/li><li class=\"blocks-gallery-item\"><figure><img loading=\"lazy\" width=\"682\" height=\"1024\" src=\"https:\/\/arteeluoghi.it\/wp-content\/uploads\/2021\/11\/luca-bray-6-682x1024.jpeg\" alt=\"\" data-id=\"10599\" data-full-url=\"https:\/\/arteeluoghi.it\/wp-content\/uploads\/2021\/11\/luca-bray-6.jpeg\" data-link=\"https:\/\/arteeluoghi.it\/index.php\/2021\/10\/14\/la-basilica-di-santagostino-in-campo-marzio\/luca-bray-6\/\" class=\"wp-image-10599\" srcset=\"https:\/\/arteeluoghi.it\/wp-content\/uploads\/2021\/11\/luca-bray-6-682x1024.jpeg 682w, https:\/\/arteeluoghi.it\/wp-content\/uploads\/2021\/11\/luca-bray-6-200x300.jpeg 200w, https:\/\/arteeluoghi.it\/wp-content\/uploads\/2021\/11\/luca-bray-6-768x1152.jpeg 768w, https:\/\/arteeluoghi.it\/wp-content\/uploads\/2021\/11\/luca-bray-6-1024x1536.jpeg 1024w, https:\/\/arteeluoghi.it\/wp-content\/uploads\/2021\/11\/luca-bray-6.jpeg 1343w\" sizes=\"(max-width: 682px) 100vw, 682px\" \/><figcaption class=\"blocks-gallery-item__caption\">Luca Bray  Il Soffio | Lecce San Francesco della Scarpa<\/figcaption><\/figure><\/li><\/ul><\/figure>\n\n\n\n<p>La pittura per Luca Bray \u00e8 carnale, anima e sangue. E, soprattutto, libert\u00e0. Libert\u00e0 emozionale che si traduce anche nel passo successivo della genesi pittorica quando Luca inonda le sue tele, facendo allagare un angolo del suo studio permettendo cos\u00ec ai dipinti di immergersi parzialmente o completamente nell&#8217;acqua. Il caso, forse, fa il resto. Probabilmente \u00e8 la bellezza dell\u2019imperfezione cos\u00ec come quella della vita ci\u00f2 che l\u2019artista vuole suggerire invitandoci a guardare con occhi nuovi forme e colori, espressione di un universo pittorico in cui decodificare la nostra appartenenza umana.<br>Sue opere figurano in numerose collezioni pubbliche, tra cui la Jumex Collection, Citt\u00e0 del Messico; Museo Antiguo Palacio Del Azobispado, Citt\u00e0 del Messico; Museo d&#8217;Arte Moderna di Sinaloa; Fondazione Daniel Chappard, Venezuela; Museo d&#8217;Arte Contemporanea Morelia, Messico; Museo Amparo, Messico; e la Fondazione Culturale Bancomer, Messico oltre che in numerose collezioni private in tutto il mondo. E dopo il successo dell\u2019esposizione leccese, dal 6 al 24 ottobre \u00e8 tra gli artisti che espongono al MAXXI di Roma dove si svolge l\u2019evento Swatch Art Peace Hotel, progetto di residenza d\u2019artista di Swatch.<\/p>\n","protected":false},"excerpt":{"rendered":"<p>Si \u00e8 tenuta negli spazi dell\u2019ex Chiesa di San Francesco della Scarpa la personale di pittura dell\u2019artista bresciano trapiantato nel<\/p>\n","protected":false},"author":1,"featured_media":10595,"comment_status":"open","ping_status":"open","sticky":true,"template":"","format":"standard","meta":[],"categories":[18,27,3,4],"tags":[234,408,134,3712,2631,3713],"yoast_head":"<!-- This site is optimized with the Yoast SEO plugin v18.0 - https:\/\/yoast.com\/wordpress\/plugins\/seo\/ -->\n<title>Luca Bray. Il soffio. La libert\u00e0 nel colore | Arte e Luoghi<\/title>\n<meta name=\"description\" content=\"Si \u00e8 tenuta negli spazi dell\u2019ex Chiesa di San Francesco della Scarpa la personale di pittura dell\u2019artista bresciano trapiantato nel Salento\" \/>\n<meta name=\"robots\" content=\"index, follow, max-snippet:-1, max-image-preview:large, max-video-preview:-1\" \/>\n<link rel=\"canonical\" href=\"https:\/\/arteeluoghi.it\/index.php\/2021\/10\/14\/luca-bray-il-soffio-la-liberta-nel-colore\/\" \/>\n<meta property=\"og:locale\" content=\"it_IT\" \/>\n<meta property=\"og:type\" content=\"article\" \/>\n<meta property=\"og:title\" content=\"Luca Bray. Il soffio. La libert\u00e0 nel colore | Arte e Luoghi\" \/>\n<meta property=\"og:description\" content=\"Si \u00e8 tenuta negli spazi dell\u2019ex Chiesa di San Francesco della Scarpa la personale di pittura dell\u2019artista bresciano trapiantato nel Salento\" \/>\n<meta property=\"og:url\" content=\"https:\/\/arteeluoghi.it\/index.php\/2021\/10\/14\/luca-bray-il-soffio-la-liberta-nel-colore\/\" \/>\n<meta property=\"og:site_name\" content=\"Arte e Luoghi\" \/>\n<meta property=\"article:publisher\" content=\"https:\/\/www.facebook.com\/ArteELuoghi\/\" \/>\n<meta property=\"article:published_time\" content=\"2021-10-13T23:04:00+00:00\" \/>\n<meta property=\"article:modified_time\" content=\"2021-11-14T00:08:53+00:00\" \/>\n<meta property=\"og:image\" content=\"https:\/\/arteeluoghi.it\/wp-content\/uploads\/2021\/11\/luca-bray-1.jpeg\" \/>\n\t<meta property=\"og:image:width\" content=\"1440\" \/>\n\t<meta property=\"og:image:height\" content=\"960\" \/>\n\t<meta property=\"og:image:type\" content=\"image\/jpeg\" \/>\n<meta name=\"twitter:card\" content=\"summary\" \/>\n<meta name=\"twitter:creator\" content=\"@arteeluoghi\" \/>\n<meta name=\"twitter:site\" content=\"@arteeluoghi\" \/>\n<meta name=\"twitter:label1\" content=\"Scritto da\" \/>\n\t<meta name=\"twitter:data1\" content=\"Staff\" \/>\n\t<meta name=\"twitter:label2\" content=\"Tempo di lettura stimato\" \/>\n\t<meta name=\"twitter:data2\" content=\"4 minuti\" \/>\n<script type=\"application\/ld+json\" class=\"yoast-schema-graph\">{\"@context\":\"https:\/\/schema.org\",\"@graph\":[{\"@type\":\"Organization\",\"@id\":\"https:\/\/arteeluoghi.it\/#organization\",\"name\":\"Arte e Luoghi\",\"url\":\"https:\/\/arteeluoghi.it\/\",\"sameAs\":[\"https:\/\/www.facebook.com\/ArteELuoghi\/\",\"https:\/\/www.instagram.com\/arteeluoghi\/?hl=it\",\"https:\/\/www.youtube.com\/channel\/UCuRVc4JW4-C5sg9rQB-srkw?view_as=subscriber\",\"https:\/\/twitter.com\/arteeluoghi\"],\"logo\":{\"@type\":\"ImageObject\",\"@id\":\"https:\/\/arteeluoghi.it\/#logo\",\"inLanguage\":\"it-IT\",\"url\":\"https:\/\/arteeluoghi.it\/wp-content\/uploads\/2018\/08\/logoinstagramarte.jpg\",\"contentUrl\":\"https:\/\/arteeluoghi.it\/wp-content\/uploads\/2018\/08\/logoinstagramarte.jpg\",\"width\":150,\"height\":150,\"caption\":\"Arte e Luoghi\"},\"image\":{\"@id\":\"https:\/\/arteeluoghi.it\/#logo\"}},{\"@type\":\"WebSite\",\"@id\":\"https:\/\/arteeluoghi.it\/#website\",\"url\":\"https:\/\/arteeluoghi.it\/\",\"name\":\"Arte e Luoghi\",\"description\":\"Mensile di arte, cultura, turismo e curiosit\u00e0\",\"publisher\":{\"@id\":\"https:\/\/arteeluoghi.it\/#organization\"},\"potentialAction\":[{\"@type\":\"SearchAction\",\"target\":{\"@type\":\"EntryPoint\",\"urlTemplate\":\"https:\/\/arteeluoghi.it\/?s={search_term_string}\"},\"query-input\":\"required name=search_term_string\"}],\"inLanguage\":\"it-IT\"},{\"@type\":\"ImageObject\",\"@id\":\"https:\/\/arteeluoghi.it\/index.php\/2021\/10\/14\/luca-bray-il-soffio-la-liberta-nel-colore\/#primaryimage\",\"inLanguage\":\"it-IT\",\"url\":\"https:\/\/arteeluoghi.it\/wp-content\/uploads\/2021\/11\/luca-bray-1.jpeg\",\"contentUrl\":\"https:\/\/arteeluoghi.it\/wp-content\/uploads\/2021\/11\/luca-bray-1.jpeg\",\"width\":1440,\"height\":960},{\"@type\":\"WebPage\",\"@id\":\"https:\/\/arteeluoghi.it\/index.php\/2021\/10\/14\/luca-bray-il-soffio-la-liberta-nel-colore\/#webpage\",\"url\":\"https:\/\/arteeluoghi.it\/index.php\/2021\/10\/14\/luca-bray-il-soffio-la-liberta-nel-colore\/\",\"name\":\"Luca Bray. Il soffio. La libert\u00e0 nel colore | Arte e Luoghi\",\"isPartOf\":{\"@id\":\"https:\/\/arteeluoghi.it\/#website\"},\"primaryImageOfPage\":{\"@id\":\"https:\/\/arteeluoghi.it\/index.php\/2021\/10\/14\/luca-bray-il-soffio-la-liberta-nel-colore\/#primaryimage\"},\"datePublished\":\"2021-10-13T23:04:00+00:00\",\"dateModified\":\"2021-11-14T00:08:53+00:00\",\"description\":\"Si \u00e8 tenuta negli spazi dell\u2019ex Chiesa di San Francesco della Scarpa la personale di pittura dell\u2019artista bresciano trapiantato nel Salento\",\"breadcrumb\":{\"@id\":\"https:\/\/arteeluoghi.it\/index.php\/2021\/10\/14\/luca-bray-il-soffio-la-liberta-nel-colore\/#breadcrumb\"},\"inLanguage\":\"it-IT\",\"potentialAction\":[{\"@type\":\"ReadAction\",\"target\":[\"https:\/\/arteeluoghi.it\/index.php\/2021\/10\/14\/luca-bray-il-soffio-la-liberta-nel-colore\/\"]}]},{\"@type\":\"BreadcrumbList\",\"@id\":\"https:\/\/arteeluoghi.it\/index.php\/2021\/10\/14\/luca-bray-il-soffio-la-liberta-nel-colore\/#breadcrumb\",\"itemListElement\":[{\"@type\":\"ListItem\",\"position\":1,\"name\":\"Home\",\"item\":\"https:\/\/arteeluoghi.it\/\"},{\"@type\":\"ListItem\",\"position\":2,\"name\":\"Luca Bray. Il soffio. La libert\u00e0 nel colore\"}]},{\"@type\":\"Article\",\"@id\":\"https:\/\/arteeluoghi.it\/index.php\/2021\/10\/14\/luca-bray-il-soffio-la-liberta-nel-colore\/#article\",\"isPartOf\":{\"@id\":\"https:\/\/arteeluoghi.it\/index.php\/2021\/10\/14\/luca-bray-il-soffio-la-liberta-nel-colore\/#webpage\"},\"author\":{\"@id\":\"https:\/\/arteeluoghi.it\/#\/schema\/person\/f84e814e36e91e01448ee07eaadd41d4\"},\"headline\":\"Luca Bray. Il soffio. La libert\u00e0 nel colore\",\"datePublished\":\"2021-10-13T23:04:00+00:00\",\"dateModified\":\"2021-11-14T00:08:53+00:00\",\"mainEntityOfPage\":{\"@id\":\"https:\/\/arteeluoghi.it\/index.php\/2021\/10\/14\/luca-bray-il-soffio-la-liberta-nel-colore\/#webpage\"},\"wordCount\":495,\"commentCount\":0,\"publisher\":{\"@id\":\"https:\/\/arteeluoghi.it\/#organization\"},\"image\":{\"@id\":\"https:\/\/arteeluoghi.it\/index.php\/2021\/10\/14\/luca-bray-il-soffio-la-liberta-nel-colore\/#primaryimage\"},\"thumbnailUrl\":\"https:\/\/arteeluoghi.it\/wp-content\/uploads\/2021\/11\/luca-bray-1.jpeg\",\"keywords\":[\"arte\",\"Bellezza\",\"Lecce\",\"Luca Bray\",\"Polo BiblioMuseale di Lecce\",\"San Francesco della Scarpa\"],\"articleSection\":[\"architettura\",\"Arte\",\"Arti visive\",\"I luoghi dell'Arte\"],\"inLanguage\":\"it-IT\",\"potentialAction\":[{\"@type\":\"CommentAction\",\"name\":\"Comment\",\"target\":[\"https:\/\/arteeluoghi.it\/index.php\/2021\/10\/14\/luca-bray-il-soffio-la-liberta-nel-colore\/#respond\"]}]},{\"@type\":\"Person\",\"@id\":\"https:\/\/arteeluoghi.it\/#\/schema\/person\/f84e814e36e91e01448ee07eaadd41d4\",\"name\":\"Staff\",\"image\":{\"@type\":\"ImageObject\",\"@id\":\"https:\/\/arteeluoghi.it\/#personlogo\",\"inLanguage\":\"it-IT\",\"url\":\"https:\/\/secure.gravatar.com\/avatar\/49d2f9e46271bb04e19cebfaf141313a?s=96&d=blank&r=g\",\"contentUrl\":\"https:\/\/secure.gravatar.com\/avatar\/49d2f9e46271bb04e19cebfaf141313a?s=96&d=blank&r=g\",\"caption\":\"Staff\"}}]}<\/script>\n<!-- \/ Yoast SEO plugin. -->","yoast_head_json":{"title":"Luca Bray. Il soffio. La libert\u00e0 nel colore | Arte e Luoghi","description":"Si \u00e8 tenuta negli spazi dell\u2019ex Chiesa di San Francesco della Scarpa la personale di pittura dell\u2019artista bresciano trapiantato nel Salento","robots":{"index":"index","follow":"follow","max-snippet":"max-snippet:-1","max-image-preview":"max-image-preview:large","max-video-preview":"max-video-preview:-1"},"canonical":"https:\/\/arteeluoghi.it\/index.php\/2021\/10\/14\/luca-bray-il-soffio-la-liberta-nel-colore\/","og_locale":"it_IT","og_type":"article","og_title":"Luca Bray. Il soffio. La libert\u00e0 nel colore | Arte e Luoghi","og_description":"Si \u00e8 tenuta negli spazi dell\u2019ex Chiesa di San Francesco della Scarpa la personale di pittura dell\u2019artista bresciano trapiantato nel Salento","og_url":"https:\/\/arteeluoghi.it\/index.php\/2021\/10\/14\/luca-bray-il-soffio-la-liberta-nel-colore\/","og_site_name":"Arte e Luoghi","article_publisher":"https:\/\/www.facebook.com\/ArteELuoghi\/","article_published_time":"2021-10-13T23:04:00+00:00","article_modified_time":"2021-11-14T00:08:53+00:00","og_image":[{"width":1440,"height":960,"url":"https:\/\/arteeluoghi.it\/wp-content\/uploads\/2021\/11\/luca-bray-1.jpeg","type":"image\/jpeg"}],"twitter_card":"summary","twitter_creator":"@arteeluoghi","twitter_site":"@arteeluoghi","twitter_misc":{"Scritto da":"Staff","Tempo di lettura stimato":"4 minuti"},"schema":{"@context":"https:\/\/schema.org","@graph":[{"@type":"Organization","@id":"https:\/\/arteeluoghi.it\/#organization","name":"Arte e Luoghi","url":"https:\/\/arteeluoghi.it\/","sameAs":["https:\/\/www.facebook.com\/ArteELuoghi\/","https:\/\/www.instagram.com\/arteeluoghi\/?hl=it","https:\/\/www.youtube.com\/channel\/UCuRVc4JW4-C5sg9rQB-srkw?view_as=subscriber","https:\/\/twitter.com\/arteeluoghi"],"logo":{"@type":"ImageObject","@id":"https:\/\/arteeluoghi.it\/#logo","inLanguage":"it-IT","url":"https:\/\/arteeluoghi.it\/wp-content\/uploads\/2018\/08\/logoinstagramarte.jpg","contentUrl":"https:\/\/arteeluoghi.it\/wp-content\/uploads\/2018\/08\/logoinstagramarte.jpg","width":150,"height":150,"caption":"Arte e Luoghi"},"image":{"@id":"https:\/\/arteeluoghi.it\/#logo"}},{"@type":"WebSite","@id":"https:\/\/arteeluoghi.it\/#website","url":"https:\/\/arteeluoghi.it\/","name":"Arte e Luoghi","description":"Mensile di arte, cultura, turismo e curiosit\u00e0","publisher":{"@id":"https:\/\/arteeluoghi.it\/#organization"},"potentialAction":[{"@type":"SearchAction","target":{"@type":"EntryPoint","urlTemplate":"https:\/\/arteeluoghi.it\/?s={search_term_string}"},"query-input":"required name=search_term_string"}],"inLanguage":"it-IT"},{"@type":"ImageObject","@id":"https:\/\/arteeluoghi.it\/index.php\/2021\/10\/14\/luca-bray-il-soffio-la-liberta-nel-colore\/#primaryimage","inLanguage":"it-IT","url":"https:\/\/arteeluoghi.it\/wp-content\/uploads\/2021\/11\/luca-bray-1.jpeg","contentUrl":"https:\/\/arteeluoghi.it\/wp-content\/uploads\/2021\/11\/luca-bray-1.jpeg","width":1440,"height":960},{"@type":"WebPage","@id":"https:\/\/arteeluoghi.it\/index.php\/2021\/10\/14\/luca-bray-il-soffio-la-liberta-nel-colore\/#webpage","url":"https:\/\/arteeluoghi.it\/index.php\/2021\/10\/14\/luca-bray-il-soffio-la-liberta-nel-colore\/","name":"Luca Bray. Il soffio. La libert\u00e0 nel colore | Arte e Luoghi","isPartOf":{"@id":"https:\/\/arteeluoghi.it\/#website"},"primaryImageOfPage":{"@id":"https:\/\/arteeluoghi.it\/index.php\/2021\/10\/14\/luca-bray-il-soffio-la-liberta-nel-colore\/#primaryimage"},"datePublished":"2021-10-13T23:04:00+00:00","dateModified":"2021-11-14T00:08:53+00:00","description":"Si \u00e8 tenuta negli spazi dell\u2019ex Chiesa di San Francesco della Scarpa la personale di pittura dell\u2019artista bresciano trapiantato nel Salento","breadcrumb":{"@id":"https:\/\/arteeluoghi.it\/index.php\/2021\/10\/14\/luca-bray-il-soffio-la-liberta-nel-colore\/#breadcrumb"},"inLanguage":"it-IT","potentialAction":[{"@type":"ReadAction","target":["https:\/\/arteeluoghi.it\/index.php\/2021\/10\/14\/luca-bray-il-soffio-la-liberta-nel-colore\/"]}]},{"@type":"BreadcrumbList","@id":"https:\/\/arteeluoghi.it\/index.php\/2021\/10\/14\/luca-bray-il-soffio-la-liberta-nel-colore\/#breadcrumb","itemListElement":[{"@type":"ListItem","position":1,"name":"Home","item":"https:\/\/arteeluoghi.it\/"},{"@type":"ListItem","position":2,"name":"Luca Bray. Il soffio. La libert\u00e0 nel colore"}]},{"@type":"Article","@id":"https:\/\/arteeluoghi.it\/index.php\/2021\/10\/14\/luca-bray-il-soffio-la-liberta-nel-colore\/#article","isPartOf":{"@id":"https:\/\/arteeluoghi.it\/index.php\/2021\/10\/14\/luca-bray-il-soffio-la-liberta-nel-colore\/#webpage"},"author":{"@id":"https:\/\/arteeluoghi.it\/#\/schema\/person\/f84e814e36e91e01448ee07eaadd41d4"},"headline":"Luca Bray. Il soffio. La libert\u00e0 nel colore","datePublished":"2021-10-13T23:04:00+00:00","dateModified":"2021-11-14T00:08:53+00:00","mainEntityOfPage":{"@id":"https:\/\/arteeluoghi.it\/index.php\/2021\/10\/14\/luca-bray-il-soffio-la-liberta-nel-colore\/#webpage"},"wordCount":495,"commentCount":0,"publisher":{"@id":"https:\/\/arteeluoghi.it\/#organization"},"image":{"@id":"https:\/\/arteeluoghi.it\/index.php\/2021\/10\/14\/luca-bray-il-soffio-la-liberta-nel-colore\/#primaryimage"},"thumbnailUrl":"https:\/\/arteeluoghi.it\/wp-content\/uploads\/2021\/11\/luca-bray-1.jpeg","keywords":["arte","Bellezza","Lecce","Luca Bray","Polo BiblioMuseale di Lecce","San Francesco della Scarpa"],"articleSection":["architettura","Arte","Arti visive","I luoghi dell'Arte"],"inLanguage":"it-IT","potentialAction":[{"@type":"CommentAction","name":"Comment","target":["https:\/\/arteeluoghi.it\/index.php\/2021\/10\/14\/luca-bray-il-soffio-la-liberta-nel-colore\/#respond"]}]},{"@type":"Person","@id":"https:\/\/arteeluoghi.it\/#\/schema\/person\/f84e814e36e91e01448ee07eaadd41d4","name":"Staff","image":{"@type":"ImageObject","@id":"https:\/\/arteeluoghi.it\/#personlogo","inLanguage":"it-IT","url":"https:\/\/secure.gravatar.com\/avatar\/49d2f9e46271bb04e19cebfaf141313a?s=96&d=blank&r=g","contentUrl":"https:\/\/secure.gravatar.com\/avatar\/49d2f9e46271bb04e19cebfaf141313a?s=96&d=blank&r=g","caption":"Staff"}}]}},"_links":{"self":[{"href":"https:\/\/arteeluoghi.it\/index.php\/wp-json\/wp\/v2\/posts\/10621"}],"collection":[{"href":"https:\/\/arteeluoghi.it\/index.php\/wp-json\/wp\/v2\/posts"}],"about":[{"href":"https:\/\/arteeluoghi.it\/index.php\/wp-json\/wp\/v2\/types\/post"}],"author":[{"embeddable":true,"href":"https:\/\/arteeluoghi.it\/index.php\/wp-json\/wp\/v2\/users\/1"}],"replies":[{"embeddable":true,"href":"https:\/\/arteeluoghi.it\/index.php\/wp-json\/wp\/v2\/comments?post=10621"}],"version-history":[{"count":1,"href":"https:\/\/arteeluoghi.it\/index.php\/wp-json\/wp\/v2\/posts\/10621\/revisions"}],"predecessor-version":[{"id":10622,"href":"https:\/\/arteeluoghi.it\/index.php\/wp-json\/wp\/v2\/posts\/10621\/revisions\/10622"}],"wp:featuredmedia":[{"embeddable":true,"href":"https:\/\/arteeluoghi.it\/index.php\/wp-json\/wp\/v2\/media\/10595"}],"wp:attachment":[{"href":"https:\/\/arteeluoghi.it\/index.php\/wp-json\/wp\/v2\/media?parent=10621"}],"wp:term":[{"taxonomy":"category","embeddable":true,"href":"https:\/\/arteeluoghi.it\/index.php\/wp-json\/wp\/v2\/categories?post=10621"},{"taxonomy":"post_tag","embeddable":true,"href":"https:\/\/arteeluoghi.it\/index.php\/wp-json\/wp\/v2\/tags?post=10621"}],"curies":[{"name":"wp","href":"https:\/\/api.w.org\/{rel}","templated":true}]}}