{"id":10661,"date":"2021-11-28T23:35:16","date_gmt":"2021-11-28T22:35:16","guid":{"rendered":"https:\/\/arteeluoghi.it\/?p=10661"},"modified":"2021-11-28T23:35:19","modified_gmt":"2021-11-28T22:35:19","slug":"le-vittime-del-silenzio-3","status":"publish","type":"post","link":"https:\/\/arteeluoghi.it\/index.php\/2021\/11\/28\/le-vittime-del-silenzio-3\/","title":{"rendered":"Le vittime del silenzio"},"content":{"rendered":"\n<blockquote class=\"wp-block-quote\"><p>Parte da Lecce il 30 novembre dalla Fondazione Palmieri in vico dei Sotteranei il ciclo dei dialoghi itineranti, campagna di sensibilizzazione per contrastare la violenza di genere. Ingresso libero con mascherina e green pass<\/p><\/blockquote>\n\n\n\n<p>Riprendendo un progetto di sette anni fa, la casa editrice <strong>Il Raggio Verde<\/strong> e la rivista <strong>Arte e Luoghi<\/strong> in collaborazione con l\u2019Associazione <strong>\u201cLe Ali di Pandora\u201d<\/strong> organizzano il ciclo di <em>dialoghi itineranti<\/em> \u201cLe vittime del silenzio\u201d, una campagna di sensibilizzazione per contrastare la violenza di genere ormai emergenza sociale, che partir\u00e0 il 30 novembre dalla Fondazione Palmieri di Lecce che si affianca nell\u2019iniziativa dedicata ad una donna straordinaria: Luciana Palmieri.<\/p>\n\n\n\n<p>Al primo incontro, che apre il ciclo dei dialoghi itineranti, prenderanno parte <strong>Carlo Salvemini<\/strong> Sindaco di Lecce, <strong>Beatrice Casamassa<\/strong> \u00a0Capitano della Compagnia dei Carabinieri di Gallipoli, <strong>Silvia Miglietta<\/strong> assessore comunale alle Pari Opportunit\u00e0, <strong>Carla Palmieri<\/strong> presidente della Fondazione che ospita l\u2019evento. In apertura la performance \u201cMorte di un\u2019anima\u201d con <strong>Lola Giuranna e Luigi Bottazzo<\/strong> dell\u2019associazione teatrale <strong>\u201cLa Barcaccia\u201d di Gallipoli<\/strong>.<\/p>\n\n\n\n<!--more-->\n\n\n\n<p>Seguir\u00e0 la proiezione del video realizzato dai ragazzi del Liceo scientifico di Maglie con la collaborazione del Comando provinciale&nbsp; dell\u2019Arma dei Carabinieri.<\/p>\n\n\n\n<p>Prosa e Poesia si alterneranno attraverso le voci degli autori della casa editrice Il Raggio Verde uniti in una staffetta letteraria che come un caleidoscopio tratter\u00e0 i diversi aspetti della violenza:<\/p>\n\n\n\n<p><strong>Martin Angiuli, Ambra Biscuso, Tiziana Buccarella, Luca Borrello, Stefano Camb\u00f2, Valeria Coi, Gianluigi Cosi, Pino De Luca, Caterina De Vita, Maria Grazia Garrapa, Luigi Liaci, Lucio Maiorano<\/strong> <strong>Assuntina Marzotta, Anna Pia Merico, Nico Maggi, Federica Murgia, Sandro Mottura,<\/strong> <strong>Francesco Pasca, Fabio Plac\u00ec, Aldo Recchia, Cosimo Renna, Tina Rizzo De Giovanni<\/strong>. Voci diverse per un unico messaggio: la violenza va denunciata, sempre! Bisogna scardinare il silenzio assordante e complice che alimenta gli eventi criminali e non mette a riparo le vittime. Interrompere l\u2019isolamento in cui si vengono a trovare le donne maltrattate e annullare il silenzio che sovrasta la violenza in tutte le sue forme a partire da quella insospettabile che avviene tra le pareti domestiche, il luogo che dovrebbe essere sinonimo di protezione e rispetto della dignit\u00e0 personale.<\/p>\n\n\n\n<p>La violenza pu\u00f2 essere contrastata solo promuovendo la cultura del rispetto e dell\u2019amore, le buone prassi di un rapporto paritario regolato dal dialogo e dal confronto, promuovendo l\u2019educazione dal basso insegnando ai nostri figli il rispetto dell\u2019altro cos\u00ec come delle differenze, e il riconoscimento della dignit\u00e0 e del valore dell\u2019amore che non \u00e8 mai possesso, prevaricazione.<\/p>\n\n\n\n<p>A supporto le testimonianze degli operatori: l\u2019intervento del Capitano dei Carabinieri di Gallipoli <strong>Beatrice Casamassa<\/strong> in rappresentanza dell\u2019<strong>Arma dei Carabinieri <\/strong>da sempre in prima linea e a difesa dei pi\u00f9 deboli a cominciare dalle donne che subiscono violenza, ai figli costretti ad assistere alla degenerazione dei rapporti familiari. Da dieci anni l&#8217;Arma ha creato una struttura all&#8217;interno del Raggruppamento investigazioni scientifiche che studia e analizza il fenomeno per elaborare i &#8220;fattori di rischio\u201d e quotidianamente si occupa di tutelare e contrastare la violenza perch\u00e9 \u201cSorridere \u00e8 un diritto e fermare la violenza una scelta\u201d.<\/p>\n\n\n\n<p>Importanti saranno le voci delle testimonianze, dallo psicoterapeuta <strong>Giovanni Bruno<\/strong> al giornalista <strong>Vincenzo Sparviero<\/strong>, dall\u2019assistente sociale <strong>Francesca Pastore<\/strong> alla pedagogista <strong>Eleonora Colizzi<\/strong>. &nbsp;Presente anche l\u2019artista <strong>Gaia Di Leo<\/strong> che firma il manifesto di questo primo incontro che si svolge a Lecce in collaborazione con la <strong>Fondazione Palmieri<\/strong>. I dialoghi itineranti toccheranno nel nuovo anno le citt\u00e0 di Brindisi, Specchia, Gallipoli e tanti altri comuni del Salento. &nbsp;<\/p>\n\n\n\n<p>\u00abLa rassegna, ideata dalla casa editrice Il Raggio Verde e dalla rivista Arte e Luoghi in collaborazione con l\u2019associazione Le Ali di Pandora &#8211; spiega la giornalista <strong>Antonietta Fulvio<\/strong> che moderer\u00e0 l\u2019incontro insieme al giornalista <strong>Raffaele Polo<\/strong> &#8211; intende fornire il proprio contributo ad una drammatica emergenza sociale coinvolgendo artisti, autori, scrittori, operatori del settore per fornire un approccio propositivo e positivo e non limitarsi al solo racconto della violenza di genere che rappresenta purtroppo la punta dell\u2019iceberg. Altrettanto terribili sono le tragedie&nbsp;silenziose che avvengono entro le mura domestiche o sui luoghi di lavoro, tragedie che non vengono denunciate ma sono pur sempre figlie folli della violenza, episodi che se non arrivano all\u2019irreversibile epilogo finale lasciano il segno e sono il segno tangibile di una pesantissima sconfitta per tutta la societ\u00e0. Perch\u00e9 \u00e8 la cultura per il rispetto della vita che si annienta dietro ogni schiaffo, ogni pugno\u2026 aggressione verbale, sudditanza psicologica\u2026 tutti indistintamente atti criminali. La violenza \u00e8 un crimine inaccettabile quanto vergognoso e va denunciata. Senza paura. L\u2019emergenza pandemica ha acuito un problema sociale purtroppo radicato che va affrontato sicuramente partendo non solo con la denuncia ma anche con l\u2019educazione.&nbsp; Facendo nostre le considerazioni dello psicanalista Massimo Recalcati, bisogna realizzare una &#8220;educazione sentimentale&#8221; che porti il maschio all&#8217;accettazione dell&#8217;altro come libert\u00e0 e non come oggetto. Per questo \u00e8 necessario ricorrere alla parola, alla voce delle arti per veicolare la cultura del rispetto per l\u2019altro, inequivocabilmente legato al rispetto per la vita. Non sar\u00e0 mai superfluo parlare e affrontare questi temi che, anzi, devono via via incontrare platee pi\u00f9 vaste ed eterogenee: dal pubblico degli adulti ai giovani studenti. Abbattere la barriera del silenzio e collaborare per creare una rete solidale perch\u00e9 le vittime non si sentano sole e si possa arrivare alla radice del problema che nasce e si alimenta nell\u2019arretratezza culturale e nel pregiudizio resistente di una societ\u00e0 razzista e ancora patriarcale.\u00bb<\/p>\n","protected":false},"excerpt":{"rendered":"<p>Parte da Lecce il 30 novembre dalla Fondazione Palmieri in vico dei Sotteranei il ciclo dei dialoghi itineranti, campagna di<\/p>\n","protected":false},"author":1,"featured_media":10662,"comment_status":"open","ping_status":"open","sticky":true,"template":"","format":"standard","meta":[],"categories":[52,28],"tags":[3760,1130,3757,519,3748,3750,1988,1923,3756,3751,3755,423,1312,888,695,3428,1920,2036,1998,134,3763,3754,3749,3759,3762,2117,3752,3753,1038,1374,1377,3758,3747,638,3761,2906,1547,957,3746],"yoast_head":"<!-- This site is optimized with the Yoast SEO plugin v18.0 - https:\/\/yoast.com\/wordpress\/plugins\/seo\/ -->\n<title>Le vittime del silenzio | Arte e Luoghi<\/title>\n<meta name=\"description\" content=\"Parte da Lecce il 30 novembre dalla Fondazione Palmieri il ciclo dei dialoghi itineranti per contrastare la violenza di genere\" \/>\n<meta name=\"robots\" content=\"index, follow, max-snippet:-1, max-image-preview:large, max-video-preview:-1\" \/>\n<link rel=\"canonical\" href=\"https:\/\/arteeluoghi.it\/index.php\/2021\/11\/28\/le-vittime-del-silenzio-3\/\" \/>\n<meta property=\"og:locale\" content=\"it_IT\" \/>\n<meta property=\"og:type\" content=\"article\" \/>\n<meta property=\"og:title\" content=\"Le vittime del silenzio | Arte e Luoghi\" \/>\n<meta property=\"og:description\" content=\"Parte da Lecce il 30 novembre dalla Fondazione Palmieri il ciclo dei dialoghi itineranti per contrastare la violenza di genere\" \/>\n<meta property=\"og:url\" content=\"https:\/\/arteeluoghi.it\/index.php\/2021\/11\/28\/le-vittime-del-silenzio-3\/\" \/>\n<meta property=\"og:site_name\" content=\"Arte e Luoghi\" \/>\n<meta property=\"article:publisher\" content=\"https:\/\/www.facebook.com\/ArteELuoghi\/\" \/>\n<meta property=\"article:published_time\" content=\"2021-11-28T22:35:16+00:00\" \/>\n<meta property=\"article:modified_time\" content=\"2021-11-28T22:35:19+00:00\" \/>\n<meta property=\"og:image\" content=\"https:\/\/arteeluoghi.it\/wp-content\/uploads\/2021\/11\/manifesto_30-nov.jpg\" \/>\n\t<meta property=\"og:image:width\" content=\"1525\" \/>\n\t<meta property=\"og:image:height\" content=\"2124\" \/>\n\t<meta property=\"og:image:type\" content=\"image\/jpeg\" \/>\n<meta name=\"twitter:card\" content=\"summary\" \/>\n<meta name=\"twitter:creator\" content=\"@arteeluoghi\" \/>\n<meta name=\"twitter:site\" content=\"@arteeluoghi\" \/>\n<meta name=\"twitter:label1\" content=\"Scritto da\" \/>\n\t<meta name=\"twitter:data1\" content=\"Staff\" \/>\n\t<meta name=\"twitter:label2\" content=\"Tempo di lettura stimato\" \/>\n\t<meta name=\"twitter:data2\" content=\"4 minuti\" \/>\n<script type=\"application\/ld+json\" class=\"yoast-schema-graph\">{\"@context\":\"https:\/\/schema.org\",\"@graph\":[{\"@type\":\"Organization\",\"@id\":\"https:\/\/arteeluoghi.it\/#organization\",\"name\":\"Arte e Luoghi\",\"url\":\"https:\/\/arteeluoghi.it\/\",\"sameAs\":[\"https:\/\/www.facebook.com\/ArteELuoghi\/\",\"https:\/\/www.instagram.com\/arteeluoghi\/?hl=it\",\"https:\/\/www.youtube.com\/channel\/UCuRVc4JW4-C5sg9rQB-srkw?view_as=subscriber\",\"https:\/\/twitter.com\/arteeluoghi\"],\"logo\":{\"@type\":\"ImageObject\",\"@id\":\"https:\/\/arteeluoghi.it\/#logo\",\"inLanguage\":\"it-IT\",\"url\":\"https:\/\/arteeluoghi.it\/wp-content\/uploads\/2018\/08\/logoinstagramarte.jpg\",\"contentUrl\":\"https:\/\/arteeluoghi.it\/wp-content\/uploads\/2018\/08\/logoinstagramarte.jpg\",\"width\":150,\"height\":150,\"caption\":\"Arte e Luoghi\"},\"image\":{\"@id\":\"https:\/\/arteeluoghi.it\/#logo\"}},{\"@type\":\"WebSite\",\"@id\":\"https:\/\/arteeluoghi.it\/#website\",\"url\":\"https:\/\/arteeluoghi.it\/\",\"name\":\"Arte e Luoghi\",\"description\":\"Mensile di arte, cultura, turismo e curiosit\u00e0\",\"publisher\":{\"@id\":\"https:\/\/arteeluoghi.it\/#organization\"},\"potentialAction\":[{\"@type\":\"SearchAction\",\"target\":{\"@type\":\"EntryPoint\",\"urlTemplate\":\"https:\/\/arteeluoghi.it\/?s={search_term_string}\"},\"query-input\":\"required name=search_term_string\"}],\"inLanguage\":\"it-IT\"},{\"@type\":\"ImageObject\",\"@id\":\"https:\/\/arteeluoghi.it\/index.php\/2021\/11\/28\/le-vittime-del-silenzio-3\/#primaryimage\",\"inLanguage\":\"it-IT\",\"url\":\"https:\/\/arteeluoghi.it\/wp-content\/uploads\/2021\/11\/manifesto_30-nov.jpg\",\"contentUrl\":\"https:\/\/arteeluoghi.it\/wp-content\/uploads\/2021\/11\/manifesto_30-nov.jpg\",\"width\":1525,\"height\":2124},{\"@type\":\"WebPage\",\"@id\":\"https:\/\/arteeluoghi.it\/index.php\/2021\/11\/28\/le-vittime-del-silenzio-3\/#webpage\",\"url\":\"https:\/\/arteeluoghi.it\/index.php\/2021\/11\/28\/le-vittime-del-silenzio-3\/\",\"name\":\"Le vittime del silenzio | Arte e Luoghi\",\"isPartOf\":{\"@id\":\"https:\/\/arteeluoghi.it\/#website\"},\"primaryImageOfPage\":{\"@id\":\"https:\/\/arteeluoghi.it\/index.php\/2021\/11\/28\/le-vittime-del-silenzio-3\/#primaryimage\"},\"datePublished\":\"2021-11-28T22:35:16+00:00\",\"dateModified\":\"2021-11-28T22:35:19+00:00\",\"description\":\"Parte da Lecce il 30 novembre dalla Fondazione Palmieri il ciclo dei dialoghi itineranti per contrastare la violenza di genere\",\"breadcrumb\":{\"@id\":\"https:\/\/arteeluoghi.it\/index.php\/2021\/11\/28\/le-vittime-del-silenzio-3\/#breadcrumb\"},\"inLanguage\":\"it-IT\",\"potentialAction\":[{\"@type\":\"ReadAction\",\"target\":[\"https:\/\/arteeluoghi.it\/index.php\/2021\/11\/28\/le-vittime-del-silenzio-3\/\"]}]},{\"@type\":\"BreadcrumbList\",\"@id\":\"https:\/\/arteeluoghi.it\/index.php\/2021\/11\/28\/le-vittime-del-silenzio-3\/#breadcrumb\",\"itemListElement\":[{\"@type\":\"ListItem\",\"position\":1,\"name\":\"Home\",\"item\":\"https:\/\/arteeluoghi.it\/\"},{\"@type\":\"ListItem\",\"position\":2,\"name\":\"Le vittime del silenzio\"}]},{\"@type\":\"Article\",\"@id\":\"https:\/\/arteeluoghi.it\/index.php\/2021\/11\/28\/le-vittime-del-silenzio-3\/#article\",\"isPartOf\":{\"@id\":\"https:\/\/arteeluoghi.it\/index.php\/2021\/11\/28\/le-vittime-del-silenzio-3\/#webpage\"},\"author\":{\"@id\":\"https:\/\/arteeluoghi.it\/#\/schema\/person\/f84e814e36e91e01448ee07eaadd41d4\"},\"headline\":\"Le vittime del silenzio\",\"datePublished\":\"2021-11-28T22:35:16+00:00\",\"dateModified\":\"2021-11-28T22:35:19+00:00\",\"mainEntityOfPage\":{\"@id\":\"https:\/\/arteeluoghi.it\/index.php\/2021\/11\/28\/le-vittime-del-silenzio-3\/#webpage\"},\"wordCount\":903,\"commentCount\":0,\"publisher\":{\"@id\":\"https:\/\/arteeluoghi.it\/#organization\"},\"image\":{\"@id\":\"https:\/\/arteeluoghi.it\/index.php\/2021\/11\/28\/le-vittime-del-silenzio-3\/#primaryimage\"},\"thumbnailUrl\":\"https:\/\/arteeluoghi.it\/wp-content\/uploads\/2021\/11\/manifesto_30-nov.jpg\",\"keywords\":[\"Aldo Recchia\",\"Ambra Biscuso\",\"Anna Pia Merico\",\"Antonietta Fulvio\",\"Beatrice Casamassa capitano compagnia Carabinieri Gallipoli\",\"Carla Palmieri\",\"Carlo Salvemini\",\"Caterina De Vita\",\"Cosimo Renna\",\"Eleonora Colizzi\",\"Fabio Plac\u00ec\",\"Federica Murgia\",\"Fondazione Palmieri\",\"Francesca Pastore\",\"Francesco Pasca\",\"Gaia di Leo\",\"Gianluigi Cosi\",\"Giovanni Bruno\",\"La Barcaccia\",\"Lecce\",\"Lola Giuranna\",\"Luca Borrello\",\"Luciana Palmieri\",\"Lucio Maiorano Assuntina Marzotta\",\"Luigi Bottazzo\",\"Luigi Liaci\",\"Maria Grazia Garrapa\",\"Martin Angiuli\",\"Nico Maggi\",\"Pino De Luca\",\"Raffaele Polo\",\"Sandro Mottura\",\"Silvia Miglietta\",\"Stefano Camb\u00f2\",\"Tina Rizzo De Giovanni\",\"Tiziana Buccarella\",\"Valeria Coi\",\"Vincenzo Sparviero\",\"violenza di genere\"],\"articleSection\":[\"I luoghi della parola\",\"Notizie\"],\"inLanguage\":\"it-IT\",\"potentialAction\":[{\"@type\":\"CommentAction\",\"name\":\"Comment\",\"target\":[\"https:\/\/arteeluoghi.it\/index.php\/2021\/11\/28\/le-vittime-del-silenzio-3\/#respond\"]}]},{\"@type\":\"Person\",\"@id\":\"https:\/\/arteeluoghi.it\/#\/schema\/person\/f84e814e36e91e01448ee07eaadd41d4\",\"name\":\"Staff\",\"image\":{\"@type\":\"ImageObject\",\"@id\":\"https:\/\/arteeluoghi.it\/#personlogo\",\"inLanguage\":\"it-IT\",\"url\":\"https:\/\/secure.gravatar.com\/avatar\/49d2f9e46271bb04e19cebfaf141313a?s=96&d=blank&r=g\",\"contentUrl\":\"https:\/\/secure.gravatar.com\/avatar\/49d2f9e46271bb04e19cebfaf141313a?s=96&d=blank&r=g\",\"caption\":\"Staff\"}}]}<\/script>\n<!-- \/ Yoast SEO plugin. -->","yoast_head_json":{"title":"Le vittime del silenzio | Arte e Luoghi","description":"Parte da Lecce il 30 novembre dalla Fondazione Palmieri il ciclo dei dialoghi itineranti per contrastare la violenza di genere","robots":{"index":"index","follow":"follow","max-snippet":"max-snippet:-1","max-image-preview":"max-image-preview:large","max-video-preview":"max-video-preview:-1"},"canonical":"https:\/\/arteeluoghi.it\/index.php\/2021\/11\/28\/le-vittime-del-silenzio-3\/","og_locale":"it_IT","og_type":"article","og_title":"Le vittime del silenzio | Arte e Luoghi","og_description":"Parte da Lecce il 30 novembre dalla Fondazione Palmieri il ciclo dei dialoghi itineranti per contrastare la violenza di genere","og_url":"https:\/\/arteeluoghi.it\/index.php\/2021\/11\/28\/le-vittime-del-silenzio-3\/","og_site_name":"Arte e Luoghi","article_publisher":"https:\/\/www.facebook.com\/ArteELuoghi\/","article_published_time":"2021-11-28T22:35:16+00:00","article_modified_time":"2021-11-28T22:35:19+00:00","og_image":[{"width":1525,"height":2124,"url":"https:\/\/arteeluoghi.it\/wp-content\/uploads\/2021\/11\/manifesto_30-nov.jpg","type":"image\/jpeg"}],"twitter_card":"summary","twitter_creator":"@arteeluoghi","twitter_site":"@arteeluoghi","twitter_misc":{"Scritto da":"Staff","Tempo di lettura stimato":"4 minuti"},"schema":{"@context":"https:\/\/schema.org","@graph":[{"@type":"Organization","@id":"https:\/\/arteeluoghi.it\/#organization","name":"Arte e Luoghi","url":"https:\/\/arteeluoghi.it\/","sameAs":["https:\/\/www.facebook.com\/ArteELuoghi\/","https:\/\/www.instagram.com\/arteeluoghi\/?hl=it","https:\/\/www.youtube.com\/channel\/UCuRVc4JW4-C5sg9rQB-srkw?view_as=subscriber","https:\/\/twitter.com\/arteeluoghi"],"logo":{"@type":"ImageObject","@id":"https:\/\/arteeluoghi.it\/#logo","inLanguage":"it-IT","url":"https:\/\/arteeluoghi.it\/wp-content\/uploads\/2018\/08\/logoinstagramarte.jpg","contentUrl":"https:\/\/arteeluoghi.it\/wp-content\/uploads\/2018\/08\/logoinstagramarte.jpg","width":150,"height":150,"caption":"Arte e Luoghi"},"image":{"@id":"https:\/\/arteeluoghi.it\/#logo"}},{"@type":"WebSite","@id":"https:\/\/arteeluoghi.it\/#website","url":"https:\/\/arteeluoghi.it\/","name":"Arte e Luoghi","description":"Mensile di arte, cultura, turismo e curiosit\u00e0","publisher":{"@id":"https:\/\/arteeluoghi.it\/#organization"},"potentialAction":[{"@type":"SearchAction","target":{"@type":"EntryPoint","urlTemplate":"https:\/\/arteeluoghi.it\/?s={search_term_string}"},"query-input":"required name=search_term_string"}],"inLanguage":"it-IT"},{"@type":"ImageObject","@id":"https:\/\/arteeluoghi.it\/index.php\/2021\/11\/28\/le-vittime-del-silenzio-3\/#primaryimage","inLanguage":"it-IT","url":"https:\/\/arteeluoghi.it\/wp-content\/uploads\/2021\/11\/manifesto_30-nov.jpg","contentUrl":"https:\/\/arteeluoghi.it\/wp-content\/uploads\/2021\/11\/manifesto_30-nov.jpg","width":1525,"height":2124},{"@type":"WebPage","@id":"https:\/\/arteeluoghi.it\/index.php\/2021\/11\/28\/le-vittime-del-silenzio-3\/#webpage","url":"https:\/\/arteeluoghi.it\/index.php\/2021\/11\/28\/le-vittime-del-silenzio-3\/","name":"Le vittime del silenzio | Arte e Luoghi","isPartOf":{"@id":"https:\/\/arteeluoghi.it\/#website"},"primaryImageOfPage":{"@id":"https:\/\/arteeluoghi.it\/index.php\/2021\/11\/28\/le-vittime-del-silenzio-3\/#primaryimage"},"datePublished":"2021-11-28T22:35:16+00:00","dateModified":"2021-11-28T22:35:19+00:00","description":"Parte da Lecce il 30 novembre dalla Fondazione Palmieri il ciclo dei dialoghi itineranti per contrastare la violenza di genere","breadcrumb":{"@id":"https:\/\/arteeluoghi.it\/index.php\/2021\/11\/28\/le-vittime-del-silenzio-3\/#breadcrumb"},"inLanguage":"it-IT","potentialAction":[{"@type":"ReadAction","target":["https:\/\/arteeluoghi.it\/index.php\/2021\/11\/28\/le-vittime-del-silenzio-3\/"]}]},{"@type":"BreadcrumbList","@id":"https:\/\/arteeluoghi.it\/index.php\/2021\/11\/28\/le-vittime-del-silenzio-3\/#breadcrumb","itemListElement":[{"@type":"ListItem","position":1,"name":"Home","item":"https:\/\/arteeluoghi.it\/"},{"@type":"ListItem","position":2,"name":"Le vittime del silenzio"}]},{"@type":"Article","@id":"https:\/\/arteeluoghi.it\/index.php\/2021\/11\/28\/le-vittime-del-silenzio-3\/#article","isPartOf":{"@id":"https:\/\/arteeluoghi.it\/index.php\/2021\/11\/28\/le-vittime-del-silenzio-3\/#webpage"},"author":{"@id":"https:\/\/arteeluoghi.it\/#\/schema\/person\/f84e814e36e91e01448ee07eaadd41d4"},"headline":"Le vittime del silenzio","datePublished":"2021-11-28T22:35:16+00:00","dateModified":"2021-11-28T22:35:19+00:00","mainEntityOfPage":{"@id":"https:\/\/arteeluoghi.it\/index.php\/2021\/11\/28\/le-vittime-del-silenzio-3\/#webpage"},"wordCount":903,"commentCount":0,"publisher":{"@id":"https:\/\/arteeluoghi.it\/#organization"},"image":{"@id":"https:\/\/arteeluoghi.it\/index.php\/2021\/11\/28\/le-vittime-del-silenzio-3\/#primaryimage"},"thumbnailUrl":"https:\/\/arteeluoghi.it\/wp-content\/uploads\/2021\/11\/manifesto_30-nov.jpg","keywords":["Aldo Recchia","Ambra Biscuso","Anna Pia Merico","Antonietta Fulvio","Beatrice Casamassa capitano compagnia Carabinieri Gallipoli","Carla Palmieri","Carlo Salvemini","Caterina De Vita","Cosimo Renna","Eleonora Colizzi","Fabio Plac\u00ec","Federica Murgia","Fondazione Palmieri","Francesca Pastore","Francesco Pasca","Gaia di Leo","Gianluigi Cosi","Giovanni Bruno","La Barcaccia","Lecce","Lola Giuranna","Luca Borrello","Luciana Palmieri","Lucio Maiorano Assuntina Marzotta","Luigi Bottazzo","Luigi Liaci","Maria Grazia Garrapa","Martin Angiuli","Nico Maggi","Pino De Luca","Raffaele Polo","Sandro Mottura","Silvia Miglietta","Stefano Camb\u00f2","Tina Rizzo De Giovanni","Tiziana Buccarella","Valeria Coi","Vincenzo Sparviero","violenza di genere"],"articleSection":["I luoghi della parola","Notizie"],"inLanguage":"it-IT","potentialAction":[{"@type":"CommentAction","name":"Comment","target":["https:\/\/arteeluoghi.it\/index.php\/2021\/11\/28\/le-vittime-del-silenzio-3\/#respond"]}]},{"@type":"Person","@id":"https:\/\/arteeluoghi.it\/#\/schema\/person\/f84e814e36e91e01448ee07eaadd41d4","name":"Staff","image":{"@type":"ImageObject","@id":"https:\/\/arteeluoghi.it\/#personlogo","inLanguage":"it-IT","url":"https:\/\/secure.gravatar.com\/avatar\/49d2f9e46271bb04e19cebfaf141313a?s=96&d=blank&r=g","contentUrl":"https:\/\/secure.gravatar.com\/avatar\/49d2f9e46271bb04e19cebfaf141313a?s=96&d=blank&r=g","caption":"Staff"}}]}},"_links":{"self":[{"href":"https:\/\/arteeluoghi.it\/index.php\/wp-json\/wp\/v2\/posts\/10661"}],"collection":[{"href":"https:\/\/arteeluoghi.it\/index.php\/wp-json\/wp\/v2\/posts"}],"about":[{"href":"https:\/\/arteeluoghi.it\/index.php\/wp-json\/wp\/v2\/types\/post"}],"author":[{"embeddable":true,"href":"https:\/\/arteeluoghi.it\/index.php\/wp-json\/wp\/v2\/users\/1"}],"replies":[{"embeddable":true,"href":"https:\/\/arteeluoghi.it\/index.php\/wp-json\/wp\/v2\/comments?post=10661"}],"version-history":[{"count":1,"href":"https:\/\/arteeluoghi.it\/index.php\/wp-json\/wp\/v2\/posts\/10661\/revisions"}],"predecessor-version":[{"id":10663,"href":"https:\/\/arteeluoghi.it\/index.php\/wp-json\/wp\/v2\/posts\/10661\/revisions\/10663"}],"wp:featuredmedia":[{"embeddable":true,"href":"https:\/\/arteeluoghi.it\/index.php\/wp-json\/wp\/v2\/media\/10662"}],"wp:attachment":[{"href":"https:\/\/arteeluoghi.it\/index.php\/wp-json\/wp\/v2\/media?parent=10661"}],"wp:term":[{"taxonomy":"category","embeddable":true,"href":"https:\/\/arteeluoghi.it\/index.php\/wp-json\/wp\/v2\/categories?post=10661"},{"taxonomy":"post_tag","embeddable":true,"href":"https:\/\/arteeluoghi.it\/index.php\/wp-json\/wp\/v2\/tags?post=10661"}],"curies":[{"name":"wp","href":"https:\/\/api.w.org\/{rel}","templated":true}]}}