{"id":10812,"date":"2021-12-19T18:02:00","date_gmt":"2021-12-19T17:02:00","guid":{"rendered":"https:\/\/arteeluoghi.it\/?p=10812"},"modified":"2022-01-09T23:58:05","modified_gmt":"2022-01-09T22:58:05","slug":"via-vandelli-antica-strada-nuovo-cammino","status":"publish","type":"post","link":"https:\/\/arteeluoghi.it\/index.php\/2021\/12\/19\/via-vandelli-antica-strada-nuovo-cammino\/","title":{"rendered":"Via Vandelli antica strada nuovo cammino"},"content":{"rendered":"\n<figure class=\"wp-block-pullquote\"><blockquote><p>Il percorso escursionistico nel cuore degli Appennini<\/p><cite>Antonio Giannini<\/cite><\/blockquote><\/figure>\n\n\n\n<p><\/p>\n\n\n\n<p><\/p>\n\n\n\n<p>\u201cEra dal tempo dei romani che un opera del genere non veniva progettata e realizzata\u201d. Questa la frase contenuta nella bella guida curata da Giulio Ferrari (ed. Terre di Mezzo) che d\u00e0 meglio l\u2019idea ai pi\u00f9 dell\u2019importanza e della grandiosit\u00e0 di questa opera.<\/p>\n\n\n\n<!--more-->\n\n\n\n<p><br>La strada che da Modena o Sassuolo potava a Massa fu fortemente voluta dal Duca Francesco III D\u2019Este e progettata dallo scienziato cartografo Domenico Vandelli (inventore fra l\u2019altro delle isoipse o curve di livello, che ancora oggi rimane il metodo pi\u00f9 efficace per leggere le mappe) e racchiude in se arditezza e ingegno, dovendo arrampicarsi sul fianco degli Appennini, valicare passi ed essere dotata delle infrastrutture al servizio dei viaggiatori. L\u2019idea della strada, concepita per collegare la capitale Modena al mar Tirreno, reca in se tutta la carica e la tensione di un mondo ormai incamminato da tempo, a partire dall\u2019illuminismo, verso la modernit\u00e0.<br><\/p>\n\n\n\n<figure class=\"wp-block-gallery columns-3 is-cropped\"><ul class=\"blocks-gallery-grid\"><li class=\"blocks-gallery-item\"><figure><img loading=\"lazy\" width=\"1024\" height=\"683\" src=\"https:\/\/arteeluoghi.it\/wp-content\/uploads\/2022\/01\/1008393-1024x683.jpg\" alt=\"\" data-id=\"10813\" data-full-url=\"https:\/\/arteeluoghi.it\/wp-content\/uploads\/2022\/01\/1008393.jpg\" data-link=\"https:\/\/arteeluoghi.it\/?attachment_id=10813\" class=\"wp-image-10813\" srcset=\"https:\/\/arteeluoghi.it\/wp-content\/uploads\/2022\/01\/1008393-1024x683.jpg 1024w, https:\/\/arteeluoghi.it\/wp-content\/uploads\/2022\/01\/1008393-300x200.jpg 300w, https:\/\/arteeluoghi.it\/wp-content\/uploads\/2022\/01\/1008393-768x512.jpg 768w, https:\/\/arteeluoghi.it\/wp-content\/uploads\/2022\/01\/1008393.jpg 1499w\" sizes=\"(max-width: 1024px) 100vw, 1024px\" \/><\/figure><\/li><li class=\"blocks-gallery-item\"><figure><img loading=\"lazy\" width=\"1024\" height=\"683\" src=\"https:\/\/arteeluoghi.it\/wp-content\/uploads\/2022\/01\/1008408-1024x683.jpg\" alt=\"\" data-id=\"10814\" data-full-url=\"https:\/\/arteeluoghi.it\/wp-content\/uploads\/2022\/01\/1008408.jpg\" data-link=\"https:\/\/arteeluoghi.it\/?attachment_id=10814\" class=\"wp-image-10814\" srcset=\"https:\/\/arteeluoghi.it\/wp-content\/uploads\/2022\/01\/1008408-1024x683.jpg 1024w, https:\/\/arteeluoghi.it\/wp-content\/uploads\/2022\/01\/1008408-300x200.jpg 300w, https:\/\/arteeluoghi.it\/wp-content\/uploads\/2022\/01\/1008408-768x512.jpg 768w, https:\/\/arteeluoghi.it\/wp-content\/uploads\/2022\/01\/1008408.jpg 1499w\" sizes=\"(max-width: 1024px) 100vw, 1024px\" \/><\/figure><\/li><li class=\"blocks-gallery-item\"><figure><img loading=\"lazy\" width=\"1024\" height=\"683\" src=\"https:\/\/arteeluoghi.it\/wp-content\/uploads\/2022\/01\/1008411-1024x683.jpg\" alt=\"\" data-id=\"10815\" data-full-url=\"https:\/\/arteeluoghi.it\/wp-content\/uploads\/2022\/01\/1008411.jpg\" data-link=\"https:\/\/arteeluoghi.it\/?attachment_id=10815\" class=\"wp-image-10815\" srcset=\"https:\/\/arteeluoghi.it\/wp-content\/uploads\/2022\/01\/1008411-1024x683.jpg 1024w, https:\/\/arteeluoghi.it\/wp-content\/uploads\/2022\/01\/1008411-300x200.jpg 300w, https:\/\/arteeluoghi.it\/wp-content\/uploads\/2022\/01\/1008411-768x512.jpg 768w, https:\/\/arteeluoghi.it\/wp-content\/uploads\/2022\/01\/1008411.jpg 1499w\" sizes=\"(max-width: 1024px) 100vw, 1024px\" \/><\/figure><\/li><li class=\"blocks-gallery-item\"><figure><img loading=\"lazy\" width=\"1024\" height=\"683\" src=\"https:\/\/arteeluoghi.it\/wp-content\/uploads\/2022\/01\/1008434-1024x683.jpg\" alt=\"\" data-id=\"10816\" data-full-url=\"https:\/\/arteeluoghi.it\/wp-content\/uploads\/2022\/01\/1008434.jpg\" data-link=\"https:\/\/arteeluoghi.it\/?attachment_id=10816\" class=\"wp-image-10816\" srcset=\"https:\/\/arteeluoghi.it\/wp-content\/uploads\/2022\/01\/1008434-1024x683.jpg 1024w, https:\/\/arteeluoghi.it\/wp-content\/uploads\/2022\/01\/1008434-300x200.jpg 300w, https:\/\/arteeluoghi.it\/wp-content\/uploads\/2022\/01\/1008434-768x512.jpg 768w, https:\/\/arteeluoghi.it\/wp-content\/uploads\/2022\/01\/1008434.jpg 1499w\" sizes=\"(max-width: 1024px) 100vw, 1024px\" \/><\/figure><\/li><li class=\"blocks-gallery-item\"><figure><img loading=\"lazy\" width=\"1024\" height=\"683\" src=\"https:\/\/arteeluoghi.it\/wp-content\/uploads\/2022\/01\/1008437-1024x683.jpg\" alt=\"\" data-id=\"10817\" data-full-url=\"https:\/\/arteeluoghi.it\/wp-content\/uploads\/2022\/01\/1008437.jpg\" data-link=\"https:\/\/arteeluoghi.it\/?attachment_id=10817\" class=\"wp-image-10817\" srcset=\"https:\/\/arteeluoghi.it\/wp-content\/uploads\/2022\/01\/1008437-1024x683.jpg 1024w, https:\/\/arteeluoghi.it\/wp-content\/uploads\/2022\/01\/1008437-300x200.jpg 300w, https:\/\/arteeluoghi.it\/wp-content\/uploads\/2022\/01\/1008437-768x512.jpg 768w, https:\/\/arteeluoghi.it\/wp-content\/uploads\/2022\/01\/1008437.jpg 1499w\" sizes=\"(max-width: 1024px) 100vw, 1024px\" \/><\/figure><\/li><li class=\"blocks-gallery-item\"><figure><img loading=\"lazy\" width=\"1024\" height=\"683\" src=\"https:\/\/arteeluoghi.it\/wp-content\/uploads\/2022\/01\/1008464-1024x683.jpg\" alt=\"\" data-id=\"10818\" data-full-url=\"https:\/\/arteeluoghi.it\/wp-content\/uploads\/2022\/01\/1008464.jpg\" data-link=\"https:\/\/arteeluoghi.it\/?attachment_id=10818\" class=\"wp-image-10818\" srcset=\"https:\/\/arteeluoghi.it\/wp-content\/uploads\/2022\/01\/1008464-1024x683.jpg 1024w, https:\/\/arteeluoghi.it\/wp-content\/uploads\/2022\/01\/1008464-300x200.jpg 300w, https:\/\/arteeluoghi.it\/wp-content\/uploads\/2022\/01\/1008464-768x512.jpg 768w, https:\/\/arteeluoghi.it\/wp-content\/uploads\/2022\/01\/1008464.jpg 1499w\" sizes=\"(max-width: 1024px) 100vw, 1024px\" \/><\/figure><\/li><li class=\"blocks-gallery-item\"><figure><img loading=\"lazy\" width=\"1024\" height=\"668\" src=\"https:\/\/arteeluoghi.it\/wp-content\/uploads\/2022\/01\/1008479-1024x668.jpg\" alt=\"\" data-id=\"10819\" data-full-url=\"https:\/\/arteeluoghi.it\/wp-content\/uploads\/2022\/01\/1008479.jpg\" data-link=\"https:\/\/arteeluoghi.it\/?attachment_id=10819\" class=\"wp-image-10819\" srcset=\"https:\/\/arteeluoghi.it\/wp-content\/uploads\/2022\/01\/1008479-1024x668.jpg 1024w, https:\/\/arteeluoghi.it\/wp-content\/uploads\/2022\/01\/1008479-300x196.jpg 300w, https:\/\/arteeluoghi.it\/wp-content\/uploads\/2022\/01\/1008479-768x501.jpg 768w, https:\/\/arteeluoghi.it\/wp-content\/uploads\/2022\/01\/1008479.jpg 1533w\" sizes=\"(max-width: 1024px) 100vw, 1024px\" \/><\/figure><\/li><li class=\"blocks-gallery-item\"><figure><img loading=\"lazy\" width=\"1024\" height=\"577\" src=\"https:\/\/arteeluoghi.it\/wp-content\/uploads\/2022\/01\/1008497-1024x577.jpg\" alt=\"\" data-id=\"10820\" data-full-url=\"https:\/\/arteeluoghi.it\/wp-content\/uploads\/2022\/01\/1008497.jpg\" data-link=\"https:\/\/arteeluoghi.it\/?attachment_id=10820\" class=\"wp-image-10820\" srcset=\"https:\/\/arteeluoghi.it\/wp-content\/uploads\/2022\/01\/1008497-1024x577.jpg 1024w, https:\/\/arteeluoghi.it\/wp-content\/uploads\/2022\/01\/1008497-300x169.jpg 300w, https:\/\/arteeluoghi.it\/wp-content\/uploads\/2022\/01\/1008497-768x433.jpg 768w, https:\/\/arteeluoghi.it\/wp-content\/uploads\/2022\/01\/1008497-1536x866.jpg 1536w, https:\/\/arteeluoghi.it\/wp-content\/uploads\/2022\/01\/1008497.jpg 1774w\" sizes=\"(max-width: 1024px) 100vw, 1024px\" \/><\/figure><\/li><\/ul><\/figure>\n\n\n\n<p>La Via attuale, come percorso escursionistico, segue il tracciato della strada antica e a volte ne percorre ampi tratti attraversando borghi straordinari valli e montagne ed io, che da tempo covavo il desiderio di percorrerla, sono partito nel mese di settembre in solitaria ma con la certezza di trovare altri compagni per strada.<br>E il debutto non poteva essere pi\u00f9 spettacolare se, superato un arco stretto dal grande piazzale interno del palazzo ducale di Sassuolo ed oltrepassato una peschiera cos\u00ec sfarzosa da sembrare un teatro acquatico, alla vista non si aprisse lo spazio grandioso dell\u2019enorme parco ducale. Attraversarlo \u00e8 stata una ricompensa ed una promessa allo stesso tempo.<br>La strada, all\u2019inizio pianeggiante e monotona, ha cominciato lentamente ed in maniera quasi impercettibile a prendere quota su per la collina, tra covoni e casolari, campi coltivati, boschi ed alcuni borghi.<br>Gi\u00e0 dal primo tratto del un cammino, lungo la strada di crinale progettata da Domenico Vandelli, pensando a tutto quello che si frapponeva tra me e la meta, ho realizzato con maggiore consapevolezza la portata straordinaria di quella opera e dell\u2019impresa che andavo compiendo.<br>Devo confessare che non ho rimpianto di essere in solitaria quando, gi\u00e0 dai primi chilometri di strada, seppure questa via non sia ancora molto frequentata, ho conosciuto due viandanti del modenese con cui mi sono accompagnato attraversando tutto il Frignano ed alcuni luoghi simbolo come il castello di Montecuccolo ed il ponte del Diavolo, il paese di Monzone, immerso tra i boschi sulla collina modenese. L\u2019allegria e lo stretto accento emiliano delle mie compagne di viaggio, le loro spiegazioni e i consigli in merito ad alcune specialit\u00e0 gastronomiche della zona, mi hanno calato completamente nello spirito dei luoghi che andavamo attraversando.<br>Il nostro viaggio insieme si \u00e8 concluso Alla Santona, piccola frazione di Lama Mocogno, a circa mille metri di altitudine , ma il mio doveva continuare e il pensiero andava ai due passi di montagna ancora da superare, alle valli, ai paesi, ai villaggi da attraversare.<br>Ero unico avventore quel giorno dell\u2019albergo che mi ha ospitato e devo confessare che sulle prime ho sentito un senso di vuoto lasciato dall\u2019allegrezza delle mie compagne di viaggio, ma questa sensazione \u00e8 subito svanita grazie all\u2019accoglienza veramente familiare, che non ti fa sentire un cliente, e dalla squisita cucina emiliana della casa. Al punto che ho deciso di rimanervi un altro giorno. E decisione non fu pi\u00f9 saggia perch\u00e9 quella piacevole sosta mi ha anche permesso di stringere amicizia con altri due avventori dell\u2019albergo giunti la sera successiva, che come me, in solitaria, percorrevano la Via Vandelli.<br>Un veneto un toscano ed un pugliese, cos\u00ec diversi e cos\u00ec uguali allo stesso tempo, uniti dal medesimo desiderio del cammino, dal desiderio di sentirsi vivi nella natura, dal piacere di percorrere la strada e di sentire tutto quello che \u00e8 intorno parte di se stessi, man mano che quel sentimento di solidariet\u00e0 e di appartenenza che accumuna tutti i viandanti prende piede. Non \u00e8 fantastico?<br>Abbiamo insieme continuato il nostro viaggio in quota sulla via boscosa camminando proprio sulla lastricata Via Vandelli per parecchi chilometri senza mai scorgere paesi, se non resti di antiche osterie prima di raggiungere, dopo uno strappo impegnativo, a circa 1600 metri di quota, il passo del Lagadello e subito dopo San Pellegrino in Alpe da dove, sul crinale tosco \u2013 emiliano, alla vista si \u00e8 aperto lo spettacolo delle Alpi Apuane.<br>Sarebbe bello poter descrivere nei particolari San Pellegrino in Alpe e le sensazioni provate nel vecchio ma sobrio e pulito alberghetto che ci a ospitati, la sensazione di libert\u00e0 ritrovata per la mancanza di collegamenti web e telefonici ( almeno per quanto mi riguarda), ma questa \u00e8 un\u2019altra storia ed il racconto deve andare avanti; e avanti, il giorno dopo, c\u2019\u00e8 la lunga discesa nella valle della Garfagnana verso il fiume Serchio in toscana il cui percorso ci fa attraversare i paesi pi\u00f9 suggestivi come Pieve Fosciana, Castelnuovo, paese fortificato e capitale estense di quel territorio, Pontecosi sul lago e prima di giungere a Villetta, dove abbiamo pernottato, lo spettacolare attraversamento del ponte ferroviario.<br>La pioggia che ci ha sorpresi sul finire del giorno, non ci ha abbandonati fino al pomeriggio del giorno successivo, impedendoci sul pi\u00f9 bello di poter vedere sbucare il mare dietro la montagna dopo l\u2019ultima lunghissima salita che, tra le alpi Apuane, ci ha portato al passo della Tambura, alla terrazza della finestra Vandelli e quindi al rifugio.<br>Ma come in un gioco di finzioni teatrali fatto a posta per stupirti al massimo grado, nel tardo pomeriggio, cessato di piovere, abbiamo potuto assistere dal rifugio Nello Conte allo spettacolo esclusivo, solo per noi tre, del cielo che si apriva lentamente , del graduale emergere delle vette dal fondo lattiginoso delle nuvole , del successivo delinearsi e prendere corpo della montagna ai bordi della scena in un gioco prospettico lungo tutta la vallata fino al mare azzurro e scintillante.<br>Ma lo spettacolo non era finito e di li a poco, dopo cena, difronte alla volta stellata di un cielo non contaminato da luci artificiali che ti sembrava poter toccare con la mano, non ho potuto fare a meno di sentire tutta la gratitudine verso qualcuno, si chiami come si vuole non ha importanza, per avermi fatto dono di questo giorno; e mi sono sentito un privilegiato.<br>Il giorno successivo ci attendeva l\u2019ultima discesa verso il mare lungo tratti spettacolari della Via Vandelli, che per chilometri corre aggrappata sui fianchi delle Alpi Apuane, con i suoi terrazzamenti in pietra su cui scorrono i tornanti ancora oggi perfettamente lastricati. Piccole greggi di capre dal manto screziato l\u2019attraversavano soffermandosi un po&#8217; a fissarci incuriosite e perplesse.<br>Il peso della lunghissima discesa si faceva sentire sulle ginocchia e le piccole soste ci hanno consentito di guardarci intorno e fissare nella mente la grandiosit\u00e0 e portata tecnica dell\u2019opera perfettamente incastonata sui fianchi della montagna.<br>All\u2019arrivo a piazza degli Aranci a Massa, in una Citt\u00e0 silenziosa per l\u2019ora meridiana e gli alterni scrosci di pioggia, sotto un portico del centro abbiamo insieme consumato l\u2019ultima colazione che aveva il sapore amaro della solennit\u00e0 degli addii ma anche quello dolce di sentirci appagati ed arricchiti dell\u2019avventura appena terminata e dalla nostra nascente amicizia.<br>La Vandelli mi ha fatto vedere il mare sotto un\u2019altra angolazione come mai l\u2019avevo visto. Per me che vivo in una regione, La Puglia, circondata da 900 chilometri di costa, dove tutta la sua storia \u00e8 un susseguirsi di conquiste subite da una moltitudine di popoli approdati su di essa e da dove si \u00e8 sempre salpato per andare altrove, il mare \u00e8 come un prolungamento della terraferma.<br>Raggiungerlo dopo un cammino di 150 chilometri iniziato dalla pianura emiliana e durata sette giorni \u00e8 stato come ritrovare una vecchia conoscenza di cui cominciavo a sentire la mancanza e, a vederlo li davanti, splendente come sempre, \u00e8 sembrato che sornione mi dicesse della sua magia e<br>irrinunciabilit\u00e0. Della sua centralit\u00e0 nella storia degli uomini e dei mille porti dove si approda e dove si salpa \u201cper diventar del mondo esperti\u201d.<br>(Ringrazio i miei compagni di viaggio in particolare Monica, Angela, Davide, Roberto, le persone squisite che mi hanno accolto nelle loro strutture ricettive e presso i rifugi e non ultimo Giulio Ferrari che ha reso possibile e promosso questo cammino, unico nel suo genere, attraverso la sua ottima guida).<\/p>\n","protected":false},"excerpt":{"rendered":"<p>Il percorso escursionistico nel cuore degli Appennini Antonio Giannini \u201cEra dal tempo dei romani che un opera del genere non<\/p>\n","protected":false},"author":1,"featured_media":0,"comment_status":"open","ping_status":"open","sticky":true,"template":"","format":"standard","meta":[],"categories":[598,30],"tags":[],"yoast_head":"<!-- This site is optimized with the Yoast SEO plugin v18.0 - https:\/\/yoast.com\/wordpress\/plugins\/seo\/ -->\n<title>Via Vandelli antica strada nuovo cammino | Arte e Luoghi<\/title>\n<meta name=\"description\" content=\"Il percorso escursionistico nel cuore degli Appennini il fotoracconto di Antonio Giannini\" \/>\n<meta name=\"robots\" content=\"index, follow, max-snippet:-1, max-image-preview:large, max-video-preview:-1\" \/>\n<link rel=\"canonical\" href=\"https:\/\/arteeluoghi.it\/index.php\/2021\/12\/19\/via-vandelli-antica-strada-nuovo-cammino\/\" \/>\n<meta property=\"og:locale\" content=\"it_IT\" \/>\n<meta property=\"og:type\" content=\"article\" \/>\n<meta property=\"og:title\" content=\"Via Vandelli antica strada nuovo cammino | Arte e Luoghi\" \/>\n<meta property=\"og:description\" content=\"Il percorso escursionistico nel cuore degli Appennini il fotoracconto di Antonio Giannini\" \/>\n<meta property=\"og:url\" content=\"https:\/\/arteeluoghi.it\/index.php\/2021\/12\/19\/via-vandelli-antica-strada-nuovo-cammino\/\" \/>\n<meta property=\"og:site_name\" content=\"Arte e Luoghi\" \/>\n<meta property=\"article:publisher\" content=\"https:\/\/www.facebook.com\/ArteELuoghi\/\" \/>\n<meta property=\"article:published_time\" content=\"2021-12-19T17:02:00+00:00\" \/>\n<meta property=\"article:modified_time\" content=\"2022-01-09T22:58:05+00:00\" \/>\n<meta property=\"og:image\" content=\"https:\/\/arteeluoghi.it\/wp-content\/uploads\/2022\/01\/1008393-1024x683.jpg\" \/>\n<meta name=\"twitter:card\" content=\"summary\" \/>\n<meta name=\"twitter:creator\" content=\"@arteeluoghi\" \/>\n<meta name=\"twitter:site\" content=\"@arteeluoghi\" \/>\n<meta name=\"twitter:label1\" content=\"Scritto da\" \/>\n\t<meta name=\"twitter:data1\" content=\"Staff\" \/>\n\t<meta name=\"twitter:label2\" content=\"Tempo di lettura stimato\" \/>\n\t<meta name=\"twitter:data2\" content=\"8 minuti\" \/>\n<script type=\"application\/ld+json\" class=\"yoast-schema-graph\">{\"@context\":\"https:\/\/schema.org\",\"@graph\":[{\"@type\":\"Organization\",\"@id\":\"https:\/\/arteeluoghi.it\/#organization\",\"name\":\"Arte e Luoghi\",\"url\":\"https:\/\/arteeluoghi.it\/\",\"sameAs\":[\"https:\/\/www.facebook.com\/ArteELuoghi\/\",\"https:\/\/www.instagram.com\/arteeluoghi\/?hl=it\",\"https:\/\/www.youtube.com\/channel\/UCuRVc4JW4-C5sg9rQB-srkw?view_as=subscriber\",\"https:\/\/twitter.com\/arteeluoghi\"],\"logo\":{\"@type\":\"ImageObject\",\"@id\":\"https:\/\/arteeluoghi.it\/#logo\",\"inLanguage\":\"it-IT\",\"url\":\"https:\/\/arteeluoghi.it\/wp-content\/uploads\/2018\/08\/logoinstagramarte.jpg\",\"contentUrl\":\"https:\/\/arteeluoghi.it\/wp-content\/uploads\/2018\/08\/logoinstagramarte.jpg\",\"width\":150,\"height\":150,\"caption\":\"Arte e Luoghi\"},\"image\":{\"@id\":\"https:\/\/arteeluoghi.it\/#logo\"}},{\"@type\":\"WebSite\",\"@id\":\"https:\/\/arteeluoghi.it\/#website\",\"url\":\"https:\/\/arteeluoghi.it\/\",\"name\":\"Arte e Luoghi\",\"description\":\"Mensile di arte, cultura, turismo e curiosit\u00e0\",\"publisher\":{\"@id\":\"https:\/\/arteeluoghi.it\/#organization\"},\"potentialAction\":[{\"@type\":\"SearchAction\",\"target\":{\"@type\":\"EntryPoint\",\"urlTemplate\":\"https:\/\/arteeluoghi.it\/?s={search_term_string}\"},\"query-input\":\"required name=search_term_string\"}],\"inLanguage\":\"it-IT\"},{\"@type\":\"ImageObject\",\"@id\":\"https:\/\/arteeluoghi.it\/index.php\/2021\/12\/19\/via-vandelli-antica-strada-nuovo-cammino\/#primaryimage\",\"inLanguage\":\"it-IT\",\"url\":\"https:\/\/arteeluoghi.it\/wp-content\/uploads\/2022\/01\/1008393.jpg\",\"contentUrl\":\"https:\/\/arteeluoghi.it\/wp-content\/uploads\/2022\/01\/1008393.jpg\",\"width\":1499,\"height\":1000},{\"@type\":\"WebPage\",\"@id\":\"https:\/\/arteeluoghi.it\/index.php\/2021\/12\/19\/via-vandelli-antica-strada-nuovo-cammino\/#webpage\",\"url\":\"https:\/\/arteeluoghi.it\/index.php\/2021\/12\/19\/via-vandelli-antica-strada-nuovo-cammino\/\",\"name\":\"Via Vandelli antica strada nuovo cammino | Arte e Luoghi\",\"isPartOf\":{\"@id\":\"https:\/\/arteeluoghi.it\/#website\"},\"primaryImageOfPage\":{\"@id\":\"https:\/\/arteeluoghi.it\/index.php\/2021\/12\/19\/via-vandelli-antica-strada-nuovo-cammino\/#primaryimage\"},\"datePublished\":\"2021-12-19T17:02:00+00:00\",\"dateModified\":\"2022-01-09T22:58:05+00:00\",\"description\":\"Il percorso escursionistico nel cuore degli Appennini il fotoracconto di Antonio Giannini\",\"breadcrumb\":{\"@id\":\"https:\/\/arteeluoghi.it\/index.php\/2021\/12\/19\/via-vandelli-antica-strada-nuovo-cammino\/#breadcrumb\"},\"inLanguage\":\"it-IT\",\"potentialAction\":[{\"@type\":\"ReadAction\",\"target\":[\"https:\/\/arteeluoghi.it\/index.php\/2021\/12\/19\/via-vandelli-antica-strada-nuovo-cammino\/\"]}]},{\"@type\":\"BreadcrumbList\",\"@id\":\"https:\/\/arteeluoghi.it\/index.php\/2021\/12\/19\/via-vandelli-antica-strada-nuovo-cammino\/#breadcrumb\",\"itemListElement\":[{\"@type\":\"ListItem\",\"position\":1,\"name\":\"Home\",\"item\":\"https:\/\/arteeluoghi.it\/\"},{\"@type\":\"ListItem\",\"position\":2,\"name\":\"Via Vandelli antica strada nuovo cammino\"}]},{\"@type\":\"Article\",\"@id\":\"https:\/\/arteeluoghi.it\/index.php\/2021\/12\/19\/via-vandelli-antica-strada-nuovo-cammino\/#article\",\"isPartOf\":{\"@id\":\"https:\/\/arteeluoghi.it\/index.php\/2021\/12\/19\/via-vandelli-antica-strada-nuovo-cammino\/#webpage\"},\"author\":{\"@id\":\"https:\/\/arteeluoghi.it\/#\/schema\/person\/f84e814e36e91e01448ee07eaadd41d4\"},\"headline\":\"Via Vandelli antica strada nuovo cammino\",\"datePublished\":\"2021-12-19T17:02:00+00:00\",\"dateModified\":\"2022-01-09T22:58:05+00:00\",\"mainEntityOfPage\":{\"@id\":\"https:\/\/arteeluoghi.it\/index.php\/2021\/12\/19\/via-vandelli-antica-strada-nuovo-cammino\/#webpage\"},\"wordCount\":1386,\"commentCount\":0,\"publisher\":{\"@id\":\"https:\/\/arteeluoghi.it\/#organization\"},\"image\":{\"@id\":\"https:\/\/arteeluoghi.it\/index.php\/2021\/12\/19\/via-vandelli-antica-strada-nuovo-cammino\/#primaryimage\"},\"thumbnailUrl\":\"https:\/\/arteeluoghi.it\/wp-content\/uploads\/2022\/01\/1008393-1024x683.jpg\",\"articleSection\":[\"girovagando\",\"Turismo | geografica-mente\"],\"inLanguage\":\"it-IT\",\"potentialAction\":[{\"@type\":\"CommentAction\",\"name\":\"Comment\",\"target\":[\"https:\/\/arteeluoghi.it\/index.php\/2021\/12\/19\/via-vandelli-antica-strada-nuovo-cammino\/#respond\"]}]},{\"@type\":\"Person\",\"@id\":\"https:\/\/arteeluoghi.it\/#\/schema\/person\/f84e814e36e91e01448ee07eaadd41d4\",\"name\":\"Staff\",\"image\":{\"@type\":\"ImageObject\",\"@id\":\"https:\/\/arteeluoghi.it\/#personlogo\",\"inLanguage\":\"it-IT\",\"url\":\"https:\/\/secure.gravatar.com\/avatar\/49d2f9e46271bb04e19cebfaf141313a?s=96&d=blank&r=g\",\"contentUrl\":\"https:\/\/secure.gravatar.com\/avatar\/49d2f9e46271bb04e19cebfaf141313a?s=96&d=blank&r=g\",\"caption\":\"Staff\"}}]}<\/script>\n<!-- \/ Yoast SEO plugin. -->","yoast_head_json":{"title":"Via Vandelli antica strada nuovo cammino | Arte e Luoghi","description":"Il percorso escursionistico nel cuore degli Appennini il fotoracconto di Antonio Giannini","robots":{"index":"index","follow":"follow","max-snippet":"max-snippet:-1","max-image-preview":"max-image-preview:large","max-video-preview":"max-video-preview:-1"},"canonical":"https:\/\/arteeluoghi.it\/index.php\/2021\/12\/19\/via-vandelli-antica-strada-nuovo-cammino\/","og_locale":"it_IT","og_type":"article","og_title":"Via Vandelli antica strada nuovo cammino | Arte e Luoghi","og_description":"Il percorso escursionistico nel cuore degli Appennini il fotoracconto di Antonio Giannini","og_url":"https:\/\/arteeluoghi.it\/index.php\/2021\/12\/19\/via-vandelli-antica-strada-nuovo-cammino\/","og_site_name":"Arte e Luoghi","article_publisher":"https:\/\/www.facebook.com\/ArteELuoghi\/","article_published_time":"2021-12-19T17:02:00+00:00","article_modified_time":"2022-01-09T22:58:05+00:00","og_image":[{"url":"https:\/\/arteeluoghi.it\/wp-content\/uploads\/2022\/01\/1008393-1024x683.jpg"}],"twitter_card":"summary","twitter_creator":"@arteeluoghi","twitter_site":"@arteeluoghi","twitter_misc":{"Scritto da":"Staff","Tempo di lettura stimato":"8 minuti"},"schema":{"@context":"https:\/\/schema.org","@graph":[{"@type":"Organization","@id":"https:\/\/arteeluoghi.it\/#organization","name":"Arte e Luoghi","url":"https:\/\/arteeluoghi.it\/","sameAs":["https:\/\/www.facebook.com\/ArteELuoghi\/","https:\/\/www.instagram.com\/arteeluoghi\/?hl=it","https:\/\/www.youtube.com\/channel\/UCuRVc4JW4-C5sg9rQB-srkw?view_as=subscriber","https:\/\/twitter.com\/arteeluoghi"],"logo":{"@type":"ImageObject","@id":"https:\/\/arteeluoghi.it\/#logo","inLanguage":"it-IT","url":"https:\/\/arteeluoghi.it\/wp-content\/uploads\/2018\/08\/logoinstagramarte.jpg","contentUrl":"https:\/\/arteeluoghi.it\/wp-content\/uploads\/2018\/08\/logoinstagramarte.jpg","width":150,"height":150,"caption":"Arte e Luoghi"},"image":{"@id":"https:\/\/arteeluoghi.it\/#logo"}},{"@type":"WebSite","@id":"https:\/\/arteeluoghi.it\/#website","url":"https:\/\/arteeluoghi.it\/","name":"Arte e Luoghi","description":"Mensile di arte, cultura, turismo e curiosit\u00e0","publisher":{"@id":"https:\/\/arteeluoghi.it\/#organization"},"potentialAction":[{"@type":"SearchAction","target":{"@type":"EntryPoint","urlTemplate":"https:\/\/arteeluoghi.it\/?s={search_term_string}"},"query-input":"required name=search_term_string"}],"inLanguage":"it-IT"},{"@type":"ImageObject","@id":"https:\/\/arteeluoghi.it\/index.php\/2021\/12\/19\/via-vandelli-antica-strada-nuovo-cammino\/#primaryimage","inLanguage":"it-IT","url":"https:\/\/arteeluoghi.it\/wp-content\/uploads\/2022\/01\/1008393.jpg","contentUrl":"https:\/\/arteeluoghi.it\/wp-content\/uploads\/2022\/01\/1008393.jpg","width":1499,"height":1000},{"@type":"WebPage","@id":"https:\/\/arteeluoghi.it\/index.php\/2021\/12\/19\/via-vandelli-antica-strada-nuovo-cammino\/#webpage","url":"https:\/\/arteeluoghi.it\/index.php\/2021\/12\/19\/via-vandelli-antica-strada-nuovo-cammino\/","name":"Via Vandelli antica strada nuovo cammino | Arte e Luoghi","isPartOf":{"@id":"https:\/\/arteeluoghi.it\/#website"},"primaryImageOfPage":{"@id":"https:\/\/arteeluoghi.it\/index.php\/2021\/12\/19\/via-vandelli-antica-strada-nuovo-cammino\/#primaryimage"},"datePublished":"2021-12-19T17:02:00+00:00","dateModified":"2022-01-09T22:58:05+00:00","description":"Il percorso escursionistico nel cuore degli Appennini il fotoracconto di Antonio Giannini","breadcrumb":{"@id":"https:\/\/arteeluoghi.it\/index.php\/2021\/12\/19\/via-vandelli-antica-strada-nuovo-cammino\/#breadcrumb"},"inLanguage":"it-IT","potentialAction":[{"@type":"ReadAction","target":["https:\/\/arteeluoghi.it\/index.php\/2021\/12\/19\/via-vandelli-antica-strada-nuovo-cammino\/"]}]},{"@type":"BreadcrumbList","@id":"https:\/\/arteeluoghi.it\/index.php\/2021\/12\/19\/via-vandelli-antica-strada-nuovo-cammino\/#breadcrumb","itemListElement":[{"@type":"ListItem","position":1,"name":"Home","item":"https:\/\/arteeluoghi.it\/"},{"@type":"ListItem","position":2,"name":"Via Vandelli antica strada nuovo cammino"}]},{"@type":"Article","@id":"https:\/\/arteeluoghi.it\/index.php\/2021\/12\/19\/via-vandelli-antica-strada-nuovo-cammino\/#article","isPartOf":{"@id":"https:\/\/arteeluoghi.it\/index.php\/2021\/12\/19\/via-vandelli-antica-strada-nuovo-cammino\/#webpage"},"author":{"@id":"https:\/\/arteeluoghi.it\/#\/schema\/person\/f84e814e36e91e01448ee07eaadd41d4"},"headline":"Via Vandelli antica strada nuovo cammino","datePublished":"2021-12-19T17:02:00+00:00","dateModified":"2022-01-09T22:58:05+00:00","mainEntityOfPage":{"@id":"https:\/\/arteeluoghi.it\/index.php\/2021\/12\/19\/via-vandelli-antica-strada-nuovo-cammino\/#webpage"},"wordCount":1386,"commentCount":0,"publisher":{"@id":"https:\/\/arteeluoghi.it\/#organization"},"image":{"@id":"https:\/\/arteeluoghi.it\/index.php\/2021\/12\/19\/via-vandelli-antica-strada-nuovo-cammino\/#primaryimage"},"thumbnailUrl":"https:\/\/arteeluoghi.it\/wp-content\/uploads\/2022\/01\/1008393-1024x683.jpg","articleSection":["girovagando","Turismo | geografica-mente"],"inLanguage":"it-IT","potentialAction":[{"@type":"CommentAction","name":"Comment","target":["https:\/\/arteeluoghi.it\/index.php\/2021\/12\/19\/via-vandelli-antica-strada-nuovo-cammino\/#respond"]}]},{"@type":"Person","@id":"https:\/\/arteeluoghi.it\/#\/schema\/person\/f84e814e36e91e01448ee07eaadd41d4","name":"Staff","image":{"@type":"ImageObject","@id":"https:\/\/arteeluoghi.it\/#personlogo","inLanguage":"it-IT","url":"https:\/\/secure.gravatar.com\/avatar\/49d2f9e46271bb04e19cebfaf141313a?s=96&d=blank&r=g","contentUrl":"https:\/\/secure.gravatar.com\/avatar\/49d2f9e46271bb04e19cebfaf141313a?s=96&d=blank&r=g","caption":"Staff"}}]}},"_links":{"self":[{"href":"https:\/\/arteeluoghi.it\/index.php\/wp-json\/wp\/v2\/posts\/10812"}],"collection":[{"href":"https:\/\/arteeluoghi.it\/index.php\/wp-json\/wp\/v2\/posts"}],"about":[{"href":"https:\/\/arteeluoghi.it\/index.php\/wp-json\/wp\/v2\/types\/post"}],"author":[{"embeddable":true,"href":"https:\/\/arteeluoghi.it\/index.php\/wp-json\/wp\/v2\/users\/1"}],"replies":[{"embeddable":true,"href":"https:\/\/arteeluoghi.it\/index.php\/wp-json\/wp\/v2\/comments?post=10812"}],"version-history":[{"count":2,"href":"https:\/\/arteeluoghi.it\/index.php\/wp-json\/wp\/v2\/posts\/10812\/revisions"}],"predecessor-version":[{"id":10837,"href":"https:\/\/arteeluoghi.it\/index.php\/wp-json\/wp\/v2\/posts\/10812\/revisions\/10837"}],"wp:attachment":[{"href":"https:\/\/arteeluoghi.it\/index.php\/wp-json\/wp\/v2\/media?parent=10812"}],"wp:term":[{"taxonomy":"category","embeddable":true,"href":"https:\/\/arteeluoghi.it\/index.php\/wp-json\/wp\/v2\/categories?post=10812"},{"taxonomy":"post_tag","embeddable":true,"href":"https:\/\/arteeluoghi.it\/index.php\/wp-json\/wp\/v2\/tags?post=10812"}],"curies":[{"name":"wp","href":"https:\/\/api.w.org\/{rel}","templated":true}]}}