{"id":10833,"date":"2021-12-19T22:02:00","date_gmt":"2021-12-19T21:02:00","guid":{"rendered":"https:\/\/arteeluoghi.it\/?p=10833"},"modified":"2022-01-09T22:06:55","modified_gmt":"2022-01-09T21:06:55","slug":"il-prodigio-di-emma-donoghue","status":"publish","type":"post","link":"https:\/\/arteeluoghi.it\/index.php\/2021\/12\/19\/il-prodigio-di-emma-donoghue\/","title":{"rendered":"Il prodigio di Emma Donoghue"},"content":{"rendered":"\n<blockquote class=\"wp-block-quote\"><p>ladevotalettrice | Le recensioni di Lucia Accoto<\/p><\/blockquote>\n\n\n\n<p>La responsabilit\u00e0, di qualunque natura essa sia, \u00e8 un impegno morale che abbiamo nei confronti dell\u2019etica. Non sempre per\u00f2 quest\u2019ultima abita nella coscienza della gente. Si fa orecchie da mercante, non la si tiene presente, soffocando anche il suo flebile gemito. La responsabilit\u00e0 ha a che fare anche con il buon senso, con la ragione. Non sar\u00e0 mai come i fiori secchi, abbandonati. <\/p>\n\n\n\n<!--more-->\n\n\n\n<p>Vive in ognuno di noi sulla base del rigore che si ha verso tutto ci\u00f2 che la vita ci offre o che si guadagna con sacrificio. Pi\u00f9 la responsabilit\u00e0 \u00e8 grande pi\u00f9 ci viene richiesta forza che spesso non immaginiamo neanche di avere. Alcuni fuggono dalle responsabilit\u00e0 e perdono occasioni importanti per migliorarsi o per dimostrare a se stessi di avere un vocabolario delle emozioni.<br>Nel romanzo Il prodigio di Emma Donoghue assaggiamo l\u2019irresponsabilit\u00e0 di molti personaggi e la responsabilit\u00e0 delle due protagoniste principali, Anna e Lib. Una bambina di undici anni, la prima, considerata un prodigio e infermiera, la seconda. Anna vive nell\u2019Irlanda fredda e fangosa della seconda met\u00e0 dell\u2019Ottocento, di lei dicono che non mangi nulla da mesi. Si nutre d\u2019aria, questo pensano tutti. Una santa, un\u2019imbrogliona, una vittima o cos\u2019altro \u00e8 Anna? La sua \u00e8 una truffa, una beffa o una responsabilit\u00e0 per qualcosa di segreto che la tormenta? Di certo, l\u2019infermiera ha una responsabilit\u00e0 ancora pi\u00f9 grande rispetto a quella a cui il comitato del villaggio l\u2019ha assunta per osservare la bambina.<br>Intrigante la narrazione. I colpi di scena, pochi, sono talmente sorprendenti da lasciare il lettore interdetto di fronte alla fantasia della scrittrice. Intima e dissacrante la prosa. Un romanzo Il prodigio che conquista.<\/p>\n\n\n\n<p>emma donoghue<br>Il prodigio<br>Neri Pozza<br>2017<br>301<br>\u20ac17,00<br>ISBN 9788854513969<\/p>\n\n\n\n<p><\/p>\n","protected":false},"excerpt":{"rendered":"<p>ladevotalettrice | Le recensioni di Lucia Accoto La responsabilit\u00e0, di qualunque natura essa sia, \u00e8 un impegno morale che abbiamo<\/p>\n","protected":false},"author":1,"featured_media":10835,"comment_status":"open","ping_status":"open","sticky":true,"template":"","format":"standard","meta":[],"categories":[1817,17],"tags":[2181,1785],"yoast_head":"<!-- This site is optimized with the Yoast SEO plugin v18.0 - https:\/\/yoast.com\/wordpress\/plugins\/seo\/ -->\n<title>Il prodigio di Emma Donoghue | Arte e Luoghi<\/title>\n<meta name=\"description\" content=\"ladevotalettrice | Le recensioni di Lucia Accoto. Il prodigio di Emma Donoghue\" \/>\n<meta name=\"robots\" content=\"index, follow, max-snippet:-1, max-image-preview:large, max-video-preview:-1\" \/>\n<link rel=\"canonical\" href=\"https:\/\/arteeluoghi.it\/index.php\/2021\/12\/19\/il-prodigio-di-emma-donoghue\/\" \/>\n<meta property=\"og:locale\" content=\"it_IT\" \/>\n<meta property=\"og:type\" content=\"article\" \/>\n<meta property=\"og:title\" content=\"Il prodigio di Emma Donoghue | Arte e Luoghi\" \/>\n<meta property=\"og:description\" content=\"ladevotalettrice | Le recensioni di Lucia Accoto. Il prodigio di Emma Donoghue\" \/>\n<meta property=\"og:url\" content=\"https:\/\/arteeluoghi.it\/index.php\/2021\/12\/19\/il-prodigio-di-emma-donoghue\/\" \/>\n<meta property=\"og:site_name\" content=\"Arte e Luoghi\" \/>\n<meta property=\"article:publisher\" content=\"https:\/\/www.facebook.com\/ArteELuoghi\/\" \/>\n<meta property=\"article:published_time\" content=\"2021-12-19T21:02:00+00:00\" \/>\n<meta property=\"article:modified_time\" content=\"2022-01-09T21:06:55+00:00\" \/>\n<meta property=\"og:image\" content=\"https:\/\/arteeluoghi.it\/wp-content\/uploads\/2021\/12\/il-prodigio.jpeg\" \/>\n\t<meta property=\"og:image:width\" content=\"1314\" \/>\n\t<meta property=\"og:image:height\" content=\"1282\" \/>\n\t<meta property=\"og:image:type\" content=\"image\/jpeg\" \/>\n<meta name=\"twitter:card\" content=\"summary\" \/>\n<meta name=\"twitter:creator\" content=\"@arteeluoghi\" \/>\n<meta name=\"twitter:site\" content=\"@arteeluoghi\" \/>\n<meta name=\"twitter:label1\" content=\"Scritto da\" \/>\n\t<meta name=\"twitter:data1\" content=\"Staff\" \/>\n\t<meta name=\"twitter:label2\" content=\"Tempo di lettura stimato\" \/>\n\t<meta name=\"twitter:data2\" content=\"2 minuti\" \/>\n<script type=\"application\/ld+json\" class=\"yoast-schema-graph\">{\"@context\":\"https:\/\/schema.org\",\"@graph\":[{\"@type\":\"Organization\",\"@id\":\"https:\/\/arteeluoghi.it\/#organization\",\"name\":\"Arte e Luoghi\",\"url\":\"https:\/\/arteeluoghi.it\/\",\"sameAs\":[\"https:\/\/www.facebook.com\/ArteELuoghi\/\",\"https:\/\/www.instagram.com\/arteeluoghi\/?hl=it\",\"https:\/\/www.youtube.com\/channel\/UCuRVc4JW4-C5sg9rQB-srkw?view_as=subscriber\",\"https:\/\/twitter.com\/arteeluoghi\"],\"logo\":{\"@type\":\"ImageObject\",\"@id\":\"https:\/\/arteeluoghi.it\/#logo\",\"inLanguage\":\"it-IT\",\"url\":\"https:\/\/arteeluoghi.it\/wp-content\/uploads\/2018\/08\/logoinstagramarte.jpg\",\"contentUrl\":\"https:\/\/arteeluoghi.it\/wp-content\/uploads\/2018\/08\/logoinstagramarte.jpg\",\"width\":150,\"height\":150,\"caption\":\"Arte e Luoghi\"},\"image\":{\"@id\":\"https:\/\/arteeluoghi.it\/#logo\"}},{\"@type\":\"WebSite\",\"@id\":\"https:\/\/arteeluoghi.it\/#website\",\"url\":\"https:\/\/arteeluoghi.it\/\",\"name\":\"Arte e Luoghi\",\"description\":\"Mensile di arte, cultura, turismo e curiosit\u00e0\",\"publisher\":{\"@id\":\"https:\/\/arteeluoghi.it\/#organization\"},\"potentialAction\":[{\"@type\":\"SearchAction\",\"target\":{\"@type\":\"EntryPoint\",\"urlTemplate\":\"https:\/\/arteeluoghi.it\/?s={search_term_string}\"},\"query-input\":\"required name=search_term_string\"}],\"inLanguage\":\"it-IT\"},{\"@type\":\"ImageObject\",\"@id\":\"https:\/\/arteeluoghi.it\/index.php\/2021\/12\/19\/il-prodigio-di-emma-donoghue\/#primaryimage\",\"inLanguage\":\"it-IT\",\"url\":\"https:\/\/arteeluoghi.it\/wp-content\/uploads\/2021\/12\/il-prodigio.jpeg\",\"contentUrl\":\"https:\/\/arteeluoghi.it\/wp-content\/uploads\/2021\/12\/il-prodigio.jpeg\",\"width\":1314,\"height\":1282},{\"@type\":\"WebPage\",\"@id\":\"https:\/\/arteeluoghi.it\/index.php\/2021\/12\/19\/il-prodigio-di-emma-donoghue\/#webpage\",\"url\":\"https:\/\/arteeluoghi.it\/index.php\/2021\/12\/19\/il-prodigio-di-emma-donoghue\/\",\"name\":\"Il prodigio di Emma Donoghue | Arte e Luoghi\",\"isPartOf\":{\"@id\":\"https:\/\/arteeluoghi.it\/#website\"},\"primaryImageOfPage\":{\"@id\":\"https:\/\/arteeluoghi.it\/index.php\/2021\/12\/19\/il-prodigio-di-emma-donoghue\/#primaryimage\"},\"datePublished\":\"2021-12-19T21:02:00+00:00\",\"dateModified\":\"2022-01-09T21:06:55+00:00\",\"description\":\"ladevotalettrice | Le recensioni di Lucia Accoto. Il prodigio di Emma Donoghue\",\"breadcrumb\":{\"@id\":\"https:\/\/arteeluoghi.it\/index.php\/2021\/12\/19\/il-prodigio-di-emma-donoghue\/#breadcrumb\"},\"inLanguage\":\"it-IT\",\"potentialAction\":[{\"@type\":\"ReadAction\",\"target\":[\"https:\/\/arteeluoghi.it\/index.php\/2021\/12\/19\/il-prodigio-di-emma-donoghue\/\"]}]},{\"@type\":\"BreadcrumbList\",\"@id\":\"https:\/\/arteeluoghi.it\/index.php\/2021\/12\/19\/il-prodigio-di-emma-donoghue\/#breadcrumb\",\"itemListElement\":[{\"@type\":\"ListItem\",\"position\":1,\"name\":\"Home\",\"item\":\"https:\/\/arteeluoghi.it\/\"},{\"@type\":\"ListItem\",\"position\":2,\"name\":\"Il prodigio di Emma Donoghue\"}]},{\"@type\":\"Article\",\"@id\":\"https:\/\/arteeluoghi.it\/index.php\/2021\/12\/19\/il-prodigio-di-emma-donoghue\/#article\",\"isPartOf\":{\"@id\":\"https:\/\/arteeluoghi.it\/index.php\/2021\/12\/19\/il-prodigio-di-emma-donoghue\/#webpage\"},\"author\":{\"@id\":\"https:\/\/arteeluoghi.it\/#\/schema\/person\/f84e814e36e91e01448ee07eaadd41d4\"},\"headline\":\"Il prodigio di Emma Donoghue\",\"datePublished\":\"2021-12-19T21:02:00+00:00\",\"dateModified\":\"2022-01-09T21:06:55+00:00\",\"mainEntityOfPage\":{\"@id\":\"https:\/\/arteeluoghi.it\/index.php\/2021\/12\/19\/il-prodigio-di-emma-donoghue\/#webpage\"},\"wordCount\":294,\"commentCount\":0,\"publisher\":{\"@id\":\"https:\/\/arteeluoghi.it\/#organization\"},\"image\":{\"@id\":\"https:\/\/arteeluoghi.it\/index.php\/2021\/12\/19\/il-prodigio-di-emma-donoghue\/#primaryimage\"},\"thumbnailUrl\":\"https:\/\/arteeluoghi.it\/wp-content\/uploads\/2021\/12\/il-prodigio.jpeg\",\"keywords\":[\"ladevotalettrice\",\"Lucia Accoto\"],\"articleSection\":[\"#ladevotalettrice\",\"LIBRI\"],\"inLanguage\":\"it-IT\",\"potentialAction\":[{\"@type\":\"CommentAction\",\"name\":\"Comment\",\"target\":[\"https:\/\/arteeluoghi.it\/index.php\/2021\/12\/19\/il-prodigio-di-emma-donoghue\/#respond\"]}]},{\"@type\":\"Person\",\"@id\":\"https:\/\/arteeluoghi.it\/#\/schema\/person\/f84e814e36e91e01448ee07eaadd41d4\",\"name\":\"Staff\",\"image\":{\"@type\":\"ImageObject\",\"@id\":\"https:\/\/arteeluoghi.it\/#personlogo\",\"inLanguage\":\"it-IT\",\"url\":\"https:\/\/secure.gravatar.com\/avatar\/49d2f9e46271bb04e19cebfaf141313a?s=96&d=blank&r=g\",\"contentUrl\":\"https:\/\/secure.gravatar.com\/avatar\/49d2f9e46271bb04e19cebfaf141313a?s=96&d=blank&r=g\",\"caption\":\"Staff\"}}]}<\/script>\n<!-- \/ Yoast SEO plugin. -->","yoast_head_json":{"title":"Il prodigio di Emma Donoghue | Arte e Luoghi","description":"ladevotalettrice | Le recensioni di Lucia Accoto. Il prodigio di Emma Donoghue","robots":{"index":"index","follow":"follow","max-snippet":"max-snippet:-1","max-image-preview":"max-image-preview:large","max-video-preview":"max-video-preview:-1"},"canonical":"https:\/\/arteeluoghi.it\/index.php\/2021\/12\/19\/il-prodigio-di-emma-donoghue\/","og_locale":"it_IT","og_type":"article","og_title":"Il prodigio di Emma Donoghue | Arte e Luoghi","og_description":"ladevotalettrice | Le recensioni di Lucia Accoto. Il prodigio di Emma Donoghue","og_url":"https:\/\/arteeluoghi.it\/index.php\/2021\/12\/19\/il-prodigio-di-emma-donoghue\/","og_site_name":"Arte e Luoghi","article_publisher":"https:\/\/www.facebook.com\/ArteELuoghi\/","article_published_time":"2021-12-19T21:02:00+00:00","article_modified_time":"2022-01-09T21:06:55+00:00","og_image":[{"width":1314,"height":1282,"url":"https:\/\/arteeluoghi.it\/wp-content\/uploads\/2021\/12\/il-prodigio.jpeg","type":"image\/jpeg"}],"twitter_card":"summary","twitter_creator":"@arteeluoghi","twitter_site":"@arteeluoghi","twitter_misc":{"Scritto da":"Staff","Tempo di lettura stimato":"2 minuti"},"schema":{"@context":"https:\/\/schema.org","@graph":[{"@type":"Organization","@id":"https:\/\/arteeluoghi.it\/#organization","name":"Arte e Luoghi","url":"https:\/\/arteeluoghi.it\/","sameAs":["https:\/\/www.facebook.com\/ArteELuoghi\/","https:\/\/www.instagram.com\/arteeluoghi\/?hl=it","https:\/\/www.youtube.com\/channel\/UCuRVc4JW4-C5sg9rQB-srkw?view_as=subscriber","https:\/\/twitter.com\/arteeluoghi"],"logo":{"@type":"ImageObject","@id":"https:\/\/arteeluoghi.it\/#logo","inLanguage":"it-IT","url":"https:\/\/arteeluoghi.it\/wp-content\/uploads\/2018\/08\/logoinstagramarte.jpg","contentUrl":"https:\/\/arteeluoghi.it\/wp-content\/uploads\/2018\/08\/logoinstagramarte.jpg","width":150,"height":150,"caption":"Arte e Luoghi"},"image":{"@id":"https:\/\/arteeluoghi.it\/#logo"}},{"@type":"WebSite","@id":"https:\/\/arteeluoghi.it\/#website","url":"https:\/\/arteeluoghi.it\/","name":"Arte e Luoghi","description":"Mensile di arte, cultura, turismo e curiosit\u00e0","publisher":{"@id":"https:\/\/arteeluoghi.it\/#organization"},"potentialAction":[{"@type":"SearchAction","target":{"@type":"EntryPoint","urlTemplate":"https:\/\/arteeluoghi.it\/?s={search_term_string}"},"query-input":"required name=search_term_string"}],"inLanguage":"it-IT"},{"@type":"ImageObject","@id":"https:\/\/arteeluoghi.it\/index.php\/2021\/12\/19\/il-prodigio-di-emma-donoghue\/#primaryimage","inLanguage":"it-IT","url":"https:\/\/arteeluoghi.it\/wp-content\/uploads\/2021\/12\/il-prodigio.jpeg","contentUrl":"https:\/\/arteeluoghi.it\/wp-content\/uploads\/2021\/12\/il-prodigio.jpeg","width":1314,"height":1282},{"@type":"WebPage","@id":"https:\/\/arteeluoghi.it\/index.php\/2021\/12\/19\/il-prodigio-di-emma-donoghue\/#webpage","url":"https:\/\/arteeluoghi.it\/index.php\/2021\/12\/19\/il-prodigio-di-emma-donoghue\/","name":"Il prodigio di Emma Donoghue | Arte e Luoghi","isPartOf":{"@id":"https:\/\/arteeluoghi.it\/#website"},"primaryImageOfPage":{"@id":"https:\/\/arteeluoghi.it\/index.php\/2021\/12\/19\/il-prodigio-di-emma-donoghue\/#primaryimage"},"datePublished":"2021-12-19T21:02:00+00:00","dateModified":"2022-01-09T21:06:55+00:00","description":"ladevotalettrice | Le recensioni di Lucia Accoto. Il prodigio di Emma Donoghue","breadcrumb":{"@id":"https:\/\/arteeluoghi.it\/index.php\/2021\/12\/19\/il-prodigio-di-emma-donoghue\/#breadcrumb"},"inLanguage":"it-IT","potentialAction":[{"@type":"ReadAction","target":["https:\/\/arteeluoghi.it\/index.php\/2021\/12\/19\/il-prodigio-di-emma-donoghue\/"]}]},{"@type":"BreadcrumbList","@id":"https:\/\/arteeluoghi.it\/index.php\/2021\/12\/19\/il-prodigio-di-emma-donoghue\/#breadcrumb","itemListElement":[{"@type":"ListItem","position":1,"name":"Home","item":"https:\/\/arteeluoghi.it\/"},{"@type":"ListItem","position":2,"name":"Il prodigio di Emma Donoghue"}]},{"@type":"Article","@id":"https:\/\/arteeluoghi.it\/index.php\/2021\/12\/19\/il-prodigio-di-emma-donoghue\/#article","isPartOf":{"@id":"https:\/\/arteeluoghi.it\/index.php\/2021\/12\/19\/il-prodigio-di-emma-donoghue\/#webpage"},"author":{"@id":"https:\/\/arteeluoghi.it\/#\/schema\/person\/f84e814e36e91e01448ee07eaadd41d4"},"headline":"Il prodigio di Emma Donoghue","datePublished":"2021-12-19T21:02:00+00:00","dateModified":"2022-01-09T21:06:55+00:00","mainEntityOfPage":{"@id":"https:\/\/arteeluoghi.it\/index.php\/2021\/12\/19\/il-prodigio-di-emma-donoghue\/#webpage"},"wordCount":294,"commentCount":0,"publisher":{"@id":"https:\/\/arteeluoghi.it\/#organization"},"image":{"@id":"https:\/\/arteeluoghi.it\/index.php\/2021\/12\/19\/il-prodigio-di-emma-donoghue\/#primaryimage"},"thumbnailUrl":"https:\/\/arteeluoghi.it\/wp-content\/uploads\/2021\/12\/il-prodigio.jpeg","keywords":["ladevotalettrice","Lucia Accoto"],"articleSection":["#ladevotalettrice","LIBRI"],"inLanguage":"it-IT","potentialAction":[{"@type":"CommentAction","name":"Comment","target":["https:\/\/arteeluoghi.it\/index.php\/2021\/12\/19\/il-prodigio-di-emma-donoghue\/#respond"]}]},{"@type":"Person","@id":"https:\/\/arteeluoghi.it\/#\/schema\/person\/f84e814e36e91e01448ee07eaadd41d4","name":"Staff","image":{"@type":"ImageObject","@id":"https:\/\/arteeluoghi.it\/#personlogo","inLanguage":"it-IT","url":"https:\/\/secure.gravatar.com\/avatar\/49d2f9e46271bb04e19cebfaf141313a?s=96&d=blank&r=g","contentUrl":"https:\/\/secure.gravatar.com\/avatar\/49d2f9e46271bb04e19cebfaf141313a?s=96&d=blank&r=g","caption":"Staff"}}]}},"_links":{"self":[{"href":"https:\/\/arteeluoghi.it\/index.php\/wp-json\/wp\/v2\/posts\/10833"}],"collection":[{"href":"https:\/\/arteeluoghi.it\/index.php\/wp-json\/wp\/v2\/posts"}],"about":[{"href":"https:\/\/arteeluoghi.it\/index.php\/wp-json\/wp\/v2\/types\/post"}],"author":[{"embeddable":true,"href":"https:\/\/arteeluoghi.it\/index.php\/wp-json\/wp\/v2\/users\/1"}],"replies":[{"embeddable":true,"href":"https:\/\/arteeluoghi.it\/index.php\/wp-json\/wp\/v2\/comments?post=10833"}],"version-history":[{"count":1,"href":"https:\/\/arteeluoghi.it\/index.php\/wp-json\/wp\/v2\/posts\/10833\/revisions"}],"predecessor-version":[{"id":10834,"href":"https:\/\/arteeluoghi.it\/index.php\/wp-json\/wp\/v2\/posts\/10833\/revisions\/10834"}],"wp:featuredmedia":[{"embeddable":true,"href":"https:\/\/arteeluoghi.it\/index.php\/wp-json\/wp\/v2\/media\/10835"}],"wp:attachment":[{"href":"https:\/\/arteeluoghi.it\/index.php\/wp-json\/wp\/v2\/media?parent=10833"}],"wp:term":[{"taxonomy":"category","embeddable":true,"href":"https:\/\/arteeluoghi.it\/index.php\/wp-json\/wp\/v2\/categories?post=10833"},{"taxonomy":"post_tag","embeddable":true,"href":"https:\/\/arteeluoghi.it\/index.php\/wp-json\/wp\/v2\/tags?post=10833"}],"curies":[{"name":"wp","href":"https:\/\/api.w.org\/{rel}","templated":true}]}}