{"id":10906,"date":"2022-01-16T23:47:00","date_gmt":"2022-01-16T22:47:00","guid":{"rendered":"https:\/\/arteeluoghi.it\/?p=10906"},"modified":"2022-01-30T23:47:59","modified_gmt":"2022-01-30T22:47:59","slug":"metamorfosi-nella-natura-la-morte-degli-ulivi","status":"publish","type":"post","link":"https:\/\/arteeluoghi.it\/index.php\/2022\/01\/16\/metamorfosi-nella-natura-la-morte-degli-ulivi\/","title":{"rendered":"Metamorfosi nella Natura.  La morte degli ulivi"},"content":{"rendered":"\n<p><\/p>\n\n\n\n<blockquote class=\"wp-block-quote\"><p>Con una cerimonia di donazione, il dipinto realizzato dalla classe 5D Arti Figurative del Liceo artistico Ciardo Pellegrino di Lecce \u00e8 stato collocato nella sede della Provincia di Lecce a Palazzo dei Celestini<\/p><\/blockquote>\n\n\n\n<p>LECCE. \u201cMetamorfosi nella natura. La morte degli ulivi\u201d il bellissimo dipinto realizzato dalla classe 5D Arti figurative del Liceo artistico Ciardo &#8211; Pellegrino di Lecce, dal 6 dicembre campeggia sulle pareti della sede istituzionale della Provincia di Lecce. L&#8217;opera realizzata nell\u2019ambito del Concorso di idee per la valorizzazione della storia e delle comunit\u00e0 locali, promosso dalla Provincia di Lecce con il progetto europeo Palimpsest (Post ALphabetical Interactive Museum using Participatory, Space-Embedded, Story-Telling) si compone di cinque tavole, dipinte con tecnica mista (di 6 metri di lunghezza per un\u2019altezza di 2,5 metri), rester\u00e0 esposta permanentemente nell\u2019ampio spazio che conduce all\u2019aula consiliare di Palazzo dei Celestini, vicino al busto di Martino Luigi Caroli, primo presidente eletto della Provincia di Lecce nel 1951.<br>Accompagna l&#8217;opera il testo descrittivo curato dagli allievi che cos\u00ec ne raccontano il senso: \u201cMetamorfosi nella natura, morte degli ulivi, nelle sue forme e nei suoi intrecci, di resti di radici, racconta in un linguaggio figurale il dramma della morte degli ulivi, testimoni della storia millenaria di questo lembo di terra. Ogni figura ritratta senza ordini di grandezza, in una composizione surrealista ed espressionista, talvolta gestuale, \u00e8 una radice affiorante, segno di un immenso dolore che si sta consumando in questo mentre di storia umana. L\u2019uomo non ha guardato l&#8217;immenso tesoro naturale che lo ha circondato da sempre e ha avvelenato tutto, dando vita a radici antropomorfe, senza ormai pi\u00f9 vita. Non colori, non gioia, ma segni di un dramma compreso molto tardi\u201d.<br>Un lavoro corale che ha visto insieme gli studenti della 5 D lavorare come si faceva nelle botteghe seicentesche sotto la guida attenta dei docenti referenti del progetto Enzo de Giorgi e Massimo Marangio.<\/p>\n\n\n\n<figure class=\"wp-block-image size-large\"><img loading=\"lazy\" width=\"640\" height=\"480\" src=\"https:\/\/arteeluoghi.it\/wp-content\/uploads\/2022\/01\/Palimpsest-1-1.jpeg\" alt=\"\" class=\"wp-image-10907\" srcset=\"https:\/\/arteeluoghi.it\/wp-content\/uploads\/2022\/01\/Palimpsest-1-1.jpeg 640w, https:\/\/arteeluoghi.it\/wp-content\/uploads\/2022\/01\/Palimpsest-1-1-300x225.jpeg 300w\" sizes=\"(max-width: 640px) 100vw, 640px\" \/><figcaption>Un momento della cerimonia di donazione<\/figcaption><\/figure>\n\n\n\n<p><br>La cerimonia di donazione si \u00e8 svolta alla presenza del presidente della Provincia di Lecce Stefano Minerva e il dirigente del Servizio Politiche europee Carmelo Calamia, e ha visto la partecipazione della dirigente scolastica del Ciardo \u2013 Pellegrino Tiziana Paola Rucco, i docenti referenti del progetto Massimo Marangio ed Enzo De Giorgi e l\u2019intera classe 5D, composta da Gaia Assunta Arigliani, Silvia Baglivo, Noemi Capodieci, Isabella Centonze, Chiara De Carlo, Francesca Fanciullo, Mariachiara Fasano, Marta Fattizzo, Marco Fina, Giulia Fiorentino, Asia Maria Lorenzo, Erika Marchello, Monia Marzougui, Francesca Miglietta, Margherita Patruno, Rebecca Pittaluga, Benedetta Stefanelli.<br>\u00abCon quest\u2019opera ragazzi, voi entrate nella storia perch\u00e9 questo \u00e8 un palazzo storico importante, che accoglie all\u2019interno altre opere d\u2019arte ed \u00e8 esso stesso un\u2019opera d\u2019arte del Barocco. Il fatto che sia collocata nel corridoio principale che porta all\u2019aula consiliare consegna la vostra arte alla storia perch\u00e9 il vostro quadro rimarr\u00e0 qui e sar\u00e0 visto dai tanti che attraverseranno questo luogo. Per questo vi siamo grati.\u00bb Questo il commento del presidente Stefano Minerva al quale si \u00e8 aggiunta la dichiarazione della dirigente del Ciardo Pellegrino Tiziana Rucco: \u00abQuesta cerimonia premia una scuola che ha sempre lavorato a fianco della Provincia. Siamo stati sempre partecipi di tantissime iniziative e progetti, portati avanti con seriet\u00e0 e impegno, credendoci da entrambe le parti e cercando di offrire ai ragazzi qualcosa che andasse al di l\u00e0 delle lezioni didattiche e che formasse i futuri cittadini. Quindi, doniamo quest\u2019opera con grandissimo piacere ed onore. Ringrazio i ragazzi e i docenti che li hanno seguiti in questo progetto. Questi ultimi, tra l\u2019altro, hanno messo a disposizione non solo tutta la loro bravura e professionalit\u00e0, ma anche tanto di quell\u2019essere maestri prima ancora che professori\u00bb.<br>Una bellissima opera che fotografa il periodo storico difficile per il Salento ma al contempo \u00abun biglietto da visita che in questo momento storico la Provincia di Lecce vuole mandare all\u2019Europa in segno di rilancio, di rinascita e di speranza\u00bb ha concluso il capo di Gabinetto Andrea Romano.<\/p>\n","protected":false},"excerpt":{"rendered":"<p>Con una cerimonia di donazione, il dipinto realizzato dalla classe 5D Arti Figurative del Liceo artistico Ciardo Pellegrino di Lecce<\/p>\n","protected":false},"author":1,"featured_media":10908,"comment_status":"open","ping_status":"open","sticky":true,"template":"","format":"standard","meta":[],"categories":[27,3],"tags":[234,3891,1480,134,3888,3859,3889,3887,3890],"yoast_head":"<!-- This site is optimized with the Yoast SEO plugin v18.0 - https:\/\/yoast.com\/wordpress\/plugins\/seo\/ -->\n<title>Metamorfosi nella Natura. La morte degli ulivi | Arte e Luoghi<\/title>\n<meta name=\"description\" content=\"Con una cerimonia di donazione, il dipinto realizzato dalla classe 5D Arti Figurative del Liceo artistico Ciardo Pellegrino di Lecce\" \/>\n<meta name=\"robots\" content=\"index, follow, max-snippet:-1, max-image-preview:large, max-video-preview:-1\" \/>\n<link rel=\"canonical\" href=\"https:\/\/arteeluoghi.it\/index.php\/2022\/01\/16\/metamorfosi-nella-natura-la-morte-degli-ulivi\/\" \/>\n<meta property=\"og:locale\" content=\"it_IT\" \/>\n<meta property=\"og:type\" content=\"article\" \/>\n<meta property=\"og:title\" content=\"Metamorfosi nella Natura. La morte degli ulivi | Arte e Luoghi\" \/>\n<meta property=\"og:description\" content=\"Con una cerimonia di donazione, il dipinto realizzato dalla classe 5D Arti Figurative del Liceo artistico Ciardo Pellegrino di Lecce\" \/>\n<meta property=\"og:url\" content=\"https:\/\/arteeluoghi.it\/index.php\/2022\/01\/16\/metamorfosi-nella-natura-la-morte-degli-ulivi\/\" \/>\n<meta property=\"og:site_name\" content=\"Arte e Luoghi\" \/>\n<meta property=\"article:publisher\" content=\"https:\/\/www.facebook.com\/ArteELuoghi\/\" \/>\n<meta property=\"article:published_time\" content=\"2022-01-16T22:47:00+00:00\" \/>\n<meta property=\"article:modified_time\" content=\"2022-01-30T22:47:59+00:00\" \/>\n<meta property=\"og:image\" content=\"https:\/\/arteeluoghi.it\/wp-content\/uploads\/2022\/01\/Palimpsest2-1.jpeg\" \/>\n\t<meta property=\"og:image:width\" content=\"2048\" \/>\n\t<meta property=\"og:image:height\" content=\"1537\" \/>\n\t<meta property=\"og:image:type\" content=\"image\/jpeg\" \/>\n<meta name=\"twitter:card\" content=\"summary\" \/>\n<meta name=\"twitter:creator\" content=\"@arteeluoghi\" \/>\n<meta name=\"twitter:site\" content=\"@arteeluoghi\" \/>\n<meta name=\"twitter:label1\" content=\"Scritto da\" \/>\n\t<meta name=\"twitter:data1\" content=\"Staff\" \/>\n\t<meta name=\"twitter:label2\" content=\"Tempo di lettura stimato\" \/>\n\t<meta name=\"twitter:data2\" content=\"4 minuti\" \/>\n<script type=\"application\/ld+json\" class=\"yoast-schema-graph\">{\"@context\":\"https:\/\/schema.org\",\"@graph\":[{\"@type\":\"Organization\",\"@id\":\"https:\/\/arteeluoghi.it\/#organization\",\"name\":\"Arte e Luoghi\",\"url\":\"https:\/\/arteeluoghi.it\/\",\"sameAs\":[\"https:\/\/www.facebook.com\/ArteELuoghi\/\",\"https:\/\/www.instagram.com\/arteeluoghi\/?hl=it\",\"https:\/\/www.youtube.com\/channel\/UCuRVc4JW4-C5sg9rQB-srkw?view_as=subscriber\",\"https:\/\/twitter.com\/arteeluoghi\"],\"logo\":{\"@type\":\"ImageObject\",\"@id\":\"https:\/\/arteeluoghi.it\/#logo\",\"inLanguage\":\"it-IT\",\"url\":\"https:\/\/arteeluoghi.it\/wp-content\/uploads\/2018\/08\/logoinstagramarte.jpg\",\"contentUrl\":\"https:\/\/arteeluoghi.it\/wp-content\/uploads\/2018\/08\/logoinstagramarte.jpg\",\"width\":150,\"height\":150,\"caption\":\"Arte e Luoghi\"},\"image\":{\"@id\":\"https:\/\/arteeluoghi.it\/#logo\"}},{\"@type\":\"WebSite\",\"@id\":\"https:\/\/arteeluoghi.it\/#website\",\"url\":\"https:\/\/arteeluoghi.it\/\",\"name\":\"Arte e Luoghi\",\"description\":\"Mensile di arte, cultura, turismo e curiosit\u00e0\",\"publisher\":{\"@id\":\"https:\/\/arteeluoghi.it\/#organization\"},\"potentialAction\":[{\"@type\":\"SearchAction\",\"target\":{\"@type\":\"EntryPoint\",\"urlTemplate\":\"https:\/\/arteeluoghi.it\/?s={search_term_string}\"},\"query-input\":\"required name=search_term_string\"}],\"inLanguage\":\"it-IT\"},{\"@type\":\"ImageObject\",\"@id\":\"https:\/\/arteeluoghi.it\/index.php\/2022\/01\/16\/metamorfosi-nella-natura-la-morte-degli-ulivi\/#primaryimage\",\"inLanguage\":\"it-IT\",\"url\":\"https:\/\/arteeluoghi.it\/wp-content\/uploads\/2022\/01\/Palimpsest2-1.jpeg\",\"contentUrl\":\"https:\/\/arteeluoghi.it\/wp-content\/uploads\/2022\/01\/Palimpsest2-1.jpeg\",\"width\":2048,\"height\":1537},{\"@type\":\"WebPage\",\"@id\":\"https:\/\/arteeluoghi.it\/index.php\/2022\/01\/16\/metamorfosi-nella-natura-la-morte-degli-ulivi\/#webpage\",\"url\":\"https:\/\/arteeluoghi.it\/index.php\/2022\/01\/16\/metamorfosi-nella-natura-la-morte-degli-ulivi\/\",\"name\":\"Metamorfosi nella Natura. La morte degli ulivi | Arte e Luoghi\",\"isPartOf\":{\"@id\":\"https:\/\/arteeluoghi.it\/#website\"},\"primaryImageOfPage\":{\"@id\":\"https:\/\/arteeluoghi.it\/index.php\/2022\/01\/16\/metamorfosi-nella-natura-la-morte-degli-ulivi\/#primaryimage\"},\"datePublished\":\"2022-01-16T22:47:00+00:00\",\"dateModified\":\"2022-01-30T22:47:59+00:00\",\"description\":\"Con una cerimonia di donazione, il dipinto realizzato dalla classe 5D Arti Figurative del Liceo artistico Ciardo Pellegrino di Lecce\",\"breadcrumb\":{\"@id\":\"https:\/\/arteeluoghi.it\/index.php\/2022\/01\/16\/metamorfosi-nella-natura-la-morte-degli-ulivi\/#breadcrumb\"},\"inLanguage\":\"it-IT\",\"potentialAction\":[{\"@type\":\"ReadAction\",\"target\":[\"https:\/\/arteeluoghi.it\/index.php\/2022\/01\/16\/metamorfosi-nella-natura-la-morte-degli-ulivi\/\"]}]},{\"@type\":\"BreadcrumbList\",\"@id\":\"https:\/\/arteeluoghi.it\/index.php\/2022\/01\/16\/metamorfosi-nella-natura-la-morte-degli-ulivi\/#breadcrumb\",\"itemListElement\":[{\"@type\":\"ListItem\",\"position\":1,\"name\":\"Home\",\"item\":\"https:\/\/arteeluoghi.it\/\"},{\"@type\":\"ListItem\",\"position\":2,\"name\":\"Metamorfosi nella Natura. La morte degli ulivi\"}]},{\"@type\":\"Article\",\"@id\":\"https:\/\/arteeluoghi.it\/index.php\/2022\/01\/16\/metamorfosi-nella-natura-la-morte-degli-ulivi\/#article\",\"isPartOf\":{\"@id\":\"https:\/\/arteeluoghi.it\/index.php\/2022\/01\/16\/metamorfosi-nella-natura-la-morte-degli-ulivi\/#webpage\"},\"author\":{\"@id\":\"https:\/\/arteeluoghi.it\/#\/schema\/person\/f84e814e36e91e01448ee07eaadd41d4\"},\"headline\":\"Metamorfosi nella Natura. La morte degli ulivi\",\"datePublished\":\"2022-01-16T22:47:00+00:00\",\"dateModified\":\"2022-01-30T22:47:59+00:00\",\"mainEntityOfPage\":{\"@id\":\"https:\/\/arteeluoghi.it\/index.php\/2022\/01\/16\/metamorfosi-nella-natura-la-morte-degli-ulivi\/#webpage\"},\"wordCount\":658,\"commentCount\":0,\"publisher\":{\"@id\":\"https:\/\/arteeluoghi.it\/#organization\"},\"image\":{\"@id\":\"https:\/\/arteeluoghi.it\/index.php\/2022\/01\/16\/metamorfosi-nella-natura-la-morte-degli-ulivi\/#primaryimage\"},\"thumbnailUrl\":\"https:\/\/arteeluoghi.it\/wp-content\/uploads\/2022\/01\/Palimpsest2-1.jpeg\",\"keywords\":[\"arte\",\"Carmelo Caramia\",\"Enzo de Giorgi\",\"Lecce\",\"Liceo Ciardo Pellegrino\",\"Massimo marangio\",\"Palazzo dei Celestini\",\"Palimpsest\",\"VD\"],\"articleSection\":[\"Arte\",\"Arti visive\"],\"inLanguage\":\"it-IT\",\"potentialAction\":[{\"@type\":\"CommentAction\",\"name\":\"Comment\",\"target\":[\"https:\/\/arteeluoghi.it\/index.php\/2022\/01\/16\/metamorfosi-nella-natura-la-morte-degli-ulivi\/#respond\"]}]},{\"@type\":\"Person\",\"@id\":\"https:\/\/arteeluoghi.it\/#\/schema\/person\/f84e814e36e91e01448ee07eaadd41d4\",\"name\":\"Staff\",\"image\":{\"@type\":\"ImageObject\",\"@id\":\"https:\/\/arteeluoghi.it\/#personlogo\",\"inLanguage\":\"it-IT\",\"url\":\"https:\/\/secure.gravatar.com\/avatar\/49d2f9e46271bb04e19cebfaf141313a?s=96&d=blank&r=g\",\"contentUrl\":\"https:\/\/secure.gravatar.com\/avatar\/49d2f9e46271bb04e19cebfaf141313a?s=96&d=blank&r=g\",\"caption\":\"Staff\"}}]}<\/script>\n<!-- \/ Yoast SEO plugin. -->","yoast_head_json":{"title":"Metamorfosi nella Natura. La morte degli ulivi | Arte e Luoghi","description":"Con una cerimonia di donazione, il dipinto realizzato dalla classe 5D Arti Figurative del Liceo artistico Ciardo Pellegrino di Lecce","robots":{"index":"index","follow":"follow","max-snippet":"max-snippet:-1","max-image-preview":"max-image-preview:large","max-video-preview":"max-video-preview:-1"},"canonical":"https:\/\/arteeluoghi.it\/index.php\/2022\/01\/16\/metamorfosi-nella-natura-la-morte-degli-ulivi\/","og_locale":"it_IT","og_type":"article","og_title":"Metamorfosi nella Natura. La morte degli ulivi | Arte e Luoghi","og_description":"Con una cerimonia di donazione, il dipinto realizzato dalla classe 5D Arti Figurative del Liceo artistico Ciardo Pellegrino di Lecce","og_url":"https:\/\/arteeluoghi.it\/index.php\/2022\/01\/16\/metamorfosi-nella-natura-la-morte-degli-ulivi\/","og_site_name":"Arte e Luoghi","article_publisher":"https:\/\/www.facebook.com\/ArteELuoghi\/","article_published_time":"2022-01-16T22:47:00+00:00","article_modified_time":"2022-01-30T22:47:59+00:00","og_image":[{"width":2048,"height":1537,"url":"https:\/\/arteeluoghi.it\/wp-content\/uploads\/2022\/01\/Palimpsest2-1.jpeg","type":"image\/jpeg"}],"twitter_card":"summary","twitter_creator":"@arteeluoghi","twitter_site":"@arteeluoghi","twitter_misc":{"Scritto da":"Staff","Tempo di lettura stimato":"4 minuti"},"schema":{"@context":"https:\/\/schema.org","@graph":[{"@type":"Organization","@id":"https:\/\/arteeluoghi.it\/#organization","name":"Arte e Luoghi","url":"https:\/\/arteeluoghi.it\/","sameAs":["https:\/\/www.facebook.com\/ArteELuoghi\/","https:\/\/www.instagram.com\/arteeluoghi\/?hl=it","https:\/\/www.youtube.com\/channel\/UCuRVc4JW4-C5sg9rQB-srkw?view_as=subscriber","https:\/\/twitter.com\/arteeluoghi"],"logo":{"@type":"ImageObject","@id":"https:\/\/arteeluoghi.it\/#logo","inLanguage":"it-IT","url":"https:\/\/arteeluoghi.it\/wp-content\/uploads\/2018\/08\/logoinstagramarte.jpg","contentUrl":"https:\/\/arteeluoghi.it\/wp-content\/uploads\/2018\/08\/logoinstagramarte.jpg","width":150,"height":150,"caption":"Arte e Luoghi"},"image":{"@id":"https:\/\/arteeluoghi.it\/#logo"}},{"@type":"WebSite","@id":"https:\/\/arteeluoghi.it\/#website","url":"https:\/\/arteeluoghi.it\/","name":"Arte e Luoghi","description":"Mensile di arte, cultura, turismo e curiosit\u00e0","publisher":{"@id":"https:\/\/arteeluoghi.it\/#organization"},"potentialAction":[{"@type":"SearchAction","target":{"@type":"EntryPoint","urlTemplate":"https:\/\/arteeluoghi.it\/?s={search_term_string}"},"query-input":"required name=search_term_string"}],"inLanguage":"it-IT"},{"@type":"ImageObject","@id":"https:\/\/arteeluoghi.it\/index.php\/2022\/01\/16\/metamorfosi-nella-natura-la-morte-degli-ulivi\/#primaryimage","inLanguage":"it-IT","url":"https:\/\/arteeluoghi.it\/wp-content\/uploads\/2022\/01\/Palimpsest2-1.jpeg","contentUrl":"https:\/\/arteeluoghi.it\/wp-content\/uploads\/2022\/01\/Palimpsest2-1.jpeg","width":2048,"height":1537},{"@type":"WebPage","@id":"https:\/\/arteeluoghi.it\/index.php\/2022\/01\/16\/metamorfosi-nella-natura-la-morte-degli-ulivi\/#webpage","url":"https:\/\/arteeluoghi.it\/index.php\/2022\/01\/16\/metamorfosi-nella-natura-la-morte-degli-ulivi\/","name":"Metamorfosi nella Natura. La morte degli ulivi | Arte e Luoghi","isPartOf":{"@id":"https:\/\/arteeluoghi.it\/#website"},"primaryImageOfPage":{"@id":"https:\/\/arteeluoghi.it\/index.php\/2022\/01\/16\/metamorfosi-nella-natura-la-morte-degli-ulivi\/#primaryimage"},"datePublished":"2022-01-16T22:47:00+00:00","dateModified":"2022-01-30T22:47:59+00:00","description":"Con una cerimonia di donazione, il dipinto realizzato dalla classe 5D Arti Figurative del Liceo artistico Ciardo Pellegrino di Lecce","breadcrumb":{"@id":"https:\/\/arteeluoghi.it\/index.php\/2022\/01\/16\/metamorfosi-nella-natura-la-morte-degli-ulivi\/#breadcrumb"},"inLanguage":"it-IT","potentialAction":[{"@type":"ReadAction","target":["https:\/\/arteeluoghi.it\/index.php\/2022\/01\/16\/metamorfosi-nella-natura-la-morte-degli-ulivi\/"]}]},{"@type":"BreadcrumbList","@id":"https:\/\/arteeluoghi.it\/index.php\/2022\/01\/16\/metamorfosi-nella-natura-la-morte-degli-ulivi\/#breadcrumb","itemListElement":[{"@type":"ListItem","position":1,"name":"Home","item":"https:\/\/arteeluoghi.it\/"},{"@type":"ListItem","position":2,"name":"Metamorfosi nella Natura. La morte degli ulivi"}]},{"@type":"Article","@id":"https:\/\/arteeluoghi.it\/index.php\/2022\/01\/16\/metamorfosi-nella-natura-la-morte-degli-ulivi\/#article","isPartOf":{"@id":"https:\/\/arteeluoghi.it\/index.php\/2022\/01\/16\/metamorfosi-nella-natura-la-morte-degli-ulivi\/#webpage"},"author":{"@id":"https:\/\/arteeluoghi.it\/#\/schema\/person\/f84e814e36e91e01448ee07eaadd41d4"},"headline":"Metamorfosi nella Natura. La morte degli ulivi","datePublished":"2022-01-16T22:47:00+00:00","dateModified":"2022-01-30T22:47:59+00:00","mainEntityOfPage":{"@id":"https:\/\/arteeluoghi.it\/index.php\/2022\/01\/16\/metamorfosi-nella-natura-la-morte-degli-ulivi\/#webpage"},"wordCount":658,"commentCount":0,"publisher":{"@id":"https:\/\/arteeluoghi.it\/#organization"},"image":{"@id":"https:\/\/arteeluoghi.it\/index.php\/2022\/01\/16\/metamorfosi-nella-natura-la-morte-degli-ulivi\/#primaryimage"},"thumbnailUrl":"https:\/\/arteeluoghi.it\/wp-content\/uploads\/2022\/01\/Palimpsest2-1.jpeg","keywords":["arte","Carmelo Caramia","Enzo de Giorgi","Lecce","Liceo Ciardo Pellegrino","Massimo marangio","Palazzo dei Celestini","Palimpsest","VD"],"articleSection":["Arte","Arti visive"],"inLanguage":"it-IT","potentialAction":[{"@type":"CommentAction","name":"Comment","target":["https:\/\/arteeluoghi.it\/index.php\/2022\/01\/16\/metamorfosi-nella-natura-la-morte-degli-ulivi\/#respond"]}]},{"@type":"Person","@id":"https:\/\/arteeluoghi.it\/#\/schema\/person\/f84e814e36e91e01448ee07eaadd41d4","name":"Staff","image":{"@type":"ImageObject","@id":"https:\/\/arteeluoghi.it\/#personlogo","inLanguage":"it-IT","url":"https:\/\/secure.gravatar.com\/avatar\/49d2f9e46271bb04e19cebfaf141313a?s=96&d=blank&r=g","contentUrl":"https:\/\/secure.gravatar.com\/avatar\/49d2f9e46271bb04e19cebfaf141313a?s=96&d=blank&r=g","caption":"Staff"}}]}},"_links":{"self":[{"href":"https:\/\/arteeluoghi.it\/index.php\/wp-json\/wp\/v2\/posts\/10906"}],"collection":[{"href":"https:\/\/arteeluoghi.it\/index.php\/wp-json\/wp\/v2\/posts"}],"about":[{"href":"https:\/\/arteeluoghi.it\/index.php\/wp-json\/wp\/v2\/types\/post"}],"author":[{"embeddable":true,"href":"https:\/\/arteeluoghi.it\/index.php\/wp-json\/wp\/v2\/users\/1"}],"replies":[{"embeddable":true,"href":"https:\/\/arteeluoghi.it\/index.php\/wp-json\/wp\/v2\/comments?post=10906"}],"version-history":[{"count":1,"href":"https:\/\/arteeluoghi.it\/index.php\/wp-json\/wp\/v2\/posts\/10906\/revisions"}],"predecessor-version":[{"id":10909,"href":"https:\/\/arteeluoghi.it\/index.php\/wp-json\/wp\/v2\/posts\/10906\/revisions\/10909"}],"wp:featuredmedia":[{"embeddable":true,"href":"https:\/\/arteeluoghi.it\/index.php\/wp-json\/wp\/v2\/media\/10908"}],"wp:attachment":[{"href":"https:\/\/arteeluoghi.it\/index.php\/wp-json\/wp\/v2\/media?parent=10906"}],"wp:term":[{"taxonomy":"category","embeddable":true,"href":"https:\/\/arteeluoghi.it\/index.php\/wp-json\/wp\/v2\/categories?post=10906"},{"taxonomy":"post_tag","embeddable":true,"href":"https:\/\/arteeluoghi.it\/index.php\/wp-json\/wp\/v2\/tags?post=10906"}],"curies":[{"name":"wp","href":"https:\/\/api.w.org\/{rel}","templated":true}]}}