{"id":1105,"date":"2013-03-23T18:55:10","date_gmt":"2013-03-23T17:55:10","guid":{"rendered":"http:\/\/arteeluoghi.it\/index.php\/2013\/03\/23\/otto-artisti-alla-raucci-santamaria-di-napoli\/"},"modified":"2013-03-23T18:55:10","modified_gmt":"2013-03-23T17:55:10","slug":"otto-artisti-alla-raucci-santamaria-di-napoli","status":"publish","type":"post","link":"https:\/\/arteeluoghi.it\/index.php\/2013\/03\/23\/otto-artisti-alla-raucci-santamaria-di-napoli\/","title":{"rendered":"Otto artisti alla Raucci Santamaria di Napoli"},"content":{"rendered":"<p><img src=\"\/images\/ANTHONY%20PEARSON%20%20.jpg\" border=\"0\" title=\"Un opera di ANTHONY PEARSON\" width=\"300\" style=\"margin: 21px; float: right;\" \/>Colletiva d&#8217;arte, dal 29 Marzo al 3 Maggio 2013, negli spazi della GALLERIA RAUCCI\/SANTAMARIA\u00a0\u00a0\u00a0\u00a0\u00a0\u00a0\u00a0\u00a0\u00a0<strong><br \/><\/strong><\/p>\n<p><span style=\"font-size: small;\"><strong>Gallery A, Gallery B: \u201cFrom where I come \u2026 maybe \u2026 I don\u2019t\u2019 know\u201d<\/strong><\/span><\/p>\n<p><strong>\u00a0<\/strong><\/p>\n<p>STEVEN BALDI &#8211; DANILO CORREALE\u00a0 &#8211; CHARLES MAYTON &#8211; PETER LIVERSIDGE\u00a0 &#8211; DAVID JABLONOWSKI\u00a0 &#8211; ANTHONY PEARSON\u00a0 &#8211; VALERIE SNOBECK &#8211; ERIK WYSOCAN<\/p>\n<p>\u00a0<\/p>\n<p>Spesso un\u2019immagine pu\u00f2 essere oscura o impenetrabile alla naturale investigazione che deriva dalla curiosit\u00e0 che si attiva proprio perch\u00e8 resistente ad una immediata lettura.<\/p>\n<p>Questo vale anche per gli oggetti che la compongono e formalmente potrebbero abbracciare ogni tipo di medium: pittura, scultura, fotografia o installazione.<\/p>\n<p>La resistenza alla penetrazione\u00a0 ha un suo motivo e molte volte \u00e8 implicitamente connesso al processo di analisi e di ricerca che sono parte integrante dell\u2019opera e alla quantit\u00e0 di dati che essa contiene.<\/p>\n<p>La capacit\u00e0 di sintesi delle informazioni \u00e8 un punto distintivo e\u00a0 derivato da attitudini che ciascun artista applica nella formalizzazione\u00a0 dell\u2019immagine finale. Nello stesso modo essa diventa anche risultato di esperienze personali e di pensieri legati alla vita reale.<\/p>\n<p>\u00a0<\/p>\n<p>\u00a0<\/p>\n<p>  <!--more-->  <\/p>\n<p><img src=\"\/images\/ERIK%20WYSOCAN.jpg\" border=\"0\" title=\"Un opera di ERIK WYSOCAN\" width=\"300\" style=\"margin: 21px; float: left;\" \/><\/p>\n<p>L\u2019espressione finale di questo processo \u00e8 avvertita maggiormente quanto pi\u00f9 alto \u00e8 il grado di sincerit\u00e0 e onest\u00e0 intellettuale che ne ha determinato la forma e dal grado di sensibilit\u00e0 di cui l\u2019artista \u00e8 portatore. Altrettanto vero \u00e8 per\u00f2 che l\u2019arte non pu\u00f2 prescindere dall\u2019affascinazione, che ne \u00e8 parte integrante,\u00a0 per cui questa \u00e8 avvertita solo se il contenuto nell\u2019oggetto dell\u2019investigazione non appare immediatamente visibile. Alcune volte la definizione formale pu\u00f2 essere astratta e la natura originale dell\u2019investigazione essere molto distante dalla sua origine, oppure\u00a0 il risultato di continue elaborazioni investigative. Tutto ci\u00f2 determina che\u00a0 l\u2019interesse si diriga naturalmente al processo costitutivo che produce la forma finale dell\u2019opera e che la scelta dei materiali ed il linguaggio\u00a0 siano idonei ad indirizzare le informazioni che la\u00a0 rappresentano.<\/p>\n<p>Per quale motivo si prediliga una forma oppure un materiale o perch\u00e8 la curiosit\u00e0 ci spinga ad osservare alcune cose e a ignorarne altre non ha un unica risposta. Ma ci\u00f2 che \u00e8 sicuro e che la curiosit\u00e0 \u00e8 legata ad un\u2019evoluzione\u00a0 del nostro pensiero e ad un costante percorso educativo del nostro senso estetico ed etico, ad una continua lettura di modelli espressi da altri artisti e confrontati tra loro anche in virt\u00f9\u00a0 di una lettura storica. E\u2019 per\u00f2 altrettanto vero che si intraprendono nuovi percorsi e che alcune volte sia l\u2019indeterminatezza e il non percepire la fine della strada\u00a0 ad essere il sale contenuto nel percorso e a determinare il risultato finale.\u00a0 Ci\u00f2 che appare evidente \u00e8 l\u2019oggetto e molte volte pu\u00f2 essere estraneo e alieno dall\u2019originaria spinta emotiva e razionale che lo ha generato ma pur sempre disponibile a connessioni aperte ad\u00a0 altri oggetti e a molteplici letture interpretative agli occhi di chi guardi.<\/p>\n<p>\u00a0<\/p>\n<p>\u00a0<\/p>\n<p>\u00a0<\/p>\n<p>\u00a0<\/p>\n<p>Inaugurazione venerdi 29 Marzo 2013 \u2013 dalle 15 alle 19<\/p>\n<p>\u00a0<\/p>\n<p><strong>GALLERIA RAUCCI\/SANTAMARIA<\/strong>\u00a0\u00a0\u00a0\u00a0\u00a0\u00a0\u00a0\u00a0\u00a0\u00a0\u00a0\u00a0\u00a0\u00a0\u00a0\u00a0\u00a0\u00a0\u00a0 \u00a0\u00a0\u00a0\u00a0\u00a0\u00a0\u00a0\u00a0\u00a0\u00a0\u00a0\u00a0\u00a0\u00a0\u00a0\u00a0<\/p>\n<p>\u00a0<\/p>\n<p>Corso Amedeo di Savoia 190 \u2013 80136 Napoli<\/p>\n<p>\u00a0<\/p>\n<p>phone +39 0817443645 fax +39 0817442407<\/p>\n<p>\u00a0<\/p>\n<p>www.raucciesantamaria.com<\/p>\n<p>(fonte: comunicato stampa)<\/p>\n<p><strong><span style=\"text-decoration: underline;\">\u00a0<\/span><\/strong><\/p>\n","protected":false},"excerpt":{"rendered":"<p>Colletiva d&#8217;arte, dal 29 Marzo al 3 Maggio 2013, negli spazi della GALLERIA RAUCCI\/SANTAMARIA\u00a0\u00a0\u00a0\u00a0\u00a0\u00a0\u00a0\u00a0\u00a0 Gallery A, Gallery B: \u201cFrom where<\/p>\n","protected":false},"author":1,"featured_media":0,"comment_status":"open","ping_status":"open","sticky":false,"template":"","format":"standard","meta":[],"categories":[27],"tags":[],"yoast_head":"<!-- This site is optimized with the Yoast SEO plugin v18.0 - https:\/\/yoast.com\/wordpress\/plugins\/seo\/ -->\n<title>Otto artisti alla Raucci Santamaria di Napoli | Arte e Luoghi<\/title>\n<meta name=\"robots\" content=\"index, follow, max-snippet:-1, max-image-preview:large, max-video-preview:-1\" \/>\n<link rel=\"canonical\" href=\"https:\/\/arteeluoghi.it\/index.php\/2013\/03\/23\/otto-artisti-alla-raucci-santamaria-di-napoli\/\" \/>\n<meta property=\"og:locale\" content=\"it_IT\" \/>\n<meta property=\"og:type\" content=\"article\" \/>\n<meta property=\"og:title\" content=\"Otto artisti alla Raucci Santamaria di Napoli | Arte e Luoghi\" \/>\n<meta property=\"og:description\" content=\"Colletiva d&#8217;arte, dal 29 Marzo al 3 Maggio 2013, negli spazi della GALLERIA RAUCCI\/SANTAMARIA\u00a0\u00a0\u00a0\u00a0\u00a0\u00a0\u00a0\u00a0\u00a0 Gallery A, Gallery B: \u201cFrom where\" \/>\n<meta property=\"og:url\" content=\"https:\/\/arteeluoghi.it\/index.php\/2013\/03\/23\/otto-artisti-alla-raucci-santamaria-di-napoli\/\" \/>\n<meta property=\"og:site_name\" content=\"Arte e Luoghi\" \/>\n<meta property=\"article:publisher\" content=\"https:\/\/www.facebook.com\/ArteELuoghi\/\" \/>\n<meta property=\"article:published_time\" content=\"2013-03-23T17:55:10+00:00\" \/>\n<meta property=\"og:image\" content=\"https:\/\/arteeluoghi.it\/images\/ANTHONY%20PEARSON%20%20.jpg\" \/>\n<meta name=\"twitter:card\" content=\"summary\" \/>\n<meta name=\"twitter:creator\" content=\"@arteeluoghi\" \/>\n<meta name=\"twitter:site\" content=\"@arteeluoghi\" \/>\n<meta name=\"twitter:label1\" content=\"Scritto da\" \/>\n\t<meta name=\"twitter:data1\" content=\"Staff\" \/>\n\t<meta name=\"twitter:label2\" content=\"Tempo di lettura stimato\" \/>\n\t<meta name=\"twitter:data2\" content=\"2 minuti\" \/>\n<script type=\"application\/ld+json\" class=\"yoast-schema-graph\">{\"@context\":\"https:\/\/schema.org\",\"@graph\":[{\"@type\":\"Organization\",\"@id\":\"https:\/\/arteeluoghi.it\/#organization\",\"name\":\"Arte e Luoghi\",\"url\":\"https:\/\/arteeluoghi.it\/\",\"sameAs\":[\"https:\/\/www.facebook.com\/ArteELuoghi\/\",\"https:\/\/www.instagram.com\/arteeluoghi\/?hl=it\",\"https:\/\/www.youtube.com\/channel\/UCuRVc4JW4-C5sg9rQB-srkw?view_as=subscriber\",\"https:\/\/twitter.com\/arteeluoghi\"],\"logo\":{\"@type\":\"ImageObject\",\"@id\":\"https:\/\/arteeluoghi.it\/#logo\",\"inLanguage\":\"it-IT\",\"url\":\"https:\/\/arteeluoghi.it\/wp-content\/uploads\/2018\/08\/logoinstagramarte.jpg\",\"contentUrl\":\"https:\/\/arteeluoghi.it\/wp-content\/uploads\/2018\/08\/logoinstagramarte.jpg\",\"width\":150,\"height\":150,\"caption\":\"Arte e Luoghi\"},\"image\":{\"@id\":\"https:\/\/arteeluoghi.it\/#logo\"}},{\"@type\":\"WebSite\",\"@id\":\"https:\/\/arteeluoghi.it\/#website\",\"url\":\"https:\/\/arteeluoghi.it\/\",\"name\":\"Arte e Luoghi\",\"description\":\"Mensile di arte, cultura, turismo e curiosit\u00e0\",\"publisher\":{\"@id\":\"https:\/\/arteeluoghi.it\/#organization\"},\"potentialAction\":[{\"@type\":\"SearchAction\",\"target\":{\"@type\":\"EntryPoint\",\"urlTemplate\":\"https:\/\/arteeluoghi.it\/?s={search_term_string}\"},\"query-input\":\"required name=search_term_string\"}],\"inLanguage\":\"it-IT\"},{\"@type\":\"ImageObject\",\"@id\":\"https:\/\/arteeluoghi.it\/index.php\/2013\/03\/23\/otto-artisti-alla-raucci-santamaria-di-napoli\/#primaryimage\",\"inLanguage\":\"it-IT\",\"url\":\"\/images\/ANTHONY%20PEARSON%20%20.jpg\",\"contentUrl\":\"\/images\/ANTHONY%20PEARSON%20%20.jpg\"},{\"@type\":\"WebPage\",\"@id\":\"https:\/\/arteeluoghi.it\/index.php\/2013\/03\/23\/otto-artisti-alla-raucci-santamaria-di-napoli\/#webpage\",\"url\":\"https:\/\/arteeluoghi.it\/index.php\/2013\/03\/23\/otto-artisti-alla-raucci-santamaria-di-napoli\/\",\"name\":\"Otto artisti alla Raucci Santamaria di Napoli | Arte e Luoghi\",\"isPartOf\":{\"@id\":\"https:\/\/arteeluoghi.it\/#website\"},\"primaryImageOfPage\":{\"@id\":\"https:\/\/arteeluoghi.it\/index.php\/2013\/03\/23\/otto-artisti-alla-raucci-santamaria-di-napoli\/#primaryimage\"},\"datePublished\":\"2013-03-23T17:55:10+00:00\",\"dateModified\":\"2013-03-23T17:55:10+00:00\",\"breadcrumb\":{\"@id\":\"https:\/\/arteeluoghi.it\/index.php\/2013\/03\/23\/otto-artisti-alla-raucci-santamaria-di-napoli\/#breadcrumb\"},\"inLanguage\":\"it-IT\",\"potentialAction\":[{\"@type\":\"ReadAction\",\"target\":[\"https:\/\/arteeluoghi.it\/index.php\/2013\/03\/23\/otto-artisti-alla-raucci-santamaria-di-napoli\/\"]}]},{\"@type\":\"BreadcrumbList\",\"@id\":\"https:\/\/arteeluoghi.it\/index.php\/2013\/03\/23\/otto-artisti-alla-raucci-santamaria-di-napoli\/#breadcrumb\",\"itemListElement\":[{\"@type\":\"ListItem\",\"position\":1,\"name\":\"Home\",\"item\":\"https:\/\/arteeluoghi.it\/\"},{\"@type\":\"ListItem\",\"position\":2,\"name\":\"Otto artisti alla Raucci Santamaria di Napoli\"}]},{\"@type\":\"Article\",\"@id\":\"https:\/\/arteeluoghi.it\/index.php\/2013\/03\/23\/otto-artisti-alla-raucci-santamaria-di-napoli\/#article\",\"isPartOf\":{\"@id\":\"https:\/\/arteeluoghi.it\/index.php\/2013\/03\/23\/otto-artisti-alla-raucci-santamaria-di-napoli\/#webpage\"},\"author\":{\"@id\":\"https:\/\/arteeluoghi.it\/#\/schema\/person\/f84e814e36e91e01448ee07eaadd41d4\"},\"headline\":\"Otto artisti alla Raucci Santamaria di Napoli\",\"datePublished\":\"2013-03-23T17:55:10+00:00\",\"dateModified\":\"2013-03-23T17:55:10+00:00\",\"mainEntityOfPage\":{\"@id\":\"https:\/\/arteeluoghi.it\/index.php\/2013\/03\/23\/otto-artisti-alla-raucci-santamaria-di-napoli\/#webpage\"},\"wordCount\":483,\"commentCount\":0,\"publisher\":{\"@id\":\"https:\/\/arteeluoghi.it\/#organization\"},\"image\":{\"@id\":\"https:\/\/arteeluoghi.it\/index.php\/2013\/03\/23\/otto-artisti-alla-raucci-santamaria-di-napoli\/#primaryimage\"},\"thumbnailUrl\":\"\/images\/ANTHONY%20PEARSON%20%20.jpg\",\"articleSection\":[\"Arte\"],\"inLanguage\":\"it-IT\",\"potentialAction\":[{\"@type\":\"CommentAction\",\"name\":\"Comment\",\"target\":[\"https:\/\/arteeluoghi.it\/index.php\/2013\/03\/23\/otto-artisti-alla-raucci-santamaria-di-napoli\/#respond\"]}]},{\"@type\":\"Person\",\"@id\":\"https:\/\/arteeluoghi.it\/#\/schema\/person\/f84e814e36e91e01448ee07eaadd41d4\",\"name\":\"Staff\",\"image\":{\"@type\":\"ImageObject\",\"@id\":\"https:\/\/arteeluoghi.it\/#personlogo\",\"inLanguage\":\"it-IT\",\"url\":\"https:\/\/secure.gravatar.com\/avatar\/49d2f9e46271bb04e19cebfaf141313a?s=96&d=blank&r=g\",\"contentUrl\":\"https:\/\/secure.gravatar.com\/avatar\/49d2f9e46271bb04e19cebfaf141313a?s=96&d=blank&r=g\",\"caption\":\"Staff\"}}]}<\/script>\n<!-- \/ Yoast SEO plugin. -->","yoast_head_json":{"title":"Otto artisti alla Raucci Santamaria di Napoli | Arte e Luoghi","robots":{"index":"index","follow":"follow","max-snippet":"max-snippet:-1","max-image-preview":"max-image-preview:large","max-video-preview":"max-video-preview:-1"},"canonical":"https:\/\/arteeluoghi.it\/index.php\/2013\/03\/23\/otto-artisti-alla-raucci-santamaria-di-napoli\/","og_locale":"it_IT","og_type":"article","og_title":"Otto artisti alla Raucci Santamaria di Napoli | Arte e Luoghi","og_description":"Colletiva d&#8217;arte, dal 29 Marzo al 3 Maggio 2013, negli spazi della GALLERIA RAUCCI\/SANTAMARIA\u00a0\u00a0\u00a0\u00a0\u00a0\u00a0\u00a0\u00a0\u00a0 Gallery A, Gallery B: \u201cFrom where","og_url":"https:\/\/arteeluoghi.it\/index.php\/2013\/03\/23\/otto-artisti-alla-raucci-santamaria-di-napoli\/","og_site_name":"Arte e Luoghi","article_publisher":"https:\/\/www.facebook.com\/ArteELuoghi\/","article_published_time":"2013-03-23T17:55:10+00:00","og_image":[{"url":"https:\/\/arteeluoghi.it\/images\/ANTHONY%20PEARSON%20%20.jpg"}],"twitter_card":"summary","twitter_creator":"@arteeluoghi","twitter_site":"@arteeluoghi","twitter_misc":{"Scritto da":"Staff","Tempo di lettura stimato":"2 minuti"},"schema":{"@context":"https:\/\/schema.org","@graph":[{"@type":"Organization","@id":"https:\/\/arteeluoghi.it\/#organization","name":"Arte e Luoghi","url":"https:\/\/arteeluoghi.it\/","sameAs":["https:\/\/www.facebook.com\/ArteELuoghi\/","https:\/\/www.instagram.com\/arteeluoghi\/?hl=it","https:\/\/www.youtube.com\/channel\/UCuRVc4JW4-C5sg9rQB-srkw?view_as=subscriber","https:\/\/twitter.com\/arteeluoghi"],"logo":{"@type":"ImageObject","@id":"https:\/\/arteeluoghi.it\/#logo","inLanguage":"it-IT","url":"https:\/\/arteeluoghi.it\/wp-content\/uploads\/2018\/08\/logoinstagramarte.jpg","contentUrl":"https:\/\/arteeluoghi.it\/wp-content\/uploads\/2018\/08\/logoinstagramarte.jpg","width":150,"height":150,"caption":"Arte e Luoghi"},"image":{"@id":"https:\/\/arteeluoghi.it\/#logo"}},{"@type":"WebSite","@id":"https:\/\/arteeluoghi.it\/#website","url":"https:\/\/arteeluoghi.it\/","name":"Arte e Luoghi","description":"Mensile di arte, cultura, turismo e curiosit\u00e0","publisher":{"@id":"https:\/\/arteeluoghi.it\/#organization"},"potentialAction":[{"@type":"SearchAction","target":{"@type":"EntryPoint","urlTemplate":"https:\/\/arteeluoghi.it\/?s={search_term_string}"},"query-input":"required name=search_term_string"}],"inLanguage":"it-IT"},{"@type":"ImageObject","@id":"https:\/\/arteeluoghi.it\/index.php\/2013\/03\/23\/otto-artisti-alla-raucci-santamaria-di-napoli\/#primaryimage","inLanguage":"it-IT","url":"\/images\/ANTHONY%20PEARSON%20%20.jpg","contentUrl":"\/images\/ANTHONY%20PEARSON%20%20.jpg"},{"@type":"WebPage","@id":"https:\/\/arteeluoghi.it\/index.php\/2013\/03\/23\/otto-artisti-alla-raucci-santamaria-di-napoli\/#webpage","url":"https:\/\/arteeluoghi.it\/index.php\/2013\/03\/23\/otto-artisti-alla-raucci-santamaria-di-napoli\/","name":"Otto artisti alla Raucci Santamaria di Napoli | Arte e Luoghi","isPartOf":{"@id":"https:\/\/arteeluoghi.it\/#website"},"primaryImageOfPage":{"@id":"https:\/\/arteeluoghi.it\/index.php\/2013\/03\/23\/otto-artisti-alla-raucci-santamaria-di-napoli\/#primaryimage"},"datePublished":"2013-03-23T17:55:10+00:00","dateModified":"2013-03-23T17:55:10+00:00","breadcrumb":{"@id":"https:\/\/arteeluoghi.it\/index.php\/2013\/03\/23\/otto-artisti-alla-raucci-santamaria-di-napoli\/#breadcrumb"},"inLanguage":"it-IT","potentialAction":[{"@type":"ReadAction","target":["https:\/\/arteeluoghi.it\/index.php\/2013\/03\/23\/otto-artisti-alla-raucci-santamaria-di-napoli\/"]}]},{"@type":"BreadcrumbList","@id":"https:\/\/arteeluoghi.it\/index.php\/2013\/03\/23\/otto-artisti-alla-raucci-santamaria-di-napoli\/#breadcrumb","itemListElement":[{"@type":"ListItem","position":1,"name":"Home","item":"https:\/\/arteeluoghi.it\/"},{"@type":"ListItem","position":2,"name":"Otto artisti alla Raucci Santamaria di Napoli"}]},{"@type":"Article","@id":"https:\/\/arteeluoghi.it\/index.php\/2013\/03\/23\/otto-artisti-alla-raucci-santamaria-di-napoli\/#article","isPartOf":{"@id":"https:\/\/arteeluoghi.it\/index.php\/2013\/03\/23\/otto-artisti-alla-raucci-santamaria-di-napoli\/#webpage"},"author":{"@id":"https:\/\/arteeluoghi.it\/#\/schema\/person\/f84e814e36e91e01448ee07eaadd41d4"},"headline":"Otto artisti alla Raucci Santamaria di Napoli","datePublished":"2013-03-23T17:55:10+00:00","dateModified":"2013-03-23T17:55:10+00:00","mainEntityOfPage":{"@id":"https:\/\/arteeluoghi.it\/index.php\/2013\/03\/23\/otto-artisti-alla-raucci-santamaria-di-napoli\/#webpage"},"wordCount":483,"commentCount":0,"publisher":{"@id":"https:\/\/arteeluoghi.it\/#organization"},"image":{"@id":"https:\/\/arteeluoghi.it\/index.php\/2013\/03\/23\/otto-artisti-alla-raucci-santamaria-di-napoli\/#primaryimage"},"thumbnailUrl":"\/images\/ANTHONY%20PEARSON%20%20.jpg","articleSection":["Arte"],"inLanguage":"it-IT","potentialAction":[{"@type":"CommentAction","name":"Comment","target":["https:\/\/arteeluoghi.it\/index.php\/2013\/03\/23\/otto-artisti-alla-raucci-santamaria-di-napoli\/#respond"]}]},{"@type":"Person","@id":"https:\/\/arteeluoghi.it\/#\/schema\/person\/f84e814e36e91e01448ee07eaadd41d4","name":"Staff","image":{"@type":"ImageObject","@id":"https:\/\/arteeluoghi.it\/#personlogo","inLanguage":"it-IT","url":"https:\/\/secure.gravatar.com\/avatar\/49d2f9e46271bb04e19cebfaf141313a?s=96&d=blank&r=g","contentUrl":"https:\/\/secure.gravatar.com\/avatar\/49d2f9e46271bb04e19cebfaf141313a?s=96&d=blank&r=g","caption":"Staff"}}]}},"_links":{"self":[{"href":"https:\/\/arteeluoghi.it\/index.php\/wp-json\/wp\/v2\/posts\/1105"}],"collection":[{"href":"https:\/\/arteeluoghi.it\/index.php\/wp-json\/wp\/v2\/posts"}],"about":[{"href":"https:\/\/arteeluoghi.it\/index.php\/wp-json\/wp\/v2\/types\/post"}],"author":[{"embeddable":true,"href":"https:\/\/arteeluoghi.it\/index.php\/wp-json\/wp\/v2\/users\/1"}],"replies":[{"embeddable":true,"href":"https:\/\/arteeluoghi.it\/index.php\/wp-json\/wp\/v2\/comments?post=1105"}],"version-history":[{"count":0,"href":"https:\/\/arteeluoghi.it\/index.php\/wp-json\/wp\/v2\/posts\/1105\/revisions"}],"wp:attachment":[{"href":"https:\/\/arteeluoghi.it\/index.php\/wp-json\/wp\/v2\/media?parent=1105"}],"wp:term":[{"taxonomy":"category","embeddable":true,"href":"https:\/\/arteeluoghi.it\/index.php\/wp-json\/wp\/v2\/categories?post=1105"},{"taxonomy":"post_tag","embeddable":true,"href":"https:\/\/arteeluoghi.it\/index.php\/wp-json\/wp\/v2\/tags?post=1105"}],"curies":[{"name":"wp","href":"https:\/\/api.w.org\/{rel}","templated":true}]}}