{"id":1106,"date":"2013-03-22T20:12:04","date_gmt":"2013-03-22T19:12:04","guid":{"rendered":"http:\/\/arteeluoghi.it\/index.php\/2013\/03\/22\/il-valore-delle-donne\/"},"modified":"2013-03-22T20:12:04","modified_gmt":"2013-03-22T19:12:04","slug":"il-valore-delle-donne","status":"publish","type":"post","link":"https:\/\/arteeluoghi.it\/index.php\/2013\/03\/22\/il-valore-delle-donne\/","title":{"rendered":"Il valore delle Donne"},"content":{"rendered":"<p><span class=\"testocs\"><span class=\"arial fs13\"><img src=\"\/images\/sedile.jpg\" border=\"0\" title=\"Il Sedile, Lecce, piazza Sant'Oronzo\" width=\"250\" style=\"margin: 21px; float: right; border: 1px solid black;\" \/>Moda, musica e danza nel cuore di Lecce sabato 23 marzo. Sul palco, nei pressi del Sedile, cinque donne straordinarie premiate da &#8220;Il Sallentino&#8221;<\/span><\/span><\/p>\n<p><span style=\"font-size: small;\"><strong><span class=\"testocs\"><span class=\"titolocom\">\u201c\u00c8 Donna\u201d Un Premio al valore delle Donne<\/span> <span class=\"arial gray sm\"><br \/><\/span><\/span><\/strong><\/span><\/p>\n<p><span class=\"testocs\">Il Prefetto di Lecce Giuliana Perrotta, il Sostituto Procuratore Elsa Valeria Mignone, la dott.ssa Assunta Tornesello direttore dell\u2019Unit\u00e0 Operativa di Oncoematologia Pediatrica dell&#8217;Ospedale \u201cV. Fazzi\u201d di Lecce, l\u2019avvocato Carmela Scippa, l\u2019Assessore regionale allo Sviluppo Loredana Capone. Cinque Donne straordinarie, accomunate dalla forte personalit\u00e0 e dal sensibile impegno civile, figure esemplari per \u201cil coraggio, la forza, il pathos che le donne mettono nelle cose che fanno\u201d. A loro \u201cper l\u2019alto valore sociale conseguito nella propria attivit\u00e0 e per il prezioso contributo alla crescita della comunit\u00e0\u201d andr\u00e0 il Premio \u201c\u00c8 Donna\u201d, emanazione de \u201cIl Sallentino\u201d, dedicato alle donne, non necessariamente famose, che si impegnano costantemente in ogni campo per la valorizzazione e lo sviluppo dei valori fondanti la nostra societ\u00e0. <\/span><\/p>\n<p><span class=\"testocs\"><br \/> Il conferimento dei premi avr\u00e0 luogo a Lecce, sabato 23 marzo 2013, nell\u2019ambito della kermesse che, nel solco degli eventi organizzati da \u201cIl Sallentino\u201d coniugher\u00e0 in una magnifica serata musica, danza, moda e animazione in attesa di vedere salire sul palco le Donne premiate in questa prima edizione. <\/span><\/p>\n<p>  <!--more-->  <\/p>\n<p><span class=\"testocs\"><br \/> L\u2019inizio dell\u2019evento, con ingresso libero, sar\u00e0 segnato dal ritorno della luce, alle ore 21,30 subito dopo la settima edizione de l\u2019Ora della Terra, il pi\u00f9 grande evento globale WWF che fa restare al buio per un\u2019ora piazze, monumenti, case e uffici per testimoniare l&#8217;impegno nella lotta al cambiamento climatico. Con il ritorno della luce, i riflettori per\u00f2 saranno tutti puntati su piazza Sant\u2019Oronzo nei pressi del Sedile, dove sar\u00e0 allestito il palco del Premio \u00c8 Donna\u201d, organizzato dal Centro di Cultura \u201cIl Sallentino\u201d, in collaborazione con \u201dRadio Queen Media Leader Communications\u201d, Citt\u00e0 di Lecce e Universit\u00e0 del Salento.<\/span><\/p>\n<p>\u00a0<\/p>\n<p><strong>Breve profilo delle Donne premiate<\/strong><\/p>\n<p>Giuliana Perrotta, sposata e madre di due figli, \u00e8 nata a Campobasso. Ha conseguito la Laurea in giurisprudenza all&#8217;universit\u00e0 \u00abLa Sapienza\u00bb di Roma con il massimo dei voti. Si \u00e8 formata alla Scuola superiore della pubblica amministrazione della Presidenza del consiglio facendo ingresso nel 1981 nel Ministero dell\u2019interno maturando innumerevoli esperienze sia a Roma sia in varie prefetture tra cui Cosenza, Caserta e Bari. Il 25 luglio 2008 \u00e8 stata nominata prefetto di Enna con delibera del Consiglio dei Ministri. Dall\u2019agosto 2011 \u00e8 il Prefetto di Lecce.<\/p>\n<p><span class=\"testocs\"> Elsa Valeria Mignone. Prima donna Sostituto Procuratore (insieme alla collega Annarita Pasca) nella sua quotidianit\u00e0 professionale ha sempre profuso impegno massimo e grande rigore e non ha rinunciato alle dimensioni della maternit\u00e0 e della famiglia. \u00c8 docente presso l\u2019Universit\u00e0 del Salento di materie Per 12 anni si \u00e8 occupata di reati ambientali nel Salento, pubblico ministero nei processi pi\u00f9 importanti della Procura \u00e8 Sostituto Procuratore della Repubblica e componente della Direzione Distrettuale Antimafia DDA di Lecce.<\/p>\n<p> Assunta Tornesello Ricercatrice dell&#8217;Universit\u00e0 Cattolica del Sacro Cuore \u2013 Policlinico \u201cGemelli\u201d di Roma \u00e8 direttore dell\u2019Unit\u00e0 Operativa di Oncoematologia Pediatrica dell&#8217;Ospedale \u201cV. Fazzi\u201d di Lecce, una struttura d\u2019eccellenza nella cura dei bambini affetti da tumore. Il reparto, infatti, \u00e8 stato attrezzato dall&#8217;Associazione \u201cPer un sorriso in pi\u00f9\u201d con macchinari, camere a bassa carica microbica, arredi e giochi, seguendo i criteri pi\u00f9 moderni dell&#8217;accoglienza, dell&#8217;ambiente a misura di bambino e della necessit\u00e0 dell&#8217;isolamento in particolari condizioni cliniche. Tra l\u2019altro, \u00e8 tra gli associati della onlus \u201cTria Corda\u201d, associazione impegnata nel progetto di realizzazione di un nosocomio pediatrico un luogo per la cura dei bambini, ma capace di fare concorrenza, in tutti i sensi, ai migliori ospedali specialistici nazionali ed internazionali con l\u2019obiettivo, anche, di bloccare il triste e sempre pi\u00f9 consistente fenomeno dei viaggi della speranza. Nel 2012 le \u00e8 stato conferito il Premio \u201cUmanizzazione Buone pratiche in Sanit\u00e0\u201d per le sue straordinarie doti umane e professionali da molti anni rappresenta un punto di riferimento per la cura dei bambini e degli adolescenti affetti da patologie Oncoematologiche, non solo salentini ma anche provenienti da altre Regioni e dai Paesi dell\u2019Est Europa.<\/p>\n<p> Avvocato di professione, imprenditrice dell\u2019Azienda Vinicola Scippa Stefanizzo, Carmela Scippa \u00e8 particolarmente attiva e impegnata nel sociale. \u00e8 presidente dell\u2019associazione onlus \u201cUn sorriso per Francesco\u201d, nata in ricordo del figlio Francesco Stefanizzo un giovane dal sorriso dolce, che sognava di diventare medico per aiutare e guarire gli altri ma una terribile malattia glielo ha impedito. La sua famiglia per\u00f2 ha voluto, in qualche modo, far vivere il sogno di Francesco e portare aiuto e sorriso dove c\u2019\u00e8 dolore e sofferenza, cos\u00ec \u00e8 nata la onlus che si occupa di prevenzione e soprattutto di aiuti umanitari, partendo da una delle zone pi\u00f9 povere dell\u2019Africa, la Tanzania, dove l\u2019associazione continua ad aiutare l\u2019Orfanotrofio la \u201cCasa dei bambini\u201d di Kigoma. Carmela Scippa \u00e8 inoltre vicepresidente dell\u2019associazione onlus \u201cTria Corda\u201d impegnata nel progetto di realizzazione di un nosocomio pediatrico.<\/p>\n<p> Attualmente Assessore regionale allo Sviluppo della Regione Puglia Loredana Capone \u00e8 sposata e mamma di quattro figlie. Ha conseguito la Laurea in Giurisprudenza a Bari con il massimo dei voti. Subito dopo la pratica, apre lo studio di avvocato amministrativista. Nel 1992 riceve la \u201cToga d\u2019onore\u201d, e nel 1994 la nomina a Magistrato Onorario presso la Pretura Circondariale di Lecce \u2013 sezione staccata di Nard\u00f2.<br \/> Unisce all\u2019impegno professionale, la passione per la politica, con una attenzione particolare per le donne.<br \/> Il primo importante incarico politico \u00e8 al Comune di Lecce nella Giunta guidata dal Sindaco Stefano Salvemini. Nel 1995, a 31 anni, viene nominata \u201cassessore tecnico\u201d con delega all\u2019Ambiente e poi, nel 1996, con delega all\u2019Urbanistica, ai Contratti e alle Pari Opportunit\u00e0. Energica e concreta, le piace dare forma alle idee, in tempi brevi e con risultati che si possono &#8220;toccare&#8221;. Crede nell&#8217;importanza dell&#8217;ascolto e, per questo, le piace stare tra le persone, incontrarle, sentirsi, tra i cittadini, &#8220;una di loro&#8221;.<\/span><\/p>\n","protected":false},"excerpt":{"rendered":"<p>Moda, musica e danza nel cuore di Lecce sabato 23 marzo. Sul palco, nei pressi del Sedile, cinque donne straordinarie<\/p>\n","protected":false},"author":1,"featured_media":0,"comment_status":"open","ping_status":"open","sticky":false,"template":"","format":"standard","meta":[],"categories":[28],"tags":[],"yoast_head":"<!-- This site is optimized with the Yoast SEO plugin v18.0 - https:\/\/yoast.com\/wordpress\/plugins\/seo\/ -->\n<title>Il valore delle Donne | Arte e Luoghi<\/title>\n<meta name=\"robots\" content=\"index, follow, max-snippet:-1, max-image-preview:large, max-video-preview:-1\" \/>\n<link rel=\"canonical\" href=\"https:\/\/arteeluoghi.it\/index.php\/2013\/03\/22\/il-valore-delle-donne\/\" \/>\n<meta property=\"og:locale\" content=\"it_IT\" \/>\n<meta property=\"og:type\" content=\"article\" \/>\n<meta property=\"og:title\" content=\"Il valore delle Donne | Arte e Luoghi\" \/>\n<meta property=\"og:description\" content=\"Moda, musica e danza nel cuore di Lecce sabato 23 marzo. Sul palco, nei pressi del Sedile, cinque donne straordinarie\" \/>\n<meta property=\"og:url\" content=\"https:\/\/arteeluoghi.it\/index.php\/2013\/03\/22\/il-valore-delle-donne\/\" \/>\n<meta property=\"og:site_name\" content=\"Arte e Luoghi\" \/>\n<meta property=\"article:publisher\" content=\"https:\/\/www.facebook.com\/ArteELuoghi\/\" \/>\n<meta property=\"article:published_time\" content=\"2013-03-22T19:12:04+00:00\" \/>\n<meta property=\"og:image\" content=\"https:\/\/arteeluoghi.it\/images\/sedile.jpg\" \/>\n<meta name=\"twitter:card\" content=\"summary\" \/>\n<meta name=\"twitter:creator\" content=\"@arteeluoghi\" \/>\n<meta name=\"twitter:site\" content=\"@arteeluoghi\" \/>\n<meta name=\"twitter:label1\" content=\"Scritto da\" \/>\n\t<meta name=\"twitter:data1\" content=\"Staff\" \/>\n\t<meta name=\"twitter:label2\" content=\"Tempo di lettura stimato\" \/>\n\t<meta name=\"twitter:data2\" content=\"5 minuti\" \/>\n<script type=\"application\/ld+json\" class=\"yoast-schema-graph\">{\"@context\":\"https:\/\/schema.org\",\"@graph\":[{\"@type\":\"Organization\",\"@id\":\"https:\/\/arteeluoghi.it\/#organization\",\"name\":\"Arte e Luoghi\",\"url\":\"https:\/\/arteeluoghi.it\/\",\"sameAs\":[\"https:\/\/www.facebook.com\/ArteELuoghi\/\",\"https:\/\/www.instagram.com\/arteeluoghi\/?hl=it\",\"https:\/\/www.youtube.com\/channel\/UCuRVc4JW4-C5sg9rQB-srkw?view_as=subscriber\",\"https:\/\/twitter.com\/arteeluoghi\"],\"logo\":{\"@type\":\"ImageObject\",\"@id\":\"https:\/\/arteeluoghi.it\/#logo\",\"inLanguage\":\"it-IT\",\"url\":\"https:\/\/arteeluoghi.it\/wp-content\/uploads\/2018\/08\/logoinstagramarte.jpg\",\"contentUrl\":\"https:\/\/arteeluoghi.it\/wp-content\/uploads\/2018\/08\/logoinstagramarte.jpg\",\"width\":150,\"height\":150,\"caption\":\"Arte e Luoghi\"},\"image\":{\"@id\":\"https:\/\/arteeluoghi.it\/#logo\"}},{\"@type\":\"WebSite\",\"@id\":\"https:\/\/arteeluoghi.it\/#website\",\"url\":\"https:\/\/arteeluoghi.it\/\",\"name\":\"Arte e Luoghi\",\"description\":\"Mensile di arte, cultura, turismo e curiosit\u00e0\",\"publisher\":{\"@id\":\"https:\/\/arteeluoghi.it\/#organization\"},\"potentialAction\":[{\"@type\":\"SearchAction\",\"target\":{\"@type\":\"EntryPoint\",\"urlTemplate\":\"https:\/\/arteeluoghi.it\/?s={search_term_string}\"},\"query-input\":\"required name=search_term_string\"}],\"inLanguage\":\"it-IT\"},{\"@type\":\"ImageObject\",\"@id\":\"https:\/\/arteeluoghi.it\/index.php\/2013\/03\/22\/il-valore-delle-donne\/#primaryimage\",\"inLanguage\":\"it-IT\",\"url\":\"\/images\/sedile.jpg\",\"contentUrl\":\"\/images\/sedile.jpg\"},{\"@type\":\"WebPage\",\"@id\":\"https:\/\/arteeluoghi.it\/index.php\/2013\/03\/22\/il-valore-delle-donne\/#webpage\",\"url\":\"https:\/\/arteeluoghi.it\/index.php\/2013\/03\/22\/il-valore-delle-donne\/\",\"name\":\"Il valore delle Donne | Arte e Luoghi\",\"isPartOf\":{\"@id\":\"https:\/\/arteeluoghi.it\/#website\"},\"primaryImageOfPage\":{\"@id\":\"https:\/\/arteeluoghi.it\/index.php\/2013\/03\/22\/il-valore-delle-donne\/#primaryimage\"},\"datePublished\":\"2013-03-22T19:12:04+00:00\",\"dateModified\":\"2013-03-22T19:12:04+00:00\",\"breadcrumb\":{\"@id\":\"https:\/\/arteeluoghi.it\/index.php\/2013\/03\/22\/il-valore-delle-donne\/#breadcrumb\"},\"inLanguage\":\"it-IT\",\"potentialAction\":[{\"@type\":\"ReadAction\",\"target\":[\"https:\/\/arteeluoghi.it\/index.php\/2013\/03\/22\/il-valore-delle-donne\/\"]}]},{\"@type\":\"BreadcrumbList\",\"@id\":\"https:\/\/arteeluoghi.it\/index.php\/2013\/03\/22\/il-valore-delle-donne\/#breadcrumb\",\"itemListElement\":[{\"@type\":\"ListItem\",\"position\":1,\"name\":\"Home\",\"item\":\"https:\/\/arteeluoghi.it\/\"},{\"@type\":\"ListItem\",\"position\":2,\"name\":\"Il valore delle Donne\"}]},{\"@type\":\"Article\",\"@id\":\"https:\/\/arteeluoghi.it\/index.php\/2013\/03\/22\/il-valore-delle-donne\/#article\",\"isPartOf\":{\"@id\":\"https:\/\/arteeluoghi.it\/index.php\/2013\/03\/22\/il-valore-delle-donne\/#webpage\"},\"author\":{\"@id\":\"https:\/\/arteeluoghi.it\/#\/schema\/person\/f84e814e36e91e01448ee07eaadd41d4\"},\"headline\":\"Il valore delle Donne\",\"datePublished\":\"2013-03-22T19:12:04+00:00\",\"dateModified\":\"2013-03-22T19:12:04+00:00\",\"mainEntityOfPage\":{\"@id\":\"https:\/\/arteeluoghi.it\/index.php\/2013\/03\/22\/il-valore-delle-donne\/#webpage\"},\"wordCount\":946,\"commentCount\":0,\"publisher\":{\"@id\":\"https:\/\/arteeluoghi.it\/#organization\"},\"image\":{\"@id\":\"https:\/\/arteeluoghi.it\/index.php\/2013\/03\/22\/il-valore-delle-donne\/#primaryimage\"},\"thumbnailUrl\":\"\/images\/sedile.jpg\",\"articleSection\":[\"Notizie\"],\"inLanguage\":\"it-IT\",\"potentialAction\":[{\"@type\":\"CommentAction\",\"name\":\"Comment\",\"target\":[\"https:\/\/arteeluoghi.it\/index.php\/2013\/03\/22\/il-valore-delle-donne\/#respond\"]}]},{\"@type\":\"Person\",\"@id\":\"https:\/\/arteeluoghi.it\/#\/schema\/person\/f84e814e36e91e01448ee07eaadd41d4\",\"name\":\"Staff\",\"image\":{\"@type\":\"ImageObject\",\"@id\":\"https:\/\/arteeluoghi.it\/#personlogo\",\"inLanguage\":\"it-IT\",\"url\":\"https:\/\/secure.gravatar.com\/avatar\/49d2f9e46271bb04e19cebfaf141313a?s=96&d=blank&r=g\",\"contentUrl\":\"https:\/\/secure.gravatar.com\/avatar\/49d2f9e46271bb04e19cebfaf141313a?s=96&d=blank&r=g\",\"caption\":\"Staff\"}}]}<\/script>\n<!-- \/ Yoast SEO plugin. -->","yoast_head_json":{"title":"Il valore delle Donne | Arte e Luoghi","robots":{"index":"index","follow":"follow","max-snippet":"max-snippet:-1","max-image-preview":"max-image-preview:large","max-video-preview":"max-video-preview:-1"},"canonical":"https:\/\/arteeluoghi.it\/index.php\/2013\/03\/22\/il-valore-delle-donne\/","og_locale":"it_IT","og_type":"article","og_title":"Il valore delle Donne | Arte e Luoghi","og_description":"Moda, musica e danza nel cuore di Lecce sabato 23 marzo. Sul palco, nei pressi del Sedile, cinque donne straordinarie","og_url":"https:\/\/arteeluoghi.it\/index.php\/2013\/03\/22\/il-valore-delle-donne\/","og_site_name":"Arte e Luoghi","article_publisher":"https:\/\/www.facebook.com\/ArteELuoghi\/","article_published_time":"2013-03-22T19:12:04+00:00","og_image":[{"url":"https:\/\/arteeluoghi.it\/images\/sedile.jpg"}],"twitter_card":"summary","twitter_creator":"@arteeluoghi","twitter_site":"@arteeluoghi","twitter_misc":{"Scritto da":"Staff","Tempo di lettura stimato":"5 minuti"},"schema":{"@context":"https:\/\/schema.org","@graph":[{"@type":"Organization","@id":"https:\/\/arteeluoghi.it\/#organization","name":"Arte e Luoghi","url":"https:\/\/arteeluoghi.it\/","sameAs":["https:\/\/www.facebook.com\/ArteELuoghi\/","https:\/\/www.instagram.com\/arteeluoghi\/?hl=it","https:\/\/www.youtube.com\/channel\/UCuRVc4JW4-C5sg9rQB-srkw?view_as=subscriber","https:\/\/twitter.com\/arteeluoghi"],"logo":{"@type":"ImageObject","@id":"https:\/\/arteeluoghi.it\/#logo","inLanguage":"it-IT","url":"https:\/\/arteeluoghi.it\/wp-content\/uploads\/2018\/08\/logoinstagramarte.jpg","contentUrl":"https:\/\/arteeluoghi.it\/wp-content\/uploads\/2018\/08\/logoinstagramarte.jpg","width":150,"height":150,"caption":"Arte e Luoghi"},"image":{"@id":"https:\/\/arteeluoghi.it\/#logo"}},{"@type":"WebSite","@id":"https:\/\/arteeluoghi.it\/#website","url":"https:\/\/arteeluoghi.it\/","name":"Arte e Luoghi","description":"Mensile di arte, cultura, turismo e curiosit\u00e0","publisher":{"@id":"https:\/\/arteeluoghi.it\/#organization"},"potentialAction":[{"@type":"SearchAction","target":{"@type":"EntryPoint","urlTemplate":"https:\/\/arteeluoghi.it\/?s={search_term_string}"},"query-input":"required name=search_term_string"}],"inLanguage":"it-IT"},{"@type":"ImageObject","@id":"https:\/\/arteeluoghi.it\/index.php\/2013\/03\/22\/il-valore-delle-donne\/#primaryimage","inLanguage":"it-IT","url":"\/images\/sedile.jpg","contentUrl":"\/images\/sedile.jpg"},{"@type":"WebPage","@id":"https:\/\/arteeluoghi.it\/index.php\/2013\/03\/22\/il-valore-delle-donne\/#webpage","url":"https:\/\/arteeluoghi.it\/index.php\/2013\/03\/22\/il-valore-delle-donne\/","name":"Il valore delle Donne | Arte e Luoghi","isPartOf":{"@id":"https:\/\/arteeluoghi.it\/#website"},"primaryImageOfPage":{"@id":"https:\/\/arteeluoghi.it\/index.php\/2013\/03\/22\/il-valore-delle-donne\/#primaryimage"},"datePublished":"2013-03-22T19:12:04+00:00","dateModified":"2013-03-22T19:12:04+00:00","breadcrumb":{"@id":"https:\/\/arteeluoghi.it\/index.php\/2013\/03\/22\/il-valore-delle-donne\/#breadcrumb"},"inLanguage":"it-IT","potentialAction":[{"@type":"ReadAction","target":["https:\/\/arteeluoghi.it\/index.php\/2013\/03\/22\/il-valore-delle-donne\/"]}]},{"@type":"BreadcrumbList","@id":"https:\/\/arteeluoghi.it\/index.php\/2013\/03\/22\/il-valore-delle-donne\/#breadcrumb","itemListElement":[{"@type":"ListItem","position":1,"name":"Home","item":"https:\/\/arteeluoghi.it\/"},{"@type":"ListItem","position":2,"name":"Il valore delle Donne"}]},{"@type":"Article","@id":"https:\/\/arteeluoghi.it\/index.php\/2013\/03\/22\/il-valore-delle-donne\/#article","isPartOf":{"@id":"https:\/\/arteeluoghi.it\/index.php\/2013\/03\/22\/il-valore-delle-donne\/#webpage"},"author":{"@id":"https:\/\/arteeluoghi.it\/#\/schema\/person\/f84e814e36e91e01448ee07eaadd41d4"},"headline":"Il valore delle Donne","datePublished":"2013-03-22T19:12:04+00:00","dateModified":"2013-03-22T19:12:04+00:00","mainEntityOfPage":{"@id":"https:\/\/arteeluoghi.it\/index.php\/2013\/03\/22\/il-valore-delle-donne\/#webpage"},"wordCount":946,"commentCount":0,"publisher":{"@id":"https:\/\/arteeluoghi.it\/#organization"},"image":{"@id":"https:\/\/arteeluoghi.it\/index.php\/2013\/03\/22\/il-valore-delle-donne\/#primaryimage"},"thumbnailUrl":"\/images\/sedile.jpg","articleSection":["Notizie"],"inLanguage":"it-IT","potentialAction":[{"@type":"CommentAction","name":"Comment","target":["https:\/\/arteeluoghi.it\/index.php\/2013\/03\/22\/il-valore-delle-donne\/#respond"]}]},{"@type":"Person","@id":"https:\/\/arteeluoghi.it\/#\/schema\/person\/f84e814e36e91e01448ee07eaadd41d4","name":"Staff","image":{"@type":"ImageObject","@id":"https:\/\/arteeluoghi.it\/#personlogo","inLanguage":"it-IT","url":"https:\/\/secure.gravatar.com\/avatar\/49d2f9e46271bb04e19cebfaf141313a?s=96&d=blank&r=g","contentUrl":"https:\/\/secure.gravatar.com\/avatar\/49d2f9e46271bb04e19cebfaf141313a?s=96&d=blank&r=g","caption":"Staff"}}]}},"_links":{"self":[{"href":"https:\/\/arteeluoghi.it\/index.php\/wp-json\/wp\/v2\/posts\/1106"}],"collection":[{"href":"https:\/\/arteeluoghi.it\/index.php\/wp-json\/wp\/v2\/posts"}],"about":[{"href":"https:\/\/arteeluoghi.it\/index.php\/wp-json\/wp\/v2\/types\/post"}],"author":[{"embeddable":true,"href":"https:\/\/arteeluoghi.it\/index.php\/wp-json\/wp\/v2\/users\/1"}],"replies":[{"embeddable":true,"href":"https:\/\/arteeluoghi.it\/index.php\/wp-json\/wp\/v2\/comments?post=1106"}],"version-history":[{"count":0,"href":"https:\/\/arteeluoghi.it\/index.php\/wp-json\/wp\/v2\/posts\/1106\/revisions"}],"wp:attachment":[{"href":"https:\/\/arteeluoghi.it\/index.php\/wp-json\/wp\/v2\/media?parent=1106"}],"wp:term":[{"taxonomy":"category","embeddable":true,"href":"https:\/\/arteeluoghi.it\/index.php\/wp-json\/wp\/v2\/categories?post=1106"},{"taxonomy":"post_tag","embeddable":true,"href":"https:\/\/arteeluoghi.it\/index.php\/wp-json\/wp\/v2\/tags?post=1106"}],"curies":[{"name":"wp","href":"https:\/\/api.w.org\/{rel}","templated":true}]}}