{"id":11118,"date":"2022-04-25T23:12:31","date_gmt":"2022-04-25T21:12:31","guid":{"rendered":"https:\/\/arteeluoghi.it\/?p=11118"},"modified":"2022-04-25T23:12:36","modified_gmt":"2022-04-25T21:12:36","slug":"le-giornate-del-cinema-europeo-per-il-premio-lux-del-pubblico","status":"publish","type":"post","link":"https:\/\/arteeluoghi.it\/index.php\/2022\/04\/25\/le-giornate-del-cinema-europeo-per-il-premio-lux-del-pubblico\/","title":{"rendered":"Le giornate del Cinema europeo per il Premio Lux del Pubblico"},"content":{"rendered":"\n<blockquote class=\"wp-block-quote\"><p>Al Multisala Massimo di Lecce tre appuntamenti con il cinema d\u2019autore per votare i tre finalisti<\/p><\/blockquote>\n\n\n\n<p>LECCE. Con Aprile tornano le \u201cGiornate del Cinema Europeo\u201d, evento di anticipazione della XXIII edizione del Festival del Cinema Europeo, che si svolger\u00e0 a Lecce nel prossimo autunno, realizzato in collaborazione con il Parlamento Europeo.<\/p>\n\n\n\n<!--more-->\n\n\n\n<p><\/p>\n\n\n\n<p><br>\u00abCon questo appuntamento &#8211; spiega il direttore artistico Alberto Lamonica &#8211; il Festival del Cinema Europeo rinnova il suo impegno alla diffusione del cinema europeo ed alla formazione del pubblico, favorendo percorsi di approfondimento con una partecipazione attiva. L\u2019evento, infatti, prevede la presentazione dei tre film finalisti concorrenti al Premio Lux del Pubblico 2022, riconoscimento istituito dal Parlamento Europeo per promuovere il cinema europeo e per rafforzare i legami tra la politica e i cittadini, invitando gli spettatori europei a diventare protagonisti attivi votando i loro film preferiti.<\/p>\n\n\n\n<figure class=\"wp-block-gallery columns-2 is-cropped\"><ul class=\"blocks-gallery-grid\"><li class=\"blocks-gallery-item\"><figure><img loading=\"lazy\" width=\"1024\" height=\"553\" src=\"https:\/\/arteeluoghi.it\/wp-content\/uploads\/2022\/04\/GREAT-FREEDOM-1024x553.jpg\" alt=\"\" data-id=\"11120\" data-link=\"https:\/\/arteeluoghi.it\/?attachment_id=11120\" class=\"wp-image-11120\" srcset=\"https:\/\/arteeluoghi.it\/wp-content\/uploads\/2022\/04\/GREAT-FREEDOM-1024x553.jpg 1024w, https:\/\/arteeluoghi.it\/wp-content\/uploads\/2022\/04\/GREAT-FREEDOM-300x162.jpg 300w, https:\/\/arteeluoghi.it\/wp-content\/uploads\/2022\/04\/GREAT-FREEDOM-768x415.jpg 768w, https:\/\/arteeluoghi.it\/wp-content\/uploads\/2022\/04\/GREAT-FREEDOM-1536x830.jpg 1536w, https:\/\/arteeluoghi.it\/wp-content\/uploads\/2022\/04\/GREAT-FREEDOM.jpg 2000w\" sizes=\"(max-width: 1024px) 100vw, 1024px\" \/><\/figure><\/li><li class=\"blocks-gallery-item\"><figure><img loading=\"lazy\" width=\"1024\" height=\"554\" src=\"https:\/\/arteeluoghi.it\/wp-content\/uploads\/2022\/04\/Quo-Vadis-Aida-1024x554.jpg\" alt=\"\" data-id=\"11121\" data-full-url=\"https:\/\/arteeluoghi.it\/wp-content\/uploads\/2022\/04\/Quo-Vadis-Aida.jpg\" data-link=\"https:\/\/arteeluoghi.it\/?attachment_id=11121\" class=\"wp-image-11121\" srcset=\"https:\/\/arteeluoghi.it\/wp-content\/uploads\/2022\/04\/Quo-Vadis-Aida-1024x554.jpg 1024w, https:\/\/arteeluoghi.it\/wp-content\/uploads\/2022\/04\/Quo-Vadis-Aida-300x162.jpg 300w, https:\/\/arteeluoghi.it\/wp-content\/uploads\/2022\/04\/Quo-Vadis-Aida-768x415.jpg 768w, https:\/\/arteeluoghi.it\/wp-content\/uploads\/2022\/04\/Quo-Vadis-Aida-1536x830.jpg 1536w, https:\/\/arteeluoghi.it\/wp-content\/uploads\/2022\/04\/Quo-Vadis-Aida-2048x1107.jpg 2048w\" sizes=\"(max-width: 1024px) 100vw, 1024px\" \/><\/figure><\/li><\/ul><\/figure>\n\n\n\n<p><br>Le giornate in programma sono complessivamente 8 (5 dedicate esclusivamente alle scuole del territorio e 3 aperte al pubblico) e prevedono la presentazione, la proiezione ed il dibattito finale di approfondimento dei tre film finalisti della seconda edizione del Premio Lux del Pubblico, annunciati durante la cerimonia tenutasi l\u201911 dicembre scorso a Berlino: \u201cQuo Vadis, Aida?\u201d di Jasmila \u017dbani\u0107, \u201cGreat Freedom\u201d di Sebastian Meise, \u201cFlee\u201d di Jonas Poher Rasmussen.<br>Le pellicole selezionate sono ispirate a eventi reali, parlano di vulnerabilit\u00e0 e divisioni, ma anche del potere curativo della tolleranza e della compassione.<br>Di seguito gli appuntamenti per il pubblico leccese che si svolgeranno presso la Sala 2 del Multisala Massimo, con un biglietto di ingresso di 3 euro.<br>Si parte mercoled\u00ec 27 aprile ore 20:30 con la proiezione di \u201cQuo Vadis, Aida?\u201d di Jasmila \u017dbani\u0107 .La protagonista \u00e8 Aida, una traduttrice delle forze di pace, arrivate nell\u2019estate 1995 a Srebrenica. La sua famiglia \u00e8 tra le centinaia di civili in cerca di un rifugio nel campo delle Nazioni Unite. Aida scopre che un terribile destino attende la sua famiglia e il suo popolo, ma potr\u00e0 fare qualcosa per fermarlo?<br>Mercoled\u00ec 4 maggio sar\u00e0 la volta di \u201cGreat Freedom\u201d di Sebastian Meise il racconto, ambientato nella Germania del dopoguerra, delle vicende di Hans imprigionato pi\u00f9 volte per la sua omosessualit\u00e0. Il protagonista viene sistematicamente privato della propria libert\u00e0, per aver infranto l\u2019articolo 175 del Codice penale tedesco. L\u2019unica costante nella sua vita diventa Viktor, il suo compagno di lunga data in cella, un assassino condannato per omicidio.<br>Mercoled\u00ec 11 maggio si potr\u00e0 assistere alla proiezione di \u201c Flee\u201d di Jonas Poher Rasmussen. La storia \u00e8 quella di Amin, bambino rifugiato afgano, che arriva in Danimarca da solo. Nel film, il protagonista prova a fare pace col suo passato, ma anche con se stesso e con i segreti che ha dovuto continuare a nascondere.<br>\u00abIl pubblico che seguir\u00e0 le \u201cGiornate del Cinema Europeo\u201d potr\u00e0 contribuire alla scelta del film vincitore, partecipando alla pi\u00f9 grande Giuria d\u2019Europa, esprimendo il proprio giudizio sulla piattaforma di voto https:\/\/luxaward.eu\/it#voting fino al 25 maggio 2022 con la possibilit\u00e0 di vincere il biglietto per la Cerimonia del Premio LUX del pubblico che si terr\u00e0 l&#8217;8 giugno 2022 presso il Parlamento Europeo a Strasburgo\u00bb.- spiega lo stesso La Monica.<br>Il nuovo premio nato dalla sinergia fra il precedente Premio LUX (istituito nel 2007 come simbolo dell&#8217;impegno del Parlamento europeo a favore della cultura) ed il People&#8217;s Choice Award (il premio della European Film Academy assegnato dagli spettatori) continuer\u00e0 a creare ponti culturali in tutta Europa, mettendo in risalto le pellicole che si collocano al centro del dibattito pubblico europeo. Un cenno a parte meritano i 5 appuntamenti dedicati agli studenti delle scuole superiori (IIS Oriani-Tandoi, IISS Federico II Stupor Mundi e ITET Tannoia di Corato, Liceo Tedone e ITET Tannoia di Ruvo di Puglia) che saranno in grado di arricchire il programma di studi dal punto di vista storico-sociale e artistico-culturale e di animare un proficuo dibattito sulle tematiche attuali, portando il cinema direttamente nelle scuole.<\/p>\n","protected":false},"excerpt":{"rendered":"<p>Al Multisala Massimo di Lecce tre appuntamenti con il cinema d\u2019autore per votare i tre finalisti LECCE. Con Aprile tornano<\/p>\n","protected":false},"author":1,"featured_media":11119,"comment_status":"open","ping_status":"open","sticky":true,"template":"","format":"standard","meta":[],"categories":[29],"tags":[970,389,988,134],"yoast_head":"<!-- This site is optimized with the Yoast SEO plugin v18.0 - https:\/\/yoast.com\/wordpress\/plugins\/seo\/ -->\n<title>Le giornate del Cinema europeo per il Premio Lux del Pubblico | Arte e Luoghi<\/title>\n<meta name=\"robots\" content=\"index, follow, max-snippet:-1, max-image-preview:large, max-video-preview:-1\" \/>\n<link rel=\"canonical\" href=\"https:\/\/arteeluoghi.it\/index.php\/2022\/04\/25\/le-giornate-del-cinema-europeo-per-il-premio-lux-del-pubblico\/\" \/>\n<meta property=\"og:locale\" content=\"it_IT\" \/>\n<meta property=\"og:type\" content=\"article\" \/>\n<meta property=\"og:title\" content=\"Le giornate del Cinema europeo per il Premio Lux del Pubblico | Arte e Luoghi\" \/>\n<meta property=\"og:description\" content=\"Al Multisala Massimo di Lecce tre appuntamenti con il cinema d\u2019autore per votare i tre finalisti LECCE. Con Aprile tornano\" \/>\n<meta property=\"og:url\" content=\"https:\/\/arteeluoghi.it\/index.php\/2022\/04\/25\/le-giornate-del-cinema-europeo-per-il-premio-lux-del-pubblico\/\" \/>\n<meta property=\"og:site_name\" content=\"Arte e Luoghi\" \/>\n<meta property=\"article:publisher\" content=\"https:\/\/www.facebook.com\/ArteELuoghi\/\" \/>\n<meta property=\"article:published_time\" content=\"2022-04-25T21:12:31+00:00\" \/>\n<meta property=\"article:modified_time\" content=\"2022-04-25T21:12:36+00:00\" \/>\n<meta property=\"og:image\" content=\"https:\/\/arteeluoghi.it\/wp-content\/uploads\/2022\/04\/FLEE.jpg\" \/>\n\t<meta property=\"og:image:width\" content=\"2360\" \/>\n\t<meta property=\"og:image:height\" content=\"1375\" \/>\n\t<meta property=\"og:image:type\" content=\"image\/jpeg\" \/>\n<meta name=\"twitter:card\" content=\"summary\" \/>\n<meta name=\"twitter:creator\" content=\"@arteeluoghi\" \/>\n<meta name=\"twitter:site\" content=\"@arteeluoghi\" \/>\n<meta name=\"twitter:label1\" content=\"Scritto da\" \/>\n\t<meta name=\"twitter:data1\" content=\"Staff\" \/>\n\t<meta name=\"twitter:label2\" content=\"Tempo di lettura stimato\" \/>\n\t<meta name=\"twitter:data2\" content=\"4 minuti\" \/>\n<script type=\"application\/ld+json\" class=\"yoast-schema-graph\">{\"@context\":\"https:\/\/schema.org\",\"@graph\":[{\"@type\":\"Organization\",\"@id\":\"https:\/\/arteeluoghi.it\/#organization\",\"name\":\"Arte e Luoghi\",\"url\":\"https:\/\/arteeluoghi.it\/\",\"sameAs\":[\"https:\/\/www.facebook.com\/ArteELuoghi\/\",\"https:\/\/www.instagram.com\/arteeluoghi\/?hl=it\",\"https:\/\/www.youtube.com\/channel\/UCuRVc4JW4-C5sg9rQB-srkw?view_as=subscriber\",\"https:\/\/twitter.com\/arteeluoghi\"],\"logo\":{\"@type\":\"ImageObject\",\"@id\":\"https:\/\/arteeluoghi.it\/#logo\",\"inLanguage\":\"it-IT\",\"url\":\"https:\/\/arteeluoghi.it\/wp-content\/uploads\/2018\/08\/logoinstagramarte.jpg\",\"contentUrl\":\"https:\/\/arteeluoghi.it\/wp-content\/uploads\/2018\/08\/logoinstagramarte.jpg\",\"width\":150,\"height\":150,\"caption\":\"Arte e Luoghi\"},\"image\":{\"@id\":\"https:\/\/arteeluoghi.it\/#logo\"}},{\"@type\":\"WebSite\",\"@id\":\"https:\/\/arteeluoghi.it\/#website\",\"url\":\"https:\/\/arteeluoghi.it\/\",\"name\":\"Arte e Luoghi\",\"description\":\"Mensile di arte, cultura, turismo e curiosit\u00e0\",\"publisher\":{\"@id\":\"https:\/\/arteeluoghi.it\/#organization\"},\"potentialAction\":[{\"@type\":\"SearchAction\",\"target\":{\"@type\":\"EntryPoint\",\"urlTemplate\":\"https:\/\/arteeluoghi.it\/?s={search_term_string}\"},\"query-input\":\"required name=search_term_string\"}],\"inLanguage\":\"it-IT\"},{\"@type\":\"ImageObject\",\"@id\":\"https:\/\/arteeluoghi.it\/index.php\/2022\/04\/25\/le-giornate-del-cinema-europeo-per-il-premio-lux-del-pubblico\/#primaryimage\",\"inLanguage\":\"it-IT\",\"url\":\"https:\/\/arteeluoghi.it\/wp-content\/uploads\/2022\/04\/FLEE.jpg\",\"contentUrl\":\"https:\/\/arteeluoghi.it\/wp-content\/uploads\/2022\/04\/FLEE.jpg\",\"width\":2360,\"height\":1375},{\"@type\":\"WebPage\",\"@id\":\"https:\/\/arteeluoghi.it\/index.php\/2022\/04\/25\/le-giornate-del-cinema-europeo-per-il-premio-lux-del-pubblico\/#webpage\",\"url\":\"https:\/\/arteeluoghi.it\/index.php\/2022\/04\/25\/le-giornate-del-cinema-europeo-per-il-premio-lux-del-pubblico\/\",\"name\":\"Le giornate del Cinema europeo per il Premio Lux del Pubblico | Arte e Luoghi\",\"isPartOf\":{\"@id\":\"https:\/\/arteeluoghi.it\/#website\"},\"primaryImageOfPage\":{\"@id\":\"https:\/\/arteeluoghi.it\/index.php\/2022\/04\/25\/le-giornate-del-cinema-europeo-per-il-premio-lux-del-pubblico\/#primaryimage\"},\"datePublished\":\"2022-04-25T21:12:31+00:00\",\"dateModified\":\"2022-04-25T21:12:36+00:00\",\"breadcrumb\":{\"@id\":\"https:\/\/arteeluoghi.it\/index.php\/2022\/04\/25\/le-giornate-del-cinema-europeo-per-il-premio-lux-del-pubblico\/#breadcrumb\"},\"inLanguage\":\"it-IT\",\"potentialAction\":[{\"@type\":\"ReadAction\",\"target\":[\"https:\/\/arteeluoghi.it\/index.php\/2022\/04\/25\/le-giornate-del-cinema-europeo-per-il-premio-lux-del-pubblico\/\"]}]},{\"@type\":\"BreadcrumbList\",\"@id\":\"https:\/\/arteeluoghi.it\/index.php\/2022\/04\/25\/le-giornate-del-cinema-europeo-per-il-premio-lux-del-pubblico\/#breadcrumb\",\"itemListElement\":[{\"@type\":\"ListItem\",\"position\":1,\"name\":\"Home\",\"item\":\"https:\/\/arteeluoghi.it\/\"},{\"@type\":\"ListItem\",\"position\":2,\"name\":\"Le giornate del Cinema europeo per il Premio Lux del Pubblico\"}]},{\"@type\":\"Article\",\"@id\":\"https:\/\/arteeluoghi.it\/index.php\/2022\/04\/25\/le-giornate-del-cinema-europeo-per-il-premio-lux-del-pubblico\/#article\",\"isPartOf\":{\"@id\":\"https:\/\/arteeluoghi.it\/index.php\/2022\/04\/25\/le-giornate-del-cinema-europeo-per-il-premio-lux-del-pubblico\/#webpage\"},\"author\":{\"@id\":\"https:\/\/arteeluoghi.it\/#\/schema\/person\/f84e814e36e91e01448ee07eaadd41d4\"},\"headline\":\"Le giornate del Cinema europeo per il Premio Lux del Pubblico\",\"datePublished\":\"2022-04-25T21:12:31+00:00\",\"dateModified\":\"2022-04-25T21:12:36+00:00\",\"mainEntityOfPage\":{\"@id\":\"https:\/\/arteeluoghi.it\/index.php\/2022\/04\/25\/le-giornate-del-cinema-europeo-per-il-premio-lux-del-pubblico\/#webpage\"},\"wordCount\":647,\"commentCount\":0,\"publisher\":{\"@id\":\"https:\/\/arteeluoghi.it\/#organization\"},\"image\":{\"@id\":\"https:\/\/arteeluoghi.it\/index.php\/2022\/04\/25\/le-giornate-del-cinema-europeo-per-il-premio-lux-del-pubblico\/#primaryimage\"},\"thumbnailUrl\":\"https:\/\/arteeluoghi.it\/wp-content\/uploads\/2022\/04\/FLEE.jpg\",\"keywords\":[\"Alberto La Monica\",\"cinema\",\"Festival del Cinema Europeo\",\"Lecce\"],\"articleSection\":[\"Cinema\"],\"inLanguage\":\"it-IT\",\"potentialAction\":[{\"@type\":\"CommentAction\",\"name\":\"Comment\",\"target\":[\"https:\/\/arteeluoghi.it\/index.php\/2022\/04\/25\/le-giornate-del-cinema-europeo-per-il-premio-lux-del-pubblico\/#respond\"]}]},{\"@type\":\"Person\",\"@id\":\"https:\/\/arteeluoghi.it\/#\/schema\/person\/f84e814e36e91e01448ee07eaadd41d4\",\"name\":\"Staff\",\"image\":{\"@type\":\"ImageObject\",\"@id\":\"https:\/\/arteeluoghi.it\/#personlogo\",\"inLanguage\":\"it-IT\",\"url\":\"https:\/\/secure.gravatar.com\/avatar\/49d2f9e46271bb04e19cebfaf141313a?s=96&d=blank&r=g\",\"contentUrl\":\"https:\/\/secure.gravatar.com\/avatar\/49d2f9e46271bb04e19cebfaf141313a?s=96&d=blank&r=g\",\"caption\":\"Staff\"}}]}<\/script>\n<!-- \/ Yoast SEO plugin. -->","yoast_head_json":{"title":"Le giornate del Cinema europeo per il Premio Lux del Pubblico | Arte e Luoghi","robots":{"index":"index","follow":"follow","max-snippet":"max-snippet:-1","max-image-preview":"max-image-preview:large","max-video-preview":"max-video-preview:-1"},"canonical":"https:\/\/arteeluoghi.it\/index.php\/2022\/04\/25\/le-giornate-del-cinema-europeo-per-il-premio-lux-del-pubblico\/","og_locale":"it_IT","og_type":"article","og_title":"Le giornate del Cinema europeo per il Premio Lux del Pubblico | Arte e Luoghi","og_description":"Al Multisala Massimo di Lecce tre appuntamenti con il cinema d\u2019autore per votare i tre finalisti LECCE. Con Aprile tornano","og_url":"https:\/\/arteeluoghi.it\/index.php\/2022\/04\/25\/le-giornate-del-cinema-europeo-per-il-premio-lux-del-pubblico\/","og_site_name":"Arte e Luoghi","article_publisher":"https:\/\/www.facebook.com\/ArteELuoghi\/","article_published_time":"2022-04-25T21:12:31+00:00","article_modified_time":"2022-04-25T21:12:36+00:00","og_image":[{"width":2360,"height":1375,"url":"https:\/\/arteeluoghi.it\/wp-content\/uploads\/2022\/04\/FLEE.jpg","type":"image\/jpeg"}],"twitter_card":"summary","twitter_creator":"@arteeluoghi","twitter_site":"@arteeluoghi","twitter_misc":{"Scritto da":"Staff","Tempo di lettura stimato":"4 minuti"},"schema":{"@context":"https:\/\/schema.org","@graph":[{"@type":"Organization","@id":"https:\/\/arteeluoghi.it\/#organization","name":"Arte e Luoghi","url":"https:\/\/arteeluoghi.it\/","sameAs":["https:\/\/www.facebook.com\/ArteELuoghi\/","https:\/\/www.instagram.com\/arteeluoghi\/?hl=it","https:\/\/www.youtube.com\/channel\/UCuRVc4JW4-C5sg9rQB-srkw?view_as=subscriber","https:\/\/twitter.com\/arteeluoghi"],"logo":{"@type":"ImageObject","@id":"https:\/\/arteeluoghi.it\/#logo","inLanguage":"it-IT","url":"https:\/\/arteeluoghi.it\/wp-content\/uploads\/2018\/08\/logoinstagramarte.jpg","contentUrl":"https:\/\/arteeluoghi.it\/wp-content\/uploads\/2018\/08\/logoinstagramarte.jpg","width":150,"height":150,"caption":"Arte e Luoghi"},"image":{"@id":"https:\/\/arteeluoghi.it\/#logo"}},{"@type":"WebSite","@id":"https:\/\/arteeluoghi.it\/#website","url":"https:\/\/arteeluoghi.it\/","name":"Arte e Luoghi","description":"Mensile di arte, cultura, turismo e curiosit\u00e0","publisher":{"@id":"https:\/\/arteeluoghi.it\/#organization"},"potentialAction":[{"@type":"SearchAction","target":{"@type":"EntryPoint","urlTemplate":"https:\/\/arteeluoghi.it\/?s={search_term_string}"},"query-input":"required name=search_term_string"}],"inLanguage":"it-IT"},{"@type":"ImageObject","@id":"https:\/\/arteeluoghi.it\/index.php\/2022\/04\/25\/le-giornate-del-cinema-europeo-per-il-premio-lux-del-pubblico\/#primaryimage","inLanguage":"it-IT","url":"https:\/\/arteeluoghi.it\/wp-content\/uploads\/2022\/04\/FLEE.jpg","contentUrl":"https:\/\/arteeluoghi.it\/wp-content\/uploads\/2022\/04\/FLEE.jpg","width":2360,"height":1375},{"@type":"WebPage","@id":"https:\/\/arteeluoghi.it\/index.php\/2022\/04\/25\/le-giornate-del-cinema-europeo-per-il-premio-lux-del-pubblico\/#webpage","url":"https:\/\/arteeluoghi.it\/index.php\/2022\/04\/25\/le-giornate-del-cinema-europeo-per-il-premio-lux-del-pubblico\/","name":"Le giornate del Cinema europeo per il Premio Lux del Pubblico | Arte e Luoghi","isPartOf":{"@id":"https:\/\/arteeluoghi.it\/#website"},"primaryImageOfPage":{"@id":"https:\/\/arteeluoghi.it\/index.php\/2022\/04\/25\/le-giornate-del-cinema-europeo-per-il-premio-lux-del-pubblico\/#primaryimage"},"datePublished":"2022-04-25T21:12:31+00:00","dateModified":"2022-04-25T21:12:36+00:00","breadcrumb":{"@id":"https:\/\/arteeluoghi.it\/index.php\/2022\/04\/25\/le-giornate-del-cinema-europeo-per-il-premio-lux-del-pubblico\/#breadcrumb"},"inLanguage":"it-IT","potentialAction":[{"@type":"ReadAction","target":["https:\/\/arteeluoghi.it\/index.php\/2022\/04\/25\/le-giornate-del-cinema-europeo-per-il-premio-lux-del-pubblico\/"]}]},{"@type":"BreadcrumbList","@id":"https:\/\/arteeluoghi.it\/index.php\/2022\/04\/25\/le-giornate-del-cinema-europeo-per-il-premio-lux-del-pubblico\/#breadcrumb","itemListElement":[{"@type":"ListItem","position":1,"name":"Home","item":"https:\/\/arteeluoghi.it\/"},{"@type":"ListItem","position":2,"name":"Le giornate del Cinema europeo per il Premio Lux del Pubblico"}]},{"@type":"Article","@id":"https:\/\/arteeluoghi.it\/index.php\/2022\/04\/25\/le-giornate-del-cinema-europeo-per-il-premio-lux-del-pubblico\/#article","isPartOf":{"@id":"https:\/\/arteeluoghi.it\/index.php\/2022\/04\/25\/le-giornate-del-cinema-europeo-per-il-premio-lux-del-pubblico\/#webpage"},"author":{"@id":"https:\/\/arteeluoghi.it\/#\/schema\/person\/f84e814e36e91e01448ee07eaadd41d4"},"headline":"Le giornate del Cinema europeo per il Premio Lux del Pubblico","datePublished":"2022-04-25T21:12:31+00:00","dateModified":"2022-04-25T21:12:36+00:00","mainEntityOfPage":{"@id":"https:\/\/arteeluoghi.it\/index.php\/2022\/04\/25\/le-giornate-del-cinema-europeo-per-il-premio-lux-del-pubblico\/#webpage"},"wordCount":647,"commentCount":0,"publisher":{"@id":"https:\/\/arteeluoghi.it\/#organization"},"image":{"@id":"https:\/\/arteeluoghi.it\/index.php\/2022\/04\/25\/le-giornate-del-cinema-europeo-per-il-premio-lux-del-pubblico\/#primaryimage"},"thumbnailUrl":"https:\/\/arteeluoghi.it\/wp-content\/uploads\/2022\/04\/FLEE.jpg","keywords":["Alberto La Monica","cinema","Festival del Cinema Europeo","Lecce"],"articleSection":["Cinema"],"inLanguage":"it-IT","potentialAction":[{"@type":"CommentAction","name":"Comment","target":["https:\/\/arteeluoghi.it\/index.php\/2022\/04\/25\/le-giornate-del-cinema-europeo-per-il-premio-lux-del-pubblico\/#respond"]}]},{"@type":"Person","@id":"https:\/\/arteeluoghi.it\/#\/schema\/person\/f84e814e36e91e01448ee07eaadd41d4","name":"Staff","image":{"@type":"ImageObject","@id":"https:\/\/arteeluoghi.it\/#personlogo","inLanguage":"it-IT","url":"https:\/\/secure.gravatar.com\/avatar\/49d2f9e46271bb04e19cebfaf141313a?s=96&d=blank&r=g","contentUrl":"https:\/\/secure.gravatar.com\/avatar\/49d2f9e46271bb04e19cebfaf141313a?s=96&d=blank&r=g","caption":"Staff"}}]}},"_links":{"self":[{"href":"https:\/\/arteeluoghi.it\/index.php\/wp-json\/wp\/v2\/posts\/11118"}],"collection":[{"href":"https:\/\/arteeluoghi.it\/index.php\/wp-json\/wp\/v2\/posts"}],"about":[{"href":"https:\/\/arteeluoghi.it\/index.php\/wp-json\/wp\/v2\/types\/post"}],"author":[{"embeddable":true,"href":"https:\/\/arteeluoghi.it\/index.php\/wp-json\/wp\/v2\/users\/1"}],"replies":[{"embeddable":true,"href":"https:\/\/arteeluoghi.it\/index.php\/wp-json\/wp\/v2\/comments?post=11118"}],"version-history":[{"count":1,"href":"https:\/\/arteeluoghi.it\/index.php\/wp-json\/wp\/v2\/posts\/11118\/revisions"}],"predecessor-version":[{"id":11122,"href":"https:\/\/arteeluoghi.it\/index.php\/wp-json\/wp\/v2\/posts\/11118\/revisions\/11122"}],"wp:featuredmedia":[{"embeddable":true,"href":"https:\/\/arteeluoghi.it\/index.php\/wp-json\/wp\/v2\/media\/11119"}],"wp:attachment":[{"href":"https:\/\/arteeluoghi.it\/index.php\/wp-json\/wp\/v2\/media?parent=11118"}],"wp:term":[{"taxonomy":"category","embeddable":true,"href":"https:\/\/arteeluoghi.it\/index.php\/wp-json\/wp\/v2\/categories?post=11118"},{"taxonomy":"post_tag","embeddable":true,"href":"https:\/\/arteeluoghi.it\/index.php\/wp-json\/wp\/v2\/tags?post=11118"}],"curies":[{"name":"wp","href":"https:\/\/api.w.org\/{rel}","templated":true}]}}