{"id":11180,"date":"2022-05-04T16:08:20","date_gmt":"2022-05-04T14:08:20","guid":{"rendered":"https:\/\/arteeluoghi.it\/?p=11180"},"modified":"2022-05-04T17:41:10","modified_gmt":"2022-05-04T15:41:10","slug":"a-belluno-due-giorni-dedicati-al-tiziano","status":"publish","type":"post","link":"https:\/\/arteeluoghi.it\/index.php\/2022\/05\/04\/a-belluno-due-giorni-dedicati-al-tiziano\/","title":{"rendered":"A Belluno due giorni dedicati al Tiziano"},"content":{"rendered":"\n<p><\/p>\n\n\n\n<blockquote class=\"wp-block-quote\"><p><strong>Un convegno di studi che affronta aspetti scientifico-culturali sul geniale artista e la sua bottega\u00a0con ricerche anche inedite, grazie alla partecipazione di importanti studiosi italiani e internazionali; e con economisti, esperti di turismo e rappresentanti istituzionali\u00a0<\/strong> <strong>propone\u00a0una riflessione sul\u00a0<em>valore\u00a0<\/em>di Tiziano per la promozione<br>e la crescita\u00a0del territorio bellunese, pensando al futuro<\/strong><\/p><\/blockquote>\n\n\n\n<p>A<strong>\u00a0Belluno, il 6 e 7 maggio,<\/strong>\u00a0due giorni interamente dedicati al grande Tiziano, che torna al centro dell&#8217;attenzione grazie a\u00a0<strong>un articolato convegno di studi\u00a0<em>&#8220;Tiziano e i suoi: un progetto, una prospettiva&#8221;<\/em><\/strong>\u00a0che ha\u00a0 l&#8217;obiettivo di presentare\u00a0<strong>alcuni dei pi\u00f9 recenti studi<\/strong>\u00a0relativi al pittore cadorino e ai collaboratori della bottega &#8211; con anche un\u00a0<strong>focus specifico sui restauri passati e recenti finanziati da Save Venice<\/strong>\u00a0&#8211; e nel contempo \u00e8 v\u00f2lto a riflettere sulle potenzialit\u00e0 ancora inespresse della valorizzazione dell&#8217;artista nel territorio.<\/p>\n\n\n\n<!--more-->\n\n\n\n<p><strong>Promosso e fortemente voluto dal Comune di Belluno,<\/strong>&nbsp;il convegno &#8211; realizzato in collaborazione&nbsp;<strong>con la Fondazione Centro Studi Tiziano e Cadore<\/strong>, che pubblicher\u00e0 anche gli atti del convegno &#8211;&nbsp;\u00e8 stato coordinato per la parte scientifica dal&nbsp;<strong>prof. Enrico Maria dal Pozzolo<\/strong>, docente presso l\u2019Universit\u00e0 di Verona, con l&#8217;<strong>organizzazione&nbsp; generale di Villaggio Globale International.<\/strong><\/p>\n\n\n\n<p><strong>Un appuntamento aperto al pubblico<\/strong>\u00a0<strong>a Palazzo Bembo<\/strong>, che &#8211; oltre a mettere a confronto ricercatori e storici dell\u2019arte tra i massimi studiosi italiani ed internazionali dell&#8217;artista\u00a0\u2013 porr\u00e0 dunque in dialogo anche economisti, rappresentanti delle istituzioni e operatori culturali alla luce della grande forza identitaria e della straordinaria capacit\u00e0 evocativa di questo protagonista dell&#8217;arte del Cinquecento, nato e vissuto tra le dolomiti bellunesi ma ammirato e conosciuto in tutto il mondo, delineando\u00a0<strong>prospettive per il futuro di Belluno nel segno dell\u2019eredit\u00e0 culturale vecelliana<\/strong>, in relazione agli\u00a0<strong>itinerari tematici<\/strong>\u00a0dedicati all\u2019artista e all\u2019analisi del\u00a0<strong>rapporto tra offerta turistico-culturale e ricaduta economica.<\/strong><\/p>\n\n\n\n<p>Ad accompagnare i dibattiti,&nbsp;<strong>la sera del 6 maggio<\/strong>,&nbsp;<strong>un altro evento speciale<\/strong>, con la&nbsp; proiezione per la prima volta al pubblico&nbsp;<strong>&#8211; presso il Cinema Italia di Belluno, alle ore 20.30&nbsp; &#8211; del &nbsp;docufilm \u201c<em>Tiziano senza fine<\/em>\u201d&nbsp;<\/strong>una produzione di Fondazione Centro Studi Tiziano e Cadore\/Land comunicazioni che&nbsp;in 52 minuti riesce a condensare la grandezza di Tiziano attraverso le sue opere iconiche ma anche grazie al racconto di Tiziano\/uomo.&nbsp;Una narrazione con&nbsp;la&nbsp;<strong>regia di Luca e Nino Criscenti,&nbsp;<\/strong>due maestri del documentario d\u2019arte in Italia, guidata da tre voci d\u2019eccezione &#8211; Enrico Maria dal Pozzolo, Augusto Gentili&nbsp;e Stefania Mason \u2013 e dalle musiche di Matteo d\u2019Amico, tra i pi\u00f9 ricercati compositori contemporanei, che ha fatto del rapporto tra musica, poesia e arte una sua personalissima cifra stilistica.<\/p>\n\n\n\n<p><strong>A introdurre l\u2019importante due giorni tizianesca e a delineare il senso e il valore dell&#8217;iniziativa&nbsp;<\/strong>sar\u00e0 l&#8217;Amministrazione Comunale&nbsp;di Belluno che, insieme ai saluti istituzionali, aprir\u00e0 il 6 maggio il convegno&nbsp;interamente dedicato &#8211; nella prima giornata &#8211; agli aspetti&nbsp;culturali e storico-artistici.<\/p>\n\n\n\n<p>Due le sessioni previste il 6 maggio (dalle ore 9.30 alle ore 18.00), moderate da<strong>&nbsp;Stefania Mason<\/strong>, docente di Storia Moderna presso l\u2019Universit\u00e0 di Udine e Presidente del Consiglio Scientifico della Fondazione Centro Studi Tiziano e Cadore&nbsp;e da&nbsp;<strong>Enrico Maria dal Pozzolo<\/strong>, docente di Storia dell\u2019Arte all\u2019Universit\u00e0 degli Studi di Verona.<\/p>\n\n\n\n<p>La giornata sar\u00e0 cos\u00ec\u00a0segnata dalla partecipazione di:\u00a0<strong>Maria Agnese Chiari Moretto Wiel\u00a0\u00a0<\/strong>(Wake Forest University e Scuola Grande Arciconfraternita di San Rocco),\u00a0<strong>Peter L\u00fcdemann\u00a0<\/strong>(Ricercatore indipendente, Deutsches Studienzentrum Venedig),\u00a0<strong>Peter Humfrey\u00a0<\/strong>(University of St. Andrews &#8211; Scozia),\u00a0<strong>Enrico Maria Dal Pozzolo\u00a0<\/strong>(Universit\u00e0 degli Studi di Verona),\u00a0<strong>Giorgio Reolon\u00a0<\/strong>(Storico dell\u2019Arte indipendente)\u00a0<strong>Francesca Cocchiara\u00a0<\/strong>(Storica dell\u2019Arte e Curatrice della raccolta di stampe tizianesche della Fondazione Centro Studi Tiziano e Cadore),\u00a0<strong>Melissa Conn (<\/strong>Direttore Venice Office Save Venice Inc.),\u00a0<strong>Gabriele Matino\u00a0<\/strong>(Research Associate di Save Venice Inc.),\u00a0<strong>Nicole de Manincor\u00a0<\/strong>(Dottoranda in \u201cArts and Archaeology\u201d presso l\u2019Universit\u00e0 degli Studi di Verona\u2013Universiteit Gent) con\u00a0<strong>Sara Grinzato\u00a0\u00a0<\/strong>(Restauratrice e Storica dell\u2019Arte),\u00a0<strong>Don Paolo Barbisan\u00a0<\/strong>(Storico dell\u2019Arte, Direttore dell\u2019Ufficio Diocesano per l\u2019Arte Sacra e i Beni Culturali, Diocesi di Treviso, incaricato regionale Beni Culturali per la Conferenza Episcopale Triveneta) con\u00a0\u00a0<strong>Roberto Saccuman\u00a0<\/strong>(Restauratore specializzato in supporti lignei) e<strong>Giulio Manieri Elia\u00a0\u00a0<\/strong>(Direttore delle Gallerie dell\u2019Accademia di Venezia) con\u00a0<strong>Giulio Bono\u00a0<\/strong>(Restauratore e conservatore dipinti).<\/p>\n\n\n\n<div class=\"wp-block-image\"><figure class=\"alignleft size-large is-resized\"><img loading=\"lazy\" src=\"https:\/\/arteeluoghi.it\/wp-content\/uploads\/2022\/05\/Tiziano-Annunciazione-Malchiostro-1520-Cattedrale-di-San-Pietro-Treviso-889x1024.jpg\" alt=\"\" class=\"wp-image-11182\" width=\"533\" height=\"614\" srcset=\"https:\/\/arteeluoghi.it\/wp-content\/uploads\/2022\/05\/Tiziano-Annunciazione-Malchiostro-1520-Cattedrale-di-San-Pietro-Treviso-889x1024.jpg 889w, https:\/\/arteeluoghi.it\/wp-content\/uploads\/2022\/05\/Tiziano-Annunciazione-Malchiostro-1520-Cattedrale-di-San-Pietro-Treviso-260x300.jpg 260w, https:\/\/arteeluoghi.it\/wp-content\/uploads\/2022\/05\/Tiziano-Annunciazione-Malchiostro-1520-Cattedrale-di-San-Pietro-Treviso-768x885.jpg 768w, https:\/\/arteeluoghi.it\/wp-content\/uploads\/2022\/05\/Tiziano-Annunciazione-Malchiostro-1520-Cattedrale-di-San-Pietro-Treviso-1333x1536.jpg 1333w, https:\/\/arteeluoghi.it\/wp-content\/uploads\/2022\/05\/Tiziano-Annunciazione-Malchiostro-1520-Cattedrale-di-San-Pietro-Treviso-1777x2048.jpg 1777w\" sizes=\"(max-width: 533px) 100vw, 533px\" \/><figcaption>Tiziano, Annunciazione Malchiostro, 1520 Cattedrale di San Pietro, Treviso<\/figcaption><\/figure><\/div>\n\n\n\n<p>Il 7 mattina, invece, nella sessione dedicata agli aspetti di valorizzazione territoriale moderata da\u00a0<strong>Maurizio Cecconi<\/strong>, consulente strategico di Villaggio Globale International, interverranno, delineando valore aggiunto, strategie e opportunit\u00e0, anche alla luce delle recenti novit\u00e0 in temi di finanza locale con le risorse per esempio del Pnrr:\u00a0<strong>Maria Giovanna Coletti<\/strong>\u00a0(Presidente Fondazione Centro Studi Tiziano e Cadore),\u00a0<strong>Alessandra Cusinato<\/strong>\u00a0(Storica dell\u2019Arte),\u00a0<strong>Mario Pozza\u00a0<\/strong>(Presidente Camera di Commercio Treviso-Belluno | Dolomiti e Unioncamere Veneto),\u00a0<strong>Giampiero Campajola<\/strong>\u00a0(Presidente Fiavet Friuli Venezia Giulia),\u00a0<strong>Pio Grollo<\/strong>\u00a0(Presidente Studio Trend, Coautore Rapporto sul Turismo Italiano \u2013 CNR),\u00a0<strong>Nicola Tonveronachi<\/strong>\u00a0(Esperto di finanza pubblica, Amministratore Delegato Centro Studi Enti Locali SpA) e\u00a0<strong>Gianluca D\u2019Inc\u00e0 Levis<\/strong>\u00a0(Ideatore e curatore di Dolomiti Contemporanee).<br>Parteciperanno inoltre\u00a0<strong>Silvia Cestaro<\/strong>\u00a0Consigliera regionale del Veneto, l&#8217;<strong>On. Roger De Menech<\/strong>\u00a0membro della Camera dei Deputati e il Presidente della Provincia di Belluno\u00a0<strong>Roberto Padrin<\/strong>.<\/p>\n\n\n\n<p><\/p>\n\n\n\n<div class=\"wp-block-image\"><figure class=\"alignleft size-large is-resized\"><img loading=\"lazy\" src=\"https:\/\/arteeluoghi.it\/wp-content\/uploads\/2022\/05\/Tiziano-Vecellio-LAssunta-1516-1518-olio-su-tavola-Basilica-di-S.-Maria-Gloriosa-dei-Frari-Venezia-531x1024.jpg\" alt=\"\" class=\"wp-image-11181\" width=\"548\" height=\"1057\" srcset=\"https:\/\/arteeluoghi.it\/wp-content\/uploads\/2022\/05\/Tiziano-Vecellio-LAssunta-1516-1518-olio-su-tavola-Basilica-di-S.-Maria-Gloriosa-dei-Frari-Venezia-531x1024.jpg 531w, https:\/\/arteeluoghi.it\/wp-content\/uploads\/2022\/05\/Tiziano-Vecellio-LAssunta-1516-1518-olio-su-tavola-Basilica-di-S.-Maria-Gloriosa-dei-Frari-Venezia-156x300.jpg 156w, https:\/\/arteeluoghi.it\/wp-content\/uploads\/2022\/05\/Tiziano-Vecellio-LAssunta-1516-1518-olio-su-tavola-Basilica-di-S.-Maria-Gloriosa-dei-Frari-Venezia-768x1480.jpg 768w, https:\/\/arteeluoghi.it\/wp-content\/uploads\/2022\/05\/Tiziano-Vecellio-LAssunta-1516-1518-olio-su-tavola-Basilica-di-S.-Maria-Gloriosa-dei-Frari-Venezia-797x1536.jpg 797w, https:\/\/arteeluoghi.it\/wp-content\/uploads\/2022\/05\/Tiziano-Vecellio-LAssunta-1516-1518-olio-su-tavola-Basilica-di-S.-Maria-Gloriosa-dei-Frari-Venezia.jpg 882w\" sizes=\"(max-width: 548px) 100vw, 548px\" \/><figcaption>Tiziano Vecellio, L&#8217;Assunta 1516 1518, <br>olio su tavola,  Basilica di S. Maria Gloriosa dei Frari, Venezia<\/figcaption><\/figure><\/div>\n\n\n\n<p><br>\u00a0IL PROGRAMMA<br>In particolare, per la parte scientifica del 6 maggio,\u00a0<strong>Chiari Moretto Wiel<\/strong>\u00a0propone un primo iniziale tentativo di raccogliere in modo sistematico le informazioni di cui attualmente si dispone sulle opere di Tiziano della Scuola Grande di San Rocco e sull&#8217;attivit\u00e0 dell&#8217;artista all\u2019interno del sodalizio, che tenne in realt\u00e0 un rapporto \u201cprivilegiato\u201d con il \u201cconcorrente\u201d Tintoretto;\u00a0<strong>Peter L\u00fcdeman<\/strong>, con studi assolutamente inediti, indaga un possibile ruolo di Tiziano come disegnatore di opere scultoree;\u00a0<strong>Peter Humfrey,<\/strong>\u00a0in collegamento dal Regno Unito, si soffermer\u00e0 sul \u201c<em>La Venere allo Specchio di Tiziano<\/em>&#8221; e le sue varianti alla luce delle indagini diagnostiche compiute recentemente;\u00a0<strong>Enrico Maria dal Pozzolo<\/strong>\u00a0focalizza il suo intervento \u2013 in seguito al recentissimo restauro &#8211; sull&#8217;attribuzione a Simone Peterzano della Menade con satiro (1565 circa) opera realizzata nella bottega di Tiziano sotto la sua direzione, e su un\u2019inedita Orazione nell\u2019orto sempre di Peterzano, realizzata una decina di anni dopo a Milano, con chiara memoria della collaborazione vecelliana. Lo storico dell&#8217;arte\u00a0<strong>Giorgio Reolon<\/strong>\u00a0proporr\u00e0\u00a0 nuove piste di ricerca su Cesare e Fabrizio Vecellio, di cui non esiste alcuna sicura opera autografa, approfondendo le ipotesi di ricostruzione della loro attivit\u00e0. Infine\u00a0<strong>Francesca Cocchiara<\/strong>, illustrer\u00e0 l\u2019eccezionale nucleo di stampe tizianesche conservate a Pieve di Cadore, paese natale di Tiziano, divenuto ormai il\u00a0 pi\u00f9 consistente in Italia sia dal punto di vista qualitativo che quantitativo.<br><\/p>\n\n\n\n<div class=\"wp-block-image\"><figure class=\"alignright size-large\"><img loading=\"lazy\" width=\"619\" height=\"1024\" src=\"https:\/\/arteeluoghi.it\/wp-content\/uploads\/2022\/05\/06_Litografia-Martirio-di-San-Pietro-Martire-619x1024.jpg\" alt=\"\" class=\"wp-image-11184\" srcset=\"https:\/\/arteeluoghi.it\/wp-content\/uploads\/2022\/05\/06_Litografia-Martirio-di-San-Pietro-Martire-619x1024.jpg 619w, https:\/\/arteeluoghi.it\/wp-content\/uploads\/2022\/05\/06_Litografia-Martirio-di-San-Pietro-Martire-181x300.jpg 181w, https:\/\/arteeluoghi.it\/wp-content\/uploads\/2022\/05\/06_Litografia-Martirio-di-San-Pietro-Martire-768x1270.jpg 768w, https:\/\/arteeluoghi.it\/wp-content\/uploads\/2022\/05\/06_Litografia-Martirio-di-San-Pietro-Martire-929x1536.jpg 929w, https:\/\/arteeluoghi.it\/wp-content\/uploads\/2022\/05\/06_Litografia-Martirio-di-San-Pietro-Martire-1238x2048.jpg 1238w, https:\/\/arteeluoghi.it\/wp-content\/uploads\/2022\/05\/06_Litografia-Martirio-di-San-Pietro-Martire-scaled.jpg 1548w\" sizes=\"(max-width: 619px) 100vw, 619px\" \/><figcaption>Litografia Martirio di San Pietro Martire<\/figcaption><\/figure><\/div>\n\n\n\n<p><br>Il\u00a0<em>focus<\/em>\u00a0sui restauri, che caratterizza la seconda parte di questa prima intensa giornata convegnistica, oltre a ripercorrere 50 anni di restauro e storia dell\u2019arte<br>grazie all\u2019impegno costante di Save Venice, concentrer\u00e0 l\u2019attenzione\u00a0<strong>sugli importanti interventi conservativi e d\u2019indagine di tre opere<\/strong>\u00a0in particolare:\u00a0\u00a0<strong>&#8220;Il Sebastiano e donatore&#8221;unico dipinto noto di Sebastiano Zuccato\u00a0primo maestro di Tiziano<\/strong>, conservato al Museo Correr a Venezia, opera significativa per ricostruire il modo di operare del Maestro;\u00a0<strong>&#8220;L\u2019Annunciazione&#8221;\u00a0di Tiziano della Cappella Malchiostro<\/strong>\u00a0della Cattedrale di Treviso e il capolavoro tizianesco dell\u2019<strong>Assunta<\/strong>, conservato alla\u00a0<strong>Gallerie dell\u2019Accademia di Venezia<\/strong>.<br><br>Tra\u00a0<strong>le tematiche affrontate il 7 maggio<\/strong>: il ruolo di Tiziano, artista innovatore, simbolo e antesignano della sapienza imprenditoriale che connota il bellunese; le agenzie di incoming nella promocommercializzazione dell\u2019offerta turistico-culturale del territorio; il turismo culturale;\u00a0le opportunit\u00e0 strategiche per gli Enti Locali derivanti dalle risorse del \u2018Pnrr\u2019 a servizio della Cultura; la presenza del grande artista nelle strategie di valorizzazione del patrimonio di &#8220;Dolomiti Contemporanee&#8221; e il ruolo della Fondazione Centro Studi Tiziano e Cadore quale fondamentale avamposto scientifico nel territorio, a tutela dell\u2019indissolubile legame tra Tiziano e le sue terre. In chiusura,\u00a0proposte concrete di valorizzazione dei luoghi legati all&#8217;immaginario vecelliano.<\/p>\n\n\n\n<p>(fonte: comunicato stampa)<\/p>\n","protected":false},"excerpt":{"rendered":"<p>Un convegno di studi che affronta aspetti scientifico-culturali sul geniale artista e la sua bottega\u00a0con ricerche anche inedite, grazie alla<\/p>\n","protected":false},"author":1,"featured_media":11183,"comment_status":"open","ping_status":"open","sticky":true,"template":"","format":"standard","meta":[],"categories":[27,3,52,16],"tags":[714,4026,4014,4029,4031,4027,4030,4032,4015,4028,3936,4025],"yoast_head":"<!-- This site is optimized with the Yoast SEO plugin v18.0 - https:\/\/yoast.com\/wordpress\/plugins\/seo\/ -->\n<title>A Belluno due giorni dedicati al Tiziano | Arte e Luoghi<\/title>\n<meta name=\"description\" content=\"A Belluno, il 6 e 7 maggio, due giorni con il convegno di studi &quot;Tiziano e i suoi: un progetto, una prospettiva&quot;\" \/>\n<meta name=\"robots\" content=\"index, follow, max-snippet:-1, max-image-preview:large, max-video-preview:-1\" \/>\n<link rel=\"canonical\" href=\"https:\/\/arteeluoghi.it\/index.php\/2022\/05\/04\/a-belluno-due-giorni-dedicati-al-tiziano\/\" \/>\n<meta property=\"og:locale\" content=\"it_IT\" \/>\n<meta property=\"og:type\" content=\"article\" \/>\n<meta property=\"og:title\" content=\"A Belluno due giorni dedicati al Tiziano | Arte e Luoghi\" \/>\n<meta property=\"og:description\" content=\"A Belluno, il 6 e 7 maggio, due giorni con il convegno di studi &quot;Tiziano e i suoi: un progetto, una prospettiva&quot;\" \/>\n<meta property=\"og:url\" content=\"https:\/\/arteeluoghi.it\/index.php\/2022\/05\/04\/a-belluno-due-giorni-dedicati-al-tiziano\/\" \/>\n<meta property=\"og:site_name\" content=\"Arte e Luoghi\" \/>\n<meta property=\"article:publisher\" content=\"https:\/\/www.facebook.com\/ArteELuoghi\/\" \/>\n<meta property=\"article:published_time\" content=\"2022-05-04T14:08:20+00:00\" \/>\n<meta property=\"article:modified_time\" content=\"2022-05-04T15:41:10+00:00\" \/>\n<meta property=\"og:image\" content=\"https:\/\/arteeluoghi.it\/wp-content\/uploads\/2022\/05\/belluno.jpeg\" \/>\n\t<meta property=\"og:image:width\" content=\"1600\" \/>\n\t<meta property=\"og:image:height\" content=\"1067\" \/>\n\t<meta property=\"og:image:type\" content=\"image\/jpeg\" \/>\n<meta name=\"twitter:card\" content=\"summary\" \/>\n<meta name=\"twitter:creator\" content=\"@arteeluoghi\" \/>\n<meta name=\"twitter:site\" content=\"@arteeluoghi\" \/>\n<meta name=\"twitter:label1\" content=\"Scritto da\" \/>\n\t<meta name=\"twitter:data1\" content=\"Staff\" \/>\n\t<meta name=\"twitter:label2\" content=\"Tempo di lettura stimato\" \/>\n\t<meta name=\"twitter:data2\" content=\"8 minuti\" \/>\n<script type=\"application\/ld+json\" class=\"yoast-schema-graph\">{\"@context\":\"https:\/\/schema.org\",\"@graph\":[{\"@type\":\"Organization\",\"@id\":\"https:\/\/arteeluoghi.it\/#organization\",\"name\":\"Arte e Luoghi\",\"url\":\"https:\/\/arteeluoghi.it\/\",\"sameAs\":[\"https:\/\/www.facebook.com\/ArteELuoghi\/\",\"https:\/\/www.instagram.com\/arteeluoghi\/?hl=it\",\"https:\/\/www.youtube.com\/channel\/UCuRVc4JW4-C5sg9rQB-srkw?view_as=subscriber\",\"https:\/\/twitter.com\/arteeluoghi\"],\"logo\":{\"@type\":\"ImageObject\",\"@id\":\"https:\/\/arteeluoghi.it\/#logo\",\"inLanguage\":\"it-IT\",\"url\":\"https:\/\/arteeluoghi.it\/wp-content\/uploads\/2018\/08\/logoinstagramarte.jpg\",\"contentUrl\":\"https:\/\/arteeluoghi.it\/wp-content\/uploads\/2018\/08\/logoinstagramarte.jpg\",\"width\":150,\"height\":150,\"caption\":\"Arte e Luoghi\"},\"image\":{\"@id\":\"https:\/\/arteeluoghi.it\/#logo\"}},{\"@type\":\"WebSite\",\"@id\":\"https:\/\/arteeluoghi.it\/#website\",\"url\":\"https:\/\/arteeluoghi.it\/\",\"name\":\"Arte e Luoghi\",\"description\":\"Mensile di arte, cultura, turismo e curiosit\u00e0\",\"publisher\":{\"@id\":\"https:\/\/arteeluoghi.it\/#organization\"},\"potentialAction\":[{\"@type\":\"SearchAction\",\"target\":{\"@type\":\"EntryPoint\",\"urlTemplate\":\"https:\/\/arteeluoghi.it\/?s={search_term_string}\"},\"query-input\":\"required name=search_term_string\"}],\"inLanguage\":\"it-IT\"},{\"@type\":\"ImageObject\",\"@id\":\"https:\/\/arteeluoghi.it\/index.php\/2022\/05\/04\/a-belluno-due-giorni-dedicati-al-tiziano\/#primaryimage\",\"inLanguage\":\"it-IT\",\"url\":\"https:\/\/arteeluoghi.it\/wp-content\/uploads\/2022\/05\/belluno.jpeg\",\"contentUrl\":\"https:\/\/arteeluoghi.it\/wp-content\/uploads\/2022\/05\/belluno.jpeg\",\"width\":1600,\"height\":1067},{\"@type\":\"WebPage\",\"@id\":\"https:\/\/arteeluoghi.it\/index.php\/2022\/05\/04\/a-belluno-due-giorni-dedicati-al-tiziano\/#webpage\",\"url\":\"https:\/\/arteeluoghi.it\/index.php\/2022\/05\/04\/a-belluno-due-giorni-dedicati-al-tiziano\/\",\"name\":\"A Belluno due giorni dedicati al Tiziano | Arte e Luoghi\",\"isPartOf\":{\"@id\":\"https:\/\/arteeluoghi.it\/#website\"},\"primaryImageOfPage\":{\"@id\":\"https:\/\/arteeluoghi.it\/index.php\/2022\/05\/04\/a-belluno-due-giorni-dedicati-al-tiziano\/#primaryimage\"},\"datePublished\":\"2022-05-04T14:08:20+00:00\",\"dateModified\":\"2022-05-04T15:41:10+00:00\",\"description\":\"A Belluno, il 6 e 7 maggio, due giorni con il convegno di studi \\\"Tiziano e i suoi: un progetto, una prospettiva\\\"\",\"breadcrumb\":{\"@id\":\"https:\/\/arteeluoghi.it\/index.php\/2022\/05\/04\/a-belluno-due-giorni-dedicati-al-tiziano\/#breadcrumb\"},\"inLanguage\":\"it-IT\",\"potentialAction\":[{\"@type\":\"ReadAction\",\"target\":[\"https:\/\/arteeluoghi.it\/index.php\/2022\/05\/04\/a-belluno-due-giorni-dedicati-al-tiziano\/\"]}]},{\"@type\":\"BreadcrumbList\",\"@id\":\"https:\/\/arteeluoghi.it\/index.php\/2022\/05\/04\/a-belluno-due-giorni-dedicati-al-tiziano\/#breadcrumb\",\"itemListElement\":[{\"@type\":\"ListItem\",\"position\":1,\"name\":\"Home\",\"item\":\"https:\/\/arteeluoghi.it\/\"},{\"@type\":\"ListItem\",\"position\":2,\"name\":\"A Belluno due giorni dedicati al Tiziano\"}]},{\"@type\":\"Article\",\"@id\":\"https:\/\/arteeluoghi.it\/index.php\/2022\/05\/04\/a-belluno-due-giorni-dedicati-al-tiziano\/#article\",\"isPartOf\":{\"@id\":\"https:\/\/arteeluoghi.it\/index.php\/2022\/05\/04\/a-belluno-due-giorni-dedicati-al-tiziano\/#webpage\"},\"author\":{\"@id\":\"https:\/\/arteeluoghi.it\/#\/schema\/person\/f84e814e36e91e01448ee07eaadd41d4\"},\"headline\":\"A Belluno due giorni dedicati al Tiziano\",\"datePublished\":\"2022-05-04T14:08:20+00:00\",\"dateModified\":\"2022-05-04T15:41:10+00:00\",\"mainEntityOfPage\":{\"@id\":\"https:\/\/arteeluoghi.it\/index.php\/2022\/05\/04\/a-belluno-due-giorni-dedicati-al-tiziano\/#webpage\"},\"wordCount\":1324,\"commentCount\":0,\"publisher\":{\"@id\":\"https:\/\/arteeluoghi.it\/#organization\"},\"image\":{\"@id\":\"https:\/\/arteeluoghi.it\/index.php\/2022\/05\/04\/a-belluno-due-giorni-dedicati-al-tiziano\/#primaryimage\"},\"thumbnailUrl\":\"https:\/\/arteeluoghi.it\/wp-content\/uploads\/2022\/05\/belluno.jpeg\",\"keywords\":[\"Belluno\",\"Cinema Italia di Belluno\",\"Convegno di studi\",\"Enrico Maria dal Pozzolo\",\"Francesca Cocchiara\",\"Luca e Nino Criscenti\",\"Maria Agnese Chiari Moretto Wiel\",\"Peter L\u00fcdemann\",\"restauri\",\"Stefania Mason\",\"Tiziano\",\"Tiziano senza fine\"],\"articleSection\":[\"Arte\",\"Arti visive\",\"I luoghi della parola\",\"I luoghi nella rete Biblioteche Musei Fondazioni\"],\"inLanguage\":\"it-IT\",\"potentialAction\":[{\"@type\":\"CommentAction\",\"name\":\"Comment\",\"target\":[\"https:\/\/arteeluoghi.it\/index.php\/2022\/05\/04\/a-belluno-due-giorni-dedicati-al-tiziano\/#respond\"]}]},{\"@type\":\"Person\",\"@id\":\"https:\/\/arteeluoghi.it\/#\/schema\/person\/f84e814e36e91e01448ee07eaadd41d4\",\"name\":\"Staff\",\"image\":{\"@type\":\"ImageObject\",\"@id\":\"https:\/\/arteeluoghi.it\/#personlogo\",\"inLanguage\":\"it-IT\",\"url\":\"https:\/\/secure.gravatar.com\/avatar\/49d2f9e46271bb04e19cebfaf141313a?s=96&d=blank&r=g\",\"contentUrl\":\"https:\/\/secure.gravatar.com\/avatar\/49d2f9e46271bb04e19cebfaf141313a?s=96&d=blank&r=g\",\"caption\":\"Staff\"}}]}<\/script>\n<!-- \/ Yoast SEO plugin. -->","yoast_head_json":{"title":"A Belluno due giorni dedicati al Tiziano | Arte e Luoghi","description":"A Belluno, il 6 e 7 maggio, due giorni con il convegno di studi \"Tiziano e i suoi: un progetto, una prospettiva\"","robots":{"index":"index","follow":"follow","max-snippet":"max-snippet:-1","max-image-preview":"max-image-preview:large","max-video-preview":"max-video-preview:-1"},"canonical":"https:\/\/arteeluoghi.it\/index.php\/2022\/05\/04\/a-belluno-due-giorni-dedicati-al-tiziano\/","og_locale":"it_IT","og_type":"article","og_title":"A Belluno due giorni dedicati al Tiziano | Arte e Luoghi","og_description":"A Belluno, il 6 e 7 maggio, due giorni con il convegno di studi \"Tiziano e i suoi: un progetto, una prospettiva\"","og_url":"https:\/\/arteeluoghi.it\/index.php\/2022\/05\/04\/a-belluno-due-giorni-dedicati-al-tiziano\/","og_site_name":"Arte e Luoghi","article_publisher":"https:\/\/www.facebook.com\/ArteELuoghi\/","article_published_time":"2022-05-04T14:08:20+00:00","article_modified_time":"2022-05-04T15:41:10+00:00","og_image":[{"width":1600,"height":1067,"url":"https:\/\/arteeluoghi.it\/wp-content\/uploads\/2022\/05\/belluno.jpeg","type":"image\/jpeg"}],"twitter_card":"summary","twitter_creator":"@arteeluoghi","twitter_site":"@arteeluoghi","twitter_misc":{"Scritto da":"Staff","Tempo di lettura stimato":"8 minuti"},"schema":{"@context":"https:\/\/schema.org","@graph":[{"@type":"Organization","@id":"https:\/\/arteeluoghi.it\/#organization","name":"Arte e Luoghi","url":"https:\/\/arteeluoghi.it\/","sameAs":["https:\/\/www.facebook.com\/ArteELuoghi\/","https:\/\/www.instagram.com\/arteeluoghi\/?hl=it","https:\/\/www.youtube.com\/channel\/UCuRVc4JW4-C5sg9rQB-srkw?view_as=subscriber","https:\/\/twitter.com\/arteeluoghi"],"logo":{"@type":"ImageObject","@id":"https:\/\/arteeluoghi.it\/#logo","inLanguage":"it-IT","url":"https:\/\/arteeluoghi.it\/wp-content\/uploads\/2018\/08\/logoinstagramarte.jpg","contentUrl":"https:\/\/arteeluoghi.it\/wp-content\/uploads\/2018\/08\/logoinstagramarte.jpg","width":150,"height":150,"caption":"Arte e Luoghi"},"image":{"@id":"https:\/\/arteeluoghi.it\/#logo"}},{"@type":"WebSite","@id":"https:\/\/arteeluoghi.it\/#website","url":"https:\/\/arteeluoghi.it\/","name":"Arte e Luoghi","description":"Mensile di arte, cultura, turismo e curiosit\u00e0","publisher":{"@id":"https:\/\/arteeluoghi.it\/#organization"},"potentialAction":[{"@type":"SearchAction","target":{"@type":"EntryPoint","urlTemplate":"https:\/\/arteeluoghi.it\/?s={search_term_string}"},"query-input":"required name=search_term_string"}],"inLanguage":"it-IT"},{"@type":"ImageObject","@id":"https:\/\/arteeluoghi.it\/index.php\/2022\/05\/04\/a-belluno-due-giorni-dedicati-al-tiziano\/#primaryimage","inLanguage":"it-IT","url":"https:\/\/arteeluoghi.it\/wp-content\/uploads\/2022\/05\/belluno.jpeg","contentUrl":"https:\/\/arteeluoghi.it\/wp-content\/uploads\/2022\/05\/belluno.jpeg","width":1600,"height":1067},{"@type":"WebPage","@id":"https:\/\/arteeluoghi.it\/index.php\/2022\/05\/04\/a-belluno-due-giorni-dedicati-al-tiziano\/#webpage","url":"https:\/\/arteeluoghi.it\/index.php\/2022\/05\/04\/a-belluno-due-giorni-dedicati-al-tiziano\/","name":"A Belluno due giorni dedicati al Tiziano | Arte e Luoghi","isPartOf":{"@id":"https:\/\/arteeluoghi.it\/#website"},"primaryImageOfPage":{"@id":"https:\/\/arteeluoghi.it\/index.php\/2022\/05\/04\/a-belluno-due-giorni-dedicati-al-tiziano\/#primaryimage"},"datePublished":"2022-05-04T14:08:20+00:00","dateModified":"2022-05-04T15:41:10+00:00","description":"A Belluno, il 6 e 7 maggio, due giorni con il convegno di studi \"Tiziano e i suoi: un progetto, una prospettiva\"","breadcrumb":{"@id":"https:\/\/arteeluoghi.it\/index.php\/2022\/05\/04\/a-belluno-due-giorni-dedicati-al-tiziano\/#breadcrumb"},"inLanguage":"it-IT","potentialAction":[{"@type":"ReadAction","target":["https:\/\/arteeluoghi.it\/index.php\/2022\/05\/04\/a-belluno-due-giorni-dedicati-al-tiziano\/"]}]},{"@type":"BreadcrumbList","@id":"https:\/\/arteeluoghi.it\/index.php\/2022\/05\/04\/a-belluno-due-giorni-dedicati-al-tiziano\/#breadcrumb","itemListElement":[{"@type":"ListItem","position":1,"name":"Home","item":"https:\/\/arteeluoghi.it\/"},{"@type":"ListItem","position":2,"name":"A Belluno due giorni dedicati al Tiziano"}]},{"@type":"Article","@id":"https:\/\/arteeluoghi.it\/index.php\/2022\/05\/04\/a-belluno-due-giorni-dedicati-al-tiziano\/#article","isPartOf":{"@id":"https:\/\/arteeluoghi.it\/index.php\/2022\/05\/04\/a-belluno-due-giorni-dedicati-al-tiziano\/#webpage"},"author":{"@id":"https:\/\/arteeluoghi.it\/#\/schema\/person\/f84e814e36e91e01448ee07eaadd41d4"},"headline":"A Belluno due giorni dedicati al Tiziano","datePublished":"2022-05-04T14:08:20+00:00","dateModified":"2022-05-04T15:41:10+00:00","mainEntityOfPage":{"@id":"https:\/\/arteeluoghi.it\/index.php\/2022\/05\/04\/a-belluno-due-giorni-dedicati-al-tiziano\/#webpage"},"wordCount":1324,"commentCount":0,"publisher":{"@id":"https:\/\/arteeluoghi.it\/#organization"},"image":{"@id":"https:\/\/arteeluoghi.it\/index.php\/2022\/05\/04\/a-belluno-due-giorni-dedicati-al-tiziano\/#primaryimage"},"thumbnailUrl":"https:\/\/arteeluoghi.it\/wp-content\/uploads\/2022\/05\/belluno.jpeg","keywords":["Belluno","Cinema Italia di Belluno","Convegno di studi","Enrico Maria dal Pozzolo","Francesca Cocchiara","Luca e Nino Criscenti","Maria Agnese Chiari Moretto Wiel","Peter L\u00fcdemann","restauri","Stefania Mason","Tiziano","Tiziano senza fine"],"articleSection":["Arte","Arti visive","I luoghi della parola","I luoghi nella rete Biblioteche Musei Fondazioni"],"inLanguage":"it-IT","potentialAction":[{"@type":"CommentAction","name":"Comment","target":["https:\/\/arteeluoghi.it\/index.php\/2022\/05\/04\/a-belluno-due-giorni-dedicati-al-tiziano\/#respond"]}]},{"@type":"Person","@id":"https:\/\/arteeluoghi.it\/#\/schema\/person\/f84e814e36e91e01448ee07eaadd41d4","name":"Staff","image":{"@type":"ImageObject","@id":"https:\/\/arteeluoghi.it\/#personlogo","inLanguage":"it-IT","url":"https:\/\/secure.gravatar.com\/avatar\/49d2f9e46271bb04e19cebfaf141313a?s=96&d=blank&r=g","contentUrl":"https:\/\/secure.gravatar.com\/avatar\/49d2f9e46271bb04e19cebfaf141313a?s=96&d=blank&r=g","caption":"Staff"}}]}},"_links":{"self":[{"href":"https:\/\/arteeluoghi.it\/index.php\/wp-json\/wp\/v2\/posts\/11180"}],"collection":[{"href":"https:\/\/arteeluoghi.it\/index.php\/wp-json\/wp\/v2\/posts"}],"about":[{"href":"https:\/\/arteeluoghi.it\/index.php\/wp-json\/wp\/v2\/types\/post"}],"author":[{"embeddable":true,"href":"https:\/\/arteeluoghi.it\/index.php\/wp-json\/wp\/v2\/users\/1"}],"replies":[{"embeddable":true,"href":"https:\/\/arteeluoghi.it\/index.php\/wp-json\/wp\/v2\/comments?post=11180"}],"version-history":[{"count":1,"href":"https:\/\/arteeluoghi.it\/index.php\/wp-json\/wp\/v2\/posts\/11180\/revisions"}],"predecessor-version":[{"id":11185,"href":"https:\/\/arteeluoghi.it\/index.php\/wp-json\/wp\/v2\/posts\/11180\/revisions\/11185"}],"wp:featuredmedia":[{"embeddable":true,"href":"https:\/\/arteeluoghi.it\/index.php\/wp-json\/wp\/v2\/media\/11183"}],"wp:attachment":[{"href":"https:\/\/arteeluoghi.it\/index.php\/wp-json\/wp\/v2\/media?parent=11180"}],"wp:term":[{"taxonomy":"category","embeddable":true,"href":"https:\/\/arteeluoghi.it\/index.php\/wp-json\/wp\/v2\/categories?post=11180"},{"taxonomy":"post_tag","embeddable":true,"href":"https:\/\/arteeluoghi.it\/index.php\/wp-json\/wp\/v2\/tags?post=11180"}],"curies":[{"name":"wp","href":"https:\/\/api.w.org\/{rel}","templated":true}]}}