{"id":1119,"date":"2013-03-27T11:18:00","date_gmt":"2013-03-27T10:18:00","guid":{"rendered":"http:\/\/arteeluoghi.it\/index.php\/2013\/03\/27\/albano-inaugura-il-terzo-oolivoo\/"},"modified":"2013-03-27T11:18:00","modified_gmt":"2013-03-27T10:18:00","slug":"albano-inaugura-il-terzo-oolivoo","status":"publish","type":"post","link":"https:\/\/arteeluoghi.it\/index.php\/2013\/03\/27\/albano-inaugura-il-terzo-oolivoo\/","title":{"rendered":"Al Bano inaugura il terzo Oolivoo"},"content":{"rendered":"<p><img src=\"\/images\/albano.jpg\" border=\"0\" title=\"Al Bano Carrisi testimonial del progettoi Oolivoo\" width=\"300\" style=\"margin: 21px; float: left;\" \/>Dal 27 marzo 2013 OOlivoo apre a Taranto il terzo ristorante &#8220;la qualit\u00e0 al giusto prezzo&#8221;\u00a0<\/p>\n<p><span style=\"font-size: small;\"><strong>Il monito di Al Bano, &#8220;Bisogna mangiar bene!&#8221;<\/strong><\/span><\/p>\n<p><span style=\"font-size: small;\">di Antonietta Fulvio<strong><br \/><\/strong><\/span><\/p>\n<p>Parola d\u2019ordine: \u201cSaper diversificare\u201d. Unendo l\u2019utile al dilettevole, sicuri che coniugare l\u2019eccellenza agroalimentare e la migliore tradizione enogastronomica pugliese non pu\u00f2 che essere una carta vincente. Dall\u2019altro capo del telefono ci parla Al Bano Carrisi \u00a0mentre sta per raggiungere Taranto, precisamente piazza Ebalia 7\/d dove da questa apre la pubblico \u201cOolivo\u201d il terzo ristorante della catena\u00a0 in Puglia mentre ci si prepara a nuove aperture, da Milano a Londra a San Pietroburgo.<\/p>\n<p>  <!--more-->  <\/p>\n<p>\u00a0<\/p>\n<p>Voce straordinaria, che fa amare la musica italiana ad ogni latitudine, Ambasciatore Onu e Fao ma, soprattutto, ambasciatore in tutto il mondo della sua amata Puglia. Gioviale e gentile, come sempre, l\u2019artista di Cellino San Marco ci ha raccontato l\u2019essenza del progetto Oolivoo, di cui \u00e8 azionista, con una piccola quota, ed entusiasticamente il testimonial. \u201cUna bella idea che mette al centro il gusto made in Puglia, OOlivoo \u00e8 un progetto di ristorazione di altissimo livello che interpreta l&#8217;esigenza della gente di trascorrere una serata piacevole, riscoprendo quei sapori antichi e sani che spesso rimangono fermi soltanto nella nostra memoria,\u00a0 in un ambiente elegante e conviviale che si rivela un ottimo viatico per far conoscere i miei vini\u201d. Lo dice con estrema naturalezza, senza nascondere l\u2019orgoglio per le sue radici, che hanno dimora nel suggestivo paesaggio delle Tenute Carrisi dominato da ulivi secolari e profumati vigneti. Nella vigna appartenuta al nonno, suo padre, Don Carmelo, lo aveva condotto da bambino insegnandogli a liberare le piante dalle erbacce secondo i dettami che da sempre stabiliscono il rapporto dell\u2019uomo con la natura: &#8220;Se dai alla terra, la terra ti d\u00e0&#8221;. E dai quei vigneti era partito il giovane Al Bano con la promessa che un giorno, ritornato cantante, avrebbe costruito una cantina tutta per lui.<\/p>\n<p>\u201c\u00c8 importante andare via, ma avendo sempre il progetto del ritorno. Io l\u2019ho vissuto sulla mia pelle. Consiglio ai giovani di fare tesoro delle esperienze lavorative che si possono fare in un\u2019altra citt\u00e0 o all\u2019estero perch\u00e9 questo amplia le proprie vedute ma non bisogna mai perdere il filo di Arianna\u201d. E lui quel filo che lo lega a Cellino non lo ha perso. Ha adempiuto la promessa nel migliore dei modi, oggi le Tenute Carrisi sono una splendida realt\u00e0 imprenditoriale con una produzione di olio e di vini pregiati come il pluripremiato <em>Taras<\/em> e il <em>Platone<\/em> riconosciuto nel settembre 2009 quale &#8220;Miglior vino del mondo&#8221; tra quelli prodotti dai vip internazionali. Anche nell\u2019ultimo nato in casa Oolivoo a Taranto nella carta dei vini sar\u00e0 possibile scegliere \u00a0tra le etichette delle Tenute Carrisi,\u00a0 abbinate ai magnifici piatti a firma dello Chef Antonio Lisco, ideatore della linea gastronomica.\u00a0 Una formula consolidata che punta alla realizzazione di piatti della migliore tradizione culinaria pugliese con un recupero della manualit\u00e0 e delle tecniche con cui cucinavano le nostre nonne. \u201cPerch\u00e9 bisogna mangiare bene. Cosa preferisco?\u00a0 tutti i piatti tipici pugliesi, dai legumi, ceci e fagioli, alle orecchiette con le cime di rapa, agli involtini al sugo che prepara mia madre. Mi piace cucinare ma mi inginocchio davanti alla sua cucina che nasce da una maestria datata e dotata di alta qualit\u00e0\u201d. La stessa cura che ha sposato il progetto Oolivoo che punta non solo al recupero delle tipicit\u00e0 attraverso la preparazione di piatti della cucina casareccia, rivisitati in chiave contemporanea, ma anche alla genuinit\u00e0 degli ingredienti, strizzando l\u2019occhio all\u2019ambiente realizzando con l\u2019Oolivoo di Taranto il primo ristorante quasi totalmente ecosostenibile. Grazie al designer d\u2019interni\u00a0 Ilario Branca che ha scelto i materiali poveri della terra pugliese, legno, corda, bamb\u00f9, sughero, canna da zucchero e le meravigliose ceramiche di Grottaglie per allestire gli spazi total white. D&#8217;altronde bisogna mirare ad uno stile di vita che salvaguardi la salute dell\u2019ecosistema perch\u00e9 come asseriva il filosofo Ludwig Andreas Feuerbach in fondo \u201c<em>noi siamo quello che mangiamo\u201d.<\/em><\/p>\n<p>Ma cosa significa oggi investire nel settore della ristorazione? L\u2019uomo ha sempre bisogno di mangiare, alimentarsi \u00e8 una priorit\u00e0 e nei ristoranti Oolivoo si realizza il perfetto connubio tra qualit\u00e0 delle preparazioni e prezzo\u201d. Della serie mangiare bene al prezzo giusto \u00e8 possibile e, pu\u00f2, con ogni probabilit\u00e0 essere anche una ricetta anticrisi. \u201cPerch\u00e9 poi &#8211; come diceva il buon Eduardo &#8211;\u00a0 questa crisi add\u00e0 pass\u00e0\u201d. Fuori dal ristorante lo aspetta un bagno di folla e, naturalmente, dopo il taglio del nastro, un brindisi con le sue etichette pi\u00f9 famose e l\u2019immancabile \u201cDon Carmelo\u201d in ricordo di suo padre.<\/p>\n<p>\u00a0<\/p>\n<p>\u00a0<\/p>\n<p>\u00a0<\/p>\n<p>\u00a0<\/p>\n","protected":false},"excerpt":{"rendered":"<p>Dal 27 marzo 2013 OOlivoo apre a Taranto il terzo ristorante &#8220;la qualit\u00e0 al giusto prezzo&#8221;\u00a0 Il monito di Al<\/p>\n","protected":false},"author":1,"featured_media":0,"comment_status":"open","ping_status":"open","sticky":false,"template":"","format":"standard","meta":[],"categories":[22],"tags":[],"yoast_head":"<!-- This site is optimized with the Yoast SEO plugin v18.0 - https:\/\/yoast.com\/wordpress\/plugins\/seo\/ -->\n<title>Al Bano inaugura il terzo Oolivoo | Arte e Luoghi<\/title>\n<meta name=\"robots\" content=\"index, follow, max-snippet:-1, max-image-preview:large, max-video-preview:-1\" \/>\n<link rel=\"canonical\" href=\"https:\/\/arteeluoghi.it\/index.php\/2013\/03\/27\/albano-inaugura-il-terzo-oolivoo\/\" \/>\n<meta property=\"og:locale\" content=\"it_IT\" \/>\n<meta property=\"og:type\" content=\"article\" \/>\n<meta property=\"og:title\" content=\"Al Bano inaugura il terzo Oolivoo | Arte e Luoghi\" \/>\n<meta property=\"og:description\" content=\"Dal 27 marzo 2013 OOlivoo apre a Taranto il terzo ristorante &#8220;la qualit\u00e0 al giusto prezzo&#8221;\u00a0 Il monito di Al\" \/>\n<meta property=\"og:url\" content=\"https:\/\/arteeluoghi.it\/index.php\/2013\/03\/27\/albano-inaugura-il-terzo-oolivoo\/\" \/>\n<meta property=\"og:site_name\" content=\"Arte e Luoghi\" \/>\n<meta property=\"article:publisher\" content=\"https:\/\/www.facebook.com\/ArteELuoghi\/\" \/>\n<meta property=\"article:published_time\" content=\"2013-03-27T10:18:00+00:00\" \/>\n<meta property=\"og:image\" content=\"https:\/\/arteeluoghi.it\/images\/albano.jpg\" \/>\n<meta name=\"twitter:card\" content=\"summary\" \/>\n<meta name=\"twitter:creator\" content=\"@arteeluoghi\" \/>\n<meta name=\"twitter:site\" content=\"@arteeluoghi\" \/>\n<meta name=\"twitter:label1\" content=\"Scritto da\" \/>\n\t<meta name=\"twitter:data1\" content=\"Staff\" \/>\n\t<meta name=\"twitter:label2\" content=\"Tempo di lettura stimato\" \/>\n\t<meta name=\"twitter:data2\" content=\"4 minuti\" \/>\n<script type=\"application\/ld+json\" class=\"yoast-schema-graph\">{\"@context\":\"https:\/\/schema.org\",\"@graph\":[{\"@type\":\"Organization\",\"@id\":\"https:\/\/arteeluoghi.it\/#organization\",\"name\":\"Arte e Luoghi\",\"url\":\"https:\/\/arteeluoghi.it\/\",\"sameAs\":[\"https:\/\/www.facebook.com\/ArteELuoghi\/\",\"https:\/\/www.instagram.com\/arteeluoghi\/?hl=it\",\"https:\/\/www.youtube.com\/channel\/UCuRVc4JW4-C5sg9rQB-srkw?view_as=subscriber\",\"https:\/\/twitter.com\/arteeluoghi\"],\"logo\":{\"@type\":\"ImageObject\",\"@id\":\"https:\/\/arteeluoghi.it\/#logo\",\"inLanguage\":\"it-IT\",\"url\":\"https:\/\/arteeluoghi.it\/wp-content\/uploads\/2018\/08\/logoinstagramarte.jpg\",\"contentUrl\":\"https:\/\/arteeluoghi.it\/wp-content\/uploads\/2018\/08\/logoinstagramarte.jpg\",\"width\":150,\"height\":150,\"caption\":\"Arte e Luoghi\"},\"image\":{\"@id\":\"https:\/\/arteeluoghi.it\/#logo\"}},{\"@type\":\"WebSite\",\"@id\":\"https:\/\/arteeluoghi.it\/#website\",\"url\":\"https:\/\/arteeluoghi.it\/\",\"name\":\"Arte e Luoghi\",\"description\":\"Mensile di arte, cultura, turismo e curiosit\u00e0\",\"publisher\":{\"@id\":\"https:\/\/arteeluoghi.it\/#organization\"},\"potentialAction\":[{\"@type\":\"SearchAction\",\"target\":{\"@type\":\"EntryPoint\",\"urlTemplate\":\"https:\/\/arteeluoghi.it\/?s={search_term_string}\"},\"query-input\":\"required name=search_term_string\"}],\"inLanguage\":\"it-IT\"},{\"@type\":\"ImageObject\",\"@id\":\"https:\/\/arteeluoghi.it\/index.php\/2013\/03\/27\/albano-inaugura-il-terzo-oolivoo\/#primaryimage\",\"inLanguage\":\"it-IT\",\"url\":\"\/images\/albano.jpg\",\"contentUrl\":\"\/images\/albano.jpg\"},{\"@type\":\"WebPage\",\"@id\":\"https:\/\/arteeluoghi.it\/index.php\/2013\/03\/27\/albano-inaugura-il-terzo-oolivoo\/#webpage\",\"url\":\"https:\/\/arteeluoghi.it\/index.php\/2013\/03\/27\/albano-inaugura-il-terzo-oolivoo\/\",\"name\":\"Al Bano inaugura il terzo Oolivoo | Arte e Luoghi\",\"isPartOf\":{\"@id\":\"https:\/\/arteeluoghi.it\/#website\"},\"primaryImageOfPage\":{\"@id\":\"https:\/\/arteeluoghi.it\/index.php\/2013\/03\/27\/albano-inaugura-il-terzo-oolivoo\/#primaryimage\"},\"datePublished\":\"2013-03-27T10:18:00+00:00\",\"dateModified\":\"2013-03-27T10:18:00+00:00\",\"breadcrumb\":{\"@id\":\"https:\/\/arteeluoghi.it\/index.php\/2013\/03\/27\/albano-inaugura-il-terzo-oolivoo\/#breadcrumb\"},\"inLanguage\":\"it-IT\",\"potentialAction\":[{\"@type\":\"ReadAction\",\"target\":[\"https:\/\/arteeluoghi.it\/index.php\/2013\/03\/27\/albano-inaugura-il-terzo-oolivoo\/\"]}]},{\"@type\":\"BreadcrumbList\",\"@id\":\"https:\/\/arteeluoghi.it\/index.php\/2013\/03\/27\/albano-inaugura-il-terzo-oolivoo\/#breadcrumb\",\"itemListElement\":[{\"@type\":\"ListItem\",\"position\":1,\"name\":\"Home\",\"item\":\"https:\/\/arteeluoghi.it\/\"},{\"@type\":\"ListItem\",\"position\":2,\"name\":\"Al Bano inaugura il terzo Oolivoo\"}]},{\"@type\":\"Article\",\"@id\":\"https:\/\/arteeluoghi.it\/index.php\/2013\/03\/27\/albano-inaugura-il-terzo-oolivoo\/#article\",\"isPartOf\":{\"@id\":\"https:\/\/arteeluoghi.it\/index.php\/2013\/03\/27\/albano-inaugura-il-terzo-oolivoo\/#webpage\"},\"author\":{\"@id\":\"https:\/\/arteeluoghi.it\/#\/schema\/person\/f84e814e36e91e01448ee07eaadd41d4\"},\"headline\":\"Al Bano inaugura il terzo Oolivoo\",\"datePublished\":\"2013-03-27T10:18:00+00:00\",\"dateModified\":\"2013-03-27T10:18:00+00:00\",\"mainEntityOfPage\":{\"@id\":\"https:\/\/arteeluoghi.it\/index.php\/2013\/03\/27\/albano-inaugura-il-terzo-oolivoo\/#webpage\"},\"wordCount\":765,\"commentCount\":0,\"publisher\":{\"@id\":\"https:\/\/arteeluoghi.it\/#organization\"},\"image\":{\"@id\":\"https:\/\/arteeluoghi.it\/index.php\/2013\/03\/27\/albano-inaugura-il-terzo-oolivoo\/#primaryimage\"},\"thumbnailUrl\":\"\/images\/albano.jpg\",\"articleSection\":[\"interviste\"],\"inLanguage\":\"it-IT\",\"potentialAction\":[{\"@type\":\"CommentAction\",\"name\":\"Comment\",\"target\":[\"https:\/\/arteeluoghi.it\/index.php\/2013\/03\/27\/albano-inaugura-il-terzo-oolivoo\/#respond\"]}]},{\"@type\":\"Person\",\"@id\":\"https:\/\/arteeluoghi.it\/#\/schema\/person\/f84e814e36e91e01448ee07eaadd41d4\",\"name\":\"Staff\",\"image\":{\"@type\":\"ImageObject\",\"@id\":\"https:\/\/arteeluoghi.it\/#personlogo\",\"inLanguage\":\"it-IT\",\"url\":\"https:\/\/secure.gravatar.com\/avatar\/49d2f9e46271bb04e19cebfaf141313a?s=96&d=blank&r=g\",\"contentUrl\":\"https:\/\/secure.gravatar.com\/avatar\/49d2f9e46271bb04e19cebfaf141313a?s=96&d=blank&r=g\",\"caption\":\"Staff\"}}]}<\/script>\n<!-- \/ Yoast SEO plugin. -->","yoast_head_json":{"title":"Al Bano inaugura il terzo Oolivoo | Arte e Luoghi","robots":{"index":"index","follow":"follow","max-snippet":"max-snippet:-1","max-image-preview":"max-image-preview:large","max-video-preview":"max-video-preview:-1"},"canonical":"https:\/\/arteeluoghi.it\/index.php\/2013\/03\/27\/albano-inaugura-il-terzo-oolivoo\/","og_locale":"it_IT","og_type":"article","og_title":"Al Bano inaugura il terzo Oolivoo | Arte e Luoghi","og_description":"Dal 27 marzo 2013 OOlivoo apre a Taranto il terzo ristorante &#8220;la qualit\u00e0 al giusto prezzo&#8221;\u00a0 Il monito di Al","og_url":"https:\/\/arteeluoghi.it\/index.php\/2013\/03\/27\/albano-inaugura-il-terzo-oolivoo\/","og_site_name":"Arte e Luoghi","article_publisher":"https:\/\/www.facebook.com\/ArteELuoghi\/","article_published_time":"2013-03-27T10:18:00+00:00","og_image":[{"url":"https:\/\/arteeluoghi.it\/images\/albano.jpg"}],"twitter_card":"summary","twitter_creator":"@arteeluoghi","twitter_site":"@arteeluoghi","twitter_misc":{"Scritto da":"Staff","Tempo di lettura stimato":"4 minuti"},"schema":{"@context":"https:\/\/schema.org","@graph":[{"@type":"Organization","@id":"https:\/\/arteeluoghi.it\/#organization","name":"Arte e Luoghi","url":"https:\/\/arteeluoghi.it\/","sameAs":["https:\/\/www.facebook.com\/ArteELuoghi\/","https:\/\/www.instagram.com\/arteeluoghi\/?hl=it","https:\/\/www.youtube.com\/channel\/UCuRVc4JW4-C5sg9rQB-srkw?view_as=subscriber","https:\/\/twitter.com\/arteeluoghi"],"logo":{"@type":"ImageObject","@id":"https:\/\/arteeluoghi.it\/#logo","inLanguage":"it-IT","url":"https:\/\/arteeluoghi.it\/wp-content\/uploads\/2018\/08\/logoinstagramarte.jpg","contentUrl":"https:\/\/arteeluoghi.it\/wp-content\/uploads\/2018\/08\/logoinstagramarte.jpg","width":150,"height":150,"caption":"Arte e Luoghi"},"image":{"@id":"https:\/\/arteeluoghi.it\/#logo"}},{"@type":"WebSite","@id":"https:\/\/arteeluoghi.it\/#website","url":"https:\/\/arteeluoghi.it\/","name":"Arte e Luoghi","description":"Mensile di arte, cultura, turismo e curiosit\u00e0","publisher":{"@id":"https:\/\/arteeluoghi.it\/#organization"},"potentialAction":[{"@type":"SearchAction","target":{"@type":"EntryPoint","urlTemplate":"https:\/\/arteeluoghi.it\/?s={search_term_string}"},"query-input":"required name=search_term_string"}],"inLanguage":"it-IT"},{"@type":"ImageObject","@id":"https:\/\/arteeluoghi.it\/index.php\/2013\/03\/27\/albano-inaugura-il-terzo-oolivoo\/#primaryimage","inLanguage":"it-IT","url":"\/images\/albano.jpg","contentUrl":"\/images\/albano.jpg"},{"@type":"WebPage","@id":"https:\/\/arteeluoghi.it\/index.php\/2013\/03\/27\/albano-inaugura-il-terzo-oolivoo\/#webpage","url":"https:\/\/arteeluoghi.it\/index.php\/2013\/03\/27\/albano-inaugura-il-terzo-oolivoo\/","name":"Al Bano inaugura il terzo Oolivoo | Arte e Luoghi","isPartOf":{"@id":"https:\/\/arteeluoghi.it\/#website"},"primaryImageOfPage":{"@id":"https:\/\/arteeluoghi.it\/index.php\/2013\/03\/27\/albano-inaugura-il-terzo-oolivoo\/#primaryimage"},"datePublished":"2013-03-27T10:18:00+00:00","dateModified":"2013-03-27T10:18:00+00:00","breadcrumb":{"@id":"https:\/\/arteeluoghi.it\/index.php\/2013\/03\/27\/albano-inaugura-il-terzo-oolivoo\/#breadcrumb"},"inLanguage":"it-IT","potentialAction":[{"@type":"ReadAction","target":["https:\/\/arteeluoghi.it\/index.php\/2013\/03\/27\/albano-inaugura-il-terzo-oolivoo\/"]}]},{"@type":"BreadcrumbList","@id":"https:\/\/arteeluoghi.it\/index.php\/2013\/03\/27\/albano-inaugura-il-terzo-oolivoo\/#breadcrumb","itemListElement":[{"@type":"ListItem","position":1,"name":"Home","item":"https:\/\/arteeluoghi.it\/"},{"@type":"ListItem","position":2,"name":"Al Bano inaugura il terzo Oolivoo"}]},{"@type":"Article","@id":"https:\/\/arteeluoghi.it\/index.php\/2013\/03\/27\/albano-inaugura-il-terzo-oolivoo\/#article","isPartOf":{"@id":"https:\/\/arteeluoghi.it\/index.php\/2013\/03\/27\/albano-inaugura-il-terzo-oolivoo\/#webpage"},"author":{"@id":"https:\/\/arteeluoghi.it\/#\/schema\/person\/f84e814e36e91e01448ee07eaadd41d4"},"headline":"Al Bano inaugura il terzo Oolivoo","datePublished":"2013-03-27T10:18:00+00:00","dateModified":"2013-03-27T10:18:00+00:00","mainEntityOfPage":{"@id":"https:\/\/arteeluoghi.it\/index.php\/2013\/03\/27\/albano-inaugura-il-terzo-oolivoo\/#webpage"},"wordCount":765,"commentCount":0,"publisher":{"@id":"https:\/\/arteeluoghi.it\/#organization"},"image":{"@id":"https:\/\/arteeluoghi.it\/index.php\/2013\/03\/27\/albano-inaugura-il-terzo-oolivoo\/#primaryimage"},"thumbnailUrl":"\/images\/albano.jpg","articleSection":["interviste"],"inLanguage":"it-IT","potentialAction":[{"@type":"CommentAction","name":"Comment","target":["https:\/\/arteeluoghi.it\/index.php\/2013\/03\/27\/albano-inaugura-il-terzo-oolivoo\/#respond"]}]},{"@type":"Person","@id":"https:\/\/arteeluoghi.it\/#\/schema\/person\/f84e814e36e91e01448ee07eaadd41d4","name":"Staff","image":{"@type":"ImageObject","@id":"https:\/\/arteeluoghi.it\/#personlogo","inLanguage":"it-IT","url":"https:\/\/secure.gravatar.com\/avatar\/49d2f9e46271bb04e19cebfaf141313a?s=96&d=blank&r=g","contentUrl":"https:\/\/secure.gravatar.com\/avatar\/49d2f9e46271bb04e19cebfaf141313a?s=96&d=blank&r=g","caption":"Staff"}}]}},"_links":{"self":[{"href":"https:\/\/arteeluoghi.it\/index.php\/wp-json\/wp\/v2\/posts\/1119"}],"collection":[{"href":"https:\/\/arteeluoghi.it\/index.php\/wp-json\/wp\/v2\/posts"}],"about":[{"href":"https:\/\/arteeluoghi.it\/index.php\/wp-json\/wp\/v2\/types\/post"}],"author":[{"embeddable":true,"href":"https:\/\/arteeluoghi.it\/index.php\/wp-json\/wp\/v2\/users\/1"}],"replies":[{"embeddable":true,"href":"https:\/\/arteeluoghi.it\/index.php\/wp-json\/wp\/v2\/comments?post=1119"}],"version-history":[{"count":0,"href":"https:\/\/arteeluoghi.it\/index.php\/wp-json\/wp\/v2\/posts\/1119\/revisions"}],"wp:attachment":[{"href":"https:\/\/arteeluoghi.it\/index.php\/wp-json\/wp\/v2\/media?parent=1119"}],"wp:term":[{"taxonomy":"category","embeddable":true,"href":"https:\/\/arteeluoghi.it\/index.php\/wp-json\/wp\/v2\/categories?post=1119"},{"taxonomy":"post_tag","embeddable":true,"href":"https:\/\/arteeluoghi.it\/index.php\/wp-json\/wp\/v2\/tags?post=1119"}],"curies":[{"name":"wp","href":"https:\/\/api.w.org\/{rel}","templated":true}]}}