{"id":11201,"date":"2022-05-04T22:26:07","date_gmt":"2022-05-04T20:26:07","guid":{"rendered":"https:\/\/arteeluoghi.it\/?p=11201"},"modified":"2022-05-04T22:26:10","modified_gmt":"2022-05-04T20:26:10","slug":"holm-editoria-e-disegno","status":"publish","type":"post","link":"https:\/\/arteeluoghi.it\/index.php\/2022\/05\/04\/holm-editoria-e-disegno\/","title":{"rendered":"Holm! Editoria e disegno"},"content":{"rendered":"\n<blockquote class=\"wp-block-quote\"><p>Nell&#8217;ambito del Festival sar\u00e0 inaugurata alle Officine Culturali Ergot la mostra &#8220;<strong>Pietro Spica &#8211;\u00a0Ritratti d&#8217;anarchia<\/strong><\/p><\/blockquote>\n\n\n\n<p><strong>Venerd\u00ec 6 maggio<\/strong>&nbsp;(<em>ore 18:30 &#8211; ingresso libero<\/em>) alle&nbsp;<strong>Officine Culturali Ergot&nbsp;<\/strong>di<strong>&nbsp;Lecce<\/strong>, la seconda edizione del festival &#8220;<strong>Holm! Editoria e disegno<\/strong>&#8220;ospita l&#8217;inaugurazione della mostra &#8220;<strong>Pietro Spica &#8211;&nbsp;<\/strong><strong>Ritratti d&#8217;anarchia<\/strong>&#8220;. Al vernissage&nbsp;parteciper\u00e0&nbsp;<strong>Dario Borso<\/strong>, docente di Estetica all&#8217;Universit\u00e0 di Milano e amico dell&#8217;artista veneto scomparso a settembre.<\/p>\n\n\n\n<!--more-->\n\n\n\n<p>La mostra\u00a0(aperta sino al 31 maggio)\u00a0\u00e8 la naturale evoluzione del libro &#8220;Storie d&#8217;anarchia per 50 ritratti&#8221; (Shake Edizioni), in cui Pietro Spica ritrae con affetto i maggiori esponenti del movimento anarchico internazionale. Alla stregua di un bordone musicale, i ritratti sono accompagnati da note biografiche, canzoni e poesie, da citazioni (scritte da Lorenzo Pezzica) che si srotolano e rincorrono l&#8217;un l&#8217;altra, per infine delineare una toccante storia corale. La prefazione \u00e8 firmata da Michele Serra.<\/p>\n\n\n\n<div class=\"wp-block-image\"><figure class=\"alignright size-large is-resized\"><img loading=\"lazy\" src=\"https:\/\/arteeluoghi.it\/wp-content\/uploads\/2022\/05\/Storie-danarchia-per-50-ritratti-Pietro-Spica-871x1024.jpg\" alt=\"\" class=\"wp-image-11202\" width=\"374\" height=\"440\" srcset=\"https:\/\/arteeluoghi.it\/wp-content\/uploads\/2022\/05\/Storie-danarchia-per-50-ritratti-Pietro-Spica-871x1024.jpg 871w, https:\/\/arteeluoghi.it\/wp-content\/uploads\/2022\/05\/Storie-danarchia-per-50-ritratti-Pietro-Spica-255x300.jpg 255w, https:\/\/arteeluoghi.it\/wp-content\/uploads\/2022\/05\/Storie-danarchia-per-50-ritratti-Pietro-Spica-768x903.jpg 768w, https:\/\/arteeluoghi.it\/wp-content\/uploads\/2022\/05\/Storie-danarchia-per-50-ritratti-Pietro-Spica.jpg 1000w\" sizes=\"(max-width: 374px) 100vw, 374px\" \/><figcaption>La copertina del libro Storie d&#8217;anarchia per 50 ritratti di Pietro Spica<\/figcaption><\/figure><\/div>\n\n\n\n<p><br>L&#8217;ideale anarchico \u00e8 aspirazione di libert\u00e0 e desiderio di giustizia, ma anche reazione alla sopraffazione dei pi\u00f9 deboli per mano dei pi\u00f9 forti. \u00c8 sogno di eguaglianza e di una societ\u00e0 pi\u00f9 giusta. Fratellanza tra pari. Per perseguire questi ideali, negli ultimi due secoli molti uomini e donne hanno sperimentato vite comunitarie e utopiche, progettato rivoluzioni impossibili, immaginato gesta romanticamente esemplari, disperate, e mille atti di eroismo. Infinite pagine di generosit\u00e0 ma anche di grandi tragedie. Perch\u00e9 nulla \u00e8 semplice nelle vicende degli anarchici e delle anarchiche: il paradiso si mischia con l&#8217;inferno, le bandiere rosse a quelle nere. Cos\u00ec anarchici, cos\u00ec umani. Una vicenda scolpita dal sacrificio di tante donne e uomini, in grado di far emergere la ricchezza di un&#8217;idea plurale, sperimentale e antidogmatica. Il racconto di queste &#8220;storie d&#8217;anarchia&#8221; si concretizza cos\u00ec in un movimento, nel corpo e nello spirito di queste donne e uomini, in una dimensione che lungi dall&#8217;essere solo politica \u00e8 anche etica e profondamente umana. Nei ritratti William Godwin, Stirner, Proudhon, Bakunin, Louise Michel, Carlo Cafiero, Lucy Parsons, Errico Malatesta, Voltairine de Cleyre, Gaetano Bresci, Emma Goldman, Noe It\u014d, Luc\u00eda S\u00e1nchez Saornil, Buenaventura Durruti, Maria Luisa Berneri, Amedeo Bertolo, Paolo Finzi, Giuseppe Pinelli e molti altri fino ai giorni nostri. &#8220;Care e cari, da molto tempo ho desiderato ritrarvi e ora, grazie anche alla passione storiografica di Lorenzo, \u00e8 finalmente arrivato il momento. Mi siete accanto intimamente da pi\u00f9 di cinquant&#8217;anni e mi avete insegnato, con il vostro esempio di lotta e determinazione, a navigare in direzione ostinata e contraria alla ricerca dell&#8217;isola che esiste nella realt\u00e0: sta a noi trovarla e formare un arcipelago in cui vivere molto meglio. Per questo, e non solo, vi sono riconoscente e vi mando un forte abbraccio. Spero vi piacciano i ritratti, ovunque siate ora&#8221;, scriveva l&#8217;artista.<\/p>\n\n\n\n<div class=\"wp-block-image\"><figure class=\"alignleft size-large is-resized\"><img loading=\"lazy\" src=\"https:\/\/arteeluoghi.it\/wp-content\/uploads\/2022\/05\/Pietro-Spica-Foto-Claudio-Sforza-810x1024.jpg\" alt=\"\" class=\"wp-image-11203\" width=\"461\" height=\"583\" srcset=\"https:\/\/arteeluoghi.it\/wp-content\/uploads\/2022\/05\/Pietro-Spica-Foto-Claudio-Sforza-810x1024.jpg 810w, https:\/\/arteeluoghi.it\/wp-content\/uploads\/2022\/05\/Pietro-Spica-Foto-Claudio-Sforza-237x300.jpg 237w, https:\/\/arteeluoghi.it\/wp-content\/uploads\/2022\/05\/Pietro-Spica-Foto-Claudio-Sforza-768x971.jpg 768w, https:\/\/arteeluoghi.it\/wp-content\/uploads\/2022\/05\/Pietro-Spica-Foto-Claudio-Sforza-1215x1536.jpg 1215w, https:\/\/arteeluoghi.it\/wp-content\/uploads\/2022\/05\/Pietro-Spica-Foto-Claudio-Sforza.jpg 1500w\" sizes=\"(max-width: 461px) 100vw, 461px\" \/><figcaption>L&#8217;artista Pietro Spica<\/figcaption><\/figure><\/div>\n\n\n\n<p><strong>P<\/strong><strong>ietro Spica<\/strong>&nbsp;nasce a Dolo nel 1953 e si avvicina presto alla pittura grazie allo zio, l&#8217;artista Gianni Dova, tra i fondatori del movimento Spazialista italiano ha collaborato con Italo Calvino e Roberto Piumini. Milanese d&#8217;adozione, \u00e8 l&#8217;incontro con Bruno Munari a permettergli di fare della sua passione una professione, cominciando come illustratore di libri per bambini e insegnante di acquarello in Europa e negli Stati Uniti. Compie numerosi viaggi in Oriente e nelle Americhe, dai quali trae suggestioni che influenzano profondamente la sua tecnica espressiva grazie all&#8217;incontro con tradizioni figurative di diverse culture. I suoi quadri, dai colori brillanti e dalle linee morbide, sono esposti in diverse gallerie italiane e statunitensi e sono presenti in numerose collezioni in Europa e in America.<\/p>\n\n\n\n<p>Il festival di editoria illustrata&nbsp;<strong>HOLM!<\/strong>&nbsp;\u00e8 finanziato dal programma straordinario 2020 in materia di cultura e spettacolo della Regione Puglia, realizzato in collaborazione con Coolclub, Cluster 8, Museo dell&#8217;alto Tavoliere, Lecce Film Fest, Terra del fuoco mediterranea con il patrocinio del Comune di Lecce.<\/p>\n\n\n\n<p><em>Ingresso gratuito.\u00a0<br>Info e programma completo su\u00a0<a href=\"http:\/\/holmfestival.com\/\" target=\"_blank\" rel=\"noreferrer noopener\">holmfestival.com<\/a><\/em><\/p>\n\n\n\n<p>(fonte: comunicato stampa)<\/p>\n","protected":false},"excerpt":{"rendered":"<p>Nell&#8217;ambito del Festival sar\u00e0 inaugurata alle Officine Culturali Ergot la mostra &#8220;Pietro Spica &#8211;\u00a0Ritratti d&#8217;anarchia Venerd\u00ec 6 maggio&nbsp;(ore 18:30 &#8211;<\/p>\n","protected":false},"author":1,"featured_media":0,"comment_status":"open","ping_status":"open","sticky":true,"template":"","format":"standard","meta":[],"categories":[27,3,17],"tags":[4047,4048,134,1951,4046],"yoast_head":"<!-- This site is optimized with the Yoast SEO plugin v18.0 - https:\/\/yoast.com\/wordpress\/plugins\/seo\/ -->\n<title>Holm! Editoria e disegno | Arte e Luoghi<\/title>\n<meta name=\"description\" content=\"Nell&#039;ambito del Festival sar\u00e0 inaugurata alle Officine Culturali Ergot la mostra &quot;Pietro Spica - Ritratti d&#039;anarchia\" \/>\n<meta name=\"robots\" content=\"index, follow, max-snippet:-1, max-image-preview:large, max-video-preview:-1\" \/>\n<link rel=\"canonical\" href=\"https:\/\/arteeluoghi.it\/index.php\/2022\/05\/04\/holm-editoria-e-disegno\/\" \/>\n<meta property=\"og:locale\" content=\"it_IT\" \/>\n<meta property=\"og:type\" content=\"article\" \/>\n<meta property=\"og:title\" content=\"Holm! Editoria e disegno | Arte e Luoghi\" \/>\n<meta property=\"og:description\" content=\"Nell&#039;ambito del Festival sar\u00e0 inaugurata alle Officine Culturali Ergot la mostra &quot;Pietro Spica - Ritratti d&#039;anarchia\" \/>\n<meta property=\"og:url\" content=\"https:\/\/arteeluoghi.it\/index.php\/2022\/05\/04\/holm-editoria-e-disegno\/\" \/>\n<meta property=\"og:site_name\" content=\"Arte e Luoghi\" \/>\n<meta property=\"article:publisher\" content=\"https:\/\/www.facebook.com\/ArteELuoghi\/\" \/>\n<meta property=\"article:published_time\" content=\"2022-05-04T20:26:07+00:00\" \/>\n<meta property=\"article:modified_time\" content=\"2022-05-04T20:26:10+00:00\" \/>\n<meta property=\"og:image\" content=\"https:\/\/arteeluoghi.it\/wp-content\/uploads\/2022\/05\/Storie-danarchia-per-50-ritratti-Pietro-Spica-871x1024.jpg\" \/>\n<meta name=\"twitter:card\" content=\"summary\" \/>\n<meta name=\"twitter:creator\" content=\"@arteeluoghi\" \/>\n<meta name=\"twitter:site\" content=\"@arteeluoghi\" \/>\n<meta name=\"twitter:label1\" content=\"Scritto da\" \/>\n\t<meta name=\"twitter:data1\" content=\"Staff\" \/>\n\t<meta name=\"twitter:label2\" content=\"Tempo di lettura stimato\" \/>\n\t<meta name=\"twitter:data2\" content=\"4 minuti\" \/>\n<script type=\"application\/ld+json\" class=\"yoast-schema-graph\">{\"@context\":\"https:\/\/schema.org\",\"@graph\":[{\"@type\":\"Organization\",\"@id\":\"https:\/\/arteeluoghi.it\/#organization\",\"name\":\"Arte e Luoghi\",\"url\":\"https:\/\/arteeluoghi.it\/\",\"sameAs\":[\"https:\/\/www.facebook.com\/ArteELuoghi\/\",\"https:\/\/www.instagram.com\/arteeluoghi\/?hl=it\",\"https:\/\/www.youtube.com\/channel\/UCuRVc4JW4-C5sg9rQB-srkw?view_as=subscriber\",\"https:\/\/twitter.com\/arteeluoghi\"],\"logo\":{\"@type\":\"ImageObject\",\"@id\":\"https:\/\/arteeluoghi.it\/#logo\",\"inLanguage\":\"it-IT\",\"url\":\"https:\/\/arteeluoghi.it\/wp-content\/uploads\/2018\/08\/logoinstagramarte.jpg\",\"contentUrl\":\"https:\/\/arteeluoghi.it\/wp-content\/uploads\/2018\/08\/logoinstagramarte.jpg\",\"width\":150,\"height\":150,\"caption\":\"Arte e Luoghi\"},\"image\":{\"@id\":\"https:\/\/arteeluoghi.it\/#logo\"}},{\"@type\":\"WebSite\",\"@id\":\"https:\/\/arteeluoghi.it\/#website\",\"url\":\"https:\/\/arteeluoghi.it\/\",\"name\":\"Arte e Luoghi\",\"description\":\"Mensile di arte, cultura, turismo e curiosit\u00e0\",\"publisher\":{\"@id\":\"https:\/\/arteeluoghi.it\/#organization\"},\"potentialAction\":[{\"@type\":\"SearchAction\",\"target\":{\"@type\":\"EntryPoint\",\"urlTemplate\":\"https:\/\/arteeluoghi.it\/?s={search_term_string}\"},\"query-input\":\"required name=search_term_string\"}],\"inLanguage\":\"it-IT\"},{\"@type\":\"ImageObject\",\"@id\":\"https:\/\/arteeluoghi.it\/index.php\/2022\/05\/04\/holm-editoria-e-disegno\/#primaryimage\",\"inLanguage\":\"it-IT\",\"url\":\"https:\/\/arteeluoghi.it\/wp-content\/uploads\/2022\/05\/Storie-danarchia-per-50-ritratti-Pietro-Spica.jpg\",\"contentUrl\":\"https:\/\/arteeluoghi.it\/wp-content\/uploads\/2022\/05\/Storie-danarchia-per-50-ritratti-Pietro-Spica.jpg\",\"width\":1000,\"height\":1176},{\"@type\":\"WebPage\",\"@id\":\"https:\/\/arteeluoghi.it\/index.php\/2022\/05\/04\/holm-editoria-e-disegno\/#webpage\",\"url\":\"https:\/\/arteeluoghi.it\/index.php\/2022\/05\/04\/holm-editoria-e-disegno\/\",\"name\":\"Holm! Editoria e disegno | Arte e Luoghi\",\"isPartOf\":{\"@id\":\"https:\/\/arteeluoghi.it\/#website\"},\"primaryImageOfPage\":{\"@id\":\"https:\/\/arteeluoghi.it\/index.php\/2022\/05\/04\/holm-editoria-e-disegno\/#primaryimage\"},\"datePublished\":\"2022-05-04T20:26:07+00:00\",\"dateModified\":\"2022-05-04T20:26:10+00:00\",\"description\":\"Nell'ambito del Festival sar\u00e0 inaugurata alle Officine Culturali Ergot la mostra \\\"Pietro Spica - Ritratti d'anarchia\",\"breadcrumb\":{\"@id\":\"https:\/\/arteeluoghi.it\/index.php\/2022\/05\/04\/holm-editoria-e-disegno\/#breadcrumb\"},\"inLanguage\":\"it-IT\",\"potentialAction\":[{\"@type\":\"ReadAction\",\"target\":[\"https:\/\/arteeluoghi.it\/index.php\/2022\/05\/04\/holm-editoria-e-disegno\/\"]}]},{\"@type\":\"BreadcrumbList\",\"@id\":\"https:\/\/arteeluoghi.it\/index.php\/2022\/05\/04\/holm-editoria-e-disegno\/#breadcrumb\",\"itemListElement\":[{\"@type\":\"ListItem\",\"position\":1,\"name\":\"Home\",\"item\":\"https:\/\/arteeluoghi.it\/\"},{\"@type\":\"ListItem\",\"position\":2,\"name\":\"Holm! Editoria e disegno\"}]},{\"@type\":\"Article\",\"@id\":\"https:\/\/arteeluoghi.it\/index.php\/2022\/05\/04\/holm-editoria-e-disegno\/#article\",\"isPartOf\":{\"@id\":\"https:\/\/arteeluoghi.it\/index.php\/2022\/05\/04\/holm-editoria-e-disegno\/#webpage\"},\"author\":{\"@id\":\"https:\/\/arteeluoghi.it\/#\/schema\/person\/f84e814e36e91e01448ee07eaadd41d4\"},\"headline\":\"Holm! Editoria e disegno\",\"datePublished\":\"2022-05-04T20:26:07+00:00\",\"dateModified\":\"2022-05-04T20:26:10+00:00\",\"mainEntityOfPage\":{\"@id\":\"https:\/\/arteeluoghi.it\/index.php\/2022\/05\/04\/holm-editoria-e-disegno\/#webpage\"},\"wordCount\":638,\"commentCount\":0,\"publisher\":{\"@id\":\"https:\/\/arteeluoghi.it\/#organization\"},\"image\":{\"@id\":\"https:\/\/arteeluoghi.it\/index.php\/2022\/05\/04\/holm-editoria-e-disegno\/#primaryimage\"},\"thumbnailUrl\":\"https:\/\/arteeluoghi.it\/wp-content\/uploads\/2022\/05\/Storie-danarchia-per-50-ritratti-Pietro-Spica-871x1024.jpg\",\"keywords\":[\"Dario Borso\",\"Holm! Editoria e disegno\",\"Lecce\",\"Officine culturali Ergot\",\"Pietro Spica\"],\"articleSection\":[\"Arte\",\"Arti visive\",\"LIBRI\"],\"inLanguage\":\"it-IT\",\"potentialAction\":[{\"@type\":\"CommentAction\",\"name\":\"Comment\",\"target\":[\"https:\/\/arteeluoghi.it\/index.php\/2022\/05\/04\/holm-editoria-e-disegno\/#respond\"]}]},{\"@type\":\"Person\",\"@id\":\"https:\/\/arteeluoghi.it\/#\/schema\/person\/f84e814e36e91e01448ee07eaadd41d4\",\"name\":\"Staff\",\"image\":{\"@type\":\"ImageObject\",\"@id\":\"https:\/\/arteeluoghi.it\/#personlogo\",\"inLanguage\":\"it-IT\",\"url\":\"https:\/\/secure.gravatar.com\/avatar\/49d2f9e46271bb04e19cebfaf141313a?s=96&d=blank&r=g\",\"contentUrl\":\"https:\/\/secure.gravatar.com\/avatar\/49d2f9e46271bb04e19cebfaf141313a?s=96&d=blank&r=g\",\"caption\":\"Staff\"}}]}<\/script>\n<!-- \/ Yoast SEO plugin. -->","yoast_head_json":{"title":"Holm! Editoria e disegno | Arte e Luoghi","description":"Nell'ambito del Festival sar\u00e0 inaugurata alle Officine Culturali Ergot la mostra \"Pietro Spica - Ritratti d'anarchia","robots":{"index":"index","follow":"follow","max-snippet":"max-snippet:-1","max-image-preview":"max-image-preview:large","max-video-preview":"max-video-preview:-1"},"canonical":"https:\/\/arteeluoghi.it\/index.php\/2022\/05\/04\/holm-editoria-e-disegno\/","og_locale":"it_IT","og_type":"article","og_title":"Holm! Editoria e disegno | Arte e Luoghi","og_description":"Nell'ambito del Festival sar\u00e0 inaugurata alle Officine Culturali Ergot la mostra \"Pietro Spica - Ritratti d'anarchia","og_url":"https:\/\/arteeluoghi.it\/index.php\/2022\/05\/04\/holm-editoria-e-disegno\/","og_site_name":"Arte e Luoghi","article_publisher":"https:\/\/www.facebook.com\/ArteELuoghi\/","article_published_time":"2022-05-04T20:26:07+00:00","article_modified_time":"2022-05-04T20:26:10+00:00","og_image":[{"url":"https:\/\/arteeluoghi.it\/wp-content\/uploads\/2022\/05\/Storie-danarchia-per-50-ritratti-Pietro-Spica-871x1024.jpg"}],"twitter_card":"summary","twitter_creator":"@arteeluoghi","twitter_site":"@arteeluoghi","twitter_misc":{"Scritto da":"Staff","Tempo di lettura stimato":"4 minuti"},"schema":{"@context":"https:\/\/schema.org","@graph":[{"@type":"Organization","@id":"https:\/\/arteeluoghi.it\/#organization","name":"Arte e Luoghi","url":"https:\/\/arteeluoghi.it\/","sameAs":["https:\/\/www.facebook.com\/ArteELuoghi\/","https:\/\/www.instagram.com\/arteeluoghi\/?hl=it","https:\/\/www.youtube.com\/channel\/UCuRVc4JW4-C5sg9rQB-srkw?view_as=subscriber","https:\/\/twitter.com\/arteeluoghi"],"logo":{"@type":"ImageObject","@id":"https:\/\/arteeluoghi.it\/#logo","inLanguage":"it-IT","url":"https:\/\/arteeluoghi.it\/wp-content\/uploads\/2018\/08\/logoinstagramarte.jpg","contentUrl":"https:\/\/arteeluoghi.it\/wp-content\/uploads\/2018\/08\/logoinstagramarte.jpg","width":150,"height":150,"caption":"Arte e Luoghi"},"image":{"@id":"https:\/\/arteeluoghi.it\/#logo"}},{"@type":"WebSite","@id":"https:\/\/arteeluoghi.it\/#website","url":"https:\/\/arteeluoghi.it\/","name":"Arte e Luoghi","description":"Mensile di arte, cultura, turismo e curiosit\u00e0","publisher":{"@id":"https:\/\/arteeluoghi.it\/#organization"},"potentialAction":[{"@type":"SearchAction","target":{"@type":"EntryPoint","urlTemplate":"https:\/\/arteeluoghi.it\/?s={search_term_string}"},"query-input":"required name=search_term_string"}],"inLanguage":"it-IT"},{"@type":"ImageObject","@id":"https:\/\/arteeluoghi.it\/index.php\/2022\/05\/04\/holm-editoria-e-disegno\/#primaryimage","inLanguage":"it-IT","url":"https:\/\/arteeluoghi.it\/wp-content\/uploads\/2022\/05\/Storie-danarchia-per-50-ritratti-Pietro-Spica.jpg","contentUrl":"https:\/\/arteeluoghi.it\/wp-content\/uploads\/2022\/05\/Storie-danarchia-per-50-ritratti-Pietro-Spica.jpg","width":1000,"height":1176},{"@type":"WebPage","@id":"https:\/\/arteeluoghi.it\/index.php\/2022\/05\/04\/holm-editoria-e-disegno\/#webpage","url":"https:\/\/arteeluoghi.it\/index.php\/2022\/05\/04\/holm-editoria-e-disegno\/","name":"Holm! Editoria e disegno | Arte e Luoghi","isPartOf":{"@id":"https:\/\/arteeluoghi.it\/#website"},"primaryImageOfPage":{"@id":"https:\/\/arteeluoghi.it\/index.php\/2022\/05\/04\/holm-editoria-e-disegno\/#primaryimage"},"datePublished":"2022-05-04T20:26:07+00:00","dateModified":"2022-05-04T20:26:10+00:00","description":"Nell'ambito del Festival sar\u00e0 inaugurata alle Officine Culturali Ergot la mostra \"Pietro Spica - Ritratti d'anarchia","breadcrumb":{"@id":"https:\/\/arteeluoghi.it\/index.php\/2022\/05\/04\/holm-editoria-e-disegno\/#breadcrumb"},"inLanguage":"it-IT","potentialAction":[{"@type":"ReadAction","target":["https:\/\/arteeluoghi.it\/index.php\/2022\/05\/04\/holm-editoria-e-disegno\/"]}]},{"@type":"BreadcrumbList","@id":"https:\/\/arteeluoghi.it\/index.php\/2022\/05\/04\/holm-editoria-e-disegno\/#breadcrumb","itemListElement":[{"@type":"ListItem","position":1,"name":"Home","item":"https:\/\/arteeluoghi.it\/"},{"@type":"ListItem","position":2,"name":"Holm! Editoria e disegno"}]},{"@type":"Article","@id":"https:\/\/arteeluoghi.it\/index.php\/2022\/05\/04\/holm-editoria-e-disegno\/#article","isPartOf":{"@id":"https:\/\/arteeluoghi.it\/index.php\/2022\/05\/04\/holm-editoria-e-disegno\/#webpage"},"author":{"@id":"https:\/\/arteeluoghi.it\/#\/schema\/person\/f84e814e36e91e01448ee07eaadd41d4"},"headline":"Holm! Editoria e disegno","datePublished":"2022-05-04T20:26:07+00:00","dateModified":"2022-05-04T20:26:10+00:00","mainEntityOfPage":{"@id":"https:\/\/arteeluoghi.it\/index.php\/2022\/05\/04\/holm-editoria-e-disegno\/#webpage"},"wordCount":638,"commentCount":0,"publisher":{"@id":"https:\/\/arteeluoghi.it\/#organization"},"image":{"@id":"https:\/\/arteeluoghi.it\/index.php\/2022\/05\/04\/holm-editoria-e-disegno\/#primaryimage"},"thumbnailUrl":"https:\/\/arteeluoghi.it\/wp-content\/uploads\/2022\/05\/Storie-danarchia-per-50-ritratti-Pietro-Spica-871x1024.jpg","keywords":["Dario Borso","Holm! Editoria e disegno","Lecce","Officine culturali Ergot","Pietro Spica"],"articleSection":["Arte","Arti visive","LIBRI"],"inLanguage":"it-IT","potentialAction":[{"@type":"CommentAction","name":"Comment","target":["https:\/\/arteeluoghi.it\/index.php\/2022\/05\/04\/holm-editoria-e-disegno\/#respond"]}]},{"@type":"Person","@id":"https:\/\/arteeluoghi.it\/#\/schema\/person\/f84e814e36e91e01448ee07eaadd41d4","name":"Staff","image":{"@type":"ImageObject","@id":"https:\/\/arteeluoghi.it\/#personlogo","inLanguage":"it-IT","url":"https:\/\/secure.gravatar.com\/avatar\/49d2f9e46271bb04e19cebfaf141313a?s=96&d=blank&r=g","contentUrl":"https:\/\/secure.gravatar.com\/avatar\/49d2f9e46271bb04e19cebfaf141313a?s=96&d=blank&r=g","caption":"Staff"}}]}},"_links":{"self":[{"href":"https:\/\/arteeluoghi.it\/index.php\/wp-json\/wp\/v2\/posts\/11201"}],"collection":[{"href":"https:\/\/arteeluoghi.it\/index.php\/wp-json\/wp\/v2\/posts"}],"about":[{"href":"https:\/\/arteeluoghi.it\/index.php\/wp-json\/wp\/v2\/types\/post"}],"author":[{"embeddable":true,"href":"https:\/\/arteeluoghi.it\/index.php\/wp-json\/wp\/v2\/users\/1"}],"replies":[{"embeddable":true,"href":"https:\/\/arteeluoghi.it\/index.php\/wp-json\/wp\/v2\/comments?post=11201"}],"version-history":[{"count":1,"href":"https:\/\/arteeluoghi.it\/index.php\/wp-json\/wp\/v2\/posts\/11201\/revisions"}],"predecessor-version":[{"id":11204,"href":"https:\/\/arteeluoghi.it\/index.php\/wp-json\/wp\/v2\/posts\/11201\/revisions\/11204"}],"wp:attachment":[{"href":"https:\/\/arteeluoghi.it\/index.php\/wp-json\/wp\/v2\/media?parent=11201"}],"wp:term":[{"taxonomy":"category","embeddable":true,"href":"https:\/\/arteeluoghi.it\/index.php\/wp-json\/wp\/v2\/categories?post=11201"},{"taxonomy":"post_tag","embeddable":true,"href":"https:\/\/arteeluoghi.it\/index.php\/wp-json\/wp\/v2\/tags?post=11201"}],"curies":[{"name":"wp","href":"https:\/\/api.w.org\/{rel}","templated":true}]}}