{"id":1121,"date":"2013-03-28T16:01:12","date_gmt":"2013-03-28T15:01:12","guid":{"rendered":"http:\/\/arteeluoghi.it\/index.php\/2013\/03\/28\/la-primavera-della-ico\/"},"modified":"2013-03-28T16:01:12","modified_gmt":"2013-03-28T15:01:12","slug":"la-primavera-della-ico","status":"publish","type":"post","link":"https:\/\/arteeluoghi.it\/index.php\/2013\/03\/28\/la-primavera-della-ico\/","title":{"rendered":"La Primavera della Ico"},"content":{"rendered":"<p><img src=\"\/images\/primavera_ico.jpg\" border=\"0\" width=\"300\" style=\"margin: 21px; float: left;\" \/>Al via la stagione Sinfonica di Primavera dell&#8217;Orchestra Tito Schipa. Concerto inaugurale il 6 aprile 2013 al Teatro Verdi di Brindisi<\/p>\n<p><span style=\"font-size: small;\"><strong>Sotto il segno di Ivan Fedele<\/strong><\/span><\/p>\n<p>Un nuovo direttore artistico, Ivan Fedele, e un programma di rilievo con sei concerti di grande musica per una stagione che si apre al territorio, che guarda ai giovani il nuovo pubblico da conquistare. Ed \u00e8 stato proprio questo aspetto ha commentato lo stesso direttore artistico ad averlo convinto ad accettare l&#8217;incarico: &#8220;<span style=\"font-family: arial,helvetica,sans-serif; font-size: small;\">L\u2019importante, secondo me, \u00e8 informare prima ancora di formare: l\u2019esempio, infatti, il mostrare, il far vedere, vale pi\u00f9 di tante parole. I concerti in programma non saranno lunghissimi perch\u00e9 vorrei che la gente andasse via con un senso di pienezza che serve a recuperare la dimensione dell\u2019ascolto&#8221;. \u00a0<\/span><\/p>\n<p>\u00a0<\/p>\n<p>  <!--more-->  <\/p>\n<p><span style=\"font-family: Bookman Old Style; font-size: small;\"><span style=\"font-family: arial,helvetica,sans-serif;\">Altra novit\u00e0 la location dei non tutti si svolgeranno nella consueta cornice del Politeama Greco di Lecce, ma ad ospitarli saranno, appunto, anche i Cantieri di via Dorso e il Verdi di Brindisi, dove si terr\u00e0 l\u2019inaugurazione della stagione prevista il prossimo 6 aprile. Diretta da Tito Ceccherini, l\u2019Orchestra Schipa eseguir\u00e0 nella serata inaugurale musiche di Ligeti, Wagner e Dvo\u0159\u00e1k. \u00abLa crisi del teatro si affronta \u2013 ha spiegato Romeo per la Fondazione brindisina \u2013 con una programmazione di qualit\u00e0. In questa direzione va la collaborazione fra le due istituzioni, la nostra e la Fondazione Schipa\u00bb.<\/span> <\/span><\/p>\n<p><span style=\"font-family: Bookman Old Style; font-size: small;\"><span style=\"font-family: arial,helvetica,sans-serif;\">E veniamo agli appuntamenti in calendario.\u00a0 <\/span><\/span><span style=\"font-family: arial,helvetica,sans-serif; font-size: medium;\"><span style=\"font-size: small;\">L\u201911 e il 12 aprile, appuntamento ai Koreja per la prima esecuzione in Italia<\/span> <span style=\"font-size: small;\">di \u201cZazie\u201d di Matteo Franceschini, un\u2019opera teatrale per voci e orchestra: sul podio salir\u00e0 Pasquale Corrado, per la regia di Christian Gagneron, francese come pure i tre interpreti: Sevan Manoukian (soprano), Jean-Baptiste Dumora (baritono) e Guillaume Marquet (narratore). Il 19 aprile al Politeama Greco di Lecce e il 20 al Teatro Paolo Grassi di Cisternino, l\u2019Orchestra suoner\u00e0 Ravel e Stravinskij, diretta dall\u2019italo-francese Matthieu Mantanus, mentre il 26 e il 27 aprile, rispettivamente al Politeama Greco e al Verdi, Fabio Maestri diriger\u00e0 un programma musicale con brani di Stravinskij, Britten e \u0160ostakovi\u010d. Il 4 maggio, ai Koreja, sar\u00e0 proposto un programma nuovo e interessante, diretto da Paolo Marzocchi che include due brani suoi (con video-art e la partecipazione dei giovani musicisti dell\u2019Ascanio Grandi di Lecce) e uno di Britten. Si chiude il 10 maggio ai Koreja e l\u201911 al Verdi di Brindisi, con un omaggio a Piero Milesi: si eseguir\u00e0 il suo \u201cLe voci della terra\u201d e due pezzi firmati da Fedele.<\/span><\/span><\/p>\n<p><span style=\"font-family: arial,helvetica,sans-serif; font-size: medium;\"><span style=\"font-size: small;\">\u00a0<\/span><\/span><\/p>\n<p>\u00a0<\/p>\n<p><span style=\"font-family: arial,helvetica,sans-serif; font-size: small;\">Biglietteria e info: Castello Carlo V (0832.246517), Politeama Greco (0832.241468) e Cantieri Koreja (0832.240752). <\/span><\/p>\n<p><span style=\"font-family: arial,helvetica,sans-serif; font-size: medium;\"><span style=\"font-size: small;\">red. Arte e Luoghi<br \/><\/span><\/span><\/p>\n<p><span style=\"font-family: arial,helvetica,sans-serif; font-size: small;\">\u00a0<\/span><\/p>\n","protected":false},"excerpt":{"rendered":"<p>Al via la stagione Sinfonica di Primavera dell&#8217;Orchestra Tito Schipa. Concerto inaugurale il 6 aprile 2013 al Teatro Verdi di<\/p>\n","protected":false},"author":1,"featured_media":0,"comment_status":"open","ping_status":"open","sticky":false,"template":"","format":"standard","meta":[],"categories":[12],"tags":[],"yoast_head":"<!-- This site is optimized with the Yoast SEO plugin v18.0 - https:\/\/yoast.com\/wordpress\/plugins\/seo\/ -->\n<title>La Primavera della Ico | Arte e Luoghi<\/title>\n<meta name=\"robots\" content=\"index, follow, max-snippet:-1, max-image-preview:large, max-video-preview:-1\" \/>\n<link rel=\"canonical\" href=\"https:\/\/arteeluoghi.it\/index.php\/2013\/03\/28\/la-primavera-della-ico\/\" \/>\n<meta property=\"og:locale\" content=\"it_IT\" \/>\n<meta property=\"og:type\" content=\"article\" \/>\n<meta property=\"og:title\" content=\"La Primavera della Ico | Arte e Luoghi\" \/>\n<meta property=\"og:description\" content=\"Al via la stagione Sinfonica di Primavera dell&#8217;Orchestra Tito Schipa. Concerto inaugurale il 6 aprile 2013 al Teatro Verdi di\" \/>\n<meta property=\"og:url\" content=\"https:\/\/arteeluoghi.it\/index.php\/2013\/03\/28\/la-primavera-della-ico\/\" \/>\n<meta property=\"og:site_name\" content=\"Arte e Luoghi\" \/>\n<meta property=\"article:publisher\" content=\"https:\/\/www.facebook.com\/ArteELuoghi\/\" \/>\n<meta property=\"article:published_time\" content=\"2013-03-28T15:01:12+00:00\" \/>\n<meta property=\"og:image\" content=\"https:\/\/arteeluoghi.it\/images\/primavera_ico.jpg\" \/>\n<meta name=\"twitter:card\" content=\"summary\" \/>\n<meta name=\"twitter:creator\" content=\"@arteeluoghi\" \/>\n<meta name=\"twitter:site\" content=\"@arteeluoghi\" \/>\n<meta name=\"twitter:label1\" content=\"Scritto da\" \/>\n\t<meta name=\"twitter:data1\" content=\"Staff\" \/>\n\t<meta name=\"twitter:label2\" content=\"Tempo di lettura stimato\" \/>\n\t<meta name=\"twitter:data2\" content=\"2 minuti\" \/>\n<script type=\"application\/ld+json\" class=\"yoast-schema-graph\">{\"@context\":\"https:\/\/schema.org\",\"@graph\":[{\"@type\":\"Organization\",\"@id\":\"https:\/\/arteeluoghi.it\/#organization\",\"name\":\"Arte e Luoghi\",\"url\":\"https:\/\/arteeluoghi.it\/\",\"sameAs\":[\"https:\/\/www.facebook.com\/ArteELuoghi\/\",\"https:\/\/www.instagram.com\/arteeluoghi\/?hl=it\",\"https:\/\/www.youtube.com\/channel\/UCuRVc4JW4-C5sg9rQB-srkw?view_as=subscriber\",\"https:\/\/twitter.com\/arteeluoghi\"],\"logo\":{\"@type\":\"ImageObject\",\"@id\":\"https:\/\/arteeluoghi.it\/#logo\",\"inLanguage\":\"it-IT\",\"url\":\"https:\/\/arteeluoghi.it\/wp-content\/uploads\/2018\/08\/logoinstagramarte.jpg\",\"contentUrl\":\"https:\/\/arteeluoghi.it\/wp-content\/uploads\/2018\/08\/logoinstagramarte.jpg\",\"width\":150,\"height\":150,\"caption\":\"Arte e Luoghi\"},\"image\":{\"@id\":\"https:\/\/arteeluoghi.it\/#logo\"}},{\"@type\":\"WebSite\",\"@id\":\"https:\/\/arteeluoghi.it\/#website\",\"url\":\"https:\/\/arteeluoghi.it\/\",\"name\":\"Arte e Luoghi\",\"description\":\"Mensile di arte, cultura, turismo e curiosit\u00e0\",\"publisher\":{\"@id\":\"https:\/\/arteeluoghi.it\/#organization\"},\"potentialAction\":[{\"@type\":\"SearchAction\",\"target\":{\"@type\":\"EntryPoint\",\"urlTemplate\":\"https:\/\/arteeluoghi.it\/?s={search_term_string}\"},\"query-input\":\"required name=search_term_string\"}],\"inLanguage\":\"it-IT\"},{\"@type\":\"ImageObject\",\"@id\":\"https:\/\/arteeluoghi.it\/index.php\/2013\/03\/28\/la-primavera-della-ico\/#primaryimage\",\"inLanguage\":\"it-IT\",\"url\":\"\/images\/primavera_ico.jpg\",\"contentUrl\":\"\/images\/primavera_ico.jpg\"},{\"@type\":\"WebPage\",\"@id\":\"https:\/\/arteeluoghi.it\/index.php\/2013\/03\/28\/la-primavera-della-ico\/#webpage\",\"url\":\"https:\/\/arteeluoghi.it\/index.php\/2013\/03\/28\/la-primavera-della-ico\/\",\"name\":\"La Primavera della Ico | Arte e Luoghi\",\"isPartOf\":{\"@id\":\"https:\/\/arteeluoghi.it\/#website\"},\"primaryImageOfPage\":{\"@id\":\"https:\/\/arteeluoghi.it\/index.php\/2013\/03\/28\/la-primavera-della-ico\/#primaryimage\"},\"datePublished\":\"2013-03-28T15:01:12+00:00\",\"dateModified\":\"2013-03-28T15:01:12+00:00\",\"breadcrumb\":{\"@id\":\"https:\/\/arteeluoghi.it\/index.php\/2013\/03\/28\/la-primavera-della-ico\/#breadcrumb\"},\"inLanguage\":\"it-IT\",\"potentialAction\":[{\"@type\":\"ReadAction\",\"target\":[\"https:\/\/arteeluoghi.it\/index.php\/2013\/03\/28\/la-primavera-della-ico\/\"]}]},{\"@type\":\"BreadcrumbList\",\"@id\":\"https:\/\/arteeluoghi.it\/index.php\/2013\/03\/28\/la-primavera-della-ico\/#breadcrumb\",\"itemListElement\":[{\"@type\":\"ListItem\",\"position\":1,\"name\":\"Home\",\"item\":\"https:\/\/arteeluoghi.it\/\"},{\"@type\":\"ListItem\",\"position\":2,\"name\":\"La Primavera della Ico\"}]},{\"@type\":\"Article\",\"@id\":\"https:\/\/arteeluoghi.it\/index.php\/2013\/03\/28\/la-primavera-della-ico\/#article\",\"isPartOf\":{\"@id\":\"https:\/\/arteeluoghi.it\/index.php\/2013\/03\/28\/la-primavera-della-ico\/#webpage\"},\"author\":{\"@id\":\"https:\/\/arteeluoghi.it\/#\/schema\/person\/f84e814e36e91e01448ee07eaadd41d4\"},\"headline\":\"La Primavera della Ico\",\"datePublished\":\"2013-03-28T15:01:12+00:00\",\"dateModified\":\"2013-03-28T15:01:12+00:00\",\"mainEntityOfPage\":{\"@id\":\"https:\/\/arteeluoghi.it\/index.php\/2013\/03\/28\/la-primavera-della-ico\/#webpage\"},\"wordCount\":418,\"commentCount\":0,\"publisher\":{\"@id\":\"https:\/\/arteeluoghi.it\/#organization\"},\"image\":{\"@id\":\"https:\/\/arteeluoghi.it\/index.php\/2013\/03\/28\/la-primavera-della-ico\/#primaryimage\"},\"thumbnailUrl\":\"\/images\/primavera_ico.jpg\",\"articleSection\":[\"MUSICA\"],\"inLanguage\":\"it-IT\",\"potentialAction\":[{\"@type\":\"CommentAction\",\"name\":\"Comment\",\"target\":[\"https:\/\/arteeluoghi.it\/index.php\/2013\/03\/28\/la-primavera-della-ico\/#respond\"]}]},{\"@type\":\"Person\",\"@id\":\"https:\/\/arteeluoghi.it\/#\/schema\/person\/f84e814e36e91e01448ee07eaadd41d4\",\"name\":\"Staff\",\"image\":{\"@type\":\"ImageObject\",\"@id\":\"https:\/\/arteeluoghi.it\/#personlogo\",\"inLanguage\":\"it-IT\",\"url\":\"https:\/\/secure.gravatar.com\/avatar\/49d2f9e46271bb04e19cebfaf141313a?s=96&d=blank&r=g\",\"contentUrl\":\"https:\/\/secure.gravatar.com\/avatar\/49d2f9e46271bb04e19cebfaf141313a?s=96&d=blank&r=g\",\"caption\":\"Staff\"}}]}<\/script>\n<!-- \/ Yoast SEO plugin. -->","yoast_head_json":{"title":"La Primavera della Ico | Arte e Luoghi","robots":{"index":"index","follow":"follow","max-snippet":"max-snippet:-1","max-image-preview":"max-image-preview:large","max-video-preview":"max-video-preview:-1"},"canonical":"https:\/\/arteeluoghi.it\/index.php\/2013\/03\/28\/la-primavera-della-ico\/","og_locale":"it_IT","og_type":"article","og_title":"La Primavera della Ico | Arte e Luoghi","og_description":"Al via la stagione Sinfonica di Primavera dell&#8217;Orchestra Tito Schipa. Concerto inaugurale il 6 aprile 2013 al Teatro Verdi di","og_url":"https:\/\/arteeluoghi.it\/index.php\/2013\/03\/28\/la-primavera-della-ico\/","og_site_name":"Arte e Luoghi","article_publisher":"https:\/\/www.facebook.com\/ArteELuoghi\/","article_published_time":"2013-03-28T15:01:12+00:00","og_image":[{"url":"https:\/\/arteeluoghi.it\/images\/primavera_ico.jpg"}],"twitter_card":"summary","twitter_creator":"@arteeluoghi","twitter_site":"@arteeluoghi","twitter_misc":{"Scritto da":"Staff","Tempo di lettura stimato":"2 minuti"},"schema":{"@context":"https:\/\/schema.org","@graph":[{"@type":"Organization","@id":"https:\/\/arteeluoghi.it\/#organization","name":"Arte e Luoghi","url":"https:\/\/arteeluoghi.it\/","sameAs":["https:\/\/www.facebook.com\/ArteELuoghi\/","https:\/\/www.instagram.com\/arteeluoghi\/?hl=it","https:\/\/www.youtube.com\/channel\/UCuRVc4JW4-C5sg9rQB-srkw?view_as=subscriber","https:\/\/twitter.com\/arteeluoghi"],"logo":{"@type":"ImageObject","@id":"https:\/\/arteeluoghi.it\/#logo","inLanguage":"it-IT","url":"https:\/\/arteeluoghi.it\/wp-content\/uploads\/2018\/08\/logoinstagramarte.jpg","contentUrl":"https:\/\/arteeluoghi.it\/wp-content\/uploads\/2018\/08\/logoinstagramarte.jpg","width":150,"height":150,"caption":"Arte e Luoghi"},"image":{"@id":"https:\/\/arteeluoghi.it\/#logo"}},{"@type":"WebSite","@id":"https:\/\/arteeluoghi.it\/#website","url":"https:\/\/arteeluoghi.it\/","name":"Arte e Luoghi","description":"Mensile di arte, cultura, turismo e curiosit\u00e0","publisher":{"@id":"https:\/\/arteeluoghi.it\/#organization"},"potentialAction":[{"@type":"SearchAction","target":{"@type":"EntryPoint","urlTemplate":"https:\/\/arteeluoghi.it\/?s={search_term_string}"},"query-input":"required name=search_term_string"}],"inLanguage":"it-IT"},{"@type":"ImageObject","@id":"https:\/\/arteeluoghi.it\/index.php\/2013\/03\/28\/la-primavera-della-ico\/#primaryimage","inLanguage":"it-IT","url":"\/images\/primavera_ico.jpg","contentUrl":"\/images\/primavera_ico.jpg"},{"@type":"WebPage","@id":"https:\/\/arteeluoghi.it\/index.php\/2013\/03\/28\/la-primavera-della-ico\/#webpage","url":"https:\/\/arteeluoghi.it\/index.php\/2013\/03\/28\/la-primavera-della-ico\/","name":"La Primavera della Ico | Arte e Luoghi","isPartOf":{"@id":"https:\/\/arteeluoghi.it\/#website"},"primaryImageOfPage":{"@id":"https:\/\/arteeluoghi.it\/index.php\/2013\/03\/28\/la-primavera-della-ico\/#primaryimage"},"datePublished":"2013-03-28T15:01:12+00:00","dateModified":"2013-03-28T15:01:12+00:00","breadcrumb":{"@id":"https:\/\/arteeluoghi.it\/index.php\/2013\/03\/28\/la-primavera-della-ico\/#breadcrumb"},"inLanguage":"it-IT","potentialAction":[{"@type":"ReadAction","target":["https:\/\/arteeluoghi.it\/index.php\/2013\/03\/28\/la-primavera-della-ico\/"]}]},{"@type":"BreadcrumbList","@id":"https:\/\/arteeluoghi.it\/index.php\/2013\/03\/28\/la-primavera-della-ico\/#breadcrumb","itemListElement":[{"@type":"ListItem","position":1,"name":"Home","item":"https:\/\/arteeluoghi.it\/"},{"@type":"ListItem","position":2,"name":"La Primavera della Ico"}]},{"@type":"Article","@id":"https:\/\/arteeluoghi.it\/index.php\/2013\/03\/28\/la-primavera-della-ico\/#article","isPartOf":{"@id":"https:\/\/arteeluoghi.it\/index.php\/2013\/03\/28\/la-primavera-della-ico\/#webpage"},"author":{"@id":"https:\/\/arteeluoghi.it\/#\/schema\/person\/f84e814e36e91e01448ee07eaadd41d4"},"headline":"La Primavera della Ico","datePublished":"2013-03-28T15:01:12+00:00","dateModified":"2013-03-28T15:01:12+00:00","mainEntityOfPage":{"@id":"https:\/\/arteeluoghi.it\/index.php\/2013\/03\/28\/la-primavera-della-ico\/#webpage"},"wordCount":418,"commentCount":0,"publisher":{"@id":"https:\/\/arteeluoghi.it\/#organization"},"image":{"@id":"https:\/\/arteeluoghi.it\/index.php\/2013\/03\/28\/la-primavera-della-ico\/#primaryimage"},"thumbnailUrl":"\/images\/primavera_ico.jpg","articleSection":["MUSICA"],"inLanguage":"it-IT","potentialAction":[{"@type":"CommentAction","name":"Comment","target":["https:\/\/arteeluoghi.it\/index.php\/2013\/03\/28\/la-primavera-della-ico\/#respond"]}]},{"@type":"Person","@id":"https:\/\/arteeluoghi.it\/#\/schema\/person\/f84e814e36e91e01448ee07eaadd41d4","name":"Staff","image":{"@type":"ImageObject","@id":"https:\/\/arteeluoghi.it\/#personlogo","inLanguage":"it-IT","url":"https:\/\/secure.gravatar.com\/avatar\/49d2f9e46271bb04e19cebfaf141313a?s=96&d=blank&r=g","contentUrl":"https:\/\/secure.gravatar.com\/avatar\/49d2f9e46271bb04e19cebfaf141313a?s=96&d=blank&r=g","caption":"Staff"}}]}},"_links":{"self":[{"href":"https:\/\/arteeluoghi.it\/index.php\/wp-json\/wp\/v2\/posts\/1121"}],"collection":[{"href":"https:\/\/arteeluoghi.it\/index.php\/wp-json\/wp\/v2\/posts"}],"about":[{"href":"https:\/\/arteeluoghi.it\/index.php\/wp-json\/wp\/v2\/types\/post"}],"author":[{"embeddable":true,"href":"https:\/\/arteeluoghi.it\/index.php\/wp-json\/wp\/v2\/users\/1"}],"replies":[{"embeddable":true,"href":"https:\/\/arteeluoghi.it\/index.php\/wp-json\/wp\/v2\/comments?post=1121"}],"version-history":[{"count":0,"href":"https:\/\/arteeluoghi.it\/index.php\/wp-json\/wp\/v2\/posts\/1121\/revisions"}],"wp:attachment":[{"href":"https:\/\/arteeluoghi.it\/index.php\/wp-json\/wp\/v2\/media?parent=1121"}],"wp:term":[{"taxonomy":"category","embeddable":true,"href":"https:\/\/arteeluoghi.it\/index.php\/wp-json\/wp\/v2\/categories?post=1121"},{"taxonomy":"post_tag","embeddable":true,"href":"https:\/\/arteeluoghi.it\/index.php\/wp-json\/wp\/v2\/tags?post=1121"}],"curies":[{"name":"wp","href":"https:\/\/api.w.org\/{rel}","templated":true}]}}