{"id":1128,"date":"2013-04-03T19:01:07","date_gmt":"2013-04-03T17:01:07","guid":{"rendered":"http:\/\/arteeluoghi.it\/index.php\/2013\/04\/03\/fce-il-festival-del-cinema-europeo\/"},"modified":"2013-04-03T19:01:07","modified_gmt":"2013-04-03T17:01:07","slug":"fce-il-festival-del-cinema-europeo","status":"publish","type":"post","link":"https:\/\/arteeluoghi.it\/index.php\/2013\/04\/03\/fce-il-festival-del-cinema-europeo\/","title":{"rendered":"Fce, il Festival del Cinema Europeo"},"content":{"rendered":"<p style=\"text-align: left;\"><img src=\"\/images\/Francesca_Neri.jpg\" border=\"0\" title=\"Francesca Neri\" style=\"margin: 21px; float: right;\" \/>Due Premi, a Mario Verdone e da quest&#8217;anno ad Emidio Greco, cento film, dibattiti, mostre e tanti ospiti per la XIV edizione\u00a0 dall&#8217;8 al 13 aprile 2013<\/p>\n<p><span style=\"font-size: small;\"><strong>Francesca Neri e Aki Kaurism\u00e4ki <\/strong><\/span><\/p>\n<p><span style=\"font-size: small;\"><strong>Lecce, capitale del Cinema\u00a0 <\/strong><\/span><\/p>\n<p>E&#8217; iniziato il conto alla rovescia per la XIV edizione del Festival del Cinema Europeo che fa arrivare a Lecce la bellissima <strong>Francesca Neri<\/strong>, <em>protagonista del Cinema italiano<\/em>, e<strong> Aki Kaurism\u00e4ki<\/strong> tra i <strong><em>Protagonisti del Cinema Europeo. <\/em><\/strong>Una settimana nel segno del grande cin<em>ema,<\/em> <strong><strong>al Multisala Massimo di Lecce <\/strong><strong>dall\u20198 al 13 aprile 2013<\/strong><strong>, <\/strong><\/strong>con un ricchissimo programma presentato nei giorni scorsi a Roma.<em><br \/><\/em><\/p>\n<p>L\u2019omaggio a <strong>Francesca Neri<\/strong> passer\u00e0 attraverso una retrospettiva dei film interpretati: diciassette pellicole da \u201c<em>Sintonie notturne<\/em>\u201d del regista Massimo Martella (1987) a <em>Pensavo fosse amore invece era un calesse<\/em> con l\u2019indimenticabile Massimo Troisi\u00a0 (1991)\u00a0 fino ad <em>Una sconfinata giovinezza<\/em> di Pupi Avati (2010).\u00a0 A latere, ma imperdibile, la mostra di fotografie tratte dal suo archivio personale e dalla Fototeca del CSC allestita nell\u2019ex Monastero dei Teatini con ingresso libero.<\/p>\n<p>  <!--more-->  <\/p>\n<p>\u00a0<\/p>\n<p><em>Delitto e castigo<\/em> (1983), <em>Rocky VI<\/em>, (1986)\u00a0 <em>Amleto si mette in affari<\/em> (1987),\u00a0 \u00a0<em>Vita da Boheme<\/em> (1992) <em>Nuvole in viaggio<\/em> (1996), <em>Le luci della sera<\/em> (2006), <em>Miracolo a Le Havre<\/em> (2011) sono solo alcuni dei titoli del regista finlandese cui \u00e8 dedicata <strong>\u00a0<\/strong><strong>la retrospettiva completa dei film,<\/strong><strong>a cura di Massimo Causo<\/strong><strong>, <\/strong><strong>e\u00a0 la mostra fotografica allestita presso il Castello Carlo V<\/strong><strong>(ingresso libero).<\/strong> Inoltre, venerd\u00ec 12 aprile alle ore 11, ci sar\u00e0 un incontro con l\u2019autore a cura del Sindacato Nazionale Critici Cinematografici Italiani e, sabato 13 come <strong>Evento Speciale<\/strong> in chiusura dell\u2019omaggio, la proiezione del film <strong><em>Centro Historico<\/em><\/strong>di Pedro Costa, Manoel de Oliveira, Victor Erice, Aki Kaurismaki.<\/p>\n<p>\u00a0<\/p>\n<p><img src=\"\/images\/Aki%20Kaurismaki.jpg\" border=\"0\" title=\"Aki Kaurismaki\" width=\"200\" style=\"margin: 21px; float: left;\" \/>A quattordici anni dalla nascita, il<strong> Festival del Cinema Europeo\u00a0<\/strong>si conferma una manifestazione al passo con i tempi, che guarda ai grandi eventi culturali dell\u2019Europa e del Mediterraneo e particolarmente attenta al dialogo interculturale. Tutto questo grazie\u00a0 al notevole impegno della direzione artistica\u00a0 ovvero <strong>Alberto La Monica<\/strong> e <strong>Cristina\u00a0Soldano <\/strong>affiancati dalComitato dei Garanti &#8211; <strong>\u00a0Krzysztof Zanussi, Citto Maselli, Morando Morandini, Gianni Volpi<\/strong> \u2013 che vigila sulla qualit\u00e0 e sulla validit\u00e0 culturale della kermesse che trasforma ogni anno la citt\u00e0 del barocco nella capitale del Cinema.\u00a0<\/p>\n<p>Ben 100 i film in programma tra lungometraggi corti e documentari provenienti da numerosi <strong>Paesi Europei<\/strong>, E tra le novit\u00e0 della rassegna la nascita del <strong>Premio Emidio Greco<\/strong> che si aggiunge al gi\u00e0 collaudato <strong>Premio Mario Verdone<\/strong>. Di comune accordo con il Comitato di cui il regista faceva parte e con la famiglia, da questa edizione nel nome di <strong>Emidio Greco <\/strong>sar\u00e0 premiato un cortometraggio di un giovane talentuoso autore italiano.<\/p>\n<p>Per la quarta edizione del <strong>Premio Mario Verdone<\/strong>, istituito dal Festival insieme al Centro Sperimentale di Cinematografia e al Sindacato Nazionale Giornalisti Cinematografici Italiani, sar\u00e0 premiata l\u2019opera di un giovane autore italiano: la terna vincente vede in finale <strong>Francesco Amato<\/strong> per <strong><em>Cosimo e Nicole<\/em>; Claudio Giovannesi<\/strong> per <strong><em>Al\u00ec ha gli occhi azzurri<\/em> <\/strong>(opera seconda), <strong>Ivan Silvestrini<\/strong> per <strong><em>Come non detto<\/em> <\/strong>(opera prima).<\/p>\n<p>Ma il Festival non dimentica i personaggi pi\u00f9 illustri di Puglia: a dieci anni dalla scomparsa di<strong> Ferdinando Di Leo<\/strong>, il regista di San Ferdinando di Puglia, verr\u00e0 proposta una rassegna dei suoi film pi\u00f9 rappresentativi in collaborazione con la Fondazione Centro Sperimentale di Cinematografia e Minerva Pictures. Da non perdere <strong>venerd\u00ec 12 aprile<\/strong> un<strong> incontro <\/strong>sul suo cinema alla presenza di esperti ed appassionati. In questa occasione, sar\u00e0 mostrato in <strong>anteprima assoluta il documentario Fernando Di Leo. Un Pugliese a Roma <\/strong>con la <strong>regia di Deborah M. Farina<\/strong> e la cura di Domenico Monetti e Luca Pallanch, che hanno raccolto le testimonianze \u00a0di Renzo Arbore, Pierpaolo Capponi, Giuliana Di Leo, Rita Di Leo, Gianni Garko. <strong>\u00a0<\/strong><\/p>\n<p><img src=\"\/images\/pietro-mennea-puglia-sport.jpg\" border=\"0\" title=\"Pietro Mennea\" width=\"300\" style=\"margin: 21px; float: right;\" \/>Particolarmente significativo, inoltre, sar\u00e0 l\u2019omaggio all\u2019atleta <strong>Pietro Mennea,<\/strong> prematuramente scomparso lo scorso 21 marzo, e ricordato attraverso la proiezione in anteprima del docu-film, \u201c<strong>Diciannove e Settantadue\u201d di <\/strong>Sergio Basso<strong>,<\/strong>\u00a0 che racconta la storia del primatista Mondiale e medaglia d\u2019Oro Olimpica dei 200 metri.<\/p>\n<p>Ma veniamo al concorso. In anteprima italiana, dieci film europei in lingua originale, selezionati da Cristina Soldano, saranno giudicati da una <strong>Giuria Internazionale<\/strong>, composta da <strong>Grazia Volpi <\/strong>(produttrice), <strong>Maya Sansa <\/strong>(attrice), <strong>Claudia Landsberger <\/strong>(Direttrice di EYE International-Film Institute Netherlands), <strong>Andriy Khalpakhchi <\/strong>(Direttore Molodist Film Festival-Kiev), <strong>Leon Lucev <\/strong>(attore).<\/p>\n<p>Ecco i titoli: <strong>11 MEETINGS WITH MY FATHER<\/strong> di Nikos Cornilios (Grecia, 2012); <strong>LIVING<\/strong> di Vasily Sigarev (Russia, 2012); <strong>LOVING<\/strong> di Slawomir Fabicki (Polonia, 2012); <strong>OUR LITTLE DIFFERENCES<\/strong> di Sylvie Michel (Germania, 2012); <strong>SHIPS<\/strong> di Elif Refig (Turchia, 2012); <strong>SILENT ONES<\/strong> di Ricky Rijneke (Olanda\/Ungheria 2013); <strong>THE ALMOST MAN<\/strong> di Martin Lund (Norvegia, 2012); <strong>THE DEAD AND THE LIVING<\/strong> di Barbara Albert (Austria, 2012); <strong>THE DREAM AND THE SILENCE<\/strong> di Jaime Rosales (Spagna, 2012); <strong>THREE WORLDS<\/strong> di Catherine Corsini (Francia, 2012)<\/p>\n<p>Ma non solo proiezioni Le sezioni tematiche propongono, infatti, interessanti dibattiti. Per la sezione <strong><em>Cinema Mediterraneo<\/em><\/strong> riflettori puntati sul cinema israeliano: in rassegna i film (lungometraggi, documentari e cortometraggi) pi\u00f9 rappresentativi della produzione cinematografica contemporanea. E <strong>gioved\u00ec 11 aprile<\/strong> <strong>l\u2019incontro <strong>\u201cLe Comunit\u00e0 ebraiche nel Salento e i rapporti tra Puglia e Israele\u201d in collaborazione con ARCI Lecce.<\/strong><\/strong><\/p>\n<p><strong>Creativit\u00e0 e redditivit\u00e0 del cinema europeo <\/strong>sar\u00e0 il tema della tavola rotonda in programma per<strong> sabato 13 aprile. <\/strong>Mentre<strong>Cinema &amp; Realt\u00e0<\/strong>,\u00a0 la consueta sezione di documentari dedicata a temi sociali e culturali, sar\u00e0 occasione di riflessione su <strong>Ambiente e Territorio<\/strong> \u2013 <strong>L\u2019immigrazione <\/strong>\u2013 <strong>Alla ricerca del s\u00e9<\/strong>.<\/p>\n<p>Tra le anteprime e gli eventi speciali il film di apertura sar\u00e0 &#8220;<strong><em>Il pasticciere<\/em><\/strong>&#8221; di <strong>Luigi Sardiello<\/strong>; a seguire &#8220;<strong><em>Vive le Rock<\/em><\/strong>&#8220;,\u00a0 un \u201cmocumentario\u201d su musica e moto diretto da <strong>Alessandro Valenti<\/strong> e \u201c<strong><em>Il cuore in mano i piedi sulla strada<\/em><\/strong>\u201d di <strong>Uli M\u00f6ller. <\/strong><\/p>\n<p><strong>red. Arte e Luoghi<br \/><\/strong><\/p>\n","protected":false},"excerpt":{"rendered":"<p>Due Premi, a Mario Verdone e da quest&#8217;anno ad Emidio Greco, cento film, dibattiti, mostre e tanti ospiti per la<\/p>\n","protected":false},"author":1,"featured_media":0,"comment_status":"open","ping_status":"open","sticky":false,"template":"","format":"standard","meta":[],"categories":[29],"tags":[],"yoast_head":"<!-- This site is optimized with the Yoast SEO plugin v18.0 - https:\/\/yoast.com\/wordpress\/plugins\/seo\/ -->\n<title>Fce, il Festival del Cinema Europeo | Arte e Luoghi<\/title>\n<meta name=\"robots\" content=\"index, follow, max-snippet:-1, max-image-preview:large, max-video-preview:-1\" \/>\n<link rel=\"canonical\" href=\"https:\/\/arteeluoghi.it\/index.php\/2013\/04\/03\/fce-il-festival-del-cinema-europeo\/\" \/>\n<meta property=\"og:locale\" content=\"it_IT\" \/>\n<meta property=\"og:type\" content=\"article\" \/>\n<meta property=\"og:title\" content=\"Fce, il Festival del Cinema Europeo | Arte e Luoghi\" \/>\n<meta property=\"og:description\" content=\"Due Premi, a Mario Verdone e da quest&#8217;anno ad Emidio Greco, cento film, dibattiti, mostre e tanti ospiti per la\" \/>\n<meta property=\"og:url\" content=\"https:\/\/arteeluoghi.it\/index.php\/2013\/04\/03\/fce-il-festival-del-cinema-europeo\/\" \/>\n<meta property=\"og:site_name\" content=\"Arte e Luoghi\" \/>\n<meta property=\"article:publisher\" content=\"https:\/\/www.facebook.com\/ArteELuoghi\/\" \/>\n<meta property=\"article:published_time\" content=\"2013-04-03T17:01:07+00:00\" \/>\n<meta property=\"og:image\" content=\"https:\/\/arteeluoghi.it\/images\/Francesca_Neri.jpg\" \/>\n<meta name=\"twitter:card\" content=\"summary\" \/>\n<meta name=\"twitter:creator\" content=\"@arteeluoghi\" \/>\n<meta name=\"twitter:site\" content=\"@arteeluoghi\" \/>\n<meta name=\"twitter:label1\" content=\"Scritto da\" \/>\n\t<meta name=\"twitter:data1\" content=\"Staff\" \/>\n\t<meta name=\"twitter:label2\" content=\"Tempo di lettura stimato\" \/>\n\t<meta name=\"twitter:data2\" content=\"5 minuti\" \/>\n<script type=\"application\/ld+json\" class=\"yoast-schema-graph\">{\"@context\":\"https:\/\/schema.org\",\"@graph\":[{\"@type\":\"Organization\",\"@id\":\"https:\/\/arteeluoghi.it\/#organization\",\"name\":\"Arte e Luoghi\",\"url\":\"https:\/\/arteeluoghi.it\/\",\"sameAs\":[\"https:\/\/www.facebook.com\/ArteELuoghi\/\",\"https:\/\/www.instagram.com\/arteeluoghi\/?hl=it\",\"https:\/\/www.youtube.com\/channel\/UCuRVc4JW4-C5sg9rQB-srkw?view_as=subscriber\",\"https:\/\/twitter.com\/arteeluoghi\"],\"logo\":{\"@type\":\"ImageObject\",\"@id\":\"https:\/\/arteeluoghi.it\/#logo\",\"inLanguage\":\"it-IT\",\"url\":\"https:\/\/arteeluoghi.it\/wp-content\/uploads\/2018\/08\/logoinstagramarte.jpg\",\"contentUrl\":\"https:\/\/arteeluoghi.it\/wp-content\/uploads\/2018\/08\/logoinstagramarte.jpg\",\"width\":150,\"height\":150,\"caption\":\"Arte e Luoghi\"},\"image\":{\"@id\":\"https:\/\/arteeluoghi.it\/#logo\"}},{\"@type\":\"WebSite\",\"@id\":\"https:\/\/arteeluoghi.it\/#website\",\"url\":\"https:\/\/arteeluoghi.it\/\",\"name\":\"Arte e Luoghi\",\"description\":\"Mensile di arte, cultura, turismo e curiosit\u00e0\",\"publisher\":{\"@id\":\"https:\/\/arteeluoghi.it\/#organization\"},\"potentialAction\":[{\"@type\":\"SearchAction\",\"target\":{\"@type\":\"EntryPoint\",\"urlTemplate\":\"https:\/\/arteeluoghi.it\/?s={search_term_string}\"},\"query-input\":\"required name=search_term_string\"}],\"inLanguage\":\"it-IT\"},{\"@type\":\"ImageObject\",\"@id\":\"https:\/\/arteeluoghi.it\/index.php\/2013\/04\/03\/fce-il-festival-del-cinema-europeo\/#primaryimage\",\"inLanguage\":\"it-IT\",\"url\":\"\/images\/Francesca_Neri.jpg\",\"contentUrl\":\"\/images\/Francesca_Neri.jpg\"},{\"@type\":\"WebPage\",\"@id\":\"https:\/\/arteeluoghi.it\/index.php\/2013\/04\/03\/fce-il-festival-del-cinema-europeo\/#webpage\",\"url\":\"https:\/\/arteeluoghi.it\/index.php\/2013\/04\/03\/fce-il-festival-del-cinema-europeo\/\",\"name\":\"Fce, il Festival del Cinema Europeo | Arte e Luoghi\",\"isPartOf\":{\"@id\":\"https:\/\/arteeluoghi.it\/#website\"},\"primaryImageOfPage\":{\"@id\":\"https:\/\/arteeluoghi.it\/index.php\/2013\/04\/03\/fce-il-festival-del-cinema-europeo\/#primaryimage\"},\"datePublished\":\"2013-04-03T17:01:07+00:00\",\"dateModified\":\"2013-04-03T17:01:07+00:00\",\"breadcrumb\":{\"@id\":\"https:\/\/arteeluoghi.it\/index.php\/2013\/04\/03\/fce-il-festival-del-cinema-europeo\/#breadcrumb\"},\"inLanguage\":\"it-IT\",\"potentialAction\":[{\"@type\":\"ReadAction\",\"target\":[\"https:\/\/arteeluoghi.it\/index.php\/2013\/04\/03\/fce-il-festival-del-cinema-europeo\/\"]}]},{\"@type\":\"BreadcrumbList\",\"@id\":\"https:\/\/arteeluoghi.it\/index.php\/2013\/04\/03\/fce-il-festival-del-cinema-europeo\/#breadcrumb\",\"itemListElement\":[{\"@type\":\"ListItem\",\"position\":1,\"name\":\"Home\",\"item\":\"https:\/\/arteeluoghi.it\/\"},{\"@type\":\"ListItem\",\"position\":2,\"name\":\"Fce, il Festival del Cinema Europeo\"}]},{\"@type\":\"Article\",\"@id\":\"https:\/\/arteeluoghi.it\/index.php\/2013\/04\/03\/fce-il-festival-del-cinema-europeo\/#article\",\"isPartOf\":{\"@id\":\"https:\/\/arteeluoghi.it\/index.php\/2013\/04\/03\/fce-il-festival-del-cinema-europeo\/#webpage\"},\"author\":{\"@id\":\"https:\/\/arteeluoghi.it\/#\/schema\/person\/f84e814e36e91e01448ee07eaadd41d4\"},\"headline\":\"Fce, il Festival del Cinema Europeo\",\"datePublished\":\"2013-04-03T17:01:07+00:00\",\"dateModified\":\"2013-04-03T17:01:07+00:00\",\"mainEntityOfPage\":{\"@id\":\"https:\/\/arteeluoghi.it\/index.php\/2013\/04\/03\/fce-il-festival-del-cinema-europeo\/#webpage\"},\"wordCount\":922,\"commentCount\":0,\"publisher\":{\"@id\":\"https:\/\/arteeluoghi.it\/#organization\"},\"image\":{\"@id\":\"https:\/\/arteeluoghi.it\/index.php\/2013\/04\/03\/fce-il-festival-del-cinema-europeo\/#primaryimage\"},\"thumbnailUrl\":\"\/images\/Francesca_Neri.jpg\",\"articleSection\":[\"Cinema\"],\"inLanguage\":\"it-IT\",\"potentialAction\":[{\"@type\":\"CommentAction\",\"name\":\"Comment\",\"target\":[\"https:\/\/arteeluoghi.it\/index.php\/2013\/04\/03\/fce-il-festival-del-cinema-europeo\/#respond\"]}]},{\"@type\":\"Person\",\"@id\":\"https:\/\/arteeluoghi.it\/#\/schema\/person\/f84e814e36e91e01448ee07eaadd41d4\",\"name\":\"Staff\",\"image\":{\"@type\":\"ImageObject\",\"@id\":\"https:\/\/arteeluoghi.it\/#personlogo\",\"inLanguage\":\"it-IT\",\"url\":\"https:\/\/secure.gravatar.com\/avatar\/49d2f9e46271bb04e19cebfaf141313a?s=96&d=blank&r=g\",\"contentUrl\":\"https:\/\/secure.gravatar.com\/avatar\/49d2f9e46271bb04e19cebfaf141313a?s=96&d=blank&r=g\",\"caption\":\"Staff\"}}]}<\/script>\n<!-- \/ Yoast SEO plugin. -->","yoast_head_json":{"title":"Fce, il Festival del Cinema Europeo | Arte e Luoghi","robots":{"index":"index","follow":"follow","max-snippet":"max-snippet:-1","max-image-preview":"max-image-preview:large","max-video-preview":"max-video-preview:-1"},"canonical":"https:\/\/arteeluoghi.it\/index.php\/2013\/04\/03\/fce-il-festival-del-cinema-europeo\/","og_locale":"it_IT","og_type":"article","og_title":"Fce, il Festival del Cinema Europeo | Arte e Luoghi","og_description":"Due Premi, a Mario Verdone e da quest&#8217;anno ad Emidio Greco, cento film, dibattiti, mostre e tanti ospiti per la","og_url":"https:\/\/arteeluoghi.it\/index.php\/2013\/04\/03\/fce-il-festival-del-cinema-europeo\/","og_site_name":"Arte e Luoghi","article_publisher":"https:\/\/www.facebook.com\/ArteELuoghi\/","article_published_time":"2013-04-03T17:01:07+00:00","og_image":[{"url":"https:\/\/arteeluoghi.it\/images\/Francesca_Neri.jpg"}],"twitter_card":"summary","twitter_creator":"@arteeluoghi","twitter_site":"@arteeluoghi","twitter_misc":{"Scritto da":"Staff","Tempo di lettura stimato":"5 minuti"},"schema":{"@context":"https:\/\/schema.org","@graph":[{"@type":"Organization","@id":"https:\/\/arteeluoghi.it\/#organization","name":"Arte e Luoghi","url":"https:\/\/arteeluoghi.it\/","sameAs":["https:\/\/www.facebook.com\/ArteELuoghi\/","https:\/\/www.instagram.com\/arteeluoghi\/?hl=it","https:\/\/www.youtube.com\/channel\/UCuRVc4JW4-C5sg9rQB-srkw?view_as=subscriber","https:\/\/twitter.com\/arteeluoghi"],"logo":{"@type":"ImageObject","@id":"https:\/\/arteeluoghi.it\/#logo","inLanguage":"it-IT","url":"https:\/\/arteeluoghi.it\/wp-content\/uploads\/2018\/08\/logoinstagramarte.jpg","contentUrl":"https:\/\/arteeluoghi.it\/wp-content\/uploads\/2018\/08\/logoinstagramarte.jpg","width":150,"height":150,"caption":"Arte e Luoghi"},"image":{"@id":"https:\/\/arteeluoghi.it\/#logo"}},{"@type":"WebSite","@id":"https:\/\/arteeluoghi.it\/#website","url":"https:\/\/arteeluoghi.it\/","name":"Arte e Luoghi","description":"Mensile di arte, cultura, turismo e curiosit\u00e0","publisher":{"@id":"https:\/\/arteeluoghi.it\/#organization"},"potentialAction":[{"@type":"SearchAction","target":{"@type":"EntryPoint","urlTemplate":"https:\/\/arteeluoghi.it\/?s={search_term_string}"},"query-input":"required name=search_term_string"}],"inLanguage":"it-IT"},{"@type":"ImageObject","@id":"https:\/\/arteeluoghi.it\/index.php\/2013\/04\/03\/fce-il-festival-del-cinema-europeo\/#primaryimage","inLanguage":"it-IT","url":"\/images\/Francesca_Neri.jpg","contentUrl":"\/images\/Francesca_Neri.jpg"},{"@type":"WebPage","@id":"https:\/\/arteeluoghi.it\/index.php\/2013\/04\/03\/fce-il-festival-del-cinema-europeo\/#webpage","url":"https:\/\/arteeluoghi.it\/index.php\/2013\/04\/03\/fce-il-festival-del-cinema-europeo\/","name":"Fce, il Festival del Cinema Europeo | Arte e Luoghi","isPartOf":{"@id":"https:\/\/arteeluoghi.it\/#website"},"primaryImageOfPage":{"@id":"https:\/\/arteeluoghi.it\/index.php\/2013\/04\/03\/fce-il-festival-del-cinema-europeo\/#primaryimage"},"datePublished":"2013-04-03T17:01:07+00:00","dateModified":"2013-04-03T17:01:07+00:00","breadcrumb":{"@id":"https:\/\/arteeluoghi.it\/index.php\/2013\/04\/03\/fce-il-festival-del-cinema-europeo\/#breadcrumb"},"inLanguage":"it-IT","potentialAction":[{"@type":"ReadAction","target":["https:\/\/arteeluoghi.it\/index.php\/2013\/04\/03\/fce-il-festival-del-cinema-europeo\/"]}]},{"@type":"BreadcrumbList","@id":"https:\/\/arteeluoghi.it\/index.php\/2013\/04\/03\/fce-il-festival-del-cinema-europeo\/#breadcrumb","itemListElement":[{"@type":"ListItem","position":1,"name":"Home","item":"https:\/\/arteeluoghi.it\/"},{"@type":"ListItem","position":2,"name":"Fce, il Festival del Cinema Europeo"}]},{"@type":"Article","@id":"https:\/\/arteeluoghi.it\/index.php\/2013\/04\/03\/fce-il-festival-del-cinema-europeo\/#article","isPartOf":{"@id":"https:\/\/arteeluoghi.it\/index.php\/2013\/04\/03\/fce-il-festival-del-cinema-europeo\/#webpage"},"author":{"@id":"https:\/\/arteeluoghi.it\/#\/schema\/person\/f84e814e36e91e01448ee07eaadd41d4"},"headline":"Fce, il Festival del Cinema Europeo","datePublished":"2013-04-03T17:01:07+00:00","dateModified":"2013-04-03T17:01:07+00:00","mainEntityOfPage":{"@id":"https:\/\/arteeluoghi.it\/index.php\/2013\/04\/03\/fce-il-festival-del-cinema-europeo\/#webpage"},"wordCount":922,"commentCount":0,"publisher":{"@id":"https:\/\/arteeluoghi.it\/#organization"},"image":{"@id":"https:\/\/arteeluoghi.it\/index.php\/2013\/04\/03\/fce-il-festival-del-cinema-europeo\/#primaryimage"},"thumbnailUrl":"\/images\/Francesca_Neri.jpg","articleSection":["Cinema"],"inLanguage":"it-IT","potentialAction":[{"@type":"CommentAction","name":"Comment","target":["https:\/\/arteeluoghi.it\/index.php\/2013\/04\/03\/fce-il-festival-del-cinema-europeo\/#respond"]}]},{"@type":"Person","@id":"https:\/\/arteeluoghi.it\/#\/schema\/person\/f84e814e36e91e01448ee07eaadd41d4","name":"Staff","image":{"@type":"ImageObject","@id":"https:\/\/arteeluoghi.it\/#personlogo","inLanguage":"it-IT","url":"https:\/\/secure.gravatar.com\/avatar\/49d2f9e46271bb04e19cebfaf141313a?s=96&d=blank&r=g","contentUrl":"https:\/\/secure.gravatar.com\/avatar\/49d2f9e46271bb04e19cebfaf141313a?s=96&d=blank&r=g","caption":"Staff"}}]}},"_links":{"self":[{"href":"https:\/\/arteeluoghi.it\/index.php\/wp-json\/wp\/v2\/posts\/1128"}],"collection":[{"href":"https:\/\/arteeluoghi.it\/index.php\/wp-json\/wp\/v2\/posts"}],"about":[{"href":"https:\/\/arteeluoghi.it\/index.php\/wp-json\/wp\/v2\/types\/post"}],"author":[{"embeddable":true,"href":"https:\/\/arteeluoghi.it\/index.php\/wp-json\/wp\/v2\/users\/1"}],"replies":[{"embeddable":true,"href":"https:\/\/arteeluoghi.it\/index.php\/wp-json\/wp\/v2\/comments?post=1128"}],"version-history":[{"count":0,"href":"https:\/\/arteeluoghi.it\/index.php\/wp-json\/wp\/v2\/posts\/1128\/revisions"}],"wp:attachment":[{"href":"https:\/\/arteeluoghi.it\/index.php\/wp-json\/wp\/v2\/media?parent=1128"}],"wp:term":[{"taxonomy":"category","embeddable":true,"href":"https:\/\/arteeluoghi.it\/index.php\/wp-json\/wp\/v2\/categories?post=1128"},{"taxonomy":"post_tag","embeddable":true,"href":"https:\/\/arteeluoghi.it\/index.php\/wp-json\/wp\/v2\/tags?post=1128"}],"curies":[{"name":"wp","href":"https:\/\/api.w.org\/{rel}","templated":true}]}}