{"id":1130,"date":"2013-04-03T19:36:29","date_gmt":"2013-04-03T17:36:29","guid":{"rendered":"http:\/\/arteeluoghi.it\/index.php\/2013\/04\/03\/mixed-media\/"},"modified":"2013-04-03T19:36:29","modified_gmt":"2013-04-03T17:36:29","slug":"mixed-media","status":"publish","type":"post","link":"https:\/\/arteeluoghi.it\/index.php\/2013\/04\/03\/mixed-media\/","title":{"rendered":"Mixed media"},"content":{"rendered":"<p style=\"text-align: left;\" align=\"center\"><img src=\"\/images\/Listener.jpg\" border=\"0\" title=\"Carl HEYWARD\" width=\"300\" style=\"margin: 21px; float: right;\" \/>A Lecce, Scaramuzza arte contemporanea, dal 6 al 27 aprile 2013 e \u00a0 a Ceglie Messapica,\u00a0Garage 21, dal 12 al 26 aprile 2013<\/p>\n<p><span style=\"font-size: medium;\"><strong>Carl Heyward<\/strong><\/span><\/p>\n<p style=\"text-align: left;\" align=\"center\">Double Solo Exibition<\/p>\n<p>Accade alle volte nella vita di un artista di fare degli incontri speciali, quelli del cuore, incontri che ti fanno comprendere quanto ci sia di magico nel fare arte . Accade dunque di scambiare\/rsi idee, percorsi, immagini e mentre ci\u00f2 inevitabilmente succede l\u2019intuito ti dice che a quel punto tu devi accogliere fisicamente tutte queste bellissime cose. E\u2019 cos\u00ec che \u00e8 nata l\u2019idea di portare l\u2019opera dell\u2019artista Carl Hewyard a Lecce in una double solo exibition.<\/p>\n<p>Da San Francisco a Lecce una comunit\u00e0 di artisti ne incontra un&#8217;altra, cos\u00ec diversa ma allo stesso tempo cos\u00ec ugualmente assetata di scambio, di relazione, di amore. L\u2019amore per il fare arte e condividerla.<\/p>\n<p>Due gli spazi coinvolti: Scaramuzza Arte contemporanea di Lecce per \u201cMixed Media\u201d dal 6 Aprile al 27 Aprile e Garage 21 Ceglie Messapica per \u201c Bus Portrait\u201d dal 13 al 27 Aprile a cura di Monica Lisi.<\/p>\n<p>L\u2019artista risieder\u00e0 a Lecce per circa un mese e qui intreccer\u00e0 relazioni in una serie di incontri programmati in spazi privati e pubblici. Il 19 Aprile sar\u00e0 ospite dell\u2019Accademia di Belle Arti di Lecce dove incontrer\u00e0 gli studenti della cattedra di Decorazione con il prof. Giuseppe Lisi e la prof.ssa Lucy Ghionna e gli studenti del corso di Antropologia culturale del Prof. Antonio Basile. Inoltre l\u2019artista incontrer\u00e0 gli studenti della scuola media di Collemeto portando il progetto Knee fragmentation e lavorando con loro in un Workshop appositamente formulato.<\/p>\n<p>  <!--more-->  <\/p>\n<p>\u00a0<\/p>\n<p>Tutto l\u2019evento \u00e8 supportato da Monnalisa HG, \u00a0\u00a0un progetto che nasce nel cuore del centro storico di Lecce, nella cantina di un palazzo del seicento. Uno spazio privato che apre le sue porte una volta al mese per presentare un artista per meglio conoscere il suo processo creativo. Artisti visivi e non, creativit\u00e0 diffuse e a volte sotterranee.<\/p>\n<p>\u00a0<\/p>\n<p><strong>CARL HEYWARD<\/strong><\/p>\n<p><img src=\"\/images\/immagine%20bus%20portrait.jpg\" border=\"0\" title=\"CARL HEYWARD, bus portrait\" style=\"float: left; margin: 21px;\" \/>Carl Heyward \u00e8 un artista e scrittore che vive a San Francisco. Ha esposto i suoi mixed media ed i libri d&#8217;artista a livello internazionale ed \u00e8 collezionato da numerose istituzioni , tra cui: The Sackner Archives, Califia Books, The New Museum of Art (NY), SF Museum of Modern Art Library, SF Art Institute, SF Academy of Art University, Yale University Art Library, The Australian National Gallery and Sonoma County Museum of Modern Art. Ha insegnato Storia della critica d&#8217;arte, Introduzione alla produzione di film e video alla San Francisco Academy of Art Programma MAE.<\/p>\n<p>\u00a0Heyward ha prodotto Artspeak per Viacom SF, un programma di interviste e conversazioni. Artspeak distribuito dalla MWF Video NY e Video Data Bank Rochester School of the Arts. Il suo lavoro \u00a0include borse di collaborazione per la Performance dal National Endowment for the Arts con Rene Yanez e Fusion Visual Theater.\u00a0<\/p>\n<p>Tra le sue interviste ricordiamo quelle a : Diamonda Galas, Frank Zappa, Carolee Schneemann, The Dark Bob, Philip Glass, Robert Wilson, Karen Finley, Sesso John, Luis Valdez \u00a0e John Giorno.<\/p>\n<p>\u00a0I suoi attuali progetti includono Knee fragmentation project con l\u2019utilizzo del contemporaneo social network. Questo progetto ad oggi conta la partecipazione di oltre 200 artisti provenienti da tutto il mondo con l\u2019utilizzo del sistema postale in uno scambio che si \u00e8 svolto per l\u2019intero 2012.<\/p>\n<p>Carl Heyward ha invitato gli artisti a partecipare alla sua idea chiedendo un contributo artistico, uno stralcio d\u2019arte a testimonianza delle creativit\u00e0 diffuse nel mondo che possono divenire una sorta di mappatura dell\u2019attuale fare arte.\u00a0 Si sta dunque creando una rete nella rete partendo appunto da quella di internet, velocissimo veicolo di informazione che ha modificato il modo di relazionarsi e di fare creativit\u00e0. Il pensiero di Heyward \u00e8 straordinariamente contemporaneo, una sorta di mail art del futuro che pu\u00f2 aiutarci a interconnettere pensieri creativi ed a delineare l\u2019anatomia del futuro fare artistico.<\/p>\n<p>(fonte: comunicato stampa)<\/p>\n<p><span style=\"font-size: small;\"><strong>\u00a0<\/strong><\/span><\/p>\n<p><span style=\"font-size: small;\"><strong>\u00a0<\/strong><\/span><\/p>\n<p>Scaramuzza arte contemporanea &#8211; via Libertini 70<\/p>\n<p><strong><em>RECAPITI TELEFONICI<\/em><\/strong>: 3274288848 3297325036<\/p>\n<p><strong><em>ORARI<\/em><\/strong>: 10.30\/12.30\u00a0\u00a0 18 \/20.30<\/p>\n<p><strong><em>VERNISSAGE<\/em><\/strong>:\u00a0 sabato 6 aprile ore 19 alla presenza dell\u2019artista<\/p>\n<p><strong><em>CURATORI<\/em><\/strong>: Monica Lisi<\/p>\n<p><span style=\"font-size: small;\"><strong>\u00a0<\/strong><\/span><\/p>\n<p>\u00a0<\/p>\n","protected":false},"excerpt":{"rendered":"<p>A Lecce, Scaramuzza arte contemporanea, dal 6 al 27 aprile 2013 e \u00a0 a Ceglie Messapica,\u00a0Garage 21, dal 12 al<\/p>\n","protected":false},"author":1,"featured_media":0,"comment_status":"open","ping_status":"open","sticky":false,"template":"","format":"standard","meta":[],"categories":[27],"tags":[],"yoast_head":"<!-- This site is optimized with the Yoast SEO plugin v18.0 - https:\/\/yoast.com\/wordpress\/plugins\/seo\/ -->\n<title>Mixed media | Arte e Luoghi<\/title>\n<meta name=\"robots\" content=\"index, follow, max-snippet:-1, max-image-preview:large, max-video-preview:-1\" \/>\n<link rel=\"canonical\" href=\"https:\/\/arteeluoghi.it\/index.php\/2013\/04\/03\/mixed-media\/\" \/>\n<meta property=\"og:locale\" content=\"it_IT\" \/>\n<meta property=\"og:type\" content=\"article\" \/>\n<meta property=\"og:title\" content=\"Mixed media | Arte e Luoghi\" \/>\n<meta property=\"og:description\" content=\"A Lecce, Scaramuzza arte contemporanea, dal 6 al 27 aprile 2013 e \u00a0 a Ceglie Messapica,\u00a0Garage 21, dal 12 al\" \/>\n<meta property=\"og:url\" content=\"https:\/\/arteeluoghi.it\/index.php\/2013\/04\/03\/mixed-media\/\" \/>\n<meta property=\"og:site_name\" content=\"Arte e Luoghi\" \/>\n<meta property=\"article:publisher\" content=\"https:\/\/www.facebook.com\/ArteELuoghi\/\" \/>\n<meta property=\"article:published_time\" content=\"2013-04-03T17:36:29+00:00\" \/>\n<meta property=\"og:image\" content=\"https:\/\/arteeluoghi.it\/images\/Listener.jpg\" \/>\n<meta name=\"twitter:card\" content=\"summary\" \/>\n<meta name=\"twitter:creator\" content=\"@arteeluoghi\" \/>\n<meta name=\"twitter:site\" content=\"@arteeluoghi\" \/>\n<meta name=\"twitter:label1\" content=\"Scritto da\" \/>\n\t<meta name=\"twitter:data1\" content=\"Staff\" \/>\n\t<meta name=\"twitter:label2\" content=\"Tempo di lettura stimato\" \/>\n\t<meta name=\"twitter:data2\" content=\"3 minuti\" \/>\n<script type=\"application\/ld+json\" class=\"yoast-schema-graph\">{\"@context\":\"https:\/\/schema.org\",\"@graph\":[{\"@type\":\"Organization\",\"@id\":\"https:\/\/arteeluoghi.it\/#organization\",\"name\":\"Arte e Luoghi\",\"url\":\"https:\/\/arteeluoghi.it\/\",\"sameAs\":[\"https:\/\/www.facebook.com\/ArteELuoghi\/\",\"https:\/\/www.instagram.com\/arteeluoghi\/?hl=it\",\"https:\/\/www.youtube.com\/channel\/UCuRVc4JW4-C5sg9rQB-srkw?view_as=subscriber\",\"https:\/\/twitter.com\/arteeluoghi\"],\"logo\":{\"@type\":\"ImageObject\",\"@id\":\"https:\/\/arteeluoghi.it\/#logo\",\"inLanguage\":\"it-IT\",\"url\":\"https:\/\/arteeluoghi.it\/wp-content\/uploads\/2018\/08\/logoinstagramarte.jpg\",\"contentUrl\":\"https:\/\/arteeluoghi.it\/wp-content\/uploads\/2018\/08\/logoinstagramarte.jpg\",\"width\":150,\"height\":150,\"caption\":\"Arte e Luoghi\"},\"image\":{\"@id\":\"https:\/\/arteeluoghi.it\/#logo\"}},{\"@type\":\"WebSite\",\"@id\":\"https:\/\/arteeluoghi.it\/#website\",\"url\":\"https:\/\/arteeluoghi.it\/\",\"name\":\"Arte e Luoghi\",\"description\":\"Mensile di arte, cultura, turismo e curiosit\u00e0\",\"publisher\":{\"@id\":\"https:\/\/arteeluoghi.it\/#organization\"},\"potentialAction\":[{\"@type\":\"SearchAction\",\"target\":{\"@type\":\"EntryPoint\",\"urlTemplate\":\"https:\/\/arteeluoghi.it\/?s={search_term_string}\"},\"query-input\":\"required name=search_term_string\"}],\"inLanguage\":\"it-IT\"},{\"@type\":\"ImageObject\",\"@id\":\"https:\/\/arteeluoghi.it\/index.php\/2013\/04\/03\/mixed-media\/#primaryimage\",\"inLanguage\":\"it-IT\",\"url\":\"\/images\/Listener.jpg\",\"contentUrl\":\"\/images\/Listener.jpg\"},{\"@type\":\"WebPage\",\"@id\":\"https:\/\/arteeluoghi.it\/index.php\/2013\/04\/03\/mixed-media\/#webpage\",\"url\":\"https:\/\/arteeluoghi.it\/index.php\/2013\/04\/03\/mixed-media\/\",\"name\":\"Mixed media | Arte e Luoghi\",\"isPartOf\":{\"@id\":\"https:\/\/arteeluoghi.it\/#website\"},\"primaryImageOfPage\":{\"@id\":\"https:\/\/arteeluoghi.it\/index.php\/2013\/04\/03\/mixed-media\/#primaryimage\"},\"datePublished\":\"2013-04-03T17:36:29+00:00\",\"dateModified\":\"2013-04-03T17:36:29+00:00\",\"breadcrumb\":{\"@id\":\"https:\/\/arteeluoghi.it\/index.php\/2013\/04\/03\/mixed-media\/#breadcrumb\"},\"inLanguage\":\"it-IT\",\"potentialAction\":[{\"@type\":\"ReadAction\",\"target\":[\"https:\/\/arteeluoghi.it\/index.php\/2013\/04\/03\/mixed-media\/\"]}]},{\"@type\":\"BreadcrumbList\",\"@id\":\"https:\/\/arteeluoghi.it\/index.php\/2013\/04\/03\/mixed-media\/#breadcrumb\",\"itemListElement\":[{\"@type\":\"ListItem\",\"position\":1,\"name\":\"Home\",\"item\":\"https:\/\/arteeluoghi.it\/\"},{\"@type\":\"ListItem\",\"position\":2,\"name\":\"Mixed media\"}]},{\"@type\":\"Article\",\"@id\":\"https:\/\/arteeluoghi.it\/index.php\/2013\/04\/03\/mixed-media\/#article\",\"isPartOf\":{\"@id\":\"https:\/\/arteeluoghi.it\/index.php\/2013\/04\/03\/mixed-media\/#webpage\"},\"author\":{\"@id\":\"https:\/\/arteeluoghi.it\/#\/schema\/person\/f84e814e36e91e01448ee07eaadd41d4\"},\"headline\":\"Mixed media\",\"datePublished\":\"2013-04-03T17:36:29+00:00\",\"dateModified\":\"2013-04-03T17:36:29+00:00\",\"mainEntityOfPage\":{\"@id\":\"https:\/\/arteeluoghi.it\/index.php\/2013\/04\/03\/mixed-media\/#webpage\"},\"wordCount\":654,\"commentCount\":0,\"publisher\":{\"@id\":\"https:\/\/arteeluoghi.it\/#organization\"},\"image\":{\"@id\":\"https:\/\/arteeluoghi.it\/index.php\/2013\/04\/03\/mixed-media\/#primaryimage\"},\"thumbnailUrl\":\"\/images\/Listener.jpg\",\"articleSection\":[\"Arte\"],\"inLanguage\":\"it-IT\",\"potentialAction\":[{\"@type\":\"CommentAction\",\"name\":\"Comment\",\"target\":[\"https:\/\/arteeluoghi.it\/index.php\/2013\/04\/03\/mixed-media\/#respond\"]}]},{\"@type\":\"Person\",\"@id\":\"https:\/\/arteeluoghi.it\/#\/schema\/person\/f84e814e36e91e01448ee07eaadd41d4\",\"name\":\"Staff\",\"image\":{\"@type\":\"ImageObject\",\"@id\":\"https:\/\/arteeluoghi.it\/#personlogo\",\"inLanguage\":\"it-IT\",\"url\":\"https:\/\/secure.gravatar.com\/avatar\/49d2f9e46271bb04e19cebfaf141313a?s=96&d=blank&r=g\",\"contentUrl\":\"https:\/\/secure.gravatar.com\/avatar\/49d2f9e46271bb04e19cebfaf141313a?s=96&d=blank&r=g\",\"caption\":\"Staff\"}}]}<\/script>\n<!-- \/ Yoast SEO plugin. -->","yoast_head_json":{"title":"Mixed media | Arte e Luoghi","robots":{"index":"index","follow":"follow","max-snippet":"max-snippet:-1","max-image-preview":"max-image-preview:large","max-video-preview":"max-video-preview:-1"},"canonical":"https:\/\/arteeluoghi.it\/index.php\/2013\/04\/03\/mixed-media\/","og_locale":"it_IT","og_type":"article","og_title":"Mixed media | Arte e Luoghi","og_description":"A Lecce, Scaramuzza arte contemporanea, dal 6 al 27 aprile 2013 e \u00a0 a Ceglie Messapica,\u00a0Garage 21, dal 12 al","og_url":"https:\/\/arteeluoghi.it\/index.php\/2013\/04\/03\/mixed-media\/","og_site_name":"Arte e Luoghi","article_publisher":"https:\/\/www.facebook.com\/ArteELuoghi\/","article_published_time":"2013-04-03T17:36:29+00:00","og_image":[{"url":"https:\/\/arteeluoghi.it\/images\/Listener.jpg"}],"twitter_card":"summary","twitter_creator":"@arteeluoghi","twitter_site":"@arteeluoghi","twitter_misc":{"Scritto da":"Staff","Tempo di lettura stimato":"3 minuti"},"schema":{"@context":"https:\/\/schema.org","@graph":[{"@type":"Organization","@id":"https:\/\/arteeluoghi.it\/#organization","name":"Arte e Luoghi","url":"https:\/\/arteeluoghi.it\/","sameAs":["https:\/\/www.facebook.com\/ArteELuoghi\/","https:\/\/www.instagram.com\/arteeluoghi\/?hl=it","https:\/\/www.youtube.com\/channel\/UCuRVc4JW4-C5sg9rQB-srkw?view_as=subscriber","https:\/\/twitter.com\/arteeluoghi"],"logo":{"@type":"ImageObject","@id":"https:\/\/arteeluoghi.it\/#logo","inLanguage":"it-IT","url":"https:\/\/arteeluoghi.it\/wp-content\/uploads\/2018\/08\/logoinstagramarte.jpg","contentUrl":"https:\/\/arteeluoghi.it\/wp-content\/uploads\/2018\/08\/logoinstagramarte.jpg","width":150,"height":150,"caption":"Arte e Luoghi"},"image":{"@id":"https:\/\/arteeluoghi.it\/#logo"}},{"@type":"WebSite","@id":"https:\/\/arteeluoghi.it\/#website","url":"https:\/\/arteeluoghi.it\/","name":"Arte e Luoghi","description":"Mensile di arte, cultura, turismo e curiosit\u00e0","publisher":{"@id":"https:\/\/arteeluoghi.it\/#organization"},"potentialAction":[{"@type":"SearchAction","target":{"@type":"EntryPoint","urlTemplate":"https:\/\/arteeluoghi.it\/?s={search_term_string}"},"query-input":"required name=search_term_string"}],"inLanguage":"it-IT"},{"@type":"ImageObject","@id":"https:\/\/arteeluoghi.it\/index.php\/2013\/04\/03\/mixed-media\/#primaryimage","inLanguage":"it-IT","url":"\/images\/Listener.jpg","contentUrl":"\/images\/Listener.jpg"},{"@type":"WebPage","@id":"https:\/\/arteeluoghi.it\/index.php\/2013\/04\/03\/mixed-media\/#webpage","url":"https:\/\/arteeluoghi.it\/index.php\/2013\/04\/03\/mixed-media\/","name":"Mixed media | Arte e Luoghi","isPartOf":{"@id":"https:\/\/arteeluoghi.it\/#website"},"primaryImageOfPage":{"@id":"https:\/\/arteeluoghi.it\/index.php\/2013\/04\/03\/mixed-media\/#primaryimage"},"datePublished":"2013-04-03T17:36:29+00:00","dateModified":"2013-04-03T17:36:29+00:00","breadcrumb":{"@id":"https:\/\/arteeluoghi.it\/index.php\/2013\/04\/03\/mixed-media\/#breadcrumb"},"inLanguage":"it-IT","potentialAction":[{"@type":"ReadAction","target":["https:\/\/arteeluoghi.it\/index.php\/2013\/04\/03\/mixed-media\/"]}]},{"@type":"BreadcrumbList","@id":"https:\/\/arteeluoghi.it\/index.php\/2013\/04\/03\/mixed-media\/#breadcrumb","itemListElement":[{"@type":"ListItem","position":1,"name":"Home","item":"https:\/\/arteeluoghi.it\/"},{"@type":"ListItem","position":2,"name":"Mixed media"}]},{"@type":"Article","@id":"https:\/\/arteeluoghi.it\/index.php\/2013\/04\/03\/mixed-media\/#article","isPartOf":{"@id":"https:\/\/arteeluoghi.it\/index.php\/2013\/04\/03\/mixed-media\/#webpage"},"author":{"@id":"https:\/\/arteeluoghi.it\/#\/schema\/person\/f84e814e36e91e01448ee07eaadd41d4"},"headline":"Mixed media","datePublished":"2013-04-03T17:36:29+00:00","dateModified":"2013-04-03T17:36:29+00:00","mainEntityOfPage":{"@id":"https:\/\/arteeluoghi.it\/index.php\/2013\/04\/03\/mixed-media\/#webpage"},"wordCount":654,"commentCount":0,"publisher":{"@id":"https:\/\/arteeluoghi.it\/#organization"},"image":{"@id":"https:\/\/arteeluoghi.it\/index.php\/2013\/04\/03\/mixed-media\/#primaryimage"},"thumbnailUrl":"\/images\/Listener.jpg","articleSection":["Arte"],"inLanguage":"it-IT","potentialAction":[{"@type":"CommentAction","name":"Comment","target":["https:\/\/arteeluoghi.it\/index.php\/2013\/04\/03\/mixed-media\/#respond"]}]},{"@type":"Person","@id":"https:\/\/arteeluoghi.it\/#\/schema\/person\/f84e814e36e91e01448ee07eaadd41d4","name":"Staff","image":{"@type":"ImageObject","@id":"https:\/\/arteeluoghi.it\/#personlogo","inLanguage":"it-IT","url":"https:\/\/secure.gravatar.com\/avatar\/49d2f9e46271bb04e19cebfaf141313a?s=96&d=blank&r=g","contentUrl":"https:\/\/secure.gravatar.com\/avatar\/49d2f9e46271bb04e19cebfaf141313a?s=96&d=blank&r=g","caption":"Staff"}}]}},"_links":{"self":[{"href":"https:\/\/arteeluoghi.it\/index.php\/wp-json\/wp\/v2\/posts\/1130"}],"collection":[{"href":"https:\/\/arteeluoghi.it\/index.php\/wp-json\/wp\/v2\/posts"}],"about":[{"href":"https:\/\/arteeluoghi.it\/index.php\/wp-json\/wp\/v2\/types\/post"}],"author":[{"embeddable":true,"href":"https:\/\/arteeluoghi.it\/index.php\/wp-json\/wp\/v2\/users\/1"}],"replies":[{"embeddable":true,"href":"https:\/\/arteeluoghi.it\/index.php\/wp-json\/wp\/v2\/comments?post=1130"}],"version-history":[{"count":0,"href":"https:\/\/arteeluoghi.it\/index.php\/wp-json\/wp\/v2\/posts\/1130\/revisions"}],"wp:attachment":[{"href":"https:\/\/arteeluoghi.it\/index.php\/wp-json\/wp\/v2\/media?parent=1130"}],"wp:term":[{"taxonomy":"category","embeddable":true,"href":"https:\/\/arteeluoghi.it\/index.php\/wp-json\/wp\/v2\/categories?post=1130"},{"taxonomy":"post_tag","embeddable":true,"href":"https:\/\/arteeluoghi.it\/index.php\/wp-json\/wp\/v2\/tags?post=1130"}],"curies":[{"name":"wp","href":"https:\/\/api.w.org\/{rel}","templated":true}]}}