{"id":1131,"date":"2013-04-08T16:06:15","date_gmt":"2013-04-08T14:06:15","guid":{"rendered":"http:\/\/arteeluoghi.it\/index.php\/2013\/04\/08\/eredita-e-attualita-del-futurismo\/"},"modified":"2013-04-08T16:06:15","modified_gmt":"2013-04-08T14:06:15","slug":"eredita-e-attualita-del-futurismo","status":"publish","type":"post","link":"https:\/\/arteeluoghi.it\/index.php\/2013\/04\/08\/eredita-e-attualita-del-futurismo\/","title":{"rendered":"Eredit\u00e0 e attualit\u00e0 del Futurismo"},"content":{"rendered":"<p style=\"margin: 0cm 40.9pt 0.0001pt 9pt; text-align: left;\"><span style=\"font-size: small; font-family: Arial;\">A Roma, 11 e 12 aprile 2013, al Centro Culturale <\/span><span style=\"font-size: small; font-family: Arial;\"><img src=\"\/images\/MUNARI_HAJEK.jpg\" border=\"0\" title=\"Bruno Munari, Proiezione a luce polarizzata, 1953 (a cura di Miroslava Hajek)  VideoFuturismo Duemila\" width=\"300\" style=\"margin: 21px; float: right;\" \/><\/span><span style=\"font-size: small; font-family: Arial;\">&#8220;Elsa Morante&#8221; il convegno internazionale di studi<br \/><\/span><\/p>\n<p style=\"margin: 0cm 40.9pt 0.0001pt 9pt; text-align: left;\"><span style=\"font-size: small; font-family: Arial;\">\u00a0<\/span><\/p>\n<p style=\"margin: 0cm 40.9pt 0.0001pt 9pt; text-align: left;\"><span style=\"font-size: small; font-family: Arial;\"><span style=\"font-size: small; font-family: Arial;\"><span style=\"color: red;\"><strong>Eredit\u00e0 e attualit\u00e0 del Futurismo<\/strong><\/span><\/span><\/span><\/p>\n<p style=\"margin: 0cm 40.9pt 0.0001pt 9pt; text-align: left;\"><span style=\"font-size: small; font-family: Arial;\">\u00a0<\/span><\/p>\n<p style=\"margin: 0cm 40.9pt 0.0001pt 9pt; text-align: left;\"><span style=\"font-size: small; font-family: Arial;\">Eredit\u00e0 e attualit\u00e0 del Futurismo sar\u00e0 il tema del convegno internazionale di Studi in programma negli spazi del centro culturale &#8220;Elsa Morante&#8221; di Roma dall&#8217;11 al 12 aprile 2013.<\/span><\/p>\n<p style=\"margin: 0cm 40.9pt 0.0001pt 9pt; text-align: left;\"><span style=\"font-size: small; font-family: Arial;\"> La Vita come CreAzione risulta una sfida continua&#8230; Il Futurismo non \u00e8 soltanto una molteplice possibilit\u00e0 di espressione, \u00e8 anche un modo di vivere. Questo ama incontrare emozioni e rischi&#8230; La vera arte \u00e8 talvolta pericolosa e violenta nella sua innocenza.&#8221; &#8211; anticipa\u00a0 il critico d&#8217;arte Vitaldo Conte che terr\u00e0 una relazione sul tema <\/span><span style=\"font-size: small;\"><span style=\"font-family: Arial;\">\u2018Futurismo manifesto di Arte Viva\u2019. <\/span><\/span><\/p>\n<p style=\"margin: 0cm 40.9pt 0.0001pt 9pt; text-align: left;\">\u00a0<\/p>\n<p>  <!--more-->  <\/p>\n<p style=\"margin: 0cm 40.9pt 0.0001pt 9pt; text-align: left;\"><span style=\"font-size: small;\"><span style=\"font-family: Arial;\">\u00a0<\/span><\/span><\/p>\n<p style=\"margin: 0cm 40.9pt 0.0001pt 9pt; text-align: left;\"><span style=\"font-size: small;\"><span style=\"font-family: Arial;\">A latere del ricco programma congressuale una serie di eventi: <\/span><\/span><strong><em>Dis\/Continuit\u00e0 Futurista <\/em><\/strong><strong><em>Esposizione di documenti <\/em><\/strong><em>vedr\u00e0 in esposizione<\/em><span style=\"font-size: small;\"><span style=\"font-family: Arial;\">\u00a0<\/span><\/span> libri, riviste, manifesti e altri documenti futuristi e post-futuristi, dalla fondazione ai nostri giorni. La mostra \u00e8 divisa in tre sezioni:<\/p>\n<p style=\"margin: 0cm 40.9pt 0.0001pt 9pt; text-align: left;\">\u00a0<\/p>\n<div>1. Il Futurismo 1909-1944: dalla fondazione alla morte del fondatore<\/div>\n<p style=\"margin: 0cm 40.9pt 0.0001pt 9pt; text-align: left;\">\u00a0<\/p>\n<div>2. Il Futurismo dal 1945 agli anni Ottanta: l&#8217;eredit\u00e0 nell\u2019era radiotelevisiva<\/div>\n<p style=\"margin: 0cm 40.9pt 0.0001pt 9pt; text-align: left;\">\u00a0<\/p>\n<div>3. Nuovi Futurismi dagli anni Ottanta ad oggi: l&#8217;attualit\u00e0 nella rivoluzione digitale<\/div>\n<p style=\"margin: 0cm 40.9pt 0.0001pt 9pt; text-align: left;\">\u00a0<\/p>\n<div>\u00a0<\/div>\n<p style=\"margin: 0cm 40.9pt 0.0001pt 9pt; text-align: left;\">\u00a0<\/p>\n<div>I documenti sono stati gentilmente messi a disposizione da: Archivio Carlo Erba, Collezione Luce Marinetti, Archivio Tallarico, Archivio Saccoccio, Novecento di Massimiliano Vittori, Archivio Conte, Archivio Guerra, Archivio Balice. <\/div>\n<p style=\"margin: 0cm 40.9pt 0.0001pt 9pt; text-align: left;\">\u00a0<\/p>\n<p style=\"margin: 0cm 40.9pt 0.0001pt 9pt; text-align: left;\">\u00a0<\/p>\n<p style=\"margin: 0cm 40.9pt 0.0001pt 9pt; text-align: left;\">\u00a0<\/p>\n<div align=\"center\"><strong><em>\u00a0<\/em><\/strong><\/div>\n<div style=\"text-align: left;\" align=\"center\"><strong><em>Libreria Futurista<\/em><\/strong><\/div>\n<p style=\"margin: 0cm 40.9pt 0.0001pt 9pt; text-align: left;\">\u00a0<\/p>\n<div>\u00a0<\/div>\n<p style=\"margin: 0cm 40.9pt 0.0001pt 9pt; text-align: left;\"><span style=\"font-size: small;\"><span style=\"font-family: Arial;\">Libreria futurista con volumi in vendita delle case editrici Armando, Avanguardia 21, Lantana, Lozzi Publishing, Novecento, Studium.<br \/><\/span><\/span><\/p>\n<p style=\"margin: 0cm 40.9pt 0.0001pt 9pt; text-align: left;\"><span style=\"font-size: small;\"><span style=\"font-family: Arial;\">\u00a0<\/span><\/span><\/p>\n<p style=\"margin: 0cm 40.9pt 0.0001pt 9pt; text-align: left;\">\u00a0<\/p>\n<div style=\"text-align: left;\" align=\"center\"><strong><em>Munari Futurista<\/em><\/strong><\/div>\n<p style=\"margin: 0cm 40.9pt 0.0001pt 9pt; text-align: left;\">\u00a0<\/p>\n<div>\u00a0<\/div>\n<p style=\"margin: 0cm 40.9pt 0.0001pt 9pt; text-align: left;\"><span style=\"font-size: small;\"><span style=\"font-family: Arial;\">Bruno Munari, <em>Proiezione a luce polarizzata<\/em>, 1953 (a cura di Miroslava Hajek)<br \/><\/span><\/span><\/p>\n<p style=\"margin: 0cm 40.9pt 0.0001pt 9pt; text-align: left;\"><span style=\"font-size: small;\"><span style=\"font-family: Arial;\"><strong><em>VideoFuturismo Duemila<\/em><\/strong><\/span><\/span><\/p>\n<div>\u00a0<\/div>\n<p style=\"margin: 0cm 40.9pt 0.0001pt 9pt; text-align: left;\">\u00a0<\/p>\n<div>\n<div>Videoperformance e videopoesie di Stefano Balice, Gianluigi Giorgetti, Klaus-Peter Schneegass, Antonio Saccoccio, MAV, Laika Facsimile, Silvia Vernola, Net.Futurismo, Roby Guerra,\u00a0Alfredone,\u00a0Vitaldix, Graziano Cecchini, Ferdy Colloca.<\/div>\n<div>\u00a0<\/div>\n<\/p><\/div>\n<p style=\"margin: 0cm 40.9pt 0.0001pt 9pt; text-align: left;\">\u00a0<\/p>\n<p style=\"margin: 0cm 40.9pt 0.0001pt 9pt; text-align: left;\">\u00a0<\/p>\n<p style=\"margin: 0cm 40.9pt 0.0001pt 9pt; text-align: left;\">\u00a0<\/p>\n<div style=\"text-align: left;\" align=\"center\"><strong><em>Elettrorumorismo Duemila<\/em><\/strong><\/div>\n<p style=\"margin: 0cm 40.9pt 0.0001pt 9pt; text-align: left;\">\u00a0<\/p>\n<div>\u00a0<\/div>\n<p style=\"margin: 0cm 40.9pt 0.0001pt 9pt; text-align: left;\">\u00a0<\/p>\n<div>\n<div>Paesaggi sonori a cura di Laika Facsimile, 7tn4CC,\u00a0 Klaus-Peter Schneegass, Kristian Fumei, Massimiliano Scordamaglia, Stefano Balice, fabiorosho, Giovanni Getto, Tommaso Busatto.<\/div>\n<\/p><\/div>\n<p style=\"margin: 0cm 40.9pt 0.0001pt 9pt; text-align: left;\">\u00a0<\/p>\n<p style=\"margin: 0cm 40.9pt 0.0001pt 9pt; text-align: left;\">\u00a0<\/p>\n<p style=\"margin: 0cm 40.9pt 0.0001pt 9pt; text-align: left;\">\u00a0<\/p>\n<div align=\"center\">\u00a0<\/div>\n<p style=\"margin: 0cm 40.9pt 0.0001pt 9pt; text-align: left;\">\u00a0<\/p>\n<div style=\"text-align: left;\" align=\"center\"><strong><em>AperiVita Futurista<\/em><\/strong><\/div>\n<p style=\"margin: 0cm 40.9pt 0.0001pt 9pt; text-align: left;\">\u00a0<\/p>\n<div style=\"text-align: left;\">\u00a0<\/div>\n<p style=\"margin: 0cm 40.9pt 0.0001pt 9pt; text-align: left;\"><span style=\"font-size: small;\"><span style=\"font-family: Arial;\">Buffet polisensoriale performativo con Gianluigi Giorgetti, Stefano Balice, fabiorosho, Antonio Saccoccio, Laika Facsimile, Giancarlo Fanti.<br \/><\/span><\/span><\/p>\n<p style=\"margin: 0cm 40.9pt 0.0001pt 9pt; text-align: left;\"><span style=\"font-size: small; font-family: Arial;\">\u00a0<\/span><\/p>\n<hr \/>\n<p style=\"margin: 0cm 40.9pt 0.0001pt 9pt; text-align: left;\"><span style=\"font-size: small; font-family: Arial;\">\u00a0<\/span><\/p>\n<p style=\"margin: 0cm 40.9pt 0.0001pt 9pt; text-align: left;\"><span style=\"font-size: small; font-family: Arial;\">In <span style=\"color: red;\"><strong>\u2018Eredit\u00e0 e attualit\u00e0 del Futurismo\u2019<\/strong><\/span> (convegno internazionale): Roma, Centro Cult. Elsa Morante, 11-12 aprile 2013.<\/span><\/p>\n<p style=\"margin: 0cm 40.9pt 0.0001pt 9pt; text-align: left;\"><span style=\"font-size: small; font-family: Arial;\"><a href=\"http:\/\/futurismoroma2013.blogspot.it\/p\/il-programma.html\" target=\"_blank\">http:\/\/futurismoroma2013.blogspot.it\/p\/il-programma.html<\/a><\/span><\/p>\n<p style=\"margin: 0cm 40.9pt 0.0001pt 9pt; text-align: left;\"><span style=\"font-size: small; font-family: Arial;\">\u00a0<\/span><\/p>\n<p style=\"margin: 0cm 40.9pt 0.0001pt 9pt; text-align: left;\"><span style=\"font-size: small; font-family: Arial;\">Programma<br \/><\/span><\/p>\n<p style=\"margin: 0cm 40.9pt 0.0001pt 9pt; text-align: left;\"><span style=\"font-size: small; font-family: Arial;\"><strong><em>EREDITA&#8217; E ATTUALITA&#8217; DEL FUTURISMO<\/em><\/strong><\/span><\/p>\n<div align=\"center\"><strong><em>CONVEGNO INTERNAZIONALE<\/em><\/strong><br \/> <strong><em>a cura di Giancarlo Carpi e Antonio Saccoccio<\/em><\/strong><br \/> <strong><em><br \/><\/em><\/strong> <strong><em>(a seguire proiezione del documentario &#8220;Sulle tracce del Futurismo&#8221;)<\/em><\/strong><\/div>\n<div align=\"center\">\u00a0<\/div>\n<div align=\"center\"><strong><em>PROGRAMMA<\/em><\/strong><br \/> <strong><em><br \/><\/em><\/strong> <strong><em>(a <a href=\"http:\/\/futurismoroma2013.blogspot.it\/p\/gli-altri-eventi.html\">questo link<\/a> gli eventi paralleli che completano il programma)<\/em><\/strong><\/div>\n<div>\u00a0<\/div>\n<div><strong>8.30 \u2013 9.00 \u00a0\u00a0\u00a0\u00a0\u00a0\u00a0\u00a0\u00a0\u00a0\u00a0\u00a0\u00a0\u00a0\u00a0\u00a0 accoglienza e registrazione<\/strong><\/div>\n<div><strong><br \/><\/strong> <strong>9.00 \u2013 9.45 \u00a0\u00a0\u00a0\u00a0\u00a0\u00a0\u00a0\u00a0\u00a0\u00a0\u00a0\u00a0\u00a0\u00a0\u00a0 apertura dei lavori<\/strong><\/div>\n<div>Saluti istituzionali e presentazione del convegno:<\/div>\n<div><strong>Federico Mollicone<\/strong> (Presidente Commissione Cultura, Sport, politiche giovanili e comunicazione) <\/p>\n<div><strong>Francesco Antonelli<\/strong>\u00a0(Presidente Biblioteche di Roma)<\/div>\n<div>\u00a0<\/div>\n<p> <strong>Maurizio Cuoci<\/strong> (Vice Presidente XII Municipio)<\/div>\n<div>\n<div><strong>Pier Luigi Manieri<\/strong>\u00a0(Centro Culturale Elsa Morante)<\/div>\n<div>\u00a0<\/div>\n<p> <strong>Giancarlo Carpi<\/strong> (Universit\u00e0 degli Studi di Roma \u201cTor Vergata\u201d)<\/div>\n<div><strong>Antonio Saccoccio<\/strong> (Universit\u00e0 degli Studi di Roma \u201cTor Vergata\u201d)<\/div>\n<div><strong>Francesca Barbi Marinetti<\/strong><\/div>\n<div>\u00a0<\/div>\n<div><strong>9.45 \u2013 11.15 \u00a0\u00a0\u00a0\u00a0\u00a0\u00a0\u00a0\u00a0\u00a0\u00a0\u00a0\u00a0\u00a0\u00a0\u00a0\u00a0 PANEL 1<\/strong><\/div>\n<div>\u00a0<\/div>\n<div><strong>Antonella Pesola<\/strong> (Responsabile della Biblioteca della Galleria Civica d\u2019Arte Moderna di Spoleto \u201cGiovanni Carandente\u201d)<\/div>\n<div>Arte sacra futurista: esempi di continuit\u00e0 ed attualit\u00e0.<\/div>\n<div>\u00a0<\/div>\n<div><strong>Joan Abell\u00f3 Juanpere<\/strong> (Universitat Pompeu Fabra de Barcelona)<\/div>\n<div>Tracce di futurismo nel dopoguerra a Barcellona. Tra arti plastiche e letteratura.<\/div>\n<div>\u00a0<\/div>\n<div><strong>Roberta Sciarretta<\/strong> (Universit\u00e0 Tor Vergata di Roma)<\/div>\n<div>Padri e figli: il dibattito sulla paternit\u00e0 delle scritture verbo-visive negli anni Settanta<\/div>\n<div>\u00a0<\/div>\n<div><strong>11.15 \u2013 11.45 \u00a0\u00a0\u00a0\u00a0\u00a0\u00a0\u00a0\u00a0\u00a0\u00a0\u00a0 pausa caff\u00e8<\/strong><\/div>\n<div>\u00a0<\/div>\n<div><strong>11.45 \u2013 12.45 \u00a0\u00a0\u00a0\u00a0\u00a0\u00a0\u00a0\u00a0\u00a0\u00a0\u00a0\u00a0\u00a0\u00a0 PANEL 2<\/strong><\/div>\n<div>\u00a0<\/div>\n<div><strong>Giovanni Antonucci<\/strong> (Gi\u00e0 Professore Universit\u00e0 La Sapienza di Roma)<\/div>\n<div>L&#8217;influenza del futurismo italiano sull&#8217;arte e il teatro della seconda met\u00e0 del Novecento<\/div>\n<div>\u00a0<\/div>\n<div><strong>Luigi Tallarico<\/strong> (Presidente Centro Studi Futurismo Oggi)<\/div>\n<div>Eredit\u00e0 vissuta come pensiero vivente.<\/div>\n<div>\u00a0<\/div>\n<div><strong>13.00 \u2013 15.00 \u00a0\u00a0\u00a0\u00a0\u00a0\u00a0\u00a0\u00a0\u00a0\u00a0\u00a0 pausa pranzo<\/strong><\/div>\n<div>\u00a0<\/div>\n<div><strong>15.00 \u2013 16.30 \u00a0\u00a0\u00a0\u00a0\u00a0\u00a0\u00a0\u00a0\u00a0\u00a0\u00a0\u00a0\u00a0\u00a0 PANEL 3<\/strong><\/div>\n<div>\u00a0<\/div>\n<div><strong>Stefano Gallo<\/strong> (Universit\u00e0 Tor Vergata di Roma)<\/div>\n<div>Balla nella figurazione astratta di Bruno Aller<\/div>\n<div>\u00a0<\/div>\n<div><strong>Rossella Catanese<\/strong> (Universit\u00e0 Sapienza di Roma)<\/div>\n<div>Paul Virilio, la velocit\u00e0 e il cinema futurista<\/div>\n<div>\u00a0<\/div>\n<div><strong>Andrea Baffoni<\/strong> (Universit\u00e0 degli studi di Perugia)<\/div>\n<div>Purilumetria e Agr\u00e0. Continuit\u00e0 futurista ed esiti aeropittorici negli anni delle conquiste spaziali<\/div>\n<div>\u00a0<\/div>\n<div>\u00a0<\/div>\n<div><strong>16.30 \u2013 18.00 \u00a0\u00a0\u00a0\u00a0\u00a0\u00a0\u00a0\u00a0\u00a0\u00a0\u00a0\u00a0\u00a0\u00a0 PANEL 4<\/strong><\/div>\n<div>\u00a0<\/div>\n<div><strong>Plinio Perilli<\/strong> (studioso indipendente)<\/div>\n<div>Futurismo anteriore, Futurismi ulteriori. Sopravvivenze, ripercussioni, rep\u00eachages, post-novazioni\u2026 da F. T. Marinetti ad oggi<\/div>\n<div>\u00a0<\/div>\n<div><strong>Jessica Palmieri<\/strong> (Fondatore ItalianFuturism.org)<\/div>\n<div>Coltivare una comunit\u00e0 e la sensibilit\u00e0 futurista<\/div>\n<div>\u00a0<\/div>\n<div><strong>Ida Mitrano<\/strong> (Universit\u00e0 Sapienza di Roma)<\/div>\n<div>L&#8217;uomo moltiplicato di Filippo Tommaso Marinetti e la computer art di Ida Gerosa.<\/div>\n<div>\u00a0<\/div>\n<div><strong>18.20 \u2013 20.00 \u00a0\u00a0\u00a0\u00a0\u00a0\u00a0\u00a0\u00a0\u00a0\u00a0\u00a0 <\/strong>Proiezione del documentario<strong> \u201cSulle tracce del Futurismo\u201d<\/strong><\/div>\n<div>Introducono: <strong>Francesca Franco e Marco Rossi Lecce<\/strong><\/div>\n<div>Modera:<strong> Pier Luigi Manieri<\/strong><\/div>\n<div>\u00a0<\/div>\n<div><strong>20.00 \u2013 21.00 \u00a0\u00a0\u00a0\u00a0\u00a0\u00a0\u00a0\u00a0\u00a0\u00a0\u00a0 AperiVita futurista (buffet polisensoriale)<\/strong><\/div>\n<div>\u00a0<\/div>\n<div><strong>21.00 \u2013 22.30 \u00a0\u00a0\u00a0\u00a0\u00a0\u00a0\u00a0\u00a0\u00a0\u00a0\u00a0 <\/strong>Proiezione in prima assoluta di interviste ai futuristi Tullio Crali, Giuseppe Sprovieri, Giannina Censi (Archivio Carlo Erba, PARTE 1)<\/div>\n<div>\u00a0<\/div>\n<div><strong>9.30 \u2013 11.00 \u00a0\u00a0\u00a0\u00a0\u00a0\u00a0\u00a0\u00a0\u00a0\u00a0\u00a0\u00a0\u00a0\u00a0\u00a0\u00a0 PANEL 5<\/strong><\/div>\n<div>\u00a0<\/div>\n<div><strong>Miroslava H\u00e1jek<\/strong> (Studio UXA)<\/div>\n<div>Bruno Munari: condizione futurista<\/div>\n<div>\u00a0<\/div>\n<div><strong>Lorenzo Canova<\/strong> (Universit\u00e0 degli studi del Molise)<\/div>\n<div>Corpo, ambiente, mass media: le eredit\u00e0 del futurismo nelle arti tra Ventesimo e Ventunesimo secolo<\/div>\n<div>\u00a0<\/div>\n<div><strong>Gerardo Regnani<\/strong> (Curatore Collezione Fine)<\/div>\n<div>Social network e Fotodinamismo. La fotografia (im)mobile.<\/div>\n<div>\u00a0<\/div>\n<div><strong>11.00 \u2013 11.30 \u00a0\u00a0\u00a0\u00a0\u00a0\u00a0\u00a0\u00a0\u00a0\u00a0\u00a0 pausa caff\u00e8<\/strong><\/div>\n<div>\u00a0<\/div>\n<div><strong>11.30 \u2013 13.00 \u00a0\u00a0\u00a0\u00a0\u00a0\u00a0\u00a0\u00a0\u00a0\u00a0\u00a0\u00a0\u00a0\u00a0 PANEL 6<\/strong><\/div>\n<div>\u00a0<\/div>\n<div><strong>Massimo Duranti<\/strong> (Presidente Archivi Gerardo Dottori)<\/div>\n<div>I luoghi del Futurismo. Esiti e sviluppi della categoria storiografica.<\/div>\n<div>\u00a0<\/div>\n<div><strong>Paolo Tonini<\/strong> (L\u2019Arengario Studio Bibliografico)<\/div>\n<div>Al di l\u00e0 del futurismo. Libri, riviste e immagini del Movimento &#8217;77.<\/div>\n<div>\u00a0<\/div>\n<div><strong>Vitaldo Conte<\/strong> (Accademia Belle Arti di Roma)<\/div>\n<div>Futurismo manifesto di Arte Viva.<\/div>\n<div>\u00a0<\/div>\n<div><strong>13.00 \u2013 14.15 \u00a0\u00a0\u00a0\u00a0\u00a0\u00a0\u00a0\u00a0\u00a0\u00a0\u00a0 pausa pranzo<\/strong><\/div>\n<div>\u00a0<\/div>\n<div><strong>14.15 \u2013 16.00 \u00a0\u00a0\u00a0\u00a0\u00a0\u00a0\u00a0\u00a0\u00a0\u00a0\u00a0\u00a0\u00a0\u00a0 PANEL 7<\/strong><\/div>\n<div>\u00a0<\/div>\n<div><strong>Patrizio Ceccagnoli<\/strong> (University of Massachusetts Amherst)<\/div>\n<div>Marinetti ritrovato: Venezia, Ruskin e la &#8216;pupattola&#8217;<\/div>\n<div>\u00a0<\/div>\n<div><strong>Maurizio Scudiero<\/strong> (Curatore Archivio Depero di Rovereto)<\/div>\n<div>Depero, la Pubblicit\u00e0 e la Pop-Art.<\/div>\n<div>\u00a0<\/div>\n<div><strong>Giancarlo Carpi<\/strong> (Universit\u00e0 Tor Vergata di Roma)<\/div>\n<div>Il Futurismo e la Commodity art: dal feticcio futurista al feticcio cute.<\/div>\n<div>\u00a0<\/div>\n<div><strong>Carolina Fern\u00e1ndez Castrillo<\/strong> (Universidad a Distancia de Madrid)<\/div>\n<div>Dall&#8217;\u201canimale metallico\u201d futurista a GPF Bunny: transgenesi, arte e societ\u00e0.<\/div>\n<div>\u00a0<\/div>\n<div><strong>16.00 \u2013 17.30 \u00a0\u00a0\u00a0\u00a0\u00a0\u00a0\u00a0\u00a0\u00a0\u00a0\u00a0\u00a0\u00a0\u00a0 PANEL 8<\/strong><\/div>\n<div>\u00a0<\/div>\n<div><strong>Riccardo Campa<\/strong> (Universit\u00e0 Jagellonica di Cracovia)<\/div>\n<div>Il futurismo dopo il Futurismo<\/div>\n<div>\u00a0<\/div>\n<div><strong>Serge Milan<\/strong> (Universit\u00e9 de Nice Sophia Antipolis)<\/div>\n<div>Inattualit\u00e0 del Futurismo<\/div>\n<div>\u00a0<\/div>\n<div><strong>Antonio Saccoccio<\/strong> (Universit\u00e0 Tor Vergata di Roma)<\/div>\n<div>Futurismo Duemila: il ritorno dei barbari nella civilt\u00e0 delle reti<\/div>\n<div>\u00a0<\/div>\n<div><strong>17.30 \u2013 18.15 \u00a0\u00a0\u00a0\u00a0\u00a0\u00a0\u00a0\u00a0\u00a0\u00a0\u00a0 Tavola rotonda finale<\/strong><\/div>\n<div>Un futurismo e un\u2019avanguardia per il XXI secolo?<\/div>\n<div>Moderano: Giancarlo Carpi, Antonio Saccoccio<\/div>\n<div>\u00a0<\/div>\n<div><strong>18.30 \u2013 20.00\u00a0\u00a0\u00a0\u00a0\u00a0\u00a0\u00a0\u00a0\u00a0\u00a0\u00a0\u00a0 <\/strong>Proiezione in prima assoluta di interviste ai futuristi Tullio Crali, Giuseppe Sprovieri, Giannina Censi (Archivio Carlo Erba, PARTE 2)<\/div>\n<div>\u00a0<\/div>\n<div><strong>20.00 \u2013 21.00\u00a0\u00a0\u00a0\u00a0\u00a0\u00a0\u00a0\u00a0\u00a0\u00a0\u00a0\u00a0 AperiVita futurista (buffet polisensoriale)<\/strong><\/div>\n<div>\u00a0<\/div>\n<div><strong>21.00 \u2013 22.30\u00a0\u00a0\u00a0\u00a0\u00a0\u00a0\u00a0\u00a0\u00a0\u00a0\u00a0\u00a0 <\/strong>Proiezione in prima assoluta di interviste ai futuristi Tullio Crali, Giuseppe Sprovieri, Giannina Censi (Archivio Carlo Erba, PARTE 3)<\/div>\n<p style=\"margin: 0cm 40.9pt 0.0001pt 9pt; text-align: left;\"><span style=\"font-size: small; font-family: Arial;\">\u00a0<\/span><\/p>\n","protected":false},"excerpt":{"rendered":"<p>A Roma, 11 e 12 aprile 2013, al Centro Culturale &#8220;Elsa Morante&#8221; il convegno internazionale di studi \u00a0 Eredit\u00e0 e<\/p>\n","protected":false},"author":1,"featured_media":0,"comment_status":"open","ping_status":"open","sticky":false,"template":"","format":"standard","meta":[],"categories":[28],"tags":[],"yoast_head":"<!-- This site is optimized with the Yoast SEO plugin v18.0 - https:\/\/yoast.com\/wordpress\/plugins\/seo\/ -->\n<title>Eredit\u00e0 e attualit\u00e0 del Futurismo | Arte e Luoghi<\/title>\n<meta name=\"robots\" content=\"index, follow, max-snippet:-1, max-image-preview:large, max-video-preview:-1\" \/>\n<link rel=\"canonical\" href=\"https:\/\/arteeluoghi.it\/index.php\/2013\/04\/08\/eredita-e-attualita-del-futurismo\/\" \/>\n<meta property=\"og:locale\" content=\"it_IT\" \/>\n<meta property=\"og:type\" content=\"article\" \/>\n<meta property=\"og:title\" content=\"Eredit\u00e0 e attualit\u00e0 del Futurismo | Arte e Luoghi\" \/>\n<meta property=\"og:description\" content=\"A Roma, 11 e 12 aprile 2013, al Centro Culturale &#8220;Elsa Morante&#8221; il convegno internazionale di studi \u00a0 Eredit\u00e0 e\" \/>\n<meta property=\"og:url\" content=\"https:\/\/arteeluoghi.it\/index.php\/2013\/04\/08\/eredita-e-attualita-del-futurismo\/\" \/>\n<meta property=\"og:site_name\" content=\"Arte e Luoghi\" \/>\n<meta property=\"article:publisher\" content=\"https:\/\/www.facebook.com\/ArteELuoghi\/\" \/>\n<meta property=\"article:published_time\" content=\"2013-04-08T14:06:15+00:00\" \/>\n<meta property=\"og:image\" content=\"https:\/\/arteeluoghi.it\/images\/MUNARI_HAJEK.jpg\" \/>\n<meta name=\"twitter:card\" content=\"summary\" \/>\n<meta name=\"twitter:creator\" content=\"@arteeluoghi\" \/>\n<meta name=\"twitter:site\" content=\"@arteeluoghi\" \/>\n<meta name=\"twitter:label1\" content=\"Scritto da\" \/>\n\t<meta name=\"twitter:data1\" content=\"Staff\" \/>\n\t<meta name=\"twitter:label2\" content=\"Tempo di lettura stimato\" \/>\n\t<meta name=\"twitter:data2\" content=\"5 minuti\" \/>\n<script type=\"application\/ld+json\" class=\"yoast-schema-graph\">{\"@context\":\"https:\/\/schema.org\",\"@graph\":[{\"@type\":\"Organization\",\"@id\":\"https:\/\/arteeluoghi.it\/#organization\",\"name\":\"Arte e Luoghi\",\"url\":\"https:\/\/arteeluoghi.it\/\",\"sameAs\":[\"https:\/\/www.facebook.com\/ArteELuoghi\/\",\"https:\/\/www.instagram.com\/arteeluoghi\/?hl=it\",\"https:\/\/www.youtube.com\/channel\/UCuRVc4JW4-C5sg9rQB-srkw?view_as=subscriber\",\"https:\/\/twitter.com\/arteeluoghi\"],\"logo\":{\"@type\":\"ImageObject\",\"@id\":\"https:\/\/arteeluoghi.it\/#logo\",\"inLanguage\":\"it-IT\",\"url\":\"https:\/\/arteeluoghi.it\/wp-content\/uploads\/2018\/08\/logoinstagramarte.jpg\",\"contentUrl\":\"https:\/\/arteeluoghi.it\/wp-content\/uploads\/2018\/08\/logoinstagramarte.jpg\",\"width\":150,\"height\":150,\"caption\":\"Arte e Luoghi\"},\"image\":{\"@id\":\"https:\/\/arteeluoghi.it\/#logo\"}},{\"@type\":\"WebSite\",\"@id\":\"https:\/\/arteeluoghi.it\/#website\",\"url\":\"https:\/\/arteeluoghi.it\/\",\"name\":\"Arte e Luoghi\",\"description\":\"Mensile di arte, cultura, turismo e curiosit\u00e0\",\"publisher\":{\"@id\":\"https:\/\/arteeluoghi.it\/#organization\"},\"potentialAction\":[{\"@type\":\"SearchAction\",\"target\":{\"@type\":\"EntryPoint\",\"urlTemplate\":\"https:\/\/arteeluoghi.it\/?s={search_term_string}\"},\"query-input\":\"required name=search_term_string\"}],\"inLanguage\":\"it-IT\"},{\"@type\":\"ImageObject\",\"@id\":\"https:\/\/arteeluoghi.it\/index.php\/2013\/04\/08\/eredita-e-attualita-del-futurismo\/#primaryimage\",\"inLanguage\":\"it-IT\",\"url\":\"\/images\/MUNARI_HAJEK.jpg\",\"contentUrl\":\"\/images\/MUNARI_HAJEK.jpg\"},{\"@type\":\"WebPage\",\"@id\":\"https:\/\/arteeluoghi.it\/index.php\/2013\/04\/08\/eredita-e-attualita-del-futurismo\/#webpage\",\"url\":\"https:\/\/arteeluoghi.it\/index.php\/2013\/04\/08\/eredita-e-attualita-del-futurismo\/\",\"name\":\"Eredit\u00e0 e attualit\u00e0 del Futurismo | Arte e Luoghi\",\"isPartOf\":{\"@id\":\"https:\/\/arteeluoghi.it\/#website\"},\"primaryImageOfPage\":{\"@id\":\"https:\/\/arteeluoghi.it\/index.php\/2013\/04\/08\/eredita-e-attualita-del-futurismo\/#primaryimage\"},\"datePublished\":\"2013-04-08T14:06:15+00:00\",\"dateModified\":\"2013-04-08T14:06:15+00:00\",\"breadcrumb\":{\"@id\":\"https:\/\/arteeluoghi.it\/index.php\/2013\/04\/08\/eredita-e-attualita-del-futurismo\/#breadcrumb\"},\"inLanguage\":\"it-IT\",\"potentialAction\":[{\"@type\":\"ReadAction\",\"target\":[\"https:\/\/arteeluoghi.it\/index.php\/2013\/04\/08\/eredita-e-attualita-del-futurismo\/\"]}]},{\"@type\":\"BreadcrumbList\",\"@id\":\"https:\/\/arteeluoghi.it\/index.php\/2013\/04\/08\/eredita-e-attualita-del-futurismo\/#breadcrumb\",\"itemListElement\":[{\"@type\":\"ListItem\",\"position\":1,\"name\":\"Home\",\"item\":\"https:\/\/arteeluoghi.it\/\"},{\"@type\":\"ListItem\",\"position\":2,\"name\":\"Eredit\u00e0 e attualit\u00e0 del Futurismo\"}]},{\"@type\":\"Article\",\"@id\":\"https:\/\/arteeluoghi.it\/index.php\/2013\/04\/08\/eredita-e-attualita-del-futurismo\/#article\",\"isPartOf\":{\"@id\":\"https:\/\/arteeluoghi.it\/index.php\/2013\/04\/08\/eredita-e-attualita-del-futurismo\/#webpage\"},\"author\":{\"@id\":\"https:\/\/arteeluoghi.it\/#\/schema\/person\/f84e814e36e91e01448ee07eaadd41d4\"},\"headline\":\"Eredit\u00e0 e attualit\u00e0 del Futurismo\",\"datePublished\":\"2013-04-08T14:06:15+00:00\",\"dateModified\":\"2013-04-08T14:06:15+00:00\",\"mainEntityOfPage\":{\"@id\":\"https:\/\/arteeluoghi.it\/index.php\/2013\/04\/08\/eredita-e-attualita-del-futurismo\/#webpage\"},\"wordCount\":927,\"commentCount\":0,\"publisher\":{\"@id\":\"https:\/\/arteeluoghi.it\/#organization\"},\"image\":{\"@id\":\"https:\/\/arteeluoghi.it\/index.php\/2013\/04\/08\/eredita-e-attualita-del-futurismo\/#primaryimage\"},\"thumbnailUrl\":\"\/images\/MUNARI_HAJEK.jpg\",\"articleSection\":[\"Notizie\"],\"inLanguage\":\"it-IT\",\"potentialAction\":[{\"@type\":\"CommentAction\",\"name\":\"Comment\",\"target\":[\"https:\/\/arteeluoghi.it\/index.php\/2013\/04\/08\/eredita-e-attualita-del-futurismo\/#respond\"]}]},{\"@type\":\"Person\",\"@id\":\"https:\/\/arteeluoghi.it\/#\/schema\/person\/f84e814e36e91e01448ee07eaadd41d4\",\"name\":\"Staff\",\"image\":{\"@type\":\"ImageObject\",\"@id\":\"https:\/\/arteeluoghi.it\/#personlogo\",\"inLanguage\":\"it-IT\",\"url\":\"https:\/\/secure.gravatar.com\/avatar\/49d2f9e46271bb04e19cebfaf141313a?s=96&d=blank&r=g\",\"contentUrl\":\"https:\/\/secure.gravatar.com\/avatar\/49d2f9e46271bb04e19cebfaf141313a?s=96&d=blank&r=g\",\"caption\":\"Staff\"}}]}<\/script>\n<!-- \/ Yoast SEO plugin. -->","yoast_head_json":{"title":"Eredit\u00e0 e attualit\u00e0 del Futurismo | Arte e Luoghi","robots":{"index":"index","follow":"follow","max-snippet":"max-snippet:-1","max-image-preview":"max-image-preview:large","max-video-preview":"max-video-preview:-1"},"canonical":"https:\/\/arteeluoghi.it\/index.php\/2013\/04\/08\/eredita-e-attualita-del-futurismo\/","og_locale":"it_IT","og_type":"article","og_title":"Eredit\u00e0 e attualit\u00e0 del Futurismo | Arte e Luoghi","og_description":"A Roma, 11 e 12 aprile 2013, al Centro Culturale &#8220;Elsa Morante&#8221; il convegno internazionale di studi \u00a0 Eredit\u00e0 e","og_url":"https:\/\/arteeluoghi.it\/index.php\/2013\/04\/08\/eredita-e-attualita-del-futurismo\/","og_site_name":"Arte e Luoghi","article_publisher":"https:\/\/www.facebook.com\/ArteELuoghi\/","article_published_time":"2013-04-08T14:06:15+00:00","og_image":[{"url":"https:\/\/arteeluoghi.it\/images\/MUNARI_HAJEK.jpg"}],"twitter_card":"summary","twitter_creator":"@arteeluoghi","twitter_site":"@arteeluoghi","twitter_misc":{"Scritto da":"Staff","Tempo di lettura stimato":"5 minuti"},"schema":{"@context":"https:\/\/schema.org","@graph":[{"@type":"Organization","@id":"https:\/\/arteeluoghi.it\/#organization","name":"Arte e Luoghi","url":"https:\/\/arteeluoghi.it\/","sameAs":["https:\/\/www.facebook.com\/ArteELuoghi\/","https:\/\/www.instagram.com\/arteeluoghi\/?hl=it","https:\/\/www.youtube.com\/channel\/UCuRVc4JW4-C5sg9rQB-srkw?view_as=subscriber","https:\/\/twitter.com\/arteeluoghi"],"logo":{"@type":"ImageObject","@id":"https:\/\/arteeluoghi.it\/#logo","inLanguage":"it-IT","url":"https:\/\/arteeluoghi.it\/wp-content\/uploads\/2018\/08\/logoinstagramarte.jpg","contentUrl":"https:\/\/arteeluoghi.it\/wp-content\/uploads\/2018\/08\/logoinstagramarte.jpg","width":150,"height":150,"caption":"Arte e Luoghi"},"image":{"@id":"https:\/\/arteeluoghi.it\/#logo"}},{"@type":"WebSite","@id":"https:\/\/arteeluoghi.it\/#website","url":"https:\/\/arteeluoghi.it\/","name":"Arte e Luoghi","description":"Mensile di arte, cultura, turismo e curiosit\u00e0","publisher":{"@id":"https:\/\/arteeluoghi.it\/#organization"},"potentialAction":[{"@type":"SearchAction","target":{"@type":"EntryPoint","urlTemplate":"https:\/\/arteeluoghi.it\/?s={search_term_string}"},"query-input":"required name=search_term_string"}],"inLanguage":"it-IT"},{"@type":"ImageObject","@id":"https:\/\/arteeluoghi.it\/index.php\/2013\/04\/08\/eredita-e-attualita-del-futurismo\/#primaryimage","inLanguage":"it-IT","url":"\/images\/MUNARI_HAJEK.jpg","contentUrl":"\/images\/MUNARI_HAJEK.jpg"},{"@type":"WebPage","@id":"https:\/\/arteeluoghi.it\/index.php\/2013\/04\/08\/eredita-e-attualita-del-futurismo\/#webpage","url":"https:\/\/arteeluoghi.it\/index.php\/2013\/04\/08\/eredita-e-attualita-del-futurismo\/","name":"Eredit\u00e0 e attualit\u00e0 del Futurismo | Arte e Luoghi","isPartOf":{"@id":"https:\/\/arteeluoghi.it\/#website"},"primaryImageOfPage":{"@id":"https:\/\/arteeluoghi.it\/index.php\/2013\/04\/08\/eredita-e-attualita-del-futurismo\/#primaryimage"},"datePublished":"2013-04-08T14:06:15+00:00","dateModified":"2013-04-08T14:06:15+00:00","breadcrumb":{"@id":"https:\/\/arteeluoghi.it\/index.php\/2013\/04\/08\/eredita-e-attualita-del-futurismo\/#breadcrumb"},"inLanguage":"it-IT","potentialAction":[{"@type":"ReadAction","target":["https:\/\/arteeluoghi.it\/index.php\/2013\/04\/08\/eredita-e-attualita-del-futurismo\/"]}]},{"@type":"BreadcrumbList","@id":"https:\/\/arteeluoghi.it\/index.php\/2013\/04\/08\/eredita-e-attualita-del-futurismo\/#breadcrumb","itemListElement":[{"@type":"ListItem","position":1,"name":"Home","item":"https:\/\/arteeluoghi.it\/"},{"@type":"ListItem","position":2,"name":"Eredit\u00e0 e attualit\u00e0 del Futurismo"}]},{"@type":"Article","@id":"https:\/\/arteeluoghi.it\/index.php\/2013\/04\/08\/eredita-e-attualita-del-futurismo\/#article","isPartOf":{"@id":"https:\/\/arteeluoghi.it\/index.php\/2013\/04\/08\/eredita-e-attualita-del-futurismo\/#webpage"},"author":{"@id":"https:\/\/arteeluoghi.it\/#\/schema\/person\/f84e814e36e91e01448ee07eaadd41d4"},"headline":"Eredit\u00e0 e attualit\u00e0 del Futurismo","datePublished":"2013-04-08T14:06:15+00:00","dateModified":"2013-04-08T14:06:15+00:00","mainEntityOfPage":{"@id":"https:\/\/arteeluoghi.it\/index.php\/2013\/04\/08\/eredita-e-attualita-del-futurismo\/#webpage"},"wordCount":927,"commentCount":0,"publisher":{"@id":"https:\/\/arteeluoghi.it\/#organization"},"image":{"@id":"https:\/\/arteeluoghi.it\/index.php\/2013\/04\/08\/eredita-e-attualita-del-futurismo\/#primaryimage"},"thumbnailUrl":"\/images\/MUNARI_HAJEK.jpg","articleSection":["Notizie"],"inLanguage":"it-IT","potentialAction":[{"@type":"CommentAction","name":"Comment","target":["https:\/\/arteeluoghi.it\/index.php\/2013\/04\/08\/eredita-e-attualita-del-futurismo\/#respond"]}]},{"@type":"Person","@id":"https:\/\/arteeluoghi.it\/#\/schema\/person\/f84e814e36e91e01448ee07eaadd41d4","name":"Staff","image":{"@type":"ImageObject","@id":"https:\/\/arteeluoghi.it\/#personlogo","inLanguage":"it-IT","url":"https:\/\/secure.gravatar.com\/avatar\/49d2f9e46271bb04e19cebfaf141313a?s=96&d=blank&r=g","contentUrl":"https:\/\/secure.gravatar.com\/avatar\/49d2f9e46271bb04e19cebfaf141313a?s=96&d=blank&r=g","caption":"Staff"}}]}},"_links":{"self":[{"href":"https:\/\/arteeluoghi.it\/index.php\/wp-json\/wp\/v2\/posts\/1131"}],"collection":[{"href":"https:\/\/arteeluoghi.it\/index.php\/wp-json\/wp\/v2\/posts"}],"about":[{"href":"https:\/\/arteeluoghi.it\/index.php\/wp-json\/wp\/v2\/types\/post"}],"author":[{"embeddable":true,"href":"https:\/\/arteeluoghi.it\/index.php\/wp-json\/wp\/v2\/users\/1"}],"replies":[{"embeddable":true,"href":"https:\/\/arteeluoghi.it\/index.php\/wp-json\/wp\/v2\/comments?post=1131"}],"version-history":[{"count":0,"href":"https:\/\/arteeluoghi.it\/index.php\/wp-json\/wp\/v2\/posts\/1131\/revisions"}],"wp:attachment":[{"href":"https:\/\/arteeluoghi.it\/index.php\/wp-json\/wp\/v2\/media?parent=1131"}],"wp:term":[{"taxonomy":"category","embeddable":true,"href":"https:\/\/arteeluoghi.it\/index.php\/wp-json\/wp\/v2\/categories?post=1131"},{"taxonomy":"post_tag","embeddable":true,"href":"https:\/\/arteeluoghi.it\/index.php\/wp-json\/wp\/v2\/tags?post=1131"}],"curies":[{"name":"wp","href":"https:\/\/api.w.org\/{rel}","templated":true}]}}