{"id":1132,"date":"2013-04-11T17:25:11","date_gmt":"2013-04-11T15:25:11","guid":{"rendered":"http:\/\/arteeluoghi.it\/index.php\/2013\/04\/11\/la-provincia-racconta-incontro-con-valerio-massimo-manfredi\/"},"modified":"2013-04-11T17:25:11","modified_gmt":"2013-04-11T15:25:11","slug":"la-provincia-racconta-incontro-con-valerio-massimo-manfredi","status":"publish","type":"post","link":"https:\/\/arteeluoghi.it\/index.php\/2013\/04\/11\/la-provincia-racconta-incontro-con-valerio-massimo-manfredi\/","title":{"rendered":"La Provincia racconta. Incontro con Valerio Massimo Manfredi"},"content":{"rendered":"<p style=\"text-align: left;\" align=\"center\"><img src=\"\/images\/manfredi.jpg\" border=\"0\" title=\"Il mio nome \u00e8 nessuno di Valerio Massimo Manfredi, ed. Mondadori\" style=\"float: right; margin: 21px;\" \/>A Lecce l&#8217;11 aprile 2013 nella Chiesa di San Francesco della Scarpa dialogo con l&#8217;autore <strong>Valerio Massimo Manfredi<\/strong><\/p>\n<p style=\"text-align: left;\" align=\"center\"><strong>IL MIO NOME E\u2019 NESSUNO<\/strong><\/p>\n<p style=\"text-align: left;\" align=\"center\"><strong>\u00a0<\/strong><\/p>\n<p>Ancora un appuntamento nell&#8217;ambito della rassegna La Provincia ti racconta, promossa dall&#8217;Assessorato alla Cultura della Provincia di Lecce\u00a0 e organizzata dall\u2019associazione culturale Titania, curata da Alessandra Pizzi. &#8220;Il mio nome \u00e8 nessuno&#8221; \u00e8 il titolo del libro di Valerio Massimo Manfredi, edito da Mondadori che sar\u00e0 presentato venerd\u00ec 11 aprile alle ore 18,30 negli spazi monumentali della Chiesa di San Francesco della Scarpa. Dialogheranno con l&#8217;autore la vicepresidente della Provincia di Lecce Simona Manca e Tonino Cassiano.<\/p>\n<p>  <!--more-->  <\/p>\n<p><strong>\u00a0<\/strong><\/p>\n<p>Ulisse, Odysseo, Nessuno: l&#8217;uomo dal multiforme ingegno, il mito che solca i mari, l&#8217;eroe pi\u00f9 formidabile e moderno di tutti i tempi \u00e8 qui, in queste pagine. E ci parla in prima persona, raccontandosi con tutta l&#8217;umanit\u00e0 e il coraggio che lo hanno reso, lungo ventisette secoli, pi\u00f9 immortale di un dio.<\/p>\n<p>Dalla nascita nella piccola, rocciosa Itaca alla formazione di uomo e di guerriero al fianco del padre Laerte, dalle braccia materne della nutrice Euriclea al vasto mare da navigare sino a Sparta, dalla abbagliante e pericolosa bellezza di Elena all&#8217;amore per Penelope, dal solenne giuramento tra giovani principi leali al divampare della tremenda discordia: questo romanzo, primo di due volumi, segue Odysseo fino alla resa di Troia, grandiosa e terribile. Prima ancora che inizi il n\u00f2stos \u2013 lo straordinario viaggio di ritorno \u2013 l&#8217;avventura gi\u00e0 \u00e8 costellata di incontri folgoranti, segnata da crisi profonde, dominata dall&#8217;intelligenza e dall&#8217;ardimento di un uomo capace, passo dopo passo, di farsi eroe.<\/p>\n<p>La figura di Odysseo ha avuto lo straordinario destino di \u201creincarnarsi\u201d infinite volte: i pi\u00f9 grandi poeti lo hanno cantato, la sua orma profonda e sempre nuova \u00e8 riconoscibile nei testi pi\u00f9 importanti della letteratura di ogni tempo, a ogni latitudine.<br \/> Tutti noi abbiamo la sensazione di ricordare da sempre le gesta di Odysseo, ma in questo romanzo, attingendo all&#8217;immensa messe di miti che lo vedono protagonista, Valerio Massimo Manfredi porta alla luce episodi e personaggi che non conoscevamo, ci regala la viva emozione di scoprire un intero universo brulicante di uomini, donne, imprese gloriose o sventurate. Ci mostra come accanto a quel personaggio fluisca gran parte dell&#8217;epos greco: Alcesti, le fatiche di Herakles, i sette contro Tebe, gli Argonauti, oltre ai due poemi di Omero. Odysseo non si erge solitario tra le ombre di dei e guerrieri, ma il suo intero percorso di formazione, le sue radici familiari, gli epici racconti di cui \u00e8 nutrito dal nonno- lupo Autolykos e dal padre argonauta, i dialoghi con Herakles e \u00c1ias, gli incontri con la misteriosa Athena dagli occhi verdi, ogni dettaglio d\u00e0 corpo a un racconto profondamente sorprendente.<\/p>\n<p>Con assoluto rigore ma anche con una vibrante adesione a questa materia \u201cin continuo movimento\u201d, Manfredi compie la scelta forte di affidare la narrazione proprio a colui che disse di chiamarsi Nessuno: una voce diretta, potente, scolpita nella sua semplicit\u00e0. Una voce dal fascino assoluto, una storia incalzante come i tamburi di guerra, tempestosa come il mare scatenato da Poseidone, piena di poesia come il canto delle Sirene.\u00a0<\/p>\n<p><strong>L\u2019AUTORE<\/strong><\/p>\n<p><strong>Valerio Massimo Manfredi<\/strong>,<strong>\u00a0<\/strong>archeologo e scrittore italiano, dopo essersi laureato in lettere classiche all&#8217;Universit\u00e0 di Bologna \u00e8 subito entrato nel mondo dell&#8217;archeologia, specializzandosi in topografia del mondo antico all&#8217;Universit\u00e0 Cattolica del Sacro Cuore di Milano.<\/p>\n<p>Ha insegnato nella stessa universit\u00e0 Cattolica dal 1980 all&#8217;86 per poi iniziare una intensa carriera accademica prima all&#8217;Universit\u00e0 di Venezia (1987) e dopo presso prestigiose universit\u00e0 americane fino alla Loyola University of Chicago, all&#8217;Ecole Pratique des Hautes Etudes della Sorbona di Parigi e alla Bocconi di Milano.<\/p>\n<p>Tra gli anni Settanta e gli Ottanta ha progettato e condotto le spedizioni <em>Anabasi<\/em>\u00a0 per la ricostruzione sul campo dell&#8217;itinerario della ritirata dei Diecimila, ma sono numerose le sue partecipazioni a campagne di scavo: Lavinium, Forum Gallorum, Forte Urbano in Italia. Prestigiose quelle condotte in terra straniera come ad Har Karkom, in Israele e la Campagna di ricognizione e rilievo con Timothy Mitford sul sito del \u201cTrofeo dei Diecimila\u201d in Anatolia orientale (2002). \u00a0Ha tenuto conferenze e seminari in alcuni dei pi\u00f9 prestigiosi atenei come il New College di Oxford, University of California\u00a0 Los Angeles, Lectio Magistralis alla National University of Canberra (Australia), inoltre Lectio magistralis Universit\u00e0 dell&#8217;Avana, Cuba, Universidad de Antiochia, Medellin (Colombia), Universidad de Bilbao, Universidad Internacional Menendez Pelayo (Tenerife) e molte altre.<\/p>\n<p>Ha pubblicato numerosi articoli e saggi in sede accademica e ha scritto romanzi di grande successo, tradotti in tutto il mondo (per un totale di circa dodici milioni di copie vendute a livello internazionale). Moltissimi i riconoscimenti ricevuti: nel 2003 Nomina a Commendatore della Repubblica \u201cmotu proprio\u201d del Presidente Carlo Azeglio Ciampi, Il premio Corrado Alvaro Rhegium Julii (2003) e premio Librai Citt\u00e0 di Padova, nel 2004 il Premio Hemingway per la narrativa, nel 2008 il premio Bancarella e nel 2010 il premio Scanno.<\/p>\n<p>\u00c8 autore anche di soggetti e sceneggiature per il cinema e la televisione. La sua trilogia <em>Alexandros<\/em> \u00e8 stata acquistata da Universal Pictures per una produzione cinematografica e Dino De Laurentiis ha realizzato <em>L&#8217;Ultima legione<\/em> (Ben Kingsley, Colin Firth, Aishwarya Rai, Thomas Sangster, regia di Doug Lefler). Ha scritto inoltre la sceneggiatura di\u00a0<em>Marco d&#8217;Aviano<\/em> (in preparazione) <em>Gilgamesh<\/em> (in preparazione). Ha adattato per il\u00a0 cinema <em>Le Memorie di Adriano<\/em> di M.Yourcenar per John Boorman.<\/p>\n<p>Collabora come giornalista scientifico a varie testate in Italia e all&#8217;estero.<\/p>\n<p>Ha condotto con successo i programmi televisivi\u00a0 <em>Stargate \u2013 linea di confine<\/em>\u00a0 e <em>Impero<\/em>.<\/p>\n<p>(fonte: comunicato stampa)<\/p>\n<p>\u00a0<\/p>\n<p>\u00a0<\/p>\n<p>\u00a0<\/p>\n<p style=\"text-align: left;\" align=\"center\"><strong>\u00a0<\/strong><\/p>\n<p style=\"text-align: left;\" align=\"center\"><strong>\u00a0<\/strong><\/p>\n<p style=\"text-align: left;\" align=\"center\"><strong>\u00a0<\/strong><\/p>\n","protected":false},"excerpt":{"rendered":"<p>A Lecce l&#8217;11 aprile 2013 nella Chiesa di San Francesco della Scarpa dialogo con l&#8217;autore Valerio Massimo Manfredi IL MIO<\/p>\n","protected":false},"author":1,"featured_media":0,"comment_status":"open","ping_status":"open","sticky":false,"template":"","format":"standard","meta":[],"categories":[17],"tags":[],"yoast_head":"<!-- This site is optimized with the Yoast SEO plugin v18.0 - https:\/\/yoast.com\/wordpress\/plugins\/seo\/ -->\n<title>La Provincia racconta. Incontro con Valerio Massimo Manfredi | Arte e Luoghi<\/title>\n<meta name=\"robots\" content=\"index, follow, max-snippet:-1, max-image-preview:large, max-video-preview:-1\" \/>\n<link rel=\"canonical\" href=\"https:\/\/arteeluoghi.it\/index.php\/2013\/04\/11\/la-provincia-racconta-incontro-con-valerio-massimo-manfredi\/\" \/>\n<meta property=\"og:locale\" content=\"it_IT\" \/>\n<meta property=\"og:type\" content=\"article\" \/>\n<meta property=\"og:title\" content=\"La Provincia racconta. Incontro con Valerio Massimo Manfredi | Arte e Luoghi\" \/>\n<meta property=\"og:description\" content=\"A Lecce l&#8217;11 aprile 2013 nella Chiesa di San Francesco della Scarpa dialogo con l&#8217;autore Valerio Massimo Manfredi IL MIO\" \/>\n<meta property=\"og:url\" content=\"https:\/\/arteeluoghi.it\/index.php\/2013\/04\/11\/la-provincia-racconta-incontro-con-valerio-massimo-manfredi\/\" \/>\n<meta property=\"og:site_name\" content=\"Arte e Luoghi\" \/>\n<meta property=\"article:publisher\" content=\"https:\/\/www.facebook.com\/ArteELuoghi\/\" \/>\n<meta property=\"article:published_time\" content=\"2013-04-11T15:25:11+00:00\" \/>\n<meta property=\"og:image\" content=\"https:\/\/arteeluoghi.it\/images\/manfredi.jpg\" \/>\n<meta name=\"twitter:card\" content=\"summary\" \/>\n<meta name=\"twitter:creator\" content=\"@arteeluoghi\" \/>\n<meta name=\"twitter:site\" content=\"@arteeluoghi\" \/>\n<meta name=\"twitter:label1\" content=\"Scritto da\" \/>\n\t<meta name=\"twitter:data1\" content=\"Staff\" \/>\n\t<meta name=\"twitter:label2\" content=\"Tempo di lettura stimato\" \/>\n\t<meta name=\"twitter:data2\" content=\"4 minuti\" \/>\n<script type=\"application\/ld+json\" class=\"yoast-schema-graph\">{\"@context\":\"https:\/\/schema.org\",\"@graph\":[{\"@type\":\"Organization\",\"@id\":\"https:\/\/arteeluoghi.it\/#organization\",\"name\":\"Arte e Luoghi\",\"url\":\"https:\/\/arteeluoghi.it\/\",\"sameAs\":[\"https:\/\/www.facebook.com\/ArteELuoghi\/\",\"https:\/\/www.instagram.com\/arteeluoghi\/?hl=it\",\"https:\/\/www.youtube.com\/channel\/UCuRVc4JW4-C5sg9rQB-srkw?view_as=subscriber\",\"https:\/\/twitter.com\/arteeluoghi\"],\"logo\":{\"@type\":\"ImageObject\",\"@id\":\"https:\/\/arteeluoghi.it\/#logo\",\"inLanguage\":\"it-IT\",\"url\":\"https:\/\/arteeluoghi.it\/wp-content\/uploads\/2018\/08\/logoinstagramarte.jpg\",\"contentUrl\":\"https:\/\/arteeluoghi.it\/wp-content\/uploads\/2018\/08\/logoinstagramarte.jpg\",\"width\":150,\"height\":150,\"caption\":\"Arte e Luoghi\"},\"image\":{\"@id\":\"https:\/\/arteeluoghi.it\/#logo\"}},{\"@type\":\"WebSite\",\"@id\":\"https:\/\/arteeluoghi.it\/#website\",\"url\":\"https:\/\/arteeluoghi.it\/\",\"name\":\"Arte e Luoghi\",\"description\":\"Mensile di arte, cultura, turismo e curiosit\u00e0\",\"publisher\":{\"@id\":\"https:\/\/arteeluoghi.it\/#organization\"},\"potentialAction\":[{\"@type\":\"SearchAction\",\"target\":{\"@type\":\"EntryPoint\",\"urlTemplate\":\"https:\/\/arteeluoghi.it\/?s={search_term_string}\"},\"query-input\":\"required name=search_term_string\"}],\"inLanguage\":\"it-IT\"},{\"@type\":\"ImageObject\",\"@id\":\"https:\/\/arteeluoghi.it\/index.php\/2013\/04\/11\/la-provincia-racconta-incontro-con-valerio-massimo-manfredi\/#primaryimage\",\"inLanguage\":\"it-IT\",\"url\":\"\/images\/manfredi.jpg\",\"contentUrl\":\"\/images\/manfredi.jpg\"},{\"@type\":\"WebPage\",\"@id\":\"https:\/\/arteeluoghi.it\/index.php\/2013\/04\/11\/la-provincia-racconta-incontro-con-valerio-massimo-manfredi\/#webpage\",\"url\":\"https:\/\/arteeluoghi.it\/index.php\/2013\/04\/11\/la-provincia-racconta-incontro-con-valerio-massimo-manfredi\/\",\"name\":\"La Provincia racconta. Incontro con Valerio Massimo Manfredi | Arte e Luoghi\",\"isPartOf\":{\"@id\":\"https:\/\/arteeluoghi.it\/#website\"},\"primaryImageOfPage\":{\"@id\":\"https:\/\/arteeluoghi.it\/index.php\/2013\/04\/11\/la-provincia-racconta-incontro-con-valerio-massimo-manfredi\/#primaryimage\"},\"datePublished\":\"2013-04-11T15:25:11+00:00\",\"dateModified\":\"2013-04-11T15:25:11+00:00\",\"breadcrumb\":{\"@id\":\"https:\/\/arteeluoghi.it\/index.php\/2013\/04\/11\/la-provincia-racconta-incontro-con-valerio-massimo-manfredi\/#breadcrumb\"},\"inLanguage\":\"it-IT\",\"potentialAction\":[{\"@type\":\"ReadAction\",\"target\":[\"https:\/\/arteeluoghi.it\/index.php\/2013\/04\/11\/la-provincia-racconta-incontro-con-valerio-massimo-manfredi\/\"]}]},{\"@type\":\"BreadcrumbList\",\"@id\":\"https:\/\/arteeluoghi.it\/index.php\/2013\/04\/11\/la-provincia-racconta-incontro-con-valerio-massimo-manfredi\/#breadcrumb\",\"itemListElement\":[{\"@type\":\"ListItem\",\"position\":1,\"name\":\"Home\",\"item\":\"https:\/\/arteeluoghi.it\/\"},{\"@type\":\"ListItem\",\"position\":2,\"name\":\"La Provincia racconta. Incontro con Valerio Massimo Manfredi\"}]},{\"@type\":\"Article\",\"@id\":\"https:\/\/arteeluoghi.it\/index.php\/2013\/04\/11\/la-provincia-racconta-incontro-con-valerio-massimo-manfredi\/#article\",\"isPartOf\":{\"@id\":\"https:\/\/arteeluoghi.it\/index.php\/2013\/04\/11\/la-provincia-racconta-incontro-con-valerio-massimo-manfredi\/#webpage\"},\"author\":{\"@id\":\"https:\/\/arteeluoghi.it\/#\/schema\/person\/f84e814e36e91e01448ee07eaadd41d4\"},\"headline\":\"La Provincia racconta. Incontro con Valerio Massimo Manfredi\",\"datePublished\":\"2013-04-11T15:25:11+00:00\",\"dateModified\":\"2013-04-11T15:25:11+00:00\",\"mainEntityOfPage\":{\"@id\":\"https:\/\/arteeluoghi.it\/index.php\/2013\/04\/11\/la-provincia-racconta-incontro-con-valerio-massimo-manfredi\/#webpage\"},\"wordCount\":899,\"commentCount\":0,\"publisher\":{\"@id\":\"https:\/\/arteeluoghi.it\/#organization\"},\"image\":{\"@id\":\"https:\/\/arteeluoghi.it\/index.php\/2013\/04\/11\/la-provincia-racconta-incontro-con-valerio-massimo-manfredi\/#primaryimage\"},\"thumbnailUrl\":\"\/images\/manfredi.jpg\",\"articleSection\":[\"LIBRI\"],\"inLanguage\":\"it-IT\",\"potentialAction\":[{\"@type\":\"CommentAction\",\"name\":\"Comment\",\"target\":[\"https:\/\/arteeluoghi.it\/index.php\/2013\/04\/11\/la-provincia-racconta-incontro-con-valerio-massimo-manfredi\/#respond\"]}]},{\"@type\":\"Person\",\"@id\":\"https:\/\/arteeluoghi.it\/#\/schema\/person\/f84e814e36e91e01448ee07eaadd41d4\",\"name\":\"Staff\",\"image\":{\"@type\":\"ImageObject\",\"@id\":\"https:\/\/arteeluoghi.it\/#personlogo\",\"inLanguage\":\"it-IT\",\"url\":\"https:\/\/secure.gravatar.com\/avatar\/49d2f9e46271bb04e19cebfaf141313a?s=96&d=blank&r=g\",\"contentUrl\":\"https:\/\/secure.gravatar.com\/avatar\/49d2f9e46271bb04e19cebfaf141313a?s=96&d=blank&r=g\",\"caption\":\"Staff\"}}]}<\/script>\n<!-- \/ Yoast SEO plugin. -->","yoast_head_json":{"title":"La Provincia racconta. Incontro con Valerio Massimo Manfredi | Arte e Luoghi","robots":{"index":"index","follow":"follow","max-snippet":"max-snippet:-1","max-image-preview":"max-image-preview:large","max-video-preview":"max-video-preview:-1"},"canonical":"https:\/\/arteeluoghi.it\/index.php\/2013\/04\/11\/la-provincia-racconta-incontro-con-valerio-massimo-manfredi\/","og_locale":"it_IT","og_type":"article","og_title":"La Provincia racconta. Incontro con Valerio Massimo Manfredi | Arte e Luoghi","og_description":"A Lecce l&#8217;11 aprile 2013 nella Chiesa di San Francesco della Scarpa dialogo con l&#8217;autore Valerio Massimo Manfredi IL MIO","og_url":"https:\/\/arteeluoghi.it\/index.php\/2013\/04\/11\/la-provincia-racconta-incontro-con-valerio-massimo-manfredi\/","og_site_name":"Arte e Luoghi","article_publisher":"https:\/\/www.facebook.com\/ArteELuoghi\/","article_published_time":"2013-04-11T15:25:11+00:00","og_image":[{"url":"https:\/\/arteeluoghi.it\/images\/manfredi.jpg"}],"twitter_card":"summary","twitter_creator":"@arteeluoghi","twitter_site":"@arteeluoghi","twitter_misc":{"Scritto da":"Staff","Tempo di lettura stimato":"4 minuti"},"schema":{"@context":"https:\/\/schema.org","@graph":[{"@type":"Organization","@id":"https:\/\/arteeluoghi.it\/#organization","name":"Arte e Luoghi","url":"https:\/\/arteeluoghi.it\/","sameAs":["https:\/\/www.facebook.com\/ArteELuoghi\/","https:\/\/www.instagram.com\/arteeluoghi\/?hl=it","https:\/\/www.youtube.com\/channel\/UCuRVc4JW4-C5sg9rQB-srkw?view_as=subscriber","https:\/\/twitter.com\/arteeluoghi"],"logo":{"@type":"ImageObject","@id":"https:\/\/arteeluoghi.it\/#logo","inLanguage":"it-IT","url":"https:\/\/arteeluoghi.it\/wp-content\/uploads\/2018\/08\/logoinstagramarte.jpg","contentUrl":"https:\/\/arteeluoghi.it\/wp-content\/uploads\/2018\/08\/logoinstagramarte.jpg","width":150,"height":150,"caption":"Arte e Luoghi"},"image":{"@id":"https:\/\/arteeluoghi.it\/#logo"}},{"@type":"WebSite","@id":"https:\/\/arteeluoghi.it\/#website","url":"https:\/\/arteeluoghi.it\/","name":"Arte e Luoghi","description":"Mensile di arte, cultura, turismo e curiosit\u00e0","publisher":{"@id":"https:\/\/arteeluoghi.it\/#organization"},"potentialAction":[{"@type":"SearchAction","target":{"@type":"EntryPoint","urlTemplate":"https:\/\/arteeluoghi.it\/?s={search_term_string}"},"query-input":"required name=search_term_string"}],"inLanguage":"it-IT"},{"@type":"ImageObject","@id":"https:\/\/arteeluoghi.it\/index.php\/2013\/04\/11\/la-provincia-racconta-incontro-con-valerio-massimo-manfredi\/#primaryimage","inLanguage":"it-IT","url":"\/images\/manfredi.jpg","contentUrl":"\/images\/manfredi.jpg"},{"@type":"WebPage","@id":"https:\/\/arteeluoghi.it\/index.php\/2013\/04\/11\/la-provincia-racconta-incontro-con-valerio-massimo-manfredi\/#webpage","url":"https:\/\/arteeluoghi.it\/index.php\/2013\/04\/11\/la-provincia-racconta-incontro-con-valerio-massimo-manfredi\/","name":"La Provincia racconta. Incontro con Valerio Massimo Manfredi | Arte e Luoghi","isPartOf":{"@id":"https:\/\/arteeluoghi.it\/#website"},"primaryImageOfPage":{"@id":"https:\/\/arteeluoghi.it\/index.php\/2013\/04\/11\/la-provincia-racconta-incontro-con-valerio-massimo-manfredi\/#primaryimage"},"datePublished":"2013-04-11T15:25:11+00:00","dateModified":"2013-04-11T15:25:11+00:00","breadcrumb":{"@id":"https:\/\/arteeluoghi.it\/index.php\/2013\/04\/11\/la-provincia-racconta-incontro-con-valerio-massimo-manfredi\/#breadcrumb"},"inLanguage":"it-IT","potentialAction":[{"@type":"ReadAction","target":["https:\/\/arteeluoghi.it\/index.php\/2013\/04\/11\/la-provincia-racconta-incontro-con-valerio-massimo-manfredi\/"]}]},{"@type":"BreadcrumbList","@id":"https:\/\/arteeluoghi.it\/index.php\/2013\/04\/11\/la-provincia-racconta-incontro-con-valerio-massimo-manfredi\/#breadcrumb","itemListElement":[{"@type":"ListItem","position":1,"name":"Home","item":"https:\/\/arteeluoghi.it\/"},{"@type":"ListItem","position":2,"name":"La Provincia racconta. Incontro con Valerio Massimo Manfredi"}]},{"@type":"Article","@id":"https:\/\/arteeluoghi.it\/index.php\/2013\/04\/11\/la-provincia-racconta-incontro-con-valerio-massimo-manfredi\/#article","isPartOf":{"@id":"https:\/\/arteeluoghi.it\/index.php\/2013\/04\/11\/la-provincia-racconta-incontro-con-valerio-massimo-manfredi\/#webpage"},"author":{"@id":"https:\/\/arteeluoghi.it\/#\/schema\/person\/f84e814e36e91e01448ee07eaadd41d4"},"headline":"La Provincia racconta. Incontro con Valerio Massimo Manfredi","datePublished":"2013-04-11T15:25:11+00:00","dateModified":"2013-04-11T15:25:11+00:00","mainEntityOfPage":{"@id":"https:\/\/arteeluoghi.it\/index.php\/2013\/04\/11\/la-provincia-racconta-incontro-con-valerio-massimo-manfredi\/#webpage"},"wordCount":899,"commentCount":0,"publisher":{"@id":"https:\/\/arteeluoghi.it\/#organization"},"image":{"@id":"https:\/\/arteeluoghi.it\/index.php\/2013\/04\/11\/la-provincia-racconta-incontro-con-valerio-massimo-manfredi\/#primaryimage"},"thumbnailUrl":"\/images\/manfredi.jpg","articleSection":["LIBRI"],"inLanguage":"it-IT","potentialAction":[{"@type":"CommentAction","name":"Comment","target":["https:\/\/arteeluoghi.it\/index.php\/2013\/04\/11\/la-provincia-racconta-incontro-con-valerio-massimo-manfredi\/#respond"]}]},{"@type":"Person","@id":"https:\/\/arteeluoghi.it\/#\/schema\/person\/f84e814e36e91e01448ee07eaadd41d4","name":"Staff","image":{"@type":"ImageObject","@id":"https:\/\/arteeluoghi.it\/#personlogo","inLanguage":"it-IT","url":"https:\/\/secure.gravatar.com\/avatar\/49d2f9e46271bb04e19cebfaf141313a?s=96&d=blank&r=g","contentUrl":"https:\/\/secure.gravatar.com\/avatar\/49d2f9e46271bb04e19cebfaf141313a?s=96&d=blank&r=g","caption":"Staff"}}]}},"_links":{"self":[{"href":"https:\/\/arteeluoghi.it\/index.php\/wp-json\/wp\/v2\/posts\/1132"}],"collection":[{"href":"https:\/\/arteeluoghi.it\/index.php\/wp-json\/wp\/v2\/posts"}],"about":[{"href":"https:\/\/arteeluoghi.it\/index.php\/wp-json\/wp\/v2\/types\/post"}],"author":[{"embeddable":true,"href":"https:\/\/arteeluoghi.it\/index.php\/wp-json\/wp\/v2\/users\/1"}],"replies":[{"embeddable":true,"href":"https:\/\/arteeluoghi.it\/index.php\/wp-json\/wp\/v2\/comments?post=1132"}],"version-history":[{"count":0,"href":"https:\/\/arteeluoghi.it\/index.php\/wp-json\/wp\/v2\/posts\/1132\/revisions"}],"wp:attachment":[{"href":"https:\/\/arteeluoghi.it\/index.php\/wp-json\/wp\/v2\/media?parent=1132"}],"wp:term":[{"taxonomy":"category","embeddable":true,"href":"https:\/\/arteeluoghi.it\/index.php\/wp-json\/wp\/v2\/categories?post=1132"},{"taxonomy":"post_tag","embeddable":true,"href":"https:\/\/arteeluoghi.it\/index.php\/wp-json\/wp\/v2\/tags?post=1132"}],"curies":[{"name":"wp","href":"https:\/\/api.w.org\/{rel}","templated":true}]}}