{"id":11377,"date":"2022-05-24T21:09:00","date_gmt":"2022-05-24T19:09:00","guid":{"rendered":"https:\/\/arteeluoghi.it\/?p=11377"},"modified":"2022-06-12T21:13:51","modified_gmt":"2022-06-12T19:13:51","slug":"la-terrazza-di-io-posso-dalladriatico-allo-ionio","status":"publish","type":"post","link":"https:\/\/arteeluoghi.it\/index.php\/2022\/05\/24\/la-terrazza-di-io-posso-dalladriatico-allo-ionio\/","title":{"rendered":"La \u201cTerrazza\u201d di IO POSSO dall&#8217;Adriatico allo Ionio"},"content":{"rendered":"\n<p>Sette anni dopo l\u2019avvio a San Foca di Melendugno (LE) del primo accesso attrezzato al mare per persone affette da SLA ideato da <strong>Gaetano Fuso<\/strong>, l\u2019associazione 2HE-IO POSSO inaugura una struttura gemella a Gallipoli (Le), in collaborazione con il\u00a0<strong>Gruppo Caroli Hotels<\/strong><\/p>\n\n\n\n<!--more-->\n\n\n\n<p><\/p>\n\n\n\n<p>La nuova \u201cTerrazza\u201d IO POSSO sar\u00e0 attiva presso&nbsp;<strong>l\u2019Ecoresort Le Siren\u00e9 Caroli Hotels<\/strong>&nbsp;dal 15 giugno al 15 settembre, dalle 9.30 alle 19.00, replicando quanto gi\u00e0 realizzato a San Foca dal 2015 ad oggi: servizi di prenotazione, accesso, ausilii, personale qualificato per l\u2019accoglienza e l\u2019accompagnamento in mare totalmente gratuiti sia per gli ospiti con disabilit\u00e0 che per i loro accompagnatori.<\/p>\n\n\n\n<p>Con questa seconda \u201cTerrazza\u201d, il sogno di un mare accessibile lanciato da Gaetano Fuso diventa sempre pi\u00f9 realt\u00e0 e anche sulla costa ionica si potr\u00e0 essere \u201cliberi di essere felici\u201d.<\/p>\n\n\n\n<p>*****<\/p>\n\n\n\n<p>Nel 2015 a&nbsp;<strong>San Foca di Melendugno<\/strong>&nbsp;(Le) da un\u2019idea di&nbsp;<strong>Gaetano Fuso<\/strong>&nbsp;(1976-2020)&nbsp;supportata dalla moglie&nbsp;<strong>Giorgia Rollo<\/strong>&nbsp;e da un gruppo di amici e sostenitori,&nbsp;nasceva la&nbsp;<strong>Terrazza di IO POSSO<\/strong>, il primo accesso attrezzato al mare per persone affette da SLA,&nbsp;patologie neuromotorie e altre gravi disabilit\u00e0&nbsp;motorie. Si tratta del fiore all\u2019occhiello del&nbsp;progetto&nbsp;solidale nazionale&nbsp;IO&nbsp;POSSO, che ha preso avvio&nbsp;sette anni fa proprio attorno al&nbsp;visionario<strong>&nbsp;Gaetano<\/strong>, salentino,&nbsp;assistente&nbsp;capo&nbsp;della Polizia di Stato, nominato, tra l\u2019altro, \u201cCavaliere della Repubblica\u201d dal Presidente Mattarella nel 2018 proprio per quella Terrazza che finora ha gi\u00e0 fatto sentire&nbsp;\u201cliberi di essere felici\u201d centinaia di ospiti con disabilit\u00e0 giunti nel Salento non solo da tutta Italia ma anche dal resto d\u2019Europa.<\/p>\n\n\n\n<figure class=\"wp-block-image size-large\"><img loading=\"lazy\" width=\"1024\" height=\"682\" src=\"https:\/\/arteeluoghi.it\/wp-content\/uploads\/2022\/06\/Terrazza-IO-POSSO-Gallipoli-L-1024x682.jpg\" alt=\"\" class=\"wp-image-11378\" srcset=\"https:\/\/arteeluoghi.it\/wp-content\/uploads\/2022\/06\/Terrazza-IO-POSSO-Gallipoli-L-1024x682.jpg 1024w, https:\/\/arteeluoghi.it\/wp-content\/uploads\/2022\/06\/Terrazza-IO-POSSO-Gallipoli-L-300x200.jpg 300w, https:\/\/arteeluoghi.it\/wp-content\/uploads\/2022\/06\/Terrazza-IO-POSSO-Gallipoli-L-768x512.jpg 768w, https:\/\/arteeluoghi.it\/wp-content\/uploads\/2022\/06\/Terrazza-IO-POSSO-Gallipoli-L-1536x1023.jpg 1536w, https:\/\/arteeluoghi.it\/wp-content\/uploads\/2022\/06\/Terrazza-IO-POSSO-Gallipoli-L.jpg 1600w\" sizes=\"(max-width: 1024px) 100vw, 1024px\" \/><figcaption>Gallipoli , Terrazza Io Posso (foto ufficio stampa)<\/figcaption><\/figure>\n\n\n\n<p><strong><u>Adesso La \u201cTerrazza\u201d di IO POSSO raddoppia nel Salento<\/u><\/strong>. L\u2019associazione 2HE-IO POSSO, gi\u00e0 gestrice della struttura di San Foca, si prepara ad inaugurare una struttura gemella a Gallipoli (Le), grazie alla fattiva collaborazione nata con il&nbsp;<strong>GRUPPO CAROLI HOTELS.<\/strong>&nbsp;La nuova \u201cTerrazza\u201d di IO POSSO sar\u00e0 attiva presso&nbsp;<strong>l\u2019Ecoresort Le Siren\u00e9<\/strong>&nbsp;del Gruppo Caroli Hotels (SP239), dal&nbsp;<strong>15 giugno al 15 settembre<\/strong>, dalle 9.30 alle 19.00, replicando quanto gi\u00e0 realizzato a San Foca dal 2015 ad oggi: servizi di prenotazione, accesso, ausilii, personale qualificato per l\u2019accoglienza e l\u2019accompagnamento in mare&nbsp;<strong>totalmente gratuiti<\/strong>&nbsp;sia per gli ospiti con disabilit\u00e0 che per i loro accompagnatori.<\/p>\n\n\n\n<p>Dal prossimo 15 giugno, dunque, l\u2019accesso al mare per persone affette da SLA, anche tracheotomizzate o dipendenti da macchinari elettrici, sar\u00e0 possibile non solo sull\u2019Adriatico ma anche sullo Ionio&nbsp;grazie al&nbsp;<strong>lungimirante supporto del network alberghiero Caroli Hotels che ha realizzato la nuova struttura a proprie spese all\u2019interno del proprio complesso turistico a Gallipoli<\/strong>. L\u2019associazione 2HE-IO POSSO si occuper\u00e0 di fornire il servizio di assistenza, prenotazione e coordinamento.<\/p>\n\n\n\n<p>Saranno a disposizione degli ospiti quattro postazioni standard (ombrellone, sedia, lettino) riservate alle persone con disabilit\u00e0 motorie e due postazioni speciali con maggior spazio per la movimentazione dedicate alle persone con disabilit\u00e0 motorie ancora pi\u00f9 invalidanti come le tetraplegie causate dalla SLA.<\/p>\n\n\n\n<p>Come gi\u00e0 accade presso la sua sorella maggiore di San Foca, l\u2019Associazione 2HE-IO POSSO garantisce presso la nuova \u201cTerrazza\u201d la presenza sul posto di ausili per la balneazione e di personale qualificato per l\u2019accoglienza e l\u2019accompagnamento in mare.<\/p>\n\n\n\n<p>Per prenotare presso la nuova \u201cTerrazza\u201d di IO POSSO a Gallipoli \u00e8 possibile chiamare il n. 379 1296924, mentre le persone interessate anche ai servizi di pernottamento dovranno rivolgersi alla reception dell\u2019Ecoresort Le Siren\u00e9 Caroli Hotels chiamando il n. 0833 202536.<\/p>\n\n\n\n<p>Sul sito&nbsp;<a href=\"http:\/\/www.ioposso.eu\/\">www.ioposso.eu<\/a>&nbsp;e sui canali social di IO POSSO saranno riportati il regolamento ufficiale e altre notizie utili &#8211; Per qualsiasi altra informazione \u00e8 possibile chiamare il numero 3661810331 o scrivere a&nbsp;<a href=\"mailto:info@ioposso.eu\">info@ioposso.eu<\/a><\/p>\n\n\n\n<p>Con questa seconda \u201cTerrazza\u201d, il sogno di un mare accessibile lanciato da Gaetano Fuso diventa sempre pi\u00f9 realt\u00e0!<\/p>\n\n\n\n<p><strong>La Terrazza di IO POSSO<\/strong><\/p>\n\n\n\n<p><strong>\u00c8 un format gi\u00e0 preso come riferimento<\/strong>&nbsp;e replicato in altre parti d\u2019Italia, grazie ad un elenco di parametri ormai codificati. Seguendo il know how di&nbsp;IO&nbsp;POSSO, una struttura \u201cgemella\u201d nel 2018 \u00e8 nata in&nbsp;Sardegna, a Maladroxia, nel comune di Sant\u2019Ant\u00ecoco, in Provincia di Carbonia-Iglesias, e un\u2019altra, poco dopo, in Emilia Romagna, a Punta Marina, nel comune di Ravenna, entrambe gestite da associazioni locali.<\/p>\n\n\n\n<p><strong>Caroli Hotels<\/strong><em>\u00a0rappresenta la tradizione di ospitalit\u00e0 nel Salento dal 1965, quando Attilio Caroli e Gilda\u00a0Nuzzolese aprono a Santa Maria di Leuca l\u2019Hotel Terminal e poi nel 1976 rilevano il complesso alberghiero Le Sirenuse a Gallipoli, trasformato successivamente in Ecoresort Le Siren\u00e8. Con l\u2019arrivo della terza generazione \u2013 Annamaria, Attilio, Gilda e Pierluigi Caputo \u2013 sono acquisite nuove strutture: nel 1985 l\u2019ottocentesca\u00a0Villa La Meridiana\u00a0a Santa Maria di Leuca; nel 1987 il\u00a0Joli Park Hotel\u00a0di Gallipoli; nel 1995 si avvia la ristrutturazione del\u00a0Bellavista Club\u00a0sempre a Gallipoli. Alle attivit\u00e0 alberghiere la famiglia Caroli &#8211; Caputo ha affiancato dal 1995 la commercializzazione di prelibatezze enogastronomiche salentine con il marchio\u00a0La Dispensa di Caroli, il servizio di Agenzia Viaggi\u00a0Caroli Turismo\u00a0e la promozione del Salento attraverso le attivit\u00e0 sportive con il brand\u00a0Caroli Sport. Oggi siamo giunti alla quarta generazione con i pronipoti Mario e Gabriele, i posti letto sono oltre mille e Caroli Hotels s\u2019impegna costantemente nella formazione professionale, nella ricerca di\u00a0nuovi servizi e iniziative per la promozione del territorio. Con\u00a0SVieni a Gallipoli\u00a0organizza un fitto calendario annuale di eventi in tutto il Salento, che\u00a0spaziano dallo sport all\u2019arte, dalla gastronomia alla cultura, dal benessere alla spiritualit\u00e0. Innovazione e dinamismo, servizi efficienti e accoglienza tagliata su misura, con particolare attenzione alle esigenze della famiglia. Certificati\u00a0Ecolabel\u00a0EU,\u00a0nei Caroli Hotels si utilizzano le\u00a0tecnologie pi\u00f9 innovative legate al campo delle energie alternative rinnovabili e materiali a basso impatto ambientale.<\/em><\/p>\n\n\n\n<p>(fonte: comunicato stampa)<\/p>\n","protected":false},"excerpt":{"rendered":"<p>Sette anni dopo l\u2019avvio a San Foca di Melendugno (LE) del primo accesso attrezzato al mare per persone affette da<\/p>\n","protected":false},"author":1,"featured_media":11378,"comment_status":"open","ping_status":"open","sticky":true,"template":"","format":"standard","meta":[],"categories":[8,28],"tags":[136,4126,4125,4124],"yoast_head":"<!-- This site is optimized with the Yoast SEO plugin v18.0 - https:\/\/yoast.com\/wordpress\/plugins\/seo\/ -->\n<title>La \u201cTerrazza\u201d di IO POSSO dall&#039;Adriatico allo Ionio | Arte e Luoghi<\/title>\n<meta name=\"description\" content=\"Adesso La \u201cTerrazza\u201d di IO POSSO raddoppia nel Salento. L\u2019associazione 2HE-IO POSSO, dopo San Foca apre a Gallipoli\" \/>\n<meta name=\"robots\" content=\"index, follow, max-snippet:-1, max-image-preview:large, max-video-preview:-1\" \/>\n<link rel=\"canonical\" href=\"https:\/\/arteeluoghi.it\/index.php\/2022\/05\/24\/la-terrazza-di-io-posso-dalladriatico-allo-ionio\/\" \/>\n<meta property=\"og:locale\" content=\"it_IT\" \/>\n<meta property=\"og:type\" content=\"article\" \/>\n<meta property=\"og:title\" content=\"La \u201cTerrazza\u201d di IO POSSO dall&#039;Adriatico allo Ionio | Arte e Luoghi\" \/>\n<meta property=\"og:description\" content=\"Adesso La \u201cTerrazza\u201d di IO POSSO raddoppia nel Salento. L\u2019associazione 2HE-IO POSSO, dopo San Foca apre a Gallipoli\" \/>\n<meta property=\"og:url\" content=\"https:\/\/arteeluoghi.it\/index.php\/2022\/05\/24\/la-terrazza-di-io-posso-dalladriatico-allo-ionio\/\" \/>\n<meta property=\"og:site_name\" content=\"Arte e Luoghi\" \/>\n<meta property=\"article:publisher\" content=\"https:\/\/www.facebook.com\/ArteELuoghi\/\" \/>\n<meta property=\"article:published_time\" content=\"2022-05-24T19:09:00+00:00\" \/>\n<meta property=\"article:modified_time\" content=\"2022-06-12T19:13:51+00:00\" \/>\n<meta property=\"og:image\" content=\"https:\/\/arteeluoghi.it\/wp-content\/uploads\/2022\/06\/Terrazza-IO-POSSO-Gallipoli-L.jpg\" \/>\n\t<meta property=\"og:image:width\" content=\"1600\" \/>\n\t<meta property=\"og:image:height\" content=\"1066\" \/>\n\t<meta property=\"og:image:type\" content=\"image\/jpeg\" \/>\n<meta name=\"twitter:card\" content=\"summary\" \/>\n<meta name=\"twitter:creator\" content=\"@arteeluoghi\" \/>\n<meta name=\"twitter:site\" content=\"@arteeluoghi\" \/>\n<meta name=\"twitter:label1\" content=\"Scritto da\" \/>\n\t<meta name=\"twitter:data1\" content=\"Staff\" \/>\n\t<meta name=\"twitter:label2\" content=\"Tempo di lettura stimato\" \/>\n\t<meta name=\"twitter:data2\" content=\"6 minuti\" \/>\n<script type=\"application\/ld+json\" class=\"yoast-schema-graph\">{\"@context\":\"https:\/\/schema.org\",\"@graph\":[{\"@type\":\"Organization\",\"@id\":\"https:\/\/arteeluoghi.it\/#organization\",\"name\":\"Arte e Luoghi\",\"url\":\"https:\/\/arteeluoghi.it\/\",\"sameAs\":[\"https:\/\/www.facebook.com\/ArteELuoghi\/\",\"https:\/\/www.instagram.com\/arteeluoghi\/?hl=it\",\"https:\/\/www.youtube.com\/channel\/UCuRVc4JW4-C5sg9rQB-srkw?view_as=subscriber\",\"https:\/\/twitter.com\/arteeluoghi\"],\"logo\":{\"@type\":\"ImageObject\",\"@id\":\"https:\/\/arteeluoghi.it\/#logo\",\"inLanguage\":\"it-IT\",\"url\":\"https:\/\/arteeluoghi.it\/wp-content\/uploads\/2018\/08\/logoinstagramarte.jpg\",\"contentUrl\":\"https:\/\/arteeluoghi.it\/wp-content\/uploads\/2018\/08\/logoinstagramarte.jpg\",\"width\":150,\"height\":150,\"caption\":\"Arte e Luoghi\"},\"image\":{\"@id\":\"https:\/\/arteeluoghi.it\/#logo\"}},{\"@type\":\"WebSite\",\"@id\":\"https:\/\/arteeluoghi.it\/#website\",\"url\":\"https:\/\/arteeluoghi.it\/\",\"name\":\"Arte e Luoghi\",\"description\":\"Mensile di arte, cultura, turismo e curiosit\u00e0\",\"publisher\":{\"@id\":\"https:\/\/arteeluoghi.it\/#organization\"},\"potentialAction\":[{\"@type\":\"SearchAction\",\"target\":{\"@type\":\"EntryPoint\",\"urlTemplate\":\"https:\/\/arteeluoghi.it\/?s={search_term_string}\"},\"query-input\":\"required name=search_term_string\"}],\"inLanguage\":\"it-IT\"},{\"@type\":\"ImageObject\",\"@id\":\"https:\/\/arteeluoghi.it\/index.php\/2022\/05\/24\/la-terrazza-di-io-posso-dalladriatico-allo-ionio\/#primaryimage\",\"inLanguage\":\"it-IT\",\"url\":\"https:\/\/arteeluoghi.it\/wp-content\/uploads\/2022\/06\/Terrazza-IO-POSSO-Gallipoli-L.jpg\",\"contentUrl\":\"https:\/\/arteeluoghi.it\/wp-content\/uploads\/2022\/06\/Terrazza-IO-POSSO-Gallipoli-L.jpg\",\"width\":1600,\"height\":1066},{\"@type\":\"WebPage\",\"@id\":\"https:\/\/arteeluoghi.it\/index.php\/2022\/05\/24\/la-terrazza-di-io-posso-dalladriatico-allo-ionio\/#webpage\",\"url\":\"https:\/\/arteeluoghi.it\/index.php\/2022\/05\/24\/la-terrazza-di-io-posso-dalladriatico-allo-ionio\/\",\"name\":\"La \u201cTerrazza\u201d di IO POSSO dall'Adriatico allo Ionio | Arte e Luoghi\",\"isPartOf\":{\"@id\":\"https:\/\/arteeluoghi.it\/#website\"},\"primaryImageOfPage\":{\"@id\":\"https:\/\/arteeluoghi.it\/index.php\/2022\/05\/24\/la-terrazza-di-io-posso-dalladriatico-allo-ionio\/#primaryimage\"},\"datePublished\":\"2022-05-24T19:09:00+00:00\",\"dateModified\":\"2022-06-12T19:13:51+00:00\",\"description\":\"Adesso La \u201cTerrazza\u201d di IO POSSO raddoppia nel Salento. L\u2019associazione 2HE-IO POSSO, dopo San Foca apre a Gallipoli\",\"breadcrumb\":{\"@id\":\"https:\/\/arteeluoghi.it\/index.php\/2022\/05\/24\/la-terrazza-di-io-posso-dalladriatico-allo-ionio\/#breadcrumb\"},\"inLanguage\":\"it-IT\",\"potentialAction\":[{\"@type\":\"ReadAction\",\"target\":[\"https:\/\/arteeluoghi.it\/index.php\/2022\/05\/24\/la-terrazza-di-io-posso-dalladriatico-allo-ionio\/\"]}]},{\"@type\":\"BreadcrumbList\",\"@id\":\"https:\/\/arteeluoghi.it\/index.php\/2022\/05\/24\/la-terrazza-di-io-posso-dalladriatico-allo-ionio\/#breadcrumb\",\"itemListElement\":[{\"@type\":\"ListItem\",\"position\":1,\"name\":\"Home\",\"item\":\"https:\/\/arteeluoghi.it\/\"},{\"@type\":\"ListItem\",\"position\":2,\"name\":\"La \u201cTerrazza\u201d di IO POSSO dall&#8217;Adriatico allo Ionio\"}]},{\"@type\":\"Article\",\"@id\":\"https:\/\/arteeluoghi.it\/index.php\/2022\/05\/24\/la-terrazza-di-io-posso-dalladriatico-allo-ionio\/#article\",\"isPartOf\":{\"@id\":\"https:\/\/arteeluoghi.it\/index.php\/2022\/05\/24\/la-terrazza-di-io-posso-dalladriatico-allo-ionio\/#webpage\"},\"author\":{\"@id\":\"https:\/\/arteeluoghi.it\/#\/schema\/person\/f84e814e36e91e01448ee07eaadd41d4\"},\"headline\":\"La \u201cTerrazza\u201d di IO POSSO dall&#8217;Adriatico allo Ionio\",\"datePublished\":\"2022-05-24T19:09:00+00:00\",\"dateModified\":\"2022-06-12T19:13:51+00:00\",\"mainEntityOfPage\":{\"@id\":\"https:\/\/arteeluoghi.it\/index.php\/2022\/05\/24\/la-terrazza-di-io-posso-dalladriatico-allo-ionio\/#webpage\"},\"wordCount\":977,\"commentCount\":0,\"publisher\":{\"@id\":\"https:\/\/arteeluoghi.it\/#organization\"},\"image\":{\"@id\":\"https:\/\/arteeluoghi.it\/index.php\/2022\/05\/24\/la-terrazza-di-io-posso-dalladriatico-allo-ionio\/#primaryimage\"},\"thumbnailUrl\":\"https:\/\/arteeluoghi.it\/wp-content\/uploads\/2022\/06\/Terrazza-IO-POSSO-Gallipoli-L.jpg\",\"keywords\":[\"Gallipoli\",\"San Foca\",\"sla\",\"Terrazza Io Posso\"],\"articleSection\":[\"LUOGHI\",\"Notizie\"],\"inLanguage\":\"it-IT\",\"potentialAction\":[{\"@type\":\"CommentAction\",\"name\":\"Comment\",\"target\":[\"https:\/\/arteeluoghi.it\/index.php\/2022\/05\/24\/la-terrazza-di-io-posso-dalladriatico-allo-ionio\/#respond\"]}]},{\"@type\":\"Person\",\"@id\":\"https:\/\/arteeluoghi.it\/#\/schema\/person\/f84e814e36e91e01448ee07eaadd41d4\",\"name\":\"Staff\",\"image\":{\"@type\":\"ImageObject\",\"@id\":\"https:\/\/arteeluoghi.it\/#personlogo\",\"inLanguage\":\"it-IT\",\"url\":\"https:\/\/secure.gravatar.com\/avatar\/49d2f9e46271bb04e19cebfaf141313a?s=96&d=blank&r=g\",\"contentUrl\":\"https:\/\/secure.gravatar.com\/avatar\/49d2f9e46271bb04e19cebfaf141313a?s=96&d=blank&r=g\",\"caption\":\"Staff\"}}]}<\/script>\n<!-- \/ Yoast SEO plugin. -->","yoast_head_json":{"title":"La \u201cTerrazza\u201d di IO POSSO dall'Adriatico allo Ionio | Arte e Luoghi","description":"Adesso La \u201cTerrazza\u201d di IO POSSO raddoppia nel Salento. L\u2019associazione 2HE-IO POSSO, dopo San Foca apre a Gallipoli","robots":{"index":"index","follow":"follow","max-snippet":"max-snippet:-1","max-image-preview":"max-image-preview:large","max-video-preview":"max-video-preview:-1"},"canonical":"https:\/\/arteeluoghi.it\/index.php\/2022\/05\/24\/la-terrazza-di-io-posso-dalladriatico-allo-ionio\/","og_locale":"it_IT","og_type":"article","og_title":"La \u201cTerrazza\u201d di IO POSSO dall'Adriatico allo Ionio | Arte e Luoghi","og_description":"Adesso La \u201cTerrazza\u201d di IO POSSO raddoppia nel Salento. L\u2019associazione 2HE-IO POSSO, dopo San Foca apre a Gallipoli","og_url":"https:\/\/arteeluoghi.it\/index.php\/2022\/05\/24\/la-terrazza-di-io-posso-dalladriatico-allo-ionio\/","og_site_name":"Arte e Luoghi","article_publisher":"https:\/\/www.facebook.com\/ArteELuoghi\/","article_published_time":"2022-05-24T19:09:00+00:00","article_modified_time":"2022-06-12T19:13:51+00:00","og_image":[{"width":1600,"height":1066,"url":"https:\/\/arteeluoghi.it\/wp-content\/uploads\/2022\/06\/Terrazza-IO-POSSO-Gallipoli-L.jpg","type":"image\/jpeg"}],"twitter_card":"summary","twitter_creator":"@arteeluoghi","twitter_site":"@arteeluoghi","twitter_misc":{"Scritto da":"Staff","Tempo di lettura stimato":"6 minuti"},"schema":{"@context":"https:\/\/schema.org","@graph":[{"@type":"Organization","@id":"https:\/\/arteeluoghi.it\/#organization","name":"Arte e Luoghi","url":"https:\/\/arteeluoghi.it\/","sameAs":["https:\/\/www.facebook.com\/ArteELuoghi\/","https:\/\/www.instagram.com\/arteeluoghi\/?hl=it","https:\/\/www.youtube.com\/channel\/UCuRVc4JW4-C5sg9rQB-srkw?view_as=subscriber","https:\/\/twitter.com\/arteeluoghi"],"logo":{"@type":"ImageObject","@id":"https:\/\/arteeluoghi.it\/#logo","inLanguage":"it-IT","url":"https:\/\/arteeluoghi.it\/wp-content\/uploads\/2018\/08\/logoinstagramarte.jpg","contentUrl":"https:\/\/arteeluoghi.it\/wp-content\/uploads\/2018\/08\/logoinstagramarte.jpg","width":150,"height":150,"caption":"Arte e Luoghi"},"image":{"@id":"https:\/\/arteeluoghi.it\/#logo"}},{"@type":"WebSite","@id":"https:\/\/arteeluoghi.it\/#website","url":"https:\/\/arteeluoghi.it\/","name":"Arte e Luoghi","description":"Mensile di arte, cultura, turismo e curiosit\u00e0","publisher":{"@id":"https:\/\/arteeluoghi.it\/#organization"},"potentialAction":[{"@type":"SearchAction","target":{"@type":"EntryPoint","urlTemplate":"https:\/\/arteeluoghi.it\/?s={search_term_string}"},"query-input":"required name=search_term_string"}],"inLanguage":"it-IT"},{"@type":"ImageObject","@id":"https:\/\/arteeluoghi.it\/index.php\/2022\/05\/24\/la-terrazza-di-io-posso-dalladriatico-allo-ionio\/#primaryimage","inLanguage":"it-IT","url":"https:\/\/arteeluoghi.it\/wp-content\/uploads\/2022\/06\/Terrazza-IO-POSSO-Gallipoli-L.jpg","contentUrl":"https:\/\/arteeluoghi.it\/wp-content\/uploads\/2022\/06\/Terrazza-IO-POSSO-Gallipoli-L.jpg","width":1600,"height":1066},{"@type":"WebPage","@id":"https:\/\/arteeluoghi.it\/index.php\/2022\/05\/24\/la-terrazza-di-io-posso-dalladriatico-allo-ionio\/#webpage","url":"https:\/\/arteeluoghi.it\/index.php\/2022\/05\/24\/la-terrazza-di-io-posso-dalladriatico-allo-ionio\/","name":"La \u201cTerrazza\u201d di IO POSSO dall'Adriatico allo Ionio | Arte e Luoghi","isPartOf":{"@id":"https:\/\/arteeluoghi.it\/#website"},"primaryImageOfPage":{"@id":"https:\/\/arteeluoghi.it\/index.php\/2022\/05\/24\/la-terrazza-di-io-posso-dalladriatico-allo-ionio\/#primaryimage"},"datePublished":"2022-05-24T19:09:00+00:00","dateModified":"2022-06-12T19:13:51+00:00","description":"Adesso La \u201cTerrazza\u201d di IO POSSO raddoppia nel Salento. L\u2019associazione 2HE-IO POSSO, dopo San Foca apre a Gallipoli","breadcrumb":{"@id":"https:\/\/arteeluoghi.it\/index.php\/2022\/05\/24\/la-terrazza-di-io-posso-dalladriatico-allo-ionio\/#breadcrumb"},"inLanguage":"it-IT","potentialAction":[{"@type":"ReadAction","target":["https:\/\/arteeluoghi.it\/index.php\/2022\/05\/24\/la-terrazza-di-io-posso-dalladriatico-allo-ionio\/"]}]},{"@type":"BreadcrumbList","@id":"https:\/\/arteeluoghi.it\/index.php\/2022\/05\/24\/la-terrazza-di-io-posso-dalladriatico-allo-ionio\/#breadcrumb","itemListElement":[{"@type":"ListItem","position":1,"name":"Home","item":"https:\/\/arteeluoghi.it\/"},{"@type":"ListItem","position":2,"name":"La \u201cTerrazza\u201d di IO POSSO dall&#8217;Adriatico allo Ionio"}]},{"@type":"Article","@id":"https:\/\/arteeluoghi.it\/index.php\/2022\/05\/24\/la-terrazza-di-io-posso-dalladriatico-allo-ionio\/#article","isPartOf":{"@id":"https:\/\/arteeluoghi.it\/index.php\/2022\/05\/24\/la-terrazza-di-io-posso-dalladriatico-allo-ionio\/#webpage"},"author":{"@id":"https:\/\/arteeluoghi.it\/#\/schema\/person\/f84e814e36e91e01448ee07eaadd41d4"},"headline":"La \u201cTerrazza\u201d di IO POSSO dall&#8217;Adriatico allo Ionio","datePublished":"2022-05-24T19:09:00+00:00","dateModified":"2022-06-12T19:13:51+00:00","mainEntityOfPage":{"@id":"https:\/\/arteeluoghi.it\/index.php\/2022\/05\/24\/la-terrazza-di-io-posso-dalladriatico-allo-ionio\/#webpage"},"wordCount":977,"commentCount":0,"publisher":{"@id":"https:\/\/arteeluoghi.it\/#organization"},"image":{"@id":"https:\/\/arteeluoghi.it\/index.php\/2022\/05\/24\/la-terrazza-di-io-posso-dalladriatico-allo-ionio\/#primaryimage"},"thumbnailUrl":"https:\/\/arteeluoghi.it\/wp-content\/uploads\/2022\/06\/Terrazza-IO-POSSO-Gallipoli-L.jpg","keywords":["Gallipoli","San Foca","sla","Terrazza Io Posso"],"articleSection":["LUOGHI","Notizie"],"inLanguage":"it-IT","potentialAction":[{"@type":"CommentAction","name":"Comment","target":["https:\/\/arteeluoghi.it\/index.php\/2022\/05\/24\/la-terrazza-di-io-posso-dalladriatico-allo-ionio\/#respond"]}]},{"@type":"Person","@id":"https:\/\/arteeluoghi.it\/#\/schema\/person\/f84e814e36e91e01448ee07eaadd41d4","name":"Staff","image":{"@type":"ImageObject","@id":"https:\/\/arteeluoghi.it\/#personlogo","inLanguage":"it-IT","url":"https:\/\/secure.gravatar.com\/avatar\/49d2f9e46271bb04e19cebfaf141313a?s=96&d=blank&r=g","contentUrl":"https:\/\/secure.gravatar.com\/avatar\/49d2f9e46271bb04e19cebfaf141313a?s=96&d=blank&r=g","caption":"Staff"}}]}},"_links":{"self":[{"href":"https:\/\/arteeluoghi.it\/index.php\/wp-json\/wp\/v2\/posts\/11377"}],"collection":[{"href":"https:\/\/arteeluoghi.it\/index.php\/wp-json\/wp\/v2\/posts"}],"about":[{"href":"https:\/\/arteeluoghi.it\/index.php\/wp-json\/wp\/v2\/types\/post"}],"author":[{"embeddable":true,"href":"https:\/\/arteeluoghi.it\/index.php\/wp-json\/wp\/v2\/users\/1"}],"replies":[{"embeddable":true,"href":"https:\/\/arteeluoghi.it\/index.php\/wp-json\/wp\/v2\/comments?post=11377"}],"version-history":[{"count":1,"href":"https:\/\/arteeluoghi.it\/index.php\/wp-json\/wp\/v2\/posts\/11377\/revisions"}],"predecessor-version":[{"id":11379,"href":"https:\/\/arteeluoghi.it\/index.php\/wp-json\/wp\/v2\/posts\/11377\/revisions\/11379"}],"wp:featuredmedia":[{"embeddable":true,"href":"https:\/\/arteeluoghi.it\/index.php\/wp-json\/wp\/v2\/media\/11378"}],"wp:attachment":[{"href":"https:\/\/arteeluoghi.it\/index.php\/wp-json\/wp\/v2\/media?parent=11377"}],"wp:term":[{"taxonomy":"category","embeddable":true,"href":"https:\/\/arteeluoghi.it\/index.php\/wp-json\/wp\/v2\/categories?post=11377"},{"taxonomy":"post_tag","embeddable":true,"href":"https:\/\/arteeluoghi.it\/index.php\/wp-json\/wp\/v2\/tags?post=11377"}],"curies":[{"name":"wp","href":"https:\/\/api.w.org\/{rel}","templated":true}]}}