{"id":11414,"date":"2022-06-28T23:01:09","date_gmt":"2022-06-28T21:01:09","guid":{"rendered":"https:\/\/arteeluoghi.it\/?p=11414"},"modified":"2022-06-28T23:18:52","modified_gmt":"2022-06-28T21:18:52","slug":"giuseppe-lisi-il-profumo-del-tempo","status":"publish","type":"post","link":"https:\/\/arteeluoghi.it\/index.php\/2022\/06\/28\/giuseppe-lisi-il-profumo-del-tempo\/","title":{"rendered":"Giuseppe Lisi. Il profumo del tempo"},"content":{"rendered":"\n<blockquote class=\"wp-block-quote\"><p>Una mostra nell&#8217;Accademia di Belle Arti di Lecce e una monografia per raccontare il percorso artistico tra il 1979 e il 2021 con svariate tecniche espressive: dalla pittura alla grafica, alla cartapesta, alla fotografia, all\u2019installazione<\/p><cite>Antonietta Fulvio<\/cite><\/blockquote>\n\n\n\n<p>All\u2019inizio c\u2019era il segno. Potrebbe essere questo \u2018incipit della storia artistica di Giuseppe Lisi raccontata, in estrema sintesi, nella mostra Il profumo del tempo a cura di Lucia Ghionna. L\u2019evento espositivo, in programma dal 29 giugno al 6 luglio, che far\u00e0 ritornare l\u2019artista tra gli spazi dell\u2019Accademia di Belle Arti di Lecce dove prima studente &#8211; allievo dei maetri Raffaele Spizzico, Mimmo Conenna e Rocco Coronese- poi docente ha insegnato per oltre quarant\u2019anni da titolare della cattedra di Decorazione. Gi\u00e0 la Decorazione che, nella definizione dell\u2019artista, \u00ab \u00e8 lo spazio di un foglio bianco, \u00e8 poesia, \u00e8 il segno danzante ospitato, \u00e8 l\u2019estensione dell\u2019anima che divien luce in questa contemporaneit\u00e0 galattica\u00bb. Con queste sue parole Giuseppe Lisi inquadra il suo agire artistico che contamina e si contamina di poesia, lasciando dialogare pittura, grafica, scultura e fotografia, divertendosi a utilizzare mezzi espressivi diversi e versatili.<\/p>\n\n\n\n<!--more-->\n\n\n\n<figure class=\"wp-block-image size-large\"><img loading=\"lazy\" width=\"768\" height=\"1024\" src=\"https:\/\/arteeluoghi.it\/wp-content\/uploads\/2022\/06\/3f4013e7-1b69-4888-ab3b-f478291cad8c-768x1024.jpg\" alt=\"\" class=\"wp-image-11415\" srcset=\"https:\/\/arteeluoghi.it\/wp-content\/uploads\/2022\/06\/3f4013e7-1b69-4888-ab3b-f478291cad8c-768x1024.jpg 768w, https:\/\/arteeluoghi.it\/wp-content\/uploads\/2022\/06\/3f4013e7-1b69-4888-ab3b-f478291cad8c-225x300.jpg 225w, https:\/\/arteeluoghi.it\/wp-content\/uploads\/2022\/06\/3f4013e7-1b69-4888-ab3b-f478291cad8c-1152x1536.jpg 1152w, https:\/\/arteeluoghi.it\/wp-content\/uploads\/2022\/06\/3f4013e7-1b69-4888-ab3b-f478291cad8c.jpg 1200w\" sizes=\"(max-width: 768px) 100vw, 768px\" \/><\/figure>\n\n\n\n<p><br>Nelle grafiche, il segno dell\u2019artista si fa albero, corolla, vento. Evoca luoghi cari del suo Salento, Nard\u00f2, Porto Badisco, perdendosi tra le chiome degli ulivi e le onde del mare ingrossate dal vento. O ancora traccia i contorni di figure animali, di frutti selvatici o di oggetti come le anfore che rimandano ad un tempo antico come suggeriscono talvolta le frasi, spesso titoli delle opere, che entrano nella composizione pittorica. Tele, delicati acquerelli o incisioni, l\u2019artista riesce con disinvoltura ad affrontare su piccole o grandi superfici un tema che rimanda al rapporto uomo Natura. \u00c8 sempre il creato con tutte le specie viventi, il paesaggio che diventa anche memoria e identit\u00e0 culturale il soggetto della sua narrazione che affascina il fruitore ponendolo davanti ad una produzione artistica inscindibile dal suo contenuto etico.<br>E se le grafiche, le incisioni profumano di arcaico, con la fotografia, altro mezzo a lui congeniale, utilizzata per creare in tempi non sospetti la dia installazione, l\u2019immagine \u201cvirtuale\u201d riporta il tempo nella contemporaneit\u00e0 e, in un clic, fa coincidere lo spazio dell\u2019opera con quella del fruitore. Immagini rubate alla natura rivivono nei rossi e nei blu di corpi che si trasformano e allora pu\u00f2 succedere che le flessuose canne diventino le onde sinuose del mare. Come le immagini del progetto \u201cDall\u2019Amazzonia a Porto Selvaggio &#8211; exursus fotografico che cattura percezioni di un microcosmo invisibile, segni di poetiche visioni che suggeriscono pensieri altrettanto suggestivi.<br>La creativit\u00e0 del segno-disegno che si fa immagine, forma e colore \u00e8 assoluta. E pu\u00f2 capitare che quelle immagini finiscano per essere proiettate sulle littorine dismesse non pi\u00f9 veicoli ma icone del passato come accadde in occasione della rassegna \u201cKontemporanea\u201d (organizzata dall\u2019associazione Raggio Verde) in quel luogo destinato a divenire Museo Ferroviario di Lecce all\u2019alba del 2000.<br>Il legame di Giuseppe Lisi con la propria terra \u00e8 profondamente radicato ed incide anche sulla scelta dei materiali scelti per le sue creazioni. La cartapesta, espressione di un\u2019antica tradizione e della memoria del territorio diventa materia che si dilata e si frantuma. Le mani dell\u2019artista la plasmano e, sul fondo bianco, vi incide i suoi segni. Acrilici neri che richiamano grovigli, rami e corolle di fiori e che evidenziano le spigolosit\u00e0, simbolo di una terra difficile. Ci\u00f2 che ancora persiste e resiste di quel meraviglioso paesaggio che la Natura ci ha offerto e continua ad offrire con generosit\u00e0. Doni preziosi vanificati dall\u2019egoismo umano. Nel bianco e nero, istantaneo il richiamo alla fotografia, \u00e8 rappresentato il dualismo della natura: quell\u2019eterno gioco di contrasti che \u00e8 notte e giorno, luce ed ombra, vita e morte, eterna lotta tra Bene e Male.<\/p>\n\n\n\n<figure class=\"wp-block-image size-large\"><img loading=\"lazy\" width=\"768\" height=\"1024\" src=\"https:\/\/arteeluoghi.it\/wp-content\/uploads\/2022\/06\/a50685f9-a636-454f-85eb-72222855c83c-768x1024.jpg\" alt=\"\" class=\"wp-image-11416\" srcset=\"https:\/\/arteeluoghi.it\/wp-content\/uploads\/2022\/06\/a50685f9-a636-454f-85eb-72222855c83c-768x1024.jpg 768w, https:\/\/arteeluoghi.it\/wp-content\/uploads\/2022\/06\/a50685f9-a636-454f-85eb-72222855c83c-225x300.jpg 225w, https:\/\/arteeluoghi.it\/wp-content\/uploads\/2022\/06\/a50685f9-a636-454f-85eb-72222855c83c-1152x1536.jpg 1152w, https:\/\/arteeluoghi.it\/wp-content\/uploads\/2022\/06\/a50685f9-a636-454f-85eb-72222855c83c.jpg 1200w\" sizes=\"(max-width: 768px) 100vw, 768px\" \/><\/figure>\n\n\n\n<p><br>Realizzate nel \u201997 queste sculture i totem di Profumo della Macchia mediterranea sono state esposte al Museo della Permanente di Milano e poi nella Pinacoteca di Bari nell\u2019ambito della mostra \u201cArte pi\u00f9 critica\u201d a cura di Carlo Presicci e Mimmo Conenna. E poi nella libreria Feltrinelli e nella sede dell\u2019ex Convento agli Olivetani di Lecce per \u201cPoesia della terra\u201d la rassegna curata di Giuseppe Rizzo.<br>Nella Galleria dell\u2019Accademia sar\u00e0 presente in una teca un totem inedito, emblematico il titolo \u201cLa cellina di Nard\u00f2 oro del pane nel tempo alla natura ultima del Salento\u201d. Il richiamo alla desolazione di certi paesaggi dilaniati dalla xylella \u00e8 inevitabile. Cos\u00ec come la considerazione sull\u2019agire dannoso dell\u2019uomo capace di sconvolgere equilibri naturali che andrebbero strenuamente difesi. La scultura modellata, sempre in cartapesta, \u00e8 bianca in segno di speranza ci rivela lo stesso Lisi. Perch\u00e9 si possa e si deve invertire la rotta. E meditare su quella distanza di cui parla Antonio Preite che \u00abla nostra civilt\u00e0 ha messo tra le sue affannose fantasmagorie e la vita della natura, il suo ritmo, i suoi silenzi, le sue voci.\u00bb. Una distanza che va azzerata, colmata di senso, prima che sia troppo tardi.<br>Accompagna la mostra, l\u2019omonimo catalogo edito da Il Raggio Verde e curato da Gianluca Russo che scrive \u00abLisi affronta il suo lavoro con la consapevolezza che il silenzio della terra possa, un giorno, raccontarci delle emozioni da vivere nel presente. Risulta evidente come l\u2019intento sia proprio quello di congelare il profumo del tempo per preservarne il ricordo.\u00bb<\/p>\n","protected":false},"excerpt":{"rendered":"<p>Una mostra nell&#8217;Accademia di Belle Arti di Lecce e una monografia per raccontare il percorso artistico tra il 1979 e<\/p>\n","protected":false},"author":1,"featured_media":0,"comment_status":"open","ping_status":"open","sticky":true,"template":"","format":"standard","meta":[],"categories":[3,6],"tags":[1688,234,4149,74,133,307],"yoast_head":"<!-- This site is optimized with the Yoast SEO plugin v18.0 - https:\/\/yoast.com\/wordpress\/plugins\/seo\/ -->\n<title>Giuseppe Lisi. Il profumo del tempo | Arte e Luoghi<\/title>\n<meta name=\"description\" content=\"Una mostra nell&#039;Accademia di Belle Arti di Lecce e una monografia per raccontare il percorso artistico tra il 1979 e il 2021\" \/>\n<meta name=\"robots\" content=\"index, follow, max-snippet:-1, max-image-preview:large, max-video-preview:-1\" \/>\n<link rel=\"canonical\" href=\"https:\/\/arteeluoghi.it\/index.php\/2022\/06\/28\/giuseppe-lisi-il-profumo-del-tempo\/\" \/>\n<meta property=\"og:locale\" content=\"it_IT\" \/>\n<meta property=\"og:type\" content=\"article\" \/>\n<meta property=\"og:title\" content=\"Giuseppe Lisi. Il profumo del tempo | Arte e Luoghi\" \/>\n<meta property=\"og:description\" content=\"Una mostra nell&#039;Accademia di Belle Arti di Lecce e una monografia per raccontare il percorso artistico tra il 1979 e il 2021\" \/>\n<meta property=\"og:url\" content=\"https:\/\/arteeluoghi.it\/index.php\/2022\/06\/28\/giuseppe-lisi-il-profumo-del-tempo\/\" \/>\n<meta property=\"og:site_name\" content=\"Arte e Luoghi\" \/>\n<meta property=\"article:publisher\" content=\"https:\/\/www.facebook.com\/ArteELuoghi\/\" \/>\n<meta property=\"article:published_time\" content=\"2022-06-28T21:01:09+00:00\" \/>\n<meta property=\"article:modified_time\" content=\"2022-06-28T21:18:52+00:00\" \/>\n<meta property=\"og:image\" content=\"https:\/\/arteeluoghi.it\/wp-content\/uploads\/2022\/06\/3f4013e7-1b69-4888-ab3b-f478291cad8c-768x1024.jpg\" \/>\n<meta name=\"twitter:card\" content=\"summary\" \/>\n<meta name=\"twitter:creator\" content=\"@arteeluoghi\" \/>\n<meta name=\"twitter:site\" content=\"@arteeluoghi\" \/>\n<meta name=\"twitter:label1\" content=\"Scritto da\" \/>\n\t<meta name=\"twitter:data1\" content=\"Staff\" \/>\n\t<meta name=\"twitter:label2\" content=\"Tempo di lettura stimato\" \/>\n\t<meta name=\"twitter:data2\" content=\"5 minuti\" \/>\n<script type=\"application\/ld+json\" class=\"yoast-schema-graph\">{\"@context\":\"https:\/\/schema.org\",\"@graph\":[{\"@type\":\"Organization\",\"@id\":\"https:\/\/arteeluoghi.it\/#organization\",\"name\":\"Arte e Luoghi\",\"url\":\"https:\/\/arteeluoghi.it\/\",\"sameAs\":[\"https:\/\/www.facebook.com\/ArteELuoghi\/\",\"https:\/\/www.instagram.com\/arteeluoghi\/?hl=it\",\"https:\/\/www.youtube.com\/channel\/UCuRVc4JW4-C5sg9rQB-srkw?view_as=subscriber\",\"https:\/\/twitter.com\/arteeluoghi\"],\"logo\":{\"@type\":\"ImageObject\",\"@id\":\"https:\/\/arteeluoghi.it\/#logo\",\"inLanguage\":\"it-IT\",\"url\":\"https:\/\/arteeluoghi.it\/wp-content\/uploads\/2018\/08\/logoinstagramarte.jpg\",\"contentUrl\":\"https:\/\/arteeluoghi.it\/wp-content\/uploads\/2018\/08\/logoinstagramarte.jpg\",\"width\":150,\"height\":150,\"caption\":\"Arte e Luoghi\"},\"image\":{\"@id\":\"https:\/\/arteeluoghi.it\/#logo\"}},{\"@type\":\"WebSite\",\"@id\":\"https:\/\/arteeluoghi.it\/#website\",\"url\":\"https:\/\/arteeluoghi.it\/\",\"name\":\"Arte e Luoghi\",\"description\":\"Mensile di arte, cultura, turismo e curiosit\u00e0\",\"publisher\":{\"@id\":\"https:\/\/arteeluoghi.it\/#organization\"},\"potentialAction\":[{\"@type\":\"SearchAction\",\"target\":{\"@type\":\"EntryPoint\",\"urlTemplate\":\"https:\/\/arteeluoghi.it\/?s={search_term_string}\"},\"query-input\":\"required name=search_term_string\"}],\"inLanguage\":\"it-IT\"},{\"@type\":\"ImageObject\",\"@id\":\"https:\/\/arteeluoghi.it\/index.php\/2022\/06\/28\/giuseppe-lisi-il-profumo-del-tempo\/#primaryimage\",\"inLanguage\":\"it-IT\",\"url\":\"https:\/\/arteeluoghi.it\/wp-content\/uploads\/2022\/06\/3f4013e7-1b69-4888-ab3b-f478291cad8c.jpg\",\"contentUrl\":\"https:\/\/arteeluoghi.it\/wp-content\/uploads\/2022\/06\/3f4013e7-1b69-4888-ab3b-f478291cad8c.jpg\",\"width\":1200,\"height\":1600},{\"@type\":\"WebPage\",\"@id\":\"https:\/\/arteeluoghi.it\/index.php\/2022\/06\/28\/giuseppe-lisi-il-profumo-del-tempo\/#webpage\",\"url\":\"https:\/\/arteeluoghi.it\/index.php\/2022\/06\/28\/giuseppe-lisi-il-profumo-del-tempo\/\",\"name\":\"Giuseppe Lisi. Il profumo del tempo | Arte e Luoghi\",\"isPartOf\":{\"@id\":\"https:\/\/arteeluoghi.it\/#website\"},\"primaryImageOfPage\":{\"@id\":\"https:\/\/arteeluoghi.it\/index.php\/2022\/06\/28\/giuseppe-lisi-il-profumo-del-tempo\/#primaryimage\"},\"datePublished\":\"2022-06-28T21:01:09+00:00\",\"dateModified\":\"2022-06-28T21:18:52+00:00\",\"description\":\"Una mostra nell'Accademia di Belle Arti di Lecce e una monografia per raccontare il percorso artistico tra il 1979 e il 2021\",\"breadcrumb\":{\"@id\":\"https:\/\/arteeluoghi.it\/index.php\/2022\/06\/28\/giuseppe-lisi-il-profumo-del-tempo\/#breadcrumb\"},\"inLanguage\":\"it-IT\",\"potentialAction\":[{\"@type\":\"ReadAction\",\"target\":[\"https:\/\/arteeluoghi.it\/index.php\/2022\/06\/28\/giuseppe-lisi-il-profumo-del-tempo\/\"]}]},{\"@type\":\"BreadcrumbList\",\"@id\":\"https:\/\/arteeluoghi.it\/index.php\/2022\/06\/28\/giuseppe-lisi-il-profumo-del-tempo\/#breadcrumb\",\"itemListElement\":[{\"@type\":\"ListItem\",\"position\":1,\"name\":\"Home\",\"item\":\"https:\/\/arteeluoghi.it\/\"},{\"@type\":\"ListItem\",\"position\":2,\"name\":\"Giuseppe Lisi. Il profumo del tempo\"}]},{\"@type\":\"Article\",\"@id\":\"https:\/\/arteeluoghi.it\/index.php\/2022\/06\/28\/giuseppe-lisi-il-profumo-del-tempo\/#article\",\"isPartOf\":{\"@id\":\"https:\/\/arteeluoghi.it\/index.php\/2022\/06\/28\/giuseppe-lisi-il-profumo-del-tempo\/#webpage\"},\"author\":{\"@id\":\"https:\/\/arteeluoghi.it\/#\/schema\/person\/f84e814e36e91e01448ee07eaadd41d4\"},\"headline\":\"Giuseppe Lisi. Il profumo del tempo\",\"datePublished\":\"2022-06-28T21:01:09+00:00\",\"dateModified\":\"2022-06-28T21:18:52+00:00\",\"mainEntityOfPage\":{\"@id\":\"https:\/\/arteeluoghi.it\/index.php\/2022\/06\/28\/giuseppe-lisi-il-profumo-del-tempo\/#webpage\"},\"wordCount\":881,\"commentCount\":0,\"publisher\":{\"@id\":\"https:\/\/arteeluoghi.it\/#organization\"},\"image\":{\"@id\":\"https:\/\/arteeluoghi.it\/index.php\/2022\/06\/28\/giuseppe-lisi-il-profumo-del-tempo\/#primaryimage\"},\"thumbnailUrl\":\"https:\/\/arteeluoghi.it\/wp-content\/uploads\/2022\/06\/3f4013e7-1b69-4888-ab3b-f478291cad8c-768x1024.jpg\",\"keywords\":[\"Accademia di Belle Arti di Lecce\",\"arte\",\"Giuseppe Lisi\",\"Il Raggio Verde\",\"pittura\",\"scultura\"],\"articleSection\":[\"Arti visive\",\"Scultura\"],\"inLanguage\":\"it-IT\",\"potentialAction\":[{\"@type\":\"CommentAction\",\"name\":\"Comment\",\"target\":[\"https:\/\/arteeluoghi.it\/index.php\/2022\/06\/28\/giuseppe-lisi-il-profumo-del-tempo\/#respond\"]}]},{\"@type\":\"Person\",\"@id\":\"https:\/\/arteeluoghi.it\/#\/schema\/person\/f84e814e36e91e01448ee07eaadd41d4\",\"name\":\"Staff\",\"image\":{\"@type\":\"ImageObject\",\"@id\":\"https:\/\/arteeluoghi.it\/#personlogo\",\"inLanguage\":\"it-IT\",\"url\":\"https:\/\/secure.gravatar.com\/avatar\/49d2f9e46271bb04e19cebfaf141313a?s=96&d=blank&r=g\",\"contentUrl\":\"https:\/\/secure.gravatar.com\/avatar\/49d2f9e46271bb04e19cebfaf141313a?s=96&d=blank&r=g\",\"caption\":\"Staff\"}}]}<\/script>\n<!-- \/ Yoast SEO plugin. -->","yoast_head_json":{"title":"Giuseppe Lisi. Il profumo del tempo | Arte e Luoghi","description":"Una mostra nell'Accademia di Belle Arti di Lecce e una monografia per raccontare il percorso artistico tra il 1979 e il 2021","robots":{"index":"index","follow":"follow","max-snippet":"max-snippet:-1","max-image-preview":"max-image-preview:large","max-video-preview":"max-video-preview:-1"},"canonical":"https:\/\/arteeluoghi.it\/index.php\/2022\/06\/28\/giuseppe-lisi-il-profumo-del-tempo\/","og_locale":"it_IT","og_type":"article","og_title":"Giuseppe Lisi. Il profumo del tempo | Arte e Luoghi","og_description":"Una mostra nell'Accademia di Belle Arti di Lecce e una monografia per raccontare il percorso artistico tra il 1979 e il 2021","og_url":"https:\/\/arteeluoghi.it\/index.php\/2022\/06\/28\/giuseppe-lisi-il-profumo-del-tempo\/","og_site_name":"Arte e Luoghi","article_publisher":"https:\/\/www.facebook.com\/ArteELuoghi\/","article_published_time":"2022-06-28T21:01:09+00:00","article_modified_time":"2022-06-28T21:18:52+00:00","og_image":[{"url":"https:\/\/arteeluoghi.it\/wp-content\/uploads\/2022\/06\/3f4013e7-1b69-4888-ab3b-f478291cad8c-768x1024.jpg"}],"twitter_card":"summary","twitter_creator":"@arteeluoghi","twitter_site":"@arteeluoghi","twitter_misc":{"Scritto da":"Staff","Tempo di lettura stimato":"5 minuti"},"schema":{"@context":"https:\/\/schema.org","@graph":[{"@type":"Organization","@id":"https:\/\/arteeluoghi.it\/#organization","name":"Arte e Luoghi","url":"https:\/\/arteeluoghi.it\/","sameAs":["https:\/\/www.facebook.com\/ArteELuoghi\/","https:\/\/www.instagram.com\/arteeluoghi\/?hl=it","https:\/\/www.youtube.com\/channel\/UCuRVc4JW4-C5sg9rQB-srkw?view_as=subscriber","https:\/\/twitter.com\/arteeluoghi"],"logo":{"@type":"ImageObject","@id":"https:\/\/arteeluoghi.it\/#logo","inLanguage":"it-IT","url":"https:\/\/arteeluoghi.it\/wp-content\/uploads\/2018\/08\/logoinstagramarte.jpg","contentUrl":"https:\/\/arteeluoghi.it\/wp-content\/uploads\/2018\/08\/logoinstagramarte.jpg","width":150,"height":150,"caption":"Arte e Luoghi"},"image":{"@id":"https:\/\/arteeluoghi.it\/#logo"}},{"@type":"WebSite","@id":"https:\/\/arteeluoghi.it\/#website","url":"https:\/\/arteeluoghi.it\/","name":"Arte e Luoghi","description":"Mensile di arte, cultura, turismo e curiosit\u00e0","publisher":{"@id":"https:\/\/arteeluoghi.it\/#organization"},"potentialAction":[{"@type":"SearchAction","target":{"@type":"EntryPoint","urlTemplate":"https:\/\/arteeluoghi.it\/?s={search_term_string}"},"query-input":"required name=search_term_string"}],"inLanguage":"it-IT"},{"@type":"ImageObject","@id":"https:\/\/arteeluoghi.it\/index.php\/2022\/06\/28\/giuseppe-lisi-il-profumo-del-tempo\/#primaryimage","inLanguage":"it-IT","url":"https:\/\/arteeluoghi.it\/wp-content\/uploads\/2022\/06\/3f4013e7-1b69-4888-ab3b-f478291cad8c.jpg","contentUrl":"https:\/\/arteeluoghi.it\/wp-content\/uploads\/2022\/06\/3f4013e7-1b69-4888-ab3b-f478291cad8c.jpg","width":1200,"height":1600},{"@type":"WebPage","@id":"https:\/\/arteeluoghi.it\/index.php\/2022\/06\/28\/giuseppe-lisi-il-profumo-del-tempo\/#webpage","url":"https:\/\/arteeluoghi.it\/index.php\/2022\/06\/28\/giuseppe-lisi-il-profumo-del-tempo\/","name":"Giuseppe Lisi. Il profumo del tempo | Arte e Luoghi","isPartOf":{"@id":"https:\/\/arteeluoghi.it\/#website"},"primaryImageOfPage":{"@id":"https:\/\/arteeluoghi.it\/index.php\/2022\/06\/28\/giuseppe-lisi-il-profumo-del-tempo\/#primaryimage"},"datePublished":"2022-06-28T21:01:09+00:00","dateModified":"2022-06-28T21:18:52+00:00","description":"Una mostra nell'Accademia di Belle Arti di Lecce e una monografia per raccontare il percorso artistico tra il 1979 e il 2021","breadcrumb":{"@id":"https:\/\/arteeluoghi.it\/index.php\/2022\/06\/28\/giuseppe-lisi-il-profumo-del-tempo\/#breadcrumb"},"inLanguage":"it-IT","potentialAction":[{"@type":"ReadAction","target":["https:\/\/arteeluoghi.it\/index.php\/2022\/06\/28\/giuseppe-lisi-il-profumo-del-tempo\/"]}]},{"@type":"BreadcrumbList","@id":"https:\/\/arteeluoghi.it\/index.php\/2022\/06\/28\/giuseppe-lisi-il-profumo-del-tempo\/#breadcrumb","itemListElement":[{"@type":"ListItem","position":1,"name":"Home","item":"https:\/\/arteeluoghi.it\/"},{"@type":"ListItem","position":2,"name":"Giuseppe Lisi. Il profumo del tempo"}]},{"@type":"Article","@id":"https:\/\/arteeluoghi.it\/index.php\/2022\/06\/28\/giuseppe-lisi-il-profumo-del-tempo\/#article","isPartOf":{"@id":"https:\/\/arteeluoghi.it\/index.php\/2022\/06\/28\/giuseppe-lisi-il-profumo-del-tempo\/#webpage"},"author":{"@id":"https:\/\/arteeluoghi.it\/#\/schema\/person\/f84e814e36e91e01448ee07eaadd41d4"},"headline":"Giuseppe Lisi. Il profumo del tempo","datePublished":"2022-06-28T21:01:09+00:00","dateModified":"2022-06-28T21:18:52+00:00","mainEntityOfPage":{"@id":"https:\/\/arteeluoghi.it\/index.php\/2022\/06\/28\/giuseppe-lisi-il-profumo-del-tempo\/#webpage"},"wordCount":881,"commentCount":0,"publisher":{"@id":"https:\/\/arteeluoghi.it\/#organization"},"image":{"@id":"https:\/\/arteeluoghi.it\/index.php\/2022\/06\/28\/giuseppe-lisi-il-profumo-del-tempo\/#primaryimage"},"thumbnailUrl":"https:\/\/arteeluoghi.it\/wp-content\/uploads\/2022\/06\/3f4013e7-1b69-4888-ab3b-f478291cad8c-768x1024.jpg","keywords":["Accademia di Belle Arti di Lecce","arte","Giuseppe Lisi","Il Raggio Verde","pittura","scultura"],"articleSection":["Arti visive","Scultura"],"inLanguage":"it-IT","potentialAction":[{"@type":"CommentAction","name":"Comment","target":["https:\/\/arteeluoghi.it\/index.php\/2022\/06\/28\/giuseppe-lisi-il-profumo-del-tempo\/#respond"]}]},{"@type":"Person","@id":"https:\/\/arteeluoghi.it\/#\/schema\/person\/f84e814e36e91e01448ee07eaadd41d4","name":"Staff","image":{"@type":"ImageObject","@id":"https:\/\/arteeluoghi.it\/#personlogo","inLanguage":"it-IT","url":"https:\/\/secure.gravatar.com\/avatar\/49d2f9e46271bb04e19cebfaf141313a?s=96&d=blank&r=g","contentUrl":"https:\/\/secure.gravatar.com\/avatar\/49d2f9e46271bb04e19cebfaf141313a?s=96&d=blank&r=g","caption":"Staff"}}]}},"_links":{"self":[{"href":"https:\/\/arteeluoghi.it\/index.php\/wp-json\/wp\/v2\/posts\/11414"}],"collection":[{"href":"https:\/\/arteeluoghi.it\/index.php\/wp-json\/wp\/v2\/posts"}],"about":[{"href":"https:\/\/arteeluoghi.it\/index.php\/wp-json\/wp\/v2\/types\/post"}],"author":[{"embeddable":true,"href":"https:\/\/arteeluoghi.it\/index.php\/wp-json\/wp\/v2\/users\/1"}],"replies":[{"embeddable":true,"href":"https:\/\/arteeluoghi.it\/index.php\/wp-json\/wp\/v2\/comments?post=11414"}],"version-history":[{"count":2,"href":"https:\/\/arteeluoghi.it\/index.php\/wp-json\/wp\/v2\/posts\/11414\/revisions"}],"predecessor-version":[{"id":11418,"href":"https:\/\/arteeluoghi.it\/index.php\/wp-json\/wp\/v2\/posts\/11414\/revisions\/11418"}],"wp:attachment":[{"href":"https:\/\/arteeluoghi.it\/index.php\/wp-json\/wp\/v2\/media?parent=11414"}],"wp:term":[{"taxonomy":"category","embeddable":true,"href":"https:\/\/arteeluoghi.it\/index.php\/wp-json\/wp\/v2\/categories?post=11414"},{"taxonomy":"post_tag","embeddable":true,"href":"https:\/\/arteeluoghi.it\/index.php\/wp-json\/wp\/v2\/tags?post=11414"}],"curies":[{"name":"wp","href":"https:\/\/api.w.org\/{rel}","templated":true}]}}