{"id":1143,"date":"2013-05-19T21:11:25","date_gmt":"2013-05-19T19:11:25","guid":{"rendered":"http:\/\/arteeluoghi.it\/index.php\/2013\/05\/19\/il-mito-della-poesia-visiva-in-un-video\/"},"modified":"2013-05-19T21:11:25","modified_gmt":"2013-05-19T19:11:25","slug":"il-mito-della-poesia-visiva-in-un-video","status":"publish","type":"post","link":"https:\/\/arteeluoghi.it\/index.php\/2013\/05\/19\/il-mito-della-poesia-visiva-in-un-video\/","title":{"rendered":"Il mito della poesia visiva in un video"},"content":{"rendered":"<p><img src=\"\/images\/locandina_video.jpg\" border=\"0\" title=\"la locandina del video\" width=\"300\" style=\"margin: 21px; float: left;\" \/>Il video SAL \u00a0SAL INA \u00a0SALENTO, il mito della Poesia Visiva \u00a0(a cura di Salvatore Luperto con la collaborazione di Giovanni Giangrande, Liliana Ebalginelli e Biagio Putignano) sar\u00e0 presentato il 22 Maggio 2013 alle ore 17, presso l&#8217;Accademia BB. AA. di Brera di Milano<\/p>\n<p>\u00a0<\/p>\n<p><span style=\"font-size: small;\"><strong>\u201cSAL-SAL-INA-SAL-ENTO\u201d. Il mito della poesia visiva<\/strong><\/span><\/p>\n<p>di Lamberto Pignotti<\/p>\n<p>\u00a0<\/p>\n<p>\u00a0\u00a0 Da quando la poesia ha iniziato a sconfinare dalla pagina, da quando la poesia si \u00e8 messa a evadere dal libro, da quando la poesia ha voluto dichiaratamente confrontarsi e coniugarsi con \u00a0l\u2019immagine, da quando insomma la poesia, voltate le spalle alla parola che la voleva tutta per s\u00e9 in una sorta di matrimonio indissolubile, si \u00e8 rivelata agli occhi di tutti anche nelle forme attraenti di \u201cpoesia visiva&#8221;, la poesia ha cominciato a correre in tutte le direzioni, a frequentare i pi\u00f9 diversi \u00a0luoghi: gallerie d&#8217;arte, locali notturni, piazze di festival, pasticcerie, biblioteche, accademie, vie cittadine, caff\u00e8 letterari , aule universitarie, scuole di vario ordine e grado, librerie, case del popolo, sagrati di cattedrale, aule magne, \u00a0antri di una qualche sibilla, \u00a0musei, chiostri, saloni d\u2019albergo, scantinati, ridotti, chiese consacrate e sconsacrate, studi televisivi, teatri\u2026<\/p>\n<p>  <!--more-->  <\/p>\n<p>\u00a0<\/p>\n<p>\u00a0\u00a0 Correndo in tutte le direzioni, frequentando i pi\u00f9 diversi luoghi, la poesia visiva, insieme alla sua reale immagine \u00e8 andata assumendo anche, nel corso ormai di mezzo secolo &#8211; dati alla mano essa \u00e8 nata ufficialmente nel 1963 &#8211; una immagine che ha del mitologico.<\/p>\n<p>\u00a0\u00a0 \u00a0Ed \u00e8 proprio una tale immagine mitologica che viene ora a suggerire, a evocare con gradevoli, sfumate suggestioni, questo video,\u00a0 SAL-SAL-INA-SAL-ENTO, di S.Luperto, G. Giangrande, L.Ebalginelli e B.Putignano, dove con ben dosati pizzichi di sale\u00a0 si incontrano, si scontrano, si affiancano, \u00a0si rincorrono, si intrecciano, si moltiplicano, si esaltano, scritture e screpolature, graffi e graffitii, segni e segnali, superfici e impronte, apparizioni e dissolvenze, il visibile e l\u2019invisibile, l\u2019assenza e la presenza\u2026<\/p>\n<p>\u00a0\u00a0 S\u00ec, \u00e8 stato davvero importante aver rilevato qui esplicitamente &#8211; \u00a0attraverso le opere di vari e validi autori in cui ansia di ricerca e attestato di classicit\u00e0 si fondono &#8211; \u00a0il visibile dell\u2019invisibile, l&#8217;assenza che si fa presenza, della poesia visiva, \u00a0\u00a0una forma di arte che lungi dall\u2019esibirsi come aggressiva nei materiali e ingombrante nelle dimensioni,\u00a0 appare agli occhi che sanno vedere con tutta la sua carica di innovazione, diversit\u00e0, alterit\u00e0.<\/p>\n<p>\u00a0\u00a0 Il mito che aleggia in questa suggestiva rincorsa di immagini \u00a0\u00e8 quello che ha ben inteso \u00a0come la poesia\u00a0 visiva, fin dai suoi esordi, sappia risplendere anche per la sua assenza:\u00a0 prendendo le distanze dall\u2019arte ufficiale, essa non ha mai creduto alla morte dell\u2019arte, mettendo in crisi la poesia \u00a0convenzionale , essa non ha mai creduto alla crisi della poesia.<\/p>\n","protected":false},"excerpt":{"rendered":"<p>Il video SAL \u00a0SAL INA \u00a0SALENTO, il mito della Poesia Visiva \u00a0(a cura di Salvatore Luperto con la collaborazione di<\/p>\n","protected":false},"author":1,"featured_media":0,"comment_status":"open","ping_status":"open","sticky":false,"template":"","format":"standard","meta":[],"categories":[3],"tags":[],"yoast_head":"<!-- This site is optimized with the Yoast SEO plugin v18.0 - https:\/\/yoast.com\/wordpress\/plugins\/seo\/ -->\n<title>Il mito della poesia visiva in un video | Arte e Luoghi<\/title>\n<meta name=\"robots\" content=\"index, follow, max-snippet:-1, max-image-preview:large, max-video-preview:-1\" \/>\n<link rel=\"canonical\" href=\"https:\/\/arteeluoghi.it\/index.php\/2013\/05\/19\/il-mito-della-poesia-visiva-in-un-video\/\" \/>\n<meta property=\"og:locale\" content=\"it_IT\" \/>\n<meta property=\"og:type\" content=\"article\" \/>\n<meta property=\"og:title\" content=\"Il mito della poesia visiva in un video | Arte e Luoghi\" \/>\n<meta property=\"og:description\" content=\"Il video SAL \u00a0SAL INA \u00a0SALENTO, il mito della Poesia Visiva \u00a0(a cura di Salvatore Luperto con la collaborazione di\" \/>\n<meta property=\"og:url\" content=\"https:\/\/arteeluoghi.it\/index.php\/2013\/05\/19\/il-mito-della-poesia-visiva-in-un-video\/\" \/>\n<meta property=\"og:site_name\" content=\"Arte e Luoghi\" \/>\n<meta property=\"article:publisher\" content=\"https:\/\/www.facebook.com\/ArteELuoghi\/\" \/>\n<meta property=\"article:published_time\" content=\"2013-05-19T19:11:25+00:00\" \/>\n<meta property=\"og:image\" content=\"https:\/\/arteeluoghi.it\/images\/locandina_video.jpg\" \/>\n<meta name=\"twitter:card\" content=\"summary\" \/>\n<meta name=\"twitter:creator\" content=\"@arteeluoghi\" \/>\n<meta name=\"twitter:site\" content=\"@arteeluoghi\" \/>\n<meta name=\"twitter:label1\" content=\"Scritto da\" \/>\n\t<meta name=\"twitter:data1\" content=\"Staff\" \/>\n\t<meta name=\"twitter:label2\" content=\"Tempo di lettura stimato\" \/>\n\t<meta name=\"twitter:data2\" content=\"2 minuti\" \/>\n<script type=\"application\/ld+json\" class=\"yoast-schema-graph\">{\"@context\":\"https:\/\/schema.org\",\"@graph\":[{\"@type\":\"Organization\",\"@id\":\"https:\/\/arteeluoghi.it\/#organization\",\"name\":\"Arte e Luoghi\",\"url\":\"https:\/\/arteeluoghi.it\/\",\"sameAs\":[\"https:\/\/www.facebook.com\/ArteELuoghi\/\",\"https:\/\/www.instagram.com\/arteeluoghi\/?hl=it\",\"https:\/\/www.youtube.com\/channel\/UCuRVc4JW4-C5sg9rQB-srkw?view_as=subscriber\",\"https:\/\/twitter.com\/arteeluoghi\"],\"logo\":{\"@type\":\"ImageObject\",\"@id\":\"https:\/\/arteeluoghi.it\/#logo\",\"inLanguage\":\"it-IT\",\"url\":\"https:\/\/arteeluoghi.it\/wp-content\/uploads\/2018\/08\/logoinstagramarte.jpg\",\"contentUrl\":\"https:\/\/arteeluoghi.it\/wp-content\/uploads\/2018\/08\/logoinstagramarte.jpg\",\"width\":150,\"height\":150,\"caption\":\"Arte e Luoghi\"},\"image\":{\"@id\":\"https:\/\/arteeluoghi.it\/#logo\"}},{\"@type\":\"WebSite\",\"@id\":\"https:\/\/arteeluoghi.it\/#website\",\"url\":\"https:\/\/arteeluoghi.it\/\",\"name\":\"Arte e Luoghi\",\"description\":\"Mensile di arte, cultura, turismo e curiosit\u00e0\",\"publisher\":{\"@id\":\"https:\/\/arteeluoghi.it\/#organization\"},\"potentialAction\":[{\"@type\":\"SearchAction\",\"target\":{\"@type\":\"EntryPoint\",\"urlTemplate\":\"https:\/\/arteeluoghi.it\/?s={search_term_string}\"},\"query-input\":\"required name=search_term_string\"}],\"inLanguage\":\"it-IT\"},{\"@type\":\"ImageObject\",\"@id\":\"https:\/\/arteeluoghi.it\/index.php\/2013\/05\/19\/il-mito-della-poesia-visiva-in-un-video\/#primaryimage\",\"inLanguage\":\"it-IT\",\"url\":\"\/images\/locandina_video.jpg\",\"contentUrl\":\"\/images\/locandina_video.jpg\"},{\"@type\":\"WebPage\",\"@id\":\"https:\/\/arteeluoghi.it\/index.php\/2013\/05\/19\/il-mito-della-poesia-visiva-in-un-video\/#webpage\",\"url\":\"https:\/\/arteeluoghi.it\/index.php\/2013\/05\/19\/il-mito-della-poesia-visiva-in-un-video\/\",\"name\":\"Il mito della poesia visiva in un video | Arte e Luoghi\",\"isPartOf\":{\"@id\":\"https:\/\/arteeluoghi.it\/#website\"},\"primaryImageOfPage\":{\"@id\":\"https:\/\/arteeluoghi.it\/index.php\/2013\/05\/19\/il-mito-della-poesia-visiva-in-un-video\/#primaryimage\"},\"datePublished\":\"2013-05-19T19:11:25+00:00\",\"dateModified\":\"2013-05-19T19:11:25+00:00\",\"breadcrumb\":{\"@id\":\"https:\/\/arteeluoghi.it\/index.php\/2013\/05\/19\/il-mito-della-poesia-visiva-in-un-video\/#breadcrumb\"},\"inLanguage\":\"it-IT\",\"potentialAction\":[{\"@type\":\"ReadAction\",\"target\":[\"https:\/\/arteeluoghi.it\/index.php\/2013\/05\/19\/il-mito-della-poesia-visiva-in-un-video\/\"]}]},{\"@type\":\"BreadcrumbList\",\"@id\":\"https:\/\/arteeluoghi.it\/index.php\/2013\/05\/19\/il-mito-della-poesia-visiva-in-un-video\/#breadcrumb\",\"itemListElement\":[{\"@type\":\"ListItem\",\"position\":1,\"name\":\"Home\",\"item\":\"https:\/\/arteeluoghi.it\/\"},{\"@type\":\"ListItem\",\"position\":2,\"name\":\"Il mito della poesia visiva in un video\"}]},{\"@type\":\"Article\",\"@id\":\"https:\/\/arteeluoghi.it\/index.php\/2013\/05\/19\/il-mito-della-poesia-visiva-in-un-video\/#article\",\"isPartOf\":{\"@id\":\"https:\/\/arteeluoghi.it\/index.php\/2013\/05\/19\/il-mito-della-poesia-visiva-in-un-video\/#webpage\"},\"author\":{\"@id\":\"https:\/\/arteeluoghi.it\/#\/schema\/person\/f84e814e36e91e01448ee07eaadd41d4\"},\"headline\":\"Il mito della poesia visiva in un video\",\"datePublished\":\"2013-05-19T19:11:25+00:00\",\"dateModified\":\"2013-05-19T19:11:25+00:00\",\"mainEntityOfPage\":{\"@id\":\"https:\/\/arteeluoghi.it\/index.php\/2013\/05\/19\/il-mito-della-poesia-visiva-in-un-video\/#webpage\"},\"wordCount\":442,\"commentCount\":0,\"publisher\":{\"@id\":\"https:\/\/arteeluoghi.it\/#organization\"},\"image\":{\"@id\":\"https:\/\/arteeluoghi.it\/index.php\/2013\/05\/19\/il-mito-della-poesia-visiva-in-un-video\/#primaryimage\"},\"thumbnailUrl\":\"\/images\/locandina_video.jpg\",\"articleSection\":[\"Arti visive\"],\"inLanguage\":\"it-IT\",\"potentialAction\":[{\"@type\":\"CommentAction\",\"name\":\"Comment\",\"target\":[\"https:\/\/arteeluoghi.it\/index.php\/2013\/05\/19\/il-mito-della-poesia-visiva-in-un-video\/#respond\"]}]},{\"@type\":\"Person\",\"@id\":\"https:\/\/arteeluoghi.it\/#\/schema\/person\/f84e814e36e91e01448ee07eaadd41d4\",\"name\":\"Staff\",\"image\":{\"@type\":\"ImageObject\",\"@id\":\"https:\/\/arteeluoghi.it\/#personlogo\",\"inLanguage\":\"it-IT\",\"url\":\"https:\/\/secure.gravatar.com\/avatar\/49d2f9e46271bb04e19cebfaf141313a?s=96&d=blank&r=g\",\"contentUrl\":\"https:\/\/secure.gravatar.com\/avatar\/49d2f9e46271bb04e19cebfaf141313a?s=96&d=blank&r=g\",\"caption\":\"Staff\"}}]}<\/script>\n<!-- \/ Yoast SEO plugin. -->","yoast_head_json":{"title":"Il mito della poesia visiva in un video | Arte e Luoghi","robots":{"index":"index","follow":"follow","max-snippet":"max-snippet:-1","max-image-preview":"max-image-preview:large","max-video-preview":"max-video-preview:-1"},"canonical":"https:\/\/arteeluoghi.it\/index.php\/2013\/05\/19\/il-mito-della-poesia-visiva-in-un-video\/","og_locale":"it_IT","og_type":"article","og_title":"Il mito della poesia visiva in un video | Arte e Luoghi","og_description":"Il video SAL \u00a0SAL INA \u00a0SALENTO, il mito della Poesia Visiva \u00a0(a cura di Salvatore Luperto con la collaborazione di","og_url":"https:\/\/arteeluoghi.it\/index.php\/2013\/05\/19\/il-mito-della-poesia-visiva-in-un-video\/","og_site_name":"Arte e Luoghi","article_publisher":"https:\/\/www.facebook.com\/ArteELuoghi\/","article_published_time":"2013-05-19T19:11:25+00:00","og_image":[{"url":"https:\/\/arteeluoghi.it\/images\/locandina_video.jpg"}],"twitter_card":"summary","twitter_creator":"@arteeluoghi","twitter_site":"@arteeluoghi","twitter_misc":{"Scritto da":"Staff","Tempo di lettura stimato":"2 minuti"},"schema":{"@context":"https:\/\/schema.org","@graph":[{"@type":"Organization","@id":"https:\/\/arteeluoghi.it\/#organization","name":"Arte e Luoghi","url":"https:\/\/arteeluoghi.it\/","sameAs":["https:\/\/www.facebook.com\/ArteELuoghi\/","https:\/\/www.instagram.com\/arteeluoghi\/?hl=it","https:\/\/www.youtube.com\/channel\/UCuRVc4JW4-C5sg9rQB-srkw?view_as=subscriber","https:\/\/twitter.com\/arteeluoghi"],"logo":{"@type":"ImageObject","@id":"https:\/\/arteeluoghi.it\/#logo","inLanguage":"it-IT","url":"https:\/\/arteeluoghi.it\/wp-content\/uploads\/2018\/08\/logoinstagramarte.jpg","contentUrl":"https:\/\/arteeluoghi.it\/wp-content\/uploads\/2018\/08\/logoinstagramarte.jpg","width":150,"height":150,"caption":"Arte e Luoghi"},"image":{"@id":"https:\/\/arteeluoghi.it\/#logo"}},{"@type":"WebSite","@id":"https:\/\/arteeluoghi.it\/#website","url":"https:\/\/arteeluoghi.it\/","name":"Arte e Luoghi","description":"Mensile di arte, cultura, turismo e curiosit\u00e0","publisher":{"@id":"https:\/\/arteeluoghi.it\/#organization"},"potentialAction":[{"@type":"SearchAction","target":{"@type":"EntryPoint","urlTemplate":"https:\/\/arteeluoghi.it\/?s={search_term_string}"},"query-input":"required name=search_term_string"}],"inLanguage":"it-IT"},{"@type":"ImageObject","@id":"https:\/\/arteeluoghi.it\/index.php\/2013\/05\/19\/il-mito-della-poesia-visiva-in-un-video\/#primaryimage","inLanguage":"it-IT","url":"\/images\/locandina_video.jpg","contentUrl":"\/images\/locandina_video.jpg"},{"@type":"WebPage","@id":"https:\/\/arteeluoghi.it\/index.php\/2013\/05\/19\/il-mito-della-poesia-visiva-in-un-video\/#webpage","url":"https:\/\/arteeluoghi.it\/index.php\/2013\/05\/19\/il-mito-della-poesia-visiva-in-un-video\/","name":"Il mito della poesia visiva in un video | Arte e Luoghi","isPartOf":{"@id":"https:\/\/arteeluoghi.it\/#website"},"primaryImageOfPage":{"@id":"https:\/\/arteeluoghi.it\/index.php\/2013\/05\/19\/il-mito-della-poesia-visiva-in-un-video\/#primaryimage"},"datePublished":"2013-05-19T19:11:25+00:00","dateModified":"2013-05-19T19:11:25+00:00","breadcrumb":{"@id":"https:\/\/arteeluoghi.it\/index.php\/2013\/05\/19\/il-mito-della-poesia-visiva-in-un-video\/#breadcrumb"},"inLanguage":"it-IT","potentialAction":[{"@type":"ReadAction","target":["https:\/\/arteeluoghi.it\/index.php\/2013\/05\/19\/il-mito-della-poesia-visiva-in-un-video\/"]}]},{"@type":"BreadcrumbList","@id":"https:\/\/arteeluoghi.it\/index.php\/2013\/05\/19\/il-mito-della-poesia-visiva-in-un-video\/#breadcrumb","itemListElement":[{"@type":"ListItem","position":1,"name":"Home","item":"https:\/\/arteeluoghi.it\/"},{"@type":"ListItem","position":2,"name":"Il mito della poesia visiva in un video"}]},{"@type":"Article","@id":"https:\/\/arteeluoghi.it\/index.php\/2013\/05\/19\/il-mito-della-poesia-visiva-in-un-video\/#article","isPartOf":{"@id":"https:\/\/arteeluoghi.it\/index.php\/2013\/05\/19\/il-mito-della-poesia-visiva-in-un-video\/#webpage"},"author":{"@id":"https:\/\/arteeluoghi.it\/#\/schema\/person\/f84e814e36e91e01448ee07eaadd41d4"},"headline":"Il mito della poesia visiva in un video","datePublished":"2013-05-19T19:11:25+00:00","dateModified":"2013-05-19T19:11:25+00:00","mainEntityOfPage":{"@id":"https:\/\/arteeluoghi.it\/index.php\/2013\/05\/19\/il-mito-della-poesia-visiva-in-un-video\/#webpage"},"wordCount":442,"commentCount":0,"publisher":{"@id":"https:\/\/arteeluoghi.it\/#organization"},"image":{"@id":"https:\/\/arteeluoghi.it\/index.php\/2013\/05\/19\/il-mito-della-poesia-visiva-in-un-video\/#primaryimage"},"thumbnailUrl":"\/images\/locandina_video.jpg","articleSection":["Arti visive"],"inLanguage":"it-IT","potentialAction":[{"@type":"CommentAction","name":"Comment","target":["https:\/\/arteeluoghi.it\/index.php\/2013\/05\/19\/il-mito-della-poesia-visiva-in-un-video\/#respond"]}]},{"@type":"Person","@id":"https:\/\/arteeluoghi.it\/#\/schema\/person\/f84e814e36e91e01448ee07eaadd41d4","name":"Staff","image":{"@type":"ImageObject","@id":"https:\/\/arteeluoghi.it\/#personlogo","inLanguage":"it-IT","url":"https:\/\/secure.gravatar.com\/avatar\/49d2f9e46271bb04e19cebfaf141313a?s=96&d=blank&r=g","contentUrl":"https:\/\/secure.gravatar.com\/avatar\/49d2f9e46271bb04e19cebfaf141313a?s=96&d=blank&r=g","caption":"Staff"}}]}},"_links":{"self":[{"href":"https:\/\/arteeluoghi.it\/index.php\/wp-json\/wp\/v2\/posts\/1143"}],"collection":[{"href":"https:\/\/arteeluoghi.it\/index.php\/wp-json\/wp\/v2\/posts"}],"about":[{"href":"https:\/\/arteeluoghi.it\/index.php\/wp-json\/wp\/v2\/types\/post"}],"author":[{"embeddable":true,"href":"https:\/\/arteeluoghi.it\/index.php\/wp-json\/wp\/v2\/users\/1"}],"replies":[{"embeddable":true,"href":"https:\/\/arteeluoghi.it\/index.php\/wp-json\/wp\/v2\/comments?post=1143"}],"version-history":[{"count":0,"href":"https:\/\/arteeluoghi.it\/index.php\/wp-json\/wp\/v2\/posts\/1143\/revisions"}],"wp:attachment":[{"href":"https:\/\/arteeluoghi.it\/index.php\/wp-json\/wp\/v2\/media?parent=1143"}],"wp:term":[{"taxonomy":"category","embeddable":true,"href":"https:\/\/arteeluoghi.it\/index.php\/wp-json\/wp\/v2\/categories?post=1143"},{"taxonomy":"post_tag","embeddable":true,"href":"https:\/\/arteeluoghi.it\/index.php\/wp-json\/wp\/v2\/tags?post=1143"}],"curies":[{"name":"wp","href":"https:\/\/api.w.org\/{rel}","templated":true}]}}