{"id":11562,"date":"2022-08-27T13:53:13","date_gmt":"2022-08-27T11:53:13","guid":{"rendered":"https:\/\/arteeluoghi.it\/?p=11562"},"modified":"2022-08-27T13:55:16","modified_gmt":"2022-08-27T11:55:16","slug":"visionnaire22-la-rassegna-dellaudiovisivo-a-baronissi","status":"publish","type":"post","link":"https:\/\/arteeluoghi.it\/index.php\/2022\/08\/27\/visionnaire22-la-rassegna-dellaudiovisivo-a-baronissi\/","title":{"rendered":"Visionnaire22. La rassegna dell&#8217;audiovisivo a Baronissi"},"content":{"rendered":"\n<blockquote class=\"wp-block-quote\"><p>Al via la rassegna con il ricco programma tra narrazioni&nbsp;tra cinema documentario e teatro dal&nbsp;<strong class=\"\">25 agosto<\/strong>&nbsp;al&nbsp;<strong class=\"\">18 settembre<\/strong> sulla Terrazza degli Aranci al Museo FRaC-Baronissi  in provincia di Salerno<\/p><\/blockquote>\n\n\n\n<p>Dal 25 agosto al 18 settembre torna&nbsp;<strong class=\"\">Visionnaire22,&nbsp;<\/strong>la rassegna&nbsp;dell&#8217;audiovisivo che giunge alla seconda edizione nata dalla sinergia tra il&nbsp;<strong class=\"\">Museo FRaC-Baronissi&nbsp;<\/strong>(<em>Fondo Regionale d&#8217;Arte Contemporanea)&nbsp;<\/em>e l\u2019associazione&nbsp;<strong class=\"\">Tutti Suonati<\/strong>,&nbsp;con il patrocinio e il contributo del&nbsp;<strong class=\"\">Comune di Baronissi.<br class=\"\"><\/strong>La direzione artistica \u00e8 di&nbsp;<strong class=\"\">Andrea Avagliano<\/strong>&nbsp;e la consulenza cinematografica di&nbsp;<strong class=\"\">Massimiliano Palmese<\/strong>.<\/p>\n\n\n\n<!--more-->\n\n\n\n<p>Il museo di arte contemporanea FRaCBaronissi&nbsp;si trasformer\u00e0&nbsp;in un luogo di visioni per visionari con narrazioni di storie di artisti e vite eccezionali attraverso i linguaggi del cinema documentario e del teatro. Il filo conduttore sar\u00e0 la Musica.Partita il 25 agosto con l\u2019anteprima della proiezione del docufilm \u201cAznavour By Charles\u201d del regista Marc Di Domenico, e gli ospiti del talk Rino Sciarretta (produttore Zivago Film) e Gino Aveta (autore televisivo e radiofonico); la seconda edizione ha come tema la \u201cMusica\u201d. Il festival avr\u00f2 una proposta di documentari sui grandi compositori di colonne sonore, del cantautorato italiano, grandi interpreti della canzone italiana, e la musica popolare; tutti documentari che hanno gi\u00e0 partecipato a grandi festival nazionali. Prima e dopo le proiezioni saranno presenti i registi, giornalisti, mini-live musicali, pi\u00f9 un omaggio a Pier Paolo Pasolini, nel Centenario della nascita, con un reading a cura dell\u2019attrice Elena Bucci, Premio UBU per il teatro\u201d.<\/p>\n\n\n\n<p>&#8220;<em class=\"\">La rassegna &#8211;&nbsp;<strong class=\"\">dichiara il direttore artistico Andrea Avagliano&nbsp;<\/strong>&#8211;&nbsp;si inserisce nel percorso intrapreso lo scorso anno dal Museo-FRaC-Baronissi e dall\u2019Associazione Tutti Suonati per sperimentare nuove contaminazioni tra linguaggi espressivi. Dopo il felice esordio della prima edizione, Visionnaire22 continua la&nbsp; sua avventura con una particolare attenzione al cinema documentario, avente quest\u2019anno come tema conduttore la musica. La rassegna parla di \u201cnarrazioni\u201d, quindi di un dialogo, di un\u2019apertura avendo come intento la ricombinazione di linguaggi e di creativit\u00e0, cercando con il pubblico uno scambio di immaginazioni, suggestioni, nuove visioni. Un evento che \u00e8 una proposta che mancava nel panorama campano e che ha la particolarit\u00e0 di unire&nbsp;l&#8217;audio e il visivo con la parola che diventa racconto letterario.&#8221;<\/em>Gli fa eco il<strong class=\"\">&nbsp;Prof. Massimo Bignardi Direttore del Museo FRaC:&nbsp;<br><\/strong>&#8220;<em>\u00c8 con soddisfazione&nbsp;che il Fondo Regionale d&#8217;Arte Contemporanea Baronissi, in unione con l&#8217;Associazione Tutti Suonati, si attesta nuovamente al principio fondante della sua istituzione, confermandosi quale luogo di sperimentazioni e d&#8217;incontri dei linguaggi creativi contemporanei. Abbiamo dato spazio a forme d&#8217;arte quali la danza, teatro e video arte ma ora \u00e8 di nuovo il momento di Visionnaire, rassegna di documentari e teatro che giunge alla seconda edizione, il cui tema centrale \u00e8 la musica. Grazie a Visionnaire continuiamo un percorso artistico multidisciplinare che s&#8217;intreccia con il mondo dei documentari confermando un\u2019esperienza interessante e godibile dove il pubblico, sempre attento e motivato, potr\u00e0 assistere alle proiezioni e agli incontri con i protagonisti, nella bellissima cornice della Terrazza degli aranci. Si completa cos\u00ec un percorso fondamentale che \u00e8 quello della conoscenza e condivisione delle arti.<\/em>&#8220;<\/p>\n\n\n\n<p>Partita il 25 luglio con l\u2019anteprima della proiezione del docufilm \u201cAznavour By Charles\u201d del regista Marc Di Domenico, con ospiti del talk&nbsp;Rino Sciarretta (produttore Zivago Film) e Gino Aveta (autore televisivo e radiofonico); la seconda edizione ha come tema la \u201cMusica\u201d. La rassegna avr\u00e0 una proposta di documentari sui grandi compositori di colonne sonore, del cantautorato italiano, grandi interpreti della canzone italiana e della musica popolare; tutti documentari che hanno gi\u00e0 partecipato a grandi festival nazionali.Prima e dopo le proiezioni saranno presenti i registi, giornalisti, mini-live musicali, pi\u00f9 un omaggio a Pier Paolo Pasolini, nel centenario della nascita, con un reading a cura dell\u2019attrice Elena Bucci, Premio UBU per il teatro.&nbsp;<\/p>\n\n\n\n<p>I protagonisti e gli ospiti di questa edizione sono: <strong>Aurelio Canonici<\/strong>,&nbsp;<strong>Susy Del Giudice<\/strong>,&nbsp;<strong>Renzo Paris<\/strong>,&nbsp;<strong>Roberta Lena<\/strong>,&nbsp;<strong>Stefano Valanzuolo<\/strong>,&nbsp;<strong>Gino Aveta,<\/strong>&nbsp;<strong>Chiara Ronchini<\/strong>,&nbsp;<strong>Peppe D<\/strong>\u2019<strong>Antonio<\/strong>,&nbsp;<strong>Rino Sciarretta<\/strong>,&nbsp;<strong>Pasquale Scial\u00f2<\/strong>,&nbsp;<strong>Giorgio Verdelli<\/strong>,&nbsp;<strong>Alfonso Amendola<\/strong>,&nbsp;<strong>Lello Savonardo<\/strong>. Premio Visionnaire alla Carriera di questa seconda edizione va<br>all&#8217;attrice<strong>&nbsp;Marina Confalone<\/strong>.<\/p>\n\n\n\n<p>Il programma delle proiezioni e talk prevede:&nbsp;<strong class=\"\">domenica 28 agosto<\/strong>&nbsp;<strong class=\"\">ENNIO<\/strong>&nbsp;(Italia, 2021) di Giuseppe Tornatore. Nastro d\u2019Argento 2022 &#8211; Doc dell\u2019anno, David Di Donatello 2022; ospite Susy Del Giudice. Introduce il talk Peppe D\u2019Antonio del festival Linea d&#8217;Ombra.<br class=\"\"><strong class=\"\">Gioved\u00ec 1\u00b0 settembre De Andr\u00e8 # De Andr\u00e8&nbsp;<\/strong>Storia di un impiegato (Italia, 2021) presentato alla 78\u00b0 Mostra Internazionale del Cinema di Venezia. Ospite la regista Roberta Lena. Modera la giornalista Erminia Pellecchia.<br class=\"\"><strong class=\"\">Venerd\u00ec 2 settembre La Nuova Scuola Genovese&nbsp;<\/strong>(Italia, 2022) di Yvan Dellacasa e Paolo Fossati.<br class=\"\">Introduce il talk Lello Savonardo (Coordinatore del corso di Laurea in Comunicazione Pubblica, Sociale e Politica &#8211; Universit\u00e0 di Napoli Federico II).<br class=\"\"><strong class=\"\">Gioved\u00ec 8 settembre&nbsp;<\/strong>Donne in musica con&nbsp;<strong class=\"\">Giovanna. Storie di una voce.<\/strong>&nbsp;(Italia, 2021), ospite la regista Chiara Ronchini. Presenta Stefano Valanzuolo (RAI Radio 3 Suite).<br class=\"\"><strong class=\"\">Domenica 11 settembre&nbsp;&nbsp;<\/strong>Donne in musica con&nbsp;<strong class=\"\">Senza Fine<\/strong>&nbsp;(Italia, 2021) di Elisa Fuksas. Ospite Alfonso Amendola (UniSa).<br class=\"\"><strong class=\"\">Gioved\u00ec 15 settembre Via con Me<\/strong>&nbsp;(Italia, 2020) ospite il regista Giorgio Verdelli con Pasquale Scial\u00f2 che presenta i libri Paolo Conte (Sperling &amp; Kupfer) e Storia della canzone napoletana vol.II (Neri pozza). Modera il giornalista e autore televisivo Gino Aveta.<br class=\"\"><strong class=\"\">Venerd\u00ec 16 settembre Omaggio a Pier Paolo Pasolini&nbsp;<\/strong>con &#8220;LA GIAGUARA &#8211; inseguendo Laura Betti e Pasolini&#8221; di e con Elena Bucci (produzione Le belle bandiere). Renzo Paris presenta il libro &#8220;Pasolini Moravia&#8221; (Einaudi)<br class=\"\"><strong class=\"\">Domenica 18 settembre PREMIO ALLA CARRIERA<\/strong>&nbsp;all&#8217;attrice napoletana Marina Confalone.<\/p>\n\n\n\n<p>Tre gli eventi speciali&nbsp;una lezione spettacolo, che inaugura il festival (<strong class=\"\">25 agosto<\/strong>) con il&nbsp;&nbsp;<strong class=\"\">M\u00b0 Aurelio Canonici<\/strong>&nbsp;dal titolo &#8220;Ennio Morricone: una lezione in musica&#8221;&nbsp;(La gioia della musica \u2013 RAI 3);&nbsp;il concerto dei&nbsp;<strong class=\"\">Solisti Brass evolution<\/strong>&nbsp;(<strong class=\"\">28 agosto<\/strong>) che eseguiranno alcuni celebri brani di The Maestro;&nbsp;un focus sula tradizione cantautorale genovese con la sua storia tra passato e presente.<br>Altri live allieteranno le serate sulla magnifica Terrazza degli Aranci situata nell&#8217;antico Convento Francescano di Baronissi oggi sede del Museo FRaC:&nbsp;l&#8217;<strong class=\"\">1 settembre<\/strong>&nbsp;i&nbsp;<strong class=\"\">Litteitaly duo<\/strong>&nbsp;faranno un omaggio a Farizio De Andr\u00e8 mentre&nbsp;<strong class=\"\">Simona Boo<\/strong>&nbsp;si esibir\u00e0 l&#8217;<strong class=\"\">11 settembre<\/strong>&nbsp;nella serata intitolata &#8220;Donne in musica&#8221;.<\/p>\n\n\n\n<p> &#8220;<em>Visionnaire<\/em>  &#8211; commenta il <strong class=\"\">Sindaco di Baronissi&nbsp;Gianfranco Valiante&nbsp;<\/strong>&#8211; <em>\u00e8 uno degli eventi culturali pi\u00f9 significativi che la citt\u00e0 di Baronissi abbia elaborato nel corso degli ultimi anni.<br>Una rassegna di straordinaria qualit\u00e0, dedicata al cinema documentario e al teatro, che ha registrato lo scorso anno la presenza di ospiti di grande prestigio nazionale, da Alessandro Rossellini a Renato Carpentieri, per citarne solo alcuni, e che si ripropone anche quest&#8217;anno con un ricco e articolato programma, segno evidente della straordinaria capacit\u00e0 di mettere insieme esperienze e competenze.&nbsp;<br>Baronissi &#8211; grazie anche all&#8217;attivit\u00e0 infaticabile del Museo FRaC &#8211; \u00e8 ormai luogo di eccellenza della cultura e dell&#8217;arte.&#8221;<\/em><\/p>\n\n\n\n<p>(fonte: comunicato stampa)<\/p>\n\n\n\n<figure class=\"wp-block-gallery columns-2 is-cropped\"><ul class=\"blocks-gallery-grid\"><li class=\"blocks-gallery-item\"><figure><img loading=\"lazy\" width=\"500\" height=\"714\" src=\"https:\/\/arteeluoghi.it\/wp-content\/uploads\/2022\/08\/PaoloConte_POSTER.jpg\" alt=\"\" data-id=\"11563\" data-full-url=\"https:\/\/arteeluoghi.it\/wp-content\/uploads\/2022\/08\/PaoloConte_POSTER.jpg\" data-link=\"https:\/\/arteeluoghi.it\/?attachment_id=11563\" class=\"wp-image-11563\" srcset=\"https:\/\/arteeluoghi.it\/wp-content\/uploads\/2022\/08\/PaoloConte_POSTER.jpg 500w, https:\/\/arteeluoghi.it\/wp-content\/uploads\/2022\/08\/PaoloConte_POSTER-210x300.jpg 210w\" sizes=\"(max-width: 500px) 100vw, 500px\" \/><\/figure><\/li><li class=\"blocks-gallery-item\"><figure><img loading=\"lazy\" width=\"500\" height=\"714\" src=\"https:\/\/arteeluoghi.it\/wp-content\/uploads\/2022\/08\/De-Andre\u0300-poster.jpg\" alt=\"\" data-id=\"11564\" data-full-url=\"https:\/\/arteeluoghi.it\/wp-content\/uploads\/2022\/08\/De-Andre\u0300-poster.jpg\" data-link=\"https:\/\/arteeluoghi.it\/?attachment_id=11564\" class=\"wp-image-11564\" srcset=\"https:\/\/arteeluoghi.it\/wp-content\/uploads\/2022\/08\/De-Andre\u0300-poster.jpg 500w, https:\/\/arteeluoghi.it\/wp-content\/uploads\/2022\/08\/De-Andre\u0300-poster-210x300.jpg 210w\" sizes=\"(max-width: 500px) 100vw, 500px\" \/><figcaption class=\"blocks-gallery-item__caption\">Il cantautore italiano Fabrizio De Andr\u00c8 con il figlio Cristiano seduti su una spiaggia mentre suonano e cantano insieme. Italia, Sardegna, 1978<\/figcaption><\/figure><\/li><\/ul><\/figure>\n","protected":false},"excerpt":{"rendered":"<p>Al via la rassegna con il ricco programma tra narrazioni&nbsp;tra cinema documentario e teatro dal&nbsp;25 agosto&nbsp;al&nbsp;18 settembre sulla Terrazza degli<\/p>\n","protected":false},"author":1,"featured_media":11567,"comment_status":"open","ping_status":"open","sticky":true,"template":"","format":"standard","meta":[],"categories":[29,8,13],"tags":[4248,4240,4234,4243,4236,4247,389,4245,4252,3050,4241,4238,4253,4246,4244,4251,4249,4235,4250,4242,377],"yoast_head":"<!-- This site is optimized with the Yoast SEO plugin v18.0 - https:\/\/yoast.com\/wordpress\/plugins\/seo\/ -->\n<title>Visionnaire22. La rassegna dell&#039;audiovisivo a Baronissi | Arte e Luoghi<\/title>\n<meta name=\"robots\" content=\"index, follow, max-snippet:-1, max-image-preview:large, max-video-preview:-1\" \/>\n<link rel=\"canonical\" href=\"https:\/\/arteeluoghi.it\/index.php\/2022\/08\/27\/visionnaire22-la-rassegna-dellaudiovisivo-a-baronissi\/\" \/>\n<meta property=\"og:locale\" content=\"it_IT\" \/>\n<meta property=\"og:type\" content=\"article\" \/>\n<meta property=\"og:title\" content=\"Visionnaire22. La rassegna dell&#039;audiovisivo a Baronissi | Arte e Luoghi\" \/>\n<meta property=\"og:description\" content=\"Al via la rassegna con il ricco programma tra narrazioni&nbsp;tra cinema documentario e teatro dal&nbsp;25 agosto&nbsp;al&nbsp;18 settembre sulla Terrazza degli\" \/>\n<meta property=\"og:url\" content=\"https:\/\/arteeluoghi.it\/index.php\/2022\/08\/27\/visionnaire22-la-rassegna-dellaudiovisivo-a-baronissi\/\" \/>\n<meta property=\"og:site_name\" content=\"Arte e Luoghi\" \/>\n<meta property=\"article:publisher\" content=\"https:\/\/www.facebook.com\/ArteELuoghi\/\" \/>\n<meta property=\"article:published_time\" content=\"2022-08-27T11:53:13+00:00\" \/>\n<meta property=\"article:modified_time\" content=\"2022-08-27T11:55:16+00:00\" \/>\n<meta property=\"og:image\" content=\"https:\/\/arteeluoghi.it\/wp-content\/uploads\/2022\/08\/VISIONNAIRE-2022.jpg\" \/>\n\t<meta property=\"og:image:width\" content=\"340\" \/>\n\t<meta property=\"og:image:height\" content=\"170\" \/>\n\t<meta property=\"og:image:type\" content=\"image\/jpeg\" \/>\n<meta name=\"twitter:card\" content=\"summary\" \/>\n<meta name=\"twitter:creator\" content=\"@arteeluoghi\" \/>\n<meta name=\"twitter:site\" content=\"@arteeluoghi\" \/>\n<meta name=\"twitter:label1\" content=\"Scritto da\" \/>\n\t<meta name=\"twitter:data1\" content=\"Staff\" \/>\n\t<meta name=\"twitter:label2\" content=\"Tempo di lettura stimato\" \/>\n\t<meta name=\"twitter:data2\" content=\"7 minuti\" \/>\n<script type=\"application\/ld+json\" class=\"yoast-schema-graph\">{\"@context\":\"https:\/\/schema.org\",\"@graph\":[{\"@type\":\"Organization\",\"@id\":\"https:\/\/arteeluoghi.it\/#organization\",\"name\":\"Arte e Luoghi\",\"url\":\"https:\/\/arteeluoghi.it\/\",\"sameAs\":[\"https:\/\/www.facebook.com\/ArteELuoghi\/\",\"https:\/\/www.instagram.com\/arteeluoghi\/?hl=it\",\"https:\/\/www.youtube.com\/channel\/UCuRVc4JW4-C5sg9rQB-srkw?view_as=subscriber\",\"https:\/\/twitter.com\/arteeluoghi\"],\"logo\":{\"@type\":\"ImageObject\",\"@id\":\"https:\/\/arteeluoghi.it\/#logo\",\"inLanguage\":\"it-IT\",\"url\":\"https:\/\/arteeluoghi.it\/wp-content\/uploads\/2018\/08\/logoinstagramarte.jpg\",\"contentUrl\":\"https:\/\/arteeluoghi.it\/wp-content\/uploads\/2018\/08\/logoinstagramarte.jpg\",\"width\":150,\"height\":150,\"caption\":\"Arte e Luoghi\"},\"image\":{\"@id\":\"https:\/\/arteeluoghi.it\/#logo\"}},{\"@type\":\"WebSite\",\"@id\":\"https:\/\/arteeluoghi.it\/#website\",\"url\":\"https:\/\/arteeluoghi.it\/\",\"name\":\"Arte e Luoghi\",\"description\":\"Mensile di arte, cultura, turismo e curiosit\u00e0\",\"publisher\":{\"@id\":\"https:\/\/arteeluoghi.it\/#organization\"},\"potentialAction\":[{\"@type\":\"SearchAction\",\"target\":{\"@type\":\"EntryPoint\",\"urlTemplate\":\"https:\/\/arteeluoghi.it\/?s={search_term_string}\"},\"query-input\":\"required name=search_term_string\"}],\"inLanguage\":\"it-IT\"},{\"@type\":\"ImageObject\",\"@id\":\"https:\/\/arteeluoghi.it\/index.php\/2022\/08\/27\/visionnaire22-la-rassegna-dellaudiovisivo-a-baronissi\/#primaryimage\",\"inLanguage\":\"it-IT\",\"url\":\"https:\/\/arteeluoghi.it\/wp-content\/uploads\/2022\/08\/VISIONNAIRE-2022.jpg\",\"contentUrl\":\"https:\/\/arteeluoghi.it\/wp-content\/uploads\/2022\/08\/VISIONNAIRE-2022.jpg\",\"width\":340,\"height\":170},{\"@type\":\"WebPage\",\"@id\":\"https:\/\/arteeluoghi.it\/index.php\/2022\/08\/27\/visionnaire22-la-rassegna-dellaudiovisivo-a-baronissi\/#webpage\",\"url\":\"https:\/\/arteeluoghi.it\/index.php\/2022\/08\/27\/visionnaire22-la-rassegna-dellaudiovisivo-a-baronissi\/\",\"name\":\"Visionnaire22. La rassegna dell'audiovisivo a Baronissi | Arte e Luoghi\",\"isPartOf\":{\"@id\":\"https:\/\/arteeluoghi.it\/#website\"},\"primaryImageOfPage\":{\"@id\":\"https:\/\/arteeluoghi.it\/index.php\/2022\/08\/27\/visionnaire22-la-rassegna-dellaudiovisivo-a-baronissi\/#primaryimage\"},\"datePublished\":\"2022-08-27T11:53:13+00:00\",\"dateModified\":\"2022-08-27T11:55:16+00:00\",\"breadcrumb\":{\"@id\":\"https:\/\/arteeluoghi.it\/index.php\/2022\/08\/27\/visionnaire22-la-rassegna-dellaudiovisivo-a-baronissi\/#breadcrumb\"},\"inLanguage\":\"it-IT\",\"potentialAction\":[{\"@type\":\"ReadAction\",\"target\":[\"https:\/\/arteeluoghi.it\/index.php\/2022\/08\/27\/visionnaire22-la-rassegna-dellaudiovisivo-a-baronissi\/\"]}]},{\"@type\":\"BreadcrumbList\",\"@id\":\"https:\/\/arteeluoghi.it\/index.php\/2022\/08\/27\/visionnaire22-la-rassegna-dellaudiovisivo-a-baronissi\/#breadcrumb\",\"itemListElement\":[{\"@type\":\"ListItem\",\"position\":1,\"name\":\"Home\",\"item\":\"https:\/\/arteeluoghi.it\/\"},{\"@type\":\"ListItem\",\"position\":2,\"name\":\"Visionnaire22. La rassegna dell&#8217;audiovisivo a Baronissi\"}]},{\"@type\":\"Article\",\"@id\":\"https:\/\/arteeluoghi.it\/index.php\/2022\/08\/27\/visionnaire22-la-rassegna-dellaudiovisivo-a-baronissi\/#article\",\"isPartOf\":{\"@id\":\"https:\/\/arteeluoghi.it\/index.php\/2022\/08\/27\/visionnaire22-la-rassegna-dellaudiovisivo-a-baronissi\/#webpage\"},\"author\":{\"@id\":\"https:\/\/arteeluoghi.it\/#\/schema\/person\/f84e814e36e91e01448ee07eaadd41d4\"},\"headline\":\"Visionnaire22. La rassegna dell&#8217;audiovisivo a Baronissi\",\"datePublished\":\"2022-08-27T11:53:13+00:00\",\"dateModified\":\"2022-08-27T11:55:16+00:00\",\"mainEntityOfPage\":{\"@id\":\"https:\/\/arteeluoghi.it\/index.php\/2022\/08\/27\/visionnaire22-la-rassegna-dellaudiovisivo-a-baronissi\/#webpage\"},\"wordCount\":1199,\"commentCount\":0,\"publisher\":{\"@id\":\"https:\/\/arteeluoghi.it\/#organization\"},\"image\":{\"@id\":\"https:\/\/arteeluoghi.it\/index.php\/2022\/08\/27\/visionnaire22-la-rassegna-dellaudiovisivo-a-baronissi\/#primaryimage\"},\"thumbnailUrl\":\"https:\/\/arteeluoghi.it\/wp-content\/uploads\/2022\/08\/VISIONNAIRE-2022.jpg\",\"keywords\":[\"Alfonso Amendola\",\"Andrea Avagliano\",\"audiovisivo\",\"Aurelio Canonici\",\"Baronissi\",\"Chiara Ronchini\",\"cinema\",\"Gino Aveta\",\"Giorgio Verdelli\",\"Marina Confalone\",\"Massimo Bignardi\",\"Museo FRaC-Baronissi\",\"Pasquale Scial\u00f2\",\"Peppe D\u2019Antonio\",\"Renzo Paris\",\"Rino Sciarretta\",\"Roberta Lena\",\"Salerno\",\"Stefano Valanzuolo\",\"Susy Del Giudice\",\"teatro\"],\"articleSection\":[\"Cinema\",\"LUOGHI\",\"teatro\"],\"inLanguage\":\"it-IT\",\"potentialAction\":[{\"@type\":\"CommentAction\",\"name\":\"Comment\",\"target\":[\"https:\/\/arteeluoghi.it\/index.php\/2022\/08\/27\/visionnaire22-la-rassegna-dellaudiovisivo-a-baronissi\/#respond\"]}]},{\"@type\":\"Person\",\"@id\":\"https:\/\/arteeluoghi.it\/#\/schema\/person\/f84e814e36e91e01448ee07eaadd41d4\",\"name\":\"Staff\",\"image\":{\"@type\":\"ImageObject\",\"@id\":\"https:\/\/arteeluoghi.it\/#personlogo\",\"inLanguage\":\"it-IT\",\"url\":\"https:\/\/secure.gravatar.com\/avatar\/49d2f9e46271bb04e19cebfaf141313a?s=96&d=blank&r=g\",\"contentUrl\":\"https:\/\/secure.gravatar.com\/avatar\/49d2f9e46271bb04e19cebfaf141313a?s=96&d=blank&r=g\",\"caption\":\"Staff\"}}]}<\/script>\n<!-- \/ Yoast SEO plugin. -->","yoast_head_json":{"title":"Visionnaire22. La rassegna dell'audiovisivo a Baronissi | Arte e Luoghi","robots":{"index":"index","follow":"follow","max-snippet":"max-snippet:-1","max-image-preview":"max-image-preview:large","max-video-preview":"max-video-preview:-1"},"canonical":"https:\/\/arteeluoghi.it\/index.php\/2022\/08\/27\/visionnaire22-la-rassegna-dellaudiovisivo-a-baronissi\/","og_locale":"it_IT","og_type":"article","og_title":"Visionnaire22. La rassegna dell'audiovisivo a Baronissi | Arte e Luoghi","og_description":"Al via la rassegna con il ricco programma tra narrazioni&nbsp;tra cinema documentario e teatro dal&nbsp;25 agosto&nbsp;al&nbsp;18 settembre sulla Terrazza degli","og_url":"https:\/\/arteeluoghi.it\/index.php\/2022\/08\/27\/visionnaire22-la-rassegna-dellaudiovisivo-a-baronissi\/","og_site_name":"Arte e Luoghi","article_publisher":"https:\/\/www.facebook.com\/ArteELuoghi\/","article_published_time":"2022-08-27T11:53:13+00:00","article_modified_time":"2022-08-27T11:55:16+00:00","og_image":[{"width":340,"height":170,"url":"https:\/\/arteeluoghi.it\/wp-content\/uploads\/2022\/08\/VISIONNAIRE-2022.jpg","type":"image\/jpeg"}],"twitter_card":"summary","twitter_creator":"@arteeluoghi","twitter_site":"@arteeluoghi","twitter_misc":{"Scritto da":"Staff","Tempo di lettura stimato":"7 minuti"},"schema":{"@context":"https:\/\/schema.org","@graph":[{"@type":"Organization","@id":"https:\/\/arteeluoghi.it\/#organization","name":"Arte e Luoghi","url":"https:\/\/arteeluoghi.it\/","sameAs":["https:\/\/www.facebook.com\/ArteELuoghi\/","https:\/\/www.instagram.com\/arteeluoghi\/?hl=it","https:\/\/www.youtube.com\/channel\/UCuRVc4JW4-C5sg9rQB-srkw?view_as=subscriber","https:\/\/twitter.com\/arteeluoghi"],"logo":{"@type":"ImageObject","@id":"https:\/\/arteeluoghi.it\/#logo","inLanguage":"it-IT","url":"https:\/\/arteeluoghi.it\/wp-content\/uploads\/2018\/08\/logoinstagramarte.jpg","contentUrl":"https:\/\/arteeluoghi.it\/wp-content\/uploads\/2018\/08\/logoinstagramarte.jpg","width":150,"height":150,"caption":"Arte e Luoghi"},"image":{"@id":"https:\/\/arteeluoghi.it\/#logo"}},{"@type":"WebSite","@id":"https:\/\/arteeluoghi.it\/#website","url":"https:\/\/arteeluoghi.it\/","name":"Arte e Luoghi","description":"Mensile di arte, cultura, turismo e curiosit\u00e0","publisher":{"@id":"https:\/\/arteeluoghi.it\/#organization"},"potentialAction":[{"@type":"SearchAction","target":{"@type":"EntryPoint","urlTemplate":"https:\/\/arteeluoghi.it\/?s={search_term_string}"},"query-input":"required name=search_term_string"}],"inLanguage":"it-IT"},{"@type":"ImageObject","@id":"https:\/\/arteeluoghi.it\/index.php\/2022\/08\/27\/visionnaire22-la-rassegna-dellaudiovisivo-a-baronissi\/#primaryimage","inLanguage":"it-IT","url":"https:\/\/arteeluoghi.it\/wp-content\/uploads\/2022\/08\/VISIONNAIRE-2022.jpg","contentUrl":"https:\/\/arteeluoghi.it\/wp-content\/uploads\/2022\/08\/VISIONNAIRE-2022.jpg","width":340,"height":170},{"@type":"WebPage","@id":"https:\/\/arteeluoghi.it\/index.php\/2022\/08\/27\/visionnaire22-la-rassegna-dellaudiovisivo-a-baronissi\/#webpage","url":"https:\/\/arteeluoghi.it\/index.php\/2022\/08\/27\/visionnaire22-la-rassegna-dellaudiovisivo-a-baronissi\/","name":"Visionnaire22. La rassegna dell'audiovisivo a Baronissi | Arte e Luoghi","isPartOf":{"@id":"https:\/\/arteeluoghi.it\/#website"},"primaryImageOfPage":{"@id":"https:\/\/arteeluoghi.it\/index.php\/2022\/08\/27\/visionnaire22-la-rassegna-dellaudiovisivo-a-baronissi\/#primaryimage"},"datePublished":"2022-08-27T11:53:13+00:00","dateModified":"2022-08-27T11:55:16+00:00","breadcrumb":{"@id":"https:\/\/arteeluoghi.it\/index.php\/2022\/08\/27\/visionnaire22-la-rassegna-dellaudiovisivo-a-baronissi\/#breadcrumb"},"inLanguage":"it-IT","potentialAction":[{"@type":"ReadAction","target":["https:\/\/arteeluoghi.it\/index.php\/2022\/08\/27\/visionnaire22-la-rassegna-dellaudiovisivo-a-baronissi\/"]}]},{"@type":"BreadcrumbList","@id":"https:\/\/arteeluoghi.it\/index.php\/2022\/08\/27\/visionnaire22-la-rassegna-dellaudiovisivo-a-baronissi\/#breadcrumb","itemListElement":[{"@type":"ListItem","position":1,"name":"Home","item":"https:\/\/arteeluoghi.it\/"},{"@type":"ListItem","position":2,"name":"Visionnaire22. La rassegna dell&#8217;audiovisivo a Baronissi"}]},{"@type":"Article","@id":"https:\/\/arteeluoghi.it\/index.php\/2022\/08\/27\/visionnaire22-la-rassegna-dellaudiovisivo-a-baronissi\/#article","isPartOf":{"@id":"https:\/\/arteeluoghi.it\/index.php\/2022\/08\/27\/visionnaire22-la-rassegna-dellaudiovisivo-a-baronissi\/#webpage"},"author":{"@id":"https:\/\/arteeluoghi.it\/#\/schema\/person\/f84e814e36e91e01448ee07eaadd41d4"},"headline":"Visionnaire22. La rassegna dell&#8217;audiovisivo a Baronissi","datePublished":"2022-08-27T11:53:13+00:00","dateModified":"2022-08-27T11:55:16+00:00","mainEntityOfPage":{"@id":"https:\/\/arteeluoghi.it\/index.php\/2022\/08\/27\/visionnaire22-la-rassegna-dellaudiovisivo-a-baronissi\/#webpage"},"wordCount":1199,"commentCount":0,"publisher":{"@id":"https:\/\/arteeluoghi.it\/#organization"},"image":{"@id":"https:\/\/arteeluoghi.it\/index.php\/2022\/08\/27\/visionnaire22-la-rassegna-dellaudiovisivo-a-baronissi\/#primaryimage"},"thumbnailUrl":"https:\/\/arteeluoghi.it\/wp-content\/uploads\/2022\/08\/VISIONNAIRE-2022.jpg","keywords":["Alfonso Amendola","Andrea Avagliano","audiovisivo","Aurelio Canonici","Baronissi","Chiara Ronchini","cinema","Gino Aveta","Giorgio Verdelli","Marina Confalone","Massimo Bignardi","Museo FRaC-Baronissi","Pasquale Scial\u00f2","Peppe D\u2019Antonio","Renzo Paris","Rino Sciarretta","Roberta Lena","Salerno","Stefano Valanzuolo","Susy Del Giudice","teatro"],"articleSection":["Cinema","LUOGHI","teatro"],"inLanguage":"it-IT","potentialAction":[{"@type":"CommentAction","name":"Comment","target":["https:\/\/arteeluoghi.it\/index.php\/2022\/08\/27\/visionnaire22-la-rassegna-dellaudiovisivo-a-baronissi\/#respond"]}]},{"@type":"Person","@id":"https:\/\/arteeluoghi.it\/#\/schema\/person\/f84e814e36e91e01448ee07eaadd41d4","name":"Staff","image":{"@type":"ImageObject","@id":"https:\/\/arteeluoghi.it\/#personlogo","inLanguage":"it-IT","url":"https:\/\/secure.gravatar.com\/avatar\/49d2f9e46271bb04e19cebfaf141313a?s=96&d=blank&r=g","contentUrl":"https:\/\/secure.gravatar.com\/avatar\/49d2f9e46271bb04e19cebfaf141313a?s=96&d=blank&r=g","caption":"Staff"}}]}},"_links":{"self":[{"href":"https:\/\/arteeluoghi.it\/index.php\/wp-json\/wp\/v2\/posts\/11562"}],"collection":[{"href":"https:\/\/arteeluoghi.it\/index.php\/wp-json\/wp\/v2\/posts"}],"about":[{"href":"https:\/\/arteeluoghi.it\/index.php\/wp-json\/wp\/v2\/types\/post"}],"author":[{"embeddable":true,"href":"https:\/\/arteeluoghi.it\/index.php\/wp-json\/wp\/v2\/users\/1"}],"replies":[{"embeddable":true,"href":"https:\/\/arteeluoghi.it\/index.php\/wp-json\/wp\/v2\/comments?post=11562"}],"version-history":[{"count":2,"href":"https:\/\/arteeluoghi.it\/index.php\/wp-json\/wp\/v2\/posts\/11562\/revisions"}],"predecessor-version":[{"id":11566,"href":"https:\/\/arteeluoghi.it\/index.php\/wp-json\/wp\/v2\/posts\/11562\/revisions\/11566"}],"wp:featuredmedia":[{"embeddable":true,"href":"https:\/\/arteeluoghi.it\/index.php\/wp-json\/wp\/v2\/media\/11567"}],"wp:attachment":[{"href":"https:\/\/arteeluoghi.it\/index.php\/wp-json\/wp\/v2\/media?parent=11562"}],"wp:term":[{"taxonomy":"category","embeddable":true,"href":"https:\/\/arteeluoghi.it\/index.php\/wp-json\/wp\/v2\/categories?post=11562"},{"taxonomy":"post_tag","embeddable":true,"href":"https:\/\/arteeluoghi.it\/index.php\/wp-json\/wp\/v2\/tags?post=11562"}],"curies":[{"name":"wp","href":"https:\/\/api.w.org\/{rel}","templated":true}]}}