{"id":116,"date":"2010-12-11T18:20:20","date_gmt":"2010-12-11T17:20:20","guid":{"rendered":"http:\/\/arteeluoghi.it\/index.php\/2010\/12\/11\/saporecolore-gli-scatti-di-alessandra-de-donatis\/"},"modified":"2010-12-11T18:20:20","modified_gmt":"2010-12-11T17:20:20","slug":"saporecolore-gli-scatti-di-alessandra-de-donatis","status":"publish","type":"post","link":"https:\/\/arteeluoghi.it\/index.php\/2010\/12\/11\/saporecolore-gli-scatti-di-alessandra-de-donatis\/","title":{"rendered":"Saporecolore. Gli scatti di Alessandra de Donatis"},"content":{"rendered":"<p><img src=\"\/images\/stories\/locandina.jpg\" border=\"0\" width=\"350\" style=\"vertical-align: text-top; margin: 21px; float: left; border: 0pt none;\" \/><\/p>\n<p>\u00a0<\/p>\n<p>\u00a0<\/p>\n<p>Si intitola  \u201cSaporecolore\u201d \u00a0la mostra fotografica di Alessandra de Donatis che si inaugura, sabato 11  dicembre ore 19, negli spazi di \u201cPane e Olio\u201d (via Rocco Scotellaro, 18 \u2013 Lecce) un luogo del  sapore per eccellenza che nell\u2019ottica dell\u2019apertura all\u2019arte nei non luoghi diventa spazio espositivo.<\/p>\n<p>Alessandra de  Donatis, con i suoi scatti, racconta il territorio attraverso la percezione dei colori e dei profumi la suggestione  dei paesaggi cos\u00ec come la bont\u00e0 dei prodotti che Madre Natura offre al contadino come al pescatori contraccambiando  un lavoro duro, spesso amaro perch\u00e9 poco considerato. Le foto di Alessandra de Donatis impreziosiscono  il volume \u201cIl Gusto del Tacco di Italia\u201d di Anna Maria Chirone Arn\u00f2, edizioni Il Raggio  Verde.<\/p>\n<p>Una mostra  dunque e un libro, presentati da Gabriele Margiotta responsabile Commissione Internazionalizzazione di Confindustria.<\/p>\n<p>La mostra si  potr\u00e0 visitare fino al 30 dicembre 2010.<\/p>\n<p>Alessandra de Donatis, con i suoi scatti, ha  illustrato ogni singola ricetta del \u201cGusto del Tacco d\u2019Italia\u201d.<\/p>\n<p>Fotografa professionista dal 1980, prima a\u00a0  Bologna e successivamente a Roma, dove ha collaborato a riviste specializzate, soprattutto nel campo della moda e del turismo.\u00a0  Specializzata in ritratti in bianco e nero, oggetto peraltro di varie  mostre fotografiche, si dedica soprattutto alla fotografia di taglio paesaggistico. Nel 2004 ha istituito a Lecce &#8220;Fotoscuolalecce&#8221;, della quale \u00e8 responsabile e docente.<\/p>\n","protected":false},"excerpt":{"rendered":"<p>\u00a0 \u00a0 Si intitola \u201cSaporecolore\u201d \u00a0la mostra fotografica di Alessandra de Donatis che si inaugura, sabato 11 dicembre ore 19,<\/p>\n","protected":false},"author":1,"featured_media":0,"comment_status":"open","ping_status":"open","sticky":false,"template":"","format":"standard","meta":[],"categories":[3],"tags":[],"yoast_head":"<!-- This site is optimized with the Yoast SEO plugin v18.0 - https:\/\/yoast.com\/wordpress\/plugins\/seo\/ -->\n<title>Saporecolore. Gli scatti di Alessandra de Donatis | Arte e Luoghi<\/title>\n<meta name=\"robots\" content=\"index, follow, max-snippet:-1, max-image-preview:large, max-video-preview:-1\" \/>\n<link rel=\"canonical\" href=\"https:\/\/arteeluoghi.it\/index.php\/2010\/12\/11\/saporecolore-gli-scatti-di-alessandra-de-donatis\/\" \/>\n<meta property=\"og:locale\" content=\"it_IT\" \/>\n<meta property=\"og:type\" content=\"article\" \/>\n<meta property=\"og:title\" content=\"Saporecolore. Gli scatti di Alessandra de Donatis | Arte e Luoghi\" \/>\n<meta property=\"og:description\" content=\"\u00a0 \u00a0 Si intitola \u201cSaporecolore\u201d \u00a0la mostra fotografica di Alessandra de Donatis che si inaugura, sabato 11 dicembre ore 19,\" \/>\n<meta property=\"og:url\" content=\"https:\/\/arteeluoghi.it\/index.php\/2010\/12\/11\/saporecolore-gli-scatti-di-alessandra-de-donatis\/\" \/>\n<meta property=\"og:site_name\" content=\"Arte e Luoghi\" \/>\n<meta property=\"article:publisher\" content=\"https:\/\/www.facebook.com\/ArteELuoghi\/\" \/>\n<meta property=\"article:published_time\" content=\"2010-12-11T17:20:20+00:00\" \/>\n<meta property=\"og:image\" content=\"https:\/\/arteeluoghi.it\/images\/stories\/locandina.jpg\" \/>\n<meta name=\"twitter:card\" content=\"summary\" \/>\n<meta name=\"twitter:creator\" content=\"@arteeluoghi\" \/>\n<meta name=\"twitter:site\" content=\"@arteeluoghi\" \/>\n<meta name=\"twitter:label1\" content=\"Scritto da\" \/>\n\t<meta name=\"twitter:data1\" content=\"Staff\" \/>\n\t<meta name=\"twitter:label2\" content=\"Tempo di lettura stimato\" \/>\n\t<meta name=\"twitter:data2\" content=\"1 minuto\" \/>\n<script type=\"application\/ld+json\" class=\"yoast-schema-graph\">{\"@context\":\"https:\/\/schema.org\",\"@graph\":[{\"@type\":\"Organization\",\"@id\":\"https:\/\/arteeluoghi.it\/#organization\",\"name\":\"Arte e Luoghi\",\"url\":\"https:\/\/arteeluoghi.it\/\",\"sameAs\":[\"https:\/\/www.facebook.com\/ArteELuoghi\/\",\"https:\/\/www.instagram.com\/arteeluoghi\/?hl=it\",\"https:\/\/www.youtube.com\/channel\/UCuRVc4JW4-C5sg9rQB-srkw?view_as=subscriber\",\"https:\/\/twitter.com\/arteeluoghi\"],\"logo\":{\"@type\":\"ImageObject\",\"@id\":\"https:\/\/arteeluoghi.it\/#logo\",\"inLanguage\":\"it-IT\",\"url\":\"https:\/\/arteeluoghi.it\/wp-content\/uploads\/2018\/08\/logoinstagramarte.jpg\",\"contentUrl\":\"https:\/\/arteeluoghi.it\/wp-content\/uploads\/2018\/08\/logoinstagramarte.jpg\",\"width\":150,\"height\":150,\"caption\":\"Arte e Luoghi\"},\"image\":{\"@id\":\"https:\/\/arteeluoghi.it\/#logo\"}},{\"@type\":\"WebSite\",\"@id\":\"https:\/\/arteeluoghi.it\/#website\",\"url\":\"https:\/\/arteeluoghi.it\/\",\"name\":\"Arte e Luoghi\",\"description\":\"Mensile di arte, cultura, turismo e curiosit\u00e0\",\"publisher\":{\"@id\":\"https:\/\/arteeluoghi.it\/#organization\"},\"potentialAction\":[{\"@type\":\"SearchAction\",\"target\":{\"@type\":\"EntryPoint\",\"urlTemplate\":\"https:\/\/arteeluoghi.it\/?s={search_term_string}\"},\"query-input\":\"required name=search_term_string\"}],\"inLanguage\":\"it-IT\"},{\"@type\":\"ImageObject\",\"@id\":\"https:\/\/arteeluoghi.it\/index.php\/2010\/12\/11\/saporecolore-gli-scatti-di-alessandra-de-donatis\/#primaryimage\",\"inLanguage\":\"it-IT\",\"url\":\"\/images\/stories\/locandina.jpg\",\"contentUrl\":\"\/images\/stories\/locandina.jpg\"},{\"@type\":\"WebPage\",\"@id\":\"https:\/\/arteeluoghi.it\/index.php\/2010\/12\/11\/saporecolore-gli-scatti-di-alessandra-de-donatis\/#webpage\",\"url\":\"https:\/\/arteeluoghi.it\/index.php\/2010\/12\/11\/saporecolore-gli-scatti-di-alessandra-de-donatis\/\",\"name\":\"Saporecolore. Gli scatti di Alessandra de Donatis | Arte e Luoghi\",\"isPartOf\":{\"@id\":\"https:\/\/arteeluoghi.it\/#website\"},\"primaryImageOfPage\":{\"@id\":\"https:\/\/arteeluoghi.it\/index.php\/2010\/12\/11\/saporecolore-gli-scatti-di-alessandra-de-donatis\/#primaryimage\"},\"datePublished\":\"2010-12-11T17:20:20+00:00\",\"dateModified\":\"2010-12-11T17:20:20+00:00\",\"breadcrumb\":{\"@id\":\"https:\/\/arteeluoghi.it\/index.php\/2010\/12\/11\/saporecolore-gli-scatti-di-alessandra-de-donatis\/#breadcrumb\"},\"inLanguage\":\"it-IT\",\"potentialAction\":[{\"@type\":\"ReadAction\",\"target\":[\"https:\/\/arteeluoghi.it\/index.php\/2010\/12\/11\/saporecolore-gli-scatti-di-alessandra-de-donatis\/\"]}]},{\"@type\":\"BreadcrumbList\",\"@id\":\"https:\/\/arteeluoghi.it\/index.php\/2010\/12\/11\/saporecolore-gli-scatti-di-alessandra-de-donatis\/#breadcrumb\",\"itemListElement\":[{\"@type\":\"ListItem\",\"position\":1,\"name\":\"Home\",\"item\":\"https:\/\/arteeluoghi.it\/\"},{\"@type\":\"ListItem\",\"position\":2,\"name\":\"Saporecolore. Gli scatti di Alessandra de Donatis\"}]},{\"@type\":\"Article\",\"@id\":\"https:\/\/arteeluoghi.it\/index.php\/2010\/12\/11\/saporecolore-gli-scatti-di-alessandra-de-donatis\/#article\",\"isPartOf\":{\"@id\":\"https:\/\/arteeluoghi.it\/index.php\/2010\/12\/11\/saporecolore-gli-scatti-di-alessandra-de-donatis\/#webpage\"},\"author\":{\"@id\":\"https:\/\/arteeluoghi.it\/#\/schema\/person\/f84e814e36e91e01448ee07eaadd41d4\"},\"headline\":\"Saporecolore. Gli scatti di Alessandra de Donatis\",\"datePublished\":\"2010-12-11T17:20:20+00:00\",\"dateModified\":\"2010-12-11T17:20:20+00:00\",\"mainEntityOfPage\":{\"@id\":\"https:\/\/arteeluoghi.it\/index.php\/2010\/12\/11\/saporecolore-gli-scatti-di-alessandra-de-donatis\/#webpage\"},\"wordCount\":219,\"commentCount\":0,\"publisher\":{\"@id\":\"https:\/\/arteeluoghi.it\/#organization\"},\"image\":{\"@id\":\"https:\/\/arteeluoghi.it\/index.php\/2010\/12\/11\/saporecolore-gli-scatti-di-alessandra-de-donatis\/#primaryimage\"},\"thumbnailUrl\":\"\/images\/stories\/locandina.jpg\",\"articleSection\":[\"Arti visive\"],\"inLanguage\":\"it-IT\",\"potentialAction\":[{\"@type\":\"CommentAction\",\"name\":\"Comment\",\"target\":[\"https:\/\/arteeluoghi.it\/index.php\/2010\/12\/11\/saporecolore-gli-scatti-di-alessandra-de-donatis\/#respond\"]}]},{\"@type\":\"Person\",\"@id\":\"https:\/\/arteeluoghi.it\/#\/schema\/person\/f84e814e36e91e01448ee07eaadd41d4\",\"name\":\"Staff\",\"image\":{\"@type\":\"ImageObject\",\"@id\":\"https:\/\/arteeluoghi.it\/#personlogo\",\"inLanguage\":\"it-IT\",\"url\":\"https:\/\/secure.gravatar.com\/avatar\/49d2f9e46271bb04e19cebfaf141313a?s=96&d=blank&r=g\",\"contentUrl\":\"https:\/\/secure.gravatar.com\/avatar\/49d2f9e46271bb04e19cebfaf141313a?s=96&d=blank&r=g\",\"caption\":\"Staff\"}}]}<\/script>\n<!-- \/ Yoast SEO plugin. -->","yoast_head_json":{"title":"Saporecolore. Gli scatti di Alessandra de Donatis | Arte e Luoghi","robots":{"index":"index","follow":"follow","max-snippet":"max-snippet:-1","max-image-preview":"max-image-preview:large","max-video-preview":"max-video-preview:-1"},"canonical":"https:\/\/arteeluoghi.it\/index.php\/2010\/12\/11\/saporecolore-gli-scatti-di-alessandra-de-donatis\/","og_locale":"it_IT","og_type":"article","og_title":"Saporecolore. Gli scatti di Alessandra de Donatis | Arte e Luoghi","og_description":"\u00a0 \u00a0 Si intitola \u201cSaporecolore\u201d \u00a0la mostra fotografica di Alessandra de Donatis che si inaugura, sabato 11 dicembre ore 19,","og_url":"https:\/\/arteeluoghi.it\/index.php\/2010\/12\/11\/saporecolore-gli-scatti-di-alessandra-de-donatis\/","og_site_name":"Arte e Luoghi","article_publisher":"https:\/\/www.facebook.com\/ArteELuoghi\/","article_published_time":"2010-12-11T17:20:20+00:00","og_image":[{"url":"https:\/\/arteeluoghi.it\/images\/stories\/locandina.jpg"}],"twitter_card":"summary","twitter_creator":"@arteeluoghi","twitter_site":"@arteeluoghi","twitter_misc":{"Scritto da":"Staff","Tempo di lettura stimato":"1 minuto"},"schema":{"@context":"https:\/\/schema.org","@graph":[{"@type":"Organization","@id":"https:\/\/arteeluoghi.it\/#organization","name":"Arte e Luoghi","url":"https:\/\/arteeluoghi.it\/","sameAs":["https:\/\/www.facebook.com\/ArteELuoghi\/","https:\/\/www.instagram.com\/arteeluoghi\/?hl=it","https:\/\/www.youtube.com\/channel\/UCuRVc4JW4-C5sg9rQB-srkw?view_as=subscriber","https:\/\/twitter.com\/arteeluoghi"],"logo":{"@type":"ImageObject","@id":"https:\/\/arteeluoghi.it\/#logo","inLanguage":"it-IT","url":"https:\/\/arteeluoghi.it\/wp-content\/uploads\/2018\/08\/logoinstagramarte.jpg","contentUrl":"https:\/\/arteeluoghi.it\/wp-content\/uploads\/2018\/08\/logoinstagramarte.jpg","width":150,"height":150,"caption":"Arte e Luoghi"},"image":{"@id":"https:\/\/arteeluoghi.it\/#logo"}},{"@type":"WebSite","@id":"https:\/\/arteeluoghi.it\/#website","url":"https:\/\/arteeluoghi.it\/","name":"Arte e Luoghi","description":"Mensile di arte, cultura, turismo e curiosit\u00e0","publisher":{"@id":"https:\/\/arteeluoghi.it\/#organization"},"potentialAction":[{"@type":"SearchAction","target":{"@type":"EntryPoint","urlTemplate":"https:\/\/arteeluoghi.it\/?s={search_term_string}"},"query-input":"required name=search_term_string"}],"inLanguage":"it-IT"},{"@type":"ImageObject","@id":"https:\/\/arteeluoghi.it\/index.php\/2010\/12\/11\/saporecolore-gli-scatti-di-alessandra-de-donatis\/#primaryimage","inLanguage":"it-IT","url":"\/images\/stories\/locandina.jpg","contentUrl":"\/images\/stories\/locandina.jpg"},{"@type":"WebPage","@id":"https:\/\/arteeluoghi.it\/index.php\/2010\/12\/11\/saporecolore-gli-scatti-di-alessandra-de-donatis\/#webpage","url":"https:\/\/arteeluoghi.it\/index.php\/2010\/12\/11\/saporecolore-gli-scatti-di-alessandra-de-donatis\/","name":"Saporecolore. Gli scatti di Alessandra de Donatis | Arte e Luoghi","isPartOf":{"@id":"https:\/\/arteeluoghi.it\/#website"},"primaryImageOfPage":{"@id":"https:\/\/arteeluoghi.it\/index.php\/2010\/12\/11\/saporecolore-gli-scatti-di-alessandra-de-donatis\/#primaryimage"},"datePublished":"2010-12-11T17:20:20+00:00","dateModified":"2010-12-11T17:20:20+00:00","breadcrumb":{"@id":"https:\/\/arteeluoghi.it\/index.php\/2010\/12\/11\/saporecolore-gli-scatti-di-alessandra-de-donatis\/#breadcrumb"},"inLanguage":"it-IT","potentialAction":[{"@type":"ReadAction","target":["https:\/\/arteeluoghi.it\/index.php\/2010\/12\/11\/saporecolore-gli-scatti-di-alessandra-de-donatis\/"]}]},{"@type":"BreadcrumbList","@id":"https:\/\/arteeluoghi.it\/index.php\/2010\/12\/11\/saporecolore-gli-scatti-di-alessandra-de-donatis\/#breadcrumb","itemListElement":[{"@type":"ListItem","position":1,"name":"Home","item":"https:\/\/arteeluoghi.it\/"},{"@type":"ListItem","position":2,"name":"Saporecolore. Gli scatti di Alessandra de Donatis"}]},{"@type":"Article","@id":"https:\/\/arteeluoghi.it\/index.php\/2010\/12\/11\/saporecolore-gli-scatti-di-alessandra-de-donatis\/#article","isPartOf":{"@id":"https:\/\/arteeluoghi.it\/index.php\/2010\/12\/11\/saporecolore-gli-scatti-di-alessandra-de-donatis\/#webpage"},"author":{"@id":"https:\/\/arteeluoghi.it\/#\/schema\/person\/f84e814e36e91e01448ee07eaadd41d4"},"headline":"Saporecolore. Gli scatti di Alessandra de Donatis","datePublished":"2010-12-11T17:20:20+00:00","dateModified":"2010-12-11T17:20:20+00:00","mainEntityOfPage":{"@id":"https:\/\/arteeluoghi.it\/index.php\/2010\/12\/11\/saporecolore-gli-scatti-di-alessandra-de-donatis\/#webpage"},"wordCount":219,"commentCount":0,"publisher":{"@id":"https:\/\/arteeluoghi.it\/#organization"},"image":{"@id":"https:\/\/arteeluoghi.it\/index.php\/2010\/12\/11\/saporecolore-gli-scatti-di-alessandra-de-donatis\/#primaryimage"},"thumbnailUrl":"\/images\/stories\/locandina.jpg","articleSection":["Arti visive"],"inLanguage":"it-IT","potentialAction":[{"@type":"CommentAction","name":"Comment","target":["https:\/\/arteeluoghi.it\/index.php\/2010\/12\/11\/saporecolore-gli-scatti-di-alessandra-de-donatis\/#respond"]}]},{"@type":"Person","@id":"https:\/\/arteeluoghi.it\/#\/schema\/person\/f84e814e36e91e01448ee07eaadd41d4","name":"Staff","image":{"@type":"ImageObject","@id":"https:\/\/arteeluoghi.it\/#personlogo","inLanguage":"it-IT","url":"https:\/\/secure.gravatar.com\/avatar\/49d2f9e46271bb04e19cebfaf141313a?s=96&d=blank&r=g","contentUrl":"https:\/\/secure.gravatar.com\/avatar\/49d2f9e46271bb04e19cebfaf141313a?s=96&d=blank&r=g","caption":"Staff"}}]}},"_links":{"self":[{"href":"https:\/\/arteeluoghi.it\/index.php\/wp-json\/wp\/v2\/posts\/116"}],"collection":[{"href":"https:\/\/arteeluoghi.it\/index.php\/wp-json\/wp\/v2\/posts"}],"about":[{"href":"https:\/\/arteeluoghi.it\/index.php\/wp-json\/wp\/v2\/types\/post"}],"author":[{"embeddable":true,"href":"https:\/\/arteeluoghi.it\/index.php\/wp-json\/wp\/v2\/users\/1"}],"replies":[{"embeddable":true,"href":"https:\/\/arteeluoghi.it\/index.php\/wp-json\/wp\/v2\/comments?post=116"}],"version-history":[{"count":0,"href":"https:\/\/arteeluoghi.it\/index.php\/wp-json\/wp\/v2\/posts\/116\/revisions"}],"wp:attachment":[{"href":"https:\/\/arteeluoghi.it\/index.php\/wp-json\/wp\/v2\/media?parent=116"}],"wp:term":[{"taxonomy":"category","embeddable":true,"href":"https:\/\/arteeluoghi.it\/index.php\/wp-json\/wp\/v2\/categories?post=116"},{"taxonomy":"post_tag","embeddable":true,"href":"https:\/\/arteeluoghi.it\/index.php\/wp-json\/wp\/v2\/tags?post=116"}],"curies":[{"name":"wp","href":"https:\/\/api.w.org\/{rel}","templated":true}]}}