{"id":1160,"date":"2013-05-30T17:23:46","date_gmt":"2013-05-30T15:23:46","guid":{"rendered":"http:\/\/arteeluoghi.it\/index.php\/2013\/05\/30\/una-notte-in-biblioteca\/"},"modified":"2017-08-06T23:27:41","modified_gmt":"2017-08-06T21:27:41","slug":"una-notte-in-biblioteca","status":"publish","type":"post","link":"https:\/\/arteeluoghi.it\/index.php\/2013\/05\/30\/una-notte-in-biblioteca\/","title":{"rendered":"Una notte in biblioteca"},"content":{"rendered":"<p style=\"text-align: left;\"><img src=\"\/images\/bibliotecalecce.jpg\" border=\"0\" style=\"float: right; margin: 21px; border: 1px solid black;\" \/>Iniziative per i bambini, ma anche per gli adulti nell&#8217;ambito della Festa del Libro per ragazzi il 25 maggio a Lecce<\/p>\n<p><strong><span style=\"font-size: small;\">LA BIBLIOTECA PROVINCIALE DI LECCE APERTA AL PUBBLICO PER UNA NOTTE<\/span><\/strong><br \/>In mostra anche alcuni dei testi pi\u00f9 pregiati<\/p>\n<p>di <strong>Gabriele De Blasi<\/strong><\/p>\n<p>E\u2019 stata un vero successo, ben al di l\u00e0 delle previsioni, la \u201cNotte bianca in biblioteca\u201d, che si \u00e8 svolta anche a Lecce, lo scorso Sabato 25 Maggio. L\u2019iniziativa rientrava nell\u2019ampio programma della \u201cFesta del libro per ragazzi\u201d e, oltre che nel comune capoluogo, si \u00e8 svolta anche a Galatina, Nard\u00f2, Porto Cesareo, Supersano, Taurisano e Tuglie. A Lecce, \u00e8 stata la Biblioteca Provinciale \u201cN. Bernardini\u201d la struttura che ha ospitato l\u2019evento.<\/p>\n<p>  <!--more-->  <\/p>\n<p>La storica istituzione culturale cittadina \u00e8 rimasta aperta al pubblico fin oltre la mezzanotte, ospitando non soltanto decine di bambini (ai quali l\u2019iniziativa era, comunque, dedicata), ma anche numerosi adulti, che non hanno voluto perdere l\u2019occasione per conoscere uno dei luoghi che continua a preservare la storia del nostro territorio. E\u2019 stato, forse, proprio questo l\u2019aspetto pi\u00f9 sorprendente della serata: non solo i genitori dei bimbi ospiti, ma anche molte altre persone che transitavano nei pressi del Convitto Palmieri (storica sede della Biblioteca) hanno deciso di trattenersi all\u2019interno, dove Gabriele De Blasi ha illustrato l\u2019importanza dei veri e propri tesori conservati nella \u201cBernardini\u201d, spiegando anche il funzionamento della stessa e sottolineando l\u2019importanza di tutti i servizi offerti dalla Biblioteca. Particolarmente significativo, interessante, ma anche divertente il momento in cui i visitatori hanno avuto l\u2019opportunit\u00e0 di venire a contatto ravvicinato con alcune dei \u201cpezzi pregiati\u201d del patrimonio bibliotecario: in particolare, sono stati messi a disposizione del pubblico alcuni manoscritti originali di Cosimo De Giorgi, vari esemplari dell\u2019\u201dEmeroteca Storica Salentina\u201d (tra cui il \u201cCittadino Leccese\u201d del 1861 \u2013 anno dell\u2019Unit\u00e0 d\u2019Italia \u2013 e il \u201cCorriere Meridionale\u201d del 1913), nonch\u00e9 un prezioso testo del 1600 (\u201cDel bene de lo Stato de\u2019 Religiosi\u201d), grazie al quale, grandi e piccoli, hanno potuto verificare le trasformazioni della lingua italiana (sia morfologiche che sintattiche) avvenute negli ultimi quattro secoli. Nel frattempo, i volontari del progetto \u201cNati per leggere\u201d, coordinati di Giovanna Rosato, hanno condotto alcune decine di bambini nel mondo dei libri, sollecitando nei pi\u00f9 piccoli il desiderio di concedersi al piacere della lettura. E anche qui \u00e8 stata sorprendente non solo l\u2019ampia partecipazione dei bambini, ma, soprattutto, l\u2019interesse e la passione con cui tutti hanno seguito le \u201cletture animate\u201d. Per la riuscita della manifestazione, \u00e8 stato assai importante anche il contributo di Valeria Giannuzzi e Roberto Santoro, della societ\u00e0 \u201cAxa\u201d, che hanno accolto tutti i visitatori, provvedendo anche a registrare numerose iscrizioni e ad effettuare alcuni prestiti.<\/p>\n","protected":false},"excerpt":{"rendered":"<p>Iniziative per i bambini, ma anche per gli adulti nell&#8217;ambito della Festa del Libro per ragazzi il 25 maggio a<\/p>\n","protected":false},"author":1,"featured_media":0,"comment_status":"open","ping_status":"open","sticky":false,"template":"","format":"standard","meta":[],"categories":[52],"tags":[],"yoast_head":"<!-- This site is optimized with the Yoast SEO plugin v18.0 - https:\/\/yoast.com\/wordpress\/plugins\/seo\/ -->\n<title>Una notte in biblioteca | Arte e Luoghi<\/title>\n<meta name=\"robots\" content=\"index, follow, max-snippet:-1, max-image-preview:large, max-video-preview:-1\" \/>\n<link rel=\"canonical\" href=\"https:\/\/arteeluoghi.it\/index.php\/2013\/05\/30\/una-notte-in-biblioteca\/\" \/>\n<meta property=\"og:locale\" content=\"it_IT\" \/>\n<meta property=\"og:type\" content=\"article\" \/>\n<meta property=\"og:title\" content=\"Una notte in biblioteca | Arte e Luoghi\" \/>\n<meta property=\"og:description\" content=\"Iniziative per i bambini, ma anche per gli adulti nell&#8217;ambito della Festa del Libro per ragazzi il 25 maggio a\" \/>\n<meta property=\"og:url\" content=\"https:\/\/arteeluoghi.it\/index.php\/2013\/05\/30\/una-notte-in-biblioteca\/\" \/>\n<meta property=\"og:site_name\" content=\"Arte e Luoghi\" \/>\n<meta property=\"article:publisher\" content=\"https:\/\/www.facebook.com\/ArteELuoghi\/\" \/>\n<meta property=\"article:published_time\" content=\"2013-05-30T15:23:46+00:00\" \/>\n<meta property=\"article:modified_time\" content=\"2017-08-06T21:27:41+00:00\" \/>\n<meta property=\"og:image\" content=\"https:\/\/arteeluoghi.it\/images\/bibliotecalecce.jpg\" \/>\n<meta name=\"twitter:card\" content=\"summary\" \/>\n<meta name=\"twitter:creator\" content=\"@arteeluoghi\" \/>\n<meta name=\"twitter:site\" content=\"@arteeluoghi\" \/>\n<meta name=\"twitter:label1\" content=\"Scritto da\" \/>\n\t<meta name=\"twitter:data1\" content=\"Staff\" \/>\n\t<meta name=\"twitter:label2\" content=\"Tempo di lettura stimato\" \/>\n\t<meta name=\"twitter:data2\" content=\"2 minuti\" \/>\n<script type=\"application\/ld+json\" class=\"yoast-schema-graph\">{\"@context\":\"https:\/\/schema.org\",\"@graph\":[{\"@type\":\"Organization\",\"@id\":\"https:\/\/arteeluoghi.it\/#organization\",\"name\":\"Arte e Luoghi\",\"url\":\"https:\/\/arteeluoghi.it\/\",\"sameAs\":[\"https:\/\/www.facebook.com\/ArteELuoghi\/\",\"https:\/\/www.instagram.com\/arteeluoghi\/?hl=it\",\"https:\/\/www.youtube.com\/channel\/UCuRVc4JW4-C5sg9rQB-srkw?view_as=subscriber\",\"https:\/\/twitter.com\/arteeluoghi\"],\"logo\":{\"@type\":\"ImageObject\",\"@id\":\"https:\/\/arteeluoghi.it\/#logo\",\"inLanguage\":\"it-IT\",\"url\":\"https:\/\/arteeluoghi.it\/wp-content\/uploads\/2018\/08\/logoinstagramarte.jpg\",\"contentUrl\":\"https:\/\/arteeluoghi.it\/wp-content\/uploads\/2018\/08\/logoinstagramarte.jpg\",\"width\":150,\"height\":150,\"caption\":\"Arte e Luoghi\"},\"image\":{\"@id\":\"https:\/\/arteeluoghi.it\/#logo\"}},{\"@type\":\"WebSite\",\"@id\":\"https:\/\/arteeluoghi.it\/#website\",\"url\":\"https:\/\/arteeluoghi.it\/\",\"name\":\"Arte e Luoghi\",\"description\":\"Mensile di arte, cultura, turismo e curiosit\u00e0\",\"publisher\":{\"@id\":\"https:\/\/arteeluoghi.it\/#organization\"},\"potentialAction\":[{\"@type\":\"SearchAction\",\"target\":{\"@type\":\"EntryPoint\",\"urlTemplate\":\"https:\/\/arteeluoghi.it\/?s={search_term_string}\"},\"query-input\":\"required name=search_term_string\"}],\"inLanguage\":\"it-IT\"},{\"@type\":\"ImageObject\",\"@id\":\"https:\/\/arteeluoghi.it\/index.php\/2013\/05\/30\/una-notte-in-biblioteca\/#primaryimage\",\"inLanguage\":\"it-IT\",\"url\":\"\/images\/bibliotecalecce.jpg\",\"contentUrl\":\"\/images\/bibliotecalecce.jpg\"},{\"@type\":\"WebPage\",\"@id\":\"https:\/\/arteeluoghi.it\/index.php\/2013\/05\/30\/una-notte-in-biblioteca\/#webpage\",\"url\":\"https:\/\/arteeluoghi.it\/index.php\/2013\/05\/30\/una-notte-in-biblioteca\/\",\"name\":\"Una notte in biblioteca | Arte e Luoghi\",\"isPartOf\":{\"@id\":\"https:\/\/arteeluoghi.it\/#website\"},\"primaryImageOfPage\":{\"@id\":\"https:\/\/arteeluoghi.it\/index.php\/2013\/05\/30\/una-notte-in-biblioteca\/#primaryimage\"},\"datePublished\":\"2013-05-30T15:23:46+00:00\",\"dateModified\":\"2017-08-06T21:27:41+00:00\",\"breadcrumb\":{\"@id\":\"https:\/\/arteeluoghi.it\/index.php\/2013\/05\/30\/una-notte-in-biblioteca\/#breadcrumb\"},\"inLanguage\":\"it-IT\",\"potentialAction\":[{\"@type\":\"ReadAction\",\"target\":[\"https:\/\/arteeluoghi.it\/index.php\/2013\/05\/30\/una-notte-in-biblioteca\/\"]}]},{\"@type\":\"BreadcrumbList\",\"@id\":\"https:\/\/arteeluoghi.it\/index.php\/2013\/05\/30\/una-notte-in-biblioteca\/#breadcrumb\",\"itemListElement\":[{\"@type\":\"ListItem\",\"position\":1,\"name\":\"Home\",\"item\":\"https:\/\/arteeluoghi.it\/\"},{\"@type\":\"ListItem\",\"position\":2,\"name\":\"Una notte in biblioteca\"}]},{\"@type\":\"Article\",\"@id\":\"https:\/\/arteeluoghi.it\/index.php\/2013\/05\/30\/una-notte-in-biblioteca\/#article\",\"isPartOf\":{\"@id\":\"https:\/\/arteeluoghi.it\/index.php\/2013\/05\/30\/una-notte-in-biblioteca\/#webpage\"},\"author\":{\"@id\":\"https:\/\/arteeluoghi.it\/#\/schema\/person\/f84e814e36e91e01448ee07eaadd41d4\"},\"headline\":\"Una notte in biblioteca\",\"datePublished\":\"2013-05-30T15:23:46+00:00\",\"dateModified\":\"2017-08-06T21:27:41+00:00\",\"mainEntityOfPage\":{\"@id\":\"https:\/\/arteeluoghi.it\/index.php\/2013\/05\/30\/una-notte-in-biblioteca\/#webpage\"},\"wordCount\":442,\"commentCount\":0,\"publisher\":{\"@id\":\"https:\/\/arteeluoghi.it\/#organization\"},\"image\":{\"@id\":\"https:\/\/arteeluoghi.it\/index.php\/2013\/05\/30\/una-notte-in-biblioteca\/#primaryimage\"},\"thumbnailUrl\":\"\/images\/bibliotecalecce.jpg\",\"articleSection\":[\"I luoghi della parola\"],\"inLanguage\":\"it-IT\",\"potentialAction\":[{\"@type\":\"CommentAction\",\"name\":\"Comment\",\"target\":[\"https:\/\/arteeluoghi.it\/index.php\/2013\/05\/30\/una-notte-in-biblioteca\/#respond\"]}]},{\"@type\":\"Person\",\"@id\":\"https:\/\/arteeluoghi.it\/#\/schema\/person\/f84e814e36e91e01448ee07eaadd41d4\",\"name\":\"Staff\",\"image\":{\"@type\":\"ImageObject\",\"@id\":\"https:\/\/arteeluoghi.it\/#personlogo\",\"inLanguage\":\"it-IT\",\"url\":\"https:\/\/secure.gravatar.com\/avatar\/49d2f9e46271bb04e19cebfaf141313a?s=96&d=blank&r=g\",\"contentUrl\":\"https:\/\/secure.gravatar.com\/avatar\/49d2f9e46271bb04e19cebfaf141313a?s=96&d=blank&r=g\",\"caption\":\"Staff\"}}]}<\/script>\n<!-- \/ Yoast SEO plugin. -->","yoast_head_json":{"title":"Una notte in biblioteca | Arte e Luoghi","robots":{"index":"index","follow":"follow","max-snippet":"max-snippet:-1","max-image-preview":"max-image-preview:large","max-video-preview":"max-video-preview:-1"},"canonical":"https:\/\/arteeluoghi.it\/index.php\/2013\/05\/30\/una-notte-in-biblioteca\/","og_locale":"it_IT","og_type":"article","og_title":"Una notte in biblioteca | Arte e Luoghi","og_description":"Iniziative per i bambini, ma anche per gli adulti nell&#8217;ambito della Festa del Libro per ragazzi il 25 maggio a","og_url":"https:\/\/arteeluoghi.it\/index.php\/2013\/05\/30\/una-notte-in-biblioteca\/","og_site_name":"Arte e Luoghi","article_publisher":"https:\/\/www.facebook.com\/ArteELuoghi\/","article_published_time":"2013-05-30T15:23:46+00:00","article_modified_time":"2017-08-06T21:27:41+00:00","og_image":[{"url":"https:\/\/arteeluoghi.it\/images\/bibliotecalecce.jpg"}],"twitter_card":"summary","twitter_creator":"@arteeluoghi","twitter_site":"@arteeluoghi","twitter_misc":{"Scritto da":"Staff","Tempo di lettura stimato":"2 minuti"},"schema":{"@context":"https:\/\/schema.org","@graph":[{"@type":"Organization","@id":"https:\/\/arteeluoghi.it\/#organization","name":"Arte e Luoghi","url":"https:\/\/arteeluoghi.it\/","sameAs":["https:\/\/www.facebook.com\/ArteELuoghi\/","https:\/\/www.instagram.com\/arteeluoghi\/?hl=it","https:\/\/www.youtube.com\/channel\/UCuRVc4JW4-C5sg9rQB-srkw?view_as=subscriber","https:\/\/twitter.com\/arteeluoghi"],"logo":{"@type":"ImageObject","@id":"https:\/\/arteeluoghi.it\/#logo","inLanguage":"it-IT","url":"https:\/\/arteeluoghi.it\/wp-content\/uploads\/2018\/08\/logoinstagramarte.jpg","contentUrl":"https:\/\/arteeluoghi.it\/wp-content\/uploads\/2018\/08\/logoinstagramarte.jpg","width":150,"height":150,"caption":"Arte e Luoghi"},"image":{"@id":"https:\/\/arteeluoghi.it\/#logo"}},{"@type":"WebSite","@id":"https:\/\/arteeluoghi.it\/#website","url":"https:\/\/arteeluoghi.it\/","name":"Arte e Luoghi","description":"Mensile di arte, cultura, turismo e curiosit\u00e0","publisher":{"@id":"https:\/\/arteeluoghi.it\/#organization"},"potentialAction":[{"@type":"SearchAction","target":{"@type":"EntryPoint","urlTemplate":"https:\/\/arteeluoghi.it\/?s={search_term_string}"},"query-input":"required name=search_term_string"}],"inLanguage":"it-IT"},{"@type":"ImageObject","@id":"https:\/\/arteeluoghi.it\/index.php\/2013\/05\/30\/una-notte-in-biblioteca\/#primaryimage","inLanguage":"it-IT","url":"\/images\/bibliotecalecce.jpg","contentUrl":"\/images\/bibliotecalecce.jpg"},{"@type":"WebPage","@id":"https:\/\/arteeluoghi.it\/index.php\/2013\/05\/30\/una-notte-in-biblioteca\/#webpage","url":"https:\/\/arteeluoghi.it\/index.php\/2013\/05\/30\/una-notte-in-biblioteca\/","name":"Una notte in biblioteca | Arte e Luoghi","isPartOf":{"@id":"https:\/\/arteeluoghi.it\/#website"},"primaryImageOfPage":{"@id":"https:\/\/arteeluoghi.it\/index.php\/2013\/05\/30\/una-notte-in-biblioteca\/#primaryimage"},"datePublished":"2013-05-30T15:23:46+00:00","dateModified":"2017-08-06T21:27:41+00:00","breadcrumb":{"@id":"https:\/\/arteeluoghi.it\/index.php\/2013\/05\/30\/una-notte-in-biblioteca\/#breadcrumb"},"inLanguage":"it-IT","potentialAction":[{"@type":"ReadAction","target":["https:\/\/arteeluoghi.it\/index.php\/2013\/05\/30\/una-notte-in-biblioteca\/"]}]},{"@type":"BreadcrumbList","@id":"https:\/\/arteeluoghi.it\/index.php\/2013\/05\/30\/una-notte-in-biblioteca\/#breadcrumb","itemListElement":[{"@type":"ListItem","position":1,"name":"Home","item":"https:\/\/arteeluoghi.it\/"},{"@type":"ListItem","position":2,"name":"Una notte in biblioteca"}]},{"@type":"Article","@id":"https:\/\/arteeluoghi.it\/index.php\/2013\/05\/30\/una-notte-in-biblioteca\/#article","isPartOf":{"@id":"https:\/\/arteeluoghi.it\/index.php\/2013\/05\/30\/una-notte-in-biblioteca\/#webpage"},"author":{"@id":"https:\/\/arteeluoghi.it\/#\/schema\/person\/f84e814e36e91e01448ee07eaadd41d4"},"headline":"Una notte in biblioteca","datePublished":"2013-05-30T15:23:46+00:00","dateModified":"2017-08-06T21:27:41+00:00","mainEntityOfPage":{"@id":"https:\/\/arteeluoghi.it\/index.php\/2013\/05\/30\/una-notte-in-biblioteca\/#webpage"},"wordCount":442,"commentCount":0,"publisher":{"@id":"https:\/\/arteeluoghi.it\/#organization"},"image":{"@id":"https:\/\/arteeluoghi.it\/index.php\/2013\/05\/30\/una-notte-in-biblioteca\/#primaryimage"},"thumbnailUrl":"\/images\/bibliotecalecce.jpg","articleSection":["I luoghi della parola"],"inLanguage":"it-IT","potentialAction":[{"@type":"CommentAction","name":"Comment","target":["https:\/\/arteeluoghi.it\/index.php\/2013\/05\/30\/una-notte-in-biblioteca\/#respond"]}]},{"@type":"Person","@id":"https:\/\/arteeluoghi.it\/#\/schema\/person\/f84e814e36e91e01448ee07eaadd41d4","name":"Staff","image":{"@type":"ImageObject","@id":"https:\/\/arteeluoghi.it\/#personlogo","inLanguage":"it-IT","url":"https:\/\/secure.gravatar.com\/avatar\/49d2f9e46271bb04e19cebfaf141313a?s=96&d=blank&r=g","contentUrl":"https:\/\/secure.gravatar.com\/avatar\/49d2f9e46271bb04e19cebfaf141313a?s=96&d=blank&r=g","caption":"Staff"}}]}},"_links":{"self":[{"href":"https:\/\/arteeluoghi.it\/index.php\/wp-json\/wp\/v2\/posts\/1160"}],"collection":[{"href":"https:\/\/arteeluoghi.it\/index.php\/wp-json\/wp\/v2\/posts"}],"about":[{"href":"https:\/\/arteeluoghi.it\/index.php\/wp-json\/wp\/v2\/types\/post"}],"author":[{"embeddable":true,"href":"https:\/\/arteeluoghi.it\/index.php\/wp-json\/wp\/v2\/users\/1"}],"replies":[{"embeddable":true,"href":"https:\/\/arteeluoghi.it\/index.php\/wp-json\/wp\/v2\/comments?post=1160"}],"version-history":[{"count":1,"href":"https:\/\/arteeluoghi.it\/index.php\/wp-json\/wp\/v2\/posts\/1160\/revisions"}],"predecessor-version":[{"id":3033,"href":"https:\/\/arteeluoghi.it\/index.php\/wp-json\/wp\/v2\/posts\/1160\/revisions\/3033"}],"wp:attachment":[{"href":"https:\/\/arteeluoghi.it\/index.php\/wp-json\/wp\/v2\/media?parent=1160"}],"wp:term":[{"taxonomy":"category","embeddable":true,"href":"https:\/\/arteeluoghi.it\/index.php\/wp-json\/wp\/v2\/categories?post=1160"},{"taxonomy":"post_tag","embeddable":true,"href":"https:\/\/arteeluoghi.it\/index.php\/wp-json\/wp\/v2\/tags?post=1160"}],"curies":[{"name":"wp","href":"https:\/\/api.w.org\/{rel}","templated":true}]}}