{"id":11611,"date":"2022-08-10T08:56:00","date_gmt":"2022-08-10T06:56:00","guid":{"rendered":"https:\/\/arteeluoghi.it\/?p=11611"},"modified":"2022-09-10T09:07:42","modified_gmt":"2022-09-10T07:07:42","slug":"terracate-al-via-la-terza-edizione","status":"publish","type":"post","link":"https:\/\/arteeluoghi.it\/index.php\/2022\/08\/10\/terracate-al-via-la-terza-edizione\/","title":{"rendered":"Terracate, al via la terza edizione"},"content":{"rendered":"\n<figure class=\"wp-block-pullquote\"><blockquote><p>A Matino, in provincia di Lecce, nel palazzo marchesale dal 18 al 21 agosto <\/p><\/blockquote><\/figure>\n\n\n\n<p>Dal 18 al 21 agosto riparte la terza edizione della rassegna d&#8217;arte contemporanea dell&#8217;associazione &#8220;Terracate &#8211; Cultura Arte Territorio&#8221;!<\/p>\n\n\n\n<!--more-->\n\n\n\n<p>Il titolo dell&#8217;evento, che rimarca lo stesso nome dell&#8217;associazione, \u00e8 &#8220;TERRACATE &#8211; radici, arte e d&#8217;intorni&#8221; ed \u00e8 rivolto ai piedi dei giganti secolari: le radici (&#8216;terracate&#8217; in dialetto salentino).<br>Giocando sulla doppia valenza di questa parola gli artisti narreranno ci\u00f2 che essa pu\u00f2 suscitare sia che ci si riferisca ai doni della terra, sia che si guardi dentro di s\u00e9 per scoprire la propria -intima- provenienza.<br>Nella suggestiva cornice del Palazzo Marchesale di Matino l&#8217;arte sar\u00e0 protagonista nelle sue molteplici forme (compresa la poesia, il teatro e la musica), gli artisti metteranno in mostra la loro creativita&#8217;.<br>La rassegna sar\u00e0 aperta al pubblico tutte le sere dalle 19 alle 23.<\/p>\n\n\n\n<p>(fonte:comunicato stampa)<\/p>\n\n\n\n<p>Associazione &#8220;Terracate &#8211; Cultura Arte Territorio&#8221;<\/p>\n\n\n\n<p>E-mail: associazione.terracate@gmail.com<br><\/p>\n","protected":false},"excerpt":{"rendered":"<p>A Matino, in provincia di Lecce, nel palazzo marchesale dal 18 al 21 agosto Dal 18 al 21 agosto riparte<\/p>\n","protected":false},"author":1,"featured_media":11612,"comment_status":"open","ping_status":"open","sticky":true,"template":"","format":"standard","meta":[],"categories":[3,12,28,43,13],"tags":[],"yoast_head":"<!-- This site is optimized with the Yoast SEO plugin v18.0 - https:\/\/yoast.com\/wordpress\/plugins\/seo\/ -->\n<title>Terracate, al via la terza edizione | Arte e Luoghi<\/title>\n<meta name=\"description\" content=\"A Matino, in provincia di Lecce, nel palazzo marchesale dal 18 al 21 agosto 2022 la rassegna di arte teatro e musica\" \/>\n<meta name=\"robots\" content=\"index, follow, max-snippet:-1, max-image-preview:large, max-video-preview:-1\" \/>\n<link rel=\"canonical\" href=\"https:\/\/arteeluoghi.it\/index.php\/2022\/08\/10\/terracate-al-via-la-terza-edizione\/\" \/>\n<meta property=\"og:locale\" content=\"it_IT\" \/>\n<meta property=\"og:type\" content=\"article\" \/>\n<meta property=\"og:title\" content=\"Terracate, al via la terza edizione | Arte e Luoghi\" \/>\n<meta property=\"og:description\" content=\"A Matino, in provincia di Lecce, nel palazzo marchesale dal 18 al 21 agosto 2022 la rassegna di arte teatro e musica\" \/>\n<meta property=\"og:url\" content=\"https:\/\/arteeluoghi.it\/index.php\/2022\/08\/10\/terracate-al-via-la-terza-edizione\/\" \/>\n<meta property=\"og:site_name\" content=\"Arte e Luoghi\" \/>\n<meta property=\"article:publisher\" content=\"https:\/\/www.facebook.com\/ArteELuoghi\/\" \/>\n<meta property=\"article:published_time\" content=\"2022-08-10T06:56:00+00:00\" \/>\n<meta property=\"article:modified_time\" content=\"2022-09-10T07:07:42+00:00\" \/>\n<meta property=\"og:image\" content=\"https:\/\/arteeluoghi.it\/wp-content\/uploads\/2022\/09\/FB_IMG_1662793534628.jpg\" \/>\n\t<meta property=\"og:image:width\" content=\"1080\" \/>\n\t<meta property=\"og:image:height\" content=\"1542\" \/>\n\t<meta property=\"og:image:type\" content=\"image\/jpeg\" \/>\n<meta name=\"twitter:card\" content=\"summary\" \/>\n<meta name=\"twitter:creator\" content=\"@arteeluoghi\" \/>\n<meta name=\"twitter:site\" content=\"@arteeluoghi\" \/>\n<meta name=\"twitter:label1\" content=\"Scritto da\" \/>\n\t<meta name=\"twitter:data1\" content=\"Staff\" \/>\n\t<meta name=\"twitter:label2\" content=\"Tempo di lettura stimato\" \/>\n\t<meta name=\"twitter:data2\" content=\"1 minuto\" \/>\n<script type=\"application\/ld+json\" class=\"yoast-schema-graph\">{\"@context\":\"https:\/\/schema.org\",\"@graph\":[{\"@type\":\"Organization\",\"@id\":\"https:\/\/arteeluoghi.it\/#organization\",\"name\":\"Arte e Luoghi\",\"url\":\"https:\/\/arteeluoghi.it\/\",\"sameAs\":[\"https:\/\/www.facebook.com\/ArteELuoghi\/\",\"https:\/\/www.instagram.com\/arteeluoghi\/?hl=it\",\"https:\/\/www.youtube.com\/channel\/UCuRVc4JW4-C5sg9rQB-srkw?view_as=subscriber\",\"https:\/\/twitter.com\/arteeluoghi\"],\"logo\":{\"@type\":\"ImageObject\",\"@id\":\"https:\/\/arteeluoghi.it\/#logo\",\"inLanguage\":\"it-IT\",\"url\":\"https:\/\/arteeluoghi.it\/wp-content\/uploads\/2018\/08\/logoinstagramarte.jpg\",\"contentUrl\":\"https:\/\/arteeluoghi.it\/wp-content\/uploads\/2018\/08\/logoinstagramarte.jpg\",\"width\":150,\"height\":150,\"caption\":\"Arte e Luoghi\"},\"image\":{\"@id\":\"https:\/\/arteeluoghi.it\/#logo\"}},{\"@type\":\"WebSite\",\"@id\":\"https:\/\/arteeluoghi.it\/#website\",\"url\":\"https:\/\/arteeluoghi.it\/\",\"name\":\"Arte e Luoghi\",\"description\":\"Mensile di arte, cultura, turismo e curiosit\u00e0\",\"publisher\":{\"@id\":\"https:\/\/arteeluoghi.it\/#organization\"},\"potentialAction\":[{\"@type\":\"SearchAction\",\"target\":{\"@type\":\"EntryPoint\",\"urlTemplate\":\"https:\/\/arteeluoghi.it\/?s={search_term_string}\"},\"query-input\":\"required name=search_term_string\"}],\"inLanguage\":\"it-IT\"},{\"@type\":\"ImageObject\",\"@id\":\"https:\/\/arteeluoghi.it\/index.php\/2022\/08\/10\/terracate-al-via-la-terza-edizione\/#primaryimage\",\"inLanguage\":\"it-IT\",\"url\":\"https:\/\/arteeluoghi.it\/wp-content\/uploads\/2022\/09\/FB_IMG_1662793534628.jpg\",\"contentUrl\":\"https:\/\/arteeluoghi.it\/wp-content\/uploads\/2022\/09\/FB_IMG_1662793534628.jpg\",\"width\":1080,\"height\":1542},{\"@type\":\"WebPage\",\"@id\":\"https:\/\/arteeluoghi.it\/index.php\/2022\/08\/10\/terracate-al-via-la-terza-edizione\/#webpage\",\"url\":\"https:\/\/arteeluoghi.it\/index.php\/2022\/08\/10\/terracate-al-via-la-terza-edizione\/\",\"name\":\"Terracate, al via la terza edizione | Arte e Luoghi\",\"isPartOf\":{\"@id\":\"https:\/\/arteeluoghi.it\/#website\"},\"primaryImageOfPage\":{\"@id\":\"https:\/\/arteeluoghi.it\/index.php\/2022\/08\/10\/terracate-al-via-la-terza-edizione\/#primaryimage\"},\"datePublished\":\"2022-08-10T06:56:00+00:00\",\"dateModified\":\"2022-09-10T07:07:42+00:00\",\"description\":\"A Matino, in provincia di Lecce, nel palazzo marchesale dal 18 al 21 agosto 2022 la rassegna di arte teatro e musica\",\"breadcrumb\":{\"@id\":\"https:\/\/arteeluoghi.it\/index.php\/2022\/08\/10\/terracate-al-via-la-terza-edizione\/#breadcrumb\"},\"inLanguage\":\"it-IT\",\"potentialAction\":[{\"@type\":\"ReadAction\",\"target\":[\"https:\/\/arteeluoghi.it\/index.php\/2022\/08\/10\/terracate-al-via-la-terza-edizione\/\"]}]},{\"@type\":\"BreadcrumbList\",\"@id\":\"https:\/\/arteeluoghi.it\/index.php\/2022\/08\/10\/terracate-al-via-la-terza-edizione\/#breadcrumb\",\"itemListElement\":[{\"@type\":\"ListItem\",\"position\":1,\"name\":\"Home\",\"item\":\"https:\/\/arteeluoghi.it\/\"},{\"@type\":\"ListItem\",\"position\":2,\"name\":\"Terracate, al via la terza edizione\"}]},{\"@type\":\"Article\",\"@id\":\"https:\/\/arteeluoghi.it\/index.php\/2022\/08\/10\/terracate-al-via-la-terza-edizione\/#article\",\"isPartOf\":{\"@id\":\"https:\/\/arteeluoghi.it\/index.php\/2022\/08\/10\/terracate-al-via-la-terza-edizione\/#webpage\"},\"author\":{\"@id\":\"https:\/\/arteeluoghi.it\/#\/schema\/person\/f84e814e36e91e01448ee07eaadd41d4\"},\"headline\":\"Terracate, al via la terza edizione\",\"datePublished\":\"2022-08-10T06:56:00+00:00\",\"dateModified\":\"2022-09-10T07:07:42+00:00\",\"mainEntityOfPage\":{\"@id\":\"https:\/\/arteeluoghi.it\/index.php\/2022\/08\/10\/terracate-al-via-la-terza-edizione\/#webpage\"},\"wordCount\":156,\"commentCount\":0,\"publisher\":{\"@id\":\"https:\/\/arteeluoghi.it\/#organization\"},\"image\":{\"@id\":\"https:\/\/arteeluoghi.it\/index.php\/2022\/08\/10\/terracate-al-via-la-terza-edizione\/#primaryimage\"},\"thumbnailUrl\":\"https:\/\/arteeluoghi.it\/wp-content\/uploads\/2022\/09\/FB_IMG_1662793534628.jpg\",\"articleSection\":[\"Arti visive\",\"MUSICA\",\"Notizie\",\"Storie. L'uomo e il territorio\",\"teatro\"],\"inLanguage\":\"it-IT\",\"potentialAction\":[{\"@type\":\"CommentAction\",\"name\":\"Comment\",\"target\":[\"https:\/\/arteeluoghi.it\/index.php\/2022\/08\/10\/terracate-al-via-la-terza-edizione\/#respond\"]}]},{\"@type\":\"Person\",\"@id\":\"https:\/\/arteeluoghi.it\/#\/schema\/person\/f84e814e36e91e01448ee07eaadd41d4\",\"name\":\"Staff\",\"image\":{\"@type\":\"ImageObject\",\"@id\":\"https:\/\/arteeluoghi.it\/#personlogo\",\"inLanguage\":\"it-IT\",\"url\":\"https:\/\/secure.gravatar.com\/avatar\/49d2f9e46271bb04e19cebfaf141313a?s=96&d=blank&r=g\",\"contentUrl\":\"https:\/\/secure.gravatar.com\/avatar\/49d2f9e46271bb04e19cebfaf141313a?s=96&d=blank&r=g\",\"caption\":\"Staff\"}}]}<\/script>\n<!-- \/ Yoast SEO plugin. -->","yoast_head_json":{"title":"Terracate, al via la terza edizione | Arte e Luoghi","description":"A Matino, in provincia di Lecce, nel palazzo marchesale dal 18 al 21 agosto 2022 la rassegna di arte teatro e musica","robots":{"index":"index","follow":"follow","max-snippet":"max-snippet:-1","max-image-preview":"max-image-preview:large","max-video-preview":"max-video-preview:-1"},"canonical":"https:\/\/arteeluoghi.it\/index.php\/2022\/08\/10\/terracate-al-via-la-terza-edizione\/","og_locale":"it_IT","og_type":"article","og_title":"Terracate, al via la terza edizione | Arte e Luoghi","og_description":"A Matino, in provincia di Lecce, nel palazzo marchesale dal 18 al 21 agosto 2022 la rassegna di arte teatro e musica","og_url":"https:\/\/arteeluoghi.it\/index.php\/2022\/08\/10\/terracate-al-via-la-terza-edizione\/","og_site_name":"Arte e Luoghi","article_publisher":"https:\/\/www.facebook.com\/ArteELuoghi\/","article_published_time":"2022-08-10T06:56:00+00:00","article_modified_time":"2022-09-10T07:07:42+00:00","og_image":[{"width":1080,"height":1542,"url":"https:\/\/arteeluoghi.it\/wp-content\/uploads\/2022\/09\/FB_IMG_1662793534628.jpg","type":"image\/jpeg"}],"twitter_card":"summary","twitter_creator":"@arteeluoghi","twitter_site":"@arteeluoghi","twitter_misc":{"Scritto da":"Staff","Tempo di lettura stimato":"1 minuto"},"schema":{"@context":"https:\/\/schema.org","@graph":[{"@type":"Organization","@id":"https:\/\/arteeluoghi.it\/#organization","name":"Arte e Luoghi","url":"https:\/\/arteeluoghi.it\/","sameAs":["https:\/\/www.facebook.com\/ArteELuoghi\/","https:\/\/www.instagram.com\/arteeluoghi\/?hl=it","https:\/\/www.youtube.com\/channel\/UCuRVc4JW4-C5sg9rQB-srkw?view_as=subscriber","https:\/\/twitter.com\/arteeluoghi"],"logo":{"@type":"ImageObject","@id":"https:\/\/arteeluoghi.it\/#logo","inLanguage":"it-IT","url":"https:\/\/arteeluoghi.it\/wp-content\/uploads\/2018\/08\/logoinstagramarte.jpg","contentUrl":"https:\/\/arteeluoghi.it\/wp-content\/uploads\/2018\/08\/logoinstagramarte.jpg","width":150,"height":150,"caption":"Arte e Luoghi"},"image":{"@id":"https:\/\/arteeluoghi.it\/#logo"}},{"@type":"WebSite","@id":"https:\/\/arteeluoghi.it\/#website","url":"https:\/\/arteeluoghi.it\/","name":"Arte e Luoghi","description":"Mensile di arte, cultura, turismo e curiosit\u00e0","publisher":{"@id":"https:\/\/arteeluoghi.it\/#organization"},"potentialAction":[{"@type":"SearchAction","target":{"@type":"EntryPoint","urlTemplate":"https:\/\/arteeluoghi.it\/?s={search_term_string}"},"query-input":"required name=search_term_string"}],"inLanguage":"it-IT"},{"@type":"ImageObject","@id":"https:\/\/arteeluoghi.it\/index.php\/2022\/08\/10\/terracate-al-via-la-terza-edizione\/#primaryimage","inLanguage":"it-IT","url":"https:\/\/arteeluoghi.it\/wp-content\/uploads\/2022\/09\/FB_IMG_1662793534628.jpg","contentUrl":"https:\/\/arteeluoghi.it\/wp-content\/uploads\/2022\/09\/FB_IMG_1662793534628.jpg","width":1080,"height":1542},{"@type":"WebPage","@id":"https:\/\/arteeluoghi.it\/index.php\/2022\/08\/10\/terracate-al-via-la-terza-edizione\/#webpage","url":"https:\/\/arteeluoghi.it\/index.php\/2022\/08\/10\/terracate-al-via-la-terza-edizione\/","name":"Terracate, al via la terza edizione | Arte e Luoghi","isPartOf":{"@id":"https:\/\/arteeluoghi.it\/#website"},"primaryImageOfPage":{"@id":"https:\/\/arteeluoghi.it\/index.php\/2022\/08\/10\/terracate-al-via-la-terza-edizione\/#primaryimage"},"datePublished":"2022-08-10T06:56:00+00:00","dateModified":"2022-09-10T07:07:42+00:00","description":"A Matino, in provincia di Lecce, nel palazzo marchesale dal 18 al 21 agosto 2022 la rassegna di arte teatro e musica","breadcrumb":{"@id":"https:\/\/arteeluoghi.it\/index.php\/2022\/08\/10\/terracate-al-via-la-terza-edizione\/#breadcrumb"},"inLanguage":"it-IT","potentialAction":[{"@type":"ReadAction","target":["https:\/\/arteeluoghi.it\/index.php\/2022\/08\/10\/terracate-al-via-la-terza-edizione\/"]}]},{"@type":"BreadcrumbList","@id":"https:\/\/arteeluoghi.it\/index.php\/2022\/08\/10\/terracate-al-via-la-terza-edizione\/#breadcrumb","itemListElement":[{"@type":"ListItem","position":1,"name":"Home","item":"https:\/\/arteeluoghi.it\/"},{"@type":"ListItem","position":2,"name":"Terracate, al via la terza edizione"}]},{"@type":"Article","@id":"https:\/\/arteeluoghi.it\/index.php\/2022\/08\/10\/terracate-al-via-la-terza-edizione\/#article","isPartOf":{"@id":"https:\/\/arteeluoghi.it\/index.php\/2022\/08\/10\/terracate-al-via-la-terza-edizione\/#webpage"},"author":{"@id":"https:\/\/arteeluoghi.it\/#\/schema\/person\/f84e814e36e91e01448ee07eaadd41d4"},"headline":"Terracate, al via la terza edizione","datePublished":"2022-08-10T06:56:00+00:00","dateModified":"2022-09-10T07:07:42+00:00","mainEntityOfPage":{"@id":"https:\/\/arteeluoghi.it\/index.php\/2022\/08\/10\/terracate-al-via-la-terza-edizione\/#webpage"},"wordCount":156,"commentCount":0,"publisher":{"@id":"https:\/\/arteeluoghi.it\/#organization"},"image":{"@id":"https:\/\/arteeluoghi.it\/index.php\/2022\/08\/10\/terracate-al-via-la-terza-edizione\/#primaryimage"},"thumbnailUrl":"https:\/\/arteeluoghi.it\/wp-content\/uploads\/2022\/09\/FB_IMG_1662793534628.jpg","articleSection":["Arti visive","MUSICA","Notizie","Storie. L'uomo e il territorio","teatro"],"inLanguage":"it-IT","potentialAction":[{"@type":"CommentAction","name":"Comment","target":["https:\/\/arteeluoghi.it\/index.php\/2022\/08\/10\/terracate-al-via-la-terza-edizione\/#respond"]}]},{"@type":"Person","@id":"https:\/\/arteeluoghi.it\/#\/schema\/person\/f84e814e36e91e01448ee07eaadd41d4","name":"Staff","image":{"@type":"ImageObject","@id":"https:\/\/arteeluoghi.it\/#personlogo","inLanguage":"it-IT","url":"https:\/\/secure.gravatar.com\/avatar\/49d2f9e46271bb04e19cebfaf141313a?s=96&d=blank&r=g","contentUrl":"https:\/\/secure.gravatar.com\/avatar\/49d2f9e46271bb04e19cebfaf141313a?s=96&d=blank&r=g","caption":"Staff"}}]}},"_links":{"self":[{"href":"https:\/\/arteeluoghi.it\/index.php\/wp-json\/wp\/v2\/posts\/11611"}],"collection":[{"href":"https:\/\/arteeluoghi.it\/index.php\/wp-json\/wp\/v2\/posts"}],"about":[{"href":"https:\/\/arteeluoghi.it\/index.php\/wp-json\/wp\/v2\/types\/post"}],"author":[{"embeddable":true,"href":"https:\/\/arteeluoghi.it\/index.php\/wp-json\/wp\/v2\/users\/1"}],"replies":[{"embeddable":true,"href":"https:\/\/arteeluoghi.it\/index.php\/wp-json\/wp\/v2\/comments?post=11611"}],"version-history":[{"count":1,"href":"https:\/\/arteeluoghi.it\/index.php\/wp-json\/wp\/v2\/posts\/11611\/revisions"}],"predecessor-version":[{"id":11613,"href":"https:\/\/arteeluoghi.it\/index.php\/wp-json\/wp\/v2\/posts\/11611\/revisions\/11613"}],"wp:featuredmedia":[{"embeddable":true,"href":"https:\/\/arteeluoghi.it\/index.php\/wp-json\/wp\/v2\/media\/11612"}],"wp:attachment":[{"href":"https:\/\/arteeluoghi.it\/index.php\/wp-json\/wp\/v2\/media?parent=11611"}],"wp:term":[{"taxonomy":"category","embeddable":true,"href":"https:\/\/arteeluoghi.it\/index.php\/wp-json\/wp\/v2\/categories?post=11611"},{"taxonomy":"post_tag","embeddable":true,"href":"https:\/\/arteeluoghi.it\/index.php\/wp-json\/wp\/v2\/tags?post=11611"}],"curies":[{"name":"wp","href":"https:\/\/api.w.org\/{rel}","templated":true}]}}