{"id":11648,"date":"2022-09-30T22:54:00","date_gmt":"2022-09-30T20:54:00","guid":{"rendered":"https:\/\/arteeluoghi.it\/?p=11648"},"modified":"2022-10-01T23:07:38","modified_gmt":"2022-10-01T21:07:38","slug":"a-very-narrow-bridge","status":"publish","type":"post","link":"https:\/\/arteeluoghi.it\/index.php\/2022\/09\/30\/a-very-narrow-bridge\/","title":{"rendered":"&#8220;A very narrow bridge"},"content":{"rendered":"\n<blockquote class=\"wp-block-quote\"><p>I molteplici linguaggi di Israele  in mostra nel Museo ebraico di Lecce grazie alle opere di quindici artisti a confronto<\/p><\/blockquote>\n\n\n\n<p>&#8220;A very narrow bridge&#8221; \u00e8 la mostra inaugurata il 29 settembre nelle sale del Museo Ebraico di Lecce e che sar\u00e0 visitabile fino al 29 settembre 2023. <\/p>\n\n\n\n<p>I mille e un volto di Israele si svelano attraverso la ricerca artistica di quindici artisti nella mostra curata da Fiammetta Martegani, curatrice presso il Museo Eretz Israel. Il titolo richiama un verso del rabbino Nachman di Breslov, che recita: &#8220;Il mondo intero \u00e8 un ponte molto stretto e l&#8217;importante \u00e8 non avere paura\u201d.<br>Con questo forte messaggio di apertura nei confronti dell\u2019altro e degli altri, inaugura la prima mostra di arte contemporanea israeliana, nella splendida cornice del Museo Ebraico di Lecce.<\/p>\n\n\n\n<!--more-->\n\n\n\n<p>Luogo di confronto, incontro e riferimento per portare alla luce e valorizzare la storia della comunit\u00e0 ebraica vissuta anticamente a Lecce, il Museo, nato sei anni fa grazie a Francesco De Giorgi e Michelangelo Mazzotta con la direzione scientifica del professor Fabrizio Lelli, \u00e8 protagonista ancora una volta di un evento culturale di grande rilievo.<\/p>\n\n\n\n<figure class=\"wp-block-gallery columns-3 is-cropped\"><ul class=\"blocks-gallery-grid\"><li class=\"blocks-gallery-item\"><figure><img loading=\"lazy\" width=\"1024\" height=\"655\" src=\"https:\/\/arteeluoghi.it\/wp-content\/uploads\/2022\/10\/BRIDGE-19-1024x655.jpg\" alt=\"\" data-id=\"11654\" data-full-url=\"https:\/\/arteeluoghi.it\/wp-content\/uploads\/2022\/10\/BRIDGE-19.jpg\" data-link=\"https:\/\/arteeluoghi.it\/?attachment_id=11654\" class=\"wp-image-11654\" srcset=\"https:\/\/arteeluoghi.it\/wp-content\/uploads\/2022\/10\/BRIDGE-19-1024x655.jpg 1024w, https:\/\/arteeluoghi.it\/wp-content\/uploads\/2022\/10\/BRIDGE-19-300x192.jpg 300w, https:\/\/arteeluoghi.it\/wp-content\/uploads\/2022\/10\/BRIDGE-19-768x491.jpg 768w, https:\/\/arteeluoghi.it\/wp-content\/uploads\/2022\/10\/BRIDGE-19-1536x983.jpg 1536w, https:\/\/arteeluoghi.it\/wp-content\/uploads\/2022\/10\/BRIDGE-19.jpg 1768w\" sizes=\"(max-width: 1024px) 100vw, 1024px\" \/><\/figure><\/li><li class=\"blocks-gallery-item\"><figure><img loading=\"lazy\" width=\"1024\" height=\"658\" src=\"https:\/\/arteeluoghi.it\/wp-content\/uploads\/2022\/10\/BRIDGE-15-1024x658.jpg\" alt=\"\" data-id=\"11653\" data-full-url=\"https:\/\/arteeluoghi.it\/wp-content\/uploads\/2022\/10\/BRIDGE-15.jpg\" data-link=\"https:\/\/arteeluoghi.it\/?attachment_id=11653\" class=\"wp-image-11653\" srcset=\"https:\/\/arteeluoghi.it\/wp-content\/uploads\/2022\/10\/BRIDGE-15-1024x658.jpg 1024w, https:\/\/arteeluoghi.it\/wp-content\/uploads\/2022\/10\/BRIDGE-15-300x193.jpg 300w, https:\/\/arteeluoghi.it\/wp-content\/uploads\/2022\/10\/BRIDGE-15-768x494.jpg 768w, https:\/\/arteeluoghi.it\/wp-content\/uploads\/2022\/10\/BRIDGE-15-1536x987.jpg 1536w, https:\/\/arteeluoghi.it\/wp-content\/uploads\/2022\/10\/BRIDGE-15.jpg 1763w\" sizes=\"(max-width: 1024px) 100vw, 1024px\" \/><\/figure><\/li><li class=\"blocks-gallery-item\"><figure><img loading=\"lazy\" width=\"769\" height=\"1024\" src=\"https:\/\/arteeluoghi.it\/wp-content\/uploads\/2022\/10\/BRIDGE-6-769x1024.jpg\" alt=\"\" data-id=\"11652\" data-full-url=\"https:\/\/arteeluoghi.it\/wp-content\/uploads\/2022\/10\/BRIDGE-6.jpg\" data-link=\"https:\/\/arteeluoghi.it\/?attachment_id=11652\" class=\"wp-image-11652\" srcset=\"https:\/\/arteeluoghi.it\/wp-content\/uploads\/2022\/10\/BRIDGE-6-769x1024.jpg 769w, https:\/\/arteeluoghi.it\/wp-content\/uploads\/2022\/10\/BRIDGE-6-225x300.jpg 225w, https:\/\/arteeluoghi.it\/wp-content\/uploads\/2022\/10\/BRIDGE-6-768x1023.jpg 768w, https:\/\/arteeluoghi.it\/wp-content\/uploads\/2022\/10\/BRIDGE-6-1154x1536.jpg 1154w, https:\/\/arteeluoghi.it\/wp-content\/uploads\/2022\/10\/BRIDGE-6.jpg 1225w\" sizes=\"(max-width: 769px) 100vw, 769px\" \/><\/figure><\/li><li class=\"blocks-gallery-item\"><figure><img loading=\"lazy\" width=\"1024\" height=\"594\" src=\"https:\/\/arteeluoghi.it\/wp-content\/uploads\/2022\/10\/BRIDGE-5-1024x594.jpg\" alt=\"\" data-id=\"11651\" data-full-url=\"https:\/\/arteeluoghi.it\/wp-content\/uploads\/2022\/10\/BRIDGE-5.jpg\" data-link=\"https:\/\/arteeluoghi.it\/?attachment_id=11651\" class=\"wp-image-11651\" srcset=\"https:\/\/arteeluoghi.it\/wp-content\/uploads\/2022\/10\/BRIDGE-5-1024x594.jpg 1024w, https:\/\/arteeluoghi.it\/wp-content\/uploads\/2022\/10\/BRIDGE-5-300x174.jpg 300w, https:\/\/arteeluoghi.it\/wp-content\/uploads\/2022\/10\/BRIDGE-5-768x445.jpg 768w, https:\/\/arteeluoghi.it\/wp-content\/uploads\/2022\/10\/BRIDGE-5-1536x891.jpg 1536w, https:\/\/arteeluoghi.it\/wp-content\/uploads\/2022\/10\/BRIDGE-5.jpg 1857w\" sizes=\"(max-width: 1024px) 100vw, 1024px\" \/><\/figure><\/li><li class=\"blocks-gallery-item\"><figure><img loading=\"lazy\" width=\"1024\" height=\"698\" src=\"https:\/\/arteeluoghi.it\/wp-content\/uploads\/2022\/10\/BRIDGE-4-1024x698.jpg\" alt=\"\" data-id=\"11650\" data-full-url=\"https:\/\/arteeluoghi.it\/wp-content\/uploads\/2022\/10\/BRIDGE-4.jpg\" data-link=\"https:\/\/arteeluoghi.it\/?attachment_id=11650\" class=\"wp-image-11650\" srcset=\"https:\/\/arteeluoghi.it\/wp-content\/uploads\/2022\/10\/BRIDGE-4-1024x698.jpg 1024w, https:\/\/arteeluoghi.it\/wp-content\/uploads\/2022\/10\/BRIDGE-4-300x204.jpg 300w, https:\/\/arteeluoghi.it\/wp-content\/uploads\/2022\/10\/BRIDGE-4-768x523.jpg 768w, https:\/\/arteeluoghi.it\/wp-content\/uploads\/2022\/10\/BRIDGE-4-1536x1046.jpg 1536w, https:\/\/arteeluoghi.it\/wp-content\/uploads\/2022\/10\/BRIDGE-4-130x90.jpg 130w, https:\/\/arteeluoghi.it\/wp-content\/uploads\/2022\/10\/BRIDGE-4.jpg 1713w\" sizes=\"(max-width: 1024px) 100vw, 1024px\" \/><\/figure><\/li><\/ul><\/figure>\n\n\n\n<p>&#8220;A very narrow bridge&#8221; intende esplorare l&#8217;utilizzo dei diversi linguaggi e delle molteplici identit\u00e0 di Israele al fine di superare le proprie paure, personali e collettive, creando &#8216;un ponte molto stretto&#8217; tra culture, religioni e persone.<\/p>\n\n\n\n<p>Artisti ebrei e musulmani, uomini e donne, etero e gay, religiosi e agnostici, si esprimono attraverso l\u2019uso della propria lingua di origine: ebraico, arabo, yiddish, e perfino ebraico antico trascritto attraverso la tecnica della calligrafia giapponese.<br>Si tratta di: Anissa Ashkar (Amore e&#8230; cos&#8217;altro?); Michael Ben Abu (Il cerchio della vita); Amos Biderman (Ebreo a cavallo); Raya Bruckenthal (Un paradiso dorato); Tsibi Geva (Uccellino nel Wadi Ara); Leor Grady (Senza titolo-Lekhah Dodi); Kazuo Ishi (Kohelet); Liron Lavi Turkeinch (Aravrit); Dede &amp; Nitzan (Oro); Haim Maor (Autoritratto con i miei genitori VS Khader, Machmud e Bisan); Lenore Mizrachi Cohen (Fiori preoccupati); Karam Natour (Il mondo sensuale III); Israel Rabinovitch (Sar\u00f2 quel che sar\u00f2); Khader Oshah (Autoritratto); Ruth Noam Segal (Nessuna tempesta in vista).<br> <\/p>\n\n\n\n<p>Orari: luned\u00ec, mercoled\u00ec, gioved\u00ec, venerd\u00ec e sabato 10 -18.30; marted\u00ec 10 &#8211; 13.30; 14.30 &#8211; 19; domenica 10.30 &#8211; 13.30.<\/p>\n\n\n\n<p>Ingresso gratuito con prenotazione obbligatoria.<\/p>\n\n\n\n<p>Info: 0832\/247016.<\/p>\n\n\n\n<p>(fonte: comunicato stampa)<\/p>\n","protected":false},"excerpt":{"rendered":"<p>I molteplici linguaggi di Israele in mostra nel Museo ebraico di Lecce grazie alle opere di quindici artisti a confronto<\/p>\n","protected":false},"author":1,"featured_media":11650,"comment_status":"open","ping_status":"open","sticky":true,"template":"","format":"standard","meta":[],"categories":[27,3],"tags":[1814,4294,4293],"yoast_head":"<!-- This site is optimized with the Yoast SEO plugin v18.0 - https:\/\/yoast.com\/wordpress\/plugins\/seo\/ -->\n<title>&quot;A very narrow bridge | Arte e Luoghi<\/title>\n<meta name=\"description\" content=\"A very narrow bridge&quot; \u00e8 il titolo della mostra inaugurata il 29 settembre nelle sale del Museo Ebraico di Lecce.\" \/>\n<meta name=\"robots\" content=\"index, follow, max-snippet:-1, max-image-preview:large, max-video-preview:-1\" \/>\n<link rel=\"canonical\" href=\"https:\/\/arteeluoghi.it\/index.php\/2022\/09\/30\/a-very-narrow-bridge\/\" \/>\n<meta property=\"og:locale\" content=\"it_IT\" \/>\n<meta property=\"og:type\" content=\"article\" \/>\n<meta property=\"og:title\" content=\"&quot;A very narrow bridge | Arte e Luoghi\" \/>\n<meta property=\"og:description\" content=\"A very narrow bridge&quot; \u00e8 il titolo della mostra inaugurata il 29 settembre nelle sale del Museo Ebraico di Lecce.\" \/>\n<meta property=\"og:url\" content=\"https:\/\/arteeluoghi.it\/index.php\/2022\/09\/30\/a-very-narrow-bridge\/\" \/>\n<meta property=\"og:site_name\" content=\"Arte e Luoghi\" \/>\n<meta property=\"article:publisher\" content=\"https:\/\/www.facebook.com\/ArteELuoghi\/\" \/>\n<meta property=\"article:published_time\" content=\"2022-09-30T20:54:00+00:00\" \/>\n<meta property=\"article:modified_time\" content=\"2022-10-01T21:07:38+00:00\" \/>\n<meta property=\"og:image\" content=\"https:\/\/arteeluoghi.it\/wp-content\/uploads\/2022\/10\/BRIDGE-4.jpg\" \/>\n\t<meta property=\"og:image:width\" content=\"1713\" \/>\n\t<meta property=\"og:image:height\" content=\"1167\" \/>\n\t<meta property=\"og:image:type\" content=\"image\/jpeg\" \/>\n<meta name=\"twitter:card\" content=\"summary\" \/>\n<meta name=\"twitter:creator\" content=\"@arteeluoghi\" \/>\n<meta name=\"twitter:site\" content=\"@arteeluoghi\" \/>\n<meta name=\"twitter:label1\" content=\"Scritto da\" \/>\n\t<meta name=\"twitter:data1\" content=\"Staff\" \/>\n\t<meta name=\"twitter:label2\" content=\"Tempo di lettura stimato\" \/>\n\t<meta name=\"twitter:data2\" content=\"3 minuti\" \/>\n<script type=\"application\/ld+json\" class=\"yoast-schema-graph\">{\"@context\":\"https:\/\/schema.org\",\"@graph\":[{\"@type\":\"Organization\",\"@id\":\"https:\/\/arteeluoghi.it\/#organization\",\"name\":\"Arte e Luoghi\",\"url\":\"https:\/\/arteeluoghi.it\/\",\"sameAs\":[\"https:\/\/www.facebook.com\/ArteELuoghi\/\",\"https:\/\/www.instagram.com\/arteeluoghi\/?hl=it\",\"https:\/\/www.youtube.com\/channel\/UCuRVc4JW4-C5sg9rQB-srkw?view_as=subscriber\",\"https:\/\/twitter.com\/arteeluoghi\"],\"logo\":{\"@type\":\"ImageObject\",\"@id\":\"https:\/\/arteeluoghi.it\/#logo\",\"inLanguage\":\"it-IT\",\"url\":\"https:\/\/arteeluoghi.it\/wp-content\/uploads\/2018\/08\/logoinstagramarte.jpg\",\"contentUrl\":\"https:\/\/arteeluoghi.it\/wp-content\/uploads\/2018\/08\/logoinstagramarte.jpg\",\"width\":150,\"height\":150,\"caption\":\"Arte e Luoghi\"},\"image\":{\"@id\":\"https:\/\/arteeluoghi.it\/#logo\"}},{\"@type\":\"WebSite\",\"@id\":\"https:\/\/arteeluoghi.it\/#website\",\"url\":\"https:\/\/arteeluoghi.it\/\",\"name\":\"Arte e Luoghi\",\"description\":\"Mensile di arte, cultura, turismo e curiosit\u00e0\",\"publisher\":{\"@id\":\"https:\/\/arteeluoghi.it\/#organization\"},\"potentialAction\":[{\"@type\":\"SearchAction\",\"target\":{\"@type\":\"EntryPoint\",\"urlTemplate\":\"https:\/\/arteeluoghi.it\/?s={search_term_string}\"},\"query-input\":\"required name=search_term_string\"}],\"inLanguage\":\"it-IT\"},{\"@type\":\"ImageObject\",\"@id\":\"https:\/\/arteeluoghi.it\/index.php\/2022\/09\/30\/a-very-narrow-bridge\/#primaryimage\",\"inLanguage\":\"it-IT\",\"url\":\"https:\/\/arteeluoghi.it\/wp-content\/uploads\/2022\/10\/BRIDGE-4.jpg\",\"contentUrl\":\"https:\/\/arteeluoghi.it\/wp-content\/uploads\/2022\/10\/BRIDGE-4.jpg\",\"width\":1713,\"height\":1167},{\"@type\":\"WebPage\",\"@id\":\"https:\/\/arteeluoghi.it\/index.php\/2022\/09\/30\/a-very-narrow-bridge\/#webpage\",\"url\":\"https:\/\/arteeluoghi.it\/index.php\/2022\/09\/30\/a-very-narrow-bridge\/\",\"name\":\"\\\"A very narrow bridge | Arte e Luoghi\",\"isPartOf\":{\"@id\":\"https:\/\/arteeluoghi.it\/#website\"},\"primaryImageOfPage\":{\"@id\":\"https:\/\/arteeluoghi.it\/index.php\/2022\/09\/30\/a-very-narrow-bridge\/#primaryimage\"},\"datePublished\":\"2022-09-30T20:54:00+00:00\",\"dateModified\":\"2022-10-01T21:07:38+00:00\",\"description\":\"A very narrow bridge\\\" \u00e8 il titolo della mostra inaugurata il 29 settembre nelle sale del Museo Ebraico di Lecce.\",\"breadcrumb\":{\"@id\":\"https:\/\/arteeluoghi.it\/index.php\/2022\/09\/30\/a-very-narrow-bridge\/#breadcrumb\"},\"inLanguage\":\"it-IT\",\"potentialAction\":[{\"@type\":\"ReadAction\",\"target\":[\"https:\/\/arteeluoghi.it\/index.php\/2022\/09\/30\/a-very-narrow-bridge\/\"]}]},{\"@type\":\"BreadcrumbList\",\"@id\":\"https:\/\/arteeluoghi.it\/index.php\/2022\/09\/30\/a-very-narrow-bridge\/#breadcrumb\",\"itemListElement\":[{\"@type\":\"ListItem\",\"position\":1,\"name\":\"Home\",\"item\":\"https:\/\/arteeluoghi.it\/\"},{\"@type\":\"ListItem\",\"position\":2,\"name\":\"&#8220;A very narrow bridge\"}]},{\"@type\":\"Article\",\"@id\":\"https:\/\/arteeluoghi.it\/index.php\/2022\/09\/30\/a-very-narrow-bridge\/#article\",\"isPartOf\":{\"@id\":\"https:\/\/arteeluoghi.it\/index.php\/2022\/09\/30\/a-very-narrow-bridge\/#webpage\"},\"author\":{\"@id\":\"https:\/\/arteeluoghi.it\/#\/schema\/person\/f84e814e36e91e01448ee07eaadd41d4\"},\"headline\":\"&#8220;A very narrow bridge\",\"datePublished\":\"2022-09-30T20:54:00+00:00\",\"dateModified\":\"2022-10-01T21:07:38+00:00\",\"mainEntityOfPage\":{\"@id\":\"https:\/\/arteeluoghi.it\/index.php\/2022\/09\/30\/a-very-narrow-bridge\/#webpage\"},\"wordCount\":363,\"commentCount\":0,\"publisher\":{\"@id\":\"https:\/\/arteeluoghi.it\/#organization\"},\"image\":{\"@id\":\"https:\/\/arteeluoghi.it\/index.php\/2022\/09\/30\/a-very-narrow-bridge\/#primaryimage\"},\"thumbnailUrl\":\"https:\/\/arteeluoghi.it\/wp-content\/uploads\/2022\/10\/BRIDGE-4.jpg\",\"keywords\":[\"arte contemporanea\",\"Fiammetta Martegani\",\"Museo ebraico di Lecce\"],\"articleSection\":[\"Arte\",\"Arti visive\"],\"inLanguage\":\"it-IT\",\"potentialAction\":[{\"@type\":\"CommentAction\",\"name\":\"Comment\",\"target\":[\"https:\/\/arteeluoghi.it\/index.php\/2022\/09\/30\/a-very-narrow-bridge\/#respond\"]}]},{\"@type\":\"Person\",\"@id\":\"https:\/\/arteeluoghi.it\/#\/schema\/person\/f84e814e36e91e01448ee07eaadd41d4\",\"name\":\"Staff\",\"image\":{\"@type\":\"ImageObject\",\"@id\":\"https:\/\/arteeluoghi.it\/#personlogo\",\"inLanguage\":\"it-IT\",\"url\":\"https:\/\/secure.gravatar.com\/avatar\/49d2f9e46271bb04e19cebfaf141313a?s=96&d=blank&r=g\",\"contentUrl\":\"https:\/\/secure.gravatar.com\/avatar\/49d2f9e46271bb04e19cebfaf141313a?s=96&d=blank&r=g\",\"caption\":\"Staff\"}}]}<\/script>\n<!-- \/ Yoast SEO plugin. -->","yoast_head_json":{"title":"\"A very narrow bridge | Arte e Luoghi","description":"A very narrow bridge\" \u00e8 il titolo della mostra inaugurata il 29 settembre nelle sale del Museo Ebraico di Lecce.","robots":{"index":"index","follow":"follow","max-snippet":"max-snippet:-1","max-image-preview":"max-image-preview:large","max-video-preview":"max-video-preview:-1"},"canonical":"https:\/\/arteeluoghi.it\/index.php\/2022\/09\/30\/a-very-narrow-bridge\/","og_locale":"it_IT","og_type":"article","og_title":"\"A very narrow bridge | Arte e Luoghi","og_description":"A very narrow bridge\" \u00e8 il titolo della mostra inaugurata il 29 settembre nelle sale del Museo Ebraico di Lecce.","og_url":"https:\/\/arteeluoghi.it\/index.php\/2022\/09\/30\/a-very-narrow-bridge\/","og_site_name":"Arte e Luoghi","article_publisher":"https:\/\/www.facebook.com\/ArteELuoghi\/","article_published_time":"2022-09-30T20:54:00+00:00","article_modified_time":"2022-10-01T21:07:38+00:00","og_image":[{"width":1713,"height":1167,"url":"https:\/\/arteeluoghi.it\/wp-content\/uploads\/2022\/10\/BRIDGE-4.jpg","type":"image\/jpeg"}],"twitter_card":"summary","twitter_creator":"@arteeluoghi","twitter_site":"@arteeluoghi","twitter_misc":{"Scritto da":"Staff","Tempo di lettura stimato":"3 minuti"},"schema":{"@context":"https:\/\/schema.org","@graph":[{"@type":"Organization","@id":"https:\/\/arteeluoghi.it\/#organization","name":"Arte e Luoghi","url":"https:\/\/arteeluoghi.it\/","sameAs":["https:\/\/www.facebook.com\/ArteELuoghi\/","https:\/\/www.instagram.com\/arteeluoghi\/?hl=it","https:\/\/www.youtube.com\/channel\/UCuRVc4JW4-C5sg9rQB-srkw?view_as=subscriber","https:\/\/twitter.com\/arteeluoghi"],"logo":{"@type":"ImageObject","@id":"https:\/\/arteeluoghi.it\/#logo","inLanguage":"it-IT","url":"https:\/\/arteeluoghi.it\/wp-content\/uploads\/2018\/08\/logoinstagramarte.jpg","contentUrl":"https:\/\/arteeluoghi.it\/wp-content\/uploads\/2018\/08\/logoinstagramarte.jpg","width":150,"height":150,"caption":"Arte e Luoghi"},"image":{"@id":"https:\/\/arteeluoghi.it\/#logo"}},{"@type":"WebSite","@id":"https:\/\/arteeluoghi.it\/#website","url":"https:\/\/arteeluoghi.it\/","name":"Arte e Luoghi","description":"Mensile di arte, cultura, turismo e curiosit\u00e0","publisher":{"@id":"https:\/\/arteeluoghi.it\/#organization"},"potentialAction":[{"@type":"SearchAction","target":{"@type":"EntryPoint","urlTemplate":"https:\/\/arteeluoghi.it\/?s={search_term_string}"},"query-input":"required name=search_term_string"}],"inLanguage":"it-IT"},{"@type":"ImageObject","@id":"https:\/\/arteeluoghi.it\/index.php\/2022\/09\/30\/a-very-narrow-bridge\/#primaryimage","inLanguage":"it-IT","url":"https:\/\/arteeluoghi.it\/wp-content\/uploads\/2022\/10\/BRIDGE-4.jpg","contentUrl":"https:\/\/arteeluoghi.it\/wp-content\/uploads\/2022\/10\/BRIDGE-4.jpg","width":1713,"height":1167},{"@type":"WebPage","@id":"https:\/\/arteeluoghi.it\/index.php\/2022\/09\/30\/a-very-narrow-bridge\/#webpage","url":"https:\/\/arteeluoghi.it\/index.php\/2022\/09\/30\/a-very-narrow-bridge\/","name":"\"A very narrow bridge | Arte e Luoghi","isPartOf":{"@id":"https:\/\/arteeluoghi.it\/#website"},"primaryImageOfPage":{"@id":"https:\/\/arteeluoghi.it\/index.php\/2022\/09\/30\/a-very-narrow-bridge\/#primaryimage"},"datePublished":"2022-09-30T20:54:00+00:00","dateModified":"2022-10-01T21:07:38+00:00","description":"A very narrow bridge\" \u00e8 il titolo della mostra inaugurata il 29 settembre nelle sale del Museo Ebraico di Lecce.","breadcrumb":{"@id":"https:\/\/arteeluoghi.it\/index.php\/2022\/09\/30\/a-very-narrow-bridge\/#breadcrumb"},"inLanguage":"it-IT","potentialAction":[{"@type":"ReadAction","target":["https:\/\/arteeluoghi.it\/index.php\/2022\/09\/30\/a-very-narrow-bridge\/"]}]},{"@type":"BreadcrumbList","@id":"https:\/\/arteeluoghi.it\/index.php\/2022\/09\/30\/a-very-narrow-bridge\/#breadcrumb","itemListElement":[{"@type":"ListItem","position":1,"name":"Home","item":"https:\/\/arteeluoghi.it\/"},{"@type":"ListItem","position":2,"name":"&#8220;A very narrow bridge"}]},{"@type":"Article","@id":"https:\/\/arteeluoghi.it\/index.php\/2022\/09\/30\/a-very-narrow-bridge\/#article","isPartOf":{"@id":"https:\/\/arteeluoghi.it\/index.php\/2022\/09\/30\/a-very-narrow-bridge\/#webpage"},"author":{"@id":"https:\/\/arteeluoghi.it\/#\/schema\/person\/f84e814e36e91e01448ee07eaadd41d4"},"headline":"&#8220;A very narrow bridge","datePublished":"2022-09-30T20:54:00+00:00","dateModified":"2022-10-01T21:07:38+00:00","mainEntityOfPage":{"@id":"https:\/\/arteeluoghi.it\/index.php\/2022\/09\/30\/a-very-narrow-bridge\/#webpage"},"wordCount":363,"commentCount":0,"publisher":{"@id":"https:\/\/arteeluoghi.it\/#organization"},"image":{"@id":"https:\/\/arteeluoghi.it\/index.php\/2022\/09\/30\/a-very-narrow-bridge\/#primaryimage"},"thumbnailUrl":"https:\/\/arteeluoghi.it\/wp-content\/uploads\/2022\/10\/BRIDGE-4.jpg","keywords":["arte contemporanea","Fiammetta Martegani","Museo ebraico di Lecce"],"articleSection":["Arte","Arti visive"],"inLanguage":"it-IT","potentialAction":[{"@type":"CommentAction","name":"Comment","target":["https:\/\/arteeluoghi.it\/index.php\/2022\/09\/30\/a-very-narrow-bridge\/#respond"]}]},{"@type":"Person","@id":"https:\/\/arteeluoghi.it\/#\/schema\/person\/f84e814e36e91e01448ee07eaadd41d4","name":"Staff","image":{"@type":"ImageObject","@id":"https:\/\/arteeluoghi.it\/#personlogo","inLanguage":"it-IT","url":"https:\/\/secure.gravatar.com\/avatar\/49d2f9e46271bb04e19cebfaf141313a?s=96&d=blank&r=g","contentUrl":"https:\/\/secure.gravatar.com\/avatar\/49d2f9e46271bb04e19cebfaf141313a?s=96&d=blank&r=g","caption":"Staff"}}]}},"_links":{"self":[{"href":"https:\/\/arteeluoghi.it\/index.php\/wp-json\/wp\/v2\/posts\/11648"}],"collection":[{"href":"https:\/\/arteeluoghi.it\/index.php\/wp-json\/wp\/v2\/posts"}],"about":[{"href":"https:\/\/arteeluoghi.it\/index.php\/wp-json\/wp\/v2\/types\/post"}],"author":[{"embeddable":true,"href":"https:\/\/arteeluoghi.it\/index.php\/wp-json\/wp\/v2\/users\/1"}],"replies":[{"embeddable":true,"href":"https:\/\/arteeluoghi.it\/index.php\/wp-json\/wp\/v2\/comments?post=11648"}],"version-history":[{"count":1,"href":"https:\/\/arteeluoghi.it\/index.php\/wp-json\/wp\/v2\/posts\/11648\/revisions"}],"predecessor-version":[{"id":11655,"href":"https:\/\/arteeluoghi.it\/index.php\/wp-json\/wp\/v2\/posts\/11648\/revisions\/11655"}],"wp:featuredmedia":[{"embeddable":true,"href":"https:\/\/arteeluoghi.it\/index.php\/wp-json\/wp\/v2\/media\/11650"}],"wp:attachment":[{"href":"https:\/\/arteeluoghi.it\/index.php\/wp-json\/wp\/v2\/media?parent=11648"}],"wp:term":[{"taxonomy":"category","embeddable":true,"href":"https:\/\/arteeluoghi.it\/index.php\/wp-json\/wp\/v2\/categories?post=11648"},{"taxonomy":"post_tag","embeddable":true,"href":"https:\/\/arteeluoghi.it\/index.php\/wp-json\/wp\/v2\/tags?post=11648"}],"curies":[{"name":"wp","href":"https:\/\/api.w.org\/{rel}","templated":true}]}}