{"id":1166,"date":"2013-06-24T22:13:42","date_gmt":"2013-06-24T20:13:42","guid":{"rendered":"http:\/\/arteeluoghi.it\/index.php\/2013\/06\/24\/le-case-degli-dei\/"},"modified":"2013-06-24T22:13:42","modified_gmt":"2013-06-24T20:13:42","slug":"le-case-degli-dei","status":"publish","type":"post","link":"https:\/\/arteeluoghi.it\/index.php\/2013\/06\/24\/le-case-degli-dei\/","title":{"rendered":"Le case degli d\u00e8i"},"content":{"rendered":"<p><img src=\"\/images\/Fabrizio%20Plessi%20Sala%20dei%20Giganti%20Mantova%20giugno%202013%20%20Paolo%20Pescasio.jpg\" border=\"0\" title=\"Fabrizio Plessi Sala dei Giganti Mantova giugno 2013  Paolo Pescasio\" width=\"300\" style=\"margin: 21px; float: left;\" \/>A Palazzo Te dal 15 giugno al 15 settembre 2013<\/p>\n<p>L\u2019installazione del videoartista \u00e8 il primo intervento del ciclo \u201cLe case degli d\u00e8i\u201d che vedr\u00e0 alternarsi a Mantova artisti quali Bill Viola, Candida H\u00f6fer, Giuseppe Penone, Ai Wei Wei.<\/p>\n<p><span style=\"font-size: small;\"><strong>PLESSI e gli affreschi di GIULIO ROMANO<\/strong><\/span><\/p>\n<p>di Antonietta Fulvio<\/p>\n<p>Un dialogo tra classico e moderno. Gli affreschi di Giulio Romano e le installazioni di Fabrizio Plessi. E il mito della <em>Gigantomachia <\/em>rivive nelle splendide sale di Palazzo Te a Mantova. Dalle pagine di Ovidio alla contemporaneit\u00e0 dei nostri giorni. La caduta delle ideologie proprio come la caduta dei Giganti che avevano osato la scalata dell\u2019Olimpo. Lo spazio della storia e quello dell\u2019arte si incontrano e dialogano con il presente non privo di contraddizioni e lacerazioni profonde sulle quali \u00e8 doveroso riflettere. Oggi come ai tempi di Giulio Romano ci trova come in un vortice, in un <em>terremoto dell\u2019anima<\/em>. \u00a0Potrebbe essere questo l\u2019assunto di partenza dell\u2019intervento del videoartista Fabrizio Plessi che ha inaugurato lo scorso 15 giugno a Palazzo Te il ciclo di mostre <em>Le case degli dei<\/em>.<\/p>\n<p>  <!--more-->  <\/p>\n<p><img src=\"\/images\/plessi08_62.jpg\" border=\"0\" title=\"Fabrizio Plessi, Sala dei Giganti, Mantova, giugno 2013 \u00a9 Paolo Pescasio\" width=\"500\" style=\"margin: 21px; float: right;\" \/><\/p>\n<p>Un titolo emblematico, pi\u00f9 che mai appropriato in questo luogo carismatico, <em>Le case degli d\u00e8i<\/em> proporr\u00e0 \u201cun ciclo di opere di artisti contemporanei da collocarsi temporaneamente nello spazio della storia quale quello di Palazzo Te\u201d, in quanto testimonianza non di un\u2019azione di scontro col passato o di mera provocazione, ma di continuit\u00e0\u201d\u00a0 &#8211; spiega Marco Tonelli assessore alla Cultura del comune mantovano che ospiter\u00e0 artisti del calibro di Bill Viola, Candida H\u00f6fer, Giuseppe Penone, Ai Wei Wei. \u00a0<\/p>\n<p>Ci sono i luoghi del mito e luoghi in cui il mito rivive con forza sfidando l\u2019oblio del tempo. Questo si pu\u00f2 dire di Palazzo Te. Un complesso architettonico di suggestiva bellezza\u00a0 edificato su ci\u00f2 che all\u2019epoca era l\u2019isola felice, l\u2019antica Teieto, meta di svago della potentissima famiglia Gonzaga. Francesco II, marito d\u2019Isabella d\u2019Este, vi fece costruire le stalle per i suoi cavalli, circondate dal lago Pajolo scomparso nel Settecento in seguito alle opere di bonifica. Ma leggendo le <em>Vite<\/em> del Vasari si apprende che fu Federico II Gonzaga ad incaricare l\u2019architetto Giulio Romano per \u201c<em>accomodare un poco di luogo da potervi andare e ridurvisi tal volta a desinare, o a cena per ispasso<\/em>\u201d . D\u2019altronde lo recita l\u2019iscrizione posta nella sala di Psiche \u201c \u00c8 un palazzo per il tempo libero e lo svago, per l\u2019onesto ozio del principe, che ritempra le forze nella quiete.\u201d\u00a0\u00a0<\/p>\n<p>Un luogo straordinario cos\u00ec come concepito dalla mente geniale di Giulio Romano, il pi\u00f9 illustre allievo di Raffaello \u00a0e vicario di corte dei Gonzaga per i quali progett\u00f2 \u201cnon abitazioni di uomini, ma case degli Dei\u201d.<\/p>\n<p>Palazzo Te, la cui struttura architettonica rimanda al mondo antico, si incardina\u00a0 perfettamente nel paesaggio naturale ma l\u2019incanto non si ferma al solo prospetto esterno. Al suo interno Palazzo Te svela autentici tesori d\u2019arte, a partire dalle stanze affrescate, sulle cui pareti rivivono episodi della mitologia e della storia classica. Da Ovidio a Plinio. Dalle <em>Metamorfosi<\/em> alle Storie di Davide, dalle gesta degli imperatori &#8211;\u00a0 Alessandro Magno, Giulio Cesare, Augusto, Filippo di Macedonia &#8211; alle imprese della Famiglia Gonzaga.<\/p>\n<p><img src=\"\/images\/SalaGiganti_parete_est.jpg\" border=\"0\" title=\"Sala dei Giganti_Mantova, Palazzo Te - parete est\" width=\"500\" style=\"margin: 21px; float: left;\" \/>Tra le camere quella dei Giganti \u00e8 la pi\u00f9 famosa ma anche la pi\u00f9 stupefacente per la sperimentazione pittorica con la quale l\u2019artista riprese la narrazione del noto episodio della caduta dei Giganti tratta dal celebre libro <em>Metamorfosi<\/em>. Giulio Romano affresc\u00f2 lo spazio completamente, senza soluzione di continuit\u00e0 sia sulle pareti, dove pose i giganti in caduta, sia sulla\u00a0 volta occupata dalla schiera degli dei con all\u2019apice Zeus intento a scagliare i suoi fulmini contro le creature mostruose qui rappresentate come uomini grotteschi. In origine, come riportato dal Vasari, il pavimento era formato da ciottoli di fiume che proseguivano, dipinti, alla base delle pareti. Una visione imponente che a distanza di cinque secoli puntualmente coinvolge lo spettatore catapultandolo al centro della scena dalla duplice lettura: in chiave politica l\u2019affresco intendeva essere un omaggio al re Carlo V mentre da un punto di vista etico l\u2019esemplare punizione alla superbia degli uomini e, dunque, un monito rivolto agli stessi sovrani.<\/p>\n<p>A questo punto \u00e8 lecito chiedersi come pu\u00f2 un artista contemporaneo dialogare con un\u2019opera cos\u00ec straordinaria?\u00a0\u00a0 Fabio Plessi ci \u00e8 riuscito mettendo in campo con la sua installazione gli elementi primordiali che vivono in Palazzo Te e, in particolare, nella Camera dei Giganti. Per l\u2019occasione il videoartista ha pensato un\u2019installazione site specific \u00a0generando con una visione capovolta e disordinata di un gruppo di tavoli l\u2019idea di un cataclisma, paragonabile alla caduta dei Giganti affrescata sulle pareti della stanza, in cui forte \u00e8 l\u2019allusione al rovesciamento di valori di due epoche, il Cinquecento e gli anni Duemila, paradossalmente a confronto.<\/p>\n<p><img src=\"\/images\/SalaGiganti_parete_nord.jpg\" border=\"0\" title=\"  Sala dei Giganti_Mantova, Palazzo Te - parete nord\" width=\"500\" style=\"margin: 21px; float: right;\" \/>Alla forza delle visioni pittoriche fanno da contralto quelle proiettate da tre grandi monitor, posti su ogni tavolo, che ripetono ciclicamente i video sui quali scorre un flusso d\u2019acqua nera interrotta, a intervalli crescenti, da tonfi di pietre che vi cadono dentro, molte delle quali, realmente prelevate da cave del mantovano, sono disposte sul pavimento. L\u2019effetto ricercato \u00e8 quello di rianimare la tragedia dipinta da Giulio Romano aggiungendo alle immagini il sonoro basso e cupo degli scrosci d\u2019acqua e delle cadute dei massi facendo percepire al visitatore \u00a0il dramma in tutta la sua forza proprio come lo descrisse il Vasari \u201c<em>Erano i Giganti grandi di statura, che da lampi de&#8217; folgori percossi ruinavano a terra, e quale inanzi, e quale a dietro cadeva a quelle finestre, ch&#8217;erano diventate grotte o vero edifici, e nel ruinarvi sopra i Giganti le facevano cadere, onde chi morto e chi ferito, e chi da i monti ricoperto, si scorgeva la strage e la ruina d&#8217;essi. N\u00e9 si pensi mai uomo vedere di pennello cosa alcuna pi\u00fa orribile o spaventosa, n\u00e9 pi\u00fa naturale. Perch\u00e9 chi vi si trova dentro, veggendo le finestre torcere, i monti e gli edifici cadere insieme coi Giganti, dubita che essi e | gli edifizi non gli ruinino addosso.\u201d<\/em><\/p>\n<p>Nell\u2019installazione di Fabrizio Plessi i Giganti diventano metafora di un\u2019umanit\u00e0 superba e smarrita che ha perso il senso dell\u2019orientamento priva di valori e identit\u00e0. Un\u2019umanit\u00e0 alla deriva sotto una \u201c<em>Pioggia improvvisa di macigni caduti dal cielo come grandine. A terra tavoli rovesciati, senza dialogo, feriti dall\u2019alto. IL sonoro assordante del tuono e la luce abbagliante del fulmine. Tutto \u00e8 solamente una epocale maceria. Oggi. (come sono lontane le nobili rovine di un tempo)<\/em><em>\u201d <\/em>come annota lo stesso artista su un bozzetto preparatorio. E degna di nota \u00e8 la sezione introduttiva alla mostra con l\u2019esposizione,nella sala degli Stucchi e in quella dei Cesari, dei progetti, dei disegni e dei pensieri dell\u2019artista che ha inteso \u201cassecondare\u201d l\u2019opera manierista per antonomasia con una costruzione barocca e teatrale che fa rivivere in una dimensione pi\u00f9 primordiale il senso dell\u2019intera narrazione che insiste sull\u2019importanza della coscienza storica per potersi proiettare nel futuro.<\/p>\n<p><img src=\"\/images\/PLESSI_2.jpg\" border=\"0\" title=\"Fabrizio Plessi, Disegno preparatorio per la Sala dei Giganti di Palazzo Te a Mantova, 2013\" width=\"500\" style=\"margin: 21px; border: 1px solid black; float: left;\" \/>Un\u2019operazione estetica cara a Plessi che ama dialogare con la storia e gli spazi monumentali come testimoniano le recenti installazioni di Monumenta (2012) nella Valle dei Templi per non parlare del suo intervento Lla\u00fct Light (2012) nella Llotja a Palma di Maiorca\u00a0 o quelli di anni precedenti in cisterne sotterranee d\u2019epoca romana o in musei come il Kunsthistorisches Museum di Vienna nel 1998 con L\u2019Arca dell\u2019Arte. Recentissimo, inaugurazione lo scorso 21 giugno, \u00e8 il Plessi Museum al Passo del Brennero, primo esempio italiano di spazio museale in autostrada dedicato all\u2019arte di Fabrizio Plessi.<\/p>\n<p>\u00a0<\/p>\n<p>\u00a0<\/p>\n<hr \/>\n<p>\u00a0<\/p>\n<p>Fabrizio Plessi. Note biografiche<\/p>\n<p>Fabrizio Plessi \u00e8 nato a Reggio Emilia nel 1940. Ha compiuto i suoi studi all\u2019Accademia di Belle Arti di Venezia dove ha insegnato per molti anni. Usando il video come strumento artistico, ha tracciato un percorso innovativo che lo ha reso celebre in tutto il mondo. Cofondatore della Kunsthochschule f\u00fcr Medien di K\u00f6ln ha insegnato Umanizzazione delle Tecnologie e Scenografia Elettronica. Al Ludwig Museum di K\u00f6ln famosa \u00e8 la sua installazione Bombay-Bombay. Partecipa a 14 edizioni della Biennale di Venezia dal 1970 fino all\u2019ultima del 2011 con Mari Verticali al Padiglione Venezia. In Italia \u00e8 stato premiato dalla Quadriennale di Roma nel 1999. Nello stesso anno il Kestner Gesellschaft di Hannover lo premia come artista dell\u2019anno con il premio NLB. Nel 2002 antologica Paradiso\/Inferno alle Scuderie del Quirinale di Roma. Ha realizzato oltre 500 mostre personali, dal Centre Pompidou di Parigi (1982) al Guggenheim di New York (1998), dal Museum of Contemporary Art di San Diego (1998) al Guggenheim di Bilbao (2001). Partecipa a Documenta VIII di Kassel (1987) con la celebre installazione Roma. E\u2019 presente a Berlino nel 2003 con una antologica al Martin Gropius Bau. Sempre a Berlino realizza una grande installazione per il Sony Center in Potsdamer Platz. Collabora con i musei pi\u00f9 importanti in Austria come la Kunsthistorische Museum, il Museum Ludwig e la Neue Galerie di Linz. Anche i paesi emergenti hanno in Plessi un sicuro riferimento, come dimostra l\u2019inaugurazione del nuovo Museo d\u2019Arte Contemporanea di Rabat nel 2006. Partecipa alla Biennale del Cairo come artista d\u2019onore nel 2001; cos\u00ec come a quella di Sharjah e di Gwangiu in Corea nel 2000. Dal 2008 collabora con il gruppo Louis Vuitton, affiancando la sua arte agli eventi della celebre casa francese, come ad esempio l\u2019America\u2019s Cup. Stretti i rapporti con l\u2019industria come dimostrano i suoi legami con BMW, Dornbracht, Loewe , Swarovski, Calvin Klein. Intellettuali e musicisti come Robert Wilson, Philip Glass e Michael Nyman hanno lavorato con lui. Indimenticabili le sue scenografie elettroniche realizzate per il memorabile concerto di Luciano Pavarotti al Central Park di New York nel 1993. Monumenta ad Agrigento \u00e8 la sua ultima grandiosa installazione realizzata all\u2019interno della Valle dei Templi. Dal 21 giugno 2013, al Passo del Brennero, il Plessi Museum ospiter\u00e0 una sede espositiva permanente dedicata alla sua arte e sar\u00e0 il primo esempio italiano di spazio museale in autostrada. Fabrizio Plessi \u00e8 rappresentato in Italia dalla Galleria Contini.<\/p>\n<p>\u00a0<\/p>\n<hr \/>\n<p>\u00a0<\/p>\n<p>FABRIZIO PLESSI<\/p>\n<p>Mantova &#8211; Palazzo Te \u2013 Sala dei Giganti<\/p>\n<p>15 giugno &#8211; 15 settembre 2013<\/p>\n<p>Orari luned\u00ec 13.00-18.00<\/p>\n<p>marted\u00ec \u2013 domenica 9.00-18.00<\/p>\n<p>la biglietteria chiude alle 17.30<\/p>\n<p>Biglietti Palazzo Te<\/p>\n<p>Intero 8 euro<\/p>\n<p>Ridotto 5 (over 65, soci Touring Club, soci Fai, possessori Cartarte, gruppi di almeno 20 persone)<\/p>\n<p>Ridotto Speciale 2,50 (ragazzi dai 12 ai 18 anni, studenti universitari)<\/p>\n<p>Gratuito (fino agli 11 anni, forze dell&#8217;ordine, giornalisti, un accompagnatore ogni 15 unit\u00e0, soci ICOM)<\/p>\n<p>Palazzo Te+Palazzo San Sebastiano<\/p>\n<p>Intero 9<\/p>\n<p>Ridotto 6<\/p>\n<p>Ridotto Speciale 3<em> <br \/><\/em><\/p>\n<p>Mantova Musei Card da 15 euro (Palazzo Te, Palazzo Ducale, Palazzo San Sebastiano, Museo Diocesano, Teatro Bibiena) da 17 euro (i precedenti pi\u00f9 Tempio di San Sebastiano, Palazzo della Ragione con torre dell&#8217;orologio e Palazzo D&#8217;Arco)<\/p>\n<p>Il costo del biglietto potr\u00e0 subire possibili variazioni nel corso dell&#8217;esposizione.<\/p>\n<p>Informazioni tel. 0376 323266<\/p>\n<p><em><em>L\u2019iniziativa \u00e8 stata ideata e promossa dall\u2019Assessorato alla Cultura e al Turismo di Mantova in collaborazione con il Centro Internazionale d\u2019Arte e di Cultura di Palazzo Te, con il contributo della <\/em>Fondazione Cariplo e della Regione Lombardia insieme ai comuni delle Terre di Mezzo, all\u2019interno del progetto \u201cMiti e delizie delle Terre di Mezzo\u201d per la valorizzazione e la comunicazione dei luoghi pi\u00f9 emblematici del territorio mantovano.<\/em><\/p>\n<p><em>\u00a0<\/em><\/p>\n<p><em>\u00a0<\/em><\/p>\n<p>\u00a0<\/p>\n<p>\u00a0\u00a0<\/p>\n","protected":false},"excerpt":{"rendered":"<p>A Palazzo Te dal 15 giugno al 15 settembre 2013 L\u2019installazione del videoartista \u00e8 il primo intervento del ciclo \u201cLe<\/p>\n","protected":false},"author":1,"featured_media":0,"comment_status":"open","ping_status":"open","sticky":false,"template":"","format":"standard","meta":[],"categories":[40],"tags":[],"yoast_head":"<!-- This site is optimized with the Yoast SEO plugin v18.0 - https:\/\/yoast.com\/wordpress\/plugins\/seo\/ -->\n<title>Le case degli d\u00e8i | Arte e Luoghi<\/title>\n<meta name=\"robots\" content=\"index, follow, max-snippet:-1, max-image-preview:large, max-video-preview:-1\" \/>\n<link rel=\"canonical\" href=\"https:\/\/arteeluoghi.it\/index.php\/2013\/06\/24\/le-case-degli-dei\/\" \/>\n<meta property=\"og:locale\" content=\"it_IT\" \/>\n<meta property=\"og:type\" content=\"article\" \/>\n<meta property=\"og:title\" content=\"Le case degli d\u00e8i | Arte e Luoghi\" \/>\n<meta property=\"og:description\" content=\"A Palazzo Te dal 15 giugno al 15 settembre 2013 L\u2019installazione del videoartista \u00e8 il primo intervento del ciclo \u201cLe\" \/>\n<meta property=\"og:url\" content=\"https:\/\/arteeluoghi.it\/index.php\/2013\/06\/24\/le-case-degli-dei\/\" \/>\n<meta property=\"og:site_name\" content=\"Arte e Luoghi\" \/>\n<meta property=\"article:publisher\" content=\"https:\/\/www.facebook.com\/ArteELuoghi\/\" \/>\n<meta property=\"article:published_time\" content=\"2013-06-24T20:13:42+00:00\" \/>\n<meta property=\"og:image\" content=\"https:\/\/arteeluoghi.it\/images\/Fabrizio%20Plessi%20Sala%20dei%20Giganti%20Mantova%20giugno%202013%20%20Paolo%20Pescasio.jpg\" \/>\n<meta name=\"twitter:card\" content=\"summary\" \/>\n<meta name=\"twitter:creator\" content=\"@arteeluoghi\" \/>\n<meta name=\"twitter:site\" content=\"@arteeluoghi\" \/>\n<meta name=\"twitter:label1\" content=\"Scritto da\" \/>\n\t<meta name=\"twitter:data1\" content=\"Staff\" \/>\n\t<meta name=\"twitter:label2\" content=\"Tempo di lettura stimato\" \/>\n\t<meta name=\"twitter:data2\" content=\"9 minuti\" \/>\n<script type=\"application\/ld+json\" class=\"yoast-schema-graph\">{\"@context\":\"https:\/\/schema.org\",\"@graph\":[{\"@type\":\"Organization\",\"@id\":\"https:\/\/arteeluoghi.it\/#organization\",\"name\":\"Arte e Luoghi\",\"url\":\"https:\/\/arteeluoghi.it\/\",\"sameAs\":[\"https:\/\/www.facebook.com\/ArteELuoghi\/\",\"https:\/\/www.instagram.com\/arteeluoghi\/?hl=it\",\"https:\/\/www.youtube.com\/channel\/UCuRVc4JW4-C5sg9rQB-srkw?view_as=subscriber\",\"https:\/\/twitter.com\/arteeluoghi\"],\"logo\":{\"@type\":\"ImageObject\",\"@id\":\"https:\/\/arteeluoghi.it\/#logo\",\"inLanguage\":\"it-IT\",\"url\":\"https:\/\/arteeluoghi.it\/wp-content\/uploads\/2018\/08\/logoinstagramarte.jpg\",\"contentUrl\":\"https:\/\/arteeluoghi.it\/wp-content\/uploads\/2018\/08\/logoinstagramarte.jpg\",\"width\":150,\"height\":150,\"caption\":\"Arte e Luoghi\"},\"image\":{\"@id\":\"https:\/\/arteeluoghi.it\/#logo\"}},{\"@type\":\"WebSite\",\"@id\":\"https:\/\/arteeluoghi.it\/#website\",\"url\":\"https:\/\/arteeluoghi.it\/\",\"name\":\"Arte e Luoghi\",\"description\":\"Mensile di arte, cultura, turismo e curiosit\u00e0\",\"publisher\":{\"@id\":\"https:\/\/arteeluoghi.it\/#organization\"},\"potentialAction\":[{\"@type\":\"SearchAction\",\"target\":{\"@type\":\"EntryPoint\",\"urlTemplate\":\"https:\/\/arteeluoghi.it\/?s={search_term_string}\"},\"query-input\":\"required name=search_term_string\"}],\"inLanguage\":\"it-IT\"},{\"@type\":\"ImageObject\",\"@id\":\"https:\/\/arteeluoghi.it\/index.php\/2013\/06\/24\/le-case-degli-dei\/#primaryimage\",\"inLanguage\":\"it-IT\",\"url\":\"\/images\/Fabrizio%20Plessi%20Sala%20dei%20Giganti%20Mantova%20giugno%202013%20%20Paolo%20Pescasio.jpg\",\"contentUrl\":\"\/images\/Fabrizio%20Plessi%20Sala%20dei%20Giganti%20Mantova%20giugno%202013%20%20Paolo%20Pescasio.jpg\"},{\"@type\":\"WebPage\",\"@id\":\"https:\/\/arteeluoghi.it\/index.php\/2013\/06\/24\/le-case-degli-dei\/#webpage\",\"url\":\"https:\/\/arteeluoghi.it\/index.php\/2013\/06\/24\/le-case-degli-dei\/\",\"name\":\"Le case degli d\u00e8i | Arte e Luoghi\",\"isPartOf\":{\"@id\":\"https:\/\/arteeluoghi.it\/#website\"},\"primaryImageOfPage\":{\"@id\":\"https:\/\/arteeluoghi.it\/index.php\/2013\/06\/24\/le-case-degli-dei\/#primaryimage\"},\"datePublished\":\"2013-06-24T20:13:42+00:00\",\"dateModified\":\"2013-06-24T20:13:42+00:00\",\"breadcrumb\":{\"@id\":\"https:\/\/arteeluoghi.it\/index.php\/2013\/06\/24\/le-case-degli-dei\/#breadcrumb\"},\"inLanguage\":\"it-IT\",\"potentialAction\":[{\"@type\":\"ReadAction\",\"target\":[\"https:\/\/arteeluoghi.it\/index.php\/2013\/06\/24\/le-case-degli-dei\/\"]}]},{\"@type\":\"BreadcrumbList\",\"@id\":\"https:\/\/arteeluoghi.it\/index.php\/2013\/06\/24\/le-case-degli-dei\/#breadcrumb\",\"itemListElement\":[{\"@type\":\"ListItem\",\"position\":1,\"name\":\"Home\",\"item\":\"https:\/\/arteeluoghi.it\/\"},{\"@type\":\"ListItem\",\"position\":2,\"name\":\"Le case degli d\u00e8i\"}]},{\"@type\":\"Article\",\"@id\":\"https:\/\/arteeluoghi.it\/index.php\/2013\/06\/24\/le-case-degli-dei\/#article\",\"isPartOf\":{\"@id\":\"https:\/\/arteeluoghi.it\/index.php\/2013\/06\/24\/le-case-degli-dei\/#webpage\"},\"author\":{\"@id\":\"https:\/\/arteeluoghi.it\/#\/schema\/person\/f84e814e36e91e01448ee07eaadd41d4\"},\"headline\":\"Le case degli d\u00e8i\",\"datePublished\":\"2013-06-24T20:13:42+00:00\",\"dateModified\":\"2013-06-24T20:13:42+00:00\",\"mainEntityOfPage\":{\"@id\":\"https:\/\/arteeluoghi.it\/index.php\/2013\/06\/24\/le-case-degli-dei\/#webpage\"},\"wordCount\":1833,\"commentCount\":0,\"publisher\":{\"@id\":\"https:\/\/arteeluoghi.it\/#organization\"},\"image\":{\"@id\":\"https:\/\/arteeluoghi.it\/index.php\/2013\/06\/24\/le-case-degli-dei\/#primaryimage\"},\"thumbnailUrl\":\"\/images\/Fabrizio%20Plessi%20Sala%20dei%20Giganti%20Mantova%20giugno%202013%20%20Paolo%20Pescasio.jpg\",\"articleSection\":[\"primapagina\"],\"inLanguage\":\"it-IT\",\"potentialAction\":[{\"@type\":\"CommentAction\",\"name\":\"Comment\",\"target\":[\"https:\/\/arteeluoghi.it\/index.php\/2013\/06\/24\/le-case-degli-dei\/#respond\"]}]},{\"@type\":\"Person\",\"@id\":\"https:\/\/arteeluoghi.it\/#\/schema\/person\/f84e814e36e91e01448ee07eaadd41d4\",\"name\":\"Staff\",\"image\":{\"@type\":\"ImageObject\",\"@id\":\"https:\/\/arteeluoghi.it\/#personlogo\",\"inLanguage\":\"it-IT\",\"url\":\"https:\/\/secure.gravatar.com\/avatar\/49d2f9e46271bb04e19cebfaf141313a?s=96&d=blank&r=g\",\"contentUrl\":\"https:\/\/secure.gravatar.com\/avatar\/49d2f9e46271bb04e19cebfaf141313a?s=96&d=blank&r=g\",\"caption\":\"Staff\"}}]}<\/script>\n<!-- \/ Yoast SEO plugin. -->","yoast_head_json":{"title":"Le case degli d\u00e8i | Arte e Luoghi","robots":{"index":"index","follow":"follow","max-snippet":"max-snippet:-1","max-image-preview":"max-image-preview:large","max-video-preview":"max-video-preview:-1"},"canonical":"https:\/\/arteeluoghi.it\/index.php\/2013\/06\/24\/le-case-degli-dei\/","og_locale":"it_IT","og_type":"article","og_title":"Le case degli d\u00e8i | Arte e Luoghi","og_description":"A Palazzo Te dal 15 giugno al 15 settembre 2013 L\u2019installazione del videoartista \u00e8 il primo intervento del ciclo \u201cLe","og_url":"https:\/\/arteeluoghi.it\/index.php\/2013\/06\/24\/le-case-degli-dei\/","og_site_name":"Arte e Luoghi","article_publisher":"https:\/\/www.facebook.com\/ArteELuoghi\/","article_published_time":"2013-06-24T20:13:42+00:00","og_image":[{"url":"https:\/\/arteeluoghi.it\/images\/Fabrizio%20Plessi%20Sala%20dei%20Giganti%20Mantova%20giugno%202013%20%20Paolo%20Pescasio.jpg"}],"twitter_card":"summary","twitter_creator":"@arteeluoghi","twitter_site":"@arteeluoghi","twitter_misc":{"Scritto da":"Staff","Tempo di lettura stimato":"9 minuti"},"schema":{"@context":"https:\/\/schema.org","@graph":[{"@type":"Organization","@id":"https:\/\/arteeluoghi.it\/#organization","name":"Arte e Luoghi","url":"https:\/\/arteeluoghi.it\/","sameAs":["https:\/\/www.facebook.com\/ArteELuoghi\/","https:\/\/www.instagram.com\/arteeluoghi\/?hl=it","https:\/\/www.youtube.com\/channel\/UCuRVc4JW4-C5sg9rQB-srkw?view_as=subscriber","https:\/\/twitter.com\/arteeluoghi"],"logo":{"@type":"ImageObject","@id":"https:\/\/arteeluoghi.it\/#logo","inLanguage":"it-IT","url":"https:\/\/arteeluoghi.it\/wp-content\/uploads\/2018\/08\/logoinstagramarte.jpg","contentUrl":"https:\/\/arteeluoghi.it\/wp-content\/uploads\/2018\/08\/logoinstagramarte.jpg","width":150,"height":150,"caption":"Arte e Luoghi"},"image":{"@id":"https:\/\/arteeluoghi.it\/#logo"}},{"@type":"WebSite","@id":"https:\/\/arteeluoghi.it\/#website","url":"https:\/\/arteeluoghi.it\/","name":"Arte e Luoghi","description":"Mensile di arte, cultura, turismo e curiosit\u00e0","publisher":{"@id":"https:\/\/arteeluoghi.it\/#organization"},"potentialAction":[{"@type":"SearchAction","target":{"@type":"EntryPoint","urlTemplate":"https:\/\/arteeluoghi.it\/?s={search_term_string}"},"query-input":"required name=search_term_string"}],"inLanguage":"it-IT"},{"@type":"ImageObject","@id":"https:\/\/arteeluoghi.it\/index.php\/2013\/06\/24\/le-case-degli-dei\/#primaryimage","inLanguage":"it-IT","url":"\/images\/Fabrizio%20Plessi%20Sala%20dei%20Giganti%20Mantova%20giugno%202013%20%20Paolo%20Pescasio.jpg","contentUrl":"\/images\/Fabrizio%20Plessi%20Sala%20dei%20Giganti%20Mantova%20giugno%202013%20%20Paolo%20Pescasio.jpg"},{"@type":"WebPage","@id":"https:\/\/arteeluoghi.it\/index.php\/2013\/06\/24\/le-case-degli-dei\/#webpage","url":"https:\/\/arteeluoghi.it\/index.php\/2013\/06\/24\/le-case-degli-dei\/","name":"Le case degli d\u00e8i | Arte e Luoghi","isPartOf":{"@id":"https:\/\/arteeluoghi.it\/#website"},"primaryImageOfPage":{"@id":"https:\/\/arteeluoghi.it\/index.php\/2013\/06\/24\/le-case-degli-dei\/#primaryimage"},"datePublished":"2013-06-24T20:13:42+00:00","dateModified":"2013-06-24T20:13:42+00:00","breadcrumb":{"@id":"https:\/\/arteeluoghi.it\/index.php\/2013\/06\/24\/le-case-degli-dei\/#breadcrumb"},"inLanguage":"it-IT","potentialAction":[{"@type":"ReadAction","target":["https:\/\/arteeluoghi.it\/index.php\/2013\/06\/24\/le-case-degli-dei\/"]}]},{"@type":"BreadcrumbList","@id":"https:\/\/arteeluoghi.it\/index.php\/2013\/06\/24\/le-case-degli-dei\/#breadcrumb","itemListElement":[{"@type":"ListItem","position":1,"name":"Home","item":"https:\/\/arteeluoghi.it\/"},{"@type":"ListItem","position":2,"name":"Le case degli d\u00e8i"}]},{"@type":"Article","@id":"https:\/\/arteeluoghi.it\/index.php\/2013\/06\/24\/le-case-degli-dei\/#article","isPartOf":{"@id":"https:\/\/arteeluoghi.it\/index.php\/2013\/06\/24\/le-case-degli-dei\/#webpage"},"author":{"@id":"https:\/\/arteeluoghi.it\/#\/schema\/person\/f84e814e36e91e01448ee07eaadd41d4"},"headline":"Le case degli d\u00e8i","datePublished":"2013-06-24T20:13:42+00:00","dateModified":"2013-06-24T20:13:42+00:00","mainEntityOfPage":{"@id":"https:\/\/arteeluoghi.it\/index.php\/2013\/06\/24\/le-case-degli-dei\/#webpage"},"wordCount":1833,"commentCount":0,"publisher":{"@id":"https:\/\/arteeluoghi.it\/#organization"},"image":{"@id":"https:\/\/arteeluoghi.it\/index.php\/2013\/06\/24\/le-case-degli-dei\/#primaryimage"},"thumbnailUrl":"\/images\/Fabrizio%20Plessi%20Sala%20dei%20Giganti%20Mantova%20giugno%202013%20%20Paolo%20Pescasio.jpg","articleSection":["primapagina"],"inLanguage":"it-IT","potentialAction":[{"@type":"CommentAction","name":"Comment","target":["https:\/\/arteeluoghi.it\/index.php\/2013\/06\/24\/le-case-degli-dei\/#respond"]}]},{"@type":"Person","@id":"https:\/\/arteeluoghi.it\/#\/schema\/person\/f84e814e36e91e01448ee07eaadd41d4","name":"Staff","image":{"@type":"ImageObject","@id":"https:\/\/arteeluoghi.it\/#personlogo","inLanguage":"it-IT","url":"https:\/\/secure.gravatar.com\/avatar\/49d2f9e46271bb04e19cebfaf141313a?s=96&d=blank&r=g","contentUrl":"https:\/\/secure.gravatar.com\/avatar\/49d2f9e46271bb04e19cebfaf141313a?s=96&d=blank&r=g","caption":"Staff"}}]}},"_links":{"self":[{"href":"https:\/\/arteeluoghi.it\/index.php\/wp-json\/wp\/v2\/posts\/1166"}],"collection":[{"href":"https:\/\/arteeluoghi.it\/index.php\/wp-json\/wp\/v2\/posts"}],"about":[{"href":"https:\/\/arteeluoghi.it\/index.php\/wp-json\/wp\/v2\/types\/post"}],"author":[{"embeddable":true,"href":"https:\/\/arteeluoghi.it\/index.php\/wp-json\/wp\/v2\/users\/1"}],"replies":[{"embeddable":true,"href":"https:\/\/arteeluoghi.it\/index.php\/wp-json\/wp\/v2\/comments?post=1166"}],"version-history":[{"count":0,"href":"https:\/\/arteeluoghi.it\/index.php\/wp-json\/wp\/v2\/posts\/1166\/revisions"}],"wp:attachment":[{"href":"https:\/\/arteeluoghi.it\/index.php\/wp-json\/wp\/v2\/media?parent=1166"}],"wp:term":[{"taxonomy":"category","embeddable":true,"href":"https:\/\/arteeluoghi.it\/index.php\/wp-json\/wp\/v2\/categories?post=1166"},{"taxonomy":"post_tag","embeddable":true,"href":"https:\/\/arteeluoghi.it\/index.php\/wp-json\/wp\/v2\/tags?post=1166"}],"curies":[{"name":"wp","href":"https:\/\/api.w.org\/{rel}","templated":true}]}}