{"id":1170,"date":"2013-06-25T21:45:24","date_gmt":"2013-06-25T19:45:24","guid":{"rendered":"http:\/\/arteeluoghi.it\/index.php\/2013\/06\/25\/incontri-d-autore-al-fondo-verri\/"},"modified":"2013-06-25T21:45:24","modified_gmt":"2013-06-25T19:45:24","slug":"incontri-d-autore-al-fondo-verri","status":"publish","type":"post","link":"https:\/\/arteeluoghi.it\/index.php\/2013\/06\/25\/incontri-d-autore-al-fondo-verri\/","title":{"rendered":"Incontri d&#8217;autore al Fondo Verri"},"content":{"rendered":"<p><strong><img src=\"\/images\/nerolocandina.jpg\" border=\"0\" title=\"la locandina dell'evento\" width=\"300\" style=\"margin: 21px; float: left; border: 1px solid black;\" \/><\/strong><\/p>\n<p>\u00a0<\/p>\n<p>Incontro con l&#8217;autore venerd\u00ec 28 giugno 2013 al Fondo Verri di Lecce<strong> <br \/><\/strong><\/p>\n<p><strong>\u00a0<\/strong><\/p>\n<p><span style=\"font-size: small;\"><strong>NeroNotte. Romanza di amore e morte<\/strong>\u00a0<\/span> (Libellula edizioni 2013)<\/p>\n<p><strong>Mauro Marino incontra Paolo Vincenti<\/strong><\/p>\n<p>\u00a0<\/p>\n<p>Si presenter\u00e0 venerd\u00ec 28 giugno, a partire dalle ore 19.30, nella sede del Fondo Verri (via Santa Maria del Paradiso)\u00a0 l&#8217;ultima fatica letteraria di Paolo Vincenti. Incontrer\u00e0 l&#8217;autore, che legger\u00e0 alcuni brani tratti dal libro, il giornalista Mauro Marino. La serata \u00e8 organizzata dal Fondo Verri di Lecce.<\/p>\n<p>&#8220;NeroNotte. Romanza di amore e morte&#8221;, ultima fatica letteraria di Paolo Vincenti,\u00a0 racconta la storia di un uomo sospeso sul baratro esistenziale, di un acrobata notturno in bilico sul filo teso tra sogno e realt\u00e0, tra salvezza e dannazione che alle prime luci dell\u2019alba, come capita in un incubo, scivola via nell\u2019oblio senza memoria di un risveglio.<\/p>\n<p>Luoghi di emarginazione, tradimenti e lucide allucinazioni si accavallano e si intrecciano in questo romanzo, procedendo vorticose lungo quel sottile confine che separa l\u2019Eros dal Thanatos, l\u2019esistenza autentica dallo scacco a cui il protagonista sembra inesorabilmente condannato. \u00a0<br \/>\u00a0<br \/>\u00a0<\/p>\n<p>  <!--more-->  <\/p>\n<p>Il romanzo si concentra nello spazio di una notte in cui una serie di incontri fortuiti proietta nella coscienza di Ermanno, il protagonista, l\u2019esatta scansione del fallimento della propria esistenza. Egli vive esiliato in una soffitta sospesa sulla citt\u00e0, dove il continuo fluire e defluire di rumori notturni svaporando da strade brulicanti\u00a0 si condensa nella disadorna penombra di una coscienza che annaspa per poi annegare definitivamente, alla fine di un percorso di dolore, al giungere delle prime luci del nuovo giorno.<\/p>\n<p>L\u2019autore mutua il suo protagonista -scrittore per diletto e pittore fallito- dal topos letterario dell\u2019inetto, da quella categoria di incapaci, visionari e nevrotici tanto cara a una lunga tradizione letteraria che trova in Dostoevskij e Italo Svevo due dei suoi pi\u00f9 grandi rappresentanti. Schiacciato dalla societ\u00e0, dalle tradizioni, dalla famiglia, da un\u2019etica borghese che non ammette ripensamenti, e incapace di reagire e riscattarsi, il protagonista si muove in una trama fortemente simbolica che molto concede all\u2019introspezione psicologica e ad un flusso di coscienza che a tratti sembra ammantare ogni cosa, lasciando in sospeso lo stesso principio di realt\u00e0 e aprendo il finale ad una doppia interpretazione. <br \/>Il romanzo, intervallato da alcune prosette liriche che sono attribuite allo stesso protagonista, rappresenta un&#8217;amara e sincera riflessione sulla vita che Paolo Vincenti conduce seguendo i binari tematici a lui pi\u00f9 cari, come l\u2019eros, lo scorrere del tempo , la disillusione, la morte e\u00a0 la concezione dell\u2019arte come superamento delle convenzioni borghesi.<\/p>\n<p>\u00a0<\/p>\n<p>info:<\/p>\n<p>ww.neronotteromanza.wordpress.com<\/p>\n","protected":false},"excerpt":{"rendered":"<p>\u00a0 Incontro con l&#8217;autore venerd\u00ec 28 giugno 2013 al Fondo Verri di Lecce \u00a0 NeroNotte. Romanza di amore e morte\u00a0<\/p>\n","protected":false},"author":1,"featured_media":0,"comment_status":"open","ping_status":"open","sticky":false,"template":"","format":"standard","meta":[],"categories":[17],"tags":[],"yoast_head":"<!-- This site is optimized with the Yoast SEO plugin v18.0 - https:\/\/yoast.com\/wordpress\/plugins\/seo\/ -->\n<title>Incontri d&#039;autore al Fondo Verri | Arte e Luoghi<\/title>\n<meta name=\"robots\" content=\"index, follow, max-snippet:-1, max-image-preview:large, max-video-preview:-1\" \/>\n<link rel=\"canonical\" href=\"https:\/\/arteeluoghi.it\/index.php\/2013\/06\/25\/incontri-d-autore-al-fondo-verri\/\" \/>\n<meta property=\"og:locale\" content=\"it_IT\" \/>\n<meta property=\"og:type\" content=\"article\" \/>\n<meta property=\"og:title\" content=\"Incontri d&#039;autore al Fondo Verri | Arte e Luoghi\" \/>\n<meta property=\"og:description\" content=\"\u00a0 Incontro con l&#8217;autore venerd\u00ec 28 giugno 2013 al Fondo Verri di Lecce \u00a0 NeroNotte. Romanza di amore e morte\u00a0\" \/>\n<meta property=\"og:url\" content=\"https:\/\/arteeluoghi.it\/index.php\/2013\/06\/25\/incontri-d-autore-al-fondo-verri\/\" \/>\n<meta property=\"og:site_name\" content=\"Arte e Luoghi\" \/>\n<meta property=\"article:publisher\" content=\"https:\/\/www.facebook.com\/ArteELuoghi\/\" \/>\n<meta property=\"article:published_time\" content=\"2013-06-25T19:45:24+00:00\" \/>\n<meta property=\"og:image\" content=\"https:\/\/arteeluoghi.it\/images\/nerolocandina.jpg\" \/>\n<meta name=\"twitter:card\" content=\"summary\" \/>\n<meta name=\"twitter:creator\" content=\"@arteeluoghi\" \/>\n<meta name=\"twitter:site\" content=\"@arteeluoghi\" \/>\n<meta name=\"twitter:label1\" content=\"Scritto da\" \/>\n\t<meta name=\"twitter:data1\" content=\"Staff\" \/>\n\t<meta name=\"twitter:label2\" content=\"Tempo di lettura stimato\" \/>\n\t<meta name=\"twitter:data2\" content=\"2 minuti\" \/>\n<script type=\"application\/ld+json\" class=\"yoast-schema-graph\">{\"@context\":\"https:\/\/schema.org\",\"@graph\":[{\"@type\":\"Organization\",\"@id\":\"https:\/\/arteeluoghi.it\/#organization\",\"name\":\"Arte e Luoghi\",\"url\":\"https:\/\/arteeluoghi.it\/\",\"sameAs\":[\"https:\/\/www.facebook.com\/ArteELuoghi\/\",\"https:\/\/www.instagram.com\/arteeluoghi\/?hl=it\",\"https:\/\/www.youtube.com\/channel\/UCuRVc4JW4-C5sg9rQB-srkw?view_as=subscriber\",\"https:\/\/twitter.com\/arteeluoghi\"],\"logo\":{\"@type\":\"ImageObject\",\"@id\":\"https:\/\/arteeluoghi.it\/#logo\",\"inLanguage\":\"it-IT\",\"url\":\"https:\/\/arteeluoghi.it\/wp-content\/uploads\/2018\/08\/logoinstagramarte.jpg\",\"contentUrl\":\"https:\/\/arteeluoghi.it\/wp-content\/uploads\/2018\/08\/logoinstagramarte.jpg\",\"width\":150,\"height\":150,\"caption\":\"Arte e Luoghi\"},\"image\":{\"@id\":\"https:\/\/arteeluoghi.it\/#logo\"}},{\"@type\":\"WebSite\",\"@id\":\"https:\/\/arteeluoghi.it\/#website\",\"url\":\"https:\/\/arteeluoghi.it\/\",\"name\":\"Arte e Luoghi\",\"description\":\"Mensile di arte, cultura, turismo e curiosit\u00e0\",\"publisher\":{\"@id\":\"https:\/\/arteeluoghi.it\/#organization\"},\"potentialAction\":[{\"@type\":\"SearchAction\",\"target\":{\"@type\":\"EntryPoint\",\"urlTemplate\":\"https:\/\/arteeluoghi.it\/?s={search_term_string}\"},\"query-input\":\"required name=search_term_string\"}],\"inLanguage\":\"it-IT\"},{\"@type\":\"ImageObject\",\"@id\":\"https:\/\/arteeluoghi.it\/index.php\/2013\/06\/25\/incontri-d-autore-al-fondo-verri\/#primaryimage\",\"inLanguage\":\"it-IT\",\"url\":\"\/images\/nerolocandina.jpg\",\"contentUrl\":\"\/images\/nerolocandina.jpg\"},{\"@type\":\"WebPage\",\"@id\":\"https:\/\/arteeluoghi.it\/index.php\/2013\/06\/25\/incontri-d-autore-al-fondo-verri\/#webpage\",\"url\":\"https:\/\/arteeluoghi.it\/index.php\/2013\/06\/25\/incontri-d-autore-al-fondo-verri\/\",\"name\":\"Incontri d'autore al Fondo Verri | Arte e Luoghi\",\"isPartOf\":{\"@id\":\"https:\/\/arteeluoghi.it\/#website\"},\"primaryImageOfPage\":{\"@id\":\"https:\/\/arteeluoghi.it\/index.php\/2013\/06\/25\/incontri-d-autore-al-fondo-verri\/#primaryimage\"},\"datePublished\":\"2013-06-25T19:45:24+00:00\",\"dateModified\":\"2013-06-25T19:45:24+00:00\",\"breadcrumb\":{\"@id\":\"https:\/\/arteeluoghi.it\/index.php\/2013\/06\/25\/incontri-d-autore-al-fondo-verri\/#breadcrumb\"},\"inLanguage\":\"it-IT\",\"potentialAction\":[{\"@type\":\"ReadAction\",\"target\":[\"https:\/\/arteeluoghi.it\/index.php\/2013\/06\/25\/incontri-d-autore-al-fondo-verri\/\"]}]},{\"@type\":\"BreadcrumbList\",\"@id\":\"https:\/\/arteeluoghi.it\/index.php\/2013\/06\/25\/incontri-d-autore-al-fondo-verri\/#breadcrumb\",\"itemListElement\":[{\"@type\":\"ListItem\",\"position\":1,\"name\":\"Home\",\"item\":\"https:\/\/arteeluoghi.it\/\"},{\"@type\":\"ListItem\",\"position\":2,\"name\":\"Incontri d&#8217;autore al Fondo Verri\"}]},{\"@type\":\"Article\",\"@id\":\"https:\/\/arteeluoghi.it\/index.php\/2013\/06\/25\/incontri-d-autore-al-fondo-verri\/#article\",\"isPartOf\":{\"@id\":\"https:\/\/arteeluoghi.it\/index.php\/2013\/06\/25\/incontri-d-autore-al-fondo-verri\/#webpage\"},\"author\":{\"@id\":\"https:\/\/arteeluoghi.it\/#\/schema\/person\/f84e814e36e91e01448ee07eaadd41d4\"},\"headline\":\"Incontri d&#8217;autore al Fondo Verri\",\"datePublished\":\"2013-06-25T19:45:24+00:00\",\"dateModified\":\"2013-06-25T19:45:24+00:00\",\"mainEntityOfPage\":{\"@id\":\"https:\/\/arteeluoghi.it\/index.php\/2013\/06\/25\/incontri-d-autore-al-fondo-verri\/#webpage\"},\"wordCount\":421,\"commentCount\":0,\"publisher\":{\"@id\":\"https:\/\/arteeluoghi.it\/#organization\"},\"image\":{\"@id\":\"https:\/\/arteeluoghi.it\/index.php\/2013\/06\/25\/incontri-d-autore-al-fondo-verri\/#primaryimage\"},\"thumbnailUrl\":\"\/images\/nerolocandina.jpg\",\"articleSection\":[\"LIBRI\"],\"inLanguage\":\"it-IT\",\"potentialAction\":[{\"@type\":\"CommentAction\",\"name\":\"Comment\",\"target\":[\"https:\/\/arteeluoghi.it\/index.php\/2013\/06\/25\/incontri-d-autore-al-fondo-verri\/#respond\"]}]},{\"@type\":\"Person\",\"@id\":\"https:\/\/arteeluoghi.it\/#\/schema\/person\/f84e814e36e91e01448ee07eaadd41d4\",\"name\":\"Staff\",\"image\":{\"@type\":\"ImageObject\",\"@id\":\"https:\/\/arteeluoghi.it\/#personlogo\",\"inLanguage\":\"it-IT\",\"url\":\"https:\/\/secure.gravatar.com\/avatar\/49d2f9e46271bb04e19cebfaf141313a?s=96&d=blank&r=g\",\"contentUrl\":\"https:\/\/secure.gravatar.com\/avatar\/49d2f9e46271bb04e19cebfaf141313a?s=96&d=blank&r=g\",\"caption\":\"Staff\"}}]}<\/script>\n<!-- \/ Yoast SEO plugin. -->","yoast_head_json":{"title":"Incontri d'autore al Fondo Verri | Arte e Luoghi","robots":{"index":"index","follow":"follow","max-snippet":"max-snippet:-1","max-image-preview":"max-image-preview:large","max-video-preview":"max-video-preview:-1"},"canonical":"https:\/\/arteeluoghi.it\/index.php\/2013\/06\/25\/incontri-d-autore-al-fondo-verri\/","og_locale":"it_IT","og_type":"article","og_title":"Incontri d'autore al Fondo Verri | Arte e Luoghi","og_description":"\u00a0 Incontro con l&#8217;autore venerd\u00ec 28 giugno 2013 al Fondo Verri di Lecce \u00a0 NeroNotte. Romanza di amore e morte\u00a0","og_url":"https:\/\/arteeluoghi.it\/index.php\/2013\/06\/25\/incontri-d-autore-al-fondo-verri\/","og_site_name":"Arte e Luoghi","article_publisher":"https:\/\/www.facebook.com\/ArteELuoghi\/","article_published_time":"2013-06-25T19:45:24+00:00","og_image":[{"url":"https:\/\/arteeluoghi.it\/images\/nerolocandina.jpg"}],"twitter_card":"summary","twitter_creator":"@arteeluoghi","twitter_site":"@arteeluoghi","twitter_misc":{"Scritto da":"Staff","Tempo di lettura stimato":"2 minuti"},"schema":{"@context":"https:\/\/schema.org","@graph":[{"@type":"Organization","@id":"https:\/\/arteeluoghi.it\/#organization","name":"Arte e Luoghi","url":"https:\/\/arteeluoghi.it\/","sameAs":["https:\/\/www.facebook.com\/ArteELuoghi\/","https:\/\/www.instagram.com\/arteeluoghi\/?hl=it","https:\/\/www.youtube.com\/channel\/UCuRVc4JW4-C5sg9rQB-srkw?view_as=subscriber","https:\/\/twitter.com\/arteeluoghi"],"logo":{"@type":"ImageObject","@id":"https:\/\/arteeluoghi.it\/#logo","inLanguage":"it-IT","url":"https:\/\/arteeluoghi.it\/wp-content\/uploads\/2018\/08\/logoinstagramarte.jpg","contentUrl":"https:\/\/arteeluoghi.it\/wp-content\/uploads\/2018\/08\/logoinstagramarte.jpg","width":150,"height":150,"caption":"Arte e Luoghi"},"image":{"@id":"https:\/\/arteeluoghi.it\/#logo"}},{"@type":"WebSite","@id":"https:\/\/arteeluoghi.it\/#website","url":"https:\/\/arteeluoghi.it\/","name":"Arte e Luoghi","description":"Mensile di arte, cultura, turismo e curiosit\u00e0","publisher":{"@id":"https:\/\/arteeluoghi.it\/#organization"},"potentialAction":[{"@type":"SearchAction","target":{"@type":"EntryPoint","urlTemplate":"https:\/\/arteeluoghi.it\/?s={search_term_string}"},"query-input":"required name=search_term_string"}],"inLanguage":"it-IT"},{"@type":"ImageObject","@id":"https:\/\/arteeluoghi.it\/index.php\/2013\/06\/25\/incontri-d-autore-al-fondo-verri\/#primaryimage","inLanguage":"it-IT","url":"\/images\/nerolocandina.jpg","contentUrl":"\/images\/nerolocandina.jpg"},{"@type":"WebPage","@id":"https:\/\/arteeluoghi.it\/index.php\/2013\/06\/25\/incontri-d-autore-al-fondo-verri\/#webpage","url":"https:\/\/arteeluoghi.it\/index.php\/2013\/06\/25\/incontri-d-autore-al-fondo-verri\/","name":"Incontri d'autore al Fondo Verri | Arte e Luoghi","isPartOf":{"@id":"https:\/\/arteeluoghi.it\/#website"},"primaryImageOfPage":{"@id":"https:\/\/arteeluoghi.it\/index.php\/2013\/06\/25\/incontri-d-autore-al-fondo-verri\/#primaryimage"},"datePublished":"2013-06-25T19:45:24+00:00","dateModified":"2013-06-25T19:45:24+00:00","breadcrumb":{"@id":"https:\/\/arteeluoghi.it\/index.php\/2013\/06\/25\/incontri-d-autore-al-fondo-verri\/#breadcrumb"},"inLanguage":"it-IT","potentialAction":[{"@type":"ReadAction","target":["https:\/\/arteeluoghi.it\/index.php\/2013\/06\/25\/incontri-d-autore-al-fondo-verri\/"]}]},{"@type":"BreadcrumbList","@id":"https:\/\/arteeluoghi.it\/index.php\/2013\/06\/25\/incontri-d-autore-al-fondo-verri\/#breadcrumb","itemListElement":[{"@type":"ListItem","position":1,"name":"Home","item":"https:\/\/arteeluoghi.it\/"},{"@type":"ListItem","position":2,"name":"Incontri d&#8217;autore al Fondo Verri"}]},{"@type":"Article","@id":"https:\/\/arteeluoghi.it\/index.php\/2013\/06\/25\/incontri-d-autore-al-fondo-verri\/#article","isPartOf":{"@id":"https:\/\/arteeluoghi.it\/index.php\/2013\/06\/25\/incontri-d-autore-al-fondo-verri\/#webpage"},"author":{"@id":"https:\/\/arteeluoghi.it\/#\/schema\/person\/f84e814e36e91e01448ee07eaadd41d4"},"headline":"Incontri d&#8217;autore al Fondo Verri","datePublished":"2013-06-25T19:45:24+00:00","dateModified":"2013-06-25T19:45:24+00:00","mainEntityOfPage":{"@id":"https:\/\/arteeluoghi.it\/index.php\/2013\/06\/25\/incontri-d-autore-al-fondo-verri\/#webpage"},"wordCount":421,"commentCount":0,"publisher":{"@id":"https:\/\/arteeluoghi.it\/#organization"},"image":{"@id":"https:\/\/arteeluoghi.it\/index.php\/2013\/06\/25\/incontri-d-autore-al-fondo-verri\/#primaryimage"},"thumbnailUrl":"\/images\/nerolocandina.jpg","articleSection":["LIBRI"],"inLanguage":"it-IT","potentialAction":[{"@type":"CommentAction","name":"Comment","target":["https:\/\/arteeluoghi.it\/index.php\/2013\/06\/25\/incontri-d-autore-al-fondo-verri\/#respond"]}]},{"@type":"Person","@id":"https:\/\/arteeluoghi.it\/#\/schema\/person\/f84e814e36e91e01448ee07eaadd41d4","name":"Staff","image":{"@type":"ImageObject","@id":"https:\/\/arteeluoghi.it\/#personlogo","inLanguage":"it-IT","url":"https:\/\/secure.gravatar.com\/avatar\/49d2f9e46271bb04e19cebfaf141313a?s=96&d=blank&r=g","contentUrl":"https:\/\/secure.gravatar.com\/avatar\/49d2f9e46271bb04e19cebfaf141313a?s=96&d=blank&r=g","caption":"Staff"}}]}},"_links":{"self":[{"href":"https:\/\/arteeluoghi.it\/index.php\/wp-json\/wp\/v2\/posts\/1170"}],"collection":[{"href":"https:\/\/arteeluoghi.it\/index.php\/wp-json\/wp\/v2\/posts"}],"about":[{"href":"https:\/\/arteeluoghi.it\/index.php\/wp-json\/wp\/v2\/types\/post"}],"author":[{"embeddable":true,"href":"https:\/\/arteeluoghi.it\/index.php\/wp-json\/wp\/v2\/users\/1"}],"replies":[{"embeddable":true,"href":"https:\/\/arteeluoghi.it\/index.php\/wp-json\/wp\/v2\/comments?post=1170"}],"version-history":[{"count":0,"href":"https:\/\/arteeluoghi.it\/index.php\/wp-json\/wp\/v2\/posts\/1170\/revisions"}],"wp:attachment":[{"href":"https:\/\/arteeluoghi.it\/index.php\/wp-json\/wp\/v2\/media?parent=1170"}],"wp:term":[{"taxonomy":"category","embeddable":true,"href":"https:\/\/arteeluoghi.it\/index.php\/wp-json\/wp\/v2\/categories?post=1170"},{"taxonomy":"post_tag","embeddable":true,"href":"https:\/\/arteeluoghi.it\/index.php\/wp-json\/wp\/v2\/tags?post=1170"}],"curies":[{"name":"wp","href":"https:\/\/api.w.org\/{rel}","templated":true}]}}