{"id":11759,"date":"2022-10-01T17:18:00","date_gmt":"2022-10-01T15:18:00","guid":{"rendered":"https:\/\/arteeluoghi.it\/?p=11759"},"modified":"2022-10-14T21:06:02","modified_gmt":"2022-10-14T19:06:02","slug":"teofilo-il-menhir-di-martano","status":"publish","type":"post","link":"https:\/\/arteeluoghi.it\/index.php\/2022\/10\/01\/teofilo-il-menhir-di-martano\/","title":{"rendered":"Teofilo. Il Menhir di Martano"},"content":{"rendered":"\n<blockquote class=\"wp-block-quote\"><p>Perfettamente integrato nel tessuto urbano al punto quasi da mimetizzarsi nei pressi di un muro, ma \u00e8 l\u00ec da sempre con i suoi 4 metri di altezza&#8230;<\/p><cite>Raffaele Polo<\/cite><\/blockquote>\n\n\n\n<p>Sono andato dal cardiologo, a Martano, per un esame di routine. Questo professionista ha lo studio in via del Teofilo e mi ha incuriosito questa denominazione che mi ha subito ricordato l&#8217;incipit del Vangelo di Luca, quando l&#8217;evangelista si rivolge ad un non meglio definito &#8216;Teofilo&#8217; che \u00e8 la letterale traduzione di &#8216;amico di Dio&#8217; e pu\u00f2 impersonificare un po&#8217; tutti i cristiani, gli uomini amati dal Signore, cui \u00e8 rivolta la buona Novella.<\/p>\n\n\n\n<!--more-->\n\n\n\n<p><br>No, a Martano il Teofilo \u00e8 uno splendido menhir che si eleva per oltre 4 metri di altezza (sono 4,70 metri e pare che sia uno dei pi\u00f9 alti esistenti) e fa parte del paesaggio urbano contemporaneo, integrandosi perfettamente con gli edifici che lo circondano. Difatti, sfugge ad un&#8217;occhiata superficiale, quasi mimetizzato nei pressi di un muro, in un incrocio che vede l&#8217;alternarsi di tante auto frettolose. &#8216;\u201dDa bambini giocavamo proprio attorno a lui, lo chiamavamo Santu Totaru e non sapevamo certo che fosse cos\u00ec antico. Gli anziani del paese ne parlavano come di un vecchio amico, testimone delle loro innumerevoli storie\u201d mi dice il dottore. E non sa che, pi\u00f9 di un secolo addietro, Cosimo De Giorgi lo descrive accuratamente il 29 giugno 1879 e narra di averlo visto da bambino, insieme agli altri quattro che fino alla met\u00e0 dell&#8217;Ottocento erano presenti sul territorio di Martano.<br>Triste, curiosa, misteriosa storia di tutti i menhir, destinati a scomparire per l&#8217;incuria e l&#8217;ignoranza umana ma sempre sorprendenti per il mistero che racchiudono in s\u00e9; a cosa servivano, quale era la loro funzione, perch\u00e9 venivano eretti? Adesso si dice, semplicemente, che erano monumenti funebri. Ma, fino a qualche tempo fa, non si nascondevano le leggende legate ai tesori che n asconderebbero le loro fondamenta o che sarebbero indicati dalla loro predisposizione\u2026 Il monolite Teofilo \u00e8 il pi\u00f9 alto tra quelli pugliesi. Oggi, inglobato dalla espansione edilizia, si trova nello stesso sito, in un&#8217;aiuola fiorita, delimitata da un&#8217;esile ringhiera metallica. Leggermente rastremato alla sommit\u00e0, ha una croce incisa e grandi tacche lungo gli spigoli. Doveva sorgere in aperta campagna e le sue dimensioni lo facevano vedere distintamente da grande lontananza: certamente utilizzato e riconvertito dal cristianesimo popolare, i segni che portava ne facevano un vessillo di cristianit\u00e0 e un punto di riferimento per semplici preghiere.<br>Risalente ad un periodo tra il IX e il VII secolo avanti Cristo, questo menhir viene comunemente denominato come &#8216;La culonna&#8217; o &#8216;lu chiofilu&#8217;. Per la presenza, nei pressi, di una cappella dedicata a Santa Lucia, \u00e8 anche abbinato al nome della santa di Siracusa. Secondo una leggenda, si racconta che Martano abbia avuto origine dagli antenati di Minosse. Senza alcun dubbio, la cittadina sub\u00ec il dominio dei greci e dei bizantini. Infatti, essi influenzarono fortemente usi e costumi locali, al punto da lasciare alcune tracce ancora oggi, per esempio nel dialetto.<br>Il menhir, antico e imperturbabile, \u00e8 ancora l\u00ec, a sovrastare la Storia e gli avvenimenti. Proprio come il Teofilo di San Luca, cui \u00e8 dedicata tutta la Storia della nostra salvezza.<\/p>\n","protected":false},"excerpt":{"rendered":"<p>Perfettamente integrato nel tessuto urbano al punto quasi da mimetizzarsi nei pressi di un muro, ma \u00e8 l\u00ec da sempre<\/p>\n","protected":false},"author":1,"featured_media":11760,"comment_status":"open","ping_status":"open","sticky":true,"template":"","format":"standard","meta":[],"categories":[609,18,8,3361],"tags":[1855,4320,1377,4369],"yoast_head":"<!-- This site is optimized with the Yoast SEO plugin v18.0 - https:\/\/yoast.com\/wordpress\/plugins\/seo\/ -->\n<title>Teofilo. Il Menhir di Martano | Arte e Luoghi<\/title>\n<meta name=\"description\" content=\"Perfettamente integrato nel tessuto urbano al punto quasi da mimetizzarsi nei pressi di un muro, ma \u00e8 l\u00ec da sempre con i suoi 4 m\" \/>\n<meta name=\"robots\" content=\"index, follow, max-snippet:-1, max-image-preview:large, max-video-preview:-1\" \/>\n<link rel=\"canonical\" href=\"https:\/\/arteeluoghi.it\/index.php\/2022\/10\/01\/teofilo-il-menhir-di-martano\/\" \/>\n<meta property=\"og:locale\" content=\"it_IT\" \/>\n<meta property=\"og:type\" content=\"article\" \/>\n<meta property=\"og:title\" content=\"Teofilo. Il Menhir di Martano | Arte e Luoghi\" \/>\n<meta property=\"og:description\" content=\"Perfettamente integrato nel tessuto urbano al punto quasi da mimetizzarsi nei pressi di un muro, ma \u00e8 l\u00ec da sempre con i suoi 4 m\" \/>\n<meta property=\"og:url\" content=\"https:\/\/arteeluoghi.it\/index.php\/2022\/10\/01\/teofilo-il-menhir-di-martano\/\" \/>\n<meta property=\"og:site_name\" content=\"Arte e Luoghi\" \/>\n<meta property=\"article:publisher\" content=\"https:\/\/www.facebook.com\/ArteELuoghi\/\" \/>\n<meta property=\"article:published_time\" content=\"2022-10-01T15:18:00+00:00\" \/>\n<meta property=\"article:modified_time\" content=\"2022-10-14T19:06:02+00:00\" \/>\n<meta property=\"og:image\" content=\"https:\/\/arteeluoghi.it\/wp-content\/uploads\/2022\/10\/3-menhir-scaled.jpg\" \/>\n\t<meta property=\"og:image:width\" content=\"1920\" \/>\n\t<meta property=\"og:image:height\" content=\"2560\" \/>\n\t<meta property=\"og:image:type\" content=\"image\/jpeg\" \/>\n<meta name=\"twitter:card\" content=\"summary\" \/>\n<meta name=\"twitter:creator\" content=\"@arteeluoghi\" \/>\n<meta name=\"twitter:site\" content=\"@arteeluoghi\" \/>\n<meta name=\"twitter:label1\" content=\"Scritto da\" \/>\n\t<meta name=\"twitter:data1\" content=\"Staff\" \/>\n\t<meta name=\"twitter:label2\" content=\"Tempo di lettura stimato\" \/>\n\t<meta name=\"twitter:data2\" content=\"3 minuti\" \/>\n<script type=\"application\/ld+json\" class=\"yoast-schema-graph\">{\"@context\":\"https:\/\/schema.org\",\"@graph\":[{\"@type\":\"Organization\",\"@id\":\"https:\/\/arteeluoghi.it\/#organization\",\"name\":\"Arte e Luoghi\",\"url\":\"https:\/\/arteeluoghi.it\/\",\"sameAs\":[\"https:\/\/www.facebook.com\/ArteELuoghi\/\",\"https:\/\/www.instagram.com\/arteeluoghi\/?hl=it\",\"https:\/\/www.youtube.com\/channel\/UCuRVc4JW4-C5sg9rQB-srkw?view_as=subscriber\",\"https:\/\/twitter.com\/arteeluoghi\"],\"logo\":{\"@type\":\"ImageObject\",\"@id\":\"https:\/\/arteeluoghi.it\/#logo\",\"inLanguage\":\"it-IT\",\"url\":\"https:\/\/arteeluoghi.it\/wp-content\/uploads\/2018\/08\/logoinstagramarte.jpg\",\"contentUrl\":\"https:\/\/arteeluoghi.it\/wp-content\/uploads\/2018\/08\/logoinstagramarte.jpg\",\"width\":150,\"height\":150,\"caption\":\"Arte e Luoghi\"},\"image\":{\"@id\":\"https:\/\/arteeluoghi.it\/#logo\"}},{\"@type\":\"WebSite\",\"@id\":\"https:\/\/arteeluoghi.it\/#website\",\"url\":\"https:\/\/arteeluoghi.it\/\",\"name\":\"Arte e Luoghi\",\"description\":\"Mensile di arte, cultura, turismo e curiosit\u00e0\",\"publisher\":{\"@id\":\"https:\/\/arteeluoghi.it\/#organization\"},\"potentialAction\":[{\"@type\":\"SearchAction\",\"target\":{\"@type\":\"EntryPoint\",\"urlTemplate\":\"https:\/\/arteeluoghi.it\/?s={search_term_string}\"},\"query-input\":\"required name=search_term_string\"}],\"inLanguage\":\"it-IT\"},{\"@type\":\"ImageObject\",\"@id\":\"https:\/\/arteeluoghi.it\/index.php\/2022\/10\/01\/teofilo-il-menhir-di-martano\/#primaryimage\",\"inLanguage\":\"it-IT\",\"url\":\"https:\/\/arteeluoghi.it\/wp-content\/uploads\/2022\/10\/3-menhir-scaled.jpg\",\"contentUrl\":\"https:\/\/arteeluoghi.it\/wp-content\/uploads\/2022\/10\/3-menhir-scaled.jpg\",\"width\":1920,\"height\":2560},{\"@type\":\"WebPage\",\"@id\":\"https:\/\/arteeluoghi.it\/index.php\/2022\/10\/01\/teofilo-il-menhir-di-martano\/#webpage\",\"url\":\"https:\/\/arteeluoghi.it\/index.php\/2022\/10\/01\/teofilo-il-menhir-di-martano\/\",\"name\":\"Teofilo. Il Menhir di Martano | Arte e Luoghi\",\"isPartOf\":{\"@id\":\"https:\/\/arteeluoghi.it\/#website\"},\"primaryImageOfPage\":{\"@id\":\"https:\/\/arteeluoghi.it\/index.php\/2022\/10\/01\/teofilo-il-menhir-di-martano\/#primaryimage\"},\"datePublished\":\"2022-10-01T15:18:00+00:00\",\"dateModified\":\"2022-10-14T19:06:02+00:00\",\"description\":\"Perfettamente integrato nel tessuto urbano al punto quasi da mimetizzarsi nei pressi di un muro, ma \u00e8 l\u00ec da sempre con i suoi 4 m\",\"breadcrumb\":{\"@id\":\"https:\/\/arteeluoghi.it\/index.php\/2022\/10\/01\/teofilo-il-menhir-di-martano\/#breadcrumb\"},\"inLanguage\":\"it-IT\",\"potentialAction\":[{\"@type\":\"ReadAction\",\"target\":[\"https:\/\/arteeluoghi.it\/index.php\/2022\/10\/01\/teofilo-il-menhir-di-martano\/\"]}]},{\"@type\":\"BreadcrumbList\",\"@id\":\"https:\/\/arteeluoghi.it\/index.php\/2022\/10\/01\/teofilo-il-menhir-di-martano\/#breadcrumb\",\"itemListElement\":[{\"@type\":\"ListItem\",\"position\":1,\"name\":\"Home\",\"item\":\"https:\/\/arteeluoghi.it\/\"},{\"@type\":\"ListItem\",\"position\":2,\"name\":\"Teofilo. Il Menhir di Martano\"}]},{\"@type\":\"Article\",\"@id\":\"https:\/\/arteeluoghi.it\/index.php\/2022\/10\/01\/teofilo-il-menhir-di-martano\/#article\",\"isPartOf\":{\"@id\":\"https:\/\/arteeluoghi.it\/index.php\/2022\/10\/01\/teofilo-il-menhir-di-martano\/#webpage\"},\"author\":{\"@id\":\"https:\/\/arteeluoghi.it\/#\/schema\/person\/f84e814e36e91e01448ee07eaadd41d4\"},\"headline\":\"Teofilo. Il Menhir di Martano\",\"datePublished\":\"2022-10-01T15:18:00+00:00\",\"dateModified\":\"2022-10-14T19:06:02+00:00\",\"mainEntityOfPage\":{\"@id\":\"https:\/\/arteeluoghi.it\/index.php\/2022\/10\/01\/teofilo-il-menhir-di-martano\/#webpage\"},\"wordCount\":521,\"commentCount\":0,\"publisher\":{\"@id\":\"https:\/\/arteeluoghi.it\/#organization\"},\"image\":{\"@id\":\"https:\/\/arteeluoghi.it\/index.php\/2022\/10\/01\/teofilo-il-menhir-di-martano\/#primaryimage\"},\"thumbnailUrl\":\"https:\/\/arteeluoghi.it\/wp-content\/uploads\/2022\/10\/3-menhir-scaled.jpg\",\"keywords\":[\"Martano\",\"Menhir\",\"Raffaele Polo\",\"Teofilo\"],\"articleSection\":[\"archeologia\",\"architettura\",\"LUOGHI\",\"Luoghi del Mistero\"],\"inLanguage\":\"it-IT\",\"potentialAction\":[{\"@type\":\"CommentAction\",\"name\":\"Comment\",\"target\":[\"https:\/\/arteeluoghi.it\/index.php\/2022\/10\/01\/teofilo-il-menhir-di-martano\/#respond\"]}]},{\"@type\":\"Person\",\"@id\":\"https:\/\/arteeluoghi.it\/#\/schema\/person\/f84e814e36e91e01448ee07eaadd41d4\",\"name\":\"Staff\",\"image\":{\"@type\":\"ImageObject\",\"@id\":\"https:\/\/arteeluoghi.it\/#personlogo\",\"inLanguage\":\"it-IT\",\"url\":\"https:\/\/secure.gravatar.com\/avatar\/49d2f9e46271bb04e19cebfaf141313a?s=96&d=blank&r=g\",\"contentUrl\":\"https:\/\/secure.gravatar.com\/avatar\/49d2f9e46271bb04e19cebfaf141313a?s=96&d=blank&r=g\",\"caption\":\"Staff\"}}]}<\/script>\n<!-- \/ Yoast SEO plugin. -->","yoast_head_json":{"title":"Teofilo. Il Menhir di Martano | Arte e Luoghi","description":"Perfettamente integrato nel tessuto urbano al punto quasi da mimetizzarsi nei pressi di un muro, ma \u00e8 l\u00ec da sempre con i suoi 4 m","robots":{"index":"index","follow":"follow","max-snippet":"max-snippet:-1","max-image-preview":"max-image-preview:large","max-video-preview":"max-video-preview:-1"},"canonical":"https:\/\/arteeluoghi.it\/index.php\/2022\/10\/01\/teofilo-il-menhir-di-martano\/","og_locale":"it_IT","og_type":"article","og_title":"Teofilo. Il Menhir di Martano | Arte e Luoghi","og_description":"Perfettamente integrato nel tessuto urbano al punto quasi da mimetizzarsi nei pressi di un muro, ma \u00e8 l\u00ec da sempre con i suoi 4 m","og_url":"https:\/\/arteeluoghi.it\/index.php\/2022\/10\/01\/teofilo-il-menhir-di-martano\/","og_site_name":"Arte e Luoghi","article_publisher":"https:\/\/www.facebook.com\/ArteELuoghi\/","article_published_time":"2022-10-01T15:18:00+00:00","article_modified_time":"2022-10-14T19:06:02+00:00","og_image":[{"width":1920,"height":2560,"url":"https:\/\/arteeluoghi.it\/wp-content\/uploads\/2022\/10\/3-menhir-scaled.jpg","type":"image\/jpeg"}],"twitter_card":"summary","twitter_creator":"@arteeluoghi","twitter_site":"@arteeluoghi","twitter_misc":{"Scritto da":"Staff","Tempo di lettura stimato":"3 minuti"},"schema":{"@context":"https:\/\/schema.org","@graph":[{"@type":"Organization","@id":"https:\/\/arteeluoghi.it\/#organization","name":"Arte e Luoghi","url":"https:\/\/arteeluoghi.it\/","sameAs":["https:\/\/www.facebook.com\/ArteELuoghi\/","https:\/\/www.instagram.com\/arteeluoghi\/?hl=it","https:\/\/www.youtube.com\/channel\/UCuRVc4JW4-C5sg9rQB-srkw?view_as=subscriber","https:\/\/twitter.com\/arteeluoghi"],"logo":{"@type":"ImageObject","@id":"https:\/\/arteeluoghi.it\/#logo","inLanguage":"it-IT","url":"https:\/\/arteeluoghi.it\/wp-content\/uploads\/2018\/08\/logoinstagramarte.jpg","contentUrl":"https:\/\/arteeluoghi.it\/wp-content\/uploads\/2018\/08\/logoinstagramarte.jpg","width":150,"height":150,"caption":"Arte e Luoghi"},"image":{"@id":"https:\/\/arteeluoghi.it\/#logo"}},{"@type":"WebSite","@id":"https:\/\/arteeluoghi.it\/#website","url":"https:\/\/arteeluoghi.it\/","name":"Arte e Luoghi","description":"Mensile di arte, cultura, turismo e curiosit\u00e0","publisher":{"@id":"https:\/\/arteeluoghi.it\/#organization"},"potentialAction":[{"@type":"SearchAction","target":{"@type":"EntryPoint","urlTemplate":"https:\/\/arteeluoghi.it\/?s={search_term_string}"},"query-input":"required name=search_term_string"}],"inLanguage":"it-IT"},{"@type":"ImageObject","@id":"https:\/\/arteeluoghi.it\/index.php\/2022\/10\/01\/teofilo-il-menhir-di-martano\/#primaryimage","inLanguage":"it-IT","url":"https:\/\/arteeluoghi.it\/wp-content\/uploads\/2022\/10\/3-menhir-scaled.jpg","contentUrl":"https:\/\/arteeluoghi.it\/wp-content\/uploads\/2022\/10\/3-menhir-scaled.jpg","width":1920,"height":2560},{"@type":"WebPage","@id":"https:\/\/arteeluoghi.it\/index.php\/2022\/10\/01\/teofilo-il-menhir-di-martano\/#webpage","url":"https:\/\/arteeluoghi.it\/index.php\/2022\/10\/01\/teofilo-il-menhir-di-martano\/","name":"Teofilo. Il Menhir di Martano | Arte e Luoghi","isPartOf":{"@id":"https:\/\/arteeluoghi.it\/#website"},"primaryImageOfPage":{"@id":"https:\/\/arteeluoghi.it\/index.php\/2022\/10\/01\/teofilo-il-menhir-di-martano\/#primaryimage"},"datePublished":"2022-10-01T15:18:00+00:00","dateModified":"2022-10-14T19:06:02+00:00","description":"Perfettamente integrato nel tessuto urbano al punto quasi da mimetizzarsi nei pressi di un muro, ma \u00e8 l\u00ec da sempre con i suoi 4 m","breadcrumb":{"@id":"https:\/\/arteeluoghi.it\/index.php\/2022\/10\/01\/teofilo-il-menhir-di-martano\/#breadcrumb"},"inLanguage":"it-IT","potentialAction":[{"@type":"ReadAction","target":["https:\/\/arteeluoghi.it\/index.php\/2022\/10\/01\/teofilo-il-menhir-di-martano\/"]}]},{"@type":"BreadcrumbList","@id":"https:\/\/arteeluoghi.it\/index.php\/2022\/10\/01\/teofilo-il-menhir-di-martano\/#breadcrumb","itemListElement":[{"@type":"ListItem","position":1,"name":"Home","item":"https:\/\/arteeluoghi.it\/"},{"@type":"ListItem","position":2,"name":"Teofilo. Il Menhir di Martano"}]},{"@type":"Article","@id":"https:\/\/arteeluoghi.it\/index.php\/2022\/10\/01\/teofilo-il-menhir-di-martano\/#article","isPartOf":{"@id":"https:\/\/arteeluoghi.it\/index.php\/2022\/10\/01\/teofilo-il-menhir-di-martano\/#webpage"},"author":{"@id":"https:\/\/arteeluoghi.it\/#\/schema\/person\/f84e814e36e91e01448ee07eaadd41d4"},"headline":"Teofilo. Il Menhir di Martano","datePublished":"2022-10-01T15:18:00+00:00","dateModified":"2022-10-14T19:06:02+00:00","mainEntityOfPage":{"@id":"https:\/\/arteeluoghi.it\/index.php\/2022\/10\/01\/teofilo-il-menhir-di-martano\/#webpage"},"wordCount":521,"commentCount":0,"publisher":{"@id":"https:\/\/arteeluoghi.it\/#organization"},"image":{"@id":"https:\/\/arteeluoghi.it\/index.php\/2022\/10\/01\/teofilo-il-menhir-di-martano\/#primaryimage"},"thumbnailUrl":"https:\/\/arteeluoghi.it\/wp-content\/uploads\/2022\/10\/3-menhir-scaled.jpg","keywords":["Martano","Menhir","Raffaele Polo","Teofilo"],"articleSection":["archeologia","architettura","LUOGHI","Luoghi del Mistero"],"inLanguage":"it-IT","potentialAction":[{"@type":"CommentAction","name":"Comment","target":["https:\/\/arteeluoghi.it\/index.php\/2022\/10\/01\/teofilo-il-menhir-di-martano\/#respond"]}]},{"@type":"Person","@id":"https:\/\/arteeluoghi.it\/#\/schema\/person\/f84e814e36e91e01448ee07eaadd41d4","name":"Staff","image":{"@type":"ImageObject","@id":"https:\/\/arteeluoghi.it\/#personlogo","inLanguage":"it-IT","url":"https:\/\/secure.gravatar.com\/avatar\/49d2f9e46271bb04e19cebfaf141313a?s=96&d=blank&r=g","contentUrl":"https:\/\/secure.gravatar.com\/avatar\/49d2f9e46271bb04e19cebfaf141313a?s=96&d=blank&r=g","caption":"Staff"}}]}},"_links":{"self":[{"href":"https:\/\/arteeluoghi.it\/index.php\/wp-json\/wp\/v2\/posts\/11759"}],"collection":[{"href":"https:\/\/arteeluoghi.it\/index.php\/wp-json\/wp\/v2\/posts"}],"about":[{"href":"https:\/\/arteeluoghi.it\/index.php\/wp-json\/wp\/v2\/types\/post"}],"author":[{"embeddable":true,"href":"https:\/\/arteeluoghi.it\/index.php\/wp-json\/wp\/v2\/users\/1"}],"replies":[{"embeddable":true,"href":"https:\/\/arteeluoghi.it\/index.php\/wp-json\/wp\/v2\/comments?post=11759"}],"version-history":[{"count":1,"href":"https:\/\/arteeluoghi.it\/index.php\/wp-json\/wp\/v2\/posts\/11759\/revisions"}],"predecessor-version":[{"id":11769,"href":"https:\/\/arteeluoghi.it\/index.php\/wp-json\/wp\/v2\/posts\/11759\/revisions\/11769"}],"wp:featuredmedia":[{"embeddable":true,"href":"https:\/\/arteeluoghi.it\/index.php\/wp-json\/wp\/v2\/media\/11760"}],"wp:attachment":[{"href":"https:\/\/arteeluoghi.it\/index.php\/wp-json\/wp\/v2\/media?parent=11759"}],"wp:term":[{"taxonomy":"category","embeddable":true,"href":"https:\/\/arteeluoghi.it\/index.php\/wp-json\/wp\/v2\/categories?post=11759"},{"taxonomy":"post_tag","embeddable":true,"href":"https:\/\/arteeluoghi.it\/index.php\/wp-json\/wp\/v2\/tags?post=11759"}],"curies":[{"name":"wp","href":"https:\/\/api.w.org\/{rel}","templated":true}]}}