{"id":11774,"date":"2022-10-01T21:07:00","date_gmt":"2022-10-01T19:07:00","guid":{"rendered":"https:\/\/arteeluoghi.it\/?p=11774"},"modified":"2022-10-14T21:15:31","modified_gmt":"2022-10-14T19:15:31","slug":"artemisio-gian-maria-volonte-lo-storico-teatro-di-velletri","status":"publish","type":"post","link":"https:\/\/arteeluoghi.it\/index.php\/2022\/10\/01\/artemisio-gian-maria-volonte-lo-storico-teatro-di-velletri\/","title":{"rendered":"Artemisio Gian Maria Volont\u00e9, lo storico teatro di Velletri"},"content":{"rendered":"\n<blockquote class=\"wp-block-quote\"><p>In arrivo per la stagione teatrale Daniel Pennac, Giovanni Scifoni, Simone Cristicchi, Veronica Pivetti, Giampiero Ingrassia, Stefano Reali<\/p><cite>Sara Di Caprio<\/cite><\/blockquote>\n\n\n\n<p>VELLETRI. Nove spettacoli, dal 23 ottobre 2022 al 24 marzo 2023, per la nuova stagione teatrale del Teatro Artemisio Gian Maria Volont\u00e9 realizzata in sinergia tra la Fondazione di Partecipazione Arte &amp; Cultura Citt\u00e0 di Velletri e ATCL, Circuito multidisciplinare del Lazio sostenuto dal MIC &#8211; Ministero della Cultura e dalla Regione Lazio con il patrocinio del Comune di Velletri e con la collaborazione della Fondazione De Cultura.<\/p>\n\n\n\n<!--more-->\n\n\n\n<p><br>Nove proposte d&#8217;eccellenza per i 130 anni di uno spazio teatrale, (situato a Velletri in Via Edmondo Fondi, 3) esempio di strenua sopravvivenza all\u2019alternarsi delle vicende e alle chiusure dei teatri. Il Teatro Gian Maria Volont\u00e9 fu inaugurato come Teatro Artemisio nel 1893, salvato da una prima chiusura da Eduardo De Filippo nel 1983, supportato dal Volont\u00e9 nei primi anni Novanta. Sopravvissuto a un destino da supermercato, nel 1992 fu sostenuto da Paolo Villaggio, Gianni Amelio, Giuliano Montaldo, Citto Maselli, Francesco Rosi, Umberto Eco, Marcello Mastroianni, Vittorio Gassmann e dal 2012 \u00e8 tornato operativo con il nome di Teatro Artemisio Gian Maria Volont\u00e9.<br>\u00abAbbiamo valutato con grande attenzione la scelta degli spettacoli, perch\u00e9 riteniamo sia fondamentale creare una solida fiducia nel pubblico, differenziando il genere delle proposte, ma garantendo sempre il piacere dell\u2019esperienza conoscitiva che lo spettacolo dal vivo, sia drammatico che comico, sia teatrale che musicale porta con s\u00e9. &#8211; ha dichiarato il direttore artistico Giacomo Zito. Benedetta \u00e8 la citt\u00e0 che fonda un teatro! dice Edward Bond: siamo d\u2019accordo con lui, perch\u00e9 crediamo profondamente nel teatro come spazio dentro il quale gli spettatori si riconoscono come comunit\u00e0. E in questo frangente di crisi sociale ed economica foriero di cambiamenti significativi, garantire l\u2019esistenza di un faro culturale quale pu\u00f2 essere il Teatro Artemisio \u2013 G.M. Volont\u00e9 \u00e8 un atto di maturit\u00e0 civile che va difeso e incoraggiato, dando spazio sia a giovani talenti sia ad artisti dal consolidato successo\u00bb.<br>E perch\u00e9 sia una stagione di successo i presupposti non mancano visti i nomi dei protagonisti che saliranno sul palco: Daniel Pennac, Simone Cristicchi, Veronica Pivetti, Giampiero Ingrassia, Stefano Reali, Giovanni Scifoni, Antonello Avallone ed Elettra Zeppi, Chiara Di Stefano e molti altri.<br>La nuova stagione partir\u00e0 domenica 23 ottobre, alle ore 18.30, con Doctor Faust e la ricerca dell\u2019eterna giovinezza, scritto e diretto da Stefano Reali. Interpreti Giampiero Ingrassia, Emy Bergamo e Mimmo Ruggiero. Venerd\u00ec 4 novembre, alle ore 21 sar\u00e0 di scena Central Park West di Woody Allen con Antonello Avallone ed Elettra Zeppi, Flaminia Fegarotti, Claudio Morici, Maria Angelica Duccilli. Grande appuntamento domenica 27 novembre alle ore 18.30 con Daniel Pennac, Pako Ioffredo e Demi Licata che rappresenteranno Dal sogno alla realt\u00e0 di Clara Bauer. L\u2019ultimo spettacolo del 2022 sar\u00e0 sabato 17 dicembre (ore 21) Mia dolcissima Clara, l\u2019ultima notte di Robert Schumann, scritto e diretto da Giacomo Zito e interpretato dallo stesso Zito insieme a Chiara Di Stefano e Giordano Bonini.<br>Il nuovo anno si aprir\u00e0 sabato 7 gennaio 2023 alle ore 21.00 con lo spettacolo fuori abbonamento 38 giorni per cambiare vita, opera vincitrice del Premio Nazionale Teatrale Achille Campanile 2020, di Giuseppe della Misericordia, con Chiara Di Stefano e Giacomo Zito. Venerd\u00ec 27 gennaio alle ore 21.00 un\u2019altra rappresentazione da non perdere con la black story musicale di Giovanna Gra, Stanno sparando sulla nostra canzone, interpretata da Veronica Pivetti insieme a Cristian Ruiz e Brian Boccuni e con le musiche di Alessandro Nidi. Domenica 26 febbraio (ore 18.30) sar\u00e0 invece di scena Giovanni Scifoni, con il monologo Santo Piacere. Dio \u00e8 contento quando godo per la regia di Vincenzo Incenzo e con i balli di Anissa Bertacchinini. Doppia data nel mese successivo: domenica 12 marzo (ore 18.30) Agnese Fallongo, Tiziano Caputo e Adriano Evangelisti portano sul palco veliterno I Mezzalira. Panni sporti fritti in casa (di Agnese Fallongo) per la regia di Raffaele Latagliata. La chiusura di stagione \u00e8 invece prevista per venerd\u00ec 24 marzo (ore 21.00) con Simone Cristicchi e il Paradiso \u2013 dalle tenebre alla luce scritto dallo stesso Cristicchi \u2013 che cura anche la regia &#8211; con Manfredi Rutelli e le musiche ancora di Simone Cristicchi e Valter Sivillotti.<br>Prevendite su il Biglietto tel. 06 96142750 Via Eduardo De Filippo 99, Velletri (RM) aperto dal luned\u00ec al sabato 8.30\u201313\/16\u201319.45. Info e contatti: www.fondarc.it &#8211; www.atcllazio.it<\/p>\n\n\n\n<figure class=\"wp-block-embed is-type-rich is-provider-issuu wp-block-embed-issuu\"><div class=\"wp-block-embed__wrapper\">\n<div data-url=\"https:\/\/issuu.com\/arteeluoghi\/docs\/arteeluoghi_ottobre_2022i\/16\" style=\"width: 800px; height: 514px;\" class=\"issuuembed\"><\/div><script type=\"text\/javascript\" src=\"\/\/e.issuu.com\/embed.js\" async=\"true\"><\/script>\n<\/div><\/figure>\n\n\n\n<p><\/p>\n","protected":false},"excerpt":{"rendered":"<p>In arrivo per la stagione teatrale Daniel Pennac, Giovanni Scifoni, Simone Cristicchi, Veronica Pivetti, Giampiero Ingrassia, Stefano Reali Sara Di<\/p>\n","protected":false},"author":1,"featured_media":0,"comment_status":"open","ping_status":"open","sticky":true,"template":"","format":"standard","meta":[],"categories":[28,43,13],"tags":[377,4377],"yoast_head":"<!-- This site is optimized with the Yoast SEO plugin v18.0 - https:\/\/yoast.com\/wordpress\/plugins\/seo\/ -->\n<title>Artemisio Gian Maria Volont\u00e9, lo storico teatro di Velletri | Arte e Luoghi<\/title>\n<meta name=\"robots\" content=\"index, follow, max-snippet:-1, max-image-preview:large, max-video-preview:-1\" \/>\n<link rel=\"canonical\" href=\"https:\/\/arteeluoghi.it\/index.php\/2022\/10\/01\/artemisio-gian-maria-volonte-lo-storico-teatro-di-velletri\/\" \/>\n<meta property=\"og:locale\" content=\"it_IT\" \/>\n<meta property=\"og:type\" content=\"article\" \/>\n<meta property=\"og:title\" content=\"Artemisio Gian Maria Volont\u00e9, lo storico teatro di Velletri | Arte e Luoghi\" \/>\n<meta property=\"og:description\" content=\"In arrivo per la stagione teatrale Daniel Pennac, Giovanni Scifoni, Simone Cristicchi, Veronica Pivetti, Giampiero Ingrassia, Stefano Reali Sara Di\" \/>\n<meta property=\"og:url\" content=\"https:\/\/arteeluoghi.it\/index.php\/2022\/10\/01\/artemisio-gian-maria-volonte-lo-storico-teatro-di-velletri\/\" \/>\n<meta property=\"og:site_name\" content=\"Arte e Luoghi\" \/>\n<meta property=\"article:publisher\" content=\"https:\/\/www.facebook.com\/ArteELuoghi\/\" \/>\n<meta property=\"article:published_time\" content=\"2022-10-01T19:07:00+00:00\" \/>\n<meta property=\"article:modified_time\" content=\"2022-10-14T19:15:31+00:00\" \/>\n<meta name=\"twitter:card\" content=\"summary\" \/>\n<meta name=\"twitter:creator\" content=\"@arteeluoghi\" \/>\n<meta name=\"twitter:site\" content=\"@arteeluoghi\" \/>\n<meta name=\"twitter:label1\" content=\"Scritto da\" \/>\n\t<meta name=\"twitter:data1\" content=\"Staff\" \/>\n\t<meta name=\"twitter:label2\" content=\"Tempo di lettura stimato\" \/>\n\t<meta name=\"twitter:data2\" content=\"4 minuti\" \/>\n<script type=\"application\/ld+json\" class=\"yoast-schema-graph\">{\"@context\":\"https:\/\/schema.org\",\"@graph\":[{\"@type\":\"Organization\",\"@id\":\"https:\/\/arteeluoghi.it\/#organization\",\"name\":\"Arte e Luoghi\",\"url\":\"https:\/\/arteeluoghi.it\/\",\"sameAs\":[\"https:\/\/www.facebook.com\/ArteELuoghi\/\",\"https:\/\/www.instagram.com\/arteeluoghi\/?hl=it\",\"https:\/\/www.youtube.com\/channel\/UCuRVc4JW4-C5sg9rQB-srkw?view_as=subscriber\",\"https:\/\/twitter.com\/arteeluoghi\"],\"logo\":{\"@type\":\"ImageObject\",\"@id\":\"https:\/\/arteeluoghi.it\/#logo\",\"inLanguage\":\"it-IT\",\"url\":\"https:\/\/arteeluoghi.it\/wp-content\/uploads\/2018\/08\/logoinstagramarte.jpg\",\"contentUrl\":\"https:\/\/arteeluoghi.it\/wp-content\/uploads\/2018\/08\/logoinstagramarte.jpg\",\"width\":150,\"height\":150,\"caption\":\"Arte e Luoghi\"},\"image\":{\"@id\":\"https:\/\/arteeluoghi.it\/#logo\"}},{\"@type\":\"WebSite\",\"@id\":\"https:\/\/arteeluoghi.it\/#website\",\"url\":\"https:\/\/arteeluoghi.it\/\",\"name\":\"Arte e Luoghi\",\"description\":\"Mensile di arte, cultura, turismo e curiosit\u00e0\",\"publisher\":{\"@id\":\"https:\/\/arteeluoghi.it\/#organization\"},\"potentialAction\":[{\"@type\":\"SearchAction\",\"target\":{\"@type\":\"EntryPoint\",\"urlTemplate\":\"https:\/\/arteeluoghi.it\/?s={search_term_string}\"},\"query-input\":\"required name=search_term_string\"}],\"inLanguage\":\"it-IT\"},{\"@type\":\"WebPage\",\"@id\":\"https:\/\/arteeluoghi.it\/index.php\/2022\/10\/01\/artemisio-gian-maria-volonte-lo-storico-teatro-di-velletri\/#webpage\",\"url\":\"https:\/\/arteeluoghi.it\/index.php\/2022\/10\/01\/artemisio-gian-maria-volonte-lo-storico-teatro-di-velletri\/\",\"name\":\"Artemisio Gian Maria Volont\u00e9, lo storico teatro di Velletri | Arte e Luoghi\",\"isPartOf\":{\"@id\":\"https:\/\/arteeluoghi.it\/#website\"},\"datePublished\":\"2022-10-01T19:07:00+00:00\",\"dateModified\":\"2022-10-14T19:15:31+00:00\",\"breadcrumb\":{\"@id\":\"https:\/\/arteeluoghi.it\/index.php\/2022\/10\/01\/artemisio-gian-maria-volonte-lo-storico-teatro-di-velletri\/#breadcrumb\"},\"inLanguage\":\"it-IT\",\"potentialAction\":[{\"@type\":\"ReadAction\",\"target\":[\"https:\/\/arteeluoghi.it\/index.php\/2022\/10\/01\/artemisio-gian-maria-volonte-lo-storico-teatro-di-velletri\/\"]}]},{\"@type\":\"BreadcrumbList\",\"@id\":\"https:\/\/arteeluoghi.it\/index.php\/2022\/10\/01\/artemisio-gian-maria-volonte-lo-storico-teatro-di-velletri\/#breadcrumb\",\"itemListElement\":[{\"@type\":\"ListItem\",\"position\":1,\"name\":\"Home\",\"item\":\"https:\/\/arteeluoghi.it\/\"},{\"@type\":\"ListItem\",\"position\":2,\"name\":\"Artemisio Gian Maria Volont\u00e9, lo storico teatro di Velletri\"}]},{\"@type\":\"Article\",\"@id\":\"https:\/\/arteeluoghi.it\/index.php\/2022\/10\/01\/artemisio-gian-maria-volonte-lo-storico-teatro-di-velletri\/#article\",\"isPartOf\":{\"@id\":\"https:\/\/arteeluoghi.it\/index.php\/2022\/10\/01\/artemisio-gian-maria-volonte-lo-storico-teatro-di-velletri\/#webpage\"},\"author\":{\"@id\":\"https:\/\/arteeluoghi.it\/#\/schema\/person\/f84e814e36e91e01448ee07eaadd41d4\"},\"headline\":\"Artemisio Gian Maria Volont\u00e9, lo storico teatro di Velletri\",\"datePublished\":\"2022-10-01T19:07:00+00:00\",\"dateModified\":\"2022-10-14T19:15:31+00:00\",\"mainEntityOfPage\":{\"@id\":\"https:\/\/arteeluoghi.it\/index.php\/2022\/10\/01\/artemisio-gian-maria-volonte-lo-storico-teatro-di-velletri\/#webpage\"},\"wordCount\":708,\"commentCount\":0,\"publisher\":{\"@id\":\"https:\/\/arteeluoghi.it\/#organization\"},\"keywords\":[\"teatro\",\"Velletri\"],\"articleSection\":[\"Notizie\",\"Storie. L'uomo e il territorio\",\"teatro\"],\"inLanguage\":\"it-IT\",\"potentialAction\":[{\"@type\":\"CommentAction\",\"name\":\"Comment\",\"target\":[\"https:\/\/arteeluoghi.it\/index.php\/2022\/10\/01\/artemisio-gian-maria-volonte-lo-storico-teatro-di-velletri\/#respond\"]}]},{\"@type\":\"Person\",\"@id\":\"https:\/\/arteeluoghi.it\/#\/schema\/person\/f84e814e36e91e01448ee07eaadd41d4\",\"name\":\"Staff\",\"image\":{\"@type\":\"ImageObject\",\"@id\":\"https:\/\/arteeluoghi.it\/#personlogo\",\"inLanguage\":\"it-IT\",\"url\":\"https:\/\/secure.gravatar.com\/avatar\/49d2f9e46271bb04e19cebfaf141313a?s=96&d=blank&r=g\",\"contentUrl\":\"https:\/\/secure.gravatar.com\/avatar\/49d2f9e46271bb04e19cebfaf141313a?s=96&d=blank&r=g\",\"caption\":\"Staff\"}}]}<\/script>\n<!-- \/ Yoast SEO plugin. -->","yoast_head_json":{"title":"Artemisio Gian Maria Volont\u00e9, lo storico teatro di Velletri | Arte e Luoghi","robots":{"index":"index","follow":"follow","max-snippet":"max-snippet:-1","max-image-preview":"max-image-preview:large","max-video-preview":"max-video-preview:-1"},"canonical":"https:\/\/arteeluoghi.it\/index.php\/2022\/10\/01\/artemisio-gian-maria-volonte-lo-storico-teatro-di-velletri\/","og_locale":"it_IT","og_type":"article","og_title":"Artemisio Gian Maria Volont\u00e9, lo storico teatro di Velletri | Arte e Luoghi","og_description":"In arrivo per la stagione teatrale Daniel Pennac, Giovanni Scifoni, Simone Cristicchi, Veronica Pivetti, Giampiero Ingrassia, Stefano Reali Sara Di","og_url":"https:\/\/arteeluoghi.it\/index.php\/2022\/10\/01\/artemisio-gian-maria-volonte-lo-storico-teatro-di-velletri\/","og_site_name":"Arte e Luoghi","article_publisher":"https:\/\/www.facebook.com\/ArteELuoghi\/","article_published_time":"2022-10-01T19:07:00+00:00","article_modified_time":"2022-10-14T19:15:31+00:00","twitter_card":"summary","twitter_creator":"@arteeluoghi","twitter_site":"@arteeluoghi","twitter_misc":{"Scritto da":"Staff","Tempo di lettura stimato":"4 minuti"},"schema":{"@context":"https:\/\/schema.org","@graph":[{"@type":"Organization","@id":"https:\/\/arteeluoghi.it\/#organization","name":"Arte e Luoghi","url":"https:\/\/arteeluoghi.it\/","sameAs":["https:\/\/www.facebook.com\/ArteELuoghi\/","https:\/\/www.instagram.com\/arteeluoghi\/?hl=it","https:\/\/www.youtube.com\/channel\/UCuRVc4JW4-C5sg9rQB-srkw?view_as=subscriber","https:\/\/twitter.com\/arteeluoghi"],"logo":{"@type":"ImageObject","@id":"https:\/\/arteeluoghi.it\/#logo","inLanguage":"it-IT","url":"https:\/\/arteeluoghi.it\/wp-content\/uploads\/2018\/08\/logoinstagramarte.jpg","contentUrl":"https:\/\/arteeluoghi.it\/wp-content\/uploads\/2018\/08\/logoinstagramarte.jpg","width":150,"height":150,"caption":"Arte e Luoghi"},"image":{"@id":"https:\/\/arteeluoghi.it\/#logo"}},{"@type":"WebSite","@id":"https:\/\/arteeluoghi.it\/#website","url":"https:\/\/arteeluoghi.it\/","name":"Arte e Luoghi","description":"Mensile di arte, cultura, turismo e curiosit\u00e0","publisher":{"@id":"https:\/\/arteeluoghi.it\/#organization"},"potentialAction":[{"@type":"SearchAction","target":{"@type":"EntryPoint","urlTemplate":"https:\/\/arteeluoghi.it\/?s={search_term_string}"},"query-input":"required name=search_term_string"}],"inLanguage":"it-IT"},{"@type":"WebPage","@id":"https:\/\/arteeluoghi.it\/index.php\/2022\/10\/01\/artemisio-gian-maria-volonte-lo-storico-teatro-di-velletri\/#webpage","url":"https:\/\/arteeluoghi.it\/index.php\/2022\/10\/01\/artemisio-gian-maria-volonte-lo-storico-teatro-di-velletri\/","name":"Artemisio Gian Maria Volont\u00e9, lo storico teatro di Velletri | Arte e Luoghi","isPartOf":{"@id":"https:\/\/arteeluoghi.it\/#website"},"datePublished":"2022-10-01T19:07:00+00:00","dateModified":"2022-10-14T19:15:31+00:00","breadcrumb":{"@id":"https:\/\/arteeluoghi.it\/index.php\/2022\/10\/01\/artemisio-gian-maria-volonte-lo-storico-teatro-di-velletri\/#breadcrumb"},"inLanguage":"it-IT","potentialAction":[{"@type":"ReadAction","target":["https:\/\/arteeluoghi.it\/index.php\/2022\/10\/01\/artemisio-gian-maria-volonte-lo-storico-teatro-di-velletri\/"]}]},{"@type":"BreadcrumbList","@id":"https:\/\/arteeluoghi.it\/index.php\/2022\/10\/01\/artemisio-gian-maria-volonte-lo-storico-teatro-di-velletri\/#breadcrumb","itemListElement":[{"@type":"ListItem","position":1,"name":"Home","item":"https:\/\/arteeluoghi.it\/"},{"@type":"ListItem","position":2,"name":"Artemisio Gian Maria Volont\u00e9, lo storico teatro di Velletri"}]},{"@type":"Article","@id":"https:\/\/arteeluoghi.it\/index.php\/2022\/10\/01\/artemisio-gian-maria-volonte-lo-storico-teatro-di-velletri\/#article","isPartOf":{"@id":"https:\/\/arteeluoghi.it\/index.php\/2022\/10\/01\/artemisio-gian-maria-volonte-lo-storico-teatro-di-velletri\/#webpage"},"author":{"@id":"https:\/\/arteeluoghi.it\/#\/schema\/person\/f84e814e36e91e01448ee07eaadd41d4"},"headline":"Artemisio Gian Maria Volont\u00e9, lo storico teatro di Velletri","datePublished":"2022-10-01T19:07:00+00:00","dateModified":"2022-10-14T19:15:31+00:00","mainEntityOfPage":{"@id":"https:\/\/arteeluoghi.it\/index.php\/2022\/10\/01\/artemisio-gian-maria-volonte-lo-storico-teatro-di-velletri\/#webpage"},"wordCount":708,"commentCount":0,"publisher":{"@id":"https:\/\/arteeluoghi.it\/#organization"},"keywords":["teatro","Velletri"],"articleSection":["Notizie","Storie. L'uomo e il territorio","teatro"],"inLanguage":"it-IT","potentialAction":[{"@type":"CommentAction","name":"Comment","target":["https:\/\/arteeluoghi.it\/index.php\/2022\/10\/01\/artemisio-gian-maria-volonte-lo-storico-teatro-di-velletri\/#respond"]}]},{"@type":"Person","@id":"https:\/\/arteeluoghi.it\/#\/schema\/person\/f84e814e36e91e01448ee07eaadd41d4","name":"Staff","image":{"@type":"ImageObject","@id":"https:\/\/arteeluoghi.it\/#personlogo","inLanguage":"it-IT","url":"https:\/\/secure.gravatar.com\/avatar\/49d2f9e46271bb04e19cebfaf141313a?s=96&d=blank&r=g","contentUrl":"https:\/\/secure.gravatar.com\/avatar\/49d2f9e46271bb04e19cebfaf141313a?s=96&d=blank&r=g","caption":"Staff"}}]}},"_links":{"self":[{"href":"https:\/\/arteeluoghi.it\/index.php\/wp-json\/wp\/v2\/posts\/11774"}],"collection":[{"href":"https:\/\/arteeluoghi.it\/index.php\/wp-json\/wp\/v2\/posts"}],"about":[{"href":"https:\/\/arteeluoghi.it\/index.php\/wp-json\/wp\/v2\/types\/post"}],"author":[{"embeddable":true,"href":"https:\/\/arteeluoghi.it\/index.php\/wp-json\/wp\/v2\/users\/1"}],"replies":[{"embeddable":true,"href":"https:\/\/arteeluoghi.it\/index.php\/wp-json\/wp\/v2\/comments?post=11774"}],"version-history":[{"count":1,"href":"https:\/\/arteeluoghi.it\/index.php\/wp-json\/wp\/v2\/posts\/11774\/revisions"}],"predecessor-version":[{"id":11775,"href":"https:\/\/arteeluoghi.it\/index.php\/wp-json\/wp\/v2\/posts\/11774\/revisions\/11775"}],"wp:attachment":[{"href":"https:\/\/arteeluoghi.it\/index.php\/wp-json\/wp\/v2\/media?parent=11774"}],"wp:term":[{"taxonomy":"category","embeddable":true,"href":"https:\/\/arteeluoghi.it\/index.php\/wp-json\/wp\/v2\/categories?post=11774"},{"taxonomy":"post_tag","embeddable":true,"href":"https:\/\/arteeluoghi.it\/index.php\/wp-json\/wp\/v2\/tags?post=11774"}],"curies":[{"name":"wp","href":"https:\/\/api.w.org\/{rel}","templated":true}]}}