{"id":11776,"date":"2022-10-14T17:42:00","date_gmt":"2022-10-14T15:42:00","guid":{"rendered":"https:\/\/arteeluoghi.it\/?p=11776"},"modified":"2022-10-15T17:46:46","modified_gmt":"2022-10-15T15:46:46","slug":"sul-finire-della-storia","status":"publish","type":"post","link":"https:\/\/arteeluoghi.it\/index.php\/2022\/10\/14\/sul-finire-della-storia\/","title":{"rendered":"Sul finire della storia"},"content":{"rendered":"\n<blockquote class=\"wp-block-quote\"><p>Francesca Corvo con Madame Blu e le altre in mostra all&#8217;associazione Le ali di Pandora a Lecce in via Massimiliano Kolbe, dal 15 ottobre<\/p><\/blockquote>\n\n\n\n<p>Si apre sabato 15 ottobre ore 18.30 la rassegna \u201cSul finire della Storia\u201d con la mostra di Francesca Corvo, organizzata da Le Ali di Pandora- APS, in Via San Massimiliano Kolbe, Lecce. Presenta l&#8217;artista Daniela Cecere. <\/p>\n\n\n\n<!--more-->\n\n\n\n<div class=\"wp-block-image\"><figure class=\"alignleft size-large is-resized\"><img loading=\"lazy\" src=\"https:\/\/arteeluoghi.it\/wp-content\/uploads\/2022\/10\/Screenshot_20220818-155957_Instagram-883x1024.jpg\" alt=\"\" class=\"wp-image-11777\" width=\"299\" height=\"346\" srcset=\"https:\/\/arteeluoghi.it\/wp-content\/uploads\/2022\/10\/Screenshot_20220818-155957_Instagram-883x1024.jpg 883w, https:\/\/arteeluoghi.it\/wp-content\/uploads\/2022\/10\/Screenshot_20220818-155957_Instagram-259x300.jpg 259w, https:\/\/arteeluoghi.it\/wp-content\/uploads\/2022\/10\/Screenshot_20220818-155957_Instagram-768x891.jpg 768w, https:\/\/arteeluoghi.it\/wp-content\/uploads\/2022\/10\/Screenshot_20220818-155957_Instagram.jpg 1080w\" sizes=\"(max-width: 299px) 100vw, 299px\" \/><figcaption>Un&#8217;opera di Francesca Corvo<\/figcaption><\/figure><\/div>\n\n\n\n<p>Con la mostra &#8220;Madame Blu e le altre&#8221; di Francesca Corvo abbiamo voluto dare corpo e colore alle donne; in questo tempo strano, si \u00e8 voluto parlare della forza della donna e della sua poeticit\u00e0 anche nel quotidiano. I dipinti sono narrazioni; raccontano storie, che siano reali, autobiografiche o immaginarie, storie di liberazione femminile, cos\u00ec la bellezza pu\u00f2 venir fuori dai lineamenti e dagli abiti, ma in realt\u00e0 la vera bellezza \u00e8 la forza d\u2019animo, nascosta dietro un\u2019armatura di seta, dietro un\u2019apparente fragilit\u00e0 che ha la stessa forza di un fiore delicato sbocciato nel deserto sotto il sole cocente. Una donna \u00e8 bella quando ha il coraggio di essere sempre e comunque s\u00e9 stessa senza farsi abbattere dalle difficolt\u00e0 e dai condizionamenti esterni.<\/p>\n\n\n\n<p>(fonte: comunicato stampa)<\/p>\n","protected":false},"excerpt":{"rendered":"<p>Francesca Corvo con Madame Blu e le altre in mostra all&#8217;associazione Le ali di Pandora a Lecce in via Massimiliano<\/p>\n","protected":false},"author":1,"featured_media":11778,"comment_status":"open","ping_status":"open","sticky":true,"template":"","format":"standard","meta":[],"categories":[27,3],"tags":[1130,4379,4378,635],"yoast_head":"<!-- This site is optimized with the Yoast SEO plugin v18.0 - https:\/\/yoast.com\/wordpress\/plugins\/seo\/ -->\n<title>Sul finire della storia | Arte e Luoghi<\/title>\n<meta name=\"description\" content=\"Francesca Corvo con Madame Blu e le altre in mostra all&#039;associazione Le ali di Pandora a Lecce in via Massimiliano Kolbe\" \/>\n<meta name=\"robots\" content=\"index, follow, max-snippet:-1, max-image-preview:large, max-video-preview:-1\" \/>\n<link rel=\"canonical\" href=\"https:\/\/arteeluoghi.it\/index.php\/2022\/10\/14\/sul-finire-della-storia\/\" \/>\n<meta property=\"og:locale\" content=\"it_IT\" \/>\n<meta property=\"og:type\" content=\"article\" \/>\n<meta property=\"og:title\" content=\"Sul finire della storia | Arte e Luoghi\" \/>\n<meta property=\"og:description\" content=\"Francesca Corvo con Madame Blu e le altre in mostra all&#039;associazione Le ali di Pandora a Lecce in via Massimiliano Kolbe\" \/>\n<meta property=\"og:url\" content=\"https:\/\/arteeluoghi.it\/index.php\/2022\/10\/14\/sul-finire-della-storia\/\" \/>\n<meta property=\"og:site_name\" content=\"Arte e Luoghi\" \/>\n<meta property=\"article:publisher\" content=\"https:\/\/www.facebook.com\/ArteELuoghi\/\" \/>\n<meta property=\"article:published_time\" content=\"2022-10-14T15:42:00+00:00\" \/>\n<meta property=\"article:modified_time\" content=\"2022-10-15T15:46:46+00:00\" \/>\n<meta property=\"og:image\" content=\"https:\/\/arteeluoghi.it\/wp-content\/uploads\/2022\/10\/Screenshot_20220818-160005_Instagram.jpg\" \/>\n\t<meta property=\"og:image:width\" content=\"738\" \/>\n\t<meta property=\"og:image:height\" content=\"1336\" \/>\n\t<meta property=\"og:image:type\" content=\"image\/jpeg\" \/>\n<meta name=\"twitter:card\" content=\"summary\" \/>\n<meta name=\"twitter:creator\" content=\"@arteeluoghi\" \/>\n<meta name=\"twitter:site\" content=\"@arteeluoghi\" \/>\n<meta name=\"twitter:label1\" content=\"Scritto da\" \/>\n\t<meta name=\"twitter:data1\" content=\"Staff\" \/>\n\t<meta name=\"twitter:label2\" content=\"Tempo di lettura stimato\" \/>\n\t<meta name=\"twitter:data2\" content=\"2 minuti\" \/>\n<script type=\"application\/ld+json\" class=\"yoast-schema-graph\">{\"@context\":\"https:\/\/schema.org\",\"@graph\":[{\"@type\":\"Organization\",\"@id\":\"https:\/\/arteeluoghi.it\/#organization\",\"name\":\"Arte e Luoghi\",\"url\":\"https:\/\/arteeluoghi.it\/\",\"sameAs\":[\"https:\/\/www.facebook.com\/ArteELuoghi\/\",\"https:\/\/www.instagram.com\/arteeluoghi\/?hl=it\",\"https:\/\/www.youtube.com\/channel\/UCuRVc4JW4-C5sg9rQB-srkw?view_as=subscriber\",\"https:\/\/twitter.com\/arteeluoghi\"],\"logo\":{\"@type\":\"ImageObject\",\"@id\":\"https:\/\/arteeluoghi.it\/#logo\",\"inLanguage\":\"it-IT\",\"url\":\"https:\/\/arteeluoghi.it\/wp-content\/uploads\/2018\/08\/logoinstagramarte.jpg\",\"contentUrl\":\"https:\/\/arteeluoghi.it\/wp-content\/uploads\/2018\/08\/logoinstagramarte.jpg\",\"width\":150,\"height\":150,\"caption\":\"Arte e Luoghi\"},\"image\":{\"@id\":\"https:\/\/arteeluoghi.it\/#logo\"}},{\"@type\":\"WebSite\",\"@id\":\"https:\/\/arteeluoghi.it\/#website\",\"url\":\"https:\/\/arteeluoghi.it\/\",\"name\":\"Arte e Luoghi\",\"description\":\"Mensile di arte, cultura, turismo e curiosit\u00e0\",\"publisher\":{\"@id\":\"https:\/\/arteeluoghi.it\/#organization\"},\"potentialAction\":[{\"@type\":\"SearchAction\",\"target\":{\"@type\":\"EntryPoint\",\"urlTemplate\":\"https:\/\/arteeluoghi.it\/?s={search_term_string}\"},\"query-input\":\"required name=search_term_string\"}],\"inLanguage\":\"it-IT\"},{\"@type\":\"ImageObject\",\"@id\":\"https:\/\/arteeluoghi.it\/index.php\/2022\/10\/14\/sul-finire-della-storia\/#primaryimage\",\"inLanguage\":\"it-IT\",\"url\":\"https:\/\/arteeluoghi.it\/wp-content\/uploads\/2022\/10\/Screenshot_20220818-160005_Instagram.jpg\",\"contentUrl\":\"https:\/\/arteeluoghi.it\/wp-content\/uploads\/2022\/10\/Screenshot_20220818-160005_Instagram.jpg\",\"width\":738,\"height\":1336},{\"@type\":\"WebPage\",\"@id\":\"https:\/\/arteeluoghi.it\/index.php\/2022\/10\/14\/sul-finire-della-storia\/#webpage\",\"url\":\"https:\/\/arteeluoghi.it\/index.php\/2022\/10\/14\/sul-finire-della-storia\/\",\"name\":\"Sul finire della storia | Arte e Luoghi\",\"isPartOf\":{\"@id\":\"https:\/\/arteeluoghi.it\/#website\"},\"primaryImageOfPage\":{\"@id\":\"https:\/\/arteeluoghi.it\/index.php\/2022\/10\/14\/sul-finire-della-storia\/#primaryimage\"},\"datePublished\":\"2022-10-14T15:42:00+00:00\",\"dateModified\":\"2022-10-15T15:46:46+00:00\",\"description\":\"Francesca Corvo con Madame Blu e le altre in mostra all'associazione Le ali di Pandora a Lecce in via Massimiliano Kolbe\",\"breadcrumb\":{\"@id\":\"https:\/\/arteeluoghi.it\/index.php\/2022\/10\/14\/sul-finire-della-storia\/#breadcrumb\"},\"inLanguage\":\"it-IT\",\"potentialAction\":[{\"@type\":\"ReadAction\",\"target\":[\"https:\/\/arteeluoghi.it\/index.php\/2022\/10\/14\/sul-finire-della-storia\/\"]}]},{\"@type\":\"BreadcrumbList\",\"@id\":\"https:\/\/arteeluoghi.it\/index.php\/2022\/10\/14\/sul-finire-della-storia\/#breadcrumb\",\"itemListElement\":[{\"@type\":\"ListItem\",\"position\":1,\"name\":\"Home\",\"item\":\"https:\/\/arteeluoghi.it\/\"},{\"@type\":\"ListItem\",\"position\":2,\"name\":\"Sul finire della storia\"}]},{\"@type\":\"Article\",\"@id\":\"https:\/\/arteeluoghi.it\/index.php\/2022\/10\/14\/sul-finire-della-storia\/#article\",\"isPartOf\":{\"@id\":\"https:\/\/arteeluoghi.it\/index.php\/2022\/10\/14\/sul-finire-della-storia\/#webpage\"},\"author\":{\"@id\":\"https:\/\/arteeluoghi.it\/#\/schema\/person\/f84e814e36e91e01448ee07eaadd41d4\"},\"headline\":\"Sul finire della storia\",\"datePublished\":\"2022-10-14T15:42:00+00:00\",\"dateModified\":\"2022-10-15T15:46:46+00:00\",\"mainEntityOfPage\":{\"@id\":\"https:\/\/arteeluoghi.it\/index.php\/2022\/10\/14\/sul-finire-della-storia\/#webpage\"},\"wordCount\":191,\"commentCount\":0,\"publisher\":{\"@id\":\"https:\/\/arteeluoghi.it\/#organization\"},\"image\":{\"@id\":\"https:\/\/arteeluoghi.it\/index.php\/2022\/10\/14\/sul-finire-della-storia\/#primaryimage\"},\"thumbnailUrl\":\"https:\/\/arteeluoghi.it\/wp-content\/uploads\/2022\/10\/Screenshot_20220818-160005_Instagram.jpg\",\"keywords\":[\"Ambra Biscuso\",\"Daniela Cecere\",\"Francesca Corvo\",\"Le Ali di Pandora\"],\"articleSection\":[\"Arte\",\"Arti visive\"],\"inLanguage\":\"it-IT\",\"potentialAction\":[{\"@type\":\"CommentAction\",\"name\":\"Comment\",\"target\":[\"https:\/\/arteeluoghi.it\/index.php\/2022\/10\/14\/sul-finire-della-storia\/#respond\"]}]},{\"@type\":\"Person\",\"@id\":\"https:\/\/arteeluoghi.it\/#\/schema\/person\/f84e814e36e91e01448ee07eaadd41d4\",\"name\":\"Staff\",\"image\":{\"@type\":\"ImageObject\",\"@id\":\"https:\/\/arteeluoghi.it\/#personlogo\",\"inLanguage\":\"it-IT\",\"url\":\"https:\/\/secure.gravatar.com\/avatar\/49d2f9e46271bb04e19cebfaf141313a?s=96&d=blank&r=g\",\"contentUrl\":\"https:\/\/secure.gravatar.com\/avatar\/49d2f9e46271bb04e19cebfaf141313a?s=96&d=blank&r=g\",\"caption\":\"Staff\"}}]}<\/script>\n<!-- \/ Yoast SEO plugin. -->","yoast_head_json":{"title":"Sul finire della storia | Arte e Luoghi","description":"Francesca Corvo con Madame Blu e le altre in mostra all'associazione Le ali di Pandora a Lecce in via Massimiliano Kolbe","robots":{"index":"index","follow":"follow","max-snippet":"max-snippet:-1","max-image-preview":"max-image-preview:large","max-video-preview":"max-video-preview:-1"},"canonical":"https:\/\/arteeluoghi.it\/index.php\/2022\/10\/14\/sul-finire-della-storia\/","og_locale":"it_IT","og_type":"article","og_title":"Sul finire della storia | Arte e Luoghi","og_description":"Francesca Corvo con Madame Blu e le altre in mostra all'associazione Le ali di Pandora a Lecce in via Massimiliano Kolbe","og_url":"https:\/\/arteeluoghi.it\/index.php\/2022\/10\/14\/sul-finire-della-storia\/","og_site_name":"Arte e Luoghi","article_publisher":"https:\/\/www.facebook.com\/ArteELuoghi\/","article_published_time":"2022-10-14T15:42:00+00:00","article_modified_time":"2022-10-15T15:46:46+00:00","og_image":[{"width":738,"height":1336,"url":"https:\/\/arteeluoghi.it\/wp-content\/uploads\/2022\/10\/Screenshot_20220818-160005_Instagram.jpg","type":"image\/jpeg"}],"twitter_card":"summary","twitter_creator":"@arteeluoghi","twitter_site":"@arteeluoghi","twitter_misc":{"Scritto da":"Staff","Tempo di lettura stimato":"2 minuti"},"schema":{"@context":"https:\/\/schema.org","@graph":[{"@type":"Organization","@id":"https:\/\/arteeluoghi.it\/#organization","name":"Arte e Luoghi","url":"https:\/\/arteeluoghi.it\/","sameAs":["https:\/\/www.facebook.com\/ArteELuoghi\/","https:\/\/www.instagram.com\/arteeluoghi\/?hl=it","https:\/\/www.youtube.com\/channel\/UCuRVc4JW4-C5sg9rQB-srkw?view_as=subscriber","https:\/\/twitter.com\/arteeluoghi"],"logo":{"@type":"ImageObject","@id":"https:\/\/arteeluoghi.it\/#logo","inLanguage":"it-IT","url":"https:\/\/arteeluoghi.it\/wp-content\/uploads\/2018\/08\/logoinstagramarte.jpg","contentUrl":"https:\/\/arteeluoghi.it\/wp-content\/uploads\/2018\/08\/logoinstagramarte.jpg","width":150,"height":150,"caption":"Arte e Luoghi"},"image":{"@id":"https:\/\/arteeluoghi.it\/#logo"}},{"@type":"WebSite","@id":"https:\/\/arteeluoghi.it\/#website","url":"https:\/\/arteeluoghi.it\/","name":"Arte e Luoghi","description":"Mensile di arte, cultura, turismo e curiosit\u00e0","publisher":{"@id":"https:\/\/arteeluoghi.it\/#organization"},"potentialAction":[{"@type":"SearchAction","target":{"@type":"EntryPoint","urlTemplate":"https:\/\/arteeluoghi.it\/?s={search_term_string}"},"query-input":"required name=search_term_string"}],"inLanguage":"it-IT"},{"@type":"ImageObject","@id":"https:\/\/arteeluoghi.it\/index.php\/2022\/10\/14\/sul-finire-della-storia\/#primaryimage","inLanguage":"it-IT","url":"https:\/\/arteeluoghi.it\/wp-content\/uploads\/2022\/10\/Screenshot_20220818-160005_Instagram.jpg","contentUrl":"https:\/\/arteeluoghi.it\/wp-content\/uploads\/2022\/10\/Screenshot_20220818-160005_Instagram.jpg","width":738,"height":1336},{"@type":"WebPage","@id":"https:\/\/arteeluoghi.it\/index.php\/2022\/10\/14\/sul-finire-della-storia\/#webpage","url":"https:\/\/arteeluoghi.it\/index.php\/2022\/10\/14\/sul-finire-della-storia\/","name":"Sul finire della storia | Arte e Luoghi","isPartOf":{"@id":"https:\/\/arteeluoghi.it\/#website"},"primaryImageOfPage":{"@id":"https:\/\/arteeluoghi.it\/index.php\/2022\/10\/14\/sul-finire-della-storia\/#primaryimage"},"datePublished":"2022-10-14T15:42:00+00:00","dateModified":"2022-10-15T15:46:46+00:00","description":"Francesca Corvo con Madame Blu e le altre in mostra all'associazione Le ali di Pandora a Lecce in via Massimiliano Kolbe","breadcrumb":{"@id":"https:\/\/arteeluoghi.it\/index.php\/2022\/10\/14\/sul-finire-della-storia\/#breadcrumb"},"inLanguage":"it-IT","potentialAction":[{"@type":"ReadAction","target":["https:\/\/arteeluoghi.it\/index.php\/2022\/10\/14\/sul-finire-della-storia\/"]}]},{"@type":"BreadcrumbList","@id":"https:\/\/arteeluoghi.it\/index.php\/2022\/10\/14\/sul-finire-della-storia\/#breadcrumb","itemListElement":[{"@type":"ListItem","position":1,"name":"Home","item":"https:\/\/arteeluoghi.it\/"},{"@type":"ListItem","position":2,"name":"Sul finire della storia"}]},{"@type":"Article","@id":"https:\/\/arteeluoghi.it\/index.php\/2022\/10\/14\/sul-finire-della-storia\/#article","isPartOf":{"@id":"https:\/\/arteeluoghi.it\/index.php\/2022\/10\/14\/sul-finire-della-storia\/#webpage"},"author":{"@id":"https:\/\/arteeluoghi.it\/#\/schema\/person\/f84e814e36e91e01448ee07eaadd41d4"},"headline":"Sul finire della storia","datePublished":"2022-10-14T15:42:00+00:00","dateModified":"2022-10-15T15:46:46+00:00","mainEntityOfPage":{"@id":"https:\/\/arteeluoghi.it\/index.php\/2022\/10\/14\/sul-finire-della-storia\/#webpage"},"wordCount":191,"commentCount":0,"publisher":{"@id":"https:\/\/arteeluoghi.it\/#organization"},"image":{"@id":"https:\/\/arteeluoghi.it\/index.php\/2022\/10\/14\/sul-finire-della-storia\/#primaryimage"},"thumbnailUrl":"https:\/\/arteeluoghi.it\/wp-content\/uploads\/2022\/10\/Screenshot_20220818-160005_Instagram.jpg","keywords":["Ambra Biscuso","Daniela Cecere","Francesca Corvo","Le Ali di Pandora"],"articleSection":["Arte","Arti visive"],"inLanguage":"it-IT","potentialAction":[{"@type":"CommentAction","name":"Comment","target":["https:\/\/arteeluoghi.it\/index.php\/2022\/10\/14\/sul-finire-della-storia\/#respond"]}]},{"@type":"Person","@id":"https:\/\/arteeluoghi.it\/#\/schema\/person\/f84e814e36e91e01448ee07eaadd41d4","name":"Staff","image":{"@type":"ImageObject","@id":"https:\/\/arteeluoghi.it\/#personlogo","inLanguage":"it-IT","url":"https:\/\/secure.gravatar.com\/avatar\/49d2f9e46271bb04e19cebfaf141313a?s=96&d=blank&r=g","contentUrl":"https:\/\/secure.gravatar.com\/avatar\/49d2f9e46271bb04e19cebfaf141313a?s=96&d=blank&r=g","caption":"Staff"}}]}},"_links":{"self":[{"href":"https:\/\/arteeluoghi.it\/index.php\/wp-json\/wp\/v2\/posts\/11776"}],"collection":[{"href":"https:\/\/arteeluoghi.it\/index.php\/wp-json\/wp\/v2\/posts"}],"about":[{"href":"https:\/\/arteeluoghi.it\/index.php\/wp-json\/wp\/v2\/types\/post"}],"author":[{"embeddable":true,"href":"https:\/\/arteeluoghi.it\/index.php\/wp-json\/wp\/v2\/users\/1"}],"replies":[{"embeddable":true,"href":"https:\/\/arteeluoghi.it\/index.php\/wp-json\/wp\/v2\/comments?post=11776"}],"version-history":[{"count":1,"href":"https:\/\/arteeluoghi.it\/index.php\/wp-json\/wp\/v2\/posts\/11776\/revisions"}],"predecessor-version":[{"id":11779,"href":"https:\/\/arteeluoghi.it\/index.php\/wp-json\/wp\/v2\/posts\/11776\/revisions\/11779"}],"wp:featuredmedia":[{"embeddable":true,"href":"https:\/\/arteeluoghi.it\/index.php\/wp-json\/wp\/v2\/media\/11778"}],"wp:attachment":[{"href":"https:\/\/arteeluoghi.it\/index.php\/wp-json\/wp\/v2\/media?parent=11776"}],"wp:term":[{"taxonomy":"category","embeddable":true,"href":"https:\/\/arteeluoghi.it\/index.php\/wp-json\/wp\/v2\/categories?post=11776"},{"taxonomy":"post_tag","embeddable":true,"href":"https:\/\/arteeluoghi.it\/index.php\/wp-json\/wp\/v2\/tags?post=11776"}],"curies":[{"name":"wp","href":"https:\/\/api.w.org\/{rel}","templated":true}]}}