{"id":1178,"date":"2013-06-27T09:19:14","date_gmt":"2013-06-27T07:19:14","guid":{"rendered":"http:\/\/arteeluoghi.it\/index.php\/2013\/06\/27\/dedicato-a-chi-ama-il-mare\/"},"modified":"2013-06-27T09:19:14","modified_gmt":"2013-06-27T07:19:14","slug":"dedicato-a-chi-ama-il-mare","status":"publish","type":"post","link":"https:\/\/arteeluoghi.it\/index.php\/2013\/06\/27\/dedicato-a-chi-ama-il-mare\/","title":{"rendered":"Dedicato a chi ama il mare"},"content":{"rendered":"<p style=\"text-align: left;\" align=\"center\"><img src=\"\/images\/locandinavivimare.jpg\" border=\"0\" title=\"la locandina dell'evento\" width=\"200\" style=\"margin: 21px; float: right; border: 1px solid black;\" \/>Al Centro commerciale Euroma2 da 28 giugno \u2013 5 luglio 2013<\/p>\n<p style=\"text-align: left;\" align=\"center\"><strong>VIVI IL MARE CON LA GUARDIA COSTIERA<\/strong><\/p>\n<p style=\"text-align: left;\" align=\"center\"><strong>\u00a0<\/strong><\/p>\n<p style=\"text-align: left;\" align=\"center\">Diffondere insieme la cultura del mare e dell\u2019ambiente con un grande evento espositivo e un front office dove incontrare gli uomini e le donne delle Capitanerie per conoscerne i compiti e le attivit\u00e0 operative, toccare con mano la stretta vicinanza che lega la Guardia costiera ai cittadini.<\/p>\n<p style=\"text-align: left;\" align=\"center\">Cos\u00ec il Centro commerciale Euroma2 si trasforma in approdo\u00a0per vivere il mare a tutto vantaggio della sicurezza e della sua tutela. Negli spazi del centro commerciale sar\u00e0 allestita dal prossimo 28 giugno fino al 5 luglio la mostra\u00a0sulla Guardia Costiera.<\/p>\n<p>Quattro le aree tematiche presenti.\u00a0 La prima \u00e8 dedicata alla comunicazione, uno spazio pensato soprattutto per i pi\u00f9 giovani che permetter\u00e0, attraverso una serie di postazioni informatiche, di interagire con le pagine del sito <a href=\"http:\/\/www.guardiacostiera.it\">www.guardiacostiera.it<\/a> e con quelle dei moderni social network utilizzati dal Corpo. Un settore di questa prima postazione sar\u00e0 dedicato all\u2019informazione televisiva &#8211; \u201cNavigare Informati\u201d in onda sulle reti Mediaset e lo spot 1530 &#8211; e alle fiction che hanno visto protagonista la Guardia Costiera.<\/p>\n<p>  <!--more-->  <\/p>\n<p>\u00a0<\/p>\n<p><img src=\"\/images\/guardia%20costiera1.jpg\" border=\"0\" title=\"foto d'archivio Guardia Costiera\" width=\"300\" style=\"margin: 21px; border: 1px solid black; float: left;\" \/>La seconda area, riservata al diporto e alle attivit\u00e0 nautiche, \u00e8 stata pensata per fornire informazioni sulle pi\u00f9 importanti novit\u00e0 normative e illustrare il corretto impiego delle dotazioni di sicurezza. In particolare ai pi\u00f9 piccoli sar\u00e0 data la possibilit\u00e0 di cimentarsi in un semplice e simpatico questionario per ottenere l\u2019attestato e la maglietta di \u201c<em>amico della Guardia Costiera<\/em>\u201d .<\/p>\n<p>\u00a0<\/p>\n<p>Una terza postazione illustrer\u00e0 le attivit\u00e0 di ricerca e soccorso. In questo spazio saranno proiettate le immagini delle pi\u00f9 significative operazioni condotte dalla Guardia Costiera. Sempre in quest\u2019area sar\u00e0 posizionata una zattera di salvataggio aperta e un <em>led touch table<\/em> &#8211; una moderno schermo multimediale \u2013 sul quale i visitatori potranno visionare video e fotografie dei mezzi e delle attivit\u00e0 del Corpo e inviare cartoline elettroniche personalizzate Guardia Costiera.<\/p>\n<p>\u00a0<\/p>\n<p style=\"text-align: left;\" align=\"center\"><img src=\"\/images\/guardia%20costiera2.jpg\" border=\"0\" title=\"foto d'archivio Guardia Costiera\" width=\"300\" style=\"margin: 21px; float: right;\" \/>Un\u2019ultima area sar\u00e0 dedicata alla Pesca, all\u2019Ambiente e alla salvaguardia dei beni archeologici. Qui personale specializzato illustrer\u00e0 al pubblico quanto le Capitanerie fanno per tutelare l\u2019ambiente marino e come fruire delle aree marine protette. Una postazione interattiva per richiedere il rilascio del tesserino di pescatore sportivo, completer\u00e0 lo spazio dedicato. Inoltre durante tutto il periodo della mostra sono previsti, a cura del personale di RTL 102.5 Radio Guardia Costiera, servizi dedicati che andranno in onda negli orari di apertura del Centro. A completamento della partecipazione la mostra \u201cLampedusa, porta d\u2019Occidente\u201d, 15 pannelli fotografici e un filmato che mostreranno gli aspetti pi\u00f9 significativi dei salvataggi ai migranti effettuati dalla Guardia Costiera.<\/p>\n<p style=\"text-align: left;\"><strong>\u00a0<a href=\"http:\/\/www.euroma2.it\">www.euroma2.it<\/a><\/strong><\/p>\n<p style=\"text-align: left;\"><strong>\u00a0 <a href=\"http:\/\/www.facebook.com\/CentroCommercialeEuroma2\">www.facebook.com\/CentroCommercialeEuroma2<\/a><\/strong><\/p>\n<p style=\"text-align: left;\"><strong>\u00a0<\/strong><\/p>\n<p style=\"text-align: left;\">red. Arteeluoghi<strong><br \/><\/strong><\/p>\n","protected":false},"excerpt":{"rendered":"<p>Al Centro commerciale Euroma2 da 28 giugno \u2013 5 luglio 2013 VIVI IL MARE CON LA GUARDIA COSTIERA \u00a0 Diffondere<\/p>\n","protected":false},"author":1,"featured_media":0,"comment_status":"open","ping_status":"open","sticky":false,"template":"","format":"standard","meta":[],"categories":[36],"tags":[],"yoast_head":"<!-- This site is optimized with the Yoast SEO plugin v18.0 - https:\/\/yoast.com\/wordpress\/plugins\/seo\/ -->\n<title>Dedicato a chi ama il mare | Arte e Luoghi<\/title>\n<meta name=\"robots\" content=\"index, follow, max-snippet:-1, max-image-preview:large, max-video-preview:-1\" \/>\n<link rel=\"canonical\" href=\"https:\/\/arteeluoghi.it\/index.php\/2013\/06\/27\/dedicato-a-chi-ama-il-mare\/\" \/>\n<meta property=\"og:locale\" content=\"it_IT\" \/>\n<meta property=\"og:type\" content=\"article\" \/>\n<meta property=\"og:title\" content=\"Dedicato a chi ama il mare | Arte e Luoghi\" \/>\n<meta property=\"og:description\" content=\"Al Centro commerciale Euroma2 da 28 giugno \u2013 5 luglio 2013 VIVI IL MARE CON LA GUARDIA COSTIERA \u00a0 Diffondere\" \/>\n<meta property=\"og:url\" content=\"https:\/\/arteeluoghi.it\/index.php\/2013\/06\/27\/dedicato-a-chi-ama-il-mare\/\" \/>\n<meta property=\"og:site_name\" content=\"Arte e Luoghi\" \/>\n<meta property=\"article:publisher\" content=\"https:\/\/www.facebook.com\/ArteELuoghi\/\" \/>\n<meta property=\"article:published_time\" content=\"2013-06-27T07:19:14+00:00\" \/>\n<meta property=\"og:image\" content=\"https:\/\/arteeluoghi.it\/images\/locandinavivimare.jpg\" \/>\n<meta name=\"twitter:card\" content=\"summary\" \/>\n<meta name=\"twitter:creator\" content=\"@arteeluoghi\" \/>\n<meta name=\"twitter:site\" content=\"@arteeluoghi\" \/>\n<meta name=\"twitter:label1\" content=\"Scritto da\" \/>\n\t<meta name=\"twitter:data1\" content=\"Staff\" \/>\n\t<meta name=\"twitter:label2\" content=\"Tempo di lettura stimato\" \/>\n\t<meta name=\"twitter:data2\" content=\"2 minuti\" \/>\n<script type=\"application\/ld+json\" class=\"yoast-schema-graph\">{\"@context\":\"https:\/\/schema.org\",\"@graph\":[{\"@type\":\"Organization\",\"@id\":\"https:\/\/arteeluoghi.it\/#organization\",\"name\":\"Arte e Luoghi\",\"url\":\"https:\/\/arteeluoghi.it\/\",\"sameAs\":[\"https:\/\/www.facebook.com\/ArteELuoghi\/\",\"https:\/\/www.instagram.com\/arteeluoghi\/?hl=it\",\"https:\/\/www.youtube.com\/channel\/UCuRVc4JW4-C5sg9rQB-srkw?view_as=subscriber\",\"https:\/\/twitter.com\/arteeluoghi\"],\"logo\":{\"@type\":\"ImageObject\",\"@id\":\"https:\/\/arteeluoghi.it\/#logo\",\"inLanguage\":\"it-IT\",\"url\":\"https:\/\/arteeluoghi.it\/wp-content\/uploads\/2018\/08\/logoinstagramarte.jpg\",\"contentUrl\":\"https:\/\/arteeluoghi.it\/wp-content\/uploads\/2018\/08\/logoinstagramarte.jpg\",\"width\":150,\"height\":150,\"caption\":\"Arte e Luoghi\"},\"image\":{\"@id\":\"https:\/\/arteeluoghi.it\/#logo\"}},{\"@type\":\"WebSite\",\"@id\":\"https:\/\/arteeluoghi.it\/#website\",\"url\":\"https:\/\/arteeluoghi.it\/\",\"name\":\"Arte e Luoghi\",\"description\":\"Mensile di arte, cultura, turismo e curiosit\u00e0\",\"publisher\":{\"@id\":\"https:\/\/arteeluoghi.it\/#organization\"},\"potentialAction\":[{\"@type\":\"SearchAction\",\"target\":{\"@type\":\"EntryPoint\",\"urlTemplate\":\"https:\/\/arteeluoghi.it\/?s={search_term_string}\"},\"query-input\":\"required name=search_term_string\"}],\"inLanguage\":\"it-IT\"},{\"@type\":\"ImageObject\",\"@id\":\"https:\/\/arteeluoghi.it\/index.php\/2013\/06\/27\/dedicato-a-chi-ama-il-mare\/#primaryimage\",\"inLanguage\":\"it-IT\",\"url\":\"\/images\/locandinavivimare.jpg\",\"contentUrl\":\"\/images\/locandinavivimare.jpg\"},{\"@type\":\"WebPage\",\"@id\":\"https:\/\/arteeluoghi.it\/index.php\/2013\/06\/27\/dedicato-a-chi-ama-il-mare\/#webpage\",\"url\":\"https:\/\/arteeluoghi.it\/index.php\/2013\/06\/27\/dedicato-a-chi-ama-il-mare\/\",\"name\":\"Dedicato a chi ama il mare | Arte e Luoghi\",\"isPartOf\":{\"@id\":\"https:\/\/arteeluoghi.it\/#website\"},\"primaryImageOfPage\":{\"@id\":\"https:\/\/arteeluoghi.it\/index.php\/2013\/06\/27\/dedicato-a-chi-ama-il-mare\/#primaryimage\"},\"datePublished\":\"2013-06-27T07:19:14+00:00\",\"dateModified\":\"2013-06-27T07:19:14+00:00\",\"breadcrumb\":{\"@id\":\"https:\/\/arteeluoghi.it\/index.php\/2013\/06\/27\/dedicato-a-chi-ama-il-mare\/#breadcrumb\"},\"inLanguage\":\"it-IT\",\"potentialAction\":[{\"@type\":\"ReadAction\",\"target\":[\"https:\/\/arteeluoghi.it\/index.php\/2013\/06\/27\/dedicato-a-chi-ama-il-mare\/\"]}]},{\"@type\":\"BreadcrumbList\",\"@id\":\"https:\/\/arteeluoghi.it\/index.php\/2013\/06\/27\/dedicato-a-chi-ama-il-mare\/#breadcrumb\",\"itemListElement\":[{\"@type\":\"ListItem\",\"position\":1,\"name\":\"Home\",\"item\":\"https:\/\/arteeluoghi.it\/\"},{\"@type\":\"ListItem\",\"position\":2,\"name\":\"Dedicato a chi ama il mare\"}]},{\"@type\":\"Article\",\"@id\":\"https:\/\/arteeluoghi.it\/index.php\/2013\/06\/27\/dedicato-a-chi-ama-il-mare\/#article\",\"isPartOf\":{\"@id\":\"https:\/\/arteeluoghi.it\/index.php\/2013\/06\/27\/dedicato-a-chi-ama-il-mare\/#webpage\"},\"author\":{\"@id\":\"https:\/\/arteeluoghi.it\/#\/schema\/person\/f84e814e36e91e01448ee07eaadd41d4\"},\"headline\":\"Dedicato a chi ama il mare\",\"datePublished\":\"2013-06-27T07:19:14+00:00\",\"dateModified\":\"2013-06-27T07:19:14+00:00\",\"mainEntityOfPage\":{\"@id\":\"https:\/\/arteeluoghi.it\/index.php\/2013\/06\/27\/dedicato-a-chi-ama-il-mare\/#webpage\"},\"wordCount\":435,\"commentCount\":0,\"publisher\":{\"@id\":\"https:\/\/arteeluoghi.it\/#organization\"},\"image\":{\"@id\":\"https:\/\/arteeluoghi.it\/index.php\/2013\/06\/27\/dedicato-a-chi-ama-il-mare\/#primaryimage\"},\"thumbnailUrl\":\"\/images\/locandinavivimare.jpg\",\"articleSection\":[\"CuriosAr(t)e\"],\"inLanguage\":\"it-IT\",\"potentialAction\":[{\"@type\":\"CommentAction\",\"name\":\"Comment\",\"target\":[\"https:\/\/arteeluoghi.it\/index.php\/2013\/06\/27\/dedicato-a-chi-ama-il-mare\/#respond\"]}]},{\"@type\":\"Person\",\"@id\":\"https:\/\/arteeluoghi.it\/#\/schema\/person\/f84e814e36e91e01448ee07eaadd41d4\",\"name\":\"Staff\",\"image\":{\"@type\":\"ImageObject\",\"@id\":\"https:\/\/arteeluoghi.it\/#personlogo\",\"inLanguage\":\"it-IT\",\"url\":\"https:\/\/secure.gravatar.com\/avatar\/49d2f9e46271bb04e19cebfaf141313a?s=96&d=blank&r=g\",\"contentUrl\":\"https:\/\/secure.gravatar.com\/avatar\/49d2f9e46271bb04e19cebfaf141313a?s=96&d=blank&r=g\",\"caption\":\"Staff\"}}]}<\/script>\n<!-- \/ Yoast SEO plugin. -->","yoast_head_json":{"title":"Dedicato a chi ama il mare | Arte e Luoghi","robots":{"index":"index","follow":"follow","max-snippet":"max-snippet:-1","max-image-preview":"max-image-preview:large","max-video-preview":"max-video-preview:-1"},"canonical":"https:\/\/arteeluoghi.it\/index.php\/2013\/06\/27\/dedicato-a-chi-ama-il-mare\/","og_locale":"it_IT","og_type":"article","og_title":"Dedicato a chi ama il mare | Arte e Luoghi","og_description":"Al Centro commerciale Euroma2 da 28 giugno \u2013 5 luglio 2013 VIVI IL MARE CON LA GUARDIA COSTIERA \u00a0 Diffondere","og_url":"https:\/\/arteeluoghi.it\/index.php\/2013\/06\/27\/dedicato-a-chi-ama-il-mare\/","og_site_name":"Arte e Luoghi","article_publisher":"https:\/\/www.facebook.com\/ArteELuoghi\/","article_published_time":"2013-06-27T07:19:14+00:00","og_image":[{"url":"https:\/\/arteeluoghi.it\/images\/locandinavivimare.jpg"}],"twitter_card":"summary","twitter_creator":"@arteeluoghi","twitter_site":"@arteeluoghi","twitter_misc":{"Scritto da":"Staff","Tempo di lettura stimato":"2 minuti"},"schema":{"@context":"https:\/\/schema.org","@graph":[{"@type":"Organization","@id":"https:\/\/arteeluoghi.it\/#organization","name":"Arte e Luoghi","url":"https:\/\/arteeluoghi.it\/","sameAs":["https:\/\/www.facebook.com\/ArteELuoghi\/","https:\/\/www.instagram.com\/arteeluoghi\/?hl=it","https:\/\/www.youtube.com\/channel\/UCuRVc4JW4-C5sg9rQB-srkw?view_as=subscriber","https:\/\/twitter.com\/arteeluoghi"],"logo":{"@type":"ImageObject","@id":"https:\/\/arteeluoghi.it\/#logo","inLanguage":"it-IT","url":"https:\/\/arteeluoghi.it\/wp-content\/uploads\/2018\/08\/logoinstagramarte.jpg","contentUrl":"https:\/\/arteeluoghi.it\/wp-content\/uploads\/2018\/08\/logoinstagramarte.jpg","width":150,"height":150,"caption":"Arte e Luoghi"},"image":{"@id":"https:\/\/arteeluoghi.it\/#logo"}},{"@type":"WebSite","@id":"https:\/\/arteeluoghi.it\/#website","url":"https:\/\/arteeluoghi.it\/","name":"Arte e Luoghi","description":"Mensile di arte, cultura, turismo e curiosit\u00e0","publisher":{"@id":"https:\/\/arteeluoghi.it\/#organization"},"potentialAction":[{"@type":"SearchAction","target":{"@type":"EntryPoint","urlTemplate":"https:\/\/arteeluoghi.it\/?s={search_term_string}"},"query-input":"required name=search_term_string"}],"inLanguage":"it-IT"},{"@type":"ImageObject","@id":"https:\/\/arteeluoghi.it\/index.php\/2013\/06\/27\/dedicato-a-chi-ama-il-mare\/#primaryimage","inLanguage":"it-IT","url":"\/images\/locandinavivimare.jpg","contentUrl":"\/images\/locandinavivimare.jpg"},{"@type":"WebPage","@id":"https:\/\/arteeluoghi.it\/index.php\/2013\/06\/27\/dedicato-a-chi-ama-il-mare\/#webpage","url":"https:\/\/arteeluoghi.it\/index.php\/2013\/06\/27\/dedicato-a-chi-ama-il-mare\/","name":"Dedicato a chi ama il mare | Arte e Luoghi","isPartOf":{"@id":"https:\/\/arteeluoghi.it\/#website"},"primaryImageOfPage":{"@id":"https:\/\/arteeluoghi.it\/index.php\/2013\/06\/27\/dedicato-a-chi-ama-il-mare\/#primaryimage"},"datePublished":"2013-06-27T07:19:14+00:00","dateModified":"2013-06-27T07:19:14+00:00","breadcrumb":{"@id":"https:\/\/arteeluoghi.it\/index.php\/2013\/06\/27\/dedicato-a-chi-ama-il-mare\/#breadcrumb"},"inLanguage":"it-IT","potentialAction":[{"@type":"ReadAction","target":["https:\/\/arteeluoghi.it\/index.php\/2013\/06\/27\/dedicato-a-chi-ama-il-mare\/"]}]},{"@type":"BreadcrumbList","@id":"https:\/\/arteeluoghi.it\/index.php\/2013\/06\/27\/dedicato-a-chi-ama-il-mare\/#breadcrumb","itemListElement":[{"@type":"ListItem","position":1,"name":"Home","item":"https:\/\/arteeluoghi.it\/"},{"@type":"ListItem","position":2,"name":"Dedicato a chi ama il mare"}]},{"@type":"Article","@id":"https:\/\/arteeluoghi.it\/index.php\/2013\/06\/27\/dedicato-a-chi-ama-il-mare\/#article","isPartOf":{"@id":"https:\/\/arteeluoghi.it\/index.php\/2013\/06\/27\/dedicato-a-chi-ama-il-mare\/#webpage"},"author":{"@id":"https:\/\/arteeluoghi.it\/#\/schema\/person\/f84e814e36e91e01448ee07eaadd41d4"},"headline":"Dedicato a chi ama il mare","datePublished":"2013-06-27T07:19:14+00:00","dateModified":"2013-06-27T07:19:14+00:00","mainEntityOfPage":{"@id":"https:\/\/arteeluoghi.it\/index.php\/2013\/06\/27\/dedicato-a-chi-ama-il-mare\/#webpage"},"wordCount":435,"commentCount":0,"publisher":{"@id":"https:\/\/arteeluoghi.it\/#organization"},"image":{"@id":"https:\/\/arteeluoghi.it\/index.php\/2013\/06\/27\/dedicato-a-chi-ama-il-mare\/#primaryimage"},"thumbnailUrl":"\/images\/locandinavivimare.jpg","articleSection":["CuriosAr(t)e"],"inLanguage":"it-IT","potentialAction":[{"@type":"CommentAction","name":"Comment","target":["https:\/\/arteeluoghi.it\/index.php\/2013\/06\/27\/dedicato-a-chi-ama-il-mare\/#respond"]}]},{"@type":"Person","@id":"https:\/\/arteeluoghi.it\/#\/schema\/person\/f84e814e36e91e01448ee07eaadd41d4","name":"Staff","image":{"@type":"ImageObject","@id":"https:\/\/arteeluoghi.it\/#personlogo","inLanguage":"it-IT","url":"https:\/\/secure.gravatar.com\/avatar\/49d2f9e46271bb04e19cebfaf141313a?s=96&d=blank&r=g","contentUrl":"https:\/\/secure.gravatar.com\/avatar\/49d2f9e46271bb04e19cebfaf141313a?s=96&d=blank&r=g","caption":"Staff"}}]}},"_links":{"self":[{"href":"https:\/\/arteeluoghi.it\/index.php\/wp-json\/wp\/v2\/posts\/1178"}],"collection":[{"href":"https:\/\/arteeluoghi.it\/index.php\/wp-json\/wp\/v2\/posts"}],"about":[{"href":"https:\/\/arteeluoghi.it\/index.php\/wp-json\/wp\/v2\/types\/post"}],"author":[{"embeddable":true,"href":"https:\/\/arteeluoghi.it\/index.php\/wp-json\/wp\/v2\/users\/1"}],"replies":[{"embeddable":true,"href":"https:\/\/arteeluoghi.it\/index.php\/wp-json\/wp\/v2\/comments?post=1178"}],"version-history":[{"count":0,"href":"https:\/\/arteeluoghi.it\/index.php\/wp-json\/wp\/v2\/posts\/1178\/revisions"}],"wp:attachment":[{"href":"https:\/\/arteeluoghi.it\/index.php\/wp-json\/wp\/v2\/media?parent=1178"}],"wp:term":[{"taxonomy":"category","embeddable":true,"href":"https:\/\/arteeluoghi.it\/index.php\/wp-json\/wp\/v2\/categories?post=1178"},{"taxonomy":"post_tag","embeddable":true,"href":"https:\/\/arteeluoghi.it\/index.php\/wp-json\/wp\/v2\/tags?post=1178"}],"curies":[{"name":"wp","href":"https:\/\/api.w.org\/{rel}","templated":true}]}}