{"id":11801,"date":"2022-10-14T17:55:00","date_gmt":"2022-10-14T15:55:00","guid":{"rendered":"https:\/\/arteeluoghi.it\/?p=11801"},"modified":"2022-10-19T18:50:31","modified_gmt":"2022-10-19T16:50:31","slug":"street-art-for-rights","status":"publish","type":"post","link":"https:\/\/arteeluoghi.it\/index.php\/2022\/10\/14\/street-art-for-rights\/","title":{"rendered":"Street Art for Rights"},"content":{"rendered":"\n<blockquote class=\"wp-block-quote\"><p>Dal 15 al 30 ottobre la terza edizione del festival multidisciplinare in programma a Roma e organizzato dall&#8217;associazione culturale Taste and Travel\u00a0in collaborazione con\u00a0MArteSocial\u00a0e\u00a0MArteGallery<\/p><\/blockquote>\n\n\n\n<p><strong><em>Street\u00a0Art for Rights<\/em><\/strong> \u00e8 tra gli eventi pi\u00f9 attesi\u00a0della\u00a0Biennale MArteLive\u00a0&#8211; il pi\u00f9 grande festival multidisciplinare diffuso d\u2019Europa &#8211;\u00a0che torna a\u00a0<strong>Roma dal 15 al 30 ottobre 2022<\/strong>\u00a0per firmare la terza edizione\u00a0e mettere a segno gli ultimi 8 dei\u00a017\u00a0Sustainable\u00a0Development Goals (SDGs)\u00a0dell\u2019Agenda ONU 2030.\u00a0 Il progetto, ideato e diretto da\u00a0<strong>Giuseppe Casa<\/strong>\u00a0e curato da\u00a0<strong>Oriana Rizzuto,\u00a0<\/strong>\u00e8 organizzato dall\u2019associazione culturale<strong>\u00a0Taste and Travel\u00a0<\/strong>in collaborazione con<strong>\u00a0MArteSocial\u00a0<\/strong>e\u00a0<strong>MArteGallery\u00a0<\/strong>,  vuole dare concretezza artistica al piano d\u2019azione per le persone, il Pianeta e la prosperit\u00e0 promosso dall\u2019ONU, avvicinando la comunit\u00e0 ai vari temi e sollecitando la discussione circa i problemi impellenti dell\u2019era contemporanea su una scala di intervento pi\u00f9 ampia.\u00a0<\/p>\n\n\n\n<!--more-->\n\n\n\n<p><br>Gli artisti di questa nuova edizione saranno:\u00a0<strong>Natalia Rak<\/strong>\u00a0(Polonia),\u00a0<strong>Etnik<\/strong>\u00a0(Svezia),\u00a0<strong>Manuela Merlo<\/strong>\u00a0(Spagna),\u00a0<strong>Attorep<\/strong>\u00a0(Italia),\u00a0<strong>Fabio\u00a0Petani\u00a0<\/strong>(Italia),\u00a0<strong>Barbara Oizmud<\/strong>\u00a0(Italia),\u00a0<strong>Davide Toffolo<\/strong>\u00a0(Italia) e\u00a0<strong>NSN997<\/strong>\u00a0(Spagna).\u00a0<br>Street\u00a0art for Rights\u00a0nasce con l&#8217;intento di portare l\u2019arte nei quartieri\u00a0con\u00a0<strong>contesti difficili della periferia di\u00a0Roma<\/strong>\u00a0adottando i\u00a017 Goals\u00a0dell\u2019Agenda 2030 per lo Sviluppo Sostenibile dell\u2019ONU\u00a0come contenuto\u00a0portante. L\u2019idea infatti \u00e8 quella di filtrare i 17 Goals con\u00a0l\u2019occhio dell\u2019arte,<strong>\u00a0diffondendo la cultura della sostenibilit\u00e0 attraverso la\u00a0street art<\/strong>.\u00a0<\/p>\n\n\n\n<p><br>Per questa edizione\u00a0i\u00a0quartieri di Roma che ospiteranno le opere dei goals dal numero 10 al numero 17\u00a0saranno\u00a0<strong>Settecamini, Ponte Mammolo e San Paolo<\/strong>.\u00a0<\/p>\n\n\n\n<p>Come anticipato gli artisti coinvolti<strong>\u00a0<\/strong>provengono da diversi ambiti della\u00a0<strong>scena dell\u2019arte urbana contemporanea nazionale e internazionale<\/strong>\u00a0e sono stati selezionati per il loro impegno civile oltre che per il loro segno e impatto artistico:<\/p>\n\n\n\n<ol><li><strong>Attorep\u00a0<\/strong>(Italia) con i suoi ritratti romantici che conducono alla riflessione alle relazioni umane sempre pi\u00f9 fragili illustrer\u00e0 l\u2019<strong>OBIETTIVO 10: Ridurre le disuguaglianze<\/strong>;<\/li><li><strong>Davide Toffolo\u00a0<\/strong>illustratore graffiante in stile gothic-punk dei Tre Allegri Ragazzi Morti realizzer\u00e0 un\u2019opera per l\u2019<strong>OBIETTIVO 11: Citt\u00e0 e comunit\u00e0 sostenibili<\/strong>;<\/li><li><strong>Etnik\u00a0<\/strong>(Svezia) con le sue illustrazioni geometriche e sottosopra a rappresentare l\u2019equilibrio precario dell\u2019essere umano e l\u2019incessante velocit\u00e0 del mondo contemporaneo creer\u00e0 un\u2019opera sull\u2019<strong>OBIETTIVO 12: Consumo sostenibile<\/strong>;<\/li><li><strong>Fabio Petani<\/strong>\u00a0(Italia) con le sue storie sulla natura che pongono riflessioni sui cambiamenti climatici dipinger\u00e0 a favore dell\u2019<strong>OBIETTIVO 13: Lotta al cambiamento climatico<\/strong>;<\/li><li><strong>Barbara Oizmud<\/strong>\u00a0(Italia) fotografa e illustratrice, onirica e cubista, con i suoi miti ed eroine surreali ma allo stesso tempo simboli della realt\u00e0 dei nostri giorni raffigurer\u00e0 l\u2019<strong>OBIETTIVO 14: Vita sott&#8217;acqua<\/strong>;<\/li><li><strong>Natalia Rak<\/strong>\u00a0(Polonia) con i suoi colori e le tematiche legate alla natura e alle legende legate ad essa rappresenter\u00e0\u00a0<strong>OBIETTIVO 15: Vita sulla terra<\/strong>;<\/li><li><strong>Manuela Merlo<\/strong>\u00a0(Spagna) con la sua arte tra classicismo e arte urbana di chiara ispirazione pittorica racconter\u00e0 l\u2019<strong>OBIETTIVO 16: Pace, giustizia e istituzioni solide<\/strong>;<\/li><li><strong>NSN997<\/strong>\u00a0(Spagna) con i loro pattern grafici capaci di far riflettere sulle relazioni e la multiculturalit\u00e0 saranno impegnati nel declinare in chiave artistica l\u2019<strong>OBIETTIVO 17: Partnerships per gli obiettivi.<\/strong><\/li><\/ol>\n\n\n\n<p>Non sar\u00e0 un semplice festival di&nbsp;<em>street art&nbsp;<\/em>ma&nbsp;<strong>un\u2019azione artistica e sociale<\/strong>, tesa a perseguire l\u2019obiettivo di ampliare, attraverso l\u2019arte e le occasioni d\u2019incontro, lo spazio dedicato alla&nbsp;<strong>testimonianza di buone pratiche<\/strong>&nbsp;<strong>sui temi della sostenibilit\u00e0<\/strong>&nbsp;\u2013 ambientale, sociale e di&nbsp;<em>governance<\/em>&nbsp;sostenibile- con il desiderio che queste si moltiplichino creando una reazione a catena di effetti positivi \u201ccontagiati e contagianti\u201d.<\/p>\n\n\n\n<p>Sar\u00e0 la periferia di&nbsp;<strong>Settecamini<\/strong>&nbsp;il cuore pulsante dell\u2019iniziativa, che ha ospitato gi\u00e0 diverse opere degli anni precedenti, in collaborazione con il Comitato di Quartiere, per passare alla stazione della&nbsp;<strong>Metro B Ponte Mammolo<\/strong>&nbsp;fino a&nbsp;<strong>San Paolo<\/strong>&nbsp;nella scuola \u201cVito Volterra\u201d.<\/p>\n\n\n\n<p><strong>Natalia Rak, Attorrep, Manuela Merlo, Davide Toffolo, Etnik e Fabio Petani&nbsp;<\/strong>arricchiranno il borghetto di Settecamini,&nbsp;<strong>Barbara Oizmud&nbsp;<\/strong>porter\u00e0 la sua creativit\u00e0 alla metro B di Ponte Mammolo e<strong>&nbsp;gli NSN997&nbsp;<\/strong>illumineranno con i loro pattern sulla multiculturalit\u00e0 e la condivisione la scuola \u201cVito Volterra\u201d a San Paolo.<\/p>\n\n\n\n<p>Per la realizzazione delle basi lavori vengono usate anche le<strong>&nbsp;vernici speciali del brevetto AirLite<\/strong>, prodotti che riescono a trasformare gli agenti inquinanti in molecole di sale e ad avviare il processo di fotosintesi. L\u2019uso di tali strumenti ha il duplice obiettivo di trasformare il quartiere sia dal punto di vista estetico-culturale che da punto di vista ambientale.<\/p>\n\n\n\n<p>Come le due annualit\u00e0 passate il progetto prevede la realizzazione di una&nbsp;<strong>Tavola Rotonda<\/strong>, fissata per&nbsp;<strong>venerd\u00ec 21 ottobre 2022 e sabato 22 ottobre,&nbsp;<\/strong>in collaborazione con&nbsp;<strong>ASviS<\/strong>&nbsp;<strong>&#8211; Alleanza Italiana per lo Sviluppo Sostenibile&nbsp;<\/strong>e con la partecipazione di tutti i rappresentanti dei partner istituzionali e gli artisti per la discussione di questioni, esperienze e&nbsp;<em>best practice<\/em>&nbsp;circa tematiche sostenibili.<\/p>\n\n\n\n<p><strong>L&#8217;inaugurazione finale dei murales \u00e8 prevista a Settecamini,<\/strong>&nbsp;con un\u2019intera giornata all&#8217;insegna della contaminazione tra i generi artistici, da sempre elemento centrale nel progetto&nbsp;<strong>MArteGAllery&nbsp;<\/strong>che ha organizzato performances di danza contemporanea e musica. Verranno promosse, inoltre,&nbsp;<strong>due passeggiate sostenibili nei quartieri di Corviale e di Settecamini<\/strong>&nbsp;al termine dei lavori che daranno la possibilit\u00e0 al pubblico di conoscere da vicino le opere e i relativi Goals interpretati dai lavori degli artisti.<\/p>\n\n\n\n<p>Alla conclusione del progetto ad ogni muro sar\u00e0 apposta una\u00a0<strong>targa con un QR Code<\/strong>\u00a0che rimander\u00e0 al sito ufficiale e daranno la possibilit\u00e0 a tutti di scoprire pi\u00f9 contenuti visivi ed informativi sugli artisti, sui Goals e sul processo creativo.<\/p>\n\n\n\n<figure class=\"wp-block-image size-large\"><img loading=\"lazy\" width=\"1024\" height=\"683\" src=\"https:\/\/arteeluoghi.it\/wp-content\/uploads\/2022\/10\/Oniro-Coltivazione-de-se\u0301-\u00a9Francesco-Torrice-1024x683.jpeg\" alt=\"\" class=\"wp-image-11802\" srcset=\"https:\/\/arteeluoghi.it\/wp-content\/uploads\/2022\/10\/Oniro-Coltivazione-de-se\u0301-\u00a9Francesco-Torrice-1024x683.jpeg 1024w, https:\/\/arteeluoghi.it\/wp-content\/uploads\/2022\/10\/Oniro-Coltivazione-de-se\u0301-\u00a9Francesco-Torrice-300x200.jpeg 300w, https:\/\/arteeluoghi.it\/wp-content\/uploads\/2022\/10\/Oniro-Coltivazione-de-se\u0301-\u00a9Francesco-Torrice-768x512.jpeg 768w, https:\/\/arteeluoghi.it\/wp-content\/uploads\/2022\/10\/Oniro-Coltivazione-de-se\u0301-\u00a9Francesco-Torrice-1536x1024.jpeg 1536w, https:\/\/arteeluoghi.it\/wp-content\/uploads\/2022\/10\/Oniro-Coltivazione-de-se\u0301-\u00a9Francesco-Torrice.jpeg 1944w\" sizes=\"(max-width: 1024px) 100vw, 1024px\" \/><figcaption>Oniro-Coltivazione-de-se\u0301-\u00a9Francesco-Torrice<\/figcaption><\/figure>\n\n\n\n<p>Anche quest\u2019anno Il\u00a0<em>making of<\/em>\u00a0dell\u2019evento sar\u00e0 documentato dall&#8217;obiettivo di una giovane fotografa che per l\u2019occasione sar\u00e0 una talentuosa e giovane<strong>\u00a0<\/strong>selezionata da una call, le cui immagini, insieme a quelle delle altre due fotografe scelte per le prossime edizioni, confluiranno in una\u00a0<strong>mostra<\/strong>\u00a0e un<strong>\u00a0catalogo<\/strong>\u00a0sul festival, che segneranno il<strong>\u00a0GOAL 0<\/strong>, ovvero la conclusione e la comunicazione dell\u2019intero progetto<strong>.\u00a0<\/strong><\/p>\n\n\n\n<p>La mostra &#8220;Street Art for Rights &#8211; Shots of Walls&#8221; racconta, attraverso gli scatti pi\u00f9 belli di\u00a0<strong>Gloria Viggiani<\/strong>\u00a0e\u00a0<strong>Barbara Oizmud<\/strong>, le opere di street art realizzate a Roma e nel Lazio per\u00a0<strong>Street art for Rights<\/strong>, festival dedicato ai diritti umani, ai diritti dell\u2019ambiente e gli Obiettivi dell\u2019Agenda ONU 2030, illustrati da artiste e artisti nazionali e internazionali e realizzati negli ultimi due anni. L&#8217;esposizione sar\u00e0 visitabile dal 18 al 21 ottobre 2022 presso la TAG &#8211; Tevere Art Gallery di Roma e propone anche una selezione digitale del making of della realizzazione dei murales.<\/p>\n\n\n\n<figure class=\"wp-block-image size-large\"><img loading=\"lazy\" width=\"1024\" height=\"683\" src=\"https:\/\/arteeluoghi.it\/wp-content\/uploads\/2022\/10\/Moby-Dick\u00a9Gloria-Viggiani-scaled-1-1024x683.jpeg\" alt=\"\" class=\"wp-image-11803\" srcset=\"https:\/\/arteeluoghi.it\/wp-content\/uploads\/2022\/10\/Moby-Dick\u00a9Gloria-Viggiani-scaled-1-1024x683.jpeg 1024w, https:\/\/arteeluoghi.it\/wp-content\/uploads\/2022\/10\/Moby-Dick\u00a9Gloria-Viggiani-scaled-1-300x200.jpeg 300w, https:\/\/arteeluoghi.it\/wp-content\/uploads\/2022\/10\/Moby-Dick\u00a9Gloria-Viggiani-scaled-1-768x512.jpeg 768w, https:\/\/arteeluoghi.it\/wp-content\/uploads\/2022\/10\/Moby-Dick\u00a9Gloria-Viggiani-scaled-1-1536x1024.jpeg 1536w, https:\/\/arteeluoghi.it\/wp-content\/uploads\/2022\/10\/Moby-Dick\u00a9Gloria-Viggiani-scaled-1-2048x1366.jpeg 2048w\" sizes=\"(max-width: 1024px) 100vw, 1024px\" \/><figcaption>Moby-Dick\u00a9Gloria-Viggiani-scaled<\/figcaption><\/figure>\n\n\n\n<p>Street art for RIGHTS ha infatti pensato di aggiungere\u00a0<strong>il Goal n.0\u00a0<\/strong>in funzione di una necessit\u00e0 di far riflettere e far parlare della<strong>\u00a0cultura artistica della sostenibilit\u00e0.<\/strong>\u00a0<strong>\u201cGoal 0\u201d\u00a0<\/strong>sar\u00e0 il titolo dell\u2019<strong>esposizione fotografica conclusiva\u00a0<\/strong>che metter\u00e0 in mostra<strong>\u00a0<\/strong>presso la <strong>Galleria MITREOISIDE di Corviale<\/strong>\u00a0le foto dei\u00a0<strong>tre reportage\u00a0<\/strong>realizzati dalle tre fotografe che hanno seguito i lavori degli artisti, i bozzetti donati dagli artisti e altri contenuti relativi agli eventi, allo scopo di fare un punto finale circa la possibilit\u00e0 di concretizzare il tema della sostenibilit\u00e0 anche nell\u2019arte e nella divulgazione culturale.\u00a0Alla fine del triennio \u00e8 prevista<strong>\u00a0la pubblicazione del catalogo\u00a0<\/strong>della mostra fotografica.\u00a0<\/p>\n\n\n\n<p><strong>Il progetto,\u00a0<\/strong>promosso da<strong>ll\u2019Assessorato alla Cultura di Roma Capitale,\u00a0<\/strong>\u00e8\u00a0<strong>vincitore dell&#8217;Avviso Pubblico\u00a0Contemporaneamente Roma 2020-2021-2022\u00a0<\/strong>curato dal<strong>Dipartimento Attivit\u00e0 Culturali\u00a0<\/strong>ed \u00e8 realizzato in collaborazione con<strong>\u00a0SIAE.<\/strong><\/p>\n\n\n\n<p><a href=\"https:\/\/culturaliart.musvc2.net\/e\/t?q=0%3dIRKaB%26C%3dI%26K%3dHVK%26L%3dBZNdF%26L%3dzQ4G_0xcq_K8_2rkw_B7_0xcq_JC7NE.Lz66DkC4B2P.1Q_2rkw_B7_0xcq_KC5K5_PyL00o_IizZ_TvKoNAIoKBB8k2s2_IizZ_SNR4D_5Bn0CJ_2rkw_C5wJk04_Oath_YFLBJ_m25Mk0yK_2rkw_C558sCCM%26n%3dDCP64J.KoK%261P%3dARNfI&amp;mupckp=mupAtu4m8OiX0wt\">www.opengallery.it<\/a><\/p>\n\n\n\n<p><a href=\"https:\/\/culturaliart.musvc2.net\/e\/t?q=8%3dRR8YK%26C%3d6%26I%3dQV8%26J%3dKZAbO%26L%3dmOCG_wvlq_86_ArXu_K7_wvlq_7AFN2.NCIj0C2wOyFwM28mOB.0y_MjtU_Wy_IVxi_TkPCD_xJDIh0_ArXu_L5s06t2fFJq0CKjM_ArXu_KWzO6_Dj92Lr_MjtU_Xw6r62C_wvlq_7aDKr_8tDu628s_MjtU_XwDfD5Lu%269%3d6LxQvS.s0C%260x%3dVJWDd&amp;mupckp=mupAtu4m8OiX0wt\">www.streetartforrights.it<\/a><\/p>\n\n\n\n<p><a href=\"https:\/\/culturaliart.musvc2.net\/e\/t?q=A%3dHWGbA%26H%3dE%26L%3dGaG%26M%3dAeJeE%26Q%3dvR3L_6ybv_G9_1wgx_AB_6ybv_FD6SA.0rA2LjHsKjN8CuE0C.rP_6ybv_FD_1wgx_BB9Rv_O3S19s_PZyd_amJsU9j7o2HsR3A6_PZyd_ZEQ8K_vArG4I_6ybv_GBnIoGu_Ne1Y_XJS3I_q9vLoGpJ_6ybv_GBv7wJ4L%26r%3dK4O0AA.JsR%26rO%3dEYEeM&amp;mupckp=mupAtu4m8OiX0wt\">www.biennalemartelive.it<\/a><\/p>\n\n\n\n<p>(fonte: comunicato stampa)<\/p>\n","protected":false},"excerpt":{"rendered":"<p>Dal 15 al 30 ottobre la terza edizione del festival multidisciplinare in programma a Roma e organizzato dall&#8217;associazione culturale Taste<\/p>\n","protected":false},"author":1,"featured_media":11803,"comment_status":"open","ping_status":"open","sticky":true,"template":"","format":"standard","meta":[],"categories":[27,3,28],"tags":[4408,4410,4414,4415,4416,4411,4419,4418,4406,4413,4417,485,4405,4404,4420],"yoast_head":"<!-- This site is optimized with the Yoast SEO plugin v18.0 - https:\/\/yoast.com\/wordpress\/plugins\/seo\/ -->\n<title>Street Art for Rights | Arte e Luoghi<\/title>\n<meta name=\"description\" content=\"Dal 15 al 30 ottobre la terza edizione del festival multidisciplinare in programma a Roma e organizzato da Taste and Travel\" \/>\n<meta name=\"robots\" content=\"index, follow, max-snippet:-1, max-image-preview:large, max-video-preview:-1\" \/>\n<link rel=\"canonical\" href=\"https:\/\/arteeluoghi.it\/index.php\/2022\/10\/14\/street-art-for-rights\/\" \/>\n<meta property=\"og:locale\" content=\"it_IT\" \/>\n<meta property=\"og:type\" content=\"article\" \/>\n<meta property=\"og:title\" content=\"Street Art for Rights | Arte e Luoghi\" \/>\n<meta property=\"og:description\" content=\"Dal 15 al 30 ottobre la terza edizione del festival multidisciplinare in programma a Roma e organizzato da Taste and Travel\" \/>\n<meta property=\"og:url\" content=\"https:\/\/arteeluoghi.it\/index.php\/2022\/10\/14\/street-art-for-rights\/\" \/>\n<meta property=\"og:site_name\" content=\"Arte e Luoghi\" \/>\n<meta property=\"article:publisher\" content=\"https:\/\/www.facebook.com\/ArteELuoghi\/\" \/>\n<meta property=\"article:published_time\" content=\"2022-10-14T15:55:00+00:00\" \/>\n<meta property=\"article:modified_time\" content=\"2022-10-19T16:50:31+00:00\" \/>\n<meta property=\"og:image\" content=\"https:\/\/arteeluoghi.it\/wp-content\/uploads\/2022\/10\/Moby-Dick\u00a9Gloria-Viggiani-scaled-1.jpeg\" \/>\n\t<meta property=\"og:image:width\" content=\"2560\" \/>\n\t<meta property=\"og:image:height\" content=\"1707\" \/>\n\t<meta property=\"og:image:type\" content=\"image\/jpeg\" \/>\n<meta name=\"twitter:card\" content=\"summary\" \/>\n<meta name=\"twitter:creator\" content=\"@arteeluoghi\" \/>\n<meta name=\"twitter:site\" content=\"@arteeluoghi\" \/>\n<meta name=\"twitter:label1\" content=\"Scritto da\" \/>\n\t<meta name=\"twitter:data1\" content=\"Staff\" \/>\n\t<meta name=\"twitter:label2\" content=\"Tempo di lettura stimato\" \/>\n\t<meta name=\"twitter:data2\" content=\"7 minuti\" \/>\n<script type=\"application\/ld+json\" class=\"yoast-schema-graph\">{\"@context\":\"https:\/\/schema.org\",\"@graph\":[{\"@type\":\"Organization\",\"@id\":\"https:\/\/arteeluoghi.it\/#organization\",\"name\":\"Arte e Luoghi\",\"url\":\"https:\/\/arteeluoghi.it\/\",\"sameAs\":[\"https:\/\/www.facebook.com\/ArteELuoghi\/\",\"https:\/\/www.instagram.com\/arteeluoghi\/?hl=it\",\"https:\/\/www.youtube.com\/channel\/UCuRVc4JW4-C5sg9rQB-srkw?view_as=subscriber\",\"https:\/\/twitter.com\/arteeluoghi\"],\"logo\":{\"@type\":\"ImageObject\",\"@id\":\"https:\/\/arteeluoghi.it\/#logo\",\"inLanguage\":\"it-IT\",\"url\":\"https:\/\/arteeluoghi.it\/wp-content\/uploads\/2018\/08\/logoinstagramarte.jpg\",\"contentUrl\":\"https:\/\/arteeluoghi.it\/wp-content\/uploads\/2018\/08\/logoinstagramarte.jpg\",\"width\":150,\"height\":150,\"caption\":\"Arte e Luoghi\"},\"image\":{\"@id\":\"https:\/\/arteeluoghi.it\/#logo\"}},{\"@type\":\"WebSite\",\"@id\":\"https:\/\/arteeluoghi.it\/#website\",\"url\":\"https:\/\/arteeluoghi.it\/\",\"name\":\"Arte e Luoghi\",\"description\":\"Mensile di arte, cultura, turismo e curiosit\u00e0\",\"publisher\":{\"@id\":\"https:\/\/arteeluoghi.it\/#organization\"},\"potentialAction\":[{\"@type\":\"SearchAction\",\"target\":{\"@type\":\"EntryPoint\",\"urlTemplate\":\"https:\/\/arteeluoghi.it\/?s={search_term_string}\"},\"query-input\":\"required name=search_term_string\"}],\"inLanguage\":\"it-IT\"},{\"@type\":\"ImageObject\",\"@id\":\"https:\/\/arteeluoghi.it\/index.php\/2022\/10\/14\/street-art-for-rights\/#primaryimage\",\"inLanguage\":\"it-IT\",\"url\":\"https:\/\/arteeluoghi.it\/wp-content\/uploads\/2022\/10\/Moby-Dick\u00a9Gloria-Viggiani-scaled-1.jpeg\",\"contentUrl\":\"https:\/\/arteeluoghi.it\/wp-content\/uploads\/2022\/10\/Moby-Dick\u00a9Gloria-Viggiani-scaled-1.jpeg\",\"width\":2560,\"height\":1707},{\"@type\":\"WebPage\",\"@id\":\"https:\/\/arteeluoghi.it\/index.php\/2022\/10\/14\/street-art-for-rights\/#webpage\",\"url\":\"https:\/\/arteeluoghi.it\/index.php\/2022\/10\/14\/street-art-for-rights\/\",\"name\":\"Street Art for Rights | Arte e Luoghi\",\"isPartOf\":{\"@id\":\"https:\/\/arteeluoghi.it\/#website\"},\"primaryImageOfPage\":{\"@id\":\"https:\/\/arteeluoghi.it\/index.php\/2022\/10\/14\/street-art-for-rights\/#primaryimage\"},\"datePublished\":\"2022-10-14T15:55:00+00:00\",\"dateModified\":\"2022-10-19T16:50:31+00:00\",\"description\":\"Dal 15 al 30 ottobre la terza edizione del festival multidisciplinare in programma a Roma e organizzato da Taste and Travel\",\"breadcrumb\":{\"@id\":\"https:\/\/arteeluoghi.it\/index.php\/2022\/10\/14\/street-art-for-rights\/#breadcrumb\"},\"inLanguage\":\"it-IT\",\"potentialAction\":[{\"@type\":\"ReadAction\",\"target\":[\"https:\/\/arteeluoghi.it\/index.php\/2022\/10\/14\/street-art-for-rights\/\"]}]},{\"@type\":\"BreadcrumbList\",\"@id\":\"https:\/\/arteeluoghi.it\/index.php\/2022\/10\/14\/street-art-for-rights\/#breadcrumb\",\"itemListElement\":[{\"@type\":\"ListItem\",\"position\":1,\"name\":\"Home\",\"item\":\"https:\/\/arteeluoghi.it\/\"},{\"@type\":\"ListItem\",\"position\":2,\"name\":\"Street Art for Rights\"}]},{\"@type\":\"Article\",\"@id\":\"https:\/\/arteeluoghi.it\/index.php\/2022\/10\/14\/street-art-for-rights\/#article\",\"isPartOf\":{\"@id\":\"https:\/\/arteeluoghi.it\/index.php\/2022\/10\/14\/street-art-for-rights\/#webpage\"},\"author\":{\"@id\":\"https:\/\/arteeluoghi.it\/#\/schema\/person\/f84e814e36e91e01448ee07eaadd41d4\"},\"headline\":\"Street Art for Rights\",\"datePublished\":\"2022-10-14T15:55:00+00:00\",\"dateModified\":\"2022-10-19T16:50:31+00:00\",\"mainEntityOfPage\":{\"@id\":\"https:\/\/arteeluoghi.it\/index.php\/2022\/10\/14\/street-art-for-rights\/#webpage\"},\"wordCount\":1231,\"commentCount\":0,\"publisher\":{\"@id\":\"https:\/\/arteeluoghi.it\/#organization\"},\"image\":{\"@id\":\"https:\/\/arteeluoghi.it\/index.php\/2022\/10\/14\/street-art-for-rights\/#primaryimage\"},\"thumbnailUrl\":\"https:\/\/arteeluoghi.it\/wp-content\/uploads\/2022\/10\/Moby-Dick\u00a9Gloria-Viggiani-scaled-1.jpeg\",\"keywords\":[\"Attorrep\",\"Davide Toffolo\",\"Etnik\",\"Fabio Petani\",\"Giuseppe Casa\",\"Manuela Merlo\",\"MArteGallery\",\"MArteSocial\",\"Metro B Ponte Mammolo\",\"Natalia Rak\",\"Oriana Rizzuto\",\"Roma\",\"Settecamini\",\"Street art for RIGHTS\",\"Taste and Travel\"],\"articleSection\":[\"Arte\",\"Arti visive\",\"Notizie\"],\"inLanguage\":\"it-IT\",\"potentialAction\":[{\"@type\":\"CommentAction\",\"name\":\"Comment\",\"target\":[\"https:\/\/arteeluoghi.it\/index.php\/2022\/10\/14\/street-art-for-rights\/#respond\"]}]},{\"@type\":\"Person\",\"@id\":\"https:\/\/arteeluoghi.it\/#\/schema\/person\/f84e814e36e91e01448ee07eaadd41d4\",\"name\":\"Staff\",\"image\":{\"@type\":\"ImageObject\",\"@id\":\"https:\/\/arteeluoghi.it\/#personlogo\",\"inLanguage\":\"it-IT\",\"url\":\"https:\/\/secure.gravatar.com\/avatar\/49d2f9e46271bb04e19cebfaf141313a?s=96&d=blank&r=g\",\"contentUrl\":\"https:\/\/secure.gravatar.com\/avatar\/49d2f9e46271bb04e19cebfaf141313a?s=96&d=blank&r=g\",\"caption\":\"Staff\"}}]}<\/script>\n<!-- \/ Yoast SEO plugin. -->","yoast_head_json":{"title":"Street Art for Rights | Arte e Luoghi","description":"Dal 15 al 30 ottobre la terza edizione del festival multidisciplinare in programma a Roma e organizzato da Taste and Travel","robots":{"index":"index","follow":"follow","max-snippet":"max-snippet:-1","max-image-preview":"max-image-preview:large","max-video-preview":"max-video-preview:-1"},"canonical":"https:\/\/arteeluoghi.it\/index.php\/2022\/10\/14\/street-art-for-rights\/","og_locale":"it_IT","og_type":"article","og_title":"Street Art for Rights | Arte e Luoghi","og_description":"Dal 15 al 30 ottobre la terza edizione del festival multidisciplinare in programma a Roma e organizzato da Taste and Travel","og_url":"https:\/\/arteeluoghi.it\/index.php\/2022\/10\/14\/street-art-for-rights\/","og_site_name":"Arte e Luoghi","article_publisher":"https:\/\/www.facebook.com\/ArteELuoghi\/","article_published_time":"2022-10-14T15:55:00+00:00","article_modified_time":"2022-10-19T16:50:31+00:00","og_image":[{"width":2560,"height":1707,"url":"https:\/\/arteeluoghi.it\/wp-content\/uploads\/2022\/10\/Moby-Dick\u00a9Gloria-Viggiani-scaled-1.jpeg","type":"image\/jpeg"}],"twitter_card":"summary","twitter_creator":"@arteeluoghi","twitter_site":"@arteeluoghi","twitter_misc":{"Scritto da":"Staff","Tempo di lettura stimato":"7 minuti"},"schema":{"@context":"https:\/\/schema.org","@graph":[{"@type":"Organization","@id":"https:\/\/arteeluoghi.it\/#organization","name":"Arte e Luoghi","url":"https:\/\/arteeluoghi.it\/","sameAs":["https:\/\/www.facebook.com\/ArteELuoghi\/","https:\/\/www.instagram.com\/arteeluoghi\/?hl=it","https:\/\/www.youtube.com\/channel\/UCuRVc4JW4-C5sg9rQB-srkw?view_as=subscriber","https:\/\/twitter.com\/arteeluoghi"],"logo":{"@type":"ImageObject","@id":"https:\/\/arteeluoghi.it\/#logo","inLanguage":"it-IT","url":"https:\/\/arteeluoghi.it\/wp-content\/uploads\/2018\/08\/logoinstagramarte.jpg","contentUrl":"https:\/\/arteeluoghi.it\/wp-content\/uploads\/2018\/08\/logoinstagramarte.jpg","width":150,"height":150,"caption":"Arte e Luoghi"},"image":{"@id":"https:\/\/arteeluoghi.it\/#logo"}},{"@type":"WebSite","@id":"https:\/\/arteeluoghi.it\/#website","url":"https:\/\/arteeluoghi.it\/","name":"Arte e Luoghi","description":"Mensile di arte, cultura, turismo e curiosit\u00e0","publisher":{"@id":"https:\/\/arteeluoghi.it\/#organization"},"potentialAction":[{"@type":"SearchAction","target":{"@type":"EntryPoint","urlTemplate":"https:\/\/arteeluoghi.it\/?s={search_term_string}"},"query-input":"required name=search_term_string"}],"inLanguage":"it-IT"},{"@type":"ImageObject","@id":"https:\/\/arteeluoghi.it\/index.php\/2022\/10\/14\/street-art-for-rights\/#primaryimage","inLanguage":"it-IT","url":"https:\/\/arteeluoghi.it\/wp-content\/uploads\/2022\/10\/Moby-Dick\u00a9Gloria-Viggiani-scaled-1.jpeg","contentUrl":"https:\/\/arteeluoghi.it\/wp-content\/uploads\/2022\/10\/Moby-Dick\u00a9Gloria-Viggiani-scaled-1.jpeg","width":2560,"height":1707},{"@type":"WebPage","@id":"https:\/\/arteeluoghi.it\/index.php\/2022\/10\/14\/street-art-for-rights\/#webpage","url":"https:\/\/arteeluoghi.it\/index.php\/2022\/10\/14\/street-art-for-rights\/","name":"Street Art for Rights | Arte e Luoghi","isPartOf":{"@id":"https:\/\/arteeluoghi.it\/#website"},"primaryImageOfPage":{"@id":"https:\/\/arteeluoghi.it\/index.php\/2022\/10\/14\/street-art-for-rights\/#primaryimage"},"datePublished":"2022-10-14T15:55:00+00:00","dateModified":"2022-10-19T16:50:31+00:00","description":"Dal 15 al 30 ottobre la terza edizione del festival multidisciplinare in programma a Roma e organizzato da Taste and Travel","breadcrumb":{"@id":"https:\/\/arteeluoghi.it\/index.php\/2022\/10\/14\/street-art-for-rights\/#breadcrumb"},"inLanguage":"it-IT","potentialAction":[{"@type":"ReadAction","target":["https:\/\/arteeluoghi.it\/index.php\/2022\/10\/14\/street-art-for-rights\/"]}]},{"@type":"BreadcrumbList","@id":"https:\/\/arteeluoghi.it\/index.php\/2022\/10\/14\/street-art-for-rights\/#breadcrumb","itemListElement":[{"@type":"ListItem","position":1,"name":"Home","item":"https:\/\/arteeluoghi.it\/"},{"@type":"ListItem","position":2,"name":"Street Art for Rights"}]},{"@type":"Article","@id":"https:\/\/arteeluoghi.it\/index.php\/2022\/10\/14\/street-art-for-rights\/#article","isPartOf":{"@id":"https:\/\/arteeluoghi.it\/index.php\/2022\/10\/14\/street-art-for-rights\/#webpage"},"author":{"@id":"https:\/\/arteeluoghi.it\/#\/schema\/person\/f84e814e36e91e01448ee07eaadd41d4"},"headline":"Street Art for Rights","datePublished":"2022-10-14T15:55:00+00:00","dateModified":"2022-10-19T16:50:31+00:00","mainEntityOfPage":{"@id":"https:\/\/arteeluoghi.it\/index.php\/2022\/10\/14\/street-art-for-rights\/#webpage"},"wordCount":1231,"commentCount":0,"publisher":{"@id":"https:\/\/arteeluoghi.it\/#organization"},"image":{"@id":"https:\/\/arteeluoghi.it\/index.php\/2022\/10\/14\/street-art-for-rights\/#primaryimage"},"thumbnailUrl":"https:\/\/arteeluoghi.it\/wp-content\/uploads\/2022\/10\/Moby-Dick\u00a9Gloria-Viggiani-scaled-1.jpeg","keywords":["Attorrep","Davide Toffolo","Etnik","Fabio Petani","Giuseppe Casa","Manuela Merlo","MArteGallery","MArteSocial","Metro B Ponte Mammolo","Natalia Rak","Oriana Rizzuto","Roma","Settecamini","Street art for RIGHTS","Taste and Travel"],"articleSection":["Arte","Arti visive","Notizie"],"inLanguage":"it-IT","potentialAction":[{"@type":"CommentAction","name":"Comment","target":["https:\/\/arteeluoghi.it\/index.php\/2022\/10\/14\/street-art-for-rights\/#respond"]}]},{"@type":"Person","@id":"https:\/\/arteeluoghi.it\/#\/schema\/person\/f84e814e36e91e01448ee07eaadd41d4","name":"Staff","image":{"@type":"ImageObject","@id":"https:\/\/arteeluoghi.it\/#personlogo","inLanguage":"it-IT","url":"https:\/\/secure.gravatar.com\/avatar\/49d2f9e46271bb04e19cebfaf141313a?s=96&d=blank&r=g","contentUrl":"https:\/\/secure.gravatar.com\/avatar\/49d2f9e46271bb04e19cebfaf141313a?s=96&d=blank&r=g","caption":"Staff"}}]}},"_links":{"self":[{"href":"https:\/\/arteeluoghi.it\/index.php\/wp-json\/wp\/v2\/posts\/11801"}],"collection":[{"href":"https:\/\/arteeluoghi.it\/index.php\/wp-json\/wp\/v2\/posts"}],"about":[{"href":"https:\/\/arteeluoghi.it\/index.php\/wp-json\/wp\/v2\/types\/post"}],"author":[{"embeddable":true,"href":"https:\/\/arteeluoghi.it\/index.php\/wp-json\/wp\/v2\/users\/1"}],"replies":[{"embeddable":true,"href":"https:\/\/arteeluoghi.it\/index.php\/wp-json\/wp\/v2\/comments?post=11801"}],"version-history":[{"count":1,"href":"https:\/\/arteeluoghi.it\/index.php\/wp-json\/wp\/v2\/posts\/11801\/revisions"}],"predecessor-version":[{"id":11804,"href":"https:\/\/arteeluoghi.it\/index.php\/wp-json\/wp\/v2\/posts\/11801\/revisions\/11804"}],"wp:featuredmedia":[{"embeddable":true,"href":"https:\/\/arteeluoghi.it\/index.php\/wp-json\/wp\/v2\/media\/11803"}],"wp:attachment":[{"href":"https:\/\/arteeluoghi.it\/index.php\/wp-json\/wp\/v2\/media?parent=11801"}],"wp:term":[{"taxonomy":"category","embeddable":true,"href":"https:\/\/arteeluoghi.it\/index.php\/wp-json\/wp\/v2\/categories?post=11801"},{"taxonomy":"post_tag","embeddable":true,"href":"https:\/\/arteeluoghi.it\/index.php\/wp-json\/wp\/v2\/tags?post=11801"}],"curies":[{"name":"wp","href":"https:\/\/api.w.org\/{rel}","templated":true}]}}