{"id":11817,"date":"2022-10-19T19:39:48","date_gmt":"2022-10-19T17:39:48","guid":{"rendered":"https:\/\/arteeluoghi.it\/?p=11817"},"modified":"2022-10-19T19:41:00","modified_gmt":"2022-10-19T17:41:00","slug":"alla-ricerca-di-isole-sconosciute","status":"publish","type":"post","link":"https:\/\/arteeluoghi.it\/index.php\/2022\/10\/19\/alla-ricerca-di-isole-sconosciute\/","title":{"rendered":"Ultimo evento per Le Ali di Pandora"},"content":{"rendered":"\n<blockquote class=\"wp-block-quote\"><p>Con la mostra Alla ricerca di isole sconosciute di Daniela Cecere e Lucy Ghionna l&#8217;associazione guidata da Ambra Biscuso chiude i battenti e nel segno dell&#8217;arte tredici anni di attivit\u00e0 culturale<\/p><\/blockquote>\n\n\n\n<p>Si conclude venerd\u00ec 21\u00a0ottobre\u00a0in Via San Massimiliano Kolbe, Lecce alle\u00a0ore 18.30 la rassegna \u201cSul finire della Storia\u201d con la mostra &#8220;<em><strong>Alla ricerca di isole sconosciute&#8221;<\/strong><\/em>\u00a0di Daniela Cecere e Lucy Ghionna, presenteranno le Artiste Ivan Serra e Ambra Biscuso. Le opere di Daniela Cecere raccolgono storie di donne; Lucy Ghionna ha scelto di portare una carrellata di opere esposte, nelle pi\u00f9 importanti manifestazioni svolte nel corso degli anni, dall&#8217;Associazione.<\/p>\n\n\n\n<!--more-->\n\n\n\n<div class=\"wp-block-image\"><figure class=\"alignleft size-large is-resized\"><img loading=\"lazy\" src=\"https:\/\/arteeluoghi.it\/wp-content\/uploads\/2022\/10\/loc-le-ali-ottobre-1-724x1024.jpeg\" alt=\"\" class=\"wp-image-11819\" width=\"371\" height=\"525\" srcset=\"https:\/\/arteeluoghi.it\/wp-content\/uploads\/2022\/10\/loc-le-ali-ottobre-1-724x1024.jpeg 724w, https:\/\/arteeluoghi.it\/wp-content\/uploads\/2022\/10\/loc-le-ali-ottobre-1-212x300.jpeg 212w, https:\/\/arteeluoghi.it\/wp-content\/uploads\/2022\/10\/loc-le-ali-ottobre-1-768x1086.jpeg 768w, https:\/\/arteeluoghi.it\/wp-content\/uploads\/2022\/10\/loc-le-ali-ottobre-1-1086x1536.jpeg 1086w, https:\/\/arteeluoghi.it\/wp-content\/uploads\/2022\/10\/loc-le-ali-ottobre-1.jpeg 1131w\" sizes=\"(max-width: 371px) 100vw, 371px\" \/><figcaption>la locandina della manifestazione<\/figcaption><\/figure><\/div>\n\n\n\n<p>&#8220;Sul finire della storia&#8221; \u00e8 l&#8217;ultima rassegna di Le Ali di Pandora a.p.s.; tutte le storie finiscono e anche la nostra dopo tredici anni, ma non \u00e8 finita la nostra voglia di stupirci e di &#8220;fare cultura&#8221;, di vivere la Cultura. Siamo nate il&nbsp;21&nbsp;a primavera e finiamo il&nbsp;21 in Autunno. Nel corso di questi tredici anni abbiamo coinvolto nei nostri progetti molte realt\u00e0 associative,&nbsp;collaborato con gallerie e case editrici, affrontato&nbsp;tematiche che hanno messo in luce le problematiche dell&#8217;inclusione, della diversit\u00e0, della salute, di come la memoria sia alla base della nostra identit\u00e0, dell&#8217;importanza della lettura, da coltivare&nbsp;fin dalla pi\u00f9 tenera&nbsp;et\u00e0, perch\u00e9&nbsp;il libro \u00e8 un amico che ti accompagna e ti permette di vivere tante vite e d\u00e0 voce al nostro sentire. Abbiamo usato come strumento di aggregazione i laboratori protetti di pittura, scrittura, teatro, fiaba, mosaico, chitarra, riciclo, informatica, cucito e creazioni gioielli, formato gruppi di studio e usato l&#8217;arte in tutte le sue accezioni, dalle arti visive, al teatro alla scrittura, come mezzo di informazione, formazione e condivisione; siamo state&nbsp;tra le prime associazioni a vivere la periferia, e ringraziamo le Amministrazioni Comunali che,&nbsp;elogiando il nostro lavoro, ci hanno permesso di lavorare in una sede fissa, prima in Via Adda poi in Via San Massimiliano Kolbe. Possiamo dire che non abbiamo mai ricevuto &#8220;oboli&#8221;, anche perch\u00e9&nbsp;non li abbiamo mai chiesti, convinte che il volontariato culturale sia una scelta&nbsp;di vita che oggi per\u00f2 non pu\u00f2 pi\u00f9 essere portata avanti. Il cambio di normative del Terzo Settore e la pandemia ci hanno costrette a guardarci negli occhi, valutare e comprendere che non \u00e8 pi\u00f9 il nostro tempo ed arrivare alla drastica decisione di chiudere. Abbiamo restituito al proprietario l&#8217;Archivio Leandro e trovato casa a centinaia e centinaia di libri. Le Ali di Pandora non hanno mai avuto beni, nel corso degli anni abbiamo \u201cscollettato\u201d&nbsp;per pagare luce, assicurazione e negli ultimi anni l&#8217;affitto, che, anche se esiguo, per noi era &#8230;.&nbsp;<\/p>\n\n\n\n<p>Ringraziamo tutti i soci, gli amici, che\u00a0ci hanno\u00a0seguito e sostenuto; chi \u00e8 venuto a fare informazione, a presentare artisti e scrittori, a scrivere recensioni senza mai chiedere un centesimo; ringraziamo chi ha collaborato con noi nel corso di questi tredici anni, tutti gli artisti che si sono resi disponibili per le mostre, gli scrittori che ci hanno regalato\u00a0pagine straordinarie sia nell&#8217;Orto\u00a0dei Ricordi che in Fragilit\u00e0 e Leggerezza; ringraziamo tutti: \u00e8 stato bello, ma \u00e8 tempo di riportare i remi in barca e pensare che se un viaggio \u00e8 finito ci sono altre Isole\u00a0sconosciute da cercare, Saramago docet. Anche se Le Ali di Pandora chiuderanno questo percorso,\u00a0le socie fondatrici\u00a0\u00a0Ambra Biscuso, Daniela Cecere Solange Esposito, Rosalba Giannuzzi, Lucy Ghionna, Claudia Ingrosso,\u00a0rimarranno sempre un gruppo, pronte a cercare\u00a0altre rotte ed altri approdi. Domani \u00e8 un altro giorno.\u00a0Grazie.\u00a0\u00a0<\/p>\n\n\n\n<p>(fonte: comunicato stampa)<\/p>\n","protected":false},"excerpt":{"rendered":"<p>Con la mostra Alla ricerca di isole sconosciute di Daniela Cecere e Lucy Ghionna l&#8217;associazione guidata da Ambra Biscuso chiude<\/p>\n","protected":false},"author":1,"featured_media":11820,"comment_status":"open","ping_status":"open","sticky":true,"template":"","format":"standard","meta":[],"categories":[27,3,43],"tags":[4424,635,134],"yoast_head":"<!-- This site is optimized with the Yoast SEO plugin v18.0 - https:\/\/yoast.com\/wordpress\/plugins\/seo\/ -->\n<title>Ultimo evento per Le Ali di Pandora | Arte e Luoghi<\/title>\n<meta name=\"description\" content=\"Con la mostra di Daniela Cecere e Lucy Ghionna l&#039;associazione Le Ali di Pandora chiude i battenti tredici anni di attivit\u00e0 culturale\" \/>\n<meta name=\"robots\" content=\"index, follow, max-snippet:-1, max-image-preview:large, max-video-preview:-1\" \/>\n<link rel=\"canonical\" href=\"https:\/\/arteeluoghi.it\/index.php\/2022\/10\/19\/alla-ricerca-di-isole-sconosciute\/\" \/>\n<meta property=\"og:locale\" content=\"it_IT\" \/>\n<meta property=\"og:type\" content=\"article\" \/>\n<meta property=\"og:title\" content=\"Ultimo evento per Le Ali di Pandora | Arte e Luoghi\" \/>\n<meta property=\"og:description\" content=\"Con la mostra di Daniela Cecere e Lucy Ghionna l&#039;associazione Le Ali di Pandora chiude i battenti tredici anni di attivit\u00e0 culturale\" \/>\n<meta property=\"og:url\" content=\"https:\/\/arteeluoghi.it\/index.php\/2022\/10\/19\/alla-ricerca-di-isole-sconosciute\/\" \/>\n<meta property=\"og:site_name\" content=\"Arte e Luoghi\" \/>\n<meta property=\"article:publisher\" content=\"https:\/\/www.facebook.com\/ArteELuoghi\/\" \/>\n<meta property=\"article:published_time\" content=\"2022-10-19T17:39:48+00:00\" \/>\n<meta property=\"article:modified_time\" content=\"2022-10-19T17:41:00+00:00\" \/>\n<meta property=\"og:image\" content=\"https:\/\/arteeluoghi.it\/wp-content\/uploads\/2022\/10\/ricordi-lucy.jpg\" \/>\n\t<meta property=\"og:image:width\" content=\"1024\" \/>\n\t<meta property=\"og:image:height\" content=\"765\" \/>\n\t<meta property=\"og:image:type\" content=\"image\/jpeg\" \/>\n<meta name=\"twitter:card\" content=\"summary\" \/>\n<meta name=\"twitter:creator\" content=\"@arteeluoghi\" \/>\n<meta name=\"twitter:site\" content=\"@arteeluoghi\" \/>\n<meta name=\"twitter:label1\" content=\"Scritto da\" \/>\n\t<meta name=\"twitter:data1\" content=\"Staff\" \/>\n\t<meta name=\"twitter:label2\" content=\"Tempo di lettura stimato\" \/>\n\t<meta name=\"twitter:data2\" content=\"4 minuti\" \/>\n<script type=\"application\/ld+json\" class=\"yoast-schema-graph\">{\"@context\":\"https:\/\/schema.org\",\"@graph\":[{\"@type\":\"Organization\",\"@id\":\"https:\/\/arteeluoghi.it\/#organization\",\"name\":\"Arte e Luoghi\",\"url\":\"https:\/\/arteeluoghi.it\/\",\"sameAs\":[\"https:\/\/www.facebook.com\/ArteELuoghi\/\",\"https:\/\/www.instagram.com\/arteeluoghi\/?hl=it\",\"https:\/\/www.youtube.com\/channel\/UCuRVc4JW4-C5sg9rQB-srkw?view_as=subscriber\",\"https:\/\/twitter.com\/arteeluoghi\"],\"logo\":{\"@type\":\"ImageObject\",\"@id\":\"https:\/\/arteeluoghi.it\/#logo\",\"inLanguage\":\"it-IT\",\"url\":\"https:\/\/arteeluoghi.it\/wp-content\/uploads\/2018\/08\/logoinstagramarte.jpg\",\"contentUrl\":\"https:\/\/arteeluoghi.it\/wp-content\/uploads\/2018\/08\/logoinstagramarte.jpg\",\"width\":150,\"height\":150,\"caption\":\"Arte e Luoghi\"},\"image\":{\"@id\":\"https:\/\/arteeluoghi.it\/#logo\"}},{\"@type\":\"WebSite\",\"@id\":\"https:\/\/arteeluoghi.it\/#website\",\"url\":\"https:\/\/arteeluoghi.it\/\",\"name\":\"Arte e Luoghi\",\"description\":\"Mensile di arte, cultura, turismo e curiosit\u00e0\",\"publisher\":{\"@id\":\"https:\/\/arteeluoghi.it\/#organization\"},\"potentialAction\":[{\"@type\":\"SearchAction\",\"target\":{\"@type\":\"EntryPoint\",\"urlTemplate\":\"https:\/\/arteeluoghi.it\/?s={search_term_string}\"},\"query-input\":\"required name=search_term_string\"}],\"inLanguage\":\"it-IT\"},{\"@type\":\"ImageObject\",\"@id\":\"https:\/\/arteeluoghi.it\/index.php\/2022\/10\/19\/alla-ricerca-di-isole-sconosciute\/#primaryimage\",\"inLanguage\":\"it-IT\",\"url\":\"https:\/\/arteeluoghi.it\/wp-content\/uploads\/2022\/10\/ricordi-lucy.jpg\",\"contentUrl\":\"https:\/\/arteeluoghi.it\/wp-content\/uploads\/2022\/10\/ricordi-lucy.jpg\",\"width\":1024,\"height\":765},{\"@type\":\"WebPage\",\"@id\":\"https:\/\/arteeluoghi.it\/index.php\/2022\/10\/19\/alla-ricerca-di-isole-sconosciute\/#webpage\",\"url\":\"https:\/\/arteeluoghi.it\/index.php\/2022\/10\/19\/alla-ricerca-di-isole-sconosciute\/\",\"name\":\"Ultimo evento per Le Ali di Pandora | Arte e Luoghi\",\"isPartOf\":{\"@id\":\"https:\/\/arteeluoghi.it\/#website\"},\"primaryImageOfPage\":{\"@id\":\"https:\/\/arteeluoghi.it\/index.php\/2022\/10\/19\/alla-ricerca-di-isole-sconosciute\/#primaryimage\"},\"datePublished\":\"2022-10-19T17:39:48+00:00\",\"dateModified\":\"2022-10-19T17:41:00+00:00\",\"description\":\"Con la mostra di Daniela Cecere e Lucy Ghionna l'associazione Le Ali di Pandora chiude i battenti tredici anni di attivit\u00e0 culturale\",\"breadcrumb\":{\"@id\":\"https:\/\/arteeluoghi.it\/index.php\/2022\/10\/19\/alla-ricerca-di-isole-sconosciute\/#breadcrumb\"},\"inLanguage\":\"it-IT\",\"potentialAction\":[{\"@type\":\"ReadAction\",\"target\":[\"https:\/\/arteeluoghi.it\/index.php\/2022\/10\/19\/alla-ricerca-di-isole-sconosciute\/\"]}]},{\"@type\":\"BreadcrumbList\",\"@id\":\"https:\/\/arteeluoghi.it\/index.php\/2022\/10\/19\/alla-ricerca-di-isole-sconosciute\/#breadcrumb\",\"itemListElement\":[{\"@type\":\"ListItem\",\"position\":1,\"name\":\"Home\",\"item\":\"https:\/\/arteeluoghi.it\/\"},{\"@type\":\"ListItem\",\"position\":2,\"name\":\"Ultimo evento per Le Ali di Pandora\"}]},{\"@type\":\"Article\",\"@id\":\"https:\/\/arteeluoghi.it\/index.php\/2022\/10\/19\/alla-ricerca-di-isole-sconosciute\/#article\",\"isPartOf\":{\"@id\":\"https:\/\/arteeluoghi.it\/index.php\/2022\/10\/19\/alla-ricerca-di-isole-sconosciute\/#webpage\"},\"author\":{\"@id\":\"https:\/\/arteeluoghi.it\/#\/schema\/person\/f84e814e36e91e01448ee07eaadd41d4\"},\"headline\":\"Ultimo evento per Le Ali di Pandora\",\"datePublished\":\"2022-10-19T17:39:48+00:00\",\"dateModified\":\"2022-10-19T17:41:00+00:00\",\"mainEntityOfPage\":{\"@id\":\"https:\/\/arteeluoghi.it\/index.php\/2022\/10\/19\/alla-ricerca-di-isole-sconosciute\/#webpage\"},\"wordCount\":594,\"commentCount\":0,\"publisher\":{\"@id\":\"https:\/\/arteeluoghi.it\/#organization\"},\"image\":{\"@id\":\"https:\/\/arteeluoghi.it\/index.php\/2022\/10\/19\/alla-ricerca-di-isole-sconosciute\/#primaryimage\"},\"thumbnailUrl\":\"https:\/\/arteeluoghi.it\/wp-content\/uploads\/2022\/10\/ricordi-lucy.jpg\",\"keywords\":[\"associazione culturale\",\"Le Ali di Pandora\",\"Lecce\"],\"articleSection\":[\"Arte\",\"Arti visive\",\"Storie. L'uomo e il territorio\"],\"inLanguage\":\"it-IT\",\"potentialAction\":[{\"@type\":\"CommentAction\",\"name\":\"Comment\",\"target\":[\"https:\/\/arteeluoghi.it\/index.php\/2022\/10\/19\/alla-ricerca-di-isole-sconosciute\/#respond\"]}]},{\"@type\":\"Person\",\"@id\":\"https:\/\/arteeluoghi.it\/#\/schema\/person\/f84e814e36e91e01448ee07eaadd41d4\",\"name\":\"Staff\",\"image\":{\"@type\":\"ImageObject\",\"@id\":\"https:\/\/arteeluoghi.it\/#personlogo\",\"inLanguage\":\"it-IT\",\"url\":\"https:\/\/secure.gravatar.com\/avatar\/49d2f9e46271bb04e19cebfaf141313a?s=96&d=blank&r=g\",\"contentUrl\":\"https:\/\/secure.gravatar.com\/avatar\/49d2f9e46271bb04e19cebfaf141313a?s=96&d=blank&r=g\",\"caption\":\"Staff\"}}]}<\/script>\n<!-- \/ Yoast SEO plugin. -->","yoast_head_json":{"title":"Ultimo evento per Le Ali di Pandora | Arte e Luoghi","description":"Con la mostra di Daniela Cecere e Lucy Ghionna l'associazione Le Ali di Pandora chiude i battenti tredici anni di attivit\u00e0 culturale","robots":{"index":"index","follow":"follow","max-snippet":"max-snippet:-1","max-image-preview":"max-image-preview:large","max-video-preview":"max-video-preview:-1"},"canonical":"https:\/\/arteeluoghi.it\/index.php\/2022\/10\/19\/alla-ricerca-di-isole-sconosciute\/","og_locale":"it_IT","og_type":"article","og_title":"Ultimo evento per Le Ali di Pandora | Arte e Luoghi","og_description":"Con la mostra di Daniela Cecere e Lucy Ghionna l'associazione Le Ali di Pandora chiude i battenti tredici anni di attivit\u00e0 culturale","og_url":"https:\/\/arteeluoghi.it\/index.php\/2022\/10\/19\/alla-ricerca-di-isole-sconosciute\/","og_site_name":"Arte e Luoghi","article_publisher":"https:\/\/www.facebook.com\/ArteELuoghi\/","article_published_time":"2022-10-19T17:39:48+00:00","article_modified_time":"2022-10-19T17:41:00+00:00","og_image":[{"width":1024,"height":765,"url":"https:\/\/arteeluoghi.it\/wp-content\/uploads\/2022\/10\/ricordi-lucy.jpg","type":"image\/jpeg"}],"twitter_card":"summary","twitter_creator":"@arteeluoghi","twitter_site":"@arteeluoghi","twitter_misc":{"Scritto da":"Staff","Tempo di lettura stimato":"4 minuti"},"schema":{"@context":"https:\/\/schema.org","@graph":[{"@type":"Organization","@id":"https:\/\/arteeluoghi.it\/#organization","name":"Arte e Luoghi","url":"https:\/\/arteeluoghi.it\/","sameAs":["https:\/\/www.facebook.com\/ArteELuoghi\/","https:\/\/www.instagram.com\/arteeluoghi\/?hl=it","https:\/\/www.youtube.com\/channel\/UCuRVc4JW4-C5sg9rQB-srkw?view_as=subscriber","https:\/\/twitter.com\/arteeluoghi"],"logo":{"@type":"ImageObject","@id":"https:\/\/arteeluoghi.it\/#logo","inLanguage":"it-IT","url":"https:\/\/arteeluoghi.it\/wp-content\/uploads\/2018\/08\/logoinstagramarte.jpg","contentUrl":"https:\/\/arteeluoghi.it\/wp-content\/uploads\/2018\/08\/logoinstagramarte.jpg","width":150,"height":150,"caption":"Arte e Luoghi"},"image":{"@id":"https:\/\/arteeluoghi.it\/#logo"}},{"@type":"WebSite","@id":"https:\/\/arteeluoghi.it\/#website","url":"https:\/\/arteeluoghi.it\/","name":"Arte e Luoghi","description":"Mensile di arte, cultura, turismo e curiosit\u00e0","publisher":{"@id":"https:\/\/arteeluoghi.it\/#organization"},"potentialAction":[{"@type":"SearchAction","target":{"@type":"EntryPoint","urlTemplate":"https:\/\/arteeluoghi.it\/?s={search_term_string}"},"query-input":"required name=search_term_string"}],"inLanguage":"it-IT"},{"@type":"ImageObject","@id":"https:\/\/arteeluoghi.it\/index.php\/2022\/10\/19\/alla-ricerca-di-isole-sconosciute\/#primaryimage","inLanguage":"it-IT","url":"https:\/\/arteeluoghi.it\/wp-content\/uploads\/2022\/10\/ricordi-lucy.jpg","contentUrl":"https:\/\/arteeluoghi.it\/wp-content\/uploads\/2022\/10\/ricordi-lucy.jpg","width":1024,"height":765},{"@type":"WebPage","@id":"https:\/\/arteeluoghi.it\/index.php\/2022\/10\/19\/alla-ricerca-di-isole-sconosciute\/#webpage","url":"https:\/\/arteeluoghi.it\/index.php\/2022\/10\/19\/alla-ricerca-di-isole-sconosciute\/","name":"Ultimo evento per Le Ali di Pandora | Arte e Luoghi","isPartOf":{"@id":"https:\/\/arteeluoghi.it\/#website"},"primaryImageOfPage":{"@id":"https:\/\/arteeluoghi.it\/index.php\/2022\/10\/19\/alla-ricerca-di-isole-sconosciute\/#primaryimage"},"datePublished":"2022-10-19T17:39:48+00:00","dateModified":"2022-10-19T17:41:00+00:00","description":"Con la mostra di Daniela Cecere e Lucy Ghionna l'associazione Le Ali di Pandora chiude i battenti tredici anni di attivit\u00e0 culturale","breadcrumb":{"@id":"https:\/\/arteeluoghi.it\/index.php\/2022\/10\/19\/alla-ricerca-di-isole-sconosciute\/#breadcrumb"},"inLanguage":"it-IT","potentialAction":[{"@type":"ReadAction","target":["https:\/\/arteeluoghi.it\/index.php\/2022\/10\/19\/alla-ricerca-di-isole-sconosciute\/"]}]},{"@type":"BreadcrumbList","@id":"https:\/\/arteeluoghi.it\/index.php\/2022\/10\/19\/alla-ricerca-di-isole-sconosciute\/#breadcrumb","itemListElement":[{"@type":"ListItem","position":1,"name":"Home","item":"https:\/\/arteeluoghi.it\/"},{"@type":"ListItem","position":2,"name":"Ultimo evento per Le Ali di Pandora"}]},{"@type":"Article","@id":"https:\/\/arteeluoghi.it\/index.php\/2022\/10\/19\/alla-ricerca-di-isole-sconosciute\/#article","isPartOf":{"@id":"https:\/\/arteeluoghi.it\/index.php\/2022\/10\/19\/alla-ricerca-di-isole-sconosciute\/#webpage"},"author":{"@id":"https:\/\/arteeluoghi.it\/#\/schema\/person\/f84e814e36e91e01448ee07eaadd41d4"},"headline":"Ultimo evento per Le Ali di Pandora","datePublished":"2022-10-19T17:39:48+00:00","dateModified":"2022-10-19T17:41:00+00:00","mainEntityOfPage":{"@id":"https:\/\/arteeluoghi.it\/index.php\/2022\/10\/19\/alla-ricerca-di-isole-sconosciute\/#webpage"},"wordCount":594,"commentCount":0,"publisher":{"@id":"https:\/\/arteeluoghi.it\/#organization"},"image":{"@id":"https:\/\/arteeluoghi.it\/index.php\/2022\/10\/19\/alla-ricerca-di-isole-sconosciute\/#primaryimage"},"thumbnailUrl":"https:\/\/arteeluoghi.it\/wp-content\/uploads\/2022\/10\/ricordi-lucy.jpg","keywords":["associazione culturale","Le Ali di Pandora","Lecce"],"articleSection":["Arte","Arti visive","Storie. L'uomo e il territorio"],"inLanguage":"it-IT","potentialAction":[{"@type":"CommentAction","name":"Comment","target":["https:\/\/arteeluoghi.it\/index.php\/2022\/10\/19\/alla-ricerca-di-isole-sconosciute\/#respond"]}]},{"@type":"Person","@id":"https:\/\/arteeluoghi.it\/#\/schema\/person\/f84e814e36e91e01448ee07eaadd41d4","name":"Staff","image":{"@type":"ImageObject","@id":"https:\/\/arteeluoghi.it\/#personlogo","inLanguage":"it-IT","url":"https:\/\/secure.gravatar.com\/avatar\/49d2f9e46271bb04e19cebfaf141313a?s=96&d=blank&r=g","contentUrl":"https:\/\/secure.gravatar.com\/avatar\/49d2f9e46271bb04e19cebfaf141313a?s=96&d=blank&r=g","caption":"Staff"}}]}},"_links":{"self":[{"href":"https:\/\/arteeluoghi.it\/index.php\/wp-json\/wp\/v2\/posts\/11817"}],"collection":[{"href":"https:\/\/arteeluoghi.it\/index.php\/wp-json\/wp\/v2\/posts"}],"about":[{"href":"https:\/\/arteeluoghi.it\/index.php\/wp-json\/wp\/v2\/types\/post"}],"author":[{"embeddable":true,"href":"https:\/\/arteeluoghi.it\/index.php\/wp-json\/wp\/v2\/users\/1"}],"replies":[{"embeddable":true,"href":"https:\/\/arteeluoghi.it\/index.php\/wp-json\/wp\/v2\/comments?post=11817"}],"version-history":[{"count":2,"href":"https:\/\/arteeluoghi.it\/index.php\/wp-json\/wp\/v2\/posts\/11817\/revisions"}],"predecessor-version":[{"id":11823,"href":"https:\/\/arteeluoghi.it\/index.php\/wp-json\/wp\/v2\/posts\/11817\/revisions\/11823"}],"wp:featuredmedia":[{"embeddable":true,"href":"https:\/\/arteeluoghi.it\/index.php\/wp-json\/wp\/v2\/media\/11820"}],"wp:attachment":[{"href":"https:\/\/arteeluoghi.it\/index.php\/wp-json\/wp\/v2\/media?parent=11817"}],"wp:term":[{"taxonomy":"category","embeddable":true,"href":"https:\/\/arteeluoghi.it\/index.php\/wp-json\/wp\/v2\/categories?post=11817"},{"taxonomy":"post_tag","embeddable":true,"href":"https:\/\/arteeluoghi.it\/index.php\/wp-json\/wp\/v2\/tags?post=11817"}],"curies":[{"name":"wp","href":"https:\/\/api.w.org\/{rel}","templated":true}]}}