{"id":11824,"date":"2022-10-19T20:53:09","date_gmt":"2022-10-19T18:53:09","guid":{"rendered":"https:\/\/arteeluoghi.it\/?p=11824"},"modified":"2022-10-19T20:53:17","modified_gmt":"2022-10-19T18:53:17","slug":"istanza-etica-e-pluralismo-culturale-dei-dialetti","status":"publish","type":"post","link":"https:\/\/arteeluoghi.it\/index.php\/2022\/10\/19\/istanza-etica-e-pluralismo-culturale-dei-dialetti\/","title":{"rendered":"Istanza etica e pluralismo culturale dei dialetti"},"content":{"rendered":"\n<blockquote class=\"wp-block-quote\"><p>A Gallipoli, presso l&#8217;Ecoresort le Siren\u00e8, dal 20 al 24 ottobre 2022 si terr\u00e0 il 128\u00b0 convegno promosso dall&#8217;associazione nazionale poeti e scrittori dialettali<\/p><\/blockquote>\n\n\n\n<p>Not with a bang but with a wimper\u201d, \u201c Non con un botto, ma con un gemito\u201d. La previsione con cui B\u00e0rberi Squarotti\u00a0 paventava una fine certa per la poesia dialettale nella met\u00e0 del secolo scorso non non si \u00e8 compiuta\u00a0 per inattesa fioritura di testi poetici in dialetto dal Nord al Sud della nostra penisola in controtendenza all\u2019appiattimento dell\u2019italiano standard e all\u2019alienazione della comunicazione digitale. <\/p>\n\n\n\n<!--more-->\n\n\n\n<p>Oggi le lingue regionali non rappresentano, se non in casi sporadici,\u00a0 un rifugio nostalgico in un passato idilliaco,\u00a0 bens\u00ec assumono un ruolo\u00a0 fondamentale nell\u2019ambito\u00a0 del pensiero\u00a0 e del dibattito culturale contemporanei. Alla ricerca esistenziale dell\u2019uomo di oggi non sono in grado di dare un orientamento n\u00e9 l\u2019informatizzazione tecnologica, n\u00e9 l\u2019edonismo dilagante, n\u00e9 il inapensiero scientifico che registra i fenomeni, ma \u00e8 incapace di interpretarli e di evidenziare\u00a0 le connessioni profonde tra i molteplici ambiti della realt\u00e0.\u00a0\u00a0 Rinasce l\u2019interesse per una dimensione autentica del vivere e si rinnova la ricerca di un <em>Ursprung <\/em>, ovvero della forma originaria del nostro aprirci al mondo, che alcuni individuano nella <em>Ursprache, <\/em>linguaggio primigenio che si articola nella comunicazione prelogica dell\u2019arte e della poesia. Nel saggio del 1936 su\u00a0 <em>L\u2019origine dell\u2019opera d\u2019arte <\/em><a href=\"#_ftn1\">[1]<\/a> Martin Heidegger sostiene che l\u2019opera d\u2019arte \u00ab\u00e8 messa in opera della verit\u00e0\u00bb e fa s\u00ec che il mondo si costituisca in quanto tale in rapporto all\u2019Essere. Nel dischiudere una parola di senso per l\u2019uomo contemporaneo, l\u2019artista intesse un rapporto complesso, talvolta critico, con la societ\u00e0, con la <em>polis<\/em> di appartenenza, con l\u2019esperienza quotidiana intrisa di dolore e di speranza, ma che porta alla luce segnali a volte impercettibili di una trascendenza, di una tensione viva verso il superamento del disagio esistenziale.<\/p>\n\n\n\n<p>Il 128\u00b0 Convegno d\u2019autunno dell\u2019Associazione Nazionale Poeti e Scrittori Dialettali, che quest\u2019anno si terra nel cuore del Salento, a Gallipoli, dal 20 al 24 ottobre 2022 presso l\u2019 Ecoresort Le Siren\u00e8-Caroli Hotels- Strada Provinciale, 239, con la nutrita partecipazione di pi\u00f9 di cento poeti di tutte le regioni italiane, nonch\u00e9 di studiosi e artisti di chiara fama, offre al pubblico salentino non solo l\u2019occasione di ascoltare poesie e canzoni nei diversi idiomi che costituiscono il ricco mosaico linguistico della nostra nazione. Esso come accade fin dalle sue origini, grazie allo strenuo impegno dei soci e del Presidente dell\u2019ANPOSDI, Prof. Mimmo Staltari, propone anche&nbsp; riflessioni di carattere etico-sociale e linguistico-letterario sul ruolo dei dialetti nella civilt\u00e0 contemporanea.<\/p>\n\n\n\n<p>Pertanto ai recital dei poeti e all\u2019esecuzione di brani popolari si alterneranno i contributi &nbsp;di alcuni antropologi e critici letterari, tra cui il Prof. Francesco Bellino su \u201cDialetto e pluralismo culturale\u201d, la Prof. Lidia Caputo su \u201cLa lirica d\u2019amore nell\u2019Opera Poetica di Erminio Giulio Caputo, il Prof. Emilio Filieri su \u201cRranca la notte\u2026Erminio Giulio Caputo fra slancio mistico e visioni di poesia\u201d.<\/p>\n\n\n\n<p>&nbsp;&nbsp;&nbsp; Nelle liriche dialettali, come potremo apprezzare in occasione di questo significativo evento culturale, lo <em>spleen <\/em>esistenziale si coniuga con la trascendenza, anche quando non vi \u00e8 un esplicito riferimento ad una dimensione oltremondana. Ogni essere, ogni accadimento, ogni stato d\u2019animo, sono permeati da una tensione verso il senso primigenio e ultimo della realt\u00e0. Impercettibilmente i nostri poeti fanno trasparire in filigrana una&nbsp;dimensione sublime e inafferrabile, in cui finito e infinito, cielo e &nbsp;terra, tempo ed eternit\u00e0 si incontrano anche nella quotidianit\u00e0 dell\u2019esistenza.<\/p>\n\n\n\n<hr class=\"wp-block-separator\"\/>\n\n\n\n<p><a href=\"#_ftnref1\">[1]<\/a> M: Heidegger, <em>Sentieri interrotti, <\/em>a cura di P.Chiodi, Firenze, La Nuova Italia 1968, pp. 56 e 61.<\/p>\n\n\n\n<p>(fonte: comunicato stampa)<\/p>\n","protected":false},"excerpt":{"rendered":"<p>A Gallipoli, presso l&#8217;Ecoresort le Siren\u00e8, dal 20 al 24 ottobre 2022 si terr\u00e0 il 128\u00b0 convegno promosso dall&#8217;associazione nazionale<\/p>\n","protected":false},"author":1,"featured_media":11827,"comment_status":"open","ping_status":"open","sticky":true,"template":"","format":"standard","meta":[],"categories":[1],"tags":[4426,136],"yoast_head":"<!-- This site is optimized with the Yoast SEO plugin v18.0 - https:\/\/yoast.com\/wordpress\/plugins\/seo\/ -->\n<title>Istanza etica e pluralismo culturale dei dialetti | Arte e Luoghi % %<\/title>\n<meta name=\"description\" content=\"A Gallipoli, presso l&#039;Ecoresort le Siren\u00e8, si terr\u00e0 il 128\u00b0 convegno promosso dall&#039;associazione nazionale poeti e scrittori dialettali\" \/>\n<meta name=\"robots\" content=\"index, follow, max-snippet:-1, max-image-preview:large, max-video-preview:-1\" \/>\n<link rel=\"canonical\" href=\"https:\/\/arteeluoghi.it\/index.php\/2022\/10\/19\/istanza-etica-e-pluralismo-culturale-dei-dialetti\/\" \/>\n<meta property=\"og:locale\" content=\"it_IT\" \/>\n<meta property=\"og:type\" content=\"article\" \/>\n<meta property=\"og:title\" content=\"Istanza etica e pluralismo culturale dei dialetti | Arte e Luoghi % %\" \/>\n<meta property=\"og:description\" content=\"A Gallipoli, presso l&#039;Ecoresort le Siren\u00e8, si terr\u00e0 il 128\u00b0 convegno promosso dall&#039;associazione nazionale poeti e scrittori dialettali\" \/>\n<meta property=\"og:url\" content=\"https:\/\/arteeluoghi.it\/index.php\/2022\/10\/19\/istanza-etica-e-pluralismo-culturale-dei-dialetti\/\" \/>\n<meta property=\"og:site_name\" content=\"Arte e Luoghi\" \/>\n<meta property=\"article:publisher\" content=\"https:\/\/www.facebook.com\/ArteELuoghi\/\" \/>\n<meta property=\"article:published_time\" content=\"2022-10-19T18:53:09+00:00\" \/>\n<meta property=\"article:modified_time\" content=\"2022-10-19T18:53:17+00:00\" \/>\n<meta property=\"og:image\" content=\"https:\/\/arteeluoghi.it\/wp-content\/uploads\/2022\/10\/311692411_5706463199391938_7671653226266427317_n-1.jpg\" \/>\n\t<meta property=\"og:image:width\" content=\"1094\" \/>\n\t<meta property=\"og:image:height\" content=\"1542\" \/>\n\t<meta property=\"og:image:type\" content=\"image\/jpeg\" \/>\n<meta name=\"twitter:card\" content=\"summary\" \/>\n<meta name=\"twitter:creator\" content=\"@arteeluoghi\" \/>\n<meta name=\"twitter:site\" content=\"@arteeluoghi\" \/>\n<meta name=\"twitter:label1\" content=\"Scritto da\" \/>\n\t<meta name=\"twitter:data1\" content=\"Staff\" \/>\n\t<meta name=\"twitter:label2\" content=\"Tempo di lettura stimato\" \/>\n\t<meta name=\"twitter:data2\" content=\"4 minuti\" \/>\n<script type=\"application\/ld+json\" class=\"yoast-schema-graph\">{\"@context\":\"https:\/\/schema.org\",\"@graph\":[{\"@type\":\"Organization\",\"@id\":\"https:\/\/arteeluoghi.it\/#organization\",\"name\":\"Arte e Luoghi\",\"url\":\"https:\/\/arteeluoghi.it\/\",\"sameAs\":[\"https:\/\/www.facebook.com\/ArteELuoghi\/\",\"https:\/\/www.instagram.com\/arteeluoghi\/?hl=it\",\"https:\/\/www.youtube.com\/channel\/UCuRVc4JW4-C5sg9rQB-srkw?view_as=subscriber\",\"https:\/\/twitter.com\/arteeluoghi\"],\"logo\":{\"@type\":\"ImageObject\",\"@id\":\"https:\/\/arteeluoghi.it\/#logo\",\"inLanguage\":\"it-IT\",\"url\":\"https:\/\/arteeluoghi.it\/wp-content\/uploads\/2018\/08\/logoinstagramarte.jpg\",\"contentUrl\":\"https:\/\/arteeluoghi.it\/wp-content\/uploads\/2018\/08\/logoinstagramarte.jpg\",\"width\":150,\"height\":150,\"caption\":\"Arte e Luoghi\"},\"image\":{\"@id\":\"https:\/\/arteeluoghi.it\/#logo\"}},{\"@type\":\"WebSite\",\"@id\":\"https:\/\/arteeluoghi.it\/#website\",\"url\":\"https:\/\/arteeluoghi.it\/\",\"name\":\"Arte e Luoghi\",\"description\":\"Mensile di arte, cultura, turismo e curiosit\u00e0\",\"publisher\":{\"@id\":\"https:\/\/arteeluoghi.it\/#organization\"},\"potentialAction\":[{\"@type\":\"SearchAction\",\"target\":{\"@type\":\"EntryPoint\",\"urlTemplate\":\"https:\/\/arteeluoghi.it\/?s={search_term_string}\"},\"query-input\":\"required name=search_term_string\"}],\"inLanguage\":\"it-IT\"},{\"@type\":\"ImageObject\",\"@id\":\"https:\/\/arteeluoghi.it\/index.php\/2022\/10\/19\/istanza-etica-e-pluralismo-culturale-dei-dialetti\/#primaryimage\",\"inLanguage\":\"it-IT\",\"url\":\"https:\/\/arteeluoghi.it\/wp-content\/uploads\/2022\/10\/311692411_5706463199391938_7671653226266427317_n-1.jpg\",\"contentUrl\":\"https:\/\/arteeluoghi.it\/wp-content\/uploads\/2022\/10\/311692411_5706463199391938_7671653226266427317_n-1.jpg\",\"width\":1094,\"height\":1542},{\"@type\":\"WebPage\",\"@id\":\"https:\/\/arteeluoghi.it\/index.php\/2022\/10\/19\/istanza-etica-e-pluralismo-culturale-dei-dialetti\/#webpage\",\"url\":\"https:\/\/arteeluoghi.it\/index.php\/2022\/10\/19\/istanza-etica-e-pluralismo-culturale-dei-dialetti\/\",\"name\":\"Istanza etica e pluralismo culturale dei dialetti | Arte e Luoghi % %\",\"isPartOf\":{\"@id\":\"https:\/\/arteeluoghi.it\/#website\"},\"primaryImageOfPage\":{\"@id\":\"https:\/\/arteeluoghi.it\/index.php\/2022\/10\/19\/istanza-etica-e-pluralismo-culturale-dei-dialetti\/#primaryimage\"},\"datePublished\":\"2022-10-19T18:53:09+00:00\",\"dateModified\":\"2022-10-19T18:53:17+00:00\",\"description\":\"A Gallipoli, presso l'Ecoresort le Siren\u00e8, si terr\u00e0 il 128\u00b0 convegno promosso dall'associazione nazionale poeti e scrittori dialettali\",\"breadcrumb\":{\"@id\":\"https:\/\/arteeluoghi.it\/index.php\/2022\/10\/19\/istanza-etica-e-pluralismo-culturale-dei-dialetti\/#breadcrumb\"},\"inLanguage\":\"it-IT\",\"potentialAction\":[{\"@type\":\"ReadAction\",\"target\":[\"https:\/\/arteeluoghi.it\/index.php\/2022\/10\/19\/istanza-etica-e-pluralismo-culturale-dei-dialetti\/\"]}]},{\"@type\":\"BreadcrumbList\",\"@id\":\"https:\/\/arteeluoghi.it\/index.php\/2022\/10\/19\/istanza-etica-e-pluralismo-culturale-dei-dialetti\/#breadcrumb\",\"itemListElement\":[{\"@type\":\"ListItem\",\"position\":1,\"name\":\"Home\",\"item\":\"https:\/\/arteeluoghi.it\/\"},{\"@type\":\"ListItem\",\"position\":2,\"name\":\"Istanza etica e pluralismo culturale dei dialetti\"}]},{\"@type\":\"Article\",\"@id\":\"https:\/\/arteeluoghi.it\/index.php\/2022\/10\/19\/istanza-etica-e-pluralismo-culturale-dei-dialetti\/#article\",\"isPartOf\":{\"@id\":\"https:\/\/arteeluoghi.it\/index.php\/2022\/10\/19\/istanza-etica-e-pluralismo-culturale-dei-dialetti\/#webpage\"},\"author\":{\"@id\":\"https:\/\/arteeluoghi.it\/#\/schema\/person\/f84e814e36e91e01448ee07eaadd41d4\"},\"headline\":\"Istanza etica e pluralismo culturale dei dialetti\",\"datePublished\":\"2022-10-19T18:53:09+00:00\",\"dateModified\":\"2022-10-19T18:53:17+00:00\",\"mainEntityOfPage\":{\"@id\":\"https:\/\/arteeluoghi.it\/index.php\/2022\/10\/19\/istanza-etica-e-pluralismo-culturale-dei-dialetti\/#webpage\"},\"wordCount\":606,\"commentCount\":0,\"publisher\":{\"@id\":\"https:\/\/arteeluoghi.it\/#organization\"},\"image\":{\"@id\":\"https:\/\/arteeluoghi.it\/index.php\/2022\/10\/19\/istanza-etica-e-pluralismo-culturale-dei-dialetti\/#primaryimage\"},\"thumbnailUrl\":\"https:\/\/arteeluoghi.it\/wp-content\/uploads\/2022\/10\/311692411_5706463199391938_7671653226266427317_n-1.jpg\",\"keywords\":[\"associazione nazionale poeti e scrittori dialettali\",\"Gallipoli\"],\"inLanguage\":\"it-IT\",\"potentialAction\":[{\"@type\":\"CommentAction\",\"name\":\"Comment\",\"target\":[\"https:\/\/arteeluoghi.it\/index.php\/2022\/10\/19\/istanza-etica-e-pluralismo-culturale-dei-dialetti\/#respond\"]}]},{\"@type\":\"Person\",\"@id\":\"https:\/\/arteeluoghi.it\/#\/schema\/person\/f84e814e36e91e01448ee07eaadd41d4\",\"name\":\"Staff\",\"image\":{\"@type\":\"ImageObject\",\"@id\":\"https:\/\/arteeluoghi.it\/#personlogo\",\"inLanguage\":\"it-IT\",\"url\":\"https:\/\/secure.gravatar.com\/avatar\/49d2f9e46271bb04e19cebfaf141313a?s=96&d=blank&r=g\",\"contentUrl\":\"https:\/\/secure.gravatar.com\/avatar\/49d2f9e46271bb04e19cebfaf141313a?s=96&d=blank&r=g\",\"caption\":\"Staff\"}}]}<\/script>\n<!-- \/ Yoast SEO plugin. -->","yoast_head_json":{"title":"Istanza etica e pluralismo culturale dei dialetti | Arte e Luoghi % %","description":"A Gallipoli, presso l'Ecoresort le Siren\u00e8, si terr\u00e0 il 128\u00b0 convegno promosso dall'associazione nazionale poeti e scrittori dialettali","robots":{"index":"index","follow":"follow","max-snippet":"max-snippet:-1","max-image-preview":"max-image-preview:large","max-video-preview":"max-video-preview:-1"},"canonical":"https:\/\/arteeluoghi.it\/index.php\/2022\/10\/19\/istanza-etica-e-pluralismo-culturale-dei-dialetti\/","og_locale":"it_IT","og_type":"article","og_title":"Istanza etica e pluralismo culturale dei dialetti | Arte e Luoghi % %","og_description":"A Gallipoli, presso l'Ecoresort le Siren\u00e8, si terr\u00e0 il 128\u00b0 convegno promosso dall'associazione nazionale poeti e scrittori dialettali","og_url":"https:\/\/arteeluoghi.it\/index.php\/2022\/10\/19\/istanza-etica-e-pluralismo-culturale-dei-dialetti\/","og_site_name":"Arte e Luoghi","article_publisher":"https:\/\/www.facebook.com\/ArteELuoghi\/","article_published_time":"2022-10-19T18:53:09+00:00","article_modified_time":"2022-10-19T18:53:17+00:00","og_image":[{"width":1094,"height":1542,"url":"https:\/\/arteeluoghi.it\/wp-content\/uploads\/2022\/10\/311692411_5706463199391938_7671653226266427317_n-1.jpg","type":"image\/jpeg"}],"twitter_card":"summary","twitter_creator":"@arteeluoghi","twitter_site":"@arteeluoghi","twitter_misc":{"Scritto da":"Staff","Tempo di lettura stimato":"4 minuti"},"schema":{"@context":"https:\/\/schema.org","@graph":[{"@type":"Organization","@id":"https:\/\/arteeluoghi.it\/#organization","name":"Arte e Luoghi","url":"https:\/\/arteeluoghi.it\/","sameAs":["https:\/\/www.facebook.com\/ArteELuoghi\/","https:\/\/www.instagram.com\/arteeluoghi\/?hl=it","https:\/\/www.youtube.com\/channel\/UCuRVc4JW4-C5sg9rQB-srkw?view_as=subscriber","https:\/\/twitter.com\/arteeluoghi"],"logo":{"@type":"ImageObject","@id":"https:\/\/arteeluoghi.it\/#logo","inLanguage":"it-IT","url":"https:\/\/arteeluoghi.it\/wp-content\/uploads\/2018\/08\/logoinstagramarte.jpg","contentUrl":"https:\/\/arteeluoghi.it\/wp-content\/uploads\/2018\/08\/logoinstagramarte.jpg","width":150,"height":150,"caption":"Arte e Luoghi"},"image":{"@id":"https:\/\/arteeluoghi.it\/#logo"}},{"@type":"WebSite","@id":"https:\/\/arteeluoghi.it\/#website","url":"https:\/\/arteeluoghi.it\/","name":"Arte e Luoghi","description":"Mensile di arte, cultura, turismo e curiosit\u00e0","publisher":{"@id":"https:\/\/arteeluoghi.it\/#organization"},"potentialAction":[{"@type":"SearchAction","target":{"@type":"EntryPoint","urlTemplate":"https:\/\/arteeluoghi.it\/?s={search_term_string}"},"query-input":"required name=search_term_string"}],"inLanguage":"it-IT"},{"@type":"ImageObject","@id":"https:\/\/arteeluoghi.it\/index.php\/2022\/10\/19\/istanza-etica-e-pluralismo-culturale-dei-dialetti\/#primaryimage","inLanguage":"it-IT","url":"https:\/\/arteeluoghi.it\/wp-content\/uploads\/2022\/10\/311692411_5706463199391938_7671653226266427317_n-1.jpg","contentUrl":"https:\/\/arteeluoghi.it\/wp-content\/uploads\/2022\/10\/311692411_5706463199391938_7671653226266427317_n-1.jpg","width":1094,"height":1542},{"@type":"WebPage","@id":"https:\/\/arteeluoghi.it\/index.php\/2022\/10\/19\/istanza-etica-e-pluralismo-culturale-dei-dialetti\/#webpage","url":"https:\/\/arteeluoghi.it\/index.php\/2022\/10\/19\/istanza-etica-e-pluralismo-culturale-dei-dialetti\/","name":"Istanza etica e pluralismo culturale dei dialetti | Arte e Luoghi % %","isPartOf":{"@id":"https:\/\/arteeluoghi.it\/#website"},"primaryImageOfPage":{"@id":"https:\/\/arteeluoghi.it\/index.php\/2022\/10\/19\/istanza-etica-e-pluralismo-culturale-dei-dialetti\/#primaryimage"},"datePublished":"2022-10-19T18:53:09+00:00","dateModified":"2022-10-19T18:53:17+00:00","description":"A Gallipoli, presso l'Ecoresort le Siren\u00e8, si terr\u00e0 il 128\u00b0 convegno promosso dall'associazione nazionale poeti e scrittori dialettali","breadcrumb":{"@id":"https:\/\/arteeluoghi.it\/index.php\/2022\/10\/19\/istanza-etica-e-pluralismo-culturale-dei-dialetti\/#breadcrumb"},"inLanguage":"it-IT","potentialAction":[{"@type":"ReadAction","target":["https:\/\/arteeluoghi.it\/index.php\/2022\/10\/19\/istanza-etica-e-pluralismo-culturale-dei-dialetti\/"]}]},{"@type":"BreadcrumbList","@id":"https:\/\/arteeluoghi.it\/index.php\/2022\/10\/19\/istanza-etica-e-pluralismo-culturale-dei-dialetti\/#breadcrumb","itemListElement":[{"@type":"ListItem","position":1,"name":"Home","item":"https:\/\/arteeluoghi.it\/"},{"@type":"ListItem","position":2,"name":"Istanza etica e pluralismo culturale dei dialetti"}]},{"@type":"Article","@id":"https:\/\/arteeluoghi.it\/index.php\/2022\/10\/19\/istanza-etica-e-pluralismo-culturale-dei-dialetti\/#article","isPartOf":{"@id":"https:\/\/arteeluoghi.it\/index.php\/2022\/10\/19\/istanza-etica-e-pluralismo-culturale-dei-dialetti\/#webpage"},"author":{"@id":"https:\/\/arteeluoghi.it\/#\/schema\/person\/f84e814e36e91e01448ee07eaadd41d4"},"headline":"Istanza etica e pluralismo culturale dei dialetti","datePublished":"2022-10-19T18:53:09+00:00","dateModified":"2022-10-19T18:53:17+00:00","mainEntityOfPage":{"@id":"https:\/\/arteeluoghi.it\/index.php\/2022\/10\/19\/istanza-etica-e-pluralismo-culturale-dei-dialetti\/#webpage"},"wordCount":606,"commentCount":0,"publisher":{"@id":"https:\/\/arteeluoghi.it\/#organization"},"image":{"@id":"https:\/\/arteeluoghi.it\/index.php\/2022\/10\/19\/istanza-etica-e-pluralismo-culturale-dei-dialetti\/#primaryimage"},"thumbnailUrl":"https:\/\/arteeluoghi.it\/wp-content\/uploads\/2022\/10\/311692411_5706463199391938_7671653226266427317_n-1.jpg","keywords":["associazione nazionale poeti e scrittori dialettali","Gallipoli"],"inLanguage":"it-IT","potentialAction":[{"@type":"CommentAction","name":"Comment","target":["https:\/\/arteeluoghi.it\/index.php\/2022\/10\/19\/istanza-etica-e-pluralismo-culturale-dei-dialetti\/#respond"]}]},{"@type":"Person","@id":"https:\/\/arteeluoghi.it\/#\/schema\/person\/f84e814e36e91e01448ee07eaadd41d4","name":"Staff","image":{"@type":"ImageObject","@id":"https:\/\/arteeluoghi.it\/#personlogo","inLanguage":"it-IT","url":"https:\/\/secure.gravatar.com\/avatar\/49d2f9e46271bb04e19cebfaf141313a?s=96&d=blank&r=g","contentUrl":"https:\/\/secure.gravatar.com\/avatar\/49d2f9e46271bb04e19cebfaf141313a?s=96&d=blank&r=g","caption":"Staff"}}]}},"_links":{"self":[{"href":"https:\/\/arteeluoghi.it\/index.php\/wp-json\/wp\/v2\/posts\/11824"}],"collection":[{"href":"https:\/\/arteeluoghi.it\/index.php\/wp-json\/wp\/v2\/posts"}],"about":[{"href":"https:\/\/arteeluoghi.it\/index.php\/wp-json\/wp\/v2\/types\/post"}],"author":[{"embeddable":true,"href":"https:\/\/arteeluoghi.it\/index.php\/wp-json\/wp\/v2\/users\/1"}],"replies":[{"embeddable":true,"href":"https:\/\/arteeluoghi.it\/index.php\/wp-json\/wp\/v2\/comments?post=11824"}],"version-history":[{"count":1,"href":"https:\/\/arteeluoghi.it\/index.php\/wp-json\/wp\/v2\/posts\/11824\/revisions"}],"predecessor-version":[{"id":11829,"href":"https:\/\/arteeluoghi.it\/index.php\/wp-json\/wp\/v2\/posts\/11824\/revisions\/11829"}],"wp:featuredmedia":[{"embeddable":true,"href":"https:\/\/arteeluoghi.it\/index.php\/wp-json\/wp\/v2\/media\/11827"}],"wp:attachment":[{"href":"https:\/\/arteeluoghi.it\/index.php\/wp-json\/wp\/v2\/media?parent=11824"}],"wp:term":[{"taxonomy":"category","embeddable":true,"href":"https:\/\/arteeluoghi.it\/index.php\/wp-json\/wp\/v2\/categories?post=11824"},{"taxonomy":"post_tag","embeddable":true,"href":"https:\/\/arteeluoghi.it\/index.php\/wp-json\/wp\/v2\/tags?post=11824"}],"curies":[{"name":"wp","href":"https:\/\/api.w.org\/{rel}","templated":true}]}}